{"id":6151,"date":"2026-03-01T14:30:00","date_gmt":"2026-03-01T14:30:00","guid":{"rendered":"https:\/\/magistrae.com\/b17bdd81-3c10-4be7-8dff-ef44f897701a\/"},"modified":"2026-03-01T14:30:13","modified_gmt":"2026-03-01T14:30:13","slug":"b17bdd81-3c10-4be7-8dff-ef44f897701a","status":"publish","type":"post","link":"https:\/\/magistrae.com\/es\/b17bdd81-3c10-4be7-8dff-ef44f897701a\/","title":{"rendered":"Subgerente de Protecci\u00f3n de Activos: Equilibrio entre an\u00e1lisis y liderazgo"},"content":{"rendered":"<\/p>\n<\/p>\n<div style=\"background: #ffffff; border-radius: 12px; box-shadow: 0 10px 30px rgba(0, 0, 0, 0.1); width: 100%; max-width: 340px; padding: 25px; transition: transform 0.3s ease-in-out; overflow: visible; display: flex; flex-direction: column; position: relative; border: 1px solid #28a745; margin-top: 70px; margin-bottom: 50px; margin-left: auto; margin-right: auto;\">\n<div style=\"position: absolute; top: -35px; right: 15px; color: #28a745; padding: 5px 10px; border-radius: 6px; font-size: 14px; font-weight: bold; display: flex; align-items: center; z-index: 10;\">Recomendado para ti<\/div>\n<div data-namespace-header=\"\" style=\"\">\n<h3 data-namespace-title=\"\" style=\"color: #333; font-size: 20px; font-weight: bold; text-align: left; margin-right: 50px; min-height: 50px; margin-top: 0px;\">Subgerente de Protecci\u00f3n de Activos<\/h3>\n<\/p><\/div>\n<p data-namespace-prompt=\"\" style=\"font-size: 16px; color: #666; margin-bottom: 20px; line-height: 1.5; flex-grow: 1; text-align: left; margin-top: 0px;\">Lidera equipos, supervisa auditor\u00edas y analiza datos para minimizar p\u00e9rdidas. Se requiere licenciatura, conocimientos de Office y disposici\u00f3n para moverse.<\/p>\n<p>    <a data-namespace-url=\"\" href=\"https:\/\/magistrae.com\/es\/redirect\/?https:\/\/www.recruit.net\/job\/subgerente-de-proteccion-de-activos-jobs\/941C073AE27F21F0?utm_campaign=google_jobs_apply&#038;utm_source=google_jobs_apply&#038;utm_medium=organic\" style=\"width: 100%; display: inline-block; color: white; text-decoration: none; border-radius: 6px; font-size: 16px; font-weight: bold; text-align: center; transition: transform 0.3s ease, background 0.3s ease; margin-top: auto;\" data-namespace-id=\"5c0d2565-3ba9-4280-a382-ad2a691e2285\"><br \/>\n        <button style=\"width: 100%; height: 55px; background: #e9e9ed; border: 1px solid black; color: black;\">Postular al empleo<\/button><br \/>\n    <\/a><br \/>\n    <small style=\"margin-top: 10px; color: #777; font-size: 12px; text-align: center; display: block;\">Ser\u00e1s redirigido a otra p\u00e1gina<\/small>\n<\/div>\n<p>Esta oferta de Subgerente de Protecci\u00f3n de Activos llama la atenci\u00f3n por su estabilidad, jornada de tiempo completo y un entorno profesional con valores de respeto e inclusi\u00f3n.<\/p>\n<p>No se especifica el salario, pero la posici\u00f3n demanda al menos licenciatura en \u00e1reas relacionadas, experiencia de 1 a 2 a\u00f1os, y manejo fluido de Excel y an\u00e1lisis de datos.<\/p>\n<p>Se prioriza la transparencia, explicando que la selecci\u00f3n de candidatos se basa \u00fanicamente en aptitudes, sin discriminar por g\u00e9nero, edad o estado civil.<\/p>\n<h2>Responsabilidades del d\u00eda a d\u00eda<\/h2>\n<p>El Subgerente de Protecci\u00f3n de Activos lidera acciones para proteger recursos de la empresa y minimizar p\u00e9rdidas mediante auditor\u00edas e implementaci\u00f3n de estrategias.<\/p>\n<p>Coordina al equipo de protecci\u00f3n de activos y mantiene comunicaci\u00f3n contante con directivos, gerentes y l\u00edderes del \u00e1rea para asegurar el control de inventarios.<\/p>\n<p>Debe analizar datos e informaci\u00f3n relevantes que sirvan para intervenir procesos que representen riesgos de p\u00e9rdidas dentro de la compa\u00f1\u00eda.<\/p>\n<p>La supervisi\u00f3n del cumplimiento de estrategias y la mejora continua son responsabilidades constantes, exigiendo compromiso y una visi\u00f3n anal\u00edtica.<\/p>\n<p>La disposici\u00f3n para trasladarse o viajar es clave, ya que la supervisi\u00f3n puede involucrar varias unidades y auditor\u00edas en diferentes tiendas.<\/p>\n<h2>Ventajas de la posici\u00f3n<\/h2>\n<p>Una de las mayores ventajas es la cultura laboral de respeto y pertenencia, un atractivo fuerte para quienes buscan ambiente profesional saludable.<\/p>\n<p>La oportunidad de crecimiento profesional es evidente, ya que se valora la capacidad de an\u00e1lisis de datos y el liderazgo operativo en escenarios reales.<\/p>\n<h2>Posibles desventajas<\/h2>\n<p>Entre los retos, destaca el dinamismo de las responsabilidades y la necesidad de desplazarse, lo cual puede no ser ideal para todos los perfiles.<\/p>\n<p>El trabajo requiere vigilancia continua de procesos y manejo adecuado de conflictos, lo cual puede resultar demandante si no tienes experiencia previa similar.<\/p>\n<h2>Veredicto final<\/h2>\n<p>Si cuentas con formaci\u00f3n administrativa, habilidades anal\u00edticas y gusto por la coordinaci\u00f3n operativa, esta vacante ofrece una experiencia s\u00f3lida y valiosa.<\/p>\n<p>El enfoque inclusivo en la selecci\u00f3n, sumado a la posibilidad de desarrollarse profesionalmente y afianzar liderazgo, convierten esta oferta en una excelente opci\u00f3n.<\/p>\n<div style=\"background: #ffffff; border-radius: 12px; box-shadow: 0 10px 30px rgba(0, 0, 0, 0.1); width: 100%; max-width: 340px; padding: 25px; transition: transform 0.3s ease-in-out; overflow: visible; display: flex; flex-direction: column; position: relative; border: 1px solid #28a745; margin-top: 70px; margin-bottom: 50px; margin-left: auto; margin-right: auto;\">\n<div style=\"position: absolute; top: -35px; right: 15px; color: #28a745; padding: 5px 10px; border-radius: 6px; font-size: 14px; font-weight: bold; display: flex; align-items: center; z-index: 10;\">Recomendado para ti<\/div>\n<div data-namespace-header=\"\" style=\"\">\n<h3 data-namespace-title=\"\" style=\"color: #333; font-size: 20px; font-weight: bold; text-align: left; margin-right: 50px; min-height: 50px; margin-top: 0px;\">Subgerente de Protecci\u00f3n de Activos<\/h3>\n<\/p><\/div>\n<p data-namespace-prompt=\"\" style=\"font-size: 16px; color: #666; margin-bottom: 20px; line-height: 1.5; flex-grow: 1; text-align: left; margin-top: 0px;\">Lidera equipos, supervisa auditor\u00edas y analiza datos para minimizar p\u00e9rdidas. Se requiere licenciatura, conocimientos de Office y disposici\u00f3n para moverse.<\/p>\n<p>    <a data-namespace-url=\"\" href=\"https:\/\/magistrae.com\/es\/redirect\/?https:\/\/www.recruit.net\/job\/subgerente-de-proteccion-de-activos-jobs\/941C073AE27F21F0?utm_campaign=google_jobs_apply&#038;utm_source=google_jobs_apply&#038;utm_medium=organic\" style=\"width: 100%; display: inline-block; color: white; text-decoration: none; border-radius: 6px; font-size: 16px; font-weight: bold; text-align: center; transition: transform 0.3s ease, background 0.3s ease; margin-top: auto;\" data-namespace-id=\"5c0d2565-3ba9-4280-a382-ad2a691e2285\"><br \/>\n        <button style=\"width: 100%; height: 55px; background: #e9e9ed; border: 1px solid black; color: black;\">Postular al empleo<\/button><br \/>\n    <\/a><br \/>\n    <small style=\"margin-top: 10px; color: #777; font-size: 12px; text-align: center; display: block;\">Ser\u00e1s redirigido a otra p\u00e1gina<\/small>\n<\/div>","protected":false},"excerpt":{"rendered":"<p>Subgerente de Protecci\u00f3n de Activos, lidera equipos y auditor\u00edas con ambiente inclusivo y oportunidades de crecimiento. Convi\u00e9rtete en parte de un entorno profesional y estable. Solicita ya tu empleo.<\/p>","protected":false},"author":3,"featured_media":0,"comment_status":"open","ping_status":"open","sticky":false,"template":"","format":"standard","meta":{"_uag_custom_page_level_css":"","site-sidebar-layout":"default","site-content-layout":"","ast-site-content-layout":"","site-content-style":"default","site-sidebar-style":"default","ast-global-header-display":"","ast-banner-title-visibility":"","ast-main-header-display":"","ast-hfb-above-header-display":"","ast-hfb-below-header-display":"","ast-hfb-mobile-header-display":"","site-post-title":"","ast-breadcrumbs-content":"","ast-featured-img":"","footer-sml-layout":"","theme-transparent-header-meta":"","adv-header-id-meta":"","stick-header-meta":"","header-above-stick-meta":"","header-main-stick-meta":"","header-below-stick-meta":"","astra-migrate-meta-layouts":"default","ast-page-background-enabled":"default","ast-page-background-meta":{"desktop":{"background-color":"var(--ast-global-color-4)","background-image":"","background-repeat":"repeat","background-position":"center center","background-size":"auto","background-attachment":"scroll","background-type":"","background-media":"","overlay-type":"","overlay-color":"","overlay-opacity":"","overlay-gradient":""},"tablet":{"background-color":"","background-image":"","background-repeat":"repeat","background-position":"center center","background-size":"auto","background-attachment":"scroll","background-type":"","background-media":"","overlay-type":"","overlay-color":"","overlay-opacity":"","overlay-gradient":""},"mobile":{"background-color":"","background-image":"","background-repeat":"repeat","background-position":"center center","background-size":"auto","background-attachment":"scroll","background-type":"","background-media":"","overlay-type":"","overlay-color":"","overlay-opacity":"","overlay-gradient":""}},"ast-content-background-meta":{"desktop":{"background-color":"var(--ast-global-color-5)","background-image":"","background-repeat":"repeat","background-position":"center center","background-size":"auto","background-attachment":"scroll","background-type":"","background-media":"","overlay-type":"","overlay-color":"","overlay-opacity":"","overlay-gradient":""},"tablet":{"background-color":"var(--ast-global-color-5)","background-image":"","background-repeat":"repeat","background-position":"center center","background-size":"auto","background-attachment":"scroll","background-type":"","background-media":"","overlay-type":"","overlay-color":"","overlay-opacity":"","overlay-gradient":""},"mobile":{"background-color":"var(--ast-global-color-5)","background-image":"","background-repeat":"repeat","background-position":"center center","background-size":"auto","background-attachment":"scroll","background-type":"","background-media":"","overlay-type":"","overlay-color":"","overlay-opacity":"","overlay-gradient":""}},"footnotes":""},"categories":[14],"tags":[],"yoast_head":"<!-- This site is optimized with the Yoast SEO plugin v23.3 - https:\/\/yoast.com\/wordpress\/plugins\/seo\/ -->\n<title>Subgerente de Protecci\u00f3n de Activos: Equilibrio entre an\u00e1lisis y liderazgo - Magistrae<\/title>\n<meta name=\"robots\" content=\"index, follow, max-snippet:-1, max-image-preview:large, max-video-preview:-1\" \/>\n<link rel=\"canonical\" href=\"https:\/\/magistrae.com\/es\/b17bdd81-3c10-4be7-8dff-ef44f897701a\/\" \/>\n<meta property=\"og:locale\" content=\"es_ES\" \/>\n<meta property=\"og:type\" content=\"article\" \/>\n<meta property=\"og:title\" content=\"Subgerente de Protecci\u00f3n de Activos: Equilibrio entre an\u00e1lisis y liderazgo - Magistrae\" \/>\n<meta property=\"og:description\" content=\"Subgerente de Protecci\u00f3n de Activos, lidera equipos y auditor\u00edas con ambiente inclusivo y oportunidades de crecimiento. Convi\u00e9rtete en parte de un entorno profesional y estable. Solicita ya tu empleo.\" \/>\n<meta property=\"og:url\" content=\"https:\/\/magistrae.com\/es\/b17bdd81-3c10-4be7-8dff-ef44f897701a\/\" \/>\n<meta property=\"og:site_name\" content=\"Magistrae\" \/>\n<meta property=\"article:published_time\" content=\"2026-03-01T14:30:00+00:00\" \/>\n<meta property=\"article:modified_time\" content=\"2026-03-01T14:30:13+00:00\" \/>\n<meta name=\"author\" content=\"Bruno Gianni\" \/>\n<meta name=\"twitter:card\" content=\"summary_large_image\" \/>\n<meta name=\"twitter:label1\" content=\"Written by\" \/>\n\t<meta name=\"twitter:data1\" content=\"Bruno Gianni\" \/>\n\t<meta name=\"twitter:label2\" content=\"Est. reading time\" \/>\n\t<meta name=\"twitter:data2\" content=\"2 minutos\" \/>\n<script type=\"application\/ld+json\" class=\"yoast-schema-graph\">{\"@context\":\"https:\/\/schema.org\",\"@graph\":[{\"@type\":\"Article\",\"@id\":\"https:\/\/magistrae.com\/b17bdd81-3c10-4be7-8dff-ef44f897701a\/#article\",\"isPartOf\":{\"@id\":\"https:\/\/magistrae.com\/b17bdd81-3c10-4be7-8dff-ef44f897701a\/\"},\"author\":{\"name\":\"Bruno Gianni\",\"@id\":\"https:\/\/magistrae.com\/#\/schema\/person\/d52888235fd6563bd07d97185d6a61e4\"},\"headline\":\"Subgerente de Protecci\u00f3n de Activos: Equilibrio entre an\u00e1lisis y liderazgo\",\"datePublished\":\"2026-03-01T14:30:00+00:00\",\"dateModified\":\"2026-03-01T14:30:13+00:00\",\"mainEntityOfPage\":{\"@id\":\"https:\/\/magistrae.com\/b17bdd81-3c10-4be7-8dff-ef44f897701a\/\"},\"wordCount\":466,\"commentCount\":0,\"publisher\":{\"@id\":\"https:\/\/magistrae.com\/#organization\"},\"articleSection\":[\"Hidden\"],\"inLanguage\":\"es\",\"potentialAction\":[{\"@type\":\"CommentAction\",\"name\":\"Comment\",\"target\":[\"https:\/\/magistrae.com\/b17bdd81-3c10-4be7-8dff-ef44f897701a\/#respond\"]}]},{\"@type\":\"WebPage\",\"@id\":\"https:\/\/magistrae.com\/b17bdd81-3c10-4be7-8dff-ef44f897701a\/\",\"url\":\"https:\/\/magistrae.com\/b17bdd81-3c10-4be7-8dff-ef44f897701a\/\",\"name\":\"Subgerente de Protecci\u00f3n de Activos: Equilibrio entre an\u00e1lisis y liderazgo - Magistrae\",\"isPartOf\":{\"@id\":\"https:\/\/magistrae.com\/#website\"},\"datePublished\":\"2026-03-01T14:30:00+00:00\",\"dateModified\":\"2026-03-01T14:30:13+00:00\",\"breadcrumb\":{\"@id\":\"https:\/\/magistrae.com\/b17bdd81-3c10-4be7-8dff-ef44f897701a\/#breadcrumb\"},\"inLanguage\":\"es\",\"potentialAction\":[{\"@type\":\"ReadAction\",\"target\":[\"https:\/\/magistrae.com\/b17bdd81-3c10-4be7-8dff-ef44f897701a\/\"]}]},{\"@type\":\"BreadcrumbList\",\"@id\":\"https:\/\/magistrae.com\/b17bdd81-3c10-4be7-8dff-ef44f897701a\/#breadcrumb\",\"itemListElement\":[{\"@type\":\"ListItem\",\"position\":1,\"name\":\"Home\",\"item\":\"https:\/\/magistrae.com\/\"},{\"@type\":\"ListItem\",\"position\":2,\"name\":\"Subgerente de Protecci\u00f3n de Activos: Equilibrio entre an\u00e1lisis y liderazgo\"}]},{\"@type\":\"WebSite\",\"@id\":\"https:\/\/magistrae.com\/#website\",\"url\":\"https:\/\/magistrae.com\/\",\"name\":\"Magistrae\",\"description\":\"\",\"publisher\":{\"@id\":\"https:\/\/magistrae.com\/#organization\"},\"potentialAction\":[{\"@type\":\"SearchAction\",\"target\":{\"@type\":\"EntryPoint\",\"urlTemplate\":\"https:\/\/magistrae.com\/?s={search_term_string}\"},\"query-input\":\"required name=search_term_string\"}],\"inLanguage\":\"es\"},{\"@type\":\"Organization\",\"@id\":\"https:\/\/magistrae.com\/#organization\",\"name\":\"Magistrae\",\"url\":\"https:\/\/magistrae.com\/\",\"logo\":{\"@type\":\"ImageObject\",\"inLanguage\":\"es\",\"@id\":\"https:\/\/magistrae.com\/#\/schema\/logo\/image\/\",\"url\":\"https:\/\/magistrae.com\/wp-content\/uploads\/sites\/413\/2026\/03\/9_Magistrae.jpg\",\"contentUrl\":\"https:\/\/magistrae.com\/wp-content\/uploads\/sites\/413\/2026\/03\/9_Magistrae.jpg\",\"width\":2000,\"height\":2000,\"caption\":\"Magistrae\"},\"image\":{\"@id\":\"https:\/\/magistrae.com\/#\/schema\/logo\/image\/\"}},{\"@type\":\"Person\",\"@id\":\"https:\/\/magistrae.com\/#\/schema\/person\/d52888235fd6563bd07d97185d6a61e4\",\"name\":\"Bruno Gianni\",\"image\":{\"@type\":\"ImageObject\",\"inLanguage\":\"es\",\"@id\":\"https:\/\/magistrae.com\/#\/schema\/person\/image\/\",\"url\":\"https:\/\/secure.gravatar.com\/avatar\/0f5d42d7bf77874643c1478932860e3f?s=96&d=mm&r=g\",\"contentUrl\":\"https:\/\/secure.gravatar.com\/avatar\/0f5d42d7bf77874643c1478932860e3f?s=96&d=mm&r=g\",\"caption\":\"Bruno Gianni\"},\"description\":\"Bruno writes the way he lives, with curiosity, care, and respect for people. He likes to observe, listen, and try to understand what is happening on the other side before putting any words on the page.For him, writing is not about impressing, but about getting closer. It is about turning thoughts into something simple, clear, and real. Every text is an ongoing conversation, created with care and honesty, with the sincere intention of touching someone, somewhere along the way.\",\"url\":\"https:\/\/magistrae.com\/es\/author\/bcgianni\/\"}]}<\/script>\n<!-- \/ Yoast SEO plugin. -->","yoast_head_json":{"title":"Subgerente de Protecci\u00f3n de Activos: Equilibrio entre an\u00e1lisis y liderazgo - Magistrae","robots":{"index":"index","follow":"follow","max-snippet":"max-snippet:-1","max-image-preview":"max-image-preview:large","max-video-preview":"max-video-preview:-1"},"canonical":"https:\/\/magistrae.com\/es\/b17bdd81-3c10-4be7-8dff-ef44f897701a\/","og_locale":"es_ES","og_type":"article","og_title":"Subgerente de Protecci\u00f3n de Activos: Equilibrio entre an\u00e1lisis y liderazgo - Magistrae","og_description":"Subgerente de Protecci\u00f3n de Activos, lidera equipos y auditor\u00edas con ambiente inclusivo y oportunidades de crecimiento. Convi\u00e9rtete en parte de un entorno profesional y estable. Solicita ya tu empleo.","og_url":"https:\/\/magistrae.com\/es\/b17bdd81-3c10-4be7-8dff-ef44f897701a\/","og_site_name":"Magistrae","article_published_time":"2026-03-01T14:30:00+00:00","article_modified_time":"2026-03-01T14:30:13+00:00","author":"Bruno Gianni","twitter_card":"summary_large_image","twitter_misc":{"Written by":"Bruno Gianni","Est. reading time":"2 minutos"},"schema":{"@context":"https:\/\/schema.org","@graph":[{"@type":"Article","@id":"https:\/\/magistrae.com\/b17bdd81-3c10-4be7-8dff-ef44f897701a\/#article","isPartOf":{"@id":"https:\/\/magistrae.com\/b17bdd81-3c10-4be7-8dff-ef44f897701a\/"},"author":{"name":"Bruno Gianni","@id":"https:\/\/magistrae.com\/#\/schema\/person\/d52888235fd6563bd07d97185d6a61e4"},"headline":"Subgerente de Protecci\u00f3n de Activos: Equilibrio entre an\u00e1lisis y liderazgo","datePublished":"2026-03-01T14:30:00+00:00","dateModified":"2026-03-01T14:30:13+00:00","mainEntityOfPage":{"@id":"https:\/\/magistrae.com\/b17bdd81-3c10-4be7-8dff-ef44f897701a\/"},"wordCount":466,"commentCount":0,"publisher":{"@id":"https:\/\/magistrae.com\/#organization"},"articleSection":["Hidden"],"inLanguage":"es","potentialAction":[{"@type":"CommentAction","name":"Comment","target":["https:\/\/magistrae.com\/b17bdd81-3c10-4be7-8dff-ef44f897701a\/#respond"]}]},{"@type":"WebPage","@id":"https:\/\/magistrae.com\/b17bdd81-3c10-4be7-8dff-ef44f897701a\/","url":"https:\/\/magistrae.com\/b17bdd81-3c10-4be7-8dff-ef44f897701a\/","name":"Subgerente de Protecci\u00f3n de Activos: Equilibrio entre an\u00e1lisis y liderazgo - Magistrae","isPartOf":{"@id":"https:\/\/magistrae.com\/#website"},"datePublished":"2026-03-01T14:30:00+00:00","dateModified":"2026-03-01T14:30:13+00:00","breadcrumb":{"@id":"https:\/\/magistrae.com\/b17bdd81-3c10-4be7-8dff-ef44f897701a\/#breadcrumb"},"inLanguage":"es","potentialAction":[{"@type":"ReadAction","target":["https:\/\/magistrae.com\/b17bdd81-3c10-4be7-8dff-ef44f897701a\/"]}]},{"@type":"BreadcrumbList","@id":"https:\/\/magistrae.com\/b17bdd81-3c10-4be7-8dff-ef44f897701a\/#breadcrumb","itemListElement":[{"@type":"ListItem","position":1,"name":"Home","item":"https:\/\/magistrae.com\/"},{"@type":"ListItem","position":2,"name":"Subgerente de Protecci\u00f3n de Activos: Equilibrio entre an\u00e1lisis y liderazgo"}]},{"@type":"WebSite","@id":"https:\/\/magistrae.com\/#website","url":"https:\/\/magistrae.com\/","name":"Magistrae","description":"","publisher":{"@id":"https:\/\/magistrae.com\/#organization"},"potentialAction":[{"@type":"SearchAction","target":{"@type":"EntryPoint","urlTemplate":"https:\/\/magistrae.com\/?s={search_term_string}"},"query-input":"required name=search_term_string"}],"inLanguage":"es"},{"@type":"Organization","@id":"https:\/\/magistrae.com\/#organization","name":"Magistrae","url":"https:\/\/magistrae.com\/","logo":{"@type":"ImageObject","inLanguage":"es","@id":"https:\/\/magistrae.com\/#\/schema\/logo\/image\/","url":"https:\/\/magistrae.com\/wp-content\/uploads\/sites\/413\/2026\/03\/9_Magistrae.jpg","contentUrl":"https:\/\/magistrae.com\/wp-content\/uploads\/sites\/413\/2026\/03\/9_Magistrae.jpg","width":2000,"height":2000,"caption":"Magistrae"},"image":{"@id":"https:\/\/magistrae.com\/#\/schema\/logo\/image\/"}},{"@type":"Person","@id":"https:\/\/magistrae.com\/#\/schema\/person\/d52888235fd6563bd07d97185d6a61e4","name":"Bruno Gianni","image":{"@type":"ImageObject","inLanguage":"es","@id":"https:\/\/magistrae.com\/#\/schema\/person\/image\/","url":"https:\/\/secure.gravatar.com\/avatar\/0f5d42d7bf77874643c1478932860e3f?s=96&d=mm&r=g","contentUrl":"https:\/\/secure.gravatar.com\/avatar\/0f5d42d7bf77874643c1478932860e3f?s=96&d=mm&r=g","caption":"Bruno Gianni"},"description":"Bruno writes the way he lives, with curiosity, care, and respect for people. He likes to observe, listen, and try to understand what is happening on the other side before putting any words on the page.For him, writing is not about impressing, but about getting closer. It is about turning thoughts into something simple, clear, and real. Every text is an ongoing conversation, created with care and honesty, with the sincere intention of touching someone, somewhere along the way.","url":"https:\/\/magistrae.com\/es\/author\/bcgianni\/"}]}},"uagb_featured_image_src":{"full":false,"thumbnail":false,"medium":false,"medium_large":false,"large":false,"1536x1536":false,"2048x2048":false,"trp-custom-language-flag":false},"uagb_author_info":{"display_name":"Bruno Gianni","author_link":"https:\/\/magistrae.com\/es\/author\/bcgianni\/"},"uagb_comment_info":0,"uagb_excerpt":"Subgerente de Protecci\u00f3n de Activos, lidera equipos y auditor\u00edas con ambiente inclusivo y oportunidades de crecimiento. Convi\u00e9rtete en parte de un entorno profesional y estable. Solicita ya tu empleo.","_links":{"self":[{"href":"https:\/\/magistrae.com\/es\/wp-json\/wp\/v2\/posts\/6151"}],"collection":[{"href":"https:\/\/magistrae.com\/es\/wp-json\/wp\/v2\/posts"}],"about":[{"href":"https:\/\/magistrae.com\/es\/wp-json\/wp\/v2\/types\/post"}],"author":[{"embeddable":true,"href":"https:\/\/magistrae.com\/es\/wp-json\/wp\/v2\/users\/3"}],"replies":[{"embeddable":true,"href":"https:\/\/magistrae.com\/es\/wp-json\/wp\/v2\/comments?post=6151"}],"version-history":[{"count":1,"href":"https:\/\/magistrae.com\/es\/wp-json\/wp\/v2\/posts\/6151\/revisions"}],"predecessor-version":[{"id":6161,"href":"https:\/\/magistrae.com\/es\/wp-json\/wp\/v2\/posts\/6151\/revisions\/6161"}],"wp:attachment":[{"href":"https:\/\/magistrae.com\/es\/wp-json\/wp\/v2\/media?parent=6151"}],"wp:term":[{"taxonomy":"category","embeddable":true,"href":"https:\/\/magistrae.com\/es\/wp-json\/wp\/v2\/categories?post=6151"},{"taxonomy":"post_tag","embeddable":true,"href":"https:\/\/magistrae.com\/es\/wp-json\/wp\/v2\/tags?post=6151"}],"curies":[{"name":"wp","href":"https:\/\/api.w.org\/{rel}","templated":true}]}}