{"id":5514,"date":"2026-02-26T11:26:00","date_gmt":"2026-02-26T11:26:00","guid":{"rendered":"https:\/\/magistrae.com\/49553eff-3dfc-40ed-a202-8086ff590280\/"},"modified":"2026-02-26T11:26:41","modified_gmt":"2026-02-26T11:26:41","slug":"49553eff-3dfc-40ed-a202-8086ff590280","status":"publish","type":"post","link":"https:\/\/magistrae.com\/es\/49553eff-3dfc-40ed-a202-8086ff590280\/","title":{"rendered":"Auxiliar Administrativo Protecci\u00f3n de Activos: Beneficios y Desaf\u00edos de la Vacante"},"content":{"rendered":"<\/p>\n<\/p>\n<div style=\"background: #ffffff; border-radius: 12px; box-shadow: 0 10px 30px rgba(0, 0, 0, 0.1); width: 100%; max-width: 340px; padding: 25px; transition: transform 0.3s ease-in-out; overflow: visible; display: flex; flex-direction: column; position: relative; border: 1px solid #28a745; margin-top: 70px; margin-bottom: 50px; margin-left: auto; margin-right: auto;\">\n<div style=\"position: absolute; top: -35px; right: 15px; color: #28a745; padding: 5px 10px; border-radius: 6px; font-size: 14px; font-weight: bold; display: flex; align-items: center; z-index: 10;\">Recomendado para ti<\/div>\n<div data-namespace-header=\"\" style=\"\">\n<h3 data-namespace-title=\"\" style=\"color: #333; font-size: 20px; font-weight: bold; text-align: left; margin-right: 50px; min-height: 50px; margin-top: 0px;\">Auxiliar Administrativo Protecci\u00f3n de Activos<\/h3>\n<\/p><\/div>\n<p data-namespace-prompt=\"\" style=\"font-size: 16px; color: #666; margin-bottom: 20px; line-height: 1.5; flex-grow: 1; text-align: left; margin-top: 0px;\">Organiza y valida procesos de log\u00edstica y distribuci\u00f3n. Ofrece estabilidad salarial, prestaciones superiores y ambiente colaborativo. Oportunidad de crecimiento profesional.<\/p>\n<p>    <a data-namespace-url=\"\" href=\"https:\/\/magistrae.com\/es\/redirect\/?https:\/\/www.occ.com.mx\/empleo\/oferta\/20934099-auxiliar-administrativo-proteccion-de-activos\/?utm_campaign=google_jobs_apply&#038;utm_source=google_jobs_apply&#038;utm_medium=organic\" style=\"width: 100%; display: inline-block; color: white; text-decoration: none; border-radius: 6px; font-size: 16px; font-weight: bold; text-align: center; transition: transform 0.3s ease, background 0.3s ease; margin-top: auto;\" data-namespace-id=\"5c0d2565-3ba9-4280-a382-ad2a691e2285\"><br \/>\n        <button style=\"width: 100%; height: 55px; background: #e9e9ed; border: 1px solid black; color: black;\">Postular a empleo<\/button><br \/>\n    <\/a><br \/>\n    <small style=\"margin-top: 10px; color: #777; font-size: 12px; text-align: center; display: block;\">Ser\u00e1s redirigido a otro sitio<\/small>\n<\/div>\n<p><!-- Introducci\u00f3n de la oferta --><br \/>\nEsta vacante de Auxiliar Administrativo Protecci\u00f3n de Activos est\u00e1 orientada a quienes buscan estabilidad, prestaciones superiores y oportunidad de desarrollo profesional. El salario ofertado se encuentra entre los $13,000 y $13,500 pesos al mes bajo esquema de tiempo completo y pagos semanales.<\/p>\n<p>Ofrece un entorno de trabajo colaborativo, beneficios como seguro de vida, vales, caja y fondo de ahorro, membres\u00eda en club y otros incentivos para crear una experiencia laboral atractiva para sus empleados desde el primer d\u00eda.<\/p>\n<p>El puesto requiere bachillerato concluido, experiencia af\u00edn y disposici\u00f3n para trabajar en diferentes turnos, incluyendo fines de semana, bajo presi\u00f3n y realizando actividades f\u00edsicas en exteriores.<\/p>\n<h2>Responsabilidades Principales del Puesto<\/h2>\n<p>Como auxiliar administrativo en protecci\u00f3n de activos, tus tareas principales se centran en coordinar y validar operaciones de transporte y distribuci\u00f3n, asegurando la eficiencia y cumplimiento de los objetivos de la empresa.<\/p>\n<p>Tambi\u00e9n deber\u00e1s optimizar rutas y entregas, validar uso de equipo de protecci\u00f3n y pol\u00edticas de seguridad, mantener comunicaci\u00f3n con proveedores y clientes, y tomar decisiones r\u00e1pidas bajo presi\u00f3n.<\/p>\n<p>Tu d\u00eda a d\u00eda incluye actividades operativas al aire libre, apoyo en carga y descarga, trato directo con proveedores y participaci\u00f3n activa en la prevenci\u00f3n de p\u00e9rdidas.<\/p>\n<p>El manejo intermedio de Excel, as\u00ed como la habilidad para manejar diferentes turnos y escenarios de trabajo, son esenciales para desempe\u00f1arte con \u00e9xito en este rol.<\/p>\n<p>Estos retos requieren de compromiso, adaptabilidad y atenci\u00f3n al detalle para mantener el flujo eficiente de los procesos log\u00edsticos.<\/p>\n<h2>Ventajas y Beneficios del Puesto<\/h2>\n<p>Una de las principales ventajas de este empleo es la estabilidad laboral, al ofrecer todas las prestaciones de ley desde el primer d\u00eda m\u00e1s beneficios adicionales.<\/p>\n<p>Los pagos semanales y oportunidades reales de crecimiento profesional lo hacen muy atractivo para quienes buscan avanzar en el \u00e1mbito log\u00edstico-administrativo.<\/p>\n<p>El acceso a fondo y caja de ahorro, membres\u00edas y descuentos exclusivos representan un plus para quienes valoran los incentivos adicionales.<\/p>\n<p>Participar en un ambiente donde el trabajo en equipo es parte de la cultura organizacional te permitir\u00e1 desarrollarte y aprender constantemente de colegas experimentados.<\/p>\n<p>La posibilidad de pasar a n\u00f3mina, as\u00ed como recibir seguro de vida y otros incentivos, aporta tranquilidad financiera y estabilidad familiar.<\/p>\n<h2>Aspectos Negativos o Retos del Empleo<\/h2>\n<p>Entre los desaf\u00edos de esta posici\u00f3n est\u00e1 la necesidad de adaptarse a turnos variables, trabajar en d\u00edas festivos y enfrentar condiciones laborales exigentes al aire libre.<\/p>\n<p>El ritmo r\u00e1pido, la presi\u00f3n constante y el nivel de exigencia tanto f\u00edsica como mental pueden resultar retadores, especialmente para quienes buscan comodidad o trabajo exclusivamente en oficina.<\/p>\n<p>El trato directo con proveedores y clientes, as\u00ed como el manejo de situaciones de riesgo, implica gran responsabilidad y demanda un alto nivel de organizaci\u00f3n y atenci\u00f3n.<\/p>\n<p>No se recibe el correo directo del empleador, siguiendo protocolos de seguridad, lo que puede no agradar a quienes prefieren un contacto m\u00e1s directo.<\/p>\n<p>La actividad 100% operativa y en intemperie no es apta para todos los perfiles profesionales.<\/p>\n<h2>Veredicto Final<\/h2>\n<p>En conclusi\u00f3n, la vacante de Auxiliar Administrativo Protecci\u00f3n de Activos es ideal para quienes buscan estabilidad, beneficios superiores y desarrollo, entendiendo las exigencias f\u00edsicas y log\u00edsticas del puesto.<\/p>\n<p>Si cuentas con experiencia en log\u00edstica, valoras el crecimiento profesional y prefieres un entorno laboral con incentivos y buen ambiente, es una opci\u00f3n recomendable.<\/p>\n<p>Quienes buscan un empleo administrativo tradicional o exclusivamente en oficina, deber\u00edan valorar si est\u00e1n dispuestos a asumir las condiciones y retos descritos antes de postularse.<\/p>\n<p>Se trata de una buena oportunidad para aprender, desarrollarse y acceder a un esquema competitivo en prestaciones y evoluci\u00f3n de carrera, manteniendo en mente el esfuerzo requerido.<\/p>\n<\/p>\n<div style=\"background: #ffffff; border-radius: 12px; box-shadow: 0 10px 30px rgba(0, 0, 0, 0.1); width: 100%; max-width: 340px; padding: 25px; transition: transform 0.3s ease-in-out; overflow: visible; display: flex; flex-direction: column; position: relative; border: 1px solid #28a745; margin-top: 70px; margin-bottom: 50px; margin-left: auto; margin-right: auto;\">\n<div style=\"position: absolute; top: -35px; right: 15px; color: #28a745; padding: 5px 10px; border-radius: 6px; font-size: 14px; font-weight: bold; display: flex; align-items: center; z-index: 10;\">Recomendado para ti<\/div>\n<div data-namespace-header=\"\" style=\"\">\n<h3 data-namespace-title=\"\" style=\"color: #333; font-size: 20px; font-weight: bold; text-align: left; margin-right: 50px; min-height: 50px; margin-top: 0px;\">Auxiliar Administrativo Protecci\u00f3n de Activos<\/h3>\n<\/p><\/div>\n<p data-namespace-prompt=\"\" style=\"font-size: 16px; color: #666; margin-bottom: 20px; line-height: 1.5; flex-grow: 1; text-align: left; margin-top: 0px;\">Organiza y valida procesos de log\u00edstica y distribuci\u00f3n. Ofrece estabilidad salarial, prestaciones superiores y ambiente colaborativo. Oportunidad de crecimiento profesional.<\/p>\n<p>    <a data-namespace-url=\"\" href=\"https:\/\/magistrae.com\/es\/redirect\/?https:\/\/www.occ.com.mx\/empleo\/oferta\/20934099-auxiliar-administrativo-proteccion-de-activos\/?utm_campaign=google_jobs_apply&#038;utm_source=google_jobs_apply&#038;utm_medium=organic\" style=\"width: 100%; display: inline-block; color: white; text-decoration: none; border-radius: 6px; font-size: 16px; font-weight: bold; text-align: center; transition: transform 0.3s ease, background 0.3s ease; margin-top: auto;\" data-namespace-id=\"5c0d2565-3ba9-4280-a382-ad2a691e2285\"><br \/>\n        <button style=\"width: 100%; height: 55px; background: #e9e9ed; border: 1px solid black; color: black;\">Postular a empleo<\/button><br \/>\n    <\/a><br \/>\n    <small style=\"margin-top: 10px; color: #777; font-size: 12px; text-align: center; display: block;\">Ser\u00e1s redirigido a otro sitio<\/small>\n<\/div>","protected":false},"excerpt":{"rendered":"<p>Descubre los pros y contras de Auxiliar Administrativo Protecci\u00f3n de Activos. Conoce sueldo, funciones y beneficios para decidir si esta vacante es ideal para ti.<\/p>","protected":false},"author":3,"featured_media":0,"comment_status":"open","ping_status":"open","sticky":false,"template":"","format":"standard","meta":{"_uag_custom_page_level_css":"","site-sidebar-layout":"default","site-content-layout":"","ast-site-content-layout":"","site-content-style":"default","site-sidebar-style":"default","ast-global-header-display":"","ast-banner-title-visibility":"","ast-main-header-display":"","ast-hfb-above-header-display":"","ast-hfb-below-header-display":"","ast-hfb-mobile-header-display":"","site-post-title":"","ast-breadcrumbs-content":"","ast-featured-img":"","footer-sml-layout":"","theme-transparent-header-meta":"","adv-header-id-meta":"","stick-header-meta":"","header-above-stick-meta":"","header-main-stick-meta":"","header-below-stick-meta":"","astra-migrate-meta-layouts":"default","ast-page-background-enabled":"default","ast-page-background-meta":{"desktop":{"background-color":"var(--ast-global-color-4)","background-image":"","background-repeat":"repeat","background-position":"center center","background-size":"auto","background-attachment":"scroll","background-type":"","background-media":"","overlay-type":"","overlay-color":"","overlay-opacity":"","overlay-gradient":""},"tablet":{"background-color":"","background-image":"","background-repeat":"repeat","background-position":"center center","background-size":"auto","background-attachment":"scroll","background-type":"","background-media":"","overlay-type":"","overlay-color":"","overlay-opacity":"","overlay-gradient":""},"mobile":{"background-color":"","background-image":"","background-repeat":"repeat","background-position":"center center","background-size":"auto","background-attachment":"scroll","background-type":"","background-media":"","overlay-type":"","overlay-color":"","overlay-opacity":"","overlay-gradient":""}},"ast-content-background-meta":{"desktop":{"background-color":"var(--ast-global-color-5)","background-image":"","background-repeat":"repeat","background-position":"center center","background-size":"auto","background-attachment":"scroll","background-type":"","background-media":"","overlay-type":"","overlay-color":"","overlay-opacity":"","overlay-gradient":""},"tablet":{"background-color":"var(--ast-global-color-5)","background-image":"","background-repeat":"repeat","background-position":"center center","background-size":"auto","background-attachment":"scroll","background-type":"","background-media":"","overlay-type":"","overlay-color":"","overlay-opacity":"","overlay-gradient":""},"mobile":{"background-color":"var(--ast-global-color-5)","background-image":"","background-repeat":"repeat","background-position":"center center","background-size":"auto","background-attachment":"scroll","background-type":"","background-media":"","overlay-type":"","overlay-color":"","overlay-opacity":"","overlay-gradient":""}},"footnotes":""},"categories":[14],"tags":[],"yoast_head":"<!-- This site is optimized with the Yoast SEO plugin v23.3 - https:\/\/yoast.com\/wordpress\/plugins\/seo\/ -->\n<title>Auxiliar Administrativo Protecci\u00f3n de Activos: Beneficios y Desaf\u00edos de la Vacante - Magistrae<\/title>\n<meta name=\"robots\" content=\"index, follow, max-snippet:-1, max-image-preview:large, max-video-preview:-1\" \/>\n<link rel=\"canonical\" href=\"https:\/\/magistrae.com\/es\/49553eff-3dfc-40ed-a202-8086ff590280\/\" \/>\n<meta property=\"og:locale\" content=\"es_ES\" \/>\n<meta property=\"og:type\" content=\"article\" \/>\n<meta property=\"og:title\" content=\"Auxiliar Administrativo Protecci\u00f3n de Activos: Beneficios y Desaf\u00edos de la Vacante - Magistrae\" \/>\n<meta property=\"og:description\" content=\"Descubre los pros y contras de Auxiliar Administrativo Protecci\u00f3n de Activos. Conoce sueldo, funciones y beneficios para decidir si esta vacante es ideal para ti.\" \/>\n<meta property=\"og:url\" content=\"https:\/\/magistrae.com\/es\/49553eff-3dfc-40ed-a202-8086ff590280\/\" \/>\n<meta property=\"og:site_name\" content=\"Magistrae\" \/>\n<meta property=\"article:published_time\" content=\"2026-02-26T11:26:00+00:00\" \/>\n<meta property=\"article:modified_time\" content=\"2026-02-26T11:26:41+00:00\" \/>\n<meta name=\"author\" content=\"Bruno Gianni\" \/>\n<meta name=\"twitter:card\" content=\"summary_large_image\" \/>\n<meta name=\"twitter:label1\" content=\"Written by\" \/>\n\t<meta name=\"twitter:data1\" content=\"Bruno Gianni\" \/>\n\t<meta name=\"twitter:label2\" content=\"Est. reading time\" \/>\n\t<meta name=\"twitter:data2\" content=\"4 minutos\" \/>\n<script type=\"application\/ld+json\" class=\"yoast-schema-graph\">{\"@context\":\"https:\/\/schema.org\",\"@graph\":[{\"@type\":\"Article\",\"@id\":\"https:\/\/magistrae.com\/49553eff-3dfc-40ed-a202-8086ff590280\/#article\",\"isPartOf\":{\"@id\":\"https:\/\/magistrae.com\/49553eff-3dfc-40ed-a202-8086ff590280\/\"},\"author\":{\"name\":\"Bruno Gianni\",\"@id\":\"https:\/\/magistrae.com\/#\/schema\/person\/d52888235fd6563bd07d97185d6a61e4\"},\"headline\":\"Auxiliar Administrativo Protecci\u00f3n de Activos: Beneficios y Desaf\u00edos de la Vacante\",\"datePublished\":\"2026-02-26T11:26:00+00:00\",\"dateModified\":\"2026-02-26T11:26:41+00:00\",\"mainEntityOfPage\":{\"@id\":\"https:\/\/magistrae.com\/49553eff-3dfc-40ed-a202-8086ff590280\/\"},\"wordCount\":727,\"commentCount\":0,\"publisher\":{\"@id\":\"https:\/\/magistrae.com\/#organization\"},\"articleSection\":[\"Hidden\"],\"inLanguage\":\"es\",\"potentialAction\":[{\"@type\":\"CommentAction\",\"name\":\"Comment\",\"target\":[\"https:\/\/magistrae.com\/49553eff-3dfc-40ed-a202-8086ff590280\/#respond\"]}]},{\"@type\":\"WebPage\",\"@id\":\"https:\/\/magistrae.com\/49553eff-3dfc-40ed-a202-8086ff590280\/\",\"url\":\"https:\/\/magistrae.com\/49553eff-3dfc-40ed-a202-8086ff590280\/\",\"name\":\"Auxiliar Administrativo Protecci\u00f3n de Activos: Beneficios y Desaf\u00edos de la Vacante - Magistrae\",\"isPartOf\":{\"@id\":\"https:\/\/magistrae.com\/#website\"},\"datePublished\":\"2026-02-26T11:26:00+00:00\",\"dateModified\":\"2026-02-26T11:26:41+00:00\",\"breadcrumb\":{\"@id\":\"https:\/\/magistrae.com\/49553eff-3dfc-40ed-a202-8086ff590280\/#breadcrumb\"},\"inLanguage\":\"es\",\"potentialAction\":[{\"@type\":\"ReadAction\",\"target\":[\"https:\/\/magistrae.com\/49553eff-3dfc-40ed-a202-8086ff590280\/\"]}]},{\"@type\":\"BreadcrumbList\",\"@id\":\"https:\/\/magistrae.com\/49553eff-3dfc-40ed-a202-8086ff590280\/#breadcrumb\",\"itemListElement\":[{\"@type\":\"ListItem\",\"position\":1,\"name\":\"Home\",\"item\":\"https:\/\/magistrae.com\/\"},{\"@type\":\"ListItem\",\"position\":2,\"name\":\"Auxiliar Administrativo Protecci\u00f3n de Activos: Beneficios y Desaf\u00edos de la Vacante\"}]},{\"@type\":\"WebSite\",\"@id\":\"https:\/\/magistrae.com\/#website\",\"url\":\"https:\/\/magistrae.com\/\",\"name\":\"Magistrae\",\"description\":\"\",\"publisher\":{\"@id\":\"https:\/\/magistrae.com\/#organization\"},\"potentialAction\":[{\"@type\":\"SearchAction\",\"target\":{\"@type\":\"EntryPoint\",\"urlTemplate\":\"https:\/\/magistrae.com\/?s={search_term_string}\"},\"query-input\":\"required name=search_term_string\"}],\"inLanguage\":\"es\"},{\"@type\":\"Organization\",\"@id\":\"https:\/\/magistrae.com\/#organization\",\"name\":\"Magistrae\",\"url\":\"https:\/\/magistrae.com\/\",\"logo\":{\"@type\":\"ImageObject\",\"inLanguage\":\"es\",\"@id\":\"https:\/\/magistrae.com\/#\/schema\/logo\/image\/\",\"url\":\"https:\/\/magistrae.com\/wp-content\/uploads\/sites\/413\/2026\/03\/9_Magistrae.jpg\",\"contentUrl\":\"https:\/\/magistrae.com\/wp-content\/uploads\/sites\/413\/2026\/03\/9_Magistrae.jpg\",\"width\":2000,\"height\":2000,\"caption\":\"Magistrae\"},\"image\":{\"@id\":\"https:\/\/magistrae.com\/#\/schema\/logo\/image\/\"}},{\"@type\":\"Person\",\"@id\":\"https:\/\/magistrae.com\/#\/schema\/person\/d52888235fd6563bd07d97185d6a61e4\",\"name\":\"Bruno Gianni\",\"image\":{\"@type\":\"ImageObject\",\"inLanguage\":\"es\",\"@id\":\"https:\/\/magistrae.com\/#\/schema\/person\/image\/\",\"url\":\"https:\/\/secure.gravatar.com\/avatar\/0f5d42d7bf77874643c1478932860e3f?s=96&d=mm&r=g\",\"contentUrl\":\"https:\/\/secure.gravatar.com\/avatar\/0f5d42d7bf77874643c1478932860e3f?s=96&d=mm&r=g\",\"caption\":\"Bruno Gianni\"},\"description\":\"Bruno writes the way he lives, with curiosity, care, and respect for people. He likes to observe, listen, and try to understand what is happening on the other side before putting any words on the page.For him, writing is not about impressing, but about getting closer. It is about turning thoughts into something simple, clear, and real. Every text is an ongoing conversation, created with care and honesty, with the sincere intention of touching someone, somewhere along the way.\",\"url\":\"https:\/\/magistrae.com\/es\/author\/bcgianni\/\"}]}<\/script>\n<!-- \/ Yoast SEO plugin. -->","yoast_head_json":{"title":"Auxiliar Administrativo Protecci\u00f3n de Activos: Beneficios y Desaf\u00edos de la Vacante - Magistrae","robots":{"index":"index","follow":"follow","max-snippet":"max-snippet:-1","max-image-preview":"max-image-preview:large","max-video-preview":"max-video-preview:-1"},"canonical":"https:\/\/magistrae.com\/es\/49553eff-3dfc-40ed-a202-8086ff590280\/","og_locale":"es_ES","og_type":"article","og_title":"Auxiliar Administrativo Protecci\u00f3n de Activos: Beneficios y Desaf\u00edos de la Vacante - Magistrae","og_description":"Descubre los pros y contras de Auxiliar Administrativo Protecci\u00f3n de Activos. Conoce sueldo, funciones y beneficios para decidir si esta vacante es ideal para ti.","og_url":"https:\/\/magistrae.com\/es\/49553eff-3dfc-40ed-a202-8086ff590280\/","og_site_name":"Magistrae","article_published_time":"2026-02-26T11:26:00+00:00","article_modified_time":"2026-02-26T11:26:41+00:00","author":"Bruno Gianni","twitter_card":"summary_large_image","twitter_misc":{"Written by":"Bruno Gianni","Est. reading time":"4 minutos"},"schema":{"@context":"https:\/\/schema.org","@graph":[{"@type":"Article","@id":"https:\/\/magistrae.com\/49553eff-3dfc-40ed-a202-8086ff590280\/#article","isPartOf":{"@id":"https:\/\/magistrae.com\/49553eff-3dfc-40ed-a202-8086ff590280\/"},"author":{"name":"Bruno Gianni","@id":"https:\/\/magistrae.com\/#\/schema\/person\/d52888235fd6563bd07d97185d6a61e4"},"headline":"Auxiliar Administrativo Protecci\u00f3n de Activos: Beneficios y Desaf\u00edos de la Vacante","datePublished":"2026-02-26T11:26:00+00:00","dateModified":"2026-02-26T11:26:41+00:00","mainEntityOfPage":{"@id":"https:\/\/magistrae.com\/49553eff-3dfc-40ed-a202-8086ff590280\/"},"wordCount":727,"commentCount":0,"publisher":{"@id":"https:\/\/magistrae.com\/#organization"},"articleSection":["Hidden"],"inLanguage":"es","potentialAction":[{"@type":"CommentAction","name":"Comment","target":["https:\/\/magistrae.com\/49553eff-3dfc-40ed-a202-8086ff590280\/#respond"]}]},{"@type":"WebPage","@id":"https:\/\/magistrae.com\/49553eff-3dfc-40ed-a202-8086ff590280\/","url":"https:\/\/magistrae.com\/49553eff-3dfc-40ed-a202-8086ff590280\/","name":"Auxiliar Administrativo Protecci\u00f3n de Activos: Beneficios y Desaf\u00edos de la Vacante - Magistrae","isPartOf":{"@id":"https:\/\/magistrae.com\/#website"},"datePublished":"2026-02-26T11:26:00+00:00","dateModified":"2026-02-26T11:26:41+00:00","breadcrumb":{"@id":"https:\/\/magistrae.com\/49553eff-3dfc-40ed-a202-8086ff590280\/#breadcrumb"},"inLanguage":"es","potentialAction":[{"@type":"ReadAction","target":["https:\/\/magistrae.com\/49553eff-3dfc-40ed-a202-8086ff590280\/"]}]},{"@type":"BreadcrumbList","@id":"https:\/\/magistrae.com\/49553eff-3dfc-40ed-a202-8086ff590280\/#breadcrumb","itemListElement":[{"@type":"ListItem","position":1,"name":"Home","item":"https:\/\/magistrae.com\/"},{"@type":"ListItem","position":2,"name":"Auxiliar Administrativo Protecci\u00f3n de Activos: Beneficios y Desaf\u00edos de la Vacante"}]},{"@type":"WebSite","@id":"https:\/\/magistrae.com\/#website","url":"https:\/\/magistrae.com\/","name":"Magistrae","description":"","publisher":{"@id":"https:\/\/magistrae.com\/#organization"},"potentialAction":[{"@type":"SearchAction","target":{"@type":"EntryPoint","urlTemplate":"https:\/\/magistrae.com\/?s={search_term_string}"},"query-input":"required name=search_term_string"}],"inLanguage":"es"},{"@type":"Organization","@id":"https:\/\/magistrae.com\/#organization","name":"Magistrae","url":"https:\/\/magistrae.com\/","logo":{"@type":"ImageObject","inLanguage":"es","@id":"https:\/\/magistrae.com\/#\/schema\/logo\/image\/","url":"https:\/\/magistrae.com\/wp-content\/uploads\/sites\/413\/2026\/03\/9_Magistrae.jpg","contentUrl":"https:\/\/magistrae.com\/wp-content\/uploads\/sites\/413\/2026\/03\/9_Magistrae.jpg","width":2000,"height":2000,"caption":"Magistrae"},"image":{"@id":"https:\/\/magistrae.com\/#\/schema\/logo\/image\/"}},{"@type":"Person","@id":"https:\/\/magistrae.com\/#\/schema\/person\/d52888235fd6563bd07d97185d6a61e4","name":"Bruno Gianni","image":{"@type":"ImageObject","inLanguage":"es","@id":"https:\/\/magistrae.com\/#\/schema\/person\/image\/","url":"https:\/\/secure.gravatar.com\/avatar\/0f5d42d7bf77874643c1478932860e3f?s=96&d=mm&r=g","contentUrl":"https:\/\/secure.gravatar.com\/avatar\/0f5d42d7bf77874643c1478932860e3f?s=96&d=mm&r=g","caption":"Bruno Gianni"},"description":"Bruno writes the way he lives, with curiosity, care, and respect for people. He likes to observe, listen, and try to understand what is happening on the other side before putting any words on the page.For him, writing is not about impressing, but about getting closer. It is about turning thoughts into something simple, clear, and real. Every text is an ongoing conversation, created with care and honesty, with the sincere intention of touching someone, somewhere along the way.","url":"https:\/\/magistrae.com\/es\/author\/bcgianni\/"}]}},"uagb_featured_image_src":{"full":false,"thumbnail":false,"medium":false,"medium_large":false,"large":false,"1536x1536":false,"2048x2048":false,"trp-custom-language-flag":false},"uagb_author_info":{"display_name":"Bruno Gianni","author_link":"https:\/\/magistrae.com\/es\/author\/bcgianni\/"},"uagb_comment_info":0,"uagb_excerpt":"Descubre los pros y contras de Auxiliar Administrativo Protecci\u00f3n de Activos. Conoce sueldo, funciones y beneficios para decidir si esta vacante es ideal para ti.","_links":{"self":[{"href":"https:\/\/magistrae.com\/es\/wp-json\/wp\/v2\/posts\/5514"}],"collection":[{"href":"https:\/\/magistrae.com\/es\/wp-json\/wp\/v2\/posts"}],"about":[{"href":"https:\/\/magistrae.com\/es\/wp-json\/wp\/v2\/types\/post"}],"author":[{"embeddable":true,"href":"https:\/\/magistrae.com\/es\/wp-json\/wp\/v2\/users\/3"}],"replies":[{"embeddable":true,"href":"https:\/\/magistrae.com\/es\/wp-json\/wp\/v2\/comments?post=5514"}],"version-history":[{"count":1,"href":"https:\/\/magistrae.com\/es\/wp-json\/wp\/v2\/posts\/5514\/revisions"}],"predecessor-version":[{"id":5527,"href":"https:\/\/magistrae.com\/es\/wp-json\/wp\/v2\/posts\/5514\/revisions\/5527"}],"wp:attachment":[{"href":"https:\/\/magistrae.com\/es\/wp-json\/wp\/v2\/media?parent=5514"}],"wp:term":[{"taxonomy":"category","embeddable":true,"href":"https:\/\/magistrae.com\/es\/wp-json\/wp\/v2\/categories?post=5514"},{"taxonomy":"post_tag","embeddable":true,"href":"https:\/\/magistrae.com\/es\/wp-json\/wp\/v2\/tags?post=5514"}],"curies":[{"name":"wp","href":"https:\/\/api.w.org\/{rel}","templated":true}]}}