{"id":5463,"date":"2026-02-26T09:45:00","date_gmt":"2026-02-26T09:45:00","guid":{"rendered":"https:\/\/magistrae.com\/0e9f2ec9-cb2b-44bf-b3dc-b7995ea50f2d\/"},"modified":"2026-02-26T09:45:53","modified_gmt":"2026-02-26T09:45:53","slug":"0e9f2ec9-cb2b-44bf-b3dc-b7995ea50f2d","status":"publish","type":"post","link":"https:\/\/magistrae.com\/es\/0e9f2ec9-cb2b-44bf-b3dc-b7995ea50f2d\/","title":{"rendered":"Auxiliar Administrativo: Salario Competitivo y Jornada de Lunes a Viernes"},"content":{"rendered":"<\/p>\n<\/p>\n<div style=\"background: #ffffff; border-radius: 12px; box-shadow: 0 10px 30px rgba(0, 0, 0, 0.1); width: 100%; max-width: 340px; padding: 25px; transition: transform 0.3s ease-in-out; overflow: visible; display: flex; flex-direction: column; position: relative; border: 1px solid #28a745; margin-top: 70px; margin-bottom: 50px; margin-left: auto; margin-right: auto;\">\n<div style=\"position: absolute; top: -35px; right: 15px; color: #28a745; padding: 5px 10px; border-radius: 6px; font-size: 14px; font-weight: bold; display: flex; align-items: center; z-index: 10;\">Recomendado para ti<\/div>\n<div data-namespace-header=\"\" style=\"\">\n<h3 data-namespace-title=\"\" style=\"color: #333; font-size: 20px; font-weight: bold; text-align: left; margin-right: 50px; min-height: 50px; margin-top: 0px;\">Auxiliar Administrativo<\/h3>\n<\/p><\/div>\n<p data-namespace-prompt=\"\" style=\"font-size: 16px; color: #666; margin-bottom: 20px; line-height: 1.5; flex-grow: 1; text-align: left; margin-top: 0px;\">Vacante ideal para quienes buscan estabilidad. Jornada de lunes a viernes, salario competitivo, trabajo en equipo y crecimiento profesional. Experiencia previa valorada.<\/p>\n<p>    <a data-namespace-url=\"\" href=\"https:\/\/magistrae.com\/es\/redirect\/?https:\/\/mx.jobrapido.com\/jobpreview\/5134463830616702976?utm_campaign=google_jobs_apply&#038;utm_source=google_jobs_apply&#038;utm_medium=organic\" style=\"width: 100%; display: inline-block; color: white; text-decoration: none; border-radius: 6px; font-size: 16px; font-weight: bold; text-align: center; transition: transform 0.3s ease, background 0.3s ease; margin-top: auto;\" data-namespace-id=\"5c0d2565-3ba9-4280-a382-ad2a691e2285\"><br \/>\n        <button style=\"width: 100%; height: 55px; background: #e9e9ed; border: 1px solid black; color: black;\">Postularse a empleo<\/button><br \/>\n    <\/a><br \/>\n    <small style=\"margin-top: 10px; color: #777; font-size: 12px; text-align: center; display: block;\">Ser\u00e1s redirigido a otro sitio web<\/small>\n<\/div>\n<h2>Responsabilidades diarias en Auxiliar Administrativo<\/h2>\n<p>Como Auxiliar Administrativo, tu d\u00eda se centra en organizar y gestionar documentos importantes para el \u00e1rea de administraci\u00f3n.<\/p>\n<p>Participar\u00e1s en la elaboraci\u00f3n de reportes, archivado y actualizaci\u00f3n de bases de datos administrativas.<\/p>\n<p>Tambi\u00e9n ser\u00e1s responsable de dar soporte al equipo, responder llamadas y canalizar informaci\u00f3n a las \u00e1reas correspondientes.<\/p>\n<p>Este puesto requiere precisi\u00f3n, atenci\u00f3n al detalle y habilidades de comunicaci\u00f3n con distintos departamentos.<\/p>\n<p>Adem\u00e1s, estar\u00e1s en contacto con clientes o proveedores para brindar apoyo en procesos log\u00edsticos y administrativos.<\/p>\n<h2>Ventajas de esta posici\u00f3n<\/h2>\n<p>El horario fijo de lunes a viernes permite disfrutar los fines de semana libres y mayor equilibrio entre vida laboral y personal.<\/p>\n<p>El sueldo competitivo, sumado a prestaciones de ley, hacen de este puesto una opci\u00f3n estable y atractiva.<\/p>\n<h2>Factores a considerar<\/h2>\n<p>Algunos d\u00edas pueden implicar carga administrativa intensa, requiriendo organizaci\u00f3n y rapidez en la ejecuci\u00f3n de tareas.<\/p>\n<p>El trabajo puede llegar a ser mon\u00f3tono si buscas variedad constante; sin embargo, te permitir\u00e1 desarrollar experiencia valiosa.<\/p>\n<h2>Veredicto final<\/h2>\n<p>Auxiliar Administrativo es ideal si buscas estabilidad, crecimiento laboral y un excelente clima de trabajo.<\/p>\n<p>Si eres ordenado, confiable y te interesa aprender en el \u00e1rea administrativa, esta vacante es para ti.<\/p>\n<div style=\"background: #ffffff; border-radius: 12px; box-shadow: 0 10px 30px rgba(0, 0, 0, 0.1); width: 100%; max-width: 340px; padding: 25px; transition: transform 0.3s ease-in-out; overflow: visible; display: flex; flex-direction: column; position: relative; border: 1px solid #28a745; margin-top: 70px; margin-bottom: 50px; margin-left: auto; margin-right: auto;\">\n<div style=\"position: absolute; top: -35px; right: 15px; color: #28a745; padding: 5px 10px; border-radius: 6px; font-size: 14px; font-weight: bold; display: flex; align-items: center; z-index: 10;\">Recomendado para ti<\/div>\n<div data-namespace-header=\"\" style=\"\">\n<h3 data-namespace-title=\"\" style=\"color: #333; font-size: 20px; font-weight: bold; text-align: left; margin-right: 50px; min-height: 50px; margin-top: 0px;\">Auxiliar Administrativo<\/h3>\n<\/p><\/div>\n<p data-namespace-prompt=\"\" style=\"font-size: 16px; color: #666; margin-bottom: 20px; line-height: 1.5; flex-grow: 1; text-align: left; margin-top: 0px;\">Vacante ideal para quienes buscan estabilidad. Jornada de lunes a viernes, salario competitivo, trabajo en equipo y crecimiento profesional. Experiencia previa valorada.<\/p>\n<p>    <a data-namespace-url=\"\" href=\"https:\/\/magistrae.com\/es\/redirect\/?https:\/\/mx.jobrapido.com\/jobpreview\/5134463830616702976?utm_campaign=google_jobs_apply&#038;utm_source=google_jobs_apply&#038;utm_medium=organic\" style=\"width: 100%; display: inline-block; color: white; text-decoration: none; border-radius: 6px; font-size: 16px; font-weight: bold; text-align: center; transition: transform 0.3s ease, background 0.3s ease; margin-top: auto;\" data-namespace-id=\"5c0d2565-3ba9-4280-a382-ad2a691e2285\"><br \/>\n        <button style=\"width: 100%; height: 55px; background: #e9e9ed; border: 1px solid black; color: black;\">Postularse a empleo<\/button><br \/>\n    <\/a><br \/>\n    <small style=\"margin-top: 10px; color: #777; font-size: 12px; text-align: center; display: block;\">Ser\u00e1s redirigido a otro sitio web<\/small>\n<\/div>","protected":false},"excerpt":{"rendered":"<p>La vacante de Auxiliar Administrativo destaca por su salario competitivo y jornada de lunes a viernes. Oportunidad \u00fanica para estabilidad y crecimiento en el \u00e1rea administrativa.<\/p>","protected":false},"author":3,"featured_media":0,"comment_status":"open","ping_status":"open","sticky":false,"template":"","format":"standard","meta":{"_uag_custom_page_level_css":"","site-sidebar-layout":"default","site-content-layout":"","ast-site-content-layout":"","site-content-style":"default","site-sidebar-style":"default","ast-global-header-display":"","ast-banner-title-visibility":"","ast-main-header-display":"","ast-hfb-above-header-display":"","ast-hfb-below-header-display":"","ast-hfb-mobile-header-display":"","site-post-title":"","ast-breadcrumbs-content":"","ast-featured-img":"","footer-sml-layout":"","theme-transparent-header-meta":"","adv-header-id-meta":"","stick-header-meta":"","header-above-stick-meta":"","header-main-stick-meta":"","header-below-stick-meta":"","astra-migrate-meta-layouts":"default","ast-page-background-enabled":"default","ast-page-background-meta":{"desktop":{"background-color":"var(--ast-global-color-4)","background-image":"","background-repeat":"repeat","background-position":"center center","background-size":"auto","background-attachment":"scroll","background-type":"","background-media":"","overlay-type":"","overlay-color":"","overlay-opacity":"","overlay-gradient":""},"tablet":{"background-color":"","background-image":"","background-repeat":"repeat","background-position":"center center","background-size":"auto","background-attachment":"scroll","background-type":"","background-media":"","overlay-type":"","overlay-color":"","overlay-opacity":"","overlay-gradient":""},"mobile":{"background-color":"","background-image":"","background-repeat":"repeat","background-position":"center center","background-size":"auto","background-attachment":"scroll","background-type":"","background-media":"","overlay-type":"","overlay-color":"","overlay-opacity":"","overlay-gradient":""}},"ast-content-background-meta":{"desktop":{"background-color":"var(--ast-global-color-5)","background-image":"","background-repeat":"repeat","background-position":"center center","background-size":"auto","background-attachment":"scroll","background-type":"","background-media":"","overlay-type":"","overlay-color":"","overlay-opacity":"","overlay-gradient":""},"tablet":{"background-color":"var(--ast-global-color-5)","background-image":"","background-repeat":"repeat","background-position":"center center","background-size":"auto","background-attachment":"scroll","background-type":"","background-media":"","overlay-type":"","overlay-color":"","overlay-opacity":"","overlay-gradient":""},"mobile":{"background-color":"var(--ast-global-color-5)","background-image":"","background-repeat":"repeat","background-position":"center center","background-size":"auto","background-attachment":"scroll","background-type":"","background-media":"","overlay-type":"","overlay-color":"","overlay-opacity":"","overlay-gradient":""}},"footnotes":""},"categories":[14],"tags":[],"yoast_head":"<!-- This site is optimized with the Yoast SEO plugin v23.3 - https:\/\/yoast.com\/wordpress\/plugins\/seo\/ -->\n<title>Auxiliar Administrativo: Salario Competitivo y Jornada de Lunes a Viernes - Magistrae<\/title>\n<meta name=\"robots\" content=\"index, follow, max-snippet:-1, max-image-preview:large, max-video-preview:-1\" \/>\n<link rel=\"canonical\" href=\"https:\/\/magistrae.com\/es\/0e9f2ec9-cb2b-44bf-b3dc-b7995ea50f2d\/\" \/>\n<meta property=\"og:locale\" content=\"es_ES\" \/>\n<meta property=\"og:type\" content=\"article\" \/>\n<meta property=\"og:title\" content=\"Auxiliar Administrativo: Salario Competitivo y Jornada de Lunes a Viernes - Magistrae\" \/>\n<meta property=\"og:description\" content=\"La vacante de Auxiliar Administrativo destaca por su salario competitivo y jornada de lunes a viernes. Oportunidad \u00fanica para estabilidad y crecimiento en el \u00e1rea administrativa.\" \/>\n<meta property=\"og:url\" content=\"https:\/\/magistrae.com\/es\/0e9f2ec9-cb2b-44bf-b3dc-b7995ea50f2d\/\" \/>\n<meta property=\"og:site_name\" content=\"Magistrae\" \/>\n<meta property=\"article:published_time\" content=\"2026-02-26T09:45:00+00:00\" \/>\n<meta property=\"article:modified_time\" content=\"2026-02-26T09:45:53+00:00\" \/>\n<meta name=\"author\" content=\"Bruno Gianni\" \/>\n<meta name=\"twitter:card\" content=\"summary_large_image\" \/>\n<meta name=\"twitter:label1\" content=\"Written by\" \/>\n\t<meta name=\"twitter:data1\" content=\"Bruno Gianni\" \/>\n\t<meta name=\"twitter:label2\" content=\"Est. reading time\" \/>\n\t<meta name=\"twitter:data2\" content=\"1 minuto\" \/>\n<script type=\"application\/ld+json\" class=\"yoast-schema-graph\">{\"@context\":\"https:\/\/schema.org\",\"@graph\":[{\"@type\":\"Article\",\"@id\":\"https:\/\/magistrae.com\/0e9f2ec9-cb2b-44bf-b3dc-b7995ea50f2d\/#article\",\"isPartOf\":{\"@id\":\"https:\/\/magistrae.com\/0e9f2ec9-cb2b-44bf-b3dc-b7995ea50f2d\/\"},\"author\":{\"name\":\"Bruno Gianni\",\"@id\":\"https:\/\/magistrae.com\/#\/schema\/person\/d52888235fd6563bd07d97185d6a61e4\"},\"headline\":\"Auxiliar Administrativo: Salario Competitivo y Jornada de Lunes a Viernes\",\"datePublished\":\"2026-02-26T09:45:00+00:00\",\"dateModified\":\"2026-02-26T09:45:53+00:00\",\"mainEntityOfPage\":{\"@id\":\"https:\/\/magistrae.com\/0e9f2ec9-cb2b-44bf-b3dc-b7995ea50f2d\/\"},\"wordCount\":302,\"commentCount\":0,\"publisher\":{\"@id\":\"https:\/\/magistrae.com\/#organization\"},\"articleSection\":[\"Hidden\"],\"inLanguage\":\"es\",\"potentialAction\":[{\"@type\":\"CommentAction\",\"name\":\"Comment\",\"target\":[\"https:\/\/magistrae.com\/0e9f2ec9-cb2b-44bf-b3dc-b7995ea50f2d\/#respond\"]}]},{\"@type\":\"WebPage\",\"@id\":\"https:\/\/magistrae.com\/0e9f2ec9-cb2b-44bf-b3dc-b7995ea50f2d\/\",\"url\":\"https:\/\/magistrae.com\/0e9f2ec9-cb2b-44bf-b3dc-b7995ea50f2d\/\",\"name\":\"Auxiliar Administrativo: Salario Competitivo y Jornada de Lunes a Viernes - Magistrae\",\"isPartOf\":{\"@id\":\"https:\/\/magistrae.com\/#website\"},\"datePublished\":\"2026-02-26T09:45:00+00:00\",\"dateModified\":\"2026-02-26T09:45:53+00:00\",\"breadcrumb\":{\"@id\":\"https:\/\/magistrae.com\/0e9f2ec9-cb2b-44bf-b3dc-b7995ea50f2d\/#breadcrumb\"},\"inLanguage\":\"es\",\"potentialAction\":[{\"@type\":\"ReadAction\",\"target\":[\"https:\/\/magistrae.com\/0e9f2ec9-cb2b-44bf-b3dc-b7995ea50f2d\/\"]}]},{\"@type\":\"BreadcrumbList\",\"@id\":\"https:\/\/magistrae.com\/0e9f2ec9-cb2b-44bf-b3dc-b7995ea50f2d\/#breadcrumb\",\"itemListElement\":[{\"@type\":\"ListItem\",\"position\":1,\"name\":\"Home\",\"item\":\"https:\/\/magistrae.com\/\"},{\"@type\":\"ListItem\",\"position\":2,\"name\":\"Auxiliar Administrativo: Salario Competitivo y Jornada de Lunes a Viernes\"}]},{\"@type\":\"WebSite\",\"@id\":\"https:\/\/magistrae.com\/#website\",\"url\":\"https:\/\/magistrae.com\/\",\"name\":\"Magistrae\",\"description\":\"\",\"publisher\":{\"@id\":\"https:\/\/magistrae.com\/#organization\"},\"potentialAction\":[{\"@type\":\"SearchAction\",\"target\":{\"@type\":\"EntryPoint\",\"urlTemplate\":\"https:\/\/magistrae.com\/?s={search_term_string}\"},\"query-input\":\"required name=search_term_string\"}],\"inLanguage\":\"es\"},{\"@type\":\"Organization\",\"@id\":\"https:\/\/magistrae.com\/#organization\",\"name\":\"Magistrae\",\"url\":\"https:\/\/magistrae.com\/\",\"logo\":{\"@type\":\"ImageObject\",\"inLanguage\":\"es\",\"@id\":\"https:\/\/magistrae.com\/#\/schema\/logo\/image\/\",\"url\":\"https:\/\/magistrae.com\/wp-content\/uploads\/sites\/413\/2026\/03\/9_Magistrae.jpg\",\"contentUrl\":\"https:\/\/magistrae.com\/wp-content\/uploads\/sites\/413\/2026\/03\/9_Magistrae.jpg\",\"width\":2000,\"height\":2000,\"caption\":\"Magistrae\"},\"image\":{\"@id\":\"https:\/\/magistrae.com\/#\/schema\/logo\/image\/\"}},{\"@type\":\"Person\",\"@id\":\"https:\/\/magistrae.com\/#\/schema\/person\/d52888235fd6563bd07d97185d6a61e4\",\"name\":\"Bruno Gianni\",\"image\":{\"@type\":\"ImageObject\",\"inLanguage\":\"es\",\"@id\":\"https:\/\/magistrae.com\/#\/schema\/person\/image\/\",\"url\":\"https:\/\/secure.gravatar.com\/avatar\/0f5d42d7bf77874643c1478932860e3f?s=96&d=mm&r=g\",\"contentUrl\":\"https:\/\/secure.gravatar.com\/avatar\/0f5d42d7bf77874643c1478932860e3f?s=96&d=mm&r=g\",\"caption\":\"Bruno Gianni\"},\"description\":\"Bruno writes the way he lives, with curiosity, care, and respect for people. He likes to observe, listen, and try to understand what is happening on the other side before putting any words on the page.For him, writing is not about impressing, but about getting closer. It is about turning thoughts into something simple, clear, and real. Every text is an ongoing conversation, created with care and honesty, with the sincere intention of touching someone, somewhere along the way.\",\"url\":\"https:\/\/magistrae.com\/es\/author\/bcgianni\/\"}]}<\/script>\n<!-- \/ Yoast SEO plugin. -->","yoast_head_json":{"title":"Auxiliar Administrativo: Salario Competitivo y Jornada de Lunes a Viernes - Magistrae","robots":{"index":"index","follow":"follow","max-snippet":"max-snippet:-1","max-image-preview":"max-image-preview:large","max-video-preview":"max-video-preview:-1"},"canonical":"https:\/\/magistrae.com\/es\/0e9f2ec9-cb2b-44bf-b3dc-b7995ea50f2d\/","og_locale":"es_ES","og_type":"article","og_title":"Auxiliar Administrativo: Salario Competitivo y Jornada de Lunes a Viernes - Magistrae","og_description":"La vacante de Auxiliar Administrativo destaca por su salario competitivo y jornada de lunes a viernes. Oportunidad \u00fanica para estabilidad y crecimiento en el \u00e1rea administrativa.","og_url":"https:\/\/magistrae.com\/es\/0e9f2ec9-cb2b-44bf-b3dc-b7995ea50f2d\/","og_site_name":"Magistrae","article_published_time":"2026-02-26T09:45:00+00:00","article_modified_time":"2026-02-26T09:45:53+00:00","author":"Bruno Gianni","twitter_card":"summary_large_image","twitter_misc":{"Written by":"Bruno Gianni","Est. reading time":"1 minuto"},"schema":{"@context":"https:\/\/schema.org","@graph":[{"@type":"Article","@id":"https:\/\/magistrae.com\/0e9f2ec9-cb2b-44bf-b3dc-b7995ea50f2d\/#article","isPartOf":{"@id":"https:\/\/magistrae.com\/0e9f2ec9-cb2b-44bf-b3dc-b7995ea50f2d\/"},"author":{"name":"Bruno Gianni","@id":"https:\/\/magistrae.com\/#\/schema\/person\/d52888235fd6563bd07d97185d6a61e4"},"headline":"Auxiliar Administrativo: Salario Competitivo y Jornada de Lunes a Viernes","datePublished":"2026-02-26T09:45:00+00:00","dateModified":"2026-02-26T09:45:53+00:00","mainEntityOfPage":{"@id":"https:\/\/magistrae.com\/0e9f2ec9-cb2b-44bf-b3dc-b7995ea50f2d\/"},"wordCount":302,"commentCount":0,"publisher":{"@id":"https:\/\/magistrae.com\/#organization"},"articleSection":["Hidden"],"inLanguage":"es","potentialAction":[{"@type":"CommentAction","name":"Comment","target":["https:\/\/magistrae.com\/0e9f2ec9-cb2b-44bf-b3dc-b7995ea50f2d\/#respond"]}]},{"@type":"WebPage","@id":"https:\/\/magistrae.com\/0e9f2ec9-cb2b-44bf-b3dc-b7995ea50f2d\/","url":"https:\/\/magistrae.com\/0e9f2ec9-cb2b-44bf-b3dc-b7995ea50f2d\/","name":"Auxiliar Administrativo: Salario Competitivo y Jornada de Lunes a Viernes - Magistrae","isPartOf":{"@id":"https:\/\/magistrae.com\/#website"},"datePublished":"2026-02-26T09:45:00+00:00","dateModified":"2026-02-26T09:45:53+00:00","breadcrumb":{"@id":"https:\/\/magistrae.com\/0e9f2ec9-cb2b-44bf-b3dc-b7995ea50f2d\/#breadcrumb"},"inLanguage":"es","potentialAction":[{"@type":"ReadAction","target":["https:\/\/magistrae.com\/0e9f2ec9-cb2b-44bf-b3dc-b7995ea50f2d\/"]}]},{"@type":"BreadcrumbList","@id":"https:\/\/magistrae.com\/0e9f2ec9-cb2b-44bf-b3dc-b7995ea50f2d\/#breadcrumb","itemListElement":[{"@type":"ListItem","position":1,"name":"Home","item":"https:\/\/magistrae.com\/"},{"@type":"ListItem","position":2,"name":"Auxiliar Administrativo: Salario Competitivo y Jornada de Lunes a Viernes"}]},{"@type":"WebSite","@id":"https:\/\/magistrae.com\/#website","url":"https:\/\/magistrae.com\/","name":"Magistrae","description":"","publisher":{"@id":"https:\/\/magistrae.com\/#organization"},"potentialAction":[{"@type":"SearchAction","target":{"@type":"EntryPoint","urlTemplate":"https:\/\/magistrae.com\/?s={search_term_string}"},"query-input":"required name=search_term_string"}],"inLanguage":"es"},{"@type":"Organization","@id":"https:\/\/magistrae.com\/#organization","name":"Magistrae","url":"https:\/\/magistrae.com\/","logo":{"@type":"ImageObject","inLanguage":"es","@id":"https:\/\/magistrae.com\/#\/schema\/logo\/image\/","url":"https:\/\/magistrae.com\/wp-content\/uploads\/sites\/413\/2026\/03\/9_Magistrae.jpg","contentUrl":"https:\/\/magistrae.com\/wp-content\/uploads\/sites\/413\/2026\/03\/9_Magistrae.jpg","width":2000,"height":2000,"caption":"Magistrae"},"image":{"@id":"https:\/\/magistrae.com\/#\/schema\/logo\/image\/"}},{"@type":"Person","@id":"https:\/\/magistrae.com\/#\/schema\/person\/d52888235fd6563bd07d97185d6a61e4","name":"Bruno Gianni","image":{"@type":"ImageObject","inLanguage":"es","@id":"https:\/\/magistrae.com\/#\/schema\/person\/image\/","url":"https:\/\/secure.gravatar.com\/avatar\/0f5d42d7bf77874643c1478932860e3f?s=96&d=mm&r=g","contentUrl":"https:\/\/secure.gravatar.com\/avatar\/0f5d42d7bf77874643c1478932860e3f?s=96&d=mm&r=g","caption":"Bruno Gianni"},"description":"Bruno writes the way he lives, with curiosity, care, and respect for people. He likes to observe, listen, and try to understand what is happening on the other side before putting any words on the page.For him, writing is not about impressing, but about getting closer. It is about turning thoughts into something simple, clear, and real. Every text is an ongoing conversation, created with care and honesty, with the sincere intention of touching someone, somewhere along the way.","url":"https:\/\/magistrae.com\/es\/author\/bcgianni\/"}]}},"uagb_featured_image_src":{"full":false,"thumbnail":false,"medium":false,"medium_large":false,"large":false,"1536x1536":false,"2048x2048":false,"trp-custom-language-flag":false},"uagb_author_info":{"display_name":"Bruno Gianni","author_link":"https:\/\/magistrae.com\/es\/author\/bcgianni\/"},"uagb_comment_info":0,"uagb_excerpt":"La vacante de Auxiliar Administrativo destaca por su salario competitivo y jornada de lunes a viernes. Oportunidad \u00fanica para estabilidad y crecimiento en el \u00e1rea administrativa.","_links":{"self":[{"href":"https:\/\/magistrae.com\/es\/wp-json\/wp\/v2\/posts\/5463"}],"collection":[{"href":"https:\/\/magistrae.com\/es\/wp-json\/wp\/v2\/posts"}],"about":[{"href":"https:\/\/magistrae.com\/es\/wp-json\/wp\/v2\/types\/post"}],"author":[{"embeddable":true,"href":"https:\/\/magistrae.com\/es\/wp-json\/wp\/v2\/users\/3"}],"replies":[{"embeddable":true,"href":"https:\/\/magistrae.com\/es\/wp-json\/wp\/v2\/comments?post=5463"}],"version-history":[{"count":1,"href":"https:\/\/magistrae.com\/es\/wp-json\/wp\/v2\/posts\/5463\/revisions"}],"predecessor-version":[{"id":5475,"href":"https:\/\/magistrae.com\/es\/wp-json\/wp\/v2\/posts\/5463\/revisions\/5475"}],"wp:attachment":[{"href":"https:\/\/magistrae.com\/es\/wp-json\/wp\/v2\/media?parent=5463"}],"wp:term":[{"taxonomy":"category","embeddable":true,"href":"https:\/\/magistrae.com\/es\/wp-json\/wp\/v2\/categories?post=5463"},{"taxonomy":"post_tag","embeddable":true,"href":"https:\/\/magistrae.com\/es\/wp-json\/wp\/v2\/tags?post=5463"}],"curies":[{"name":"wp","href":"https:\/\/api.w.org\/{rel}","templated":true}]}}