{"id":3970,"date":"2026-02-04T21:42:00","date_gmt":"2026-02-04T21:42:00","guid":{"rendered":"https:\/\/magistrae.com\/3202889b-df67-4eaa-b1ae-121b2fcc73c2\/"},"modified":"2026-02-04T21:42:22","modified_gmt":"2026-02-04T21:42:22","slug":"3202889b-df67-4eaa-b1ae-121b2fcc73c2","status":"publish","type":"post","link":"https:\/\/magistrae.com\/es\/3202889b-df67-4eaa-b1ae-121b2fcc73c2\/","title":{"rendered":"SECAP: Cursos para el desarrollo laboral en Ecuador \u2013 Variedad y f\u00e1cil inscripci\u00f3n"},"content":{"rendered":"<\/p>\n<\/p>\n<div style=\"background: #ffffff; border-radius: 12px; box-shadow: 0 10px 30px rgba(0, 0, 0, 0.1); width: 100%; max-width: 340px; padding: 25px; transition: transform 0.3s ease-in-out; overflow: visible; display: flex; flex-direction: column; position: relative; border: 1px solid #28a745; margin-top: 70px; margin-bottom: 50px; margin-left: auto; margin-right: auto;\">\n<div style=\"position: absolute; top: -35px; right: 15px; color: #28a745; padding: 5px 10px; border-radius: 6px; font-size: 14px; font-weight: bold; display: flex; align-items: center; z-index: 10;\">Recomendado para ti<\/div>\n<div data-namespace-header=\"\" style=\"\">\n<h3 data-namespace-title=\"\" style=\"color: #333; font-size: 20px; font-weight: bold; text-align: left; margin-right: 50px; min-height: 50px; margin-top: 0px;\">SECAP<\/h3>\n<\/p><\/div>\n<p data-namespace-prompt=\"\" style=\"font-size: 16px; color: #666; margin-bottom: 20px; line-height: 1.5; flex-grow: 1; text-align: left; margin-top: 0px;\">SECAP ofrece capacitaci\u00f3n laboral presencial y virtual en Ecuador para adultos y j\u00f3venes desde 15 a\u00f1os, con horarios flexibles y certificaci\u00f3n oficial.<\/p>\n<p>    <a data-namespace-url=\"\" href=\"https:\/\/magistrae.com\/es\/redirect\/?https:\/\/www.gob.ec\/secap\/tramites\/capacitacion-desarrollo-competencias-laborales-personas-naturales\" style=\"width: 100%; display: inline-block; color: white; text-decoration: none; border-radius: 6px; font-size: 16px; font-weight: bold; text-align: center; transition: transform 0.3s ease, background 0.3s ease; margin-top: auto;\" data-namespace-id=\"5c0d2565-3ba9-4280-a382-ad2a691e2285\"><br \/>\n        <button style=\"width: 100%; height: 55px; background: #e9e9ed; border: 1px solid black; color: black;\">Inscribirse ahora<\/button><br \/>\n    <\/a><br \/>\n    <small style=\"margin-top: 10px; color: #777; font-size: 12px; text-align: center; display: block;\">Ser\u00e1s redirigido a otro sitio web<\/small>\n<\/div>\n<p>SECAP, el Servicio Ecuatoriano de Capacitaci\u00f3n Profesional, es una plataforma nacional reconocida, con centros repartidos en todas las provincias. Ofrece una variedad de cursos enfocados a mejorar las habilidades laborales y potenciar el desarrollo profesional de ecuatorianos y extranjeros desde los 15 a\u00f1os, cubriendo distintas \u00e1reas del conocimiento.<\/p>\n<p>El proceso requiere registrarte previamente y presentar documentos como c\u00e9dula o pasaporte y comprobante de pago. Los cursos, tanto presenciales como virtuales, pueden variar en duraci\u00f3n seg\u00fan el \u00e1rea seleccionada, y el participante recibe un certificado oficial al concluir con \u00e9xito.<\/p>\n<h2>Paso a paso para inscribirse<\/h2>\n<p>Lo primero es ingresar al sitio web de SECAP y seleccionar \u201cInscripci\u00f3n en L\u00ednea\u201d. All\u00ed escoges \u201cPersona Natural\u201d y revisas la oferta de cursos disponibles.<\/p>\n<p>Despu\u00e9s, escoges el curso seg\u00fan tu inter\u00e9s y modalidad. Te registras si a\u00fan no tienes cuenta en el sistema, llenando tus datos personales y nivel de instrucci\u00f3n.<\/p>\n<p>Seleccionas el medio de pago (dep\u00f3sito, transferencia o tarjeta) y completas el formulario. Finalmente, accedes a la hoja de preinscripci\u00f3n con los datos y las instrucciones de pago.<\/p>\n<p>Realizas el pago y, una vez confirmado, quedas formalmente matriculado. El \u00faltimo paso es asistir a clases seg\u00fan el cronograma y recibir el certificado por correo tras aprobar.<\/p>\n<h2>Puntos fuertes de SECAP<\/h2>\n<p>SECAP llega a todo el pa\u00eds gracias a su red de centros en cada provincia, lo cual facilita el acceso a la capacitaci\u00f3n laboral para diferentes p\u00fablicos.<\/p>\n<p>La variedad de cursos, sumado a la flexibilidad de poder elegir entre modalidad presencial y virtual, da opciones para todo tipo de usuarios, incluso aquellos con requerimientos especiales.<\/p>\n<h2>Aspectos a considerar<\/h2>\n<p>Algunos tr\u00e1mites pueden implicar esperar la confirmaci\u00f3n de cupos, dependiendo de la demanda de ciertos cursos y de los calendarios acad\u00e9micos disponibles.<\/p>\n<p>Los costos pueden variar seg\u00fan el \u00e1rea y modalidad de formaci\u00f3n, por lo que conviene consultar previamente los valores y estar atentos a las fechas l\u00edmite de pago.<\/p>\n<h2>Mi veredicto<\/h2>\n<p>SECAP es una alternativa vers\u00e1til y confiable para quienes buscan fortalecer sus competencias laborales en Ecuador. Su plataforma simplifica el acceso y brinda respaldo oficial a los participantes.<\/p>\n<div style=\"background: #ffffff; border-radius: 12px; box-shadow: 0 10px 30px rgba(0, 0, 0, 0.1); width: 100%; max-width: 340px; padding: 25px; transition: transform 0.3s ease-in-out; overflow: visible; display: flex; flex-direction: column; position: relative; border: 1px solid #28a745; margin-top: 70px; margin-bottom: 50px; margin-left: auto; margin-right: auto;\">\n<div style=\"position: absolute; top: -35px; right: 15px; color: #28a745; padding: 5px 10px; border-radius: 6px; font-size: 14px; font-weight: bold; display: flex; align-items: center; z-index: 10;\">Recomendado para ti<\/div>\n<div data-namespace-header=\"\" style=\"\">\n<h3 data-namespace-title=\"\" style=\"color: #333; font-size: 20px; font-weight: bold; text-align: left; margin-right: 50px; min-height: 50px; margin-top: 0px;\">SECAP<\/h3>\n<\/p><\/div>\n<p data-namespace-prompt=\"\" style=\"font-size: 16px; color: #666; margin-bottom: 20px; line-height: 1.5; flex-grow: 1; text-align: left; margin-top: 0px;\">SECAP ofrece capacitaci\u00f3n laboral presencial y virtual en Ecuador para adultos y j\u00f3venes desde 15 a\u00f1os, con horarios flexibles y certificaci\u00f3n oficial.<\/p>\n<p>    <a data-namespace-url=\"\" href=\"https:\/\/magistrae.com\/es\/redirect\/?https:\/\/www.gob.ec\/secap\/tramites\/capacitacion-desarrollo-competencias-laborales-personas-naturales\" style=\"width: 100%; display: inline-block; color: white; text-decoration: none; border-radius: 6px; font-size: 16px; font-weight: bold; text-align: center; transition: transform 0.3s ease, background 0.3s ease; margin-top: auto;\" data-namespace-id=\"5c0d2565-3ba9-4280-a382-ad2a691e2285\"><br \/>\n        <button style=\"width: 100%; height: 55px; background: #e9e9ed; border: 1px solid black; color: black;\">Inscribirse ahora<\/button><br \/>\n    <\/a><br \/>\n    <small style=\"margin-top: 10px; color: #777; font-size: 12px; text-align: center; display: block;\">Ser\u00e1s redirigido a otro sitio web<\/small>\n<\/div>","protected":false},"excerpt":{"rendered":"<p>Conoce SECAP, la plataforma nacional que ofrece capacitaci\u00f3n laboral presencial y virtual en Ecuador. Cursos variados, horarios flexibles y certificaci\u00f3n oficial. \u00a1Mejora tu perfil profesional hoy!<\/p>","protected":false},"author":3,"featured_media":0,"comment_status":"open","ping_status":"open","sticky":false,"template":"","format":"standard","meta":{"_uag_custom_page_level_css":"","site-sidebar-layout":"default","site-content-layout":"","ast-site-content-layout":"","site-content-style":"default","site-sidebar-style":"default","ast-global-header-display":"","ast-banner-title-visibility":"","ast-main-header-display":"","ast-hfb-above-header-display":"","ast-hfb-below-header-display":"","ast-hfb-mobile-header-display":"","site-post-title":"","ast-breadcrumbs-content":"","ast-featured-img":"","footer-sml-layout":"","theme-transparent-header-meta":"","adv-header-id-meta":"","stick-header-meta":"","header-above-stick-meta":"","header-main-stick-meta":"","header-below-stick-meta":"","astra-migrate-meta-layouts":"default","ast-page-background-enabled":"default","ast-page-background-meta":{"desktop":{"background-color":"var(--ast-global-color-4)","background-image":"","background-repeat":"repeat","background-position":"center center","background-size":"auto","background-attachment":"scroll","background-type":"","background-media":"","overlay-type":"","overlay-color":"","overlay-opacity":"","overlay-gradient":""},"tablet":{"background-color":"","background-image":"","background-repeat":"repeat","background-position":"center center","background-size":"auto","background-attachment":"scroll","background-type":"","background-media":"","overlay-type":"","overlay-color":"","overlay-opacity":"","overlay-gradient":""},"mobile":{"background-color":"","background-image":"","background-repeat":"repeat","background-position":"center center","background-size":"auto","background-attachment":"scroll","background-type":"","background-media":"","overlay-type":"","overlay-color":"","overlay-opacity":"","overlay-gradient":""}},"ast-content-background-meta":{"desktop":{"background-color":"var(--ast-global-color-5)","background-image":"","background-repeat":"repeat","background-position":"center center","background-size":"auto","background-attachment":"scroll","background-type":"","background-media":"","overlay-type":"","overlay-color":"","overlay-opacity":"","overlay-gradient":""},"tablet":{"background-color":"var(--ast-global-color-5)","background-image":"","background-repeat":"repeat","background-position":"center center","background-size":"auto","background-attachment":"scroll","background-type":"","background-media":"","overlay-type":"","overlay-color":"","overlay-opacity":"","overlay-gradient":""},"mobile":{"background-color":"var(--ast-global-color-5)","background-image":"","background-repeat":"repeat","background-position":"center center","background-size":"auto","background-attachment":"scroll","background-type":"","background-media":"","overlay-type":"","overlay-color":"","overlay-opacity":"","overlay-gradient":""}},"footnotes":""},"categories":[14],"tags":[],"yoast_head":"<!-- This site is optimized with the Yoast SEO plugin v23.3 - https:\/\/yoast.com\/wordpress\/plugins\/seo\/ -->\n<title>SECAP: Cursos para el desarrollo laboral en Ecuador \u2013 Variedad y f\u00e1cil inscripci\u00f3n - Magistrae<\/title>\n<meta name=\"robots\" content=\"index, follow, max-snippet:-1, max-image-preview:large, max-video-preview:-1\" \/>\n<link rel=\"canonical\" href=\"https:\/\/magistrae.com\/es\/3202889b-df67-4eaa-b1ae-121b2fcc73c2\/\" \/>\n<meta property=\"og:locale\" content=\"es_ES\" \/>\n<meta property=\"og:type\" content=\"article\" \/>\n<meta property=\"og:title\" content=\"SECAP: Cursos para el desarrollo laboral en Ecuador \u2013 Variedad y f\u00e1cil inscripci\u00f3n - Magistrae\" \/>\n<meta property=\"og:description\" content=\"Conoce SECAP, la plataforma nacional que ofrece capacitaci\u00f3n laboral presencial y virtual en Ecuador. Cursos variados, horarios flexibles y certificaci\u00f3n oficial. \u00a1Mejora tu perfil profesional hoy!\" \/>\n<meta property=\"og:url\" content=\"https:\/\/magistrae.com\/es\/3202889b-df67-4eaa-b1ae-121b2fcc73c2\/\" \/>\n<meta property=\"og:site_name\" content=\"Magistrae\" \/>\n<meta property=\"article:published_time\" content=\"2026-02-04T21:42:00+00:00\" \/>\n<meta property=\"article:modified_time\" content=\"2026-02-04T21:42:22+00:00\" \/>\n<meta name=\"author\" content=\"Bruno Gianni\" \/>\n<meta name=\"twitter:card\" content=\"summary_large_image\" \/>\n<meta name=\"twitter:label1\" content=\"Written by\" \/>\n\t<meta name=\"twitter:data1\" content=\"Bruno Gianni\" \/>\n\t<meta name=\"twitter:label2\" content=\"Est. reading time\" \/>\n\t<meta name=\"twitter:data2\" content=\"2 minutos\" \/>\n<script type=\"application\/ld+json\" class=\"yoast-schema-graph\">{\"@context\":\"https:\/\/schema.org\",\"@graph\":[{\"@type\":\"Article\",\"@id\":\"https:\/\/magistrae.com\/3202889b-df67-4eaa-b1ae-121b2fcc73c2\/#article\",\"isPartOf\":{\"@id\":\"https:\/\/magistrae.com\/3202889b-df67-4eaa-b1ae-121b2fcc73c2\/\"},\"author\":{\"name\":\"Bruno Gianni\",\"@id\":\"https:\/\/magistrae.com\/#\/schema\/person\/d52888235fd6563bd07d97185d6a61e4\"},\"headline\":\"SECAP: Cursos para el desarrollo laboral en Ecuador \u2013 Variedad y f\u00e1cil inscripci\u00f3n\",\"datePublished\":\"2026-02-04T21:42:00+00:00\",\"dateModified\":\"2026-02-04T21:42:22+00:00\",\"mainEntityOfPage\":{\"@id\":\"https:\/\/magistrae.com\/3202889b-df67-4eaa-b1ae-121b2fcc73c2\/\"},\"wordCount\":458,\"commentCount\":0,\"publisher\":{\"@id\":\"https:\/\/magistrae.com\/#organization\"},\"articleSection\":[\"Hidden\"],\"inLanguage\":\"es\",\"potentialAction\":[{\"@type\":\"CommentAction\",\"name\":\"Comment\",\"target\":[\"https:\/\/magistrae.com\/3202889b-df67-4eaa-b1ae-121b2fcc73c2\/#respond\"]}]},{\"@type\":\"WebPage\",\"@id\":\"https:\/\/magistrae.com\/3202889b-df67-4eaa-b1ae-121b2fcc73c2\/\",\"url\":\"https:\/\/magistrae.com\/3202889b-df67-4eaa-b1ae-121b2fcc73c2\/\",\"name\":\"SECAP: Cursos para el desarrollo laboral en Ecuador \u2013 Variedad y f\u00e1cil inscripci\u00f3n - Magistrae\",\"isPartOf\":{\"@id\":\"https:\/\/magistrae.com\/#website\"},\"datePublished\":\"2026-02-04T21:42:00+00:00\",\"dateModified\":\"2026-02-04T21:42:22+00:00\",\"breadcrumb\":{\"@id\":\"https:\/\/magistrae.com\/3202889b-df67-4eaa-b1ae-121b2fcc73c2\/#breadcrumb\"},\"inLanguage\":\"es\",\"potentialAction\":[{\"@type\":\"ReadAction\",\"target\":[\"https:\/\/magistrae.com\/3202889b-df67-4eaa-b1ae-121b2fcc73c2\/\"]}]},{\"@type\":\"BreadcrumbList\",\"@id\":\"https:\/\/magistrae.com\/3202889b-df67-4eaa-b1ae-121b2fcc73c2\/#breadcrumb\",\"itemListElement\":[{\"@type\":\"ListItem\",\"position\":1,\"name\":\"Home\",\"item\":\"https:\/\/magistrae.com\/\"},{\"@type\":\"ListItem\",\"position\":2,\"name\":\"SECAP: Cursos para el desarrollo laboral en Ecuador \u2013 Variedad y f\u00e1cil inscripci\u00f3n\"}]},{\"@type\":\"WebSite\",\"@id\":\"https:\/\/magistrae.com\/#website\",\"url\":\"https:\/\/magistrae.com\/\",\"name\":\"Magistrae\",\"description\":\"\",\"publisher\":{\"@id\":\"https:\/\/magistrae.com\/#organization\"},\"potentialAction\":[{\"@type\":\"SearchAction\",\"target\":{\"@type\":\"EntryPoint\",\"urlTemplate\":\"https:\/\/magistrae.com\/?s={search_term_string}\"},\"query-input\":\"required name=search_term_string\"}],\"inLanguage\":\"es\"},{\"@type\":\"Organization\",\"@id\":\"https:\/\/magistrae.com\/#organization\",\"name\":\"Magistrae\",\"url\":\"https:\/\/magistrae.com\/\",\"logo\":{\"@type\":\"ImageObject\",\"inLanguage\":\"es\",\"@id\":\"https:\/\/magistrae.com\/#\/schema\/logo\/image\/\",\"url\":\"https:\/\/magistrae.com\/wp-content\/uploads\/sites\/413\/2026\/03\/9_Magistrae.jpg\",\"contentUrl\":\"https:\/\/magistrae.com\/wp-content\/uploads\/sites\/413\/2026\/03\/9_Magistrae.jpg\",\"width\":2000,\"height\":2000,\"caption\":\"Magistrae\"},\"image\":{\"@id\":\"https:\/\/magistrae.com\/#\/schema\/logo\/image\/\"}},{\"@type\":\"Person\",\"@id\":\"https:\/\/magistrae.com\/#\/schema\/person\/d52888235fd6563bd07d97185d6a61e4\",\"name\":\"Bruno Gianni\",\"image\":{\"@type\":\"ImageObject\",\"inLanguage\":\"es\",\"@id\":\"https:\/\/magistrae.com\/#\/schema\/person\/image\/\",\"url\":\"https:\/\/secure.gravatar.com\/avatar\/0f5d42d7bf77874643c1478932860e3f?s=96&d=mm&r=g\",\"contentUrl\":\"https:\/\/secure.gravatar.com\/avatar\/0f5d42d7bf77874643c1478932860e3f?s=96&d=mm&r=g\",\"caption\":\"Bruno Gianni\"},\"description\":\"Bruno writes the way he lives, with curiosity, care, and respect for people. He likes to observe, listen, and try to understand what is happening on the other side before putting any words on the page.For him, writing is not about impressing, but about getting closer. It is about turning thoughts into something simple, clear, and real. Every text is an ongoing conversation, created with care and honesty, with the sincere intention of touching someone, somewhere along the way.\",\"url\":\"https:\/\/magistrae.com\/es\/author\/bcgianni\/\"}]}<\/script>\n<!-- \/ Yoast SEO plugin. -->","yoast_head_json":{"title":"SECAP: Cursos para el desarrollo laboral en Ecuador \u2013 Variedad y f\u00e1cil inscripci\u00f3n - Magistrae","robots":{"index":"index","follow":"follow","max-snippet":"max-snippet:-1","max-image-preview":"max-image-preview:large","max-video-preview":"max-video-preview:-1"},"canonical":"https:\/\/magistrae.com\/es\/3202889b-df67-4eaa-b1ae-121b2fcc73c2\/","og_locale":"es_ES","og_type":"article","og_title":"SECAP: Cursos para el desarrollo laboral en Ecuador \u2013 Variedad y f\u00e1cil inscripci\u00f3n - Magistrae","og_description":"Conoce SECAP, la plataforma nacional que ofrece capacitaci\u00f3n laboral presencial y virtual en Ecuador. Cursos variados, horarios flexibles y certificaci\u00f3n oficial. \u00a1Mejora tu perfil profesional hoy!","og_url":"https:\/\/magistrae.com\/es\/3202889b-df67-4eaa-b1ae-121b2fcc73c2\/","og_site_name":"Magistrae","article_published_time":"2026-02-04T21:42:00+00:00","article_modified_time":"2026-02-04T21:42:22+00:00","author":"Bruno Gianni","twitter_card":"summary_large_image","twitter_misc":{"Written by":"Bruno Gianni","Est. reading time":"2 minutos"},"schema":{"@context":"https:\/\/schema.org","@graph":[{"@type":"Article","@id":"https:\/\/magistrae.com\/3202889b-df67-4eaa-b1ae-121b2fcc73c2\/#article","isPartOf":{"@id":"https:\/\/magistrae.com\/3202889b-df67-4eaa-b1ae-121b2fcc73c2\/"},"author":{"name":"Bruno Gianni","@id":"https:\/\/magistrae.com\/#\/schema\/person\/d52888235fd6563bd07d97185d6a61e4"},"headline":"SECAP: Cursos para el desarrollo laboral en Ecuador \u2013 Variedad y f\u00e1cil inscripci\u00f3n","datePublished":"2026-02-04T21:42:00+00:00","dateModified":"2026-02-04T21:42:22+00:00","mainEntityOfPage":{"@id":"https:\/\/magistrae.com\/3202889b-df67-4eaa-b1ae-121b2fcc73c2\/"},"wordCount":458,"commentCount":0,"publisher":{"@id":"https:\/\/magistrae.com\/#organization"},"articleSection":["Hidden"],"inLanguage":"es","potentialAction":[{"@type":"CommentAction","name":"Comment","target":["https:\/\/magistrae.com\/3202889b-df67-4eaa-b1ae-121b2fcc73c2\/#respond"]}]},{"@type":"WebPage","@id":"https:\/\/magistrae.com\/3202889b-df67-4eaa-b1ae-121b2fcc73c2\/","url":"https:\/\/magistrae.com\/3202889b-df67-4eaa-b1ae-121b2fcc73c2\/","name":"SECAP: Cursos para el desarrollo laboral en Ecuador \u2013 Variedad y f\u00e1cil inscripci\u00f3n - Magistrae","isPartOf":{"@id":"https:\/\/magistrae.com\/#website"},"datePublished":"2026-02-04T21:42:00+00:00","dateModified":"2026-02-04T21:42:22+00:00","breadcrumb":{"@id":"https:\/\/magistrae.com\/3202889b-df67-4eaa-b1ae-121b2fcc73c2\/#breadcrumb"},"inLanguage":"es","potentialAction":[{"@type":"ReadAction","target":["https:\/\/magistrae.com\/3202889b-df67-4eaa-b1ae-121b2fcc73c2\/"]}]},{"@type":"BreadcrumbList","@id":"https:\/\/magistrae.com\/3202889b-df67-4eaa-b1ae-121b2fcc73c2\/#breadcrumb","itemListElement":[{"@type":"ListItem","position":1,"name":"Home","item":"https:\/\/magistrae.com\/"},{"@type":"ListItem","position":2,"name":"SECAP: Cursos para el desarrollo laboral en Ecuador \u2013 Variedad y f\u00e1cil inscripci\u00f3n"}]},{"@type":"WebSite","@id":"https:\/\/magistrae.com\/#website","url":"https:\/\/magistrae.com\/","name":"Magistrae","description":"","publisher":{"@id":"https:\/\/magistrae.com\/#organization"},"potentialAction":[{"@type":"SearchAction","target":{"@type":"EntryPoint","urlTemplate":"https:\/\/magistrae.com\/?s={search_term_string}"},"query-input":"required name=search_term_string"}],"inLanguage":"es"},{"@type":"Organization","@id":"https:\/\/magistrae.com\/#organization","name":"Magistrae","url":"https:\/\/magistrae.com\/","logo":{"@type":"ImageObject","inLanguage":"es","@id":"https:\/\/magistrae.com\/#\/schema\/logo\/image\/","url":"https:\/\/magistrae.com\/wp-content\/uploads\/sites\/413\/2026\/03\/9_Magistrae.jpg","contentUrl":"https:\/\/magistrae.com\/wp-content\/uploads\/sites\/413\/2026\/03\/9_Magistrae.jpg","width":2000,"height":2000,"caption":"Magistrae"},"image":{"@id":"https:\/\/magistrae.com\/#\/schema\/logo\/image\/"}},{"@type":"Person","@id":"https:\/\/magistrae.com\/#\/schema\/person\/d52888235fd6563bd07d97185d6a61e4","name":"Bruno Gianni","image":{"@type":"ImageObject","inLanguage":"es","@id":"https:\/\/magistrae.com\/#\/schema\/person\/image\/","url":"https:\/\/secure.gravatar.com\/avatar\/0f5d42d7bf77874643c1478932860e3f?s=96&d=mm&r=g","contentUrl":"https:\/\/secure.gravatar.com\/avatar\/0f5d42d7bf77874643c1478932860e3f?s=96&d=mm&r=g","caption":"Bruno Gianni"},"description":"Bruno writes the way he lives, with curiosity, care, and respect for people. He likes to observe, listen, and try to understand what is happening on the other side before putting any words on the page.For him, writing is not about impressing, but about getting closer. It is about turning thoughts into something simple, clear, and real. Every text is an ongoing conversation, created with care and honesty, with the sincere intention of touching someone, somewhere along the way.","url":"https:\/\/magistrae.com\/es\/author\/bcgianni\/"}]}},"uagb_featured_image_src":{"full":false,"thumbnail":false,"medium":false,"medium_large":false,"large":false,"1536x1536":false,"2048x2048":false,"trp-custom-language-flag":false},"uagb_author_info":{"display_name":"Bruno Gianni","author_link":"https:\/\/magistrae.com\/es\/author\/bcgianni\/"},"uagb_comment_info":0,"uagb_excerpt":"Conoce SECAP, la plataforma nacional que ofrece capacitaci\u00f3n laboral presencial y virtual en Ecuador. Cursos variados, horarios flexibles y certificaci\u00f3n oficial. \u00a1Mejora tu perfil profesional hoy!","_links":{"self":[{"href":"https:\/\/magistrae.com\/es\/wp-json\/wp\/v2\/posts\/3970"}],"collection":[{"href":"https:\/\/magistrae.com\/es\/wp-json\/wp\/v2\/posts"}],"about":[{"href":"https:\/\/magistrae.com\/es\/wp-json\/wp\/v2\/types\/post"}],"author":[{"embeddable":true,"href":"https:\/\/magistrae.com\/es\/wp-json\/wp\/v2\/users\/3"}],"replies":[{"embeddable":true,"href":"https:\/\/magistrae.com\/es\/wp-json\/wp\/v2\/comments?post=3970"}],"version-history":[{"count":1,"href":"https:\/\/magistrae.com\/es\/wp-json\/wp\/v2\/posts\/3970\/revisions"}],"predecessor-version":[{"id":3972,"href":"https:\/\/magistrae.com\/es\/wp-json\/wp\/v2\/posts\/3970\/revisions\/3972"}],"wp:attachment":[{"href":"https:\/\/magistrae.com\/es\/wp-json\/wp\/v2\/media?parent=3970"}],"wp:term":[{"taxonomy":"category","embeddable":true,"href":"https:\/\/magistrae.com\/es\/wp-json\/wp\/v2\/categories?post=3970"},{"taxonomy":"post_tag","embeddable":true,"href":"https:\/\/magistrae.com\/es\/wp-json\/wp\/v2\/tags?post=3970"}],"curies":[{"name":"wp","href":"https:\/\/api.w.org\/{rel}","templated":true}]}}