{"id":2866,"date":"2025-12-17T06:41:00","date_gmt":"2025-12-17T06:41:00","guid":{"rendered":"https:\/\/magistrae.com\/a029b955-61f1-4a81-9472-a36ffbd0ece5\/"},"modified":"2025-12-17T06:41:55","modified_gmt":"2025-12-17T06:41:55","slug":"a029b955-61f1-4a81-9472-a36ffbd0ece5","status":"publish","type":"post","link":"https:\/\/magistrae.com\/es\/a029b955-61f1-4a81-9472-a36ffbd0ece5\/","title":{"rendered":"SECAP Ecuador: Capacitaci\u00f3n y Certificaci\u00f3n Laboral Flexible y Accesible"},"content":{"rendered":"<\/p>\n<\/p>\n<div style=\"background: #ffffff; border-radius: 12px; box-shadow: 0 10px 30px rgba(0, 0, 0, 0.1); width: 100%; max-width: 340px; padding: 25px; transition: transform 0.3s ease-in-out; overflow: visible; display: flex; flex-direction: column; position: relative; border: 1px solid #28a745; margin-top: 70px; margin-bottom: 50px; margin-left: auto; margin-right: auto;\">\n<div style=\"position: absolute; top: -35px; right: 15px; color: #28a745; padding: 5px 10px; border-radius: 6px; font-size: 14px; font-weight: bold; display: flex; align-items: center; z-index: 10;\">Recomendado para ti<\/div>\n<div data-namespace-header=\"\" style=\"\">\n<h3 data-namespace-title=\"\" style=\"color: #333; font-size: 20px; font-weight: bold; text-align: left; margin-right: 50px; min-height: 50px; margin-top: 0px;\">SECAP Ecuador<\/h3>\n<\/p><\/div>\n<p data-namespace-prompt=\"\" style=\"font-size: 16px; color: #666; margin-bottom: 20px; line-height: 1.5; flex-grow: 1; text-align: left; margin-top: 0px;\">Formaci\u00f3n y certificaci\u00f3n a costo accesible para profesionales en Ecuador. Modalidad presencial y online, m\u00faltiples \u00e1reas y r\u00e1pida inscripci\u00f3n.<\/p>\n<p>    <a data-namespace-url=\"\" href=\"https:\/\/magistrae.com\/es\/redirect\/?https:\/\/www.secap.gob.ec\/\" style=\"width: 100%; display: inline-block; color: white; text-decoration: none; border-radius: 6px; font-size: 16px; font-weight: bold; text-align: center; transition: transform 0.3s ease, background 0.3s ease; margin-top: auto;\" data-namespace-id=\"5c0d2565-3ba9-4280-a382-ad2a691e2285\"><br \/>\n        <button style=\"width: 100%; height: 55px; background: #e9e9ed; border: 1px solid black; color: black;\">Inscribirse ahora<\/button><br \/>\n    <\/a><br \/>\n    <small style=\"margin-top: 10px; color: #777; font-size: 12px; text-align: center; display: block;\">Ser\u00e1s redirigido a otro sitio web<\/small>\n<\/div>\n<p>SECAP Ecuador es una de las plataformas m\u00e1s confiables para capacitaci\u00f3n profesional y certificaci\u00f3n por competencias en el pa\u00eds. Destaca por su oferta variada, tanto presencial como virtual, permitiendo a los usuarios avanzar en su formaci\u00f3n laboral a su ritmo y seg\u00fan sus necesidades. No necesitas experiencia previa para inscribirte en muchos talleres y cursos, lo que facilita el acceso a cualquier persona que quiera mejorar su perfil profesional.<\/p>\n<p>El proceso de inicio en SECAP Ecuador es bastante sencillo y directo para cualquier interesado. Una vez hayas identificado el \u00e1rea de capacitaci\u00f3n que te interesa, el primer paso es acceder a la plataforma virtual o presencial de SECAP y elegir el servicio, ya sea capacitaci\u00f3n regular o certificaci\u00f3n por competencias. Tras seleccionar el curso, deber\u00e1s inscribirte a trav\u00e9s del formulario en l\u00ednea, proporcionando tus datos y documentaci\u00f3n b\u00e1sica. Luego, simplemente sigue el proceso de matr\u00edcula, realiza el pago correspondiente seg\u00fan el tarifario oficial y espera las indicaciones para el inicio de clases o examen de certificaci\u00f3n.<\/p>\n<p><strong>Paso a paso para empezar en SECAP Ecuador:<\/strong><\/p>\n<ul>\n<li>Explora la oferta acad\u00e9mica y escoge el curso o certificaci\u00f3n<\/li>\n<li>Completa el formulario de inscripci\u00f3n en l\u00ednea<\/li>\n<li>Presenta la documentaci\u00f3n requerida<\/li>\n<li>Realiza el pago seg\u00fan el tarifario vigente<\/li>\n<li>Espera la confirmaci\u00f3n y las indicaciones para comenzar<\/li>\n<\/ul>\n<h3>Lo positivo de SECAP Ecuador<\/h3>\n<p>El principal atractivo de SECAP radica en su amplia accesibilidad, tanto en precios como en modalidades de estudio. Las certificaciones emitidas tienen reconocimiento nacional y mejoran notablemente la empleabilidad. Otro punto a destacar es la constante actualizaci\u00f3n de su oferta, adapt\u00e1ndose a tendencias del mercado laboral ecuatoriano y las necesidades cambiantes de los sectores productivos.<\/p>\n<h3>Algunos aspectos a considerar<\/h3>\n<p>Por otro lado, debido a la gran demanda de sus cursos, es posible que algunas opciones tengan cupos limitados o fechas fijas, lo que puede requerir anticipaci\u00f3n al planificar tu formaci\u00f3n. Adem\u00e1s, aunque la plataforma virtual es funcional, la experiencia digital podr\u00eda optimizarse en cuanto a navegaci\u00f3n y acceso desde dispositivos m\u00f3viles.<\/p>\n<h3>Veredicto y recomendaci\u00f3n final<\/h3>\n<p>En conclusi\u00f3n, SECAP Ecuador representa una excelente alternativa para quienes buscan formaci\u00f3n laboral reconocida y econ\u00f3mica en Ecuador. Es una opci\u00f3n confiable, vers\u00e1til y con gran impacto en el desarrollo profesional.<\/p>\n<div style=\"background: #ffffff; border-radius: 12px; box-shadow: 0 10px 30px rgba(0, 0, 0, 0.1); width: 100%; max-width: 340px; padding: 25px; transition: transform 0.3s ease-in-out; overflow: visible; display: flex; flex-direction: column; position: relative; border: 1px solid #28a745; margin-top: 70px; margin-bottom: 50px; margin-left: auto; margin-right: auto;\">\n<div style=\"position: absolute; top: -35px; right: 15px; color: #28a745; padding: 5px 10px; border-radius: 6px; font-size: 14px; font-weight: bold; display: flex; align-items: center; z-index: 10;\">Recomendado para ti<\/div>\n<div data-namespace-header=\"\" style=\"\">\n<h3 data-namespace-title=\"\" style=\"color: #333; font-size: 20px; font-weight: bold; text-align: left; margin-right: 50px; min-height: 50px; margin-top: 0px;\">SECAP Ecuador<\/h3>\n<\/p><\/div>\n<p data-namespace-prompt=\"\" style=\"font-size: 16px; color: #666; margin-bottom: 20px; line-height: 1.5; flex-grow: 1; text-align: left; margin-top: 0px;\">Formaci\u00f3n y certificaci\u00f3n a costo accesible para profesionales en Ecuador. Modalidad presencial y online, m\u00faltiples \u00e1reas y r\u00e1pida inscripci\u00f3n.<\/p>\n<p>    <a data-namespace-url=\"\" href=\"https:\/\/magistrae.com\/es\/redirect\/?https:\/\/www.secap.gob.ec\/\" style=\"width: 100%; display: inline-block; color: white; text-decoration: none; border-radius: 6px; font-size: 16px; font-weight: bold; text-align: center; transition: transform 0.3s ease, background 0.3s ease; margin-top: auto;\" data-namespace-id=\"5c0d2565-3ba9-4280-a382-ad2a691e2285\"><br \/>\n        <button style=\"width: 100%; height: 55px; background: #e9e9ed; border: 1px solid black; color: black;\">Inscribirse ahora<\/button><br \/>\n    <\/a><br \/>\n    <small style=\"margin-top: 10px; color: #777; font-size: 12px; text-align: center; display: block;\">Ser\u00e1s redirigido a otro sitio web<\/small>\n<\/div>","protected":false},"excerpt":{"rendered":"<p>Descubre c\u00f3mo capacitarte y certificarte en SECAP Ecuador. Modalidad virtual y presencial, tarifas accesibles, inscripci\u00f3n f\u00e1cil y r\u00e1pida para destacar profesionalmente en Ecuador.<\/p>","protected":false},"author":3,"featured_media":0,"comment_status":"open","ping_status":"open","sticky":false,"template":"","format":"standard","meta":{"_uag_custom_page_level_css":"","site-sidebar-layout":"default","site-content-layout":"","ast-site-content-layout":"","site-content-style":"default","site-sidebar-style":"default","ast-global-header-display":"","ast-banner-title-visibility":"","ast-main-header-display":"","ast-hfb-above-header-display":"","ast-hfb-below-header-display":"","ast-hfb-mobile-header-display":"","site-post-title":"","ast-breadcrumbs-content":"","ast-featured-img":"","footer-sml-layout":"","theme-transparent-header-meta":"","adv-header-id-meta":"","stick-header-meta":"","header-above-stick-meta":"","header-main-stick-meta":"","header-below-stick-meta":"","astra-migrate-meta-layouts":"default","ast-page-background-enabled":"default","ast-page-background-meta":{"desktop":{"background-color":"var(--ast-global-color-4)","background-image":"","background-repeat":"repeat","background-position":"center center","background-size":"auto","background-attachment":"scroll","background-type":"","background-media":"","overlay-type":"","overlay-color":"","overlay-opacity":"","overlay-gradient":""},"tablet":{"background-color":"","background-image":"","background-repeat":"repeat","background-position":"center center","background-size":"auto","background-attachment":"scroll","background-type":"","background-media":"","overlay-type":"","overlay-color":"","overlay-opacity":"","overlay-gradient":""},"mobile":{"background-color":"","background-image":"","background-repeat":"repeat","background-position":"center center","background-size":"auto","background-attachment":"scroll","background-type":"","background-media":"","overlay-type":"","overlay-color":"","overlay-opacity":"","overlay-gradient":""}},"ast-content-background-meta":{"desktop":{"background-color":"var(--ast-global-color-5)","background-image":"","background-repeat":"repeat","background-position":"center center","background-size":"auto","background-attachment":"scroll","background-type":"","background-media":"","overlay-type":"","overlay-color":"","overlay-opacity":"","overlay-gradient":""},"tablet":{"background-color":"var(--ast-global-color-5)","background-image":"","background-repeat":"repeat","background-position":"center center","background-size":"auto","background-attachment":"scroll","background-type":"","background-media":"","overlay-type":"","overlay-color":"","overlay-opacity":"","overlay-gradient":""},"mobile":{"background-color":"var(--ast-global-color-5)","background-image":"","background-repeat":"repeat","background-position":"center center","background-size":"auto","background-attachment":"scroll","background-type":"","background-media":"","overlay-type":"","overlay-color":"","overlay-opacity":"","overlay-gradient":""}},"footnotes":""},"categories":[14],"tags":[],"yoast_head":"<!-- This site is optimized with the Yoast SEO plugin v23.3 - https:\/\/yoast.com\/wordpress\/plugins\/seo\/ -->\n<title>SECAP Ecuador: Capacitaci\u00f3n y Certificaci\u00f3n Laboral Flexible y Accesible - Magistrae<\/title>\n<meta name=\"robots\" content=\"index, follow, max-snippet:-1, max-image-preview:large, max-video-preview:-1\" \/>\n<link rel=\"canonical\" href=\"https:\/\/magistrae.com\/es\/a029b955-61f1-4a81-9472-a36ffbd0ece5\/\" \/>\n<meta property=\"og:locale\" content=\"es_ES\" \/>\n<meta property=\"og:type\" content=\"article\" \/>\n<meta property=\"og:title\" content=\"SECAP Ecuador: Capacitaci\u00f3n y Certificaci\u00f3n Laboral Flexible y Accesible - Magistrae\" \/>\n<meta property=\"og:description\" content=\"Descubre c\u00f3mo capacitarte y certificarte en SECAP Ecuador. Modalidad virtual y presencial, tarifas accesibles, inscripci\u00f3n f\u00e1cil y r\u00e1pida para destacar profesionalmente en Ecuador.\" \/>\n<meta property=\"og:url\" content=\"https:\/\/magistrae.com\/es\/a029b955-61f1-4a81-9472-a36ffbd0ece5\/\" \/>\n<meta property=\"og:site_name\" content=\"Magistrae\" \/>\n<meta property=\"article:published_time\" content=\"2025-12-17T06:41:00+00:00\" \/>\n<meta property=\"article:modified_time\" content=\"2025-12-17T06:41:55+00:00\" \/>\n<meta name=\"author\" content=\"Bruno Gianni\" \/>\n<meta name=\"twitter:card\" content=\"summary_large_image\" \/>\n<meta name=\"twitter:label1\" content=\"Written by\" \/>\n\t<meta name=\"twitter:data1\" content=\"Bruno Gianni\" \/>\n\t<meta name=\"twitter:label2\" content=\"Est. reading time\" \/>\n\t<meta name=\"twitter:data2\" content=\"2 minutos\" \/>\n<script type=\"application\/ld+json\" class=\"yoast-schema-graph\">{\"@context\":\"https:\/\/schema.org\",\"@graph\":[{\"@type\":\"Article\",\"@id\":\"https:\/\/magistrae.com\/a029b955-61f1-4a81-9472-a36ffbd0ece5\/#article\",\"isPartOf\":{\"@id\":\"https:\/\/magistrae.com\/a029b955-61f1-4a81-9472-a36ffbd0ece5\/\"},\"author\":{\"name\":\"Bruno Gianni\",\"@id\":\"https:\/\/magistrae.com\/#\/schema\/person\/d52888235fd6563bd07d97185d6a61e4\"},\"headline\":\"SECAP Ecuador: Capacitaci\u00f3n y Certificaci\u00f3n Laboral Flexible y Accesible\",\"datePublished\":\"2025-12-17T06:41:00+00:00\",\"dateModified\":\"2025-12-17T06:41:55+00:00\",\"mainEntityOfPage\":{\"@id\":\"https:\/\/magistrae.com\/a029b955-61f1-4a81-9472-a36ffbd0ece5\/\"},\"wordCount\":486,\"commentCount\":0,\"publisher\":{\"@id\":\"https:\/\/magistrae.com\/#organization\"},\"articleSection\":[\"Hidden\"],\"inLanguage\":\"es\",\"potentialAction\":[{\"@type\":\"CommentAction\",\"name\":\"Comment\",\"target\":[\"https:\/\/magistrae.com\/a029b955-61f1-4a81-9472-a36ffbd0ece5\/#respond\"]}]},{\"@type\":\"WebPage\",\"@id\":\"https:\/\/magistrae.com\/a029b955-61f1-4a81-9472-a36ffbd0ece5\/\",\"url\":\"https:\/\/magistrae.com\/a029b955-61f1-4a81-9472-a36ffbd0ece5\/\",\"name\":\"SECAP Ecuador: Capacitaci\u00f3n y Certificaci\u00f3n Laboral Flexible y Accesible - Magistrae\",\"isPartOf\":{\"@id\":\"https:\/\/magistrae.com\/#website\"},\"datePublished\":\"2025-12-17T06:41:00+00:00\",\"dateModified\":\"2025-12-17T06:41:55+00:00\",\"breadcrumb\":{\"@id\":\"https:\/\/magistrae.com\/a029b955-61f1-4a81-9472-a36ffbd0ece5\/#breadcrumb\"},\"inLanguage\":\"es\",\"potentialAction\":[{\"@type\":\"ReadAction\",\"target\":[\"https:\/\/magistrae.com\/a029b955-61f1-4a81-9472-a36ffbd0ece5\/\"]}]},{\"@type\":\"BreadcrumbList\",\"@id\":\"https:\/\/magistrae.com\/a029b955-61f1-4a81-9472-a36ffbd0ece5\/#breadcrumb\",\"itemListElement\":[{\"@type\":\"ListItem\",\"position\":1,\"name\":\"Home\",\"item\":\"https:\/\/magistrae.com\/\"},{\"@type\":\"ListItem\",\"position\":2,\"name\":\"SECAP Ecuador: Capacitaci\u00f3n y Certificaci\u00f3n Laboral Flexible y Accesible\"}]},{\"@type\":\"WebSite\",\"@id\":\"https:\/\/magistrae.com\/#website\",\"url\":\"https:\/\/magistrae.com\/\",\"name\":\"Magistrae\",\"description\":\"\",\"publisher\":{\"@id\":\"https:\/\/magistrae.com\/#organization\"},\"potentialAction\":[{\"@type\":\"SearchAction\",\"target\":{\"@type\":\"EntryPoint\",\"urlTemplate\":\"https:\/\/magistrae.com\/?s={search_term_string}\"},\"query-input\":\"required name=search_term_string\"}],\"inLanguage\":\"es\"},{\"@type\":\"Organization\",\"@id\":\"https:\/\/magistrae.com\/#organization\",\"name\":\"Magistrae\",\"url\":\"https:\/\/magistrae.com\/\",\"logo\":{\"@type\":\"ImageObject\",\"inLanguage\":\"es\",\"@id\":\"https:\/\/magistrae.com\/#\/schema\/logo\/image\/\",\"url\":\"https:\/\/magistrae.com\/wp-content\/uploads\/sites\/413\/2026\/03\/9_Magistrae.jpg\",\"contentUrl\":\"https:\/\/magistrae.com\/wp-content\/uploads\/sites\/413\/2026\/03\/9_Magistrae.jpg\",\"width\":2000,\"height\":2000,\"caption\":\"Magistrae\"},\"image\":{\"@id\":\"https:\/\/magistrae.com\/#\/schema\/logo\/image\/\"}},{\"@type\":\"Person\",\"@id\":\"https:\/\/magistrae.com\/#\/schema\/person\/d52888235fd6563bd07d97185d6a61e4\",\"name\":\"Bruno Gianni\",\"image\":{\"@type\":\"ImageObject\",\"inLanguage\":\"es\",\"@id\":\"https:\/\/magistrae.com\/#\/schema\/person\/image\/\",\"url\":\"https:\/\/secure.gravatar.com\/avatar\/0f5d42d7bf77874643c1478932860e3f?s=96&d=mm&r=g\",\"contentUrl\":\"https:\/\/secure.gravatar.com\/avatar\/0f5d42d7bf77874643c1478932860e3f?s=96&d=mm&r=g\",\"caption\":\"Bruno Gianni\"},\"description\":\"Bruno writes the way he lives, with curiosity, care, and respect for people. He likes to observe, listen, and try to understand what is happening on the other side before putting any words on the page.For him, writing is not about impressing, but about getting closer. It is about turning thoughts into something simple, clear, and real. Every text is an ongoing conversation, created with care and honesty, with the sincere intention of touching someone, somewhere along the way.\",\"url\":\"https:\/\/magistrae.com\/es\/author\/bcgianni\/\"}]}<\/script>\n<!-- \/ Yoast SEO plugin. -->","yoast_head_json":{"title":"SECAP Ecuador: Capacitaci\u00f3n y Certificaci\u00f3n Laboral Flexible y Accesible - Magistrae","robots":{"index":"index","follow":"follow","max-snippet":"max-snippet:-1","max-image-preview":"max-image-preview:large","max-video-preview":"max-video-preview:-1"},"canonical":"https:\/\/magistrae.com\/es\/a029b955-61f1-4a81-9472-a36ffbd0ece5\/","og_locale":"es_ES","og_type":"article","og_title":"SECAP Ecuador: Capacitaci\u00f3n y Certificaci\u00f3n Laboral Flexible y Accesible - Magistrae","og_description":"Descubre c\u00f3mo capacitarte y certificarte en SECAP Ecuador. Modalidad virtual y presencial, tarifas accesibles, inscripci\u00f3n f\u00e1cil y r\u00e1pida para destacar profesionalmente en Ecuador.","og_url":"https:\/\/magistrae.com\/es\/a029b955-61f1-4a81-9472-a36ffbd0ece5\/","og_site_name":"Magistrae","article_published_time":"2025-12-17T06:41:00+00:00","article_modified_time":"2025-12-17T06:41:55+00:00","author":"Bruno Gianni","twitter_card":"summary_large_image","twitter_misc":{"Written by":"Bruno Gianni","Est. reading time":"2 minutos"},"schema":{"@context":"https:\/\/schema.org","@graph":[{"@type":"Article","@id":"https:\/\/magistrae.com\/a029b955-61f1-4a81-9472-a36ffbd0ece5\/#article","isPartOf":{"@id":"https:\/\/magistrae.com\/a029b955-61f1-4a81-9472-a36ffbd0ece5\/"},"author":{"name":"Bruno Gianni","@id":"https:\/\/magistrae.com\/#\/schema\/person\/d52888235fd6563bd07d97185d6a61e4"},"headline":"SECAP Ecuador: Capacitaci\u00f3n y Certificaci\u00f3n Laboral Flexible y Accesible","datePublished":"2025-12-17T06:41:00+00:00","dateModified":"2025-12-17T06:41:55+00:00","mainEntityOfPage":{"@id":"https:\/\/magistrae.com\/a029b955-61f1-4a81-9472-a36ffbd0ece5\/"},"wordCount":486,"commentCount":0,"publisher":{"@id":"https:\/\/magistrae.com\/#organization"},"articleSection":["Hidden"],"inLanguage":"es","potentialAction":[{"@type":"CommentAction","name":"Comment","target":["https:\/\/magistrae.com\/a029b955-61f1-4a81-9472-a36ffbd0ece5\/#respond"]}]},{"@type":"WebPage","@id":"https:\/\/magistrae.com\/a029b955-61f1-4a81-9472-a36ffbd0ece5\/","url":"https:\/\/magistrae.com\/a029b955-61f1-4a81-9472-a36ffbd0ece5\/","name":"SECAP Ecuador: Capacitaci\u00f3n y Certificaci\u00f3n Laboral Flexible y Accesible - Magistrae","isPartOf":{"@id":"https:\/\/magistrae.com\/#website"},"datePublished":"2025-12-17T06:41:00+00:00","dateModified":"2025-12-17T06:41:55+00:00","breadcrumb":{"@id":"https:\/\/magistrae.com\/a029b955-61f1-4a81-9472-a36ffbd0ece5\/#breadcrumb"},"inLanguage":"es","potentialAction":[{"@type":"ReadAction","target":["https:\/\/magistrae.com\/a029b955-61f1-4a81-9472-a36ffbd0ece5\/"]}]},{"@type":"BreadcrumbList","@id":"https:\/\/magistrae.com\/a029b955-61f1-4a81-9472-a36ffbd0ece5\/#breadcrumb","itemListElement":[{"@type":"ListItem","position":1,"name":"Home","item":"https:\/\/magistrae.com\/"},{"@type":"ListItem","position":2,"name":"SECAP Ecuador: Capacitaci\u00f3n y Certificaci\u00f3n Laboral Flexible y Accesible"}]},{"@type":"WebSite","@id":"https:\/\/magistrae.com\/#website","url":"https:\/\/magistrae.com\/","name":"Magistrae","description":"","publisher":{"@id":"https:\/\/magistrae.com\/#organization"},"potentialAction":[{"@type":"SearchAction","target":{"@type":"EntryPoint","urlTemplate":"https:\/\/magistrae.com\/?s={search_term_string}"},"query-input":"required name=search_term_string"}],"inLanguage":"es"},{"@type":"Organization","@id":"https:\/\/magistrae.com\/#organization","name":"Magistrae","url":"https:\/\/magistrae.com\/","logo":{"@type":"ImageObject","inLanguage":"es","@id":"https:\/\/magistrae.com\/#\/schema\/logo\/image\/","url":"https:\/\/magistrae.com\/wp-content\/uploads\/sites\/413\/2026\/03\/9_Magistrae.jpg","contentUrl":"https:\/\/magistrae.com\/wp-content\/uploads\/sites\/413\/2026\/03\/9_Magistrae.jpg","width":2000,"height":2000,"caption":"Magistrae"},"image":{"@id":"https:\/\/magistrae.com\/#\/schema\/logo\/image\/"}},{"@type":"Person","@id":"https:\/\/magistrae.com\/#\/schema\/person\/d52888235fd6563bd07d97185d6a61e4","name":"Bruno Gianni","image":{"@type":"ImageObject","inLanguage":"es","@id":"https:\/\/magistrae.com\/#\/schema\/person\/image\/","url":"https:\/\/secure.gravatar.com\/avatar\/0f5d42d7bf77874643c1478932860e3f?s=96&d=mm&r=g","contentUrl":"https:\/\/secure.gravatar.com\/avatar\/0f5d42d7bf77874643c1478932860e3f?s=96&d=mm&r=g","caption":"Bruno Gianni"},"description":"Bruno writes the way he lives, with curiosity, care, and respect for people. He likes to observe, listen, and try to understand what is happening on the other side before putting any words on the page.For him, writing is not about impressing, but about getting closer. It is about turning thoughts into something simple, clear, and real. Every text is an ongoing conversation, created with care and honesty, with the sincere intention of touching someone, somewhere along the way.","url":"https:\/\/magistrae.com\/es\/author\/bcgianni\/"}]}},"uagb_featured_image_src":{"full":false,"thumbnail":false,"medium":false,"medium_large":false,"large":false,"1536x1536":false,"2048x2048":false,"trp-custom-language-flag":false},"uagb_author_info":{"display_name":"Bruno Gianni","author_link":"https:\/\/magistrae.com\/es\/author\/bcgianni\/"},"uagb_comment_info":0,"uagb_excerpt":"Descubre c\u00f3mo capacitarte y certificarte en SECAP Ecuador. Modalidad virtual y presencial, tarifas accesibles, inscripci\u00f3n f\u00e1cil y r\u00e1pida para destacar profesionalmente en Ecuador.","_links":{"self":[{"href":"https:\/\/magistrae.com\/es\/wp-json\/wp\/v2\/posts\/2866"}],"collection":[{"href":"https:\/\/magistrae.com\/es\/wp-json\/wp\/v2\/posts"}],"about":[{"href":"https:\/\/magistrae.com\/es\/wp-json\/wp\/v2\/types\/post"}],"author":[{"embeddable":true,"href":"https:\/\/magistrae.com\/es\/wp-json\/wp\/v2\/users\/3"}],"replies":[{"embeddable":true,"href":"https:\/\/magistrae.com\/es\/wp-json\/wp\/v2\/comments?post=2866"}],"version-history":[{"count":1,"href":"https:\/\/magistrae.com\/es\/wp-json\/wp\/v2\/posts\/2866\/revisions"}],"predecessor-version":[{"id":2871,"href":"https:\/\/magistrae.com\/es\/wp-json\/wp\/v2\/posts\/2866\/revisions\/2871"}],"wp:attachment":[{"href":"https:\/\/magistrae.com\/es\/wp-json\/wp\/v2\/media?parent=2866"}],"wp:term":[{"taxonomy":"category","embeddable":true,"href":"https:\/\/magistrae.com\/es\/wp-json\/wp\/v2\/categories?post=2866"},{"taxonomy":"post_tag","embeddable":true,"href":"https:\/\/magistrae.com\/es\/wp-json\/wp\/v2\/tags?post=2866"}],"curies":[{"name":"wp","href":"https:\/\/api.w.org\/{rel}","templated":true}]}}