{"id":2198,"date":"2025-11-25T01:19:00","date_gmt":"2025-11-25T01:19:00","guid":{"rendered":"https:\/\/magistrae.com\/5538b9de-7057-4621-bd47-a911dc7a5de2\/"},"modified":"2025-11-25T01:19:37","modified_gmt":"2025-11-25T01:19:37","slug":"5538b9de-7057-4621-bd47-a911dc7a5de2","status":"publish","type":"post","link":"https:\/\/magistrae.com\/es\/5538b9de-7057-4621-bd47-a911dc7a5de2\/","title":{"rendered":"SECAP Ecuador: Capacitaci\u00f3n, Certificaci\u00f3n y Formaci\u00f3n Laboral Destacada"},"content":{"rendered":"<\/p>\n<\/p>\n<div style=\"background: #ffffff; border-radius: 12px; box-shadow: 0 10px 30px rgba(0, 0, 0, 0.1); width: 100%; max-width: 340px; padding: 25px; transition: transform 0.3s ease-in-out; overflow: visible; display: flex; flex-direction: column; position: relative; border: 1px solid #28a745; margin-top: 70px; margin-bottom: 50px; margin-left: auto; margin-right: auto;\">\n<div style=\"position: absolute; top: -35px; right: 15px; color: #28a745; padding: 5px 10px; border-radius: 6px; font-size: 14px; font-weight: bold; display: flex; align-items: center; z-index: 10;\">Recomendado para ti<\/div>\n<div data-namespace-header=\"\" style=\"\">\n<h3 data-namespace-title=\"\" style=\"color: #333; font-size: 20px; font-weight: bold; text-align: left; margin-right: 50px; min-height: 50px; margin-top: 0px;\">SECAP Ecuador<\/h3>\n<\/p><\/div>\n<p data-namespace-prompt=\"\" style=\"font-size: 16px; color: #666; margin-bottom: 20px; line-height: 1.5; flex-grow: 1; text-align: left; margin-top: 0px;\">Descubre cursos, certificaciones y capacitaci\u00f3n profesional con opciones virtuales. Ideal para avanzar profesionalmente y obtener certificaci\u00f3n oficial en Ecuador.<\/p>\n<p>    <a data-namespace-url=\"\" href=\"https:\/\/magistrae.com\/es\/redirect\/?https:\/\/www.secap.gob.ec\/\" style=\"width: 100%; display: inline-block; color: white; text-decoration: none; border-radius: 6px; font-size: 16px; font-weight: bold; text-align: center; transition: transform 0.3s ease, background 0.3s ease; margin-top: auto;\" data-namespace-id=\"5c0d2565-3ba9-4280-a382-ad2a691e2285\"><br \/>\n        <button style=\"width: 100%; height: 55px; background: #e9e9ed; border: 1px solid black; color: black;\">Inscribirse ahora<\/button><br \/>\n    <\/a><br \/>\n    <small style=\"margin-top: 10px; color: #777; font-size: 12px; text-align: center; display: block;\">Ser\u00e1s redirigido a otro sitio web<\/small>\n<\/div>\n<p>SECAP Ecuador es una plataforma estatal l\u00edder dedicada a la capacitaci\u00f3n profesional y certificaci\u00f3n de competencias laborales en Ecuador. Ofrece programas de formaci\u00f3n para ciudadanos que buscan mejorar sus habilidades, certificarse o crecer en su campo laboral.<\/p>\n<p>Entre sus principales opciones se encuentran: la certificaci\u00f3n de competencias laborales, cursos de capacitaci\u00f3n, educaci\u00f3n virtual, y la calificaci\u00f3n de facilitadores. Los programas se encuentran disponibles en modalidad presencial y virtual, adapt\u00e1ndose a diferentes necesidades y horarios.<\/p>\n<p>El tiempo de duraci\u00f3n de cada capacitaci\u00f3n depende del curso seleccionado; t\u00edpicamente, duran desde semanas hasta algunos meses. Algunos programas pueden requerir conocimientos b\u00e1sicos previos o experiencia laboral para la certificaci\u00f3n por competencias, mientras que otros est\u00e1n abiertos al p\u00fablico en general.<\/p>\n<h2>C\u00f3mo comenzar paso a paso<\/h2>\n<p>Para iniciar en SECAP Ecuador, primero es necesario revisar la oferta de capacitaci\u00f3n disponible en su sitio oficial.<\/p>\n<p>Luego se procede a la inscripci\u00f3n en l\u00ednea, completando el formulario con datos personales y seleccionando el curso de inter\u00e9s.<\/p>\n<p>Una vez inscrito, debes estar atento al correo y las indicaciones para asistir a clases o gestionar el acceso virtual.<\/p>\n<p>Al finalizar el curso o la certificaci\u00f3n, existe la opci\u00f3n de validar el certificado a trav\u00e9s del portal institucional.<\/p>\n<p>Finalmente, puedes explorar nuevos cursos para mantenerte actualizado y seguir creciendo profesionalmente.<\/p>\n<h2>Ventajas destacadas<\/h2>\n<p>Una de las mayores ventajas es que SECAP Ecuador cuenta con reconocimiento nacional, lo cual da validez oficial a los certificados obtenidos.<\/p>\n<p>La variedad de cursos y modalidades permite flexibilizar el aprendizaje, facilitando la capacitaci\u00f3n a quienes trabajan o estudian simult\u00e1neamente.<\/p>\n<h2>Aspectos a considerar<\/h2>\n<p>En ocasiones, la demanda de ciertos cursos es alta, lo que puede generar cupos limitados y listas de espera.<\/p>\n<p>Algunos cursos presenciales est\u00e1n disponibles solo en ciudades espec\u00edficas, lo cual puede dificultar el acceso para quienes viven en zonas rurales.<\/p>\n<h2>Veredicto final<\/h2>\n<p>Como plataforma nacional de capacitaci\u00f3n y certificaci\u00f3n, SECAP Ecuador destaca por su accesibilidad, validez oficial y adaptabilidad a diferentes perfiles.<\/p>\n<p>Recomiendo SECAP para quienes buscan mejorar sus competencias laborales y potenciar sus oportunidades de empleo en Ecuador.<\/p>\n<div style=\"background: #ffffff; border-radius: 12px; box-shadow: 0 10px 30px rgba(0, 0, 0, 0.1); width: 100%; max-width: 340px; padding: 25px; transition: transform 0.3s ease-in-out; overflow: visible; display: flex; flex-direction: column; position: relative; border: 1px solid #28a745; margin-top: 70px; margin-bottom: 50px; margin-left: auto; margin-right: auto;\">\n<div style=\"position: absolute; top: -35px; right: 15px; color: #28a745; padding: 5px 10px; border-radius: 6px; font-size: 14px; font-weight: bold; display: flex; align-items: center; z-index: 10;\">Recomendado para ti<\/div>\n<div data-namespace-header=\"\" style=\"\">\n<h3 data-namespace-title=\"\" style=\"color: #333; font-size: 20px; font-weight: bold; text-align: left; margin-right: 50px; min-height: 50px; margin-top: 0px;\">SECAP Ecuador<\/h3>\n<\/p><\/div>\n<p data-namespace-prompt=\"\" style=\"font-size: 16px; color: #666; margin-bottom: 20px; line-height: 1.5; flex-grow: 1; text-align: left; margin-top: 0px;\">Descubre cursos, certificaciones y capacitaci\u00f3n profesional con opciones virtuales. Ideal para avanzar profesionalmente y obtener certificaci\u00f3n oficial en Ecuador.<\/p>\n<p>    <a data-namespace-url=\"\" href=\"https:\/\/magistrae.com\/es\/redirect\/?https:\/\/www.secap.gob.ec\/\" style=\"width: 100%; display: inline-block; color: white; text-decoration: none; border-radius: 6px; font-size: 16px; font-weight: bold; text-align: center; transition: transform 0.3s ease, background 0.3s ease; margin-top: auto;\" data-namespace-id=\"5c0d2565-3ba9-4280-a382-ad2a691e2285\"><br \/>\n        <button style=\"width: 100%; height: 55px; background: #e9e9ed; border: 1px solid black; color: black;\">Inscribirse ahora<\/button><br \/>\n    <\/a><br \/>\n    <small style=\"margin-top: 10px; color: #777; font-size: 12px; text-align: center; display: block;\">Ser\u00e1s redirigido a otro sitio web<\/small>\n<\/div>","protected":false},"excerpt":{"rendered":"<p>Descubre c\u00f3mo obtener capacitaci\u00f3n profesional y certificaci\u00f3n oficial con SECAP Ecuador. Conoce los pasos, ventajas y oportunidades para tu crecimiento laboral.<\/p>","protected":false},"author":3,"featured_media":0,"comment_status":"open","ping_status":"open","sticky":false,"template":"","format":"standard","meta":{"_uag_custom_page_level_css":"","site-sidebar-layout":"default","site-content-layout":"","ast-site-content-layout":"","site-content-style":"default","site-sidebar-style":"default","ast-global-header-display":"","ast-banner-title-visibility":"","ast-main-header-display":"","ast-hfb-above-header-display":"","ast-hfb-below-header-display":"","ast-hfb-mobile-header-display":"","site-post-title":"","ast-breadcrumbs-content":"","ast-featured-img":"","footer-sml-layout":"","theme-transparent-header-meta":"","adv-header-id-meta":"","stick-header-meta":"","header-above-stick-meta":"","header-main-stick-meta":"","header-below-stick-meta":"","astra-migrate-meta-layouts":"default","ast-page-background-enabled":"default","ast-page-background-meta":{"desktop":{"background-color":"var(--ast-global-color-4)","background-image":"","background-repeat":"repeat","background-position":"center center","background-size":"auto","background-attachment":"scroll","background-type":"","background-media":"","overlay-type":"","overlay-color":"","overlay-opacity":"","overlay-gradient":""},"tablet":{"background-color":"","background-image":"","background-repeat":"repeat","background-position":"center center","background-size":"auto","background-attachment":"scroll","background-type":"","background-media":"","overlay-type":"","overlay-color":"","overlay-opacity":"","overlay-gradient":""},"mobile":{"background-color":"","background-image":"","background-repeat":"repeat","background-position":"center center","background-size":"auto","background-attachment":"scroll","background-type":"","background-media":"","overlay-type":"","overlay-color":"","overlay-opacity":"","overlay-gradient":""}},"ast-content-background-meta":{"desktop":{"background-color":"var(--ast-global-color-5)","background-image":"","background-repeat":"repeat","background-position":"center center","background-size":"auto","background-attachment":"scroll","background-type":"","background-media":"","overlay-type":"","overlay-color":"","overlay-opacity":"","overlay-gradient":""},"tablet":{"background-color":"var(--ast-global-color-5)","background-image":"","background-repeat":"repeat","background-position":"center center","background-size":"auto","background-attachment":"scroll","background-type":"","background-media":"","overlay-type":"","overlay-color":"","overlay-opacity":"","overlay-gradient":""},"mobile":{"background-color":"var(--ast-global-color-5)","background-image":"","background-repeat":"repeat","background-position":"center center","background-size":"auto","background-attachment":"scroll","background-type":"","background-media":"","overlay-type":"","overlay-color":"","overlay-opacity":"","overlay-gradient":""}},"footnotes":""},"categories":[14],"tags":[],"yoast_head":"<!-- This site is optimized with the Yoast SEO plugin v23.3 - https:\/\/yoast.com\/wordpress\/plugins\/seo\/ -->\n<title>SECAP Ecuador: Capacitaci\u00f3n, Certificaci\u00f3n y Formaci\u00f3n Laboral Destacada - Magistrae<\/title>\n<meta name=\"robots\" content=\"index, follow, max-snippet:-1, max-image-preview:large, max-video-preview:-1\" \/>\n<link rel=\"canonical\" href=\"https:\/\/magistrae.com\/es\/5538b9de-7057-4621-bd47-a911dc7a5de2\/\" \/>\n<meta property=\"og:locale\" content=\"es_ES\" \/>\n<meta property=\"og:type\" content=\"article\" \/>\n<meta property=\"og:title\" content=\"SECAP Ecuador: Capacitaci\u00f3n, Certificaci\u00f3n y Formaci\u00f3n Laboral Destacada - Magistrae\" \/>\n<meta property=\"og:description\" content=\"Descubre c\u00f3mo obtener capacitaci\u00f3n profesional y certificaci\u00f3n oficial con SECAP Ecuador. Conoce los pasos, ventajas y oportunidades para tu crecimiento laboral.\" \/>\n<meta property=\"og:url\" content=\"https:\/\/magistrae.com\/es\/5538b9de-7057-4621-bd47-a911dc7a5de2\/\" \/>\n<meta property=\"og:site_name\" content=\"Magistrae\" \/>\n<meta property=\"article:published_time\" content=\"2025-11-25T01:19:00+00:00\" \/>\n<meta property=\"article:modified_time\" content=\"2025-11-25T01:19:37+00:00\" \/>\n<meta name=\"author\" content=\"Bruno Gianni\" \/>\n<meta name=\"twitter:card\" content=\"summary_large_image\" \/>\n<meta name=\"twitter:label1\" content=\"Written by\" \/>\n\t<meta name=\"twitter:data1\" content=\"Bruno Gianni\" \/>\n\t<meta name=\"twitter:label2\" content=\"Est. reading time\" \/>\n\t<meta name=\"twitter:data2\" content=\"2 minutos\" \/>\n<script type=\"application\/ld+json\" class=\"yoast-schema-graph\">{\"@context\":\"https:\/\/schema.org\",\"@graph\":[{\"@type\":\"Article\",\"@id\":\"https:\/\/magistrae.com\/5538b9de-7057-4621-bd47-a911dc7a5de2\/#article\",\"isPartOf\":{\"@id\":\"https:\/\/magistrae.com\/5538b9de-7057-4621-bd47-a911dc7a5de2\/\"},\"author\":{\"name\":\"Bruno Gianni\",\"@id\":\"https:\/\/magistrae.com\/#\/schema\/person\/d52888235fd6563bd07d97185d6a61e4\"},\"headline\":\"SECAP Ecuador: Capacitaci\u00f3n, Certificaci\u00f3n y Formaci\u00f3n Laboral Destacada\",\"datePublished\":\"2025-11-25T01:19:00+00:00\",\"dateModified\":\"2025-11-25T01:19:37+00:00\",\"mainEntityOfPage\":{\"@id\":\"https:\/\/magistrae.com\/5538b9de-7057-4621-bd47-a911dc7a5de2\/\"},\"wordCount\":446,\"commentCount\":0,\"publisher\":{\"@id\":\"https:\/\/magistrae.com\/#organization\"},\"articleSection\":[\"Hidden\"],\"inLanguage\":\"es\",\"potentialAction\":[{\"@type\":\"CommentAction\",\"name\":\"Comment\",\"target\":[\"https:\/\/magistrae.com\/5538b9de-7057-4621-bd47-a911dc7a5de2\/#respond\"]}]},{\"@type\":\"WebPage\",\"@id\":\"https:\/\/magistrae.com\/5538b9de-7057-4621-bd47-a911dc7a5de2\/\",\"url\":\"https:\/\/magistrae.com\/5538b9de-7057-4621-bd47-a911dc7a5de2\/\",\"name\":\"SECAP Ecuador: Capacitaci\u00f3n, Certificaci\u00f3n y Formaci\u00f3n Laboral Destacada - Magistrae\",\"isPartOf\":{\"@id\":\"https:\/\/magistrae.com\/#website\"},\"datePublished\":\"2025-11-25T01:19:00+00:00\",\"dateModified\":\"2025-11-25T01:19:37+00:00\",\"breadcrumb\":{\"@id\":\"https:\/\/magistrae.com\/5538b9de-7057-4621-bd47-a911dc7a5de2\/#breadcrumb\"},\"inLanguage\":\"es\",\"potentialAction\":[{\"@type\":\"ReadAction\",\"target\":[\"https:\/\/magistrae.com\/5538b9de-7057-4621-bd47-a911dc7a5de2\/\"]}]},{\"@type\":\"BreadcrumbList\",\"@id\":\"https:\/\/magistrae.com\/5538b9de-7057-4621-bd47-a911dc7a5de2\/#breadcrumb\",\"itemListElement\":[{\"@type\":\"ListItem\",\"position\":1,\"name\":\"Home\",\"item\":\"https:\/\/magistrae.com\/\"},{\"@type\":\"ListItem\",\"position\":2,\"name\":\"SECAP Ecuador: Capacitaci\u00f3n, Certificaci\u00f3n y Formaci\u00f3n Laboral Destacada\"}]},{\"@type\":\"WebSite\",\"@id\":\"https:\/\/magistrae.com\/#website\",\"url\":\"https:\/\/magistrae.com\/\",\"name\":\"Magistrae\",\"description\":\"\",\"publisher\":{\"@id\":\"https:\/\/magistrae.com\/#organization\"},\"potentialAction\":[{\"@type\":\"SearchAction\",\"target\":{\"@type\":\"EntryPoint\",\"urlTemplate\":\"https:\/\/magistrae.com\/?s={search_term_string}\"},\"query-input\":\"required name=search_term_string\"}],\"inLanguage\":\"es\"},{\"@type\":\"Organization\",\"@id\":\"https:\/\/magistrae.com\/#organization\",\"name\":\"Magistrae\",\"url\":\"https:\/\/magistrae.com\/\",\"logo\":{\"@type\":\"ImageObject\",\"inLanguage\":\"es\",\"@id\":\"https:\/\/magistrae.com\/#\/schema\/logo\/image\/\",\"url\":\"https:\/\/magistrae.com\/wp-content\/uploads\/sites\/413\/2026\/03\/9_Magistrae.jpg\",\"contentUrl\":\"https:\/\/magistrae.com\/wp-content\/uploads\/sites\/413\/2026\/03\/9_Magistrae.jpg\",\"width\":2000,\"height\":2000,\"caption\":\"Magistrae\"},\"image\":{\"@id\":\"https:\/\/magistrae.com\/#\/schema\/logo\/image\/\"}},{\"@type\":\"Person\",\"@id\":\"https:\/\/magistrae.com\/#\/schema\/person\/d52888235fd6563bd07d97185d6a61e4\",\"name\":\"Bruno Gianni\",\"image\":{\"@type\":\"ImageObject\",\"inLanguage\":\"es\",\"@id\":\"https:\/\/magistrae.com\/#\/schema\/person\/image\/\",\"url\":\"https:\/\/secure.gravatar.com\/avatar\/0f5d42d7bf77874643c1478932860e3f?s=96&d=mm&r=g\",\"contentUrl\":\"https:\/\/secure.gravatar.com\/avatar\/0f5d42d7bf77874643c1478932860e3f?s=96&d=mm&r=g\",\"caption\":\"Bruno Gianni\"},\"description\":\"Bruno writes the way he lives, with curiosity, care, and respect for people. He likes to observe, listen, and try to understand what is happening on the other side before putting any words on the page.For him, writing is not about impressing, but about getting closer. It is about turning thoughts into something simple, clear, and real. Every text is an ongoing conversation, created with care and honesty, with the sincere intention of touching someone, somewhere along the way.\",\"url\":\"https:\/\/magistrae.com\/es\/author\/bcgianni\/\"}]}<\/script>\n<!-- \/ Yoast SEO plugin. -->","yoast_head_json":{"title":"SECAP Ecuador: Capacitaci\u00f3n, Certificaci\u00f3n y Formaci\u00f3n Laboral Destacada - Magistrae","robots":{"index":"index","follow":"follow","max-snippet":"max-snippet:-1","max-image-preview":"max-image-preview:large","max-video-preview":"max-video-preview:-1"},"canonical":"https:\/\/magistrae.com\/es\/5538b9de-7057-4621-bd47-a911dc7a5de2\/","og_locale":"es_ES","og_type":"article","og_title":"SECAP Ecuador: Capacitaci\u00f3n, Certificaci\u00f3n y Formaci\u00f3n Laboral Destacada - Magistrae","og_description":"Descubre c\u00f3mo obtener capacitaci\u00f3n profesional y certificaci\u00f3n oficial con SECAP Ecuador. Conoce los pasos, ventajas y oportunidades para tu crecimiento laboral.","og_url":"https:\/\/magistrae.com\/es\/5538b9de-7057-4621-bd47-a911dc7a5de2\/","og_site_name":"Magistrae","article_published_time":"2025-11-25T01:19:00+00:00","article_modified_time":"2025-11-25T01:19:37+00:00","author":"Bruno Gianni","twitter_card":"summary_large_image","twitter_misc":{"Written by":"Bruno Gianni","Est. reading time":"2 minutos"},"schema":{"@context":"https:\/\/schema.org","@graph":[{"@type":"Article","@id":"https:\/\/magistrae.com\/5538b9de-7057-4621-bd47-a911dc7a5de2\/#article","isPartOf":{"@id":"https:\/\/magistrae.com\/5538b9de-7057-4621-bd47-a911dc7a5de2\/"},"author":{"name":"Bruno Gianni","@id":"https:\/\/magistrae.com\/#\/schema\/person\/d52888235fd6563bd07d97185d6a61e4"},"headline":"SECAP Ecuador: Capacitaci\u00f3n, Certificaci\u00f3n y Formaci\u00f3n Laboral Destacada","datePublished":"2025-11-25T01:19:00+00:00","dateModified":"2025-11-25T01:19:37+00:00","mainEntityOfPage":{"@id":"https:\/\/magistrae.com\/5538b9de-7057-4621-bd47-a911dc7a5de2\/"},"wordCount":446,"commentCount":0,"publisher":{"@id":"https:\/\/magistrae.com\/#organization"},"articleSection":["Hidden"],"inLanguage":"es","potentialAction":[{"@type":"CommentAction","name":"Comment","target":["https:\/\/magistrae.com\/5538b9de-7057-4621-bd47-a911dc7a5de2\/#respond"]}]},{"@type":"WebPage","@id":"https:\/\/magistrae.com\/5538b9de-7057-4621-bd47-a911dc7a5de2\/","url":"https:\/\/magistrae.com\/5538b9de-7057-4621-bd47-a911dc7a5de2\/","name":"SECAP Ecuador: Capacitaci\u00f3n, Certificaci\u00f3n y Formaci\u00f3n Laboral Destacada - Magistrae","isPartOf":{"@id":"https:\/\/magistrae.com\/#website"},"datePublished":"2025-11-25T01:19:00+00:00","dateModified":"2025-11-25T01:19:37+00:00","breadcrumb":{"@id":"https:\/\/magistrae.com\/5538b9de-7057-4621-bd47-a911dc7a5de2\/#breadcrumb"},"inLanguage":"es","potentialAction":[{"@type":"ReadAction","target":["https:\/\/magistrae.com\/5538b9de-7057-4621-bd47-a911dc7a5de2\/"]}]},{"@type":"BreadcrumbList","@id":"https:\/\/magistrae.com\/5538b9de-7057-4621-bd47-a911dc7a5de2\/#breadcrumb","itemListElement":[{"@type":"ListItem","position":1,"name":"Home","item":"https:\/\/magistrae.com\/"},{"@type":"ListItem","position":2,"name":"SECAP Ecuador: Capacitaci\u00f3n, Certificaci\u00f3n y Formaci\u00f3n Laboral Destacada"}]},{"@type":"WebSite","@id":"https:\/\/magistrae.com\/#website","url":"https:\/\/magistrae.com\/","name":"Magistrae","description":"","publisher":{"@id":"https:\/\/magistrae.com\/#organization"},"potentialAction":[{"@type":"SearchAction","target":{"@type":"EntryPoint","urlTemplate":"https:\/\/magistrae.com\/?s={search_term_string}"},"query-input":"required name=search_term_string"}],"inLanguage":"es"},{"@type":"Organization","@id":"https:\/\/magistrae.com\/#organization","name":"Magistrae","url":"https:\/\/magistrae.com\/","logo":{"@type":"ImageObject","inLanguage":"es","@id":"https:\/\/magistrae.com\/#\/schema\/logo\/image\/","url":"https:\/\/magistrae.com\/wp-content\/uploads\/sites\/413\/2026\/03\/9_Magistrae.jpg","contentUrl":"https:\/\/magistrae.com\/wp-content\/uploads\/sites\/413\/2026\/03\/9_Magistrae.jpg","width":2000,"height":2000,"caption":"Magistrae"},"image":{"@id":"https:\/\/magistrae.com\/#\/schema\/logo\/image\/"}},{"@type":"Person","@id":"https:\/\/magistrae.com\/#\/schema\/person\/d52888235fd6563bd07d97185d6a61e4","name":"Bruno Gianni","image":{"@type":"ImageObject","inLanguage":"es","@id":"https:\/\/magistrae.com\/#\/schema\/person\/image\/","url":"https:\/\/secure.gravatar.com\/avatar\/0f5d42d7bf77874643c1478932860e3f?s=96&d=mm&r=g","contentUrl":"https:\/\/secure.gravatar.com\/avatar\/0f5d42d7bf77874643c1478932860e3f?s=96&d=mm&r=g","caption":"Bruno Gianni"},"description":"Bruno writes the way he lives, with curiosity, care, and respect for people. He likes to observe, listen, and try to understand what is happening on the other side before putting any words on the page.For him, writing is not about impressing, but about getting closer. It is about turning thoughts into something simple, clear, and real. Every text is an ongoing conversation, created with care and honesty, with the sincere intention of touching someone, somewhere along the way.","url":"https:\/\/magistrae.com\/es\/author\/bcgianni\/"}]}},"uagb_featured_image_src":{"full":false,"thumbnail":false,"medium":false,"medium_large":false,"large":false,"1536x1536":false,"2048x2048":false,"trp-custom-language-flag":false},"uagb_author_info":{"display_name":"Bruno Gianni","author_link":"https:\/\/magistrae.com\/es\/author\/bcgianni\/"},"uagb_comment_info":0,"uagb_excerpt":"Descubre c\u00f3mo obtener capacitaci\u00f3n profesional y certificaci\u00f3n oficial con SECAP Ecuador. Conoce los pasos, ventajas y oportunidades para tu crecimiento laboral.","_links":{"self":[{"href":"https:\/\/magistrae.com\/es\/wp-json\/wp\/v2\/posts\/2198"}],"collection":[{"href":"https:\/\/magistrae.com\/es\/wp-json\/wp\/v2\/posts"}],"about":[{"href":"https:\/\/magistrae.com\/es\/wp-json\/wp\/v2\/types\/post"}],"author":[{"embeddable":true,"href":"https:\/\/magistrae.com\/es\/wp-json\/wp\/v2\/users\/3"}],"replies":[{"embeddable":true,"href":"https:\/\/magistrae.com\/es\/wp-json\/wp\/v2\/comments?post=2198"}],"version-history":[{"count":1,"href":"https:\/\/magistrae.com\/es\/wp-json\/wp\/v2\/posts\/2198\/revisions"}],"predecessor-version":[{"id":2208,"href":"https:\/\/magistrae.com\/es\/wp-json\/wp\/v2\/posts\/2198\/revisions\/2208"}],"wp:attachment":[{"href":"https:\/\/magistrae.com\/es\/wp-json\/wp\/v2\/media?parent=2198"}],"wp:term":[{"taxonomy":"category","embeddable":true,"href":"https:\/\/magistrae.com\/es\/wp-json\/wp\/v2\/categories?post=2198"},{"taxonomy":"post_tag","embeddable":true,"href":"https:\/\/magistrae.com\/es\/wp-json\/wp\/v2\/tags?post=2198"}],"curies":[{"name":"wp","href":"https:\/\/api.w.org\/{rel}","templated":true}]}}