{"id":12254,"date":"2026-04-16T07:00:00","date_gmt":"2026-04-16T07:00:00","guid":{"rendered":"https:\/\/magistrae.com\/42b29c35-8c01-4cc6-b282-098150a56b49\/"},"modified":"2026-04-16T07:00:50","modified_gmt":"2026-04-16T07:00:50","slug":"42b29c35-8c01-4cc6-b282-098150a56b49","status":"publish","type":"post","link":"https:\/\/magistrae.com\/es\/42b29c35-8c01-4cc6-b282-098150a56b49\/","title":{"rendered":"Supervisor de Servi\u00e7os Gerais: Lideran\u00e7a, Desenvolvimento e Ambiente Multicultural"},"content":{"rendered":"<\/p>\n<\/p>\n<div style=\"background: #ffffff; border-radius: 12px; box-shadow: 0 10px 30px rgba(0, 0, 0, 0.1); width: 100%; max-width: 340px; padding: 25px; transition: transform 0.3s ease-in-out; overflow: visible; display: flex; flex-direction: column; position: relative; border: 1px solid #28a745; margin-top: 70px; margin-bottom: 50px; margin-left: auto; margin-right: auto;\">\n<div style=\"position: absolute; top: -35px; right: 15px; color: #28a745; padding: 5px 10px; border-radius: 6px; font-size: 14px; font-weight: bold; display: flex; align-items: center; z-index: 10;\">Recomendado para si<\/div>\n<div data-namespace-header=\"\" style=\"\">\n<h3 data-namespace-title=\"\" style=\"color: #333; font-size: 20px; font-weight: bold; text-align: left; margin-right: 50px; min-height: 50px; margin-top: 0px;\">Supervisor de Servi\u00e7os Gerais<\/h3>\n<\/p><\/div>\n<p data-namespace-prompt=\"\" style=\"font-size: 16px; color: #666; margin-bottom: 20px; line-height: 1.5; flex-grow: 1; text-align: left; margin-top: 0px;\">Gest\u00e3o de equipas, log\u00edstica eficiente, foco em compliance e ambiente multicultural. Experi\u00eancia s\u00f3lida e perfil &#8220;hands-on&#8221; valorizados. Oportunidade de crescimento internacional.<\/p>\n<p>    <a data-namespace-url=\"\" href=\"https:\/\/magistrae.com\/es\/redirect\/?https:\/\/angoemprego.com\/vagas\/supervisor-de-servicos-gerais\/?utm_campaign=google_jobs_apply&#038;utm_source=google_jobs_apply&#038;utm_medium=organic\" style=\"width: 100%; display: inline-block; color: white; text-decoration: none; border-radius: 6px; font-size: 16px; font-weight: bold; text-align: center; transition: transform 0.3s ease, background 0.3s ease; margin-top: auto;\" data-namespace-id=\"5c0d2565-3ba9-4280-a382-ad2a691e2285\"><br \/>\n        <button style=\"width: 100%; height: 55px; background: #e9e9ed; border: 1px solid black; color: black;\">Candidatar-se \u00e0 vaga<\/button><br \/>\n    <\/a><br \/>\n    <small style=\"margin-top: 10px; color: #777; font-size: 12px; text-align: center; display: block;\">Ser\u00e1 redirigido a otro sitio<\/small>\n<\/div>\n<p>A oportunidade para Supervisor de Servi\u00e7os Gerais oferece um ambiente din\u00e2mico, colaborativo e multicultural para profissionais experientes. O sal\u00e1rio e tipo de contrato n\u00e3o foram especificados, mas destaca-se a aposta no desenvolvimento profissional para quem demonstra experi\u00eancia e capacidade de lideran\u00e7a comprovada.<\/p>\n<p>A posi\u00e7\u00e3o exige disponibilidade para atuar em tarefas administrativas, gerir equipas de manuten\u00e7\u00e3o e transportes, al\u00e9m de otimizar recursos e garantir o cumprimento rigoroso de normas. Fundamental ter experi\u00eancia significativa em facilities e servi\u00e7os gerais, dom\u00ednio de ferramentas inform\u00e1ticas e esp\u00edrito &#8220;hands-on&#8221;.<\/p>\n<h2>Responsabilidades e Miss\u00e3o Di\u00e1ria<\/h2>\n<p>O dia a dia centra-se na gest\u00e3o de equipas de limpeza, controlo de alojamentos e transportes, bem como supervis\u00e3o de fornecedores e contratos. O profissional deve coordenar relat\u00f3rios e gerir planilhas de maneira eficiente, promovendo sempre uma boa comunica\u00e7\u00e3o entre as \u00e1reas envolvidas.<\/p>\n<p>Ser capaz de apoiar as opera\u00e7\u00f5es de campo \u00e9 essencial, assim como criar um ambiente de efici\u00eancia log\u00edstica. O cumprimento das normas de compliance interna \u00e9 uma parte importante deste papel exigente no segmento de servi\u00e7os gerais.<\/p>\n<p>Agilidade, organiza\u00e7\u00e3o e capacidade de planear rotinas s\u00e3o muito valorizadas. A gest\u00e3o e digitaliza\u00e7\u00e3o de documentos fazem parte do escopo da fun\u00e7\u00e3o. A proatividade no suporte \u00e0 ger\u00eancia administrativa est\u00e1 entre as expectativas.<\/p>\n<p>Al\u00e9m disso, aplicar treinamentos e manter o esp\u00edrito de equipa s\u00e3o requisitos esperados. O candidato ideal mostra \u00e9tica, integridade e responsabilidade em todas as tarefas desempenhadas.<\/p>\n<p>Valorizam-se compet\u00eancias de lideran\u00e7a, dom\u00ednio dos principais programas inform\u00e1ticos, bem como experi\u00eancias pr\u00e9vias em rotinas administrativas e controlos diversos.<\/p>\n<h2>Puntos Positivos<\/h2>\n<p>Um dos grandes atrativos desta vaga \u00e9 a cultura de diversidade e inclus\u00e3o promovida pela empresa, que aposta no desenvolvimento coletivo e no crescimento individual.<\/p>\n<p>A intera\u00e7\u00e3o com equipas multiculturais favorece a troca de experi\u00eancias, ampliando horizontes e permitindo ao profissional desenvolver compet\u00eancias t\u00e9cnicas e comportamentais importantes.<\/p>\n<h2>Pontos Menos Positivos<\/h2>\n<p>O ambiente pode ser desafiador para quem n\u00e3o est\u00e1 habituado a trabalhar sob press\u00e3o. A necessidade constante de adapta\u00e7\u00e3o \u00e0s normas e diretrizes pode exigir mais flexibilidade.<\/p>\n<p>Al\u00e9m disso, a obriga\u00e7\u00e3o de gerir m\u00faltiplas tarefas e equipas pode representar uma carga de responsabilidade significativa, especialmente para quem procura um ambiente mais est\u00e1vel e rotineiro.<\/p>\n<h2>Veredicto Final<\/h2>\n<p>Para quem deseja crescer numa empresa internacional com valores bem definidos, a fun\u00e7\u00e3o de Supervisor de Servi\u00e7os Gerais \u00e9 uma excelente escolha. Exige dedica\u00e7\u00e3o, compet\u00eancia e vontade de aprender.<\/p>\n<p>Se tem experi\u00eancia comprovada e ambi\u00e7\u00e3o para liderar equipas num ambiente multicultural, esta \u00e9 uma oportunidade a considerar para impulsionar a sua carreira profissional.<\/p>\n<div style=\"background: #ffffff; border-radius: 12px; box-shadow: 0 10px 30px rgba(0, 0, 0, 0.1); width: 100%; max-width: 340px; padding: 25px; transition: transform 0.3s ease-in-out; overflow: visible; display: flex; flex-direction: column; position: relative; border: 1px solid #28a745; margin-top: 70px; margin-bottom: 50px; margin-left: auto; margin-right: auto;\">\n<div style=\"position: absolute; top: -35px; right: 15px; color: #28a745; padding: 5px 10px; border-radius: 6px; font-size: 14px; font-weight: bold; display: flex; align-items: center; z-index: 10;\">Recomendado para si<\/div>\n<div data-namespace-header=\"\" style=\"\">\n<h3 data-namespace-title=\"\" style=\"color: #333; font-size: 20px; font-weight: bold; text-align: left; margin-right: 50px; min-height: 50px; margin-top: 0px;\">Supervisor de Servi\u00e7os Gerais<\/h3>\n<\/p><\/div>\n<p data-namespace-prompt=\"\" style=\"font-size: 16px; color: #666; margin-bottom: 20px; line-height: 1.5; flex-grow: 1; text-align: left; margin-top: 0px;\">Gest\u00e3o de equipas, log\u00edstica eficiente, foco em compliance e ambiente multicultural. Experi\u00eancia s\u00f3lida e perfil &#8220;hands-on&#8221; valorizados. Oportunidade de crescimento internacional.<\/p>\n<p>    <a data-namespace-url=\"\" href=\"https:\/\/magistrae.com\/es\/redirect\/?https:\/\/angoemprego.com\/vagas\/supervisor-de-servicos-gerais\/?utm_campaign=google_jobs_apply&#038;utm_source=google_jobs_apply&#038;utm_medium=organic\" style=\"width: 100%; display: inline-block; color: white; text-decoration: none; border-radius: 6px; font-size: 16px; font-weight: bold; text-align: center; transition: transform 0.3s ease, background 0.3s ease; margin-top: auto;\" data-namespace-id=\"5c0d2565-3ba9-4280-a382-ad2a691e2285\"><br \/>\n        <button style=\"width: 100%; height: 55px; background: #e9e9ed; border: 1px solid black; color: black;\">Candidatar-se \u00e0 vaga<\/button><br \/>\n    <\/a><br \/>\n    <small style=\"margin-top: 10px; color: #777; font-size: 12px; text-align: center; display: block;\">Ser\u00e1 redirigido a otro sitio<\/small>\n<\/div>","protected":false},"excerpt":{"rendered":"<p>Est\u00e1 \u00e0 procura de crescer profissionalmente? Vaga aberta para Supervisor de Servi\u00e7os Gerais! Lideran\u00e7a, compliance e desenvolvimento em ambiente multicultural. Candidate-se e evolua!<\/p>","protected":false},"author":3,"featured_media":0,"comment_status":"open","ping_status":"open","sticky":false,"template":"","format":"standard","meta":{"_uag_custom_page_level_css":"","site-sidebar-layout":"default","site-content-layout":"","ast-site-content-layout":"","site-content-style":"default","site-sidebar-style":"default","ast-global-header-display":"","ast-banner-title-visibility":"","ast-main-header-display":"","ast-hfb-above-header-display":"","ast-hfb-below-header-display":"","ast-hfb-mobile-header-display":"","site-post-title":"","ast-breadcrumbs-content":"","ast-featured-img":"","footer-sml-layout":"","theme-transparent-header-meta":"","adv-header-id-meta":"","stick-header-meta":"","header-above-stick-meta":"","header-main-stick-meta":"","header-below-stick-meta":"","astra-migrate-meta-layouts":"default","ast-page-background-enabled":"default","ast-page-background-meta":{"desktop":{"background-color":"var(--ast-global-color-4)","background-image":"","background-repeat":"repeat","background-position":"center center","background-size":"auto","background-attachment":"scroll","background-type":"","background-media":"","overlay-type":"","overlay-color":"","overlay-opacity":"","overlay-gradient":""},"tablet":{"background-color":"","background-image":"","background-repeat":"repeat","background-position":"center center","background-size":"auto","background-attachment":"scroll","background-type":"","background-media":"","overlay-type":"","overlay-color":"","overlay-opacity":"","overlay-gradient":""},"mobile":{"background-color":"","background-image":"","background-repeat":"repeat","background-position":"center center","background-size":"auto","background-attachment":"scroll","background-type":"","background-media":"","overlay-type":"","overlay-color":"","overlay-opacity":"","overlay-gradient":""}},"ast-content-background-meta":{"desktop":{"background-color":"var(--ast-global-color-5)","background-image":"","background-repeat":"repeat","background-position":"center center","background-size":"auto","background-attachment":"scroll","background-type":"","background-media":"","overlay-type":"","overlay-color":"","overlay-opacity":"","overlay-gradient":""},"tablet":{"background-color":"var(--ast-global-color-5)","background-image":"","background-repeat":"repeat","background-position":"center center","background-size":"auto","background-attachment":"scroll","background-type":"","background-media":"","overlay-type":"","overlay-color":"","overlay-opacity":"","overlay-gradient":""},"mobile":{"background-color":"var(--ast-global-color-5)","background-image":"","background-repeat":"repeat","background-position":"center center","background-size":"auto","background-attachment":"scroll","background-type":"","background-media":"","overlay-type":"","overlay-color":"","overlay-opacity":"","overlay-gradient":""}},"footnotes":""},"categories":[14],"tags":[],"yoast_head":"<!-- This site is optimized with the Yoast SEO plugin v23.3 - https:\/\/yoast.com\/wordpress\/plugins\/seo\/ -->\n<title>Supervisor de Servi\u00e7os Gerais: Lideran\u00e7a, Desenvolvimento e Ambiente Multicultural - Magistrae<\/title>\n<meta name=\"robots\" content=\"index, follow, max-snippet:-1, max-image-preview:large, max-video-preview:-1\" \/>\n<link rel=\"canonical\" href=\"https:\/\/magistrae.com\/es\/42b29c35-8c01-4cc6-b282-098150a56b49\/\" \/>\n<meta property=\"og:locale\" content=\"es_ES\" \/>\n<meta property=\"og:type\" content=\"article\" \/>\n<meta property=\"og:title\" content=\"Supervisor de Servi\u00e7os Gerais: Lideran\u00e7a, Desenvolvimento e Ambiente Multicultural - Magistrae\" \/>\n<meta property=\"og:description\" content=\"Est\u00e1 \u00e0 procura de crescer profissionalmente? Vaga aberta para Supervisor de Servi\u00e7os Gerais! Lideran\u00e7a, compliance e desenvolvimento em ambiente multicultural. Candidate-se e evolua!\" \/>\n<meta property=\"og:url\" content=\"https:\/\/magistrae.com\/es\/42b29c35-8c01-4cc6-b282-098150a56b49\/\" \/>\n<meta property=\"og:site_name\" content=\"Magistrae\" \/>\n<meta property=\"article:published_time\" content=\"2026-04-16T07:00:00+00:00\" \/>\n<meta property=\"article:modified_time\" content=\"2026-04-16T07:00:50+00:00\" \/>\n<meta name=\"author\" content=\"Bruno Gianni\" \/>\n<meta name=\"twitter:card\" content=\"summary_large_image\" \/>\n<meta name=\"twitter:label1\" content=\"Written by\" \/>\n\t<meta name=\"twitter:data1\" content=\"Bruno Gianni\" \/>\n\t<meta name=\"twitter:label2\" content=\"Est. reading time\" \/>\n\t<meta name=\"twitter:data2\" content=\"3 minutos\" \/>\n<script type=\"application\/ld+json\" class=\"yoast-schema-graph\">{\"@context\":\"https:\/\/schema.org\",\"@graph\":[{\"@type\":\"Article\",\"@id\":\"https:\/\/magistrae.com\/42b29c35-8c01-4cc6-b282-098150a56b49\/#article\",\"isPartOf\":{\"@id\":\"https:\/\/magistrae.com\/42b29c35-8c01-4cc6-b282-098150a56b49\/\"},\"author\":{\"name\":\"Bruno Gianni\",\"@id\":\"https:\/\/magistrae.com\/#\/schema\/person\/d52888235fd6563bd07d97185d6a61e4\"},\"headline\":\"Supervisor de Servi\u00e7os Gerais: Lideran\u00e7a, Desenvolvimento e Ambiente Multicultural\",\"datePublished\":\"2026-04-16T07:00:00+00:00\",\"dateModified\":\"2026-04-16T07:00:50+00:00\",\"mainEntityOfPage\":{\"@id\":\"https:\/\/magistrae.com\/42b29c35-8c01-4cc6-b282-098150a56b49\/\"},\"wordCount\":549,\"commentCount\":0,\"publisher\":{\"@id\":\"https:\/\/magistrae.com\/#organization\"},\"articleSection\":[\"Hidden\"],\"inLanguage\":\"es\",\"potentialAction\":[{\"@type\":\"CommentAction\",\"name\":\"Comment\",\"target\":[\"https:\/\/magistrae.com\/42b29c35-8c01-4cc6-b282-098150a56b49\/#respond\"]}]},{\"@type\":\"WebPage\",\"@id\":\"https:\/\/magistrae.com\/42b29c35-8c01-4cc6-b282-098150a56b49\/\",\"url\":\"https:\/\/magistrae.com\/42b29c35-8c01-4cc6-b282-098150a56b49\/\",\"name\":\"Supervisor de Servi\u00e7os Gerais: Lideran\u00e7a, Desenvolvimento e Ambiente Multicultural - Magistrae\",\"isPartOf\":{\"@id\":\"https:\/\/magistrae.com\/#website\"},\"datePublished\":\"2026-04-16T07:00:00+00:00\",\"dateModified\":\"2026-04-16T07:00:50+00:00\",\"breadcrumb\":{\"@id\":\"https:\/\/magistrae.com\/42b29c35-8c01-4cc6-b282-098150a56b49\/#breadcrumb\"},\"inLanguage\":\"es\",\"potentialAction\":[{\"@type\":\"ReadAction\",\"target\":[\"https:\/\/magistrae.com\/42b29c35-8c01-4cc6-b282-098150a56b49\/\"]}]},{\"@type\":\"BreadcrumbList\",\"@id\":\"https:\/\/magistrae.com\/42b29c35-8c01-4cc6-b282-098150a56b49\/#breadcrumb\",\"itemListElement\":[{\"@type\":\"ListItem\",\"position\":1,\"name\":\"Home\",\"item\":\"https:\/\/magistrae.com\/\"},{\"@type\":\"ListItem\",\"position\":2,\"name\":\"Supervisor de Servi\u00e7os Gerais: Lideran\u00e7a, Desenvolvimento e Ambiente Multicultural\"}]},{\"@type\":\"WebSite\",\"@id\":\"https:\/\/magistrae.com\/#website\",\"url\":\"https:\/\/magistrae.com\/\",\"name\":\"Magistrae\",\"description\":\"\",\"publisher\":{\"@id\":\"https:\/\/magistrae.com\/#organization\"},\"potentialAction\":[{\"@type\":\"SearchAction\",\"target\":{\"@type\":\"EntryPoint\",\"urlTemplate\":\"https:\/\/magistrae.com\/?s={search_term_string}\"},\"query-input\":\"required name=search_term_string\"}],\"inLanguage\":\"es\"},{\"@type\":\"Organization\",\"@id\":\"https:\/\/magistrae.com\/#organization\",\"name\":\"Magistrae\",\"url\":\"https:\/\/magistrae.com\/\",\"logo\":{\"@type\":\"ImageObject\",\"inLanguage\":\"es\",\"@id\":\"https:\/\/magistrae.com\/#\/schema\/logo\/image\/\",\"url\":\"https:\/\/magistrae.com\/wp-content\/uploads\/sites\/413\/2026\/03\/9_Magistrae.jpg\",\"contentUrl\":\"https:\/\/magistrae.com\/wp-content\/uploads\/sites\/413\/2026\/03\/9_Magistrae.jpg\",\"width\":2000,\"height\":2000,\"caption\":\"Magistrae\"},\"image\":{\"@id\":\"https:\/\/magistrae.com\/#\/schema\/logo\/image\/\"}},{\"@type\":\"Person\",\"@id\":\"https:\/\/magistrae.com\/#\/schema\/person\/d52888235fd6563bd07d97185d6a61e4\",\"name\":\"Bruno Gianni\",\"image\":{\"@type\":\"ImageObject\",\"inLanguage\":\"es\",\"@id\":\"https:\/\/magistrae.com\/#\/schema\/person\/image\/\",\"url\":\"https:\/\/secure.gravatar.com\/avatar\/0f5d42d7bf77874643c1478932860e3f?s=96&d=mm&r=g\",\"contentUrl\":\"https:\/\/secure.gravatar.com\/avatar\/0f5d42d7bf77874643c1478932860e3f?s=96&d=mm&r=g\",\"caption\":\"Bruno Gianni\"},\"description\":\"Bruno writes the way he lives, with curiosity, care, and respect for people. He likes to observe, listen, and try to understand what is happening on the other side before putting any words on the page.For him, writing is not about impressing, but about getting closer. It is about turning thoughts into something simple, clear, and real. Every text is an ongoing conversation, created with care and honesty, with the sincere intention of touching someone, somewhere along the way.\",\"url\":\"https:\/\/magistrae.com\/es\/author\/bcgianni\/\"}]}<\/script>\n<!-- \/ Yoast SEO plugin. -->","yoast_head_json":{"title":"Supervisor de Servi\u00e7os Gerais: Lideran\u00e7a, Desenvolvimento e Ambiente Multicultural - Magistrae","robots":{"index":"index","follow":"follow","max-snippet":"max-snippet:-1","max-image-preview":"max-image-preview:large","max-video-preview":"max-video-preview:-1"},"canonical":"https:\/\/magistrae.com\/es\/42b29c35-8c01-4cc6-b282-098150a56b49\/","og_locale":"es_ES","og_type":"article","og_title":"Supervisor de Servi\u00e7os Gerais: Lideran\u00e7a, Desenvolvimento e Ambiente Multicultural - Magistrae","og_description":"Est\u00e1 \u00e0 procura de crescer profissionalmente? Vaga aberta para Supervisor de Servi\u00e7os Gerais! Lideran\u00e7a, compliance e desenvolvimento em ambiente multicultural. Candidate-se e evolua!","og_url":"https:\/\/magistrae.com\/es\/42b29c35-8c01-4cc6-b282-098150a56b49\/","og_site_name":"Magistrae","article_published_time":"2026-04-16T07:00:00+00:00","article_modified_time":"2026-04-16T07:00:50+00:00","author":"Bruno Gianni","twitter_card":"summary_large_image","twitter_misc":{"Written by":"Bruno Gianni","Est. reading time":"3 minutos"},"schema":{"@context":"https:\/\/schema.org","@graph":[{"@type":"Article","@id":"https:\/\/magistrae.com\/42b29c35-8c01-4cc6-b282-098150a56b49\/#article","isPartOf":{"@id":"https:\/\/magistrae.com\/42b29c35-8c01-4cc6-b282-098150a56b49\/"},"author":{"name":"Bruno Gianni","@id":"https:\/\/magistrae.com\/#\/schema\/person\/d52888235fd6563bd07d97185d6a61e4"},"headline":"Supervisor de Servi\u00e7os Gerais: Lideran\u00e7a, Desenvolvimento e Ambiente Multicultural","datePublished":"2026-04-16T07:00:00+00:00","dateModified":"2026-04-16T07:00:50+00:00","mainEntityOfPage":{"@id":"https:\/\/magistrae.com\/42b29c35-8c01-4cc6-b282-098150a56b49\/"},"wordCount":549,"commentCount":0,"publisher":{"@id":"https:\/\/magistrae.com\/#organization"},"articleSection":["Hidden"],"inLanguage":"es","potentialAction":[{"@type":"CommentAction","name":"Comment","target":["https:\/\/magistrae.com\/42b29c35-8c01-4cc6-b282-098150a56b49\/#respond"]}]},{"@type":"WebPage","@id":"https:\/\/magistrae.com\/42b29c35-8c01-4cc6-b282-098150a56b49\/","url":"https:\/\/magistrae.com\/42b29c35-8c01-4cc6-b282-098150a56b49\/","name":"Supervisor de Servi\u00e7os Gerais: Lideran\u00e7a, Desenvolvimento e Ambiente Multicultural - Magistrae","isPartOf":{"@id":"https:\/\/magistrae.com\/#website"},"datePublished":"2026-04-16T07:00:00+00:00","dateModified":"2026-04-16T07:00:50+00:00","breadcrumb":{"@id":"https:\/\/magistrae.com\/42b29c35-8c01-4cc6-b282-098150a56b49\/#breadcrumb"},"inLanguage":"es","potentialAction":[{"@type":"ReadAction","target":["https:\/\/magistrae.com\/42b29c35-8c01-4cc6-b282-098150a56b49\/"]}]},{"@type":"BreadcrumbList","@id":"https:\/\/magistrae.com\/42b29c35-8c01-4cc6-b282-098150a56b49\/#breadcrumb","itemListElement":[{"@type":"ListItem","position":1,"name":"Home","item":"https:\/\/magistrae.com\/"},{"@type":"ListItem","position":2,"name":"Supervisor de Servi\u00e7os Gerais: Lideran\u00e7a, Desenvolvimento e Ambiente Multicultural"}]},{"@type":"WebSite","@id":"https:\/\/magistrae.com\/#website","url":"https:\/\/magistrae.com\/","name":"Magistrae","description":"","publisher":{"@id":"https:\/\/magistrae.com\/#organization"},"potentialAction":[{"@type":"SearchAction","target":{"@type":"EntryPoint","urlTemplate":"https:\/\/magistrae.com\/?s={search_term_string}"},"query-input":"required name=search_term_string"}],"inLanguage":"es"},{"@type":"Organization","@id":"https:\/\/magistrae.com\/#organization","name":"Magistrae","url":"https:\/\/magistrae.com\/","logo":{"@type":"ImageObject","inLanguage":"es","@id":"https:\/\/magistrae.com\/#\/schema\/logo\/image\/","url":"https:\/\/magistrae.com\/wp-content\/uploads\/sites\/413\/2026\/03\/9_Magistrae.jpg","contentUrl":"https:\/\/magistrae.com\/wp-content\/uploads\/sites\/413\/2026\/03\/9_Magistrae.jpg","width":2000,"height":2000,"caption":"Magistrae"},"image":{"@id":"https:\/\/magistrae.com\/#\/schema\/logo\/image\/"}},{"@type":"Person","@id":"https:\/\/magistrae.com\/#\/schema\/person\/d52888235fd6563bd07d97185d6a61e4","name":"Bruno Gianni","image":{"@type":"ImageObject","inLanguage":"es","@id":"https:\/\/magistrae.com\/#\/schema\/person\/image\/","url":"https:\/\/secure.gravatar.com\/avatar\/0f5d42d7bf77874643c1478932860e3f?s=96&d=mm&r=g","contentUrl":"https:\/\/secure.gravatar.com\/avatar\/0f5d42d7bf77874643c1478932860e3f?s=96&d=mm&r=g","caption":"Bruno Gianni"},"description":"Bruno writes the way he lives, with curiosity, care, and respect for people. He likes to observe, listen, and try to understand what is happening on the other side before putting any words on the page.For him, writing is not about impressing, but about getting closer. It is about turning thoughts into something simple, clear, and real. Every text is an ongoing conversation, created with care and honesty, with the sincere intention of touching someone, somewhere along the way.","url":"https:\/\/magistrae.com\/es\/author\/bcgianni\/"}]}},"uagb_featured_image_src":{"full":false,"thumbnail":false,"medium":false,"medium_large":false,"large":false,"1536x1536":false,"2048x2048":false,"trp-custom-language-flag":false},"uagb_author_info":{"display_name":"Bruno Gianni","author_link":"https:\/\/magistrae.com\/es\/author\/bcgianni\/"},"uagb_comment_info":0,"uagb_excerpt":"Est\u00e1 \u00e0 procura de crescer profissionalmente? Vaga aberta para Supervisor de Servi\u00e7os Gerais! Lideran\u00e7a, compliance e desenvolvimento em ambiente multicultural. Candidate-se e evolua!","_links":{"self":[{"href":"https:\/\/magistrae.com\/es\/wp-json\/wp\/v2\/posts\/12254"}],"collection":[{"href":"https:\/\/magistrae.com\/es\/wp-json\/wp\/v2\/posts"}],"about":[{"href":"https:\/\/magistrae.com\/es\/wp-json\/wp\/v2\/types\/post"}],"author":[{"embeddable":true,"href":"https:\/\/magistrae.com\/es\/wp-json\/wp\/v2\/users\/3"}],"replies":[{"embeddable":true,"href":"https:\/\/magistrae.com\/es\/wp-json\/wp\/v2\/comments?post=12254"}],"version-history":[{"count":1,"href":"https:\/\/magistrae.com\/es\/wp-json\/wp\/v2\/posts\/12254\/revisions"}],"predecessor-version":[{"id":12256,"href":"https:\/\/magistrae.com\/es\/wp-json\/wp\/v2\/posts\/12254\/revisions\/12256"}],"wp:attachment":[{"href":"https:\/\/magistrae.com\/es\/wp-json\/wp\/v2\/media?parent=12254"}],"wp:term":[{"taxonomy":"category","embeddable":true,"href":"https:\/\/magistrae.com\/es\/wp-json\/wp\/v2\/categories?post=12254"},{"taxonomy":"post_tag","embeddable":true,"href":"https:\/\/magistrae.com\/es\/wp-json\/wp\/v2\/tags?post=12254"}],"curies":[{"name":"wp","href":"https:\/\/api.w.org\/{rel}","templated":true}]}}