{"id":12234,"date":"2026-04-15T23:56:00","date_gmt":"2026-04-15T23:56:00","guid":{"rendered":"https:\/\/magistrae.com\/99f3d836-752f-405d-90d2-1ac0b0e65388\/"},"modified":"2026-04-15T23:56:53","modified_gmt":"2026-04-15T23:56:53","slug":"99f3d836-752f-405d-90d2-1ac0b0e65388","status":"publish","type":"post","link":"https:\/\/magistrae.com\/es\/99f3d836-752f-405d-90d2-1ac0b0e65388\/","title":{"rendered":"Vaga Gerente de Loja: Progresso na Carreira com Lideran\u00e7a e Forma\u00e7\u00e3o"},"content":{"rendered":"<\/p>\n<\/p>\n<div style=\"background: #ffffff; border-radius: 12px; box-shadow: 0 10px 30px rgba(0, 0, 0, 0.1); width: 100%; max-width: 340px; padding: 25px; transition: transform 0.3s ease-in-out; overflow: visible; display: flex; flex-direction: column; position: relative; border: 1px solid #28a745; margin-top: 70px; margin-bottom: 50px; margin-left: auto; margin-right: auto;\">\n<div style=\"position: absolute; top: -35px; right: 15px; color: #28a745; padding: 5px 10px; border-radius: 6px; font-size: 14px; font-weight: bold; display: flex; align-items: center; z-index: 10;\">Recomendado para si<\/div>\n<div data-namespace-header=\"\" style=\"\">\n<h3 data-namespace-title=\"\" style=\"color: #333; font-size: 20px; font-weight: bold; text-align: left; margin-right: 50px; min-height: 50px; margin-top: 0px;\">Gerente de Loja<\/h3>\n<\/p><\/div>\n<p data-namespace-prompt=\"\" style=\"font-size: 16px; color: #666; margin-bottom: 20px; line-height: 1.5; flex-grow: 1; text-align: left; margin-top: 0px;\">Fun\u00e7\u00e3o com foco em lideran\u00e7a, forma\u00e7\u00e3o de equipa, an\u00e1lise de vendas e gest\u00e3o operacional. Requer experi\u00eancia e perfil proativo. Oportunidade de crescimento real.<\/p>\n<p>    <a data-namespace-url=\"\" href=\"https:\/\/magistrae.com\/es\/redirect\/?https:\/\/angoemprego.com\/vagas\/tecnico-comercial-vendedor\/?utm_campaign=google_jobs_apply&#038;utm_source=google_jobs_apply&#038;utm_medium=organic\" style=\"width: 100%; display: inline-block; color: white; text-decoration: none; border-radius: 6px; font-size: 16px; font-weight: bold; text-align: center; transition: transform 0.3s ease, background 0.3s ease; margin-top: auto;\" data-namespace-id=\"5c0d2565-3ba9-4280-a382-ad2a691e2285\"><br \/>\n        <button style=\"width: 100%; height: 55px; background: #e9e9ed; border: 1px solid black; color: black;\">Candidatar-se \u00e0 vaga<\/button><br \/>\n    <\/a><br \/>\n    <small style=\"margin-top: 10px; color: #777; font-size: 12px; text-align: center; display: block;\">Ser\u00e1 redirigido a otro sitio<\/small>\n<\/div>\n<p>Se procura uma oportunidade para desenvolver a sua carreira numa empresa de refer\u00eancia, esta vaga como Gerente de Loja \u00e9 uma op\u00e7\u00e3o a considerar. Apesar do sal\u00e1rio n\u00e3o estar indicado, a posi\u00e7\u00e3o oferece estabilidade e evolu\u00e7\u00e3o. O modelo de emprego \u00e9 tradicional, com foco na responsabilidade e dinamismo dos candidatos. O perfil procurado valoriza profissionais com experi\u00eancia m\u00ednima de cinco anos, destacando a import\u00e2ncia da forma\u00e7\u00e3o escolar e pr\u00e1tica no ramo alimentar.<\/p>\n<h2>Responsabilidades do Dia-a-dia<\/h2>\n<p>O Gerente de Loja ser\u00e1 respons\u00e1vel por coordenar e motivar a equipa para maximizar resultados e dinamizar vendas diariamente.<\/p>\n<p>Ter\u00e1 de gerir o stock e garantir que toda a opera\u00e7\u00e3o decorre dentro dos par\u00e2metros definidos pela empresa.<\/p>\n<p>A fun\u00e7\u00e3o inclui ainda a elabora\u00e7\u00e3o de campanhas de comunica\u00e7\u00e3o e promo\u00e7\u00f5es, potenciando assim a competitividade no mercado.<\/p>\n<p>Dever\u00e1 realizar an\u00e1lises de vendas e preparar relat\u00f3rios claros para a administra\u00e7\u00e3o, mantendo o controlo dos dados relevantes.<\/p>\n<p>Por fim, ser\u00e1 respons\u00e1vel por formar e acompanhar os colaboradores, promovendo desenvolvimento interno e crescimento da equipa.<\/p>\n<h2>Pontos Positivos da Fun\u00e7\u00e3o<\/h2>\n<p>Uma das maiores vantagens deste cargo \u00e9 a oportunidade de liderar, gerindo pessoas e processos, consolidando compet\u00eancias para futuras promo\u00e7\u00f5es.<\/p>\n<p>A chance de formar colaboradores fortalece o ambiente de trabalho, aumentando a confian\u00e7a pessoal e o reconhecimento profissional.<\/p>\n<h2>Pontos Menos Favor\u00e1veis<\/h2>\n<p>Apesar dos benef\u00edcios, a fun\u00e7\u00e3o exige uma forte capacidade de gest\u00e3o sob press\u00e3o e grande responsabilidade na tomada de decis\u00f5es.<\/p>\n<p>A aus\u00eancia de detalhes sobre sal\u00e1rio pode dificultar logo \u00e0 partida a tomada de decis\u00e3o de alguns candidatos.<\/p>\n<h2>Veredito Final<\/h2>\n<p>No geral, a vaga de Gerente de Loja oferece um caminho promissor para quem quer crescer em gest\u00e3o comercial e lideran\u00e7a. Vale a pena candidatar-se.<\/p>\n<div style=\"background: #ffffff; border-radius: 12px; box-shadow: 0 10px 30px rgba(0, 0, 0, 0.1); width: 100%; max-width: 340px; padding: 25px; transition: transform 0.3s ease-in-out; overflow: visible; display: flex; flex-direction: column; position: relative; border: 1px solid #28a745; margin-top: 70px; margin-bottom: 50px; margin-left: auto; margin-right: auto;\">\n<div style=\"position: absolute; top: -35px; right: 15px; color: #28a745; padding: 5px 10px; border-radius: 6px; font-size: 14px; font-weight: bold; display: flex; align-items: center; z-index: 10;\">Recomendado para si<\/div>\n<div data-namespace-header=\"\" style=\"\">\n<h3 data-namespace-title=\"\" style=\"color: #333; font-size: 20px; font-weight: bold; text-align: left; margin-right: 50px; min-height: 50px; margin-top: 0px;\">Gerente de Loja<\/h3>\n<\/p><\/div>\n<p data-namespace-prompt=\"\" style=\"font-size: 16px; color: #666; margin-bottom: 20px; line-height: 1.5; flex-grow: 1; text-align: left; margin-top: 0px;\">Fun\u00e7\u00e3o com foco em lideran\u00e7a, forma\u00e7\u00e3o de equipa, an\u00e1lise de vendas e gest\u00e3o operacional. Requer experi\u00eancia e perfil proativo. Oportunidade de crescimento real.<\/p>\n<p>    <a data-namespace-url=\"\" href=\"https:\/\/magistrae.com\/es\/redirect\/?https:\/\/angoemprego.com\/vagas\/tecnico-comercial-vendedor\/?utm_campaign=google_jobs_apply&#038;utm_source=google_jobs_apply&#038;utm_medium=organic\" style=\"width: 100%; display: inline-block; color: white; text-decoration: none; border-radius: 6px; font-size: 16px; font-weight: bold; text-align: center; transition: transform 0.3s ease, background 0.3s ease; margin-top: auto;\" data-namespace-id=\"5c0d2565-3ba9-4280-a382-ad2a691e2285\"><br \/>\n        <button style=\"width: 100%; height: 55px; background: #e9e9ed; border: 1px solid black; color: black;\">Candidatar-se \u00e0 vaga<\/button><br \/>\n    <\/a><br \/>\n    <small style=\"margin-top: 10px; color: #777; font-size: 12px; text-align: center; display: block;\">Ser\u00e1 redirigido a otro sitio<\/small>\n<\/div>","protected":false},"excerpt":{"rendered":"<p>Descobre a posi\u00e7\u00e3o de Gerente de Loja, voltada para lideran\u00e7a, forma\u00e7\u00e3o e gest\u00e3o de equipas. Com requisitos de experi\u00eancia e perfil din\u00e2mico. Aproveita esta oportunidade!<\/p>","protected":false},"author":3,"featured_media":0,"comment_status":"open","ping_status":"open","sticky":false,"template":"","format":"standard","meta":{"_uag_custom_page_level_css":"","site-sidebar-layout":"default","site-content-layout":"","ast-site-content-layout":"","site-content-style":"default","site-sidebar-style":"default","ast-global-header-display":"","ast-banner-title-visibility":"","ast-main-header-display":"","ast-hfb-above-header-display":"","ast-hfb-below-header-display":"","ast-hfb-mobile-header-display":"","site-post-title":"","ast-breadcrumbs-content":"","ast-featured-img":"","footer-sml-layout":"","theme-transparent-header-meta":"","adv-header-id-meta":"","stick-header-meta":"","header-above-stick-meta":"","header-main-stick-meta":"","header-below-stick-meta":"","astra-migrate-meta-layouts":"default","ast-page-background-enabled":"default","ast-page-background-meta":{"desktop":{"background-color":"var(--ast-global-color-4)","background-image":"","background-repeat":"repeat","background-position":"center center","background-size":"auto","background-attachment":"scroll","background-type":"","background-media":"","overlay-type":"","overlay-color":"","overlay-opacity":"","overlay-gradient":""},"tablet":{"background-color":"","background-image":"","background-repeat":"repeat","background-position":"center center","background-size":"auto","background-attachment":"scroll","background-type":"","background-media":"","overlay-type":"","overlay-color":"","overlay-opacity":"","overlay-gradient":""},"mobile":{"background-color":"","background-image":"","background-repeat":"repeat","background-position":"center center","background-size":"auto","background-attachment":"scroll","background-type":"","background-media":"","overlay-type":"","overlay-color":"","overlay-opacity":"","overlay-gradient":""}},"ast-content-background-meta":{"desktop":{"background-color":"var(--ast-global-color-5)","background-image":"","background-repeat":"repeat","background-position":"center center","background-size":"auto","background-attachment":"scroll","background-type":"","background-media":"","overlay-type":"","overlay-color":"","overlay-opacity":"","overlay-gradient":""},"tablet":{"background-color":"var(--ast-global-color-5)","background-image":"","background-repeat":"repeat","background-position":"center center","background-size":"auto","background-attachment":"scroll","background-type":"","background-media":"","overlay-type":"","overlay-color":"","overlay-opacity":"","overlay-gradient":""},"mobile":{"background-color":"var(--ast-global-color-5)","background-image":"","background-repeat":"repeat","background-position":"center center","background-size":"auto","background-attachment":"scroll","background-type":"","background-media":"","overlay-type":"","overlay-color":"","overlay-opacity":"","overlay-gradient":""}},"footnotes":""},"categories":[14],"tags":[],"yoast_head":"<!-- This site is optimized with the Yoast SEO plugin v23.3 - https:\/\/yoast.com\/wordpress\/plugins\/seo\/ -->\n<title>Vaga Gerente de Loja: Progresso na Carreira com Lideran\u00e7a e Forma\u00e7\u00e3o - Magistrae<\/title>\n<meta name=\"robots\" content=\"index, follow, max-snippet:-1, max-image-preview:large, max-video-preview:-1\" \/>\n<link rel=\"canonical\" href=\"https:\/\/magistrae.com\/es\/99f3d836-752f-405d-90d2-1ac0b0e65388\/\" \/>\n<meta property=\"og:locale\" content=\"es_ES\" \/>\n<meta property=\"og:type\" content=\"article\" \/>\n<meta property=\"og:title\" content=\"Vaga Gerente de Loja: Progresso na Carreira com Lideran\u00e7a e Forma\u00e7\u00e3o - Magistrae\" \/>\n<meta property=\"og:description\" content=\"Descobre a posi\u00e7\u00e3o de Gerente de Loja, voltada para lideran\u00e7a, forma\u00e7\u00e3o e gest\u00e3o de equipas. Com requisitos de experi\u00eancia e perfil din\u00e2mico. Aproveita esta oportunidade!\" \/>\n<meta property=\"og:url\" content=\"https:\/\/magistrae.com\/es\/99f3d836-752f-405d-90d2-1ac0b0e65388\/\" \/>\n<meta property=\"og:site_name\" content=\"Magistrae\" \/>\n<meta property=\"article:published_time\" content=\"2026-04-15T23:56:00+00:00\" \/>\n<meta property=\"article:modified_time\" content=\"2026-04-15T23:56:53+00:00\" \/>\n<meta name=\"author\" content=\"Bruno Gianni\" \/>\n<meta name=\"twitter:card\" content=\"summary_large_image\" \/>\n<meta name=\"twitter:label1\" content=\"Written by\" \/>\n\t<meta name=\"twitter:data1\" content=\"Bruno Gianni\" \/>\n\t<meta name=\"twitter:label2\" content=\"Est. reading time\" \/>\n\t<meta name=\"twitter:data2\" content=\"2 minutos\" \/>\n<script type=\"application\/ld+json\" class=\"yoast-schema-graph\">{\"@context\":\"https:\/\/schema.org\",\"@graph\":[{\"@type\":\"Article\",\"@id\":\"https:\/\/magistrae.com\/99f3d836-752f-405d-90d2-1ac0b0e65388\/#article\",\"isPartOf\":{\"@id\":\"https:\/\/magistrae.com\/99f3d836-752f-405d-90d2-1ac0b0e65388\/\"},\"author\":{\"name\":\"Bruno Gianni\",\"@id\":\"https:\/\/magistrae.com\/#\/schema\/person\/d52888235fd6563bd07d97185d6a61e4\"},\"headline\":\"Vaga Gerente de Loja: Progresso na Carreira com Lideran\u00e7a e Forma\u00e7\u00e3o\",\"datePublished\":\"2026-04-15T23:56:00+00:00\",\"dateModified\":\"2026-04-15T23:56:53+00:00\",\"mainEntityOfPage\":{\"@id\":\"https:\/\/magistrae.com\/99f3d836-752f-405d-90d2-1ac0b0e65388\/\"},\"wordCount\":405,\"commentCount\":0,\"publisher\":{\"@id\":\"https:\/\/magistrae.com\/#organization\"},\"articleSection\":[\"Hidden\"],\"inLanguage\":\"es\",\"potentialAction\":[{\"@type\":\"CommentAction\",\"name\":\"Comment\",\"target\":[\"https:\/\/magistrae.com\/99f3d836-752f-405d-90d2-1ac0b0e65388\/#respond\"]}]},{\"@type\":\"WebPage\",\"@id\":\"https:\/\/magistrae.com\/99f3d836-752f-405d-90d2-1ac0b0e65388\/\",\"url\":\"https:\/\/magistrae.com\/99f3d836-752f-405d-90d2-1ac0b0e65388\/\",\"name\":\"Vaga Gerente de Loja: Progresso na Carreira com Lideran\u00e7a e Forma\u00e7\u00e3o - Magistrae\",\"isPartOf\":{\"@id\":\"https:\/\/magistrae.com\/#website\"},\"datePublished\":\"2026-04-15T23:56:00+00:00\",\"dateModified\":\"2026-04-15T23:56:53+00:00\",\"breadcrumb\":{\"@id\":\"https:\/\/magistrae.com\/99f3d836-752f-405d-90d2-1ac0b0e65388\/#breadcrumb\"},\"inLanguage\":\"es\",\"potentialAction\":[{\"@type\":\"ReadAction\",\"target\":[\"https:\/\/magistrae.com\/99f3d836-752f-405d-90d2-1ac0b0e65388\/\"]}]},{\"@type\":\"BreadcrumbList\",\"@id\":\"https:\/\/magistrae.com\/99f3d836-752f-405d-90d2-1ac0b0e65388\/#breadcrumb\",\"itemListElement\":[{\"@type\":\"ListItem\",\"position\":1,\"name\":\"Home\",\"item\":\"https:\/\/magistrae.com\/\"},{\"@type\":\"ListItem\",\"position\":2,\"name\":\"Vaga Gerente de Loja: Progresso na Carreira com Lideran\u00e7a e Forma\u00e7\u00e3o\"}]},{\"@type\":\"WebSite\",\"@id\":\"https:\/\/magistrae.com\/#website\",\"url\":\"https:\/\/magistrae.com\/\",\"name\":\"Magistrae\",\"description\":\"\",\"publisher\":{\"@id\":\"https:\/\/magistrae.com\/#organization\"},\"potentialAction\":[{\"@type\":\"SearchAction\",\"target\":{\"@type\":\"EntryPoint\",\"urlTemplate\":\"https:\/\/magistrae.com\/?s={search_term_string}\"},\"query-input\":\"required name=search_term_string\"}],\"inLanguage\":\"es\"},{\"@type\":\"Organization\",\"@id\":\"https:\/\/magistrae.com\/#organization\",\"name\":\"Magistrae\",\"url\":\"https:\/\/magistrae.com\/\",\"logo\":{\"@type\":\"ImageObject\",\"inLanguage\":\"es\",\"@id\":\"https:\/\/magistrae.com\/#\/schema\/logo\/image\/\",\"url\":\"https:\/\/magistrae.com\/wp-content\/uploads\/sites\/413\/2026\/03\/9_Magistrae.jpg\",\"contentUrl\":\"https:\/\/magistrae.com\/wp-content\/uploads\/sites\/413\/2026\/03\/9_Magistrae.jpg\",\"width\":2000,\"height\":2000,\"caption\":\"Magistrae\"},\"image\":{\"@id\":\"https:\/\/magistrae.com\/#\/schema\/logo\/image\/\"}},{\"@type\":\"Person\",\"@id\":\"https:\/\/magistrae.com\/#\/schema\/person\/d52888235fd6563bd07d97185d6a61e4\",\"name\":\"Bruno Gianni\",\"image\":{\"@type\":\"ImageObject\",\"inLanguage\":\"es\",\"@id\":\"https:\/\/magistrae.com\/#\/schema\/person\/image\/\",\"url\":\"https:\/\/secure.gravatar.com\/avatar\/0f5d42d7bf77874643c1478932860e3f?s=96&d=mm&r=g\",\"contentUrl\":\"https:\/\/secure.gravatar.com\/avatar\/0f5d42d7bf77874643c1478932860e3f?s=96&d=mm&r=g\",\"caption\":\"Bruno Gianni\"},\"description\":\"Bruno writes the way he lives, with curiosity, care, and respect for people. He likes to observe, listen, and try to understand what is happening on the other side before putting any words on the page.For him, writing is not about impressing, but about getting closer. It is about turning thoughts into something simple, clear, and real. Every text is an ongoing conversation, created with care and honesty, with the sincere intention of touching someone, somewhere along the way.\",\"url\":\"https:\/\/magistrae.com\/es\/author\/bcgianni\/\"}]}<\/script>\n<!-- \/ Yoast SEO plugin. -->","yoast_head_json":{"title":"Vaga Gerente de Loja: Progresso na Carreira com Lideran\u00e7a e Forma\u00e7\u00e3o - Magistrae","robots":{"index":"index","follow":"follow","max-snippet":"max-snippet:-1","max-image-preview":"max-image-preview:large","max-video-preview":"max-video-preview:-1"},"canonical":"https:\/\/magistrae.com\/es\/99f3d836-752f-405d-90d2-1ac0b0e65388\/","og_locale":"es_ES","og_type":"article","og_title":"Vaga Gerente de Loja: Progresso na Carreira com Lideran\u00e7a e Forma\u00e7\u00e3o - Magistrae","og_description":"Descobre a posi\u00e7\u00e3o de Gerente de Loja, voltada para lideran\u00e7a, forma\u00e7\u00e3o e gest\u00e3o de equipas. Com requisitos de experi\u00eancia e perfil din\u00e2mico. Aproveita esta oportunidade!","og_url":"https:\/\/magistrae.com\/es\/99f3d836-752f-405d-90d2-1ac0b0e65388\/","og_site_name":"Magistrae","article_published_time":"2026-04-15T23:56:00+00:00","article_modified_time":"2026-04-15T23:56:53+00:00","author":"Bruno Gianni","twitter_card":"summary_large_image","twitter_misc":{"Written by":"Bruno Gianni","Est. reading time":"2 minutos"},"schema":{"@context":"https:\/\/schema.org","@graph":[{"@type":"Article","@id":"https:\/\/magistrae.com\/99f3d836-752f-405d-90d2-1ac0b0e65388\/#article","isPartOf":{"@id":"https:\/\/magistrae.com\/99f3d836-752f-405d-90d2-1ac0b0e65388\/"},"author":{"name":"Bruno Gianni","@id":"https:\/\/magistrae.com\/#\/schema\/person\/d52888235fd6563bd07d97185d6a61e4"},"headline":"Vaga Gerente de Loja: Progresso na Carreira com Lideran\u00e7a e Forma\u00e7\u00e3o","datePublished":"2026-04-15T23:56:00+00:00","dateModified":"2026-04-15T23:56:53+00:00","mainEntityOfPage":{"@id":"https:\/\/magistrae.com\/99f3d836-752f-405d-90d2-1ac0b0e65388\/"},"wordCount":405,"commentCount":0,"publisher":{"@id":"https:\/\/magistrae.com\/#organization"},"articleSection":["Hidden"],"inLanguage":"es","potentialAction":[{"@type":"CommentAction","name":"Comment","target":["https:\/\/magistrae.com\/99f3d836-752f-405d-90d2-1ac0b0e65388\/#respond"]}]},{"@type":"WebPage","@id":"https:\/\/magistrae.com\/99f3d836-752f-405d-90d2-1ac0b0e65388\/","url":"https:\/\/magistrae.com\/99f3d836-752f-405d-90d2-1ac0b0e65388\/","name":"Vaga Gerente de Loja: Progresso na Carreira com Lideran\u00e7a e Forma\u00e7\u00e3o - Magistrae","isPartOf":{"@id":"https:\/\/magistrae.com\/#website"},"datePublished":"2026-04-15T23:56:00+00:00","dateModified":"2026-04-15T23:56:53+00:00","breadcrumb":{"@id":"https:\/\/magistrae.com\/99f3d836-752f-405d-90d2-1ac0b0e65388\/#breadcrumb"},"inLanguage":"es","potentialAction":[{"@type":"ReadAction","target":["https:\/\/magistrae.com\/99f3d836-752f-405d-90d2-1ac0b0e65388\/"]}]},{"@type":"BreadcrumbList","@id":"https:\/\/magistrae.com\/99f3d836-752f-405d-90d2-1ac0b0e65388\/#breadcrumb","itemListElement":[{"@type":"ListItem","position":1,"name":"Home","item":"https:\/\/magistrae.com\/"},{"@type":"ListItem","position":2,"name":"Vaga Gerente de Loja: Progresso na Carreira com Lideran\u00e7a e Forma\u00e7\u00e3o"}]},{"@type":"WebSite","@id":"https:\/\/magistrae.com\/#website","url":"https:\/\/magistrae.com\/","name":"Magistrae","description":"","publisher":{"@id":"https:\/\/magistrae.com\/#organization"},"potentialAction":[{"@type":"SearchAction","target":{"@type":"EntryPoint","urlTemplate":"https:\/\/magistrae.com\/?s={search_term_string}"},"query-input":"required name=search_term_string"}],"inLanguage":"es"},{"@type":"Organization","@id":"https:\/\/magistrae.com\/#organization","name":"Magistrae","url":"https:\/\/magistrae.com\/","logo":{"@type":"ImageObject","inLanguage":"es","@id":"https:\/\/magistrae.com\/#\/schema\/logo\/image\/","url":"https:\/\/magistrae.com\/wp-content\/uploads\/sites\/413\/2026\/03\/9_Magistrae.jpg","contentUrl":"https:\/\/magistrae.com\/wp-content\/uploads\/sites\/413\/2026\/03\/9_Magistrae.jpg","width":2000,"height":2000,"caption":"Magistrae"},"image":{"@id":"https:\/\/magistrae.com\/#\/schema\/logo\/image\/"}},{"@type":"Person","@id":"https:\/\/magistrae.com\/#\/schema\/person\/d52888235fd6563bd07d97185d6a61e4","name":"Bruno Gianni","image":{"@type":"ImageObject","inLanguage":"es","@id":"https:\/\/magistrae.com\/#\/schema\/person\/image\/","url":"https:\/\/secure.gravatar.com\/avatar\/0f5d42d7bf77874643c1478932860e3f?s=96&d=mm&r=g","contentUrl":"https:\/\/secure.gravatar.com\/avatar\/0f5d42d7bf77874643c1478932860e3f?s=96&d=mm&r=g","caption":"Bruno Gianni"},"description":"Bruno writes the way he lives, with curiosity, care, and respect for people. He likes to observe, listen, and try to understand what is happening on the other side before putting any words on the page.For him, writing is not about impressing, but about getting closer. It is about turning thoughts into something simple, clear, and real. Every text is an ongoing conversation, created with care and honesty, with the sincere intention of touching someone, somewhere along the way.","url":"https:\/\/magistrae.com\/es\/author\/bcgianni\/"}]}},"uagb_featured_image_src":{"full":false,"thumbnail":false,"medium":false,"medium_large":false,"large":false,"1536x1536":false,"2048x2048":false,"trp-custom-language-flag":false},"uagb_author_info":{"display_name":"Bruno Gianni","author_link":"https:\/\/magistrae.com\/es\/author\/bcgianni\/"},"uagb_comment_info":0,"uagb_excerpt":"Descobre a posi\u00e7\u00e3o de Gerente de Loja, voltada para lideran\u00e7a, forma\u00e7\u00e3o e gest\u00e3o de equipas. Com requisitos de experi\u00eancia e perfil din\u00e2mico. Aproveita esta oportunidade!","_links":{"self":[{"href":"https:\/\/magistrae.com\/es\/wp-json\/wp\/v2\/posts\/12234"}],"collection":[{"href":"https:\/\/magistrae.com\/es\/wp-json\/wp\/v2\/posts"}],"about":[{"href":"https:\/\/magistrae.com\/es\/wp-json\/wp\/v2\/types\/post"}],"author":[{"embeddable":true,"href":"https:\/\/magistrae.com\/es\/wp-json\/wp\/v2\/users\/3"}],"replies":[{"embeddable":true,"href":"https:\/\/magistrae.com\/es\/wp-json\/wp\/v2\/comments?post=12234"}],"version-history":[{"count":1,"href":"https:\/\/magistrae.com\/es\/wp-json\/wp\/v2\/posts\/12234\/revisions"}],"predecessor-version":[{"id":12243,"href":"https:\/\/magistrae.com\/es\/wp-json\/wp\/v2\/posts\/12234\/revisions\/12243"}],"wp:attachment":[{"href":"https:\/\/magistrae.com\/es\/wp-json\/wp\/v2\/media?parent=12234"}],"wp:term":[{"taxonomy":"category","embeddable":true,"href":"https:\/\/magistrae.com\/es\/wp-json\/wp\/v2\/categories?post=12234"},{"taxonomy":"post_tag","embeddable":true,"href":"https:\/\/magistrae.com\/es\/wp-json\/wp\/v2\/tags?post=12234"}],"curies":[{"name":"wp","href":"https:\/\/api.w.org\/{rel}","templated":true}]}}