{"id":12230,"date":"2026-04-15T23:56:00","date_gmt":"2026-04-15T23:56:00","guid":{"rendered":"https:\/\/magistrae.com\/1d1f8b32-9da0-4cbe-bdfe-a6a9cea452ab\/"},"modified":"2026-04-15T23:56:46","modified_gmt":"2026-04-15T23:56:46","slug":"1d1f8b32-9da0-4cbe-bdfe-a6a9cea452ab","status":"publish","type":"post","link":"https:\/\/magistrae.com\/es\/1d1f8b32-9da0-4cbe-bdfe-a6a9cea452ab\/","title":{"rendered":"Vagas para Vendedores | Perfil Comercial e Esp\u00edrito de Equipa"},"content":{"rendered":"<\/p>\n<\/p>\n<div style=\"background: #ffffff; border-radius: 12px; box-shadow: 0 10px 30px rgba(0, 0, 0, 0.1); width: 100%; max-width: 340px; padding: 25px; transition: transform 0.3s ease-in-out; overflow: visible; display: flex; flex-direction: column; position: relative; border: 1px solid #28a745; margin-top: 70px; margin-bottom: 50px; margin-left: auto; margin-right: auto;\">\n<div style=\"position: absolute; top: -35px; right: 15px; color: #28a745; padding: 5px 10px; border-radius: 6px; font-size: 14px; font-weight: bold; display: flex; align-items: center; z-index: 10;\">Recomendado para si<\/div>\n<div data-namespace-header=\"\" style=\"\">\n<h3 data-namespace-title=\"\" style=\"color: #333; font-size: 20px; font-weight: bold; text-align: left; margin-right: 50px; min-height: 50px; margin-top: 0px;\">Vendedor(a) Comercial<\/h3>\n<\/p><\/div>\n<p data-namespace-prompt=\"\" style=\"font-size: 16px; color: #666; margin-bottom: 20px; line-height: 1.5; flex-grow: 1; text-align: left; margin-top: 0px;\">Procura-se vendedor(a) experiente em vendas de motocicletas, com forte foco em resultados, esp\u00edrito de equipa, proatividade e boa comunica\u00e7\u00e3o. Excelente oportunidade para o seu crescimento.<\/p>\n<p>    <a data-namespace-url=\"\" href=\"https:\/\/magistrae.com\/es\/redirect\/?https:\/\/ao.empregosyoyota.net\/empregos\/vagas-urgentes-para-vendedores-4-vagas?utm_campaign=google_jobs_apply&#038;utm_source=google_jobs_apply&#038;utm_medium=organic\" style=\"width: 100%; display: inline-block; color: white; text-decoration: none; border-radius: 6px; font-size: 16px; font-weight: bold; text-align: center; transition: transform 0.3s ease, background 0.3s ease; margin-top: auto;\" data-namespace-id=\"5c0d2565-3ba9-4280-a382-ad2a691e2285\"><br \/>\n        <button style=\"width: 100%; height: 55px; background: #e9e9ed; border: 1px solid black; color: black;\">Candidatar-se \u00e0 vaga<\/button><br \/>\n    <\/a><br \/>\n    <small style=\"margin-top: 10px; color: #777; font-size: 12px; text-align: center; display: block;\">Ser\u00e1 redirecionado para outro website<\/small>\n<\/div>\n<p>A vaga para vendedores divulgada recentemente oferece 4 oportunidades para quem j\u00e1 conta com experi\u00eancia no sector comercial, especialmente no segmento de motocicletas. N\u00e3o s\u00e3o fornecidas informa\u00e7\u00f5es espec\u00edficas sobre sal\u00e1rio ou benef\u00edcios adicionais, nem detalhes sobre o tipo de contrato, o que pode levar o candidato a solicitar esses esclarecimentos durante o processo de candidatura.<\/p>\n<p>O ambiente de trabalho valoriza o profissional comprometido, proativo e capaz de trabalhar com metas a atingir. O foco do perfil procurado recai sobre uma atitude positiva, boa capacidade de comunica\u00e7\u00e3o e persuas\u00e3o, e naturalmente a ambi\u00e7\u00e3o de alcan\u00e7ar resultados de vendas consistentes.<\/p>\n<h3>O dia-a-dia do vendedor(a)<\/h3>\n<p>No contexto desta fun\u00e7\u00e3o, o(a) vendedor(a) ter\u00e1 como principal responsabilidade apresentar e vender motocicletas a potenciais clientes, sendo fundamental um bom relacionamento interpessoal ao longo de todas as etapas.<\/p>\n<p>Parte do quotidiano inclui identificar oportunidades, fazer o acompanhamento p\u00f3s-venda e contribuir para o crescimento da carteira de clientes, al\u00e9m de partilhar feedbacks com a equipa.<\/p>\n<p>\u00c9 esperado do candidato empenho em bater metas, muita aten\u00e7\u00e3o ao cliente e capacidade para lidar com negocia\u00e7\u00f5es variadas. O dinamismo e a organiza\u00e7\u00e3o far\u00e3o diferen\u00e7a neste local de trabalho.<\/p>\n<p>Por fim, estar dispon\u00edvel para aprender continuamente sobre as tend\u00eancias de mercado e novos produtos ser\u00e1 fator determinante para se destacar nessa posi\u00e7\u00e3o.<\/p>\n<h3>Vantagens desta vaga<\/h3>\n<p>Uma das principais vantagens \u00e9 o ambiente voltado ao crescimento profissional e \u00e0 aprendizagem pr\u00e1tica, permitindo o desenvolvimento das suas capacidades comerciais de forma acelerada.<\/p>\n<p>O contato com diferentes perfis de clientes e produtos traz constante desafio e evolu\u00e7\u00e3o, proporcionando novas experi\u00eancias e a constru\u00e7\u00e3o de uma carteira de clientes s\u00f3lida.<\/p>\n<h3>Desvantagens poss\u00edveis<\/h3>\n<p>Por outro lado, a aus\u00eancia de detalhes sobre sal\u00e1rio e benef\u00edcios pode deixar algumas d\u00favidas no candidato, sendo aconselh\u00e1vel buscar esses dados durante o processo seletivo.<\/p>\n<p>Al\u00e9m disso, a press\u00e3o pelas metas pode ser significativa, especialmente para profissionais que buscam uma rotina mais est\u00e1vel ou previs\u00edvel.<\/p>\n<h3>Veredito Final<\/h3>\n<p>Se possui perfil proativo, experi\u00eancia em vendas de motocicletas e gosta de desafios, esta vaga representa uma excelente oportunidade de carreira. Avalie as suas prioridades e prepare-se para competir por uma das quatro vagas abertas!<\/p>\n<div style=\"background: #ffffff; border-radius: 12px; box-shadow: 0 10px 30px rgba(0, 0, 0, 0.1); width: 100%; max-width: 340px; padding: 25px; transition: transform 0.3s ease-in-out; overflow: visible; display: flex; flex-direction: column; position: relative; border: 1px solid #28a745; margin-top: 70px; margin-bottom: 50px; margin-left: auto; margin-right: auto;\">\n<div style=\"position: absolute; top: -35px; right: 15px; color: #28a745; padding: 5px 10px; border-radius: 6px; font-size: 14px; font-weight: bold; display: flex; align-items: center; z-index: 10;\">Recomendado para si<\/div>\n<div data-namespace-header=\"\" style=\"\">\n<h3 data-namespace-title=\"\" style=\"color: #333; font-size: 20px; font-weight: bold; text-align: left; margin-right: 50px; min-height: 50px; margin-top: 0px;\">Vendedor(a) Comercial<\/h3>\n<\/p><\/div>\n<p data-namespace-prompt=\"\" style=\"font-size: 16px; color: #666; margin-bottom: 20px; line-height: 1.5; flex-grow: 1; text-align: left; margin-top: 0px;\">Procura-se vendedor(a) experiente em vendas de motocicletas, com forte foco em resultados, esp\u00edrito de equipa, proatividade e boa comunica\u00e7\u00e3o. Excelente oportunidade para o seu crescimento.<\/p>\n<p>    <a data-namespace-url=\"\" href=\"https:\/\/magistrae.com\/es\/redirect\/?https:\/\/ao.empregosyoyota.net\/empregos\/vagas-urgentes-para-vendedores-4-vagas?utm_campaign=google_jobs_apply&#038;utm_source=google_jobs_apply&#038;utm_medium=organic\" style=\"width: 100%; display: inline-block; color: white; text-decoration: none; border-radius: 6px; font-size: 16px; font-weight: bold; text-align: center; transition: transform 0.3s ease, background 0.3s ease; margin-top: auto;\" data-namespace-id=\"5c0d2565-3ba9-4280-a382-ad2a691e2285\"><br \/>\n        <button style=\"width: 100%; height: 55px; background: #e9e9ed; border: 1px solid black; color: black;\">Candidatar-se \u00e0 vaga<\/button><br \/>\n    <\/a><br \/>\n    <small style=\"margin-top: 10px; color: #777; font-size: 12px; text-align: center; display: block;\">Ser\u00e1 redirecionado para outro website<\/small>\n<\/div>","protected":false},"excerpt":{"rendered":"<p>Quatro vagas abertas para vendedores com experi\u00eancia em motocicletas. Perfil comercial, proatividade e crescimento profissional. Candidate-se j\u00e1 e avance na sua carreira!<\/p>","protected":false},"author":3,"featured_media":0,"comment_status":"open","ping_status":"open","sticky":false,"template":"","format":"standard","meta":{"_uag_custom_page_level_css":"","site-sidebar-layout":"default","site-content-layout":"","ast-site-content-layout":"","site-content-style":"default","site-sidebar-style":"default","ast-global-header-display":"","ast-banner-title-visibility":"","ast-main-header-display":"","ast-hfb-above-header-display":"","ast-hfb-below-header-display":"","ast-hfb-mobile-header-display":"","site-post-title":"","ast-breadcrumbs-content":"","ast-featured-img":"","footer-sml-layout":"","theme-transparent-header-meta":"","adv-header-id-meta":"","stick-header-meta":"","header-above-stick-meta":"","header-main-stick-meta":"","header-below-stick-meta":"","astra-migrate-meta-layouts":"default","ast-page-background-enabled":"default","ast-page-background-meta":{"desktop":{"background-color":"var(--ast-global-color-4)","background-image":"","background-repeat":"repeat","background-position":"center center","background-size":"auto","background-attachment":"scroll","background-type":"","background-media":"","overlay-type":"","overlay-color":"","overlay-opacity":"","overlay-gradient":""},"tablet":{"background-color":"","background-image":"","background-repeat":"repeat","background-position":"center center","background-size":"auto","background-attachment":"scroll","background-type":"","background-media":"","overlay-type":"","overlay-color":"","overlay-opacity":"","overlay-gradient":""},"mobile":{"background-color":"","background-image":"","background-repeat":"repeat","background-position":"center center","background-size":"auto","background-attachment":"scroll","background-type":"","background-media":"","overlay-type":"","overlay-color":"","overlay-opacity":"","overlay-gradient":""}},"ast-content-background-meta":{"desktop":{"background-color":"var(--ast-global-color-5)","background-image":"","background-repeat":"repeat","background-position":"center center","background-size":"auto","background-attachment":"scroll","background-type":"","background-media":"","overlay-type":"","overlay-color":"","overlay-opacity":"","overlay-gradient":""},"tablet":{"background-color":"var(--ast-global-color-5)","background-image":"","background-repeat":"repeat","background-position":"center center","background-size":"auto","background-attachment":"scroll","background-type":"","background-media":"","overlay-type":"","overlay-color":"","overlay-opacity":"","overlay-gradient":""},"mobile":{"background-color":"var(--ast-global-color-5)","background-image":"","background-repeat":"repeat","background-position":"center center","background-size":"auto","background-attachment":"scroll","background-type":"","background-media":"","overlay-type":"","overlay-color":"","overlay-opacity":"","overlay-gradient":""}},"footnotes":""},"categories":[14],"tags":[],"yoast_head":"<!-- This site is optimized with the Yoast SEO plugin v23.3 - https:\/\/yoast.com\/wordpress\/plugins\/seo\/ -->\n<title>Vagas para Vendedores | Perfil Comercial e Esp\u00edrito de Equipa - Magistrae<\/title>\n<meta name=\"robots\" content=\"index, follow, max-snippet:-1, max-image-preview:large, max-video-preview:-1\" \/>\n<link rel=\"canonical\" href=\"https:\/\/magistrae.com\/es\/1d1f8b32-9da0-4cbe-bdfe-a6a9cea452ab\/\" \/>\n<meta property=\"og:locale\" content=\"es_ES\" \/>\n<meta property=\"og:type\" content=\"article\" \/>\n<meta property=\"og:title\" content=\"Vagas para Vendedores | Perfil Comercial e Esp\u00edrito de Equipa - Magistrae\" \/>\n<meta property=\"og:description\" content=\"Quatro vagas abertas para vendedores com experi\u00eancia em motocicletas. Perfil comercial, proatividade e crescimento profissional. Candidate-se j\u00e1 e avance na sua carreira!\" \/>\n<meta property=\"og:url\" content=\"https:\/\/magistrae.com\/es\/1d1f8b32-9da0-4cbe-bdfe-a6a9cea452ab\/\" \/>\n<meta property=\"og:site_name\" content=\"Magistrae\" \/>\n<meta property=\"article:published_time\" content=\"2026-04-15T23:56:00+00:00\" \/>\n<meta property=\"article:modified_time\" content=\"2026-04-15T23:56:46+00:00\" \/>\n<meta name=\"author\" content=\"Bruno Gianni\" \/>\n<meta name=\"twitter:card\" content=\"summary_large_image\" \/>\n<meta name=\"twitter:label1\" content=\"Written by\" \/>\n\t<meta name=\"twitter:data1\" content=\"Bruno Gianni\" \/>\n\t<meta name=\"twitter:label2\" content=\"Est. reading time\" \/>\n\t<meta name=\"twitter:data2\" content=\"2 minutos\" \/>\n<script type=\"application\/ld+json\" class=\"yoast-schema-graph\">{\"@context\":\"https:\/\/schema.org\",\"@graph\":[{\"@type\":\"Article\",\"@id\":\"https:\/\/magistrae.com\/1d1f8b32-9da0-4cbe-bdfe-a6a9cea452ab\/#article\",\"isPartOf\":{\"@id\":\"https:\/\/magistrae.com\/1d1f8b32-9da0-4cbe-bdfe-a6a9cea452ab\/\"},\"author\":{\"name\":\"Bruno Gianni\",\"@id\":\"https:\/\/magistrae.com\/#\/schema\/person\/d52888235fd6563bd07d97185d6a61e4\"},\"headline\":\"Vagas para Vendedores | Perfil Comercial e Esp\u00edrito de Equipa\",\"datePublished\":\"2026-04-15T23:56:00+00:00\",\"dateModified\":\"2026-04-15T23:56:46+00:00\",\"mainEntityOfPage\":{\"@id\":\"https:\/\/magistrae.com\/1d1f8b32-9da0-4cbe-bdfe-a6a9cea452ab\/\"},\"wordCount\":478,\"commentCount\":0,\"publisher\":{\"@id\":\"https:\/\/magistrae.com\/#organization\"},\"articleSection\":[\"Hidden\"],\"inLanguage\":\"es\",\"potentialAction\":[{\"@type\":\"CommentAction\",\"name\":\"Comment\",\"target\":[\"https:\/\/magistrae.com\/1d1f8b32-9da0-4cbe-bdfe-a6a9cea452ab\/#respond\"]}]},{\"@type\":\"WebPage\",\"@id\":\"https:\/\/magistrae.com\/1d1f8b32-9da0-4cbe-bdfe-a6a9cea452ab\/\",\"url\":\"https:\/\/magistrae.com\/1d1f8b32-9da0-4cbe-bdfe-a6a9cea452ab\/\",\"name\":\"Vagas para Vendedores | Perfil Comercial e Esp\u00edrito de Equipa - Magistrae\",\"isPartOf\":{\"@id\":\"https:\/\/magistrae.com\/#website\"},\"datePublished\":\"2026-04-15T23:56:00+00:00\",\"dateModified\":\"2026-04-15T23:56:46+00:00\",\"breadcrumb\":{\"@id\":\"https:\/\/magistrae.com\/1d1f8b32-9da0-4cbe-bdfe-a6a9cea452ab\/#breadcrumb\"},\"inLanguage\":\"es\",\"potentialAction\":[{\"@type\":\"ReadAction\",\"target\":[\"https:\/\/magistrae.com\/1d1f8b32-9da0-4cbe-bdfe-a6a9cea452ab\/\"]}]},{\"@type\":\"BreadcrumbList\",\"@id\":\"https:\/\/magistrae.com\/1d1f8b32-9da0-4cbe-bdfe-a6a9cea452ab\/#breadcrumb\",\"itemListElement\":[{\"@type\":\"ListItem\",\"position\":1,\"name\":\"Home\",\"item\":\"https:\/\/magistrae.com\/\"},{\"@type\":\"ListItem\",\"position\":2,\"name\":\"Vagas para Vendedores | Perfil Comercial e Esp\u00edrito de Equipa\"}]},{\"@type\":\"WebSite\",\"@id\":\"https:\/\/magistrae.com\/#website\",\"url\":\"https:\/\/magistrae.com\/\",\"name\":\"Magistrae\",\"description\":\"\",\"publisher\":{\"@id\":\"https:\/\/magistrae.com\/#organization\"},\"potentialAction\":[{\"@type\":\"SearchAction\",\"target\":{\"@type\":\"EntryPoint\",\"urlTemplate\":\"https:\/\/magistrae.com\/?s={search_term_string}\"},\"query-input\":\"required name=search_term_string\"}],\"inLanguage\":\"es\"},{\"@type\":\"Organization\",\"@id\":\"https:\/\/magistrae.com\/#organization\",\"name\":\"Magistrae\",\"url\":\"https:\/\/magistrae.com\/\",\"logo\":{\"@type\":\"ImageObject\",\"inLanguage\":\"es\",\"@id\":\"https:\/\/magistrae.com\/#\/schema\/logo\/image\/\",\"url\":\"https:\/\/magistrae.com\/wp-content\/uploads\/sites\/413\/2026\/03\/9_Magistrae.jpg\",\"contentUrl\":\"https:\/\/magistrae.com\/wp-content\/uploads\/sites\/413\/2026\/03\/9_Magistrae.jpg\",\"width\":2000,\"height\":2000,\"caption\":\"Magistrae\"},\"image\":{\"@id\":\"https:\/\/magistrae.com\/#\/schema\/logo\/image\/\"}},{\"@type\":\"Person\",\"@id\":\"https:\/\/magistrae.com\/#\/schema\/person\/d52888235fd6563bd07d97185d6a61e4\",\"name\":\"Bruno Gianni\",\"image\":{\"@type\":\"ImageObject\",\"inLanguage\":\"es\",\"@id\":\"https:\/\/magistrae.com\/#\/schema\/person\/image\/\",\"url\":\"https:\/\/secure.gravatar.com\/avatar\/0f5d42d7bf77874643c1478932860e3f?s=96&d=mm&r=g\",\"contentUrl\":\"https:\/\/secure.gravatar.com\/avatar\/0f5d42d7bf77874643c1478932860e3f?s=96&d=mm&r=g\",\"caption\":\"Bruno Gianni\"},\"description\":\"Bruno writes the way he lives, with curiosity, care, and respect for people. He likes to observe, listen, and try to understand what is happening on the other side before putting any words on the page.For him, writing is not about impressing, but about getting closer. It is about turning thoughts into something simple, clear, and real. Every text is an ongoing conversation, created with care and honesty, with the sincere intention of touching someone, somewhere along the way.\",\"url\":\"https:\/\/magistrae.com\/es\/author\/bcgianni\/\"}]}<\/script>\n<!-- \/ Yoast SEO plugin. -->","yoast_head_json":{"title":"Vagas para Vendedores | Perfil Comercial e Esp\u00edrito de Equipa - Magistrae","robots":{"index":"index","follow":"follow","max-snippet":"max-snippet:-1","max-image-preview":"max-image-preview:large","max-video-preview":"max-video-preview:-1"},"canonical":"https:\/\/magistrae.com\/es\/1d1f8b32-9da0-4cbe-bdfe-a6a9cea452ab\/","og_locale":"es_ES","og_type":"article","og_title":"Vagas para Vendedores | Perfil Comercial e Esp\u00edrito de Equipa - Magistrae","og_description":"Quatro vagas abertas para vendedores com experi\u00eancia em motocicletas. Perfil comercial, proatividade e crescimento profissional. Candidate-se j\u00e1 e avance na sua carreira!","og_url":"https:\/\/magistrae.com\/es\/1d1f8b32-9da0-4cbe-bdfe-a6a9cea452ab\/","og_site_name":"Magistrae","article_published_time":"2026-04-15T23:56:00+00:00","article_modified_time":"2026-04-15T23:56:46+00:00","author":"Bruno Gianni","twitter_card":"summary_large_image","twitter_misc":{"Written by":"Bruno Gianni","Est. reading time":"2 minutos"},"schema":{"@context":"https:\/\/schema.org","@graph":[{"@type":"Article","@id":"https:\/\/magistrae.com\/1d1f8b32-9da0-4cbe-bdfe-a6a9cea452ab\/#article","isPartOf":{"@id":"https:\/\/magistrae.com\/1d1f8b32-9da0-4cbe-bdfe-a6a9cea452ab\/"},"author":{"name":"Bruno Gianni","@id":"https:\/\/magistrae.com\/#\/schema\/person\/d52888235fd6563bd07d97185d6a61e4"},"headline":"Vagas para Vendedores | Perfil Comercial e Esp\u00edrito de Equipa","datePublished":"2026-04-15T23:56:00+00:00","dateModified":"2026-04-15T23:56:46+00:00","mainEntityOfPage":{"@id":"https:\/\/magistrae.com\/1d1f8b32-9da0-4cbe-bdfe-a6a9cea452ab\/"},"wordCount":478,"commentCount":0,"publisher":{"@id":"https:\/\/magistrae.com\/#organization"},"articleSection":["Hidden"],"inLanguage":"es","potentialAction":[{"@type":"CommentAction","name":"Comment","target":["https:\/\/magistrae.com\/1d1f8b32-9da0-4cbe-bdfe-a6a9cea452ab\/#respond"]}]},{"@type":"WebPage","@id":"https:\/\/magistrae.com\/1d1f8b32-9da0-4cbe-bdfe-a6a9cea452ab\/","url":"https:\/\/magistrae.com\/1d1f8b32-9da0-4cbe-bdfe-a6a9cea452ab\/","name":"Vagas para Vendedores | Perfil Comercial e Esp\u00edrito de Equipa - Magistrae","isPartOf":{"@id":"https:\/\/magistrae.com\/#website"},"datePublished":"2026-04-15T23:56:00+00:00","dateModified":"2026-04-15T23:56:46+00:00","breadcrumb":{"@id":"https:\/\/magistrae.com\/1d1f8b32-9da0-4cbe-bdfe-a6a9cea452ab\/#breadcrumb"},"inLanguage":"es","potentialAction":[{"@type":"ReadAction","target":["https:\/\/magistrae.com\/1d1f8b32-9da0-4cbe-bdfe-a6a9cea452ab\/"]}]},{"@type":"BreadcrumbList","@id":"https:\/\/magistrae.com\/1d1f8b32-9da0-4cbe-bdfe-a6a9cea452ab\/#breadcrumb","itemListElement":[{"@type":"ListItem","position":1,"name":"Home","item":"https:\/\/magistrae.com\/"},{"@type":"ListItem","position":2,"name":"Vagas para Vendedores | Perfil Comercial e Esp\u00edrito de Equipa"}]},{"@type":"WebSite","@id":"https:\/\/magistrae.com\/#website","url":"https:\/\/magistrae.com\/","name":"Magistrae","description":"","publisher":{"@id":"https:\/\/magistrae.com\/#organization"},"potentialAction":[{"@type":"SearchAction","target":{"@type":"EntryPoint","urlTemplate":"https:\/\/magistrae.com\/?s={search_term_string}"},"query-input":"required name=search_term_string"}],"inLanguage":"es"},{"@type":"Organization","@id":"https:\/\/magistrae.com\/#organization","name":"Magistrae","url":"https:\/\/magistrae.com\/","logo":{"@type":"ImageObject","inLanguage":"es","@id":"https:\/\/magistrae.com\/#\/schema\/logo\/image\/","url":"https:\/\/magistrae.com\/wp-content\/uploads\/sites\/413\/2026\/03\/9_Magistrae.jpg","contentUrl":"https:\/\/magistrae.com\/wp-content\/uploads\/sites\/413\/2026\/03\/9_Magistrae.jpg","width":2000,"height":2000,"caption":"Magistrae"},"image":{"@id":"https:\/\/magistrae.com\/#\/schema\/logo\/image\/"}},{"@type":"Person","@id":"https:\/\/magistrae.com\/#\/schema\/person\/d52888235fd6563bd07d97185d6a61e4","name":"Bruno Gianni","image":{"@type":"ImageObject","inLanguage":"es","@id":"https:\/\/magistrae.com\/#\/schema\/person\/image\/","url":"https:\/\/secure.gravatar.com\/avatar\/0f5d42d7bf77874643c1478932860e3f?s=96&d=mm&r=g","contentUrl":"https:\/\/secure.gravatar.com\/avatar\/0f5d42d7bf77874643c1478932860e3f?s=96&d=mm&r=g","caption":"Bruno Gianni"},"description":"Bruno writes the way he lives, with curiosity, care, and respect for people. He likes to observe, listen, and try to understand what is happening on the other side before putting any words on the page.For him, writing is not about impressing, but about getting closer. It is about turning thoughts into something simple, clear, and real. Every text is an ongoing conversation, created with care and honesty, with the sincere intention of touching someone, somewhere along the way.","url":"https:\/\/magistrae.com\/es\/author\/bcgianni\/"}]}},"uagb_featured_image_src":{"full":false,"thumbnail":false,"medium":false,"medium_large":false,"large":false,"1536x1536":false,"2048x2048":false,"trp-custom-language-flag":false},"uagb_author_info":{"display_name":"Bruno Gianni","author_link":"https:\/\/magistrae.com\/es\/author\/bcgianni\/"},"uagb_comment_info":0,"uagb_excerpt":"Quatro vagas abertas para vendedores com experi\u00eancia em motocicletas. Perfil comercial, proatividade e crescimento profissional. Candidate-se j\u00e1 e avance na sua carreira!","_links":{"self":[{"href":"https:\/\/magistrae.com\/es\/wp-json\/wp\/v2\/posts\/12230"}],"collection":[{"href":"https:\/\/magistrae.com\/es\/wp-json\/wp\/v2\/posts"}],"about":[{"href":"https:\/\/magistrae.com\/es\/wp-json\/wp\/v2\/types\/post"}],"author":[{"embeddable":true,"href":"https:\/\/magistrae.com\/es\/wp-json\/wp\/v2\/users\/3"}],"replies":[{"embeddable":true,"href":"https:\/\/magistrae.com\/es\/wp-json\/wp\/v2\/comments?post=12230"}],"version-history":[{"count":1,"href":"https:\/\/magistrae.com\/es\/wp-json\/wp\/v2\/posts\/12230\/revisions"}],"predecessor-version":[{"id":12240,"href":"https:\/\/magistrae.com\/es\/wp-json\/wp\/v2\/posts\/12230\/revisions\/12240"}],"wp:attachment":[{"href":"https:\/\/magistrae.com\/es\/wp-json\/wp\/v2\/media?parent=12230"}],"wp:term":[{"taxonomy":"category","embeddable":true,"href":"https:\/\/magistrae.com\/es\/wp-json\/wp\/v2\/categories?post=12230"},{"taxonomy":"post_tag","embeddable":true,"href":"https:\/\/magistrae.com\/es\/wp-json\/wp\/v2\/tags?post=12230"}],"curies":[{"name":"wp","href":"https:\/\/api.w.org\/{rel}","templated":true}]}}