{"id":12180,"date":"2026-04-14T20:45:00","date_gmt":"2026-04-14T20:45:00","guid":{"rendered":"https:\/\/magistrae.com\/daa562de-10b9-4b1d-82c0-f863f6653a14\/"},"modified":"2026-04-14T20:45:07","modified_gmt":"2026-04-14T20:45:07","slug":"daa562de-10b9-4b1d-82c0-f863f6653a14","status":"publish","type":"post","link":"https:\/\/magistrae.com\/es\/daa562de-10b9-4b1d-82c0-f863f6653a14\/","title":{"rendered":"Vaga Log\u00edstico na GABR &#038; FILHOS: Crescimento Profissional e Ambiente Din\u00e2mico"},"content":{"rendered":"<\/p>\n<\/p>\n<div style=\"background: #ffffff; border-radius: 12px; box-shadow: 0 10px 30px rgba(0, 0, 0, 0.1); width: 100%; max-width: 340px; padding: 25px; transition: transform 0.3s ease-in-out; overflow: visible; display: flex; flex-direction: column; position: relative; border: 1px solid #28a745; margin-top: 70px; margin-bottom: 50px; margin-left: auto; margin-right: auto;\">\n<div style=\"position: absolute; top: -35px; right: 15px; color: #28a745; padding: 5px 10px; border-radius: 6px; font-size: 14px; font-weight: bold; display: flex; align-items: center; z-index: 10;\">Recomendado para voc\u00ea<\/div>\n<div data-namespace-header=\"\" style=\"\">\n<h3 data-namespace-title=\"\" style=\"color: #333; font-size: 20px; font-weight: bold; text-align: left; margin-right: 50px; min-height: 50px; margin-top: 0px;\">Log\u00edstico<\/h3>\n<\/p><\/div>\n<p data-namespace-prompt=\"\" style=\"font-size: 16px; color: #666; margin-bottom: 20px; line-height: 1.5; flex-grow: 1; text-align: left; margin-top: 0px;\">Vaga para Log\u00edstico em empresa s\u00f3lida. Requer experi\u00eancia, boa organiza\u00e7\u00e3o e trabalho em equipa. Oportunidade de crescimento numa equipa profissional. Envie j\u00e1 a sua candidatura!<\/p>\n<p>    <a data-namespace-url=\"\" href=\"https:\/\/magistrae.com\/es\/redirect\/?https:\/\/ao.empregosyoyota.net\/empregos\/logistico?utm_campaign=google_jobs_apply&#038;utm_source=google_jobs_apply&#038;utm_medium=organic\" style=\"width: 100%; display: inline-block; color: white; text-decoration: none; border-radius: 6px; font-size: 16px; font-weight: bold; text-align: center; transition: transform 0.3s ease, background 0.3s ease; margin-top: auto;\" data-namespace-id=\"5c0d2565-3ba9-4280-a382-ad2a691e2285\"><br \/>\n        <button style=\"width: 100%; height: 55px; background: #e9e9ed; border: 1px solid black; color: black;\">Candidatar-se \u00e0 vaga<\/button><br \/>\n    <\/a><br \/>\n    <small style=\"margin-top: 10px; color: #777; font-size: 12px; text-align: center; display: block;\">Ser\u00e1 redirigido a otro sitio<\/small>\n<\/div>\n<p>Esta vaga para Log\u00edstico, publicada pela GABR &#038; FILHOS, LDA, oferece uma excelente oportunidade para profissionais que buscam destaque e evolu\u00e7\u00e3o na carreira. O candidato ideal dever\u00e1 possuir pelo menos um ano de experi\u00eancia em log\u00edstica, forma\u00e7\u00e3o compat\u00edvel e perfil proativo. Embora n\u00e3o haja men\u00e7\u00e3o de sal\u00e1rio ou benef\u00edcios espec\u00edficos, destaca-se o ambiente profissional e a clara possibilidade de crescimento. O cargo oferece estabilidade e a promessa de desenvolvimento cont\u00ednuo dentro da empresa.<\/p>\n<h3>Principais Responsabilidades Di\u00e1rias<\/h3>\n<p>No papel de Log\u00edstico, o candidato ser\u00e1 respons\u00e1vel por gerir e controlar stocks, organizar entradas e sa\u00eddas de mercadorias e manter o armaz\u00e9m eficiente.<\/p>\n<p>O profissional colaborar\u00e1 no planeamento de transportes e entregas, al\u00e9m de elaborar relat\u00f3rios log\u00edsticos essenciais para a opera\u00e7\u00e3o da equipa. A comunica\u00e7\u00e3o eficaz e o trabalho em equipe s\u00e3o essenciais para garantir o sucesso das tarefas do dia-a-dia. Ter sentido de responsabilidade e disponibilidade para agir de forma pr\u00f3-activa ajudam bastante na fun\u00e7\u00e3o. Esta fun\u00e7\u00e3o exige organiza\u00e7\u00e3o e excelente capacidade de planeamento log\u00edstico diariamente.<\/p>\n<h3>Pontos Positivos da Vaga<\/h3>\n<p>Entre os principais benef\u00edcios destaca-se a integra\u00e7\u00e3o numa empresa s\u00f3lida, profissional e reconhecida no setor. O ambiente de trabalho favorece o desenvolvimento cont\u00ednuo, com a possibilidade de ascens\u00e3o interna que valoriza o desempenho e a dedica\u00e7\u00e3o do candidato.<\/p>\n<p>Al\u00e9m disso, a equipa demonstra compromisso com o sucesso conjunto, promovendo colabora\u00e7\u00e3o e aprendizagem constante para todos os colaboradores.<\/p>\n<h3>Pontos Negativos da Vaga<\/h3>\n<p>A aus\u00eancia de men\u00e7\u00e3o ao sal\u00e1rio pode deixar candidatos mais exigentes em d\u00favida sobre o pacote de compensa\u00e7\u00f5es.<\/p>\n<p>Adicionalmente, as tarefas podem exigir flexibilidade e disponibilidade al\u00e9m do hor\u00e1rio habitual, em fun\u00e7\u00e3o de eventuais picos de actividade log\u00edstica.<\/p>\n<h3>Veredito<\/h3>\n<p>Em resumo, a fun\u00e7\u00e3o de Log\u00edstico na GABR &#038; FILHOS \u00e9 recomendada para quem busca estabilidade, crescimento e ambiente profissional. Vale considerar a candidatura se deseja desafios e evolu\u00e7\u00e3o real na carreira de log\u00edstica.<\/p>\n<div style=\"background: #ffffff; border-radius: 12px; box-shadow: 0 10px 30px rgba(0, 0, 0, 0.1); width: 100%; max-width: 340px; padding: 25px; transition: transform 0.3s ease-in-out; overflow: visible; display: flex; flex-direction: column; position: relative; border: 1px solid #28a745; margin-top: 70px; margin-bottom: 50px; margin-left: auto; margin-right: auto;\">\n<div style=\"position: absolute; top: -35px; right: 15px; color: #28a745; padding: 5px 10px; border-radius: 6px; font-size: 14px; font-weight: bold; display: flex; align-items: center; z-index: 10;\">Recomendado para voc\u00ea<\/div>\n<div data-namespace-header=\"\" style=\"\">\n<h3 data-namespace-title=\"\" style=\"color: #333; font-size: 20px; font-weight: bold; text-align: left; margin-right: 50px; min-height: 50px; margin-top: 0px;\">Log\u00edstico<\/h3>\n<\/p><\/div>\n<p data-namespace-prompt=\"\" style=\"font-size: 16px; color: #666; margin-bottom: 20px; line-height: 1.5; flex-grow: 1; text-align: left; margin-top: 0px;\">Vaga para Log\u00edstico em empresa s\u00f3lida. Requer experi\u00eancia, boa organiza\u00e7\u00e3o e trabalho em equipa. Oportunidade de crescimento numa equipa profissional. Envie j\u00e1 a sua candidatura!<\/p>\n<p>    <a data-namespace-url=\"\" href=\"https:\/\/magistrae.com\/es\/redirect\/?https:\/\/ao.empregosyoyota.net\/empregos\/logistico?utm_campaign=google_jobs_apply&#038;utm_source=google_jobs_apply&#038;utm_medium=organic\" style=\"width: 100%; display: inline-block; color: white; text-decoration: none; border-radius: 6px; font-size: 16px; font-weight: bold; text-align: center; transition: transform 0.3s ease, background 0.3s ease; margin-top: auto;\" data-namespace-id=\"5c0d2565-3ba9-4280-a382-ad2a691e2285\"><br \/>\n        <button style=\"width: 100%; height: 55px; background: #e9e9ed; border: 1px solid black; color: black;\">Candidatar-se \u00e0 vaga<\/button><br \/>\n    <\/a><br \/>\n    <small style=\"margin-top: 10px; color: #777; font-size: 12px; text-align: center; display: block;\">Ser\u00e1 redirigido a otro sitio<\/small>\n<\/div>","protected":false},"excerpt":{"rendered":"<p>GABR &#038; FILHOS procura Log\u00edstico com experi\u00eancia para equipa est\u00e1vel e crescimento profissional. Veja responsabilidades, pr\u00f3s, contras e fa\u00e7a j\u00e1 a sua candidatura para esta vaga!<\/p>","protected":false},"author":3,"featured_media":0,"comment_status":"open","ping_status":"open","sticky":false,"template":"","format":"standard","meta":{"_uag_custom_page_level_css":"","site-sidebar-layout":"default","site-content-layout":"","ast-site-content-layout":"","site-content-style":"default","site-sidebar-style":"default","ast-global-header-display":"","ast-banner-title-visibility":"","ast-main-header-display":"","ast-hfb-above-header-display":"","ast-hfb-below-header-display":"","ast-hfb-mobile-header-display":"","site-post-title":"","ast-breadcrumbs-content":"","ast-featured-img":"","footer-sml-layout":"","theme-transparent-header-meta":"","adv-header-id-meta":"","stick-header-meta":"","header-above-stick-meta":"","header-main-stick-meta":"","header-below-stick-meta":"","astra-migrate-meta-layouts":"default","ast-page-background-enabled":"default","ast-page-background-meta":{"desktop":{"background-color":"var(--ast-global-color-4)","background-image":"","background-repeat":"repeat","background-position":"center center","background-size":"auto","background-attachment":"scroll","background-type":"","background-media":"","overlay-type":"","overlay-color":"","overlay-opacity":"","overlay-gradient":""},"tablet":{"background-color":"","background-image":"","background-repeat":"repeat","background-position":"center center","background-size":"auto","background-attachment":"scroll","background-type":"","background-media":"","overlay-type":"","overlay-color":"","overlay-opacity":"","overlay-gradient":""},"mobile":{"background-color":"","background-image":"","background-repeat":"repeat","background-position":"center center","background-size":"auto","background-attachment":"scroll","background-type":"","background-media":"","overlay-type":"","overlay-color":"","overlay-opacity":"","overlay-gradient":""}},"ast-content-background-meta":{"desktop":{"background-color":"var(--ast-global-color-5)","background-image":"","background-repeat":"repeat","background-position":"center center","background-size":"auto","background-attachment":"scroll","background-type":"","background-media":"","overlay-type":"","overlay-color":"","overlay-opacity":"","overlay-gradient":""},"tablet":{"background-color":"var(--ast-global-color-5)","background-image":"","background-repeat":"repeat","background-position":"center center","background-size":"auto","background-attachment":"scroll","background-type":"","background-media":"","overlay-type":"","overlay-color":"","overlay-opacity":"","overlay-gradient":""},"mobile":{"background-color":"var(--ast-global-color-5)","background-image":"","background-repeat":"repeat","background-position":"center center","background-size":"auto","background-attachment":"scroll","background-type":"","background-media":"","overlay-type":"","overlay-color":"","overlay-opacity":"","overlay-gradient":""}},"footnotes":""},"categories":[14],"tags":[],"yoast_head":"<!-- This site is optimized with the Yoast SEO plugin v23.3 - https:\/\/yoast.com\/wordpress\/plugins\/seo\/ -->\n<title>Vaga Log\u00edstico na GABR &amp; FILHOS: Crescimento Profissional e Ambiente Din\u00e2mico - Magistrae<\/title>\n<meta name=\"robots\" content=\"index, follow, max-snippet:-1, max-image-preview:large, max-video-preview:-1\" \/>\n<link rel=\"canonical\" href=\"https:\/\/magistrae.com\/es\/daa562de-10b9-4b1d-82c0-f863f6653a14\/\" \/>\n<meta property=\"og:locale\" content=\"es_ES\" \/>\n<meta property=\"og:type\" content=\"article\" \/>\n<meta property=\"og:title\" content=\"Vaga Log\u00edstico na GABR &amp; FILHOS: Crescimento Profissional e Ambiente Din\u00e2mico - Magistrae\" \/>\n<meta property=\"og:description\" content=\"GABR &amp; FILHOS procura Log\u00edstico com experi\u00eancia para equipa est\u00e1vel e crescimento profissional. Veja responsabilidades, pr\u00f3s, contras e fa\u00e7a j\u00e1 a sua candidatura para esta vaga!\" \/>\n<meta property=\"og:url\" content=\"https:\/\/magistrae.com\/es\/daa562de-10b9-4b1d-82c0-f863f6653a14\/\" \/>\n<meta property=\"og:site_name\" content=\"Magistrae\" \/>\n<meta property=\"article:published_time\" content=\"2026-04-14T20:45:00+00:00\" \/>\n<meta property=\"article:modified_time\" content=\"2026-04-14T20:45:07+00:00\" \/>\n<meta name=\"author\" content=\"Bruno Gianni\" \/>\n<meta name=\"twitter:card\" content=\"summary_large_image\" \/>\n<meta name=\"twitter:label1\" content=\"Written by\" \/>\n\t<meta name=\"twitter:data1\" content=\"Bruno Gianni\" \/>\n\t<meta name=\"twitter:label2\" content=\"Est. reading time\" \/>\n\t<meta name=\"twitter:data2\" content=\"2 minutos\" \/>\n<script type=\"application\/ld+json\" class=\"yoast-schema-graph\">{\"@context\":\"https:\/\/schema.org\",\"@graph\":[{\"@type\":\"Article\",\"@id\":\"https:\/\/magistrae.com\/daa562de-10b9-4b1d-82c0-f863f6653a14\/#article\",\"isPartOf\":{\"@id\":\"https:\/\/magistrae.com\/daa562de-10b9-4b1d-82c0-f863f6653a14\/\"},\"author\":{\"name\":\"Bruno Gianni\",\"@id\":\"https:\/\/magistrae.com\/#\/schema\/person\/d52888235fd6563bd07d97185d6a61e4\"},\"headline\":\"Vaga Log\u00edstico na GABR &#038; FILHOS: Crescimento Profissional e Ambiente Din\u00e2mico\",\"datePublished\":\"2026-04-14T20:45:00+00:00\",\"dateModified\":\"2026-04-14T20:45:07+00:00\",\"mainEntityOfPage\":{\"@id\":\"https:\/\/magistrae.com\/daa562de-10b9-4b1d-82c0-f863f6653a14\/\"},\"wordCount\":442,\"commentCount\":0,\"publisher\":{\"@id\":\"https:\/\/magistrae.com\/#organization\"},\"articleSection\":[\"Hidden\"],\"inLanguage\":\"es\",\"potentialAction\":[{\"@type\":\"CommentAction\",\"name\":\"Comment\",\"target\":[\"https:\/\/magistrae.com\/daa562de-10b9-4b1d-82c0-f863f6653a14\/#respond\"]}]},{\"@type\":\"WebPage\",\"@id\":\"https:\/\/magistrae.com\/daa562de-10b9-4b1d-82c0-f863f6653a14\/\",\"url\":\"https:\/\/magistrae.com\/daa562de-10b9-4b1d-82c0-f863f6653a14\/\",\"name\":\"Vaga Log\u00edstico na GABR & FILHOS: Crescimento Profissional e Ambiente Din\u00e2mico - Magistrae\",\"isPartOf\":{\"@id\":\"https:\/\/magistrae.com\/#website\"},\"datePublished\":\"2026-04-14T20:45:00+00:00\",\"dateModified\":\"2026-04-14T20:45:07+00:00\",\"breadcrumb\":{\"@id\":\"https:\/\/magistrae.com\/daa562de-10b9-4b1d-82c0-f863f6653a14\/#breadcrumb\"},\"inLanguage\":\"es\",\"potentialAction\":[{\"@type\":\"ReadAction\",\"target\":[\"https:\/\/magistrae.com\/daa562de-10b9-4b1d-82c0-f863f6653a14\/\"]}]},{\"@type\":\"BreadcrumbList\",\"@id\":\"https:\/\/magistrae.com\/daa562de-10b9-4b1d-82c0-f863f6653a14\/#breadcrumb\",\"itemListElement\":[{\"@type\":\"ListItem\",\"position\":1,\"name\":\"Home\",\"item\":\"https:\/\/magistrae.com\/\"},{\"@type\":\"ListItem\",\"position\":2,\"name\":\"Vaga Log\u00edstico na GABR &#038; FILHOS: Crescimento Profissional e Ambiente Din\u00e2mico\"}]},{\"@type\":\"WebSite\",\"@id\":\"https:\/\/magistrae.com\/#website\",\"url\":\"https:\/\/magistrae.com\/\",\"name\":\"Magistrae\",\"description\":\"\",\"publisher\":{\"@id\":\"https:\/\/magistrae.com\/#organization\"},\"potentialAction\":[{\"@type\":\"SearchAction\",\"target\":{\"@type\":\"EntryPoint\",\"urlTemplate\":\"https:\/\/magistrae.com\/?s={search_term_string}\"},\"query-input\":\"required name=search_term_string\"}],\"inLanguage\":\"es\"},{\"@type\":\"Organization\",\"@id\":\"https:\/\/magistrae.com\/#organization\",\"name\":\"Magistrae\",\"url\":\"https:\/\/magistrae.com\/\",\"logo\":{\"@type\":\"ImageObject\",\"inLanguage\":\"es\",\"@id\":\"https:\/\/magistrae.com\/#\/schema\/logo\/image\/\",\"url\":\"https:\/\/magistrae.com\/wp-content\/uploads\/sites\/413\/2026\/03\/9_Magistrae.jpg\",\"contentUrl\":\"https:\/\/magistrae.com\/wp-content\/uploads\/sites\/413\/2026\/03\/9_Magistrae.jpg\",\"width\":2000,\"height\":2000,\"caption\":\"Magistrae\"},\"image\":{\"@id\":\"https:\/\/magistrae.com\/#\/schema\/logo\/image\/\"}},{\"@type\":\"Person\",\"@id\":\"https:\/\/magistrae.com\/#\/schema\/person\/d52888235fd6563bd07d97185d6a61e4\",\"name\":\"Bruno Gianni\",\"image\":{\"@type\":\"ImageObject\",\"inLanguage\":\"es\",\"@id\":\"https:\/\/magistrae.com\/#\/schema\/person\/image\/\",\"url\":\"https:\/\/secure.gravatar.com\/avatar\/0f5d42d7bf77874643c1478932860e3f?s=96&d=mm&r=g\",\"contentUrl\":\"https:\/\/secure.gravatar.com\/avatar\/0f5d42d7bf77874643c1478932860e3f?s=96&d=mm&r=g\",\"caption\":\"Bruno Gianni\"},\"description\":\"Bruno writes the way he lives, with curiosity, care, and respect for people. He likes to observe, listen, and try to understand what is happening on the other side before putting any words on the page.For him, writing is not about impressing, but about getting closer. It is about turning thoughts into something simple, clear, and real. Every text is an ongoing conversation, created with care and honesty, with the sincere intention of touching someone, somewhere along the way.\",\"url\":\"https:\/\/magistrae.com\/es\/author\/bcgianni\/\"}]}<\/script>\n<!-- \/ Yoast SEO plugin. -->","yoast_head_json":{"title":"Vaga Log\u00edstico na GABR & FILHOS: Crescimento Profissional e Ambiente Din\u00e2mico - Magistrae","robots":{"index":"index","follow":"follow","max-snippet":"max-snippet:-1","max-image-preview":"max-image-preview:large","max-video-preview":"max-video-preview:-1"},"canonical":"https:\/\/magistrae.com\/es\/daa562de-10b9-4b1d-82c0-f863f6653a14\/","og_locale":"es_ES","og_type":"article","og_title":"Vaga Log\u00edstico na GABR & FILHOS: Crescimento Profissional e Ambiente Din\u00e2mico - Magistrae","og_description":"GABR & FILHOS procura Log\u00edstico com experi\u00eancia para equipa est\u00e1vel e crescimento profissional. Veja responsabilidades, pr\u00f3s, contras e fa\u00e7a j\u00e1 a sua candidatura para esta vaga!","og_url":"https:\/\/magistrae.com\/es\/daa562de-10b9-4b1d-82c0-f863f6653a14\/","og_site_name":"Magistrae","article_published_time":"2026-04-14T20:45:00+00:00","article_modified_time":"2026-04-14T20:45:07+00:00","author":"Bruno Gianni","twitter_card":"summary_large_image","twitter_misc":{"Written by":"Bruno Gianni","Est. reading time":"2 minutos"},"schema":{"@context":"https:\/\/schema.org","@graph":[{"@type":"Article","@id":"https:\/\/magistrae.com\/daa562de-10b9-4b1d-82c0-f863f6653a14\/#article","isPartOf":{"@id":"https:\/\/magistrae.com\/daa562de-10b9-4b1d-82c0-f863f6653a14\/"},"author":{"name":"Bruno Gianni","@id":"https:\/\/magistrae.com\/#\/schema\/person\/d52888235fd6563bd07d97185d6a61e4"},"headline":"Vaga Log\u00edstico na GABR &#038; FILHOS: Crescimento Profissional e Ambiente Din\u00e2mico","datePublished":"2026-04-14T20:45:00+00:00","dateModified":"2026-04-14T20:45:07+00:00","mainEntityOfPage":{"@id":"https:\/\/magistrae.com\/daa562de-10b9-4b1d-82c0-f863f6653a14\/"},"wordCount":442,"commentCount":0,"publisher":{"@id":"https:\/\/magistrae.com\/#organization"},"articleSection":["Hidden"],"inLanguage":"es","potentialAction":[{"@type":"CommentAction","name":"Comment","target":["https:\/\/magistrae.com\/daa562de-10b9-4b1d-82c0-f863f6653a14\/#respond"]}]},{"@type":"WebPage","@id":"https:\/\/magistrae.com\/daa562de-10b9-4b1d-82c0-f863f6653a14\/","url":"https:\/\/magistrae.com\/daa562de-10b9-4b1d-82c0-f863f6653a14\/","name":"Vaga Log\u00edstico na GABR & FILHOS: Crescimento Profissional e Ambiente Din\u00e2mico - Magistrae","isPartOf":{"@id":"https:\/\/magistrae.com\/#website"},"datePublished":"2026-04-14T20:45:00+00:00","dateModified":"2026-04-14T20:45:07+00:00","breadcrumb":{"@id":"https:\/\/magistrae.com\/daa562de-10b9-4b1d-82c0-f863f6653a14\/#breadcrumb"},"inLanguage":"es","potentialAction":[{"@type":"ReadAction","target":["https:\/\/magistrae.com\/daa562de-10b9-4b1d-82c0-f863f6653a14\/"]}]},{"@type":"BreadcrumbList","@id":"https:\/\/magistrae.com\/daa562de-10b9-4b1d-82c0-f863f6653a14\/#breadcrumb","itemListElement":[{"@type":"ListItem","position":1,"name":"Home","item":"https:\/\/magistrae.com\/"},{"@type":"ListItem","position":2,"name":"Vaga Log\u00edstico na GABR &#038; FILHOS: Crescimento Profissional e Ambiente Din\u00e2mico"}]},{"@type":"WebSite","@id":"https:\/\/magistrae.com\/#website","url":"https:\/\/magistrae.com\/","name":"Magistrae","description":"","publisher":{"@id":"https:\/\/magistrae.com\/#organization"},"potentialAction":[{"@type":"SearchAction","target":{"@type":"EntryPoint","urlTemplate":"https:\/\/magistrae.com\/?s={search_term_string}"},"query-input":"required name=search_term_string"}],"inLanguage":"es"},{"@type":"Organization","@id":"https:\/\/magistrae.com\/#organization","name":"Magistrae","url":"https:\/\/magistrae.com\/","logo":{"@type":"ImageObject","inLanguage":"es","@id":"https:\/\/magistrae.com\/#\/schema\/logo\/image\/","url":"https:\/\/magistrae.com\/wp-content\/uploads\/sites\/413\/2026\/03\/9_Magistrae.jpg","contentUrl":"https:\/\/magistrae.com\/wp-content\/uploads\/sites\/413\/2026\/03\/9_Magistrae.jpg","width":2000,"height":2000,"caption":"Magistrae"},"image":{"@id":"https:\/\/magistrae.com\/#\/schema\/logo\/image\/"}},{"@type":"Person","@id":"https:\/\/magistrae.com\/#\/schema\/person\/d52888235fd6563bd07d97185d6a61e4","name":"Bruno Gianni","image":{"@type":"ImageObject","inLanguage":"es","@id":"https:\/\/magistrae.com\/#\/schema\/person\/image\/","url":"https:\/\/secure.gravatar.com\/avatar\/0f5d42d7bf77874643c1478932860e3f?s=96&d=mm&r=g","contentUrl":"https:\/\/secure.gravatar.com\/avatar\/0f5d42d7bf77874643c1478932860e3f?s=96&d=mm&r=g","caption":"Bruno Gianni"},"description":"Bruno writes the way he lives, with curiosity, care, and respect for people. He likes to observe, listen, and try to understand what is happening on the other side before putting any words on the page.For him, writing is not about impressing, but about getting closer. It is about turning thoughts into something simple, clear, and real. Every text is an ongoing conversation, created with care and honesty, with the sincere intention of touching someone, somewhere along the way.","url":"https:\/\/magistrae.com\/es\/author\/bcgianni\/"}]}},"uagb_featured_image_src":{"full":false,"thumbnail":false,"medium":false,"medium_large":false,"large":false,"1536x1536":false,"2048x2048":false,"trp-custom-language-flag":false},"uagb_author_info":{"display_name":"Bruno Gianni","author_link":"https:\/\/magistrae.com\/es\/author\/bcgianni\/"},"uagb_comment_info":0,"uagb_excerpt":"GABR & FILHOS procura Log\u00edstico com experi\u00eancia para equipa est\u00e1vel e crescimento profissional. Veja responsabilidades, pr\u00f3s, contras e fa\u00e7a j\u00e1 a sua candidatura para esta vaga!","_links":{"self":[{"href":"https:\/\/magistrae.com\/es\/wp-json\/wp\/v2\/posts\/12180"}],"collection":[{"href":"https:\/\/magistrae.com\/es\/wp-json\/wp\/v2\/posts"}],"about":[{"href":"https:\/\/magistrae.com\/es\/wp-json\/wp\/v2\/types\/post"}],"author":[{"embeddable":true,"href":"https:\/\/magistrae.com\/es\/wp-json\/wp\/v2\/users\/3"}],"replies":[{"embeddable":true,"href":"https:\/\/magistrae.com\/es\/wp-json\/wp\/v2\/comments?post=12180"}],"version-history":[{"count":1,"href":"https:\/\/magistrae.com\/es\/wp-json\/wp\/v2\/posts\/12180\/revisions"}],"predecessor-version":[{"id":12190,"href":"https:\/\/magistrae.com\/es\/wp-json\/wp\/v2\/posts\/12180\/revisions\/12190"}],"wp:attachment":[{"href":"https:\/\/magistrae.com\/es\/wp-json\/wp\/v2\/media?parent=12180"}],"wp:term":[{"taxonomy":"category","embeddable":true,"href":"https:\/\/magistrae.com\/es\/wp-json\/wp\/v2\/categories?post=12180"},{"taxonomy":"post_tag","embeddable":true,"href":"https:\/\/magistrae.com\/es\/wp-json\/wp\/v2\/tags?post=12180"}],"curies":[{"name":"wp","href":"https:\/\/api.w.org\/{rel}","templated":true}]}}