{"id":11947,"date":"2026-04-13T04:15:00","date_gmt":"2026-04-13T04:15:00","guid":{"rendered":"https:\/\/magistrae.com\/c39a8fc9-f758-45e1-b5a2-095888403986\/"},"modified":"2026-04-13T04:15:35","modified_gmt":"2026-04-13T04:15:35","slug":"c39a8fc9-f758-45e1-b5a2-095888403986","status":"publish","type":"post","link":"https:\/\/magistrae.com\/es\/c39a8fc9-f758-45e1-b5a2-095888403986\/","title":{"rendered":"Coordenador de Log\u00edstica: Desafios e Benef\u00edcios Numa Grande Oportunidade"},"content":{"rendered":"<\/p>\n<\/p>\n<div style=\"background: #ffffff; border-radius: 12px; box-shadow: 0 10px 30px rgba(0, 0, 0, 0.1); width: 100%; max-width: 340px; padding: 25px; transition: transform 0.3s ease-in-out; overflow: visible; display: flex; flex-direction: column; position: relative; border: 1px solid #28a745; margin-top: 70px; margin-bottom: 50px; margin-left: auto; margin-right: auto;\">\n<div style=\"position: absolute; top: -35px; right: 15px; color: #28a745; padding: 5px 10px; border-radius: 6px; font-size: 14px; font-weight: bold; display: flex; align-items: center; z-index: 10;\">Recomendado para si<\/div>\n<div data-namespace-header=\"\" style=\"\">\n<h3 data-namespace-title=\"\" style=\"color: #333; font-size: 20px; font-weight: bold; text-align: left; margin-right: 50px; min-height: 50px; margin-top: 0px;\">Coordenador de Log\u00edstica<\/h3>\n<\/p><\/div>\n<p data-namespace-prompt=\"\" style=\"font-size: 16px; color: #666; margin-bottom: 20px; line-height: 1.5; flex-grow: 1; text-align: left; margin-top: 0px;\">Respons\u00e1vel por gerir todo o fluxo log\u00edstico, planear opera\u00e7\u00f5es, garantir manuten\u00e7\u00f5es e liderar equipas. Precisa de experi\u00eancia na \u00e1rea e vis\u00e3o estrat\u00e9gica para crescimento.<\/p>\n<p>    <a data-namespace-url=\"\" href=\"https:\/\/magistrae.com\/es\/redirect\/?https:\/\/ao.trabajo.org\/emprego-4028-35e14cc2f6fd10953324e97b7f9c768d?utm_campaign=google_jobs_apply&#038;utm_source=google_jobs_apply&#038;utm_medium=organic\" style=\"width: 100%; display: inline-block; color: white; text-decoration: none; border-radius: 6px; font-size: 16px; font-weight: bold; text-align: center; transition: transform 0.3s ease, background 0.3s ease; margin-top: auto;\" data-namespace-id=\"5c0d2565-3ba9-4280-a382-ad2a691e2285\"><br \/>\n        <button style=\"width: 100%; height: 55px; background: #e9e9ed; border: 1px solid black; color: black;\">Candidatar-se \u00e0 vaga<\/button><br \/>\n    <\/a><br \/>\n    <small style=\"margin-top: 10px; color: #777; font-size: 12px; text-align: center; display: block;\">Ser\u00e1 redireccionado para otro sitio<\/small>\n<\/div>\n<p>A oferta para Coordenador de Log\u00edstica destaca-se por ser uma oportunidade integral numa empresa com dimens\u00e3o. Apesar de n\u00e3o se mencionar o sal\u00e1rio, oferece condi\u00e7\u00f5es para l\u00edderes experientes que procuram um desafio completo na gest\u00e3o de opera\u00e7\u00f5es.<\/p>\n<p>O candidato ideal ter\u00e1 de estruturar departamentos, gerir equipas multidisciplinares, monitorizar custos, controlar invent\u00e1rios e coordenar frotas de m\u00e1quinas agr\u00edcolas. <\/p>\n<p>S\u00e3o essenciais experi\u00eancia em lideran\u00e7a, dom\u00ednio de ferramentas de controlo, esp\u00edrito de equipa e muito rigor nas rotinas de manuten\u00e7\u00e3o e seguran\u00e7a. Boa organiza\u00e7\u00e3o faz a diferen\u00e7a nesta fun\u00e7\u00e3o.<\/p>\n<h2>Dia a Dia e Principais Fun\u00e7\u00f5es<\/h2>\n<p>Na rotina deste cargo, destaca-se a gest\u00e3o de fluxos log\u00edsticos, planear e monitorizar opera\u00e7\u00f5es agr\u00edcolas e gerir manuten\u00e7\u00e3o dos equipamentos. <\/p>\n<p>\u00c9 respons\u00e1vel pela coordena\u00e7\u00e3o das equipas, pela forma\u00e7\u00e3o t\u00e9cnica dos operadores e pelo cumprimento de normas de seguran\u00e7a. O controlo de consumos e o acompanhamento dos KPIs de desempenho s\u00e3o tarefas di\u00e1rias.<\/p>\n<p>O profissional ir\u00e1 avaliar tecnologias, aumentar n\u00edveis de efici\u00eancia e propor melhorias cont\u00ednuas. Tudo isto de forma integrada com os departamentos agr\u00edcola, financeiro e de produ\u00e7\u00e3o.<\/p>\n<p>O controlo rigoroso dos custos e a elabora\u00e7\u00e3o de relat\u00f3rios de desempenho tamb\u00e9m fazem parte das responsabilidades. Exige-se olhar cr\u00edtico e dinamismo constante.<\/p>\n<p>Trata-se de um papel chave para garantir produtividade e o sucesso operacional, especialmente em contextos com grandes frotas e equipas em forma\u00e7\u00e3o.<\/p>\n<h2>Pontos Fortes da Oferta<\/h2>\n<p>Uma das principais vantagens \u00e9 a possibilidade de liderar e estruturar toda a \u00e1rea log\u00edstica, permitindo crescimento profissional.<\/p>\n<p>A fun\u00e7\u00e3o valoriza compet\u00eancias em planeamento estrat\u00e9gico, o que \u00e9 atrativo para profissionais ambiciosos.<\/p>\n<p>O ambiente de trabalho incentiva o desenvolvimento de solu\u00e7\u00f5es inovadoras e a experi\u00eancia pr\u00e1tica \u00e9 altamente valorizada.<\/p>\n<p>Outro ponto positivo \u00e9 o espa\u00e7o para implementa\u00e7\u00e3o de novas tecnologias agr\u00edcolas e sistemas de controlo.<\/p>\n<p>Al\u00e9m disso, \u00e9 uma excelente oportunidade para quem deseja gerir e formar equipas qualificadas.<\/p>\n<h2>Desafios e Pontos a Melhorar<\/h2>\n<p>Implantar processos de raiz e gerir uma frota diversa pode ser exigente.<\/p>\n<p>Trabalhar com recursos em forma\u00e7\u00e3o cont\u00ednua exige paci\u00eancia e rigor no acompanhamento.<\/p>\n<p>Manter a disciplina operacional sem comprometer o clima de equipa \u00e9 fundamental, mas tamb\u00e9m desafiante.<\/p>\n<p>Outras limita\u00e7\u00f5es incluem a press\u00e3o para reduzir custos e cumprir metas rigorosas.<\/p>\n<p>A constante necessidade de atualiza\u00e7\u00e3o tecnol\u00f3gica exige r\u00e1pida adapta\u00e7\u00e3o e estudo permanente.<\/p>\n<h2>Veredito Final<\/h2>\n<p>Esta vaga \u00e9 ideal para profissionais que procuram crescimento na lideran\u00e7a e desejam influenciar o futuro log\u00edstico da empresa.<\/p>\n<p>Apesar dos desafios, permite ganhar experi\u00eancia em gest\u00e3o avan\u00e7ada e fortalecer compet\u00eancias t\u00e9cnicas e comportamentais.<\/p>\n<div style=\"background: #ffffff; border-radius: 12px; box-shadow: 0 10px 30px rgba(0, 0, 0, 0.1); width: 100%; max-width: 340px; padding: 25px; transition: transform 0.3s ease-in-out; overflow: visible; display: flex; flex-direction: column; position: relative; border: 1px solid #28a745; margin-top: 70px; margin-bottom: 50px; margin-left: auto; margin-right: auto;\">\n<div style=\"position: absolute; top: -35px; right: 15px; color: #28a745; padding: 5px 10px; border-radius: 6px; font-size: 14px; font-weight: bold; display: flex; align-items: center; z-index: 10;\">Recomendado para si<\/div>\n<div data-namespace-header=\"\" style=\"\">\n<h3 data-namespace-title=\"\" style=\"color: #333; font-size: 20px; font-weight: bold; text-align: left; margin-right: 50px; min-height: 50px; margin-top: 0px;\">Coordenador de Log\u00edstica<\/h3>\n<\/p><\/div>\n<p data-namespace-prompt=\"\" style=\"font-size: 16px; color: #666; margin-bottom: 20px; line-height: 1.5; flex-grow: 1; text-align: left; margin-top: 0px;\">Respons\u00e1vel por gerir todo o fluxo log\u00edstico, planear opera\u00e7\u00f5es, garantir manuten\u00e7\u00f5es e liderar equipas. Precisa de experi\u00eancia na \u00e1rea e vis\u00e3o estrat\u00e9gica para crescimento.<\/p>\n<p>    <a data-namespace-url=\"\" href=\"https:\/\/magistrae.com\/es\/redirect\/?https:\/\/ao.trabajo.org\/emprego-4028-35e14cc2f6fd10953324e97b7f9c768d?utm_campaign=google_jobs_apply&#038;utm_source=google_jobs_apply&#038;utm_medium=organic\" style=\"width: 100%; display: inline-block; color: white; text-decoration: none; border-radius: 6px; font-size: 16px; font-weight: bold; text-align: center; transition: transform 0.3s ease, background 0.3s ease; margin-top: auto;\" data-namespace-id=\"5c0d2565-3ba9-4280-a382-ad2a691e2285\"><br \/>\n        <button style=\"width: 100%; height: 55px; background: #e9e9ed; border: 1px solid black; color: black;\">Candidatar-se \u00e0 vaga<\/button><br \/>\n    <\/a><br \/>\n    <small style=\"margin-top: 10px; color: #777; font-size: 12px; text-align: center; display: block;\">Ser\u00e1 redireccionado para otro sitio<\/small>\n<\/div>","protected":false},"excerpt":{"rendered":"<p>Abra uma nova etapa profissional como Coordenador de Log\u00edstica. Comprove a sua lideran\u00e7a, experi\u00eancia e ingresse numa equipa pronta para crescer consigo. Vaga com vis\u00e3o estrat\u00e9gica aberta a gestores experientes.<\/p>","protected":false},"author":3,"featured_media":0,"comment_status":"open","ping_status":"open","sticky":false,"template":"","format":"standard","meta":{"_uag_custom_page_level_css":"","site-sidebar-layout":"default","site-content-layout":"","ast-site-content-layout":"","site-content-style":"default","site-sidebar-style":"default","ast-global-header-display":"","ast-banner-title-visibility":"","ast-main-header-display":"","ast-hfb-above-header-display":"","ast-hfb-below-header-display":"","ast-hfb-mobile-header-display":"","site-post-title":"","ast-breadcrumbs-content":"","ast-featured-img":"","footer-sml-layout":"","theme-transparent-header-meta":"","adv-header-id-meta":"","stick-header-meta":"","header-above-stick-meta":"","header-main-stick-meta":"","header-below-stick-meta":"","astra-migrate-meta-layouts":"default","ast-page-background-enabled":"default","ast-page-background-meta":{"desktop":{"background-color":"var(--ast-global-color-4)","background-image":"","background-repeat":"repeat","background-position":"center center","background-size":"auto","background-attachment":"scroll","background-type":"","background-media":"","overlay-type":"","overlay-color":"","overlay-opacity":"","overlay-gradient":""},"tablet":{"background-color":"","background-image":"","background-repeat":"repeat","background-position":"center center","background-size":"auto","background-attachment":"scroll","background-type":"","background-media":"","overlay-type":"","overlay-color":"","overlay-opacity":"","overlay-gradient":""},"mobile":{"background-color":"","background-image":"","background-repeat":"repeat","background-position":"center center","background-size":"auto","background-attachment":"scroll","background-type":"","background-media":"","overlay-type":"","overlay-color":"","overlay-opacity":"","overlay-gradient":""}},"ast-content-background-meta":{"desktop":{"background-color":"var(--ast-global-color-5)","background-image":"","background-repeat":"repeat","background-position":"center center","background-size":"auto","background-attachment":"scroll","background-type":"","background-media":"","overlay-type":"","overlay-color":"","overlay-opacity":"","overlay-gradient":""},"tablet":{"background-color":"var(--ast-global-color-5)","background-image":"","background-repeat":"repeat","background-position":"center center","background-size":"auto","background-attachment":"scroll","background-type":"","background-media":"","overlay-type":"","overlay-color":"","overlay-opacity":"","overlay-gradient":""},"mobile":{"background-color":"var(--ast-global-color-5)","background-image":"","background-repeat":"repeat","background-position":"center center","background-size":"auto","background-attachment":"scroll","background-type":"","background-media":"","overlay-type":"","overlay-color":"","overlay-opacity":"","overlay-gradient":""}},"footnotes":""},"categories":[14],"tags":[],"yoast_head":"<!-- This site is optimized with the Yoast SEO plugin v23.3 - https:\/\/yoast.com\/wordpress\/plugins\/seo\/ -->\n<title>Coordenador de Log\u00edstica: Desafios e Benef\u00edcios Numa Grande Oportunidade - Magistrae<\/title>\n<meta name=\"robots\" content=\"index, follow, max-snippet:-1, max-image-preview:large, max-video-preview:-1\" \/>\n<link rel=\"canonical\" href=\"https:\/\/magistrae.com\/es\/c39a8fc9-f758-45e1-b5a2-095888403986\/\" \/>\n<meta property=\"og:locale\" content=\"es_ES\" \/>\n<meta property=\"og:type\" content=\"article\" \/>\n<meta property=\"og:title\" content=\"Coordenador de Log\u00edstica: Desafios e Benef\u00edcios Numa Grande Oportunidade - Magistrae\" \/>\n<meta property=\"og:description\" content=\"Abra uma nova etapa profissional como Coordenador de Log\u00edstica. Comprove a sua lideran\u00e7a, experi\u00eancia e ingresse numa equipa pronta para crescer consigo. Vaga com vis\u00e3o estrat\u00e9gica aberta a gestores experientes.\" \/>\n<meta property=\"og:url\" content=\"https:\/\/magistrae.com\/es\/c39a8fc9-f758-45e1-b5a2-095888403986\/\" \/>\n<meta property=\"og:site_name\" content=\"Magistrae\" \/>\n<meta property=\"article:published_time\" content=\"2026-04-13T04:15:00+00:00\" \/>\n<meta property=\"article:modified_time\" content=\"2026-04-13T04:15:35+00:00\" \/>\n<meta name=\"author\" content=\"Bruno Gianni\" \/>\n<meta name=\"twitter:card\" content=\"summary_large_image\" \/>\n<meta name=\"twitter:label1\" content=\"Written by\" \/>\n\t<meta name=\"twitter:data1\" content=\"Bruno Gianni\" \/>\n\t<meta name=\"twitter:label2\" content=\"Est. reading time\" \/>\n\t<meta name=\"twitter:data2\" content=\"3 minutos\" \/>\n<script type=\"application\/ld+json\" class=\"yoast-schema-graph\">{\"@context\":\"https:\/\/schema.org\",\"@graph\":[{\"@type\":\"Article\",\"@id\":\"https:\/\/magistrae.com\/c39a8fc9-f758-45e1-b5a2-095888403986\/#article\",\"isPartOf\":{\"@id\":\"https:\/\/magistrae.com\/c39a8fc9-f758-45e1-b5a2-095888403986\/\"},\"author\":{\"name\":\"Bruno Gianni\",\"@id\":\"https:\/\/magistrae.com\/#\/schema\/person\/d52888235fd6563bd07d97185d6a61e4\"},\"headline\":\"Coordenador de Log\u00edstica: Desafios e Benef\u00edcios Numa Grande Oportunidade\",\"datePublished\":\"2026-04-13T04:15:00+00:00\",\"dateModified\":\"2026-04-13T04:15:35+00:00\",\"mainEntityOfPage\":{\"@id\":\"https:\/\/magistrae.com\/c39a8fc9-f758-45e1-b5a2-095888403986\/\"},\"wordCount\":567,\"commentCount\":0,\"publisher\":{\"@id\":\"https:\/\/magistrae.com\/#organization\"},\"articleSection\":[\"Hidden\"],\"inLanguage\":\"es\",\"potentialAction\":[{\"@type\":\"CommentAction\",\"name\":\"Comment\",\"target\":[\"https:\/\/magistrae.com\/c39a8fc9-f758-45e1-b5a2-095888403986\/#respond\"]}]},{\"@type\":\"WebPage\",\"@id\":\"https:\/\/magistrae.com\/c39a8fc9-f758-45e1-b5a2-095888403986\/\",\"url\":\"https:\/\/magistrae.com\/c39a8fc9-f758-45e1-b5a2-095888403986\/\",\"name\":\"Coordenador de Log\u00edstica: Desafios e Benef\u00edcios Numa Grande Oportunidade - Magistrae\",\"isPartOf\":{\"@id\":\"https:\/\/magistrae.com\/#website\"},\"datePublished\":\"2026-04-13T04:15:00+00:00\",\"dateModified\":\"2026-04-13T04:15:35+00:00\",\"breadcrumb\":{\"@id\":\"https:\/\/magistrae.com\/c39a8fc9-f758-45e1-b5a2-095888403986\/#breadcrumb\"},\"inLanguage\":\"es\",\"potentialAction\":[{\"@type\":\"ReadAction\",\"target\":[\"https:\/\/magistrae.com\/c39a8fc9-f758-45e1-b5a2-095888403986\/\"]}]},{\"@type\":\"BreadcrumbList\",\"@id\":\"https:\/\/magistrae.com\/c39a8fc9-f758-45e1-b5a2-095888403986\/#breadcrumb\",\"itemListElement\":[{\"@type\":\"ListItem\",\"position\":1,\"name\":\"Home\",\"item\":\"https:\/\/magistrae.com\/\"},{\"@type\":\"ListItem\",\"position\":2,\"name\":\"Coordenador de Log\u00edstica: Desafios e Benef\u00edcios Numa Grande Oportunidade\"}]},{\"@type\":\"WebSite\",\"@id\":\"https:\/\/magistrae.com\/#website\",\"url\":\"https:\/\/magistrae.com\/\",\"name\":\"Magistrae\",\"description\":\"\",\"publisher\":{\"@id\":\"https:\/\/magistrae.com\/#organization\"},\"potentialAction\":[{\"@type\":\"SearchAction\",\"target\":{\"@type\":\"EntryPoint\",\"urlTemplate\":\"https:\/\/magistrae.com\/?s={search_term_string}\"},\"query-input\":\"required name=search_term_string\"}],\"inLanguage\":\"es\"},{\"@type\":\"Organization\",\"@id\":\"https:\/\/magistrae.com\/#organization\",\"name\":\"Magistrae\",\"url\":\"https:\/\/magistrae.com\/\",\"logo\":{\"@type\":\"ImageObject\",\"inLanguage\":\"es\",\"@id\":\"https:\/\/magistrae.com\/#\/schema\/logo\/image\/\",\"url\":\"https:\/\/magistrae.com\/wp-content\/uploads\/sites\/413\/2026\/03\/9_Magistrae.jpg\",\"contentUrl\":\"https:\/\/magistrae.com\/wp-content\/uploads\/sites\/413\/2026\/03\/9_Magistrae.jpg\",\"width\":2000,\"height\":2000,\"caption\":\"Magistrae\"},\"image\":{\"@id\":\"https:\/\/magistrae.com\/#\/schema\/logo\/image\/\"}},{\"@type\":\"Person\",\"@id\":\"https:\/\/magistrae.com\/#\/schema\/person\/d52888235fd6563bd07d97185d6a61e4\",\"name\":\"Bruno Gianni\",\"image\":{\"@type\":\"ImageObject\",\"inLanguage\":\"es\",\"@id\":\"https:\/\/magistrae.com\/#\/schema\/person\/image\/\",\"url\":\"https:\/\/secure.gravatar.com\/avatar\/0f5d42d7bf77874643c1478932860e3f?s=96&d=mm&r=g\",\"contentUrl\":\"https:\/\/secure.gravatar.com\/avatar\/0f5d42d7bf77874643c1478932860e3f?s=96&d=mm&r=g\",\"caption\":\"Bruno Gianni\"},\"description\":\"Bruno writes the way he lives, with curiosity, care, and respect for people. He likes to observe, listen, and try to understand what is happening on the other side before putting any words on the page.For him, writing is not about impressing, but about getting closer. It is about turning thoughts into something simple, clear, and real. Every text is an ongoing conversation, created with care and honesty, with the sincere intention of touching someone, somewhere along the way.\",\"url\":\"https:\/\/magistrae.com\/es\/author\/bcgianni\/\"}]}<\/script>\n<!-- \/ Yoast SEO plugin. -->","yoast_head_json":{"title":"Coordenador de Log\u00edstica: Desafios e Benef\u00edcios Numa Grande Oportunidade - Magistrae","robots":{"index":"index","follow":"follow","max-snippet":"max-snippet:-1","max-image-preview":"max-image-preview:large","max-video-preview":"max-video-preview:-1"},"canonical":"https:\/\/magistrae.com\/es\/c39a8fc9-f758-45e1-b5a2-095888403986\/","og_locale":"es_ES","og_type":"article","og_title":"Coordenador de Log\u00edstica: Desafios e Benef\u00edcios Numa Grande Oportunidade - Magistrae","og_description":"Abra uma nova etapa profissional como Coordenador de Log\u00edstica. Comprove a sua lideran\u00e7a, experi\u00eancia e ingresse numa equipa pronta para crescer consigo. Vaga com vis\u00e3o estrat\u00e9gica aberta a gestores experientes.","og_url":"https:\/\/magistrae.com\/es\/c39a8fc9-f758-45e1-b5a2-095888403986\/","og_site_name":"Magistrae","article_published_time":"2026-04-13T04:15:00+00:00","article_modified_time":"2026-04-13T04:15:35+00:00","author":"Bruno Gianni","twitter_card":"summary_large_image","twitter_misc":{"Written by":"Bruno Gianni","Est. reading time":"3 minutos"},"schema":{"@context":"https:\/\/schema.org","@graph":[{"@type":"Article","@id":"https:\/\/magistrae.com\/c39a8fc9-f758-45e1-b5a2-095888403986\/#article","isPartOf":{"@id":"https:\/\/magistrae.com\/c39a8fc9-f758-45e1-b5a2-095888403986\/"},"author":{"name":"Bruno Gianni","@id":"https:\/\/magistrae.com\/#\/schema\/person\/d52888235fd6563bd07d97185d6a61e4"},"headline":"Coordenador de Log\u00edstica: Desafios e Benef\u00edcios Numa Grande Oportunidade","datePublished":"2026-04-13T04:15:00+00:00","dateModified":"2026-04-13T04:15:35+00:00","mainEntityOfPage":{"@id":"https:\/\/magistrae.com\/c39a8fc9-f758-45e1-b5a2-095888403986\/"},"wordCount":567,"commentCount":0,"publisher":{"@id":"https:\/\/magistrae.com\/#organization"},"articleSection":["Hidden"],"inLanguage":"es","potentialAction":[{"@type":"CommentAction","name":"Comment","target":["https:\/\/magistrae.com\/c39a8fc9-f758-45e1-b5a2-095888403986\/#respond"]}]},{"@type":"WebPage","@id":"https:\/\/magistrae.com\/c39a8fc9-f758-45e1-b5a2-095888403986\/","url":"https:\/\/magistrae.com\/c39a8fc9-f758-45e1-b5a2-095888403986\/","name":"Coordenador de Log\u00edstica: Desafios e Benef\u00edcios Numa Grande Oportunidade - Magistrae","isPartOf":{"@id":"https:\/\/magistrae.com\/#website"},"datePublished":"2026-04-13T04:15:00+00:00","dateModified":"2026-04-13T04:15:35+00:00","breadcrumb":{"@id":"https:\/\/magistrae.com\/c39a8fc9-f758-45e1-b5a2-095888403986\/#breadcrumb"},"inLanguage":"es","potentialAction":[{"@type":"ReadAction","target":["https:\/\/magistrae.com\/c39a8fc9-f758-45e1-b5a2-095888403986\/"]}]},{"@type":"BreadcrumbList","@id":"https:\/\/magistrae.com\/c39a8fc9-f758-45e1-b5a2-095888403986\/#breadcrumb","itemListElement":[{"@type":"ListItem","position":1,"name":"Home","item":"https:\/\/magistrae.com\/"},{"@type":"ListItem","position":2,"name":"Coordenador de Log\u00edstica: Desafios e Benef\u00edcios Numa Grande Oportunidade"}]},{"@type":"WebSite","@id":"https:\/\/magistrae.com\/#website","url":"https:\/\/magistrae.com\/","name":"Magistrae","description":"","publisher":{"@id":"https:\/\/magistrae.com\/#organization"},"potentialAction":[{"@type":"SearchAction","target":{"@type":"EntryPoint","urlTemplate":"https:\/\/magistrae.com\/?s={search_term_string}"},"query-input":"required name=search_term_string"}],"inLanguage":"es"},{"@type":"Organization","@id":"https:\/\/magistrae.com\/#organization","name":"Magistrae","url":"https:\/\/magistrae.com\/","logo":{"@type":"ImageObject","inLanguage":"es","@id":"https:\/\/magistrae.com\/#\/schema\/logo\/image\/","url":"https:\/\/magistrae.com\/wp-content\/uploads\/sites\/413\/2026\/03\/9_Magistrae.jpg","contentUrl":"https:\/\/magistrae.com\/wp-content\/uploads\/sites\/413\/2026\/03\/9_Magistrae.jpg","width":2000,"height":2000,"caption":"Magistrae"},"image":{"@id":"https:\/\/magistrae.com\/#\/schema\/logo\/image\/"}},{"@type":"Person","@id":"https:\/\/magistrae.com\/#\/schema\/person\/d52888235fd6563bd07d97185d6a61e4","name":"Bruno Gianni","image":{"@type":"ImageObject","inLanguage":"es","@id":"https:\/\/magistrae.com\/#\/schema\/person\/image\/","url":"https:\/\/secure.gravatar.com\/avatar\/0f5d42d7bf77874643c1478932860e3f?s=96&d=mm&r=g","contentUrl":"https:\/\/secure.gravatar.com\/avatar\/0f5d42d7bf77874643c1478932860e3f?s=96&d=mm&r=g","caption":"Bruno Gianni"},"description":"Bruno writes the way he lives, with curiosity, care, and respect for people. He likes to observe, listen, and try to understand what is happening on the other side before putting any words on the page.For him, writing is not about impressing, but about getting closer. It is about turning thoughts into something simple, clear, and real. Every text is an ongoing conversation, created with care and honesty, with the sincere intention of touching someone, somewhere along the way.","url":"https:\/\/magistrae.com\/es\/author\/bcgianni\/"}]}},"uagb_featured_image_src":{"full":false,"thumbnail":false,"medium":false,"medium_large":false,"large":false,"1536x1536":false,"2048x2048":false,"trp-custom-language-flag":false},"uagb_author_info":{"display_name":"Bruno Gianni","author_link":"https:\/\/magistrae.com\/es\/author\/bcgianni\/"},"uagb_comment_info":0,"uagb_excerpt":"Abra uma nova etapa profissional como Coordenador de Log\u00edstica. Comprove a sua lideran\u00e7a, experi\u00eancia e ingresse numa equipa pronta para crescer consigo. Vaga com vis\u00e3o estrat\u00e9gica aberta a gestores experientes.","_links":{"self":[{"href":"https:\/\/magistrae.com\/es\/wp-json\/wp\/v2\/posts\/11947"}],"collection":[{"href":"https:\/\/magistrae.com\/es\/wp-json\/wp\/v2\/posts"}],"about":[{"href":"https:\/\/magistrae.com\/es\/wp-json\/wp\/v2\/types\/post"}],"author":[{"embeddable":true,"href":"https:\/\/magistrae.com\/es\/wp-json\/wp\/v2\/users\/3"}],"replies":[{"embeddable":true,"href":"https:\/\/magistrae.com\/es\/wp-json\/wp\/v2\/comments?post=11947"}],"version-history":[{"count":1,"href":"https:\/\/magistrae.com\/es\/wp-json\/wp\/v2\/posts\/11947\/revisions"}],"predecessor-version":[{"id":11956,"href":"https:\/\/magistrae.com\/es\/wp-json\/wp\/v2\/posts\/11947\/revisions\/11956"}],"wp:attachment":[{"href":"https:\/\/magistrae.com\/es\/wp-json\/wp\/v2\/media?parent=11947"}],"wp:term":[{"taxonomy":"category","embeddable":true,"href":"https:\/\/magistrae.com\/es\/wp-json\/wp\/v2\/categories?post=11947"},{"taxonomy":"post_tag","embeddable":true,"href":"https:\/\/magistrae.com\/es\/wp-json\/wp\/v2\/tags?post=11947"}],"curies":[{"name":"wp","href":"https:\/\/api.w.org\/{rel}","templated":true}]}}