{"id":11922,"date":"2026-04-12T23:28:00","date_gmt":"2026-04-12T23:28:00","guid":{"rendered":"https:\/\/magistrae.com\/a50b7c95-955b-40b0-99ed-b122cde8decc\/"},"modified":"2026-04-12T23:28:20","modified_gmt":"2026-04-12T23:28:20","slug":"a50b7c95-955b-40b0-99ed-b122cde8decc","status":"publish","type":"post","link":"https:\/\/magistrae.com\/es\/a50b7c95-955b-40b0-99ed-b122cde8decc\/","title":{"rendered":"Supervisor de Servi\u00e7os Gerais: Oportunidade de Lideran\u00e7a com Benef\u00edcios e Crescimento"},"content":{"rendered":"<\/p>\n<\/p>\n<div style=\"background: #ffffff; border-radius: 12px; box-shadow: 0 10px 30px rgba(0, 0, 0, 0.1); width: 100%; max-width: 340px; padding: 25px; transition: transform 0.3s ease-in-out; overflow: visible; display: flex; flex-direction: column; position: relative; border: 1px solid #28a745; margin-top: 70px; margin-bottom: 50px; margin-left: auto; margin-right: auto;\">\n<div style=\"position: absolute; top: -35px; right: 15px; color: #28a745; padding: 5px 10px; border-radius: 6px; font-size: 14px; font-weight: bold; display: flex; align-items: center; z-index: 10;\">Recomendado para si<\/div>\n<div data-namespace-header=\"\" style=\"\">\n<h3 data-namespace-title=\"\" style=\"color: #333; font-size: 20px; font-weight: bold; text-align: left; margin-right: 50px; min-height: 50px; margin-top: 0px;\">Supervisor de Servi\u00e7os Gerais<\/h3>\n<\/p><\/div>\n<p data-namespace-prompt=\"\" style=\"font-size: 16px; color: #666; margin-bottom: 20px; line-height: 1.5; flex-grow: 1; text-align: left; margin-top: 0px;\">Supervisione equipas, controle de fornecedores e transportes. Necess\u00e1rio experi\u00eancia e dom\u00ednio de MS Office. Ambiente multicultural e oportunidades de carreira.<\/p>\n<p>    <a data-namespace-url=\"\" href=\"https:\/\/magistrae.com\/es\/redirect\/?https:\/\/angoemprego.com\/vagas\/supervisor-de-servicos-gerais\/?utm_campaign=google_jobs_apply&#038;utm_source=google_jobs_apply&#038;utm_medium=organic\" style=\"width: 100%; display: inline-block; color: white; text-decoration: none; border-radius: 6px; font-size: 16px; font-weight: bold; text-align: center; transition: transform 0.3s ease, background 0.3s ease; margin-top: auto;\" data-namespace-id=\"5c0d2565-3ba9-4280-a382-ad2a691e2285\"><br \/>\n        <button style=\"width: 100%; height: 55px; background: #e9e9ed; border: 1px solid black; color: black;\">Candidatar-se \u00e0 vaga<\/button><br \/>\n    <\/a><br \/>\n    <small style=\"margin-top: 10px; color: #777; font-size: 12px; text-align: center; display: block;\">Ser\u00e1 redirigido a otro sitio<\/small>\n<\/div>\n<p>O cargo de Supervisor de Servi\u00e7os Gerais est\u00e1 aberto para profissionais experientes que pretendam liderar equipas multifuncionais em ambientes din\u00e2micos. O sal\u00e1rio n\u00e3o foi divulgado e o emprego segue modelo contratual convencional, proporcionando estabilidade e valoriza\u00e7\u00e3o profissional.<\/p>\n<p>O recrutamento exige dom\u00ednio do pacote Office e experi\u00eancia comprovada em gest\u00e3o de facilities. Benef\u00edcios incluem integra\u00e7\u00e3o total numa cultura colaborativa e oportunidades de desenvolvimento, reconhecendo m\u00e9rito e proatividade.<\/p>\n<h3>Fun\u00e7\u00f5es e Responsabilidades Di\u00e1rias<\/h3>\n<p>Quem ingressar nesta posi\u00e7\u00e3o ser\u00e1 respons\u00e1vel pela gest\u00e3o de equipas de servi\u00e7os gerais, bem como o planeamento e controlo de transportes di\u00e1rios. Ser\u00e1 tamb\u00e9m importante garantir o cumprimento das normas organizacionais e manter estruturas de alojamento bem organizadas para os colaboradores.<\/p>\n<p>Parte fundamental do dia-a-dia \u00e9 supervisionar fornecedores, contratos de servi\u00e7os e controlar indicadores de desempenho para garantir efici\u00eancia operacional. Adicionalmente, a pessoa escolhida dever\u00e1 aplicar treinamentos e promover di\u00e1logo construtivo entre os funcion\u00e1rios.<\/p>\n<p>O profissional deve ainda ser \u00e1gil na digitaliza\u00e7\u00e3o de arquivos e na organiza\u00e7\u00e3o de pastas digitais, bem como assessorar a gest\u00e3o administrativa em quest\u00f5es financeiras e de or\u00e7amento.<\/p>\n<h3>Ventajas del cargo<\/h3>\n<p>O emprego oferece acesso a uma equipa multicultural reconhecida internacionalmente, com constante interc\u00e2mbio de experi\u00eancias. Oportunidades de crescimento s\u00e3o uma realidade para quem mostre iniciativa, destacando-se pelo compromisso com a inova\u00e7\u00e3o e a sustentabilidade. O ambiente de trabalho \u00e9 marcado pelo respeito \u00e0 diversidade e esp\u00edrito colaborativo.<\/p>\n<h3>Desvantagens do Cargo<\/h3>\n<p>Entre os desafios, pode-se citar a exig\u00eancia de lidar com press\u00e3o constante devido \u00e0 necessidade de cumprir prazos rigorosos. Dependendo do projeto, poder\u00e1 haver necessidade de disponibilidade extra para monitorizar opera\u00e7\u00f5es ou atender emerg\u00eancias inesperadas.<\/p>\n<p>A complexidade na gest\u00e3o de equipas e fornecedores poder\u00e1 ser mais desafiante durante fases de maior volume de trabalho, exigindo resili\u00eancia e capacidade de adapta\u00e7\u00e3o.<\/p>\n<h3>Veredito<\/h3>\n<p>Esta vaga \u00e9 ideal para profissionais organizados, comprometidos e que procuram destaque em ambientes de alta exig\u00eancia. A experi\u00eancia relevante e perfil &#8220;hands on&#8221; ser\u00e3o grandes diferenciais, tornando o cargo uma excelente via para crescimento na \u00e1rea de facilities.<\/p>\n<div style=\"background: #ffffff; border-radius: 12px; box-shadow: 0 10px 30px rgba(0, 0, 0, 0.1); width: 100%; max-width: 340px; padding: 25px; transition: transform 0.3s ease-in-out; overflow: visible; display: flex; flex-direction: column; position: relative; border: 1px solid #28a745; margin-top: 70px; margin-bottom: 50px; margin-left: auto; margin-right: auto;\">\n<div style=\"position: absolute; top: -35px; right: 15px; color: #28a745; padding: 5px 10px; border-radius: 6px; font-size: 14px; font-weight: bold; display: flex; align-items: center; z-index: 10;\">Recomendado para si<\/div>\n<div data-namespace-header=\"\" style=\"\">\n<h3 data-namespace-title=\"\" style=\"color: #333; font-size: 20px; font-weight: bold; text-align: left; margin-right: 50px; min-height: 50px; margin-top: 0px;\">Supervisor de Servi\u00e7os Gerais<\/h3>\n<\/p><\/div>\n<p data-namespace-prompt=\"\" style=\"font-size: 16px; color: #666; margin-bottom: 20px; line-height: 1.5; flex-grow: 1; text-align: left; margin-top: 0px;\">Supervisione equipas, controle de fornecedores e transportes. Necess\u00e1rio experi\u00eancia e dom\u00ednio de MS Office. Ambiente multicultural e oportunidades de carreira.<\/p>\n<p>    <a data-namespace-url=\"\" href=\"https:\/\/magistrae.com\/es\/redirect\/?https:\/\/angoemprego.com\/vagas\/supervisor-de-servicos-gerais\/?utm_campaign=google_jobs_apply&#038;utm_source=google_jobs_apply&#038;utm_medium=organic\" style=\"width: 100%; display: inline-block; color: white; text-decoration: none; border-radius: 6px; font-size: 16px; font-weight: bold; text-align: center; transition: transform 0.3s ease, background 0.3s ease; margin-top: auto;\" data-namespace-id=\"5c0d2565-3ba9-4280-a382-ad2a691e2285\"><br \/>\n        <button style=\"width: 100%; height: 55px; background: #e9e9ed; border: 1px solid black; color: black;\">Candidatar-se \u00e0 vaga<\/button><br \/>\n    <\/a><br \/>\n    <small style=\"margin-top: 10px; color: #777; font-size: 12px; text-align: center; display: block;\">Ser\u00e1 redirigido a otro sitio<\/small>\n<\/div>","protected":false},"excerpt":{"rendered":"<p>Conhe\u00e7a a vaga de Supervisor de Servi\u00e7os Gerais! Lideran\u00e7a de equipas, ambiente multicultural e oportunidades de crescimento para quem busca carreira s\u00f3lida. Candidate-se j\u00e1!<\/p>","protected":false},"author":3,"featured_media":0,"comment_status":"open","ping_status":"open","sticky":false,"template":"","format":"standard","meta":{"_uag_custom_page_level_css":"","site-sidebar-layout":"default","site-content-layout":"","ast-site-content-layout":"","site-content-style":"default","site-sidebar-style":"default","ast-global-header-display":"","ast-banner-title-visibility":"","ast-main-header-display":"","ast-hfb-above-header-display":"","ast-hfb-below-header-display":"","ast-hfb-mobile-header-display":"","site-post-title":"","ast-breadcrumbs-content":"","ast-featured-img":"","footer-sml-layout":"","theme-transparent-header-meta":"","adv-header-id-meta":"","stick-header-meta":"","header-above-stick-meta":"","header-main-stick-meta":"","header-below-stick-meta":"","astra-migrate-meta-layouts":"default","ast-page-background-enabled":"default","ast-page-background-meta":{"desktop":{"background-color":"var(--ast-global-color-4)","background-image":"","background-repeat":"repeat","background-position":"center center","background-size":"auto","background-attachment":"scroll","background-type":"","background-media":"","overlay-type":"","overlay-color":"","overlay-opacity":"","overlay-gradient":""},"tablet":{"background-color":"","background-image":"","background-repeat":"repeat","background-position":"center center","background-size":"auto","background-attachment":"scroll","background-type":"","background-media":"","overlay-type":"","overlay-color":"","overlay-opacity":"","overlay-gradient":""},"mobile":{"background-color":"","background-image":"","background-repeat":"repeat","background-position":"center center","background-size":"auto","background-attachment":"scroll","background-type":"","background-media":"","overlay-type":"","overlay-color":"","overlay-opacity":"","overlay-gradient":""}},"ast-content-background-meta":{"desktop":{"background-color":"var(--ast-global-color-5)","background-image":"","background-repeat":"repeat","background-position":"center center","background-size":"auto","background-attachment":"scroll","background-type":"","background-media":"","overlay-type":"","overlay-color":"","overlay-opacity":"","overlay-gradient":""},"tablet":{"background-color":"var(--ast-global-color-5)","background-image":"","background-repeat":"repeat","background-position":"center center","background-size":"auto","background-attachment":"scroll","background-type":"","background-media":"","overlay-type":"","overlay-color":"","overlay-opacity":"","overlay-gradient":""},"mobile":{"background-color":"var(--ast-global-color-5)","background-image":"","background-repeat":"repeat","background-position":"center center","background-size":"auto","background-attachment":"scroll","background-type":"","background-media":"","overlay-type":"","overlay-color":"","overlay-opacity":"","overlay-gradient":""}},"footnotes":""},"categories":[14],"tags":[],"yoast_head":"<!-- This site is optimized with the Yoast SEO plugin v23.3 - https:\/\/yoast.com\/wordpress\/plugins\/seo\/ -->\n<title>Supervisor de Servi\u00e7os Gerais: Oportunidade de Lideran\u00e7a com Benef\u00edcios e Crescimento - Magistrae<\/title>\n<meta name=\"robots\" content=\"index, follow, max-snippet:-1, max-image-preview:large, max-video-preview:-1\" \/>\n<link rel=\"canonical\" href=\"https:\/\/magistrae.com\/es\/a50b7c95-955b-40b0-99ed-b122cde8decc\/\" \/>\n<meta property=\"og:locale\" content=\"es_ES\" \/>\n<meta property=\"og:type\" content=\"article\" \/>\n<meta property=\"og:title\" content=\"Supervisor de Servi\u00e7os Gerais: Oportunidade de Lideran\u00e7a com Benef\u00edcios e Crescimento - Magistrae\" \/>\n<meta property=\"og:description\" content=\"Conhe\u00e7a a vaga de Supervisor de Servi\u00e7os Gerais! Lideran\u00e7a de equipas, ambiente multicultural e oportunidades de crescimento para quem busca carreira s\u00f3lida. Candidate-se j\u00e1!\" \/>\n<meta property=\"og:url\" content=\"https:\/\/magistrae.com\/es\/a50b7c95-955b-40b0-99ed-b122cde8decc\/\" \/>\n<meta property=\"og:site_name\" content=\"Magistrae\" \/>\n<meta property=\"article:published_time\" content=\"2026-04-12T23:28:00+00:00\" \/>\n<meta property=\"article:modified_time\" content=\"2026-04-12T23:28:20+00:00\" \/>\n<meta name=\"author\" content=\"Bruno Gianni\" \/>\n<meta name=\"twitter:card\" content=\"summary_large_image\" \/>\n<meta name=\"twitter:label1\" content=\"Written by\" \/>\n\t<meta name=\"twitter:data1\" content=\"Bruno Gianni\" \/>\n\t<meta name=\"twitter:label2\" content=\"Est. reading time\" \/>\n\t<meta name=\"twitter:data2\" content=\"2 minutos\" \/>\n<script type=\"application\/ld+json\" class=\"yoast-schema-graph\">{\"@context\":\"https:\/\/schema.org\",\"@graph\":[{\"@type\":\"Article\",\"@id\":\"https:\/\/magistrae.com\/a50b7c95-955b-40b0-99ed-b122cde8decc\/#article\",\"isPartOf\":{\"@id\":\"https:\/\/magistrae.com\/a50b7c95-955b-40b0-99ed-b122cde8decc\/\"},\"author\":{\"name\":\"Bruno Gianni\",\"@id\":\"https:\/\/magistrae.com\/#\/schema\/person\/d52888235fd6563bd07d97185d6a61e4\"},\"headline\":\"Supervisor de Servi\u00e7os Gerais: Oportunidade de Lideran\u00e7a com Benef\u00edcios e Crescimento\",\"datePublished\":\"2026-04-12T23:28:00+00:00\",\"dateModified\":\"2026-04-12T23:28:20+00:00\",\"mainEntityOfPage\":{\"@id\":\"https:\/\/magistrae.com\/a50b7c95-955b-40b0-99ed-b122cde8decc\/\"},\"wordCount\":453,\"commentCount\":0,\"publisher\":{\"@id\":\"https:\/\/magistrae.com\/#organization\"},\"articleSection\":[\"Hidden\"],\"inLanguage\":\"es\",\"potentialAction\":[{\"@type\":\"CommentAction\",\"name\":\"Comment\",\"target\":[\"https:\/\/magistrae.com\/a50b7c95-955b-40b0-99ed-b122cde8decc\/#respond\"]}]},{\"@type\":\"WebPage\",\"@id\":\"https:\/\/magistrae.com\/a50b7c95-955b-40b0-99ed-b122cde8decc\/\",\"url\":\"https:\/\/magistrae.com\/a50b7c95-955b-40b0-99ed-b122cde8decc\/\",\"name\":\"Supervisor de Servi\u00e7os Gerais: Oportunidade de Lideran\u00e7a com Benef\u00edcios e Crescimento - Magistrae\",\"isPartOf\":{\"@id\":\"https:\/\/magistrae.com\/#website\"},\"datePublished\":\"2026-04-12T23:28:00+00:00\",\"dateModified\":\"2026-04-12T23:28:20+00:00\",\"breadcrumb\":{\"@id\":\"https:\/\/magistrae.com\/a50b7c95-955b-40b0-99ed-b122cde8decc\/#breadcrumb\"},\"inLanguage\":\"es\",\"potentialAction\":[{\"@type\":\"ReadAction\",\"target\":[\"https:\/\/magistrae.com\/a50b7c95-955b-40b0-99ed-b122cde8decc\/\"]}]},{\"@type\":\"BreadcrumbList\",\"@id\":\"https:\/\/magistrae.com\/a50b7c95-955b-40b0-99ed-b122cde8decc\/#breadcrumb\",\"itemListElement\":[{\"@type\":\"ListItem\",\"position\":1,\"name\":\"Home\",\"item\":\"https:\/\/magistrae.com\/\"},{\"@type\":\"ListItem\",\"position\":2,\"name\":\"Supervisor de Servi\u00e7os Gerais: Oportunidade de Lideran\u00e7a com Benef\u00edcios e Crescimento\"}]},{\"@type\":\"WebSite\",\"@id\":\"https:\/\/magistrae.com\/#website\",\"url\":\"https:\/\/magistrae.com\/\",\"name\":\"Magistrae\",\"description\":\"\",\"publisher\":{\"@id\":\"https:\/\/magistrae.com\/#organization\"},\"potentialAction\":[{\"@type\":\"SearchAction\",\"target\":{\"@type\":\"EntryPoint\",\"urlTemplate\":\"https:\/\/magistrae.com\/?s={search_term_string}\"},\"query-input\":\"required name=search_term_string\"}],\"inLanguage\":\"es\"},{\"@type\":\"Organization\",\"@id\":\"https:\/\/magistrae.com\/#organization\",\"name\":\"Magistrae\",\"url\":\"https:\/\/magistrae.com\/\",\"logo\":{\"@type\":\"ImageObject\",\"inLanguage\":\"es\",\"@id\":\"https:\/\/magistrae.com\/#\/schema\/logo\/image\/\",\"url\":\"https:\/\/magistrae.com\/wp-content\/uploads\/sites\/413\/2026\/03\/9_Magistrae.jpg\",\"contentUrl\":\"https:\/\/magistrae.com\/wp-content\/uploads\/sites\/413\/2026\/03\/9_Magistrae.jpg\",\"width\":2000,\"height\":2000,\"caption\":\"Magistrae\"},\"image\":{\"@id\":\"https:\/\/magistrae.com\/#\/schema\/logo\/image\/\"}},{\"@type\":\"Person\",\"@id\":\"https:\/\/magistrae.com\/#\/schema\/person\/d52888235fd6563bd07d97185d6a61e4\",\"name\":\"Bruno Gianni\",\"image\":{\"@type\":\"ImageObject\",\"inLanguage\":\"es\",\"@id\":\"https:\/\/magistrae.com\/#\/schema\/person\/image\/\",\"url\":\"https:\/\/secure.gravatar.com\/avatar\/0f5d42d7bf77874643c1478932860e3f?s=96&d=mm&r=g\",\"contentUrl\":\"https:\/\/secure.gravatar.com\/avatar\/0f5d42d7bf77874643c1478932860e3f?s=96&d=mm&r=g\",\"caption\":\"Bruno Gianni\"},\"description\":\"Bruno writes the way he lives, with curiosity, care, and respect for people. He likes to observe, listen, and try to understand what is happening on the other side before putting any words on the page.For him, writing is not about impressing, but about getting closer. It is about turning thoughts into something simple, clear, and real. Every text is an ongoing conversation, created with care and honesty, with the sincere intention of touching someone, somewhere along the way.\",\"url\":\"https:\/\/magistrae.com\/es\/author\/bcgianni\/\"}]}<\/script>\n<!-- \/ Yoast SEO plugin. -->","yoast_head_json":{"title":"Supervisor de Servi\u00e7os Gerais: Oportunidade de Lideran\u00e7a com Benef\u00edcios e Crescimento - Magistrae","robots":{"index":"index","follow":"follow","max-snippet":"max-snippet:-1","max-image-preview":"max-image-preview:large","max-video-preview":"max-video-preview:-1"},"canonical":"https:\/\/magistrae.com\/es\/a50b7c95-955b-40b0-99ed-b122cde8decc\/","og_locale":"es_ES","og_type":"article","og_title":"Supervisor de Servi\u00e7os Gerais: Oportunidade de Lideran\u00e7a com Benef\u00edcios e Crescimento - Magistrae","og_description":"Conhe\u00e7a a vaga de Supervisor de Servi\u00e7os Gerais! Lideran\u00e7a de equipas, ambiente multicultural e oportunidades de crescimento para quem busca carreira s\u00f3lida. Candidate-se j\u00e1!","og_url":"https:\/\/magistrae.com\/es\/a50b7c95-955b-40b0-99ed-b122cde8decc\/","og_site_name":"Magistrae","article_published_time":"2026-04-12T23:28:00+00:00","article_modified_time":"2026-04-12T23:28:20+00:00","author":"Bruno Gianni","twitter_card":"summary_large_image","twitter_misc":{"Written by":"Bruno Gianni","Est. reading time":"2 minutos"},"schema":{"@context":"https:\/\/schema.org","@graph":[{"@type":"Article","@id":"https:\/\/magistrae.com\/a50b7c95-955b-40b0-99ed-b122cde8decc\/#article","isPartOf":{"@id":"https:\/\/magistrae.com\/a50b7c95-955b-40b0-99ed-b122cde8decc\/"},"author":{"name":"Bruno Gianni","@id":"https:\/\/magistrae.com\/#\/schema\/person\/d52888235fd6563bd07d97185d6a61e4"},"headline":"Supervisor de Servi\u00e7os Gerais: Oportunidade de Lideran\u00e7a com Benef\u00edcios e Crescimento","datePublished":"2026-04-12T23:28:00+00:00","dateModified":"2026-04-12T23:28:20+00:00","mainEntityOfPage":{"@id":"https:\/\/magistrae.com\/a50b7c95-955b-40b0-99ed-b122cde8decc\/"},"wordCount":453,"commentCount":0,"publisher":{"@id":"https:\/\/magistrae.com\/#organization"},"articleSection":["Hidden"],"inLanguage":"es","potentialAction":[{"@type":"CommentAction","name":"Comment","target":["https:\/\/magistrae.com\/a50b7c95-955b-40b0-99ed-b122cde8decc\/#respond"]}]},{"@type":"WebPage","@id":"https:\/\/magistrae.com\/a50b7c95-955b-40b0-99ed-b122cde8decc\/","url":"https:\/\/magistrae.com\/a50b7c95-955b-40b0-99ed-b122cde8decc\/","name":"Supervisor de Servi\u00e7os Gerais: Oportunidade de Lideran\u00e7a com Benef\u00edcios e Crescimento - Magistrae","isPartOf":{"@id":"https:\/\/magistrae.com\/#website"},"datePublished":"2026-04-12T23:28:00+00:00","dateModified":"2026-04-12T23:28:20+00:00","breadcrumb":{"@id":"https:\/\/magistrae.com\/a50b7c95-955b-40b0-99ed-b122cde8decc\/#breadcrumb"},"inLanguage":"es","potentialAction":[{"@type":"ReadAction","target":["https:\/\/magistrae.com\/a50b7c95-955b-40b0-99ed-b122cde8decc\/"]}]},{"@type":"BreadcrumbList","@id":"https:\/\/magistrae.com\/a50b7c95-955b-40b0-99ed-b122cde8decc\/#breadcrumb","itemListElement":[{"@type":"ListItem","position":1,"name":"Home","item":"https:\/\/magistrae.com\/"},{"@type":"ListItem","position":2,"name":"Supervisor de Servi\u00e7os Gerais: Oportunidade de Lideran\u00e7a com Benef\u00edcios e Crescimento"}]},{"@type":"WebSite","@id":"https:\/\/magistrae.com\/#website","url":"https:\/\/magistrae.com\/","name":"Magistrae","description":"","publisher":{"@id":"https:\/\/magistrae.com\/#organization"},"potentialAction":[{"@type":"SearchAction","target":{"@type":"EntryPoint","urlTemplate":"https:\/\/magistrae.com\/?s={search_term_string}"},"query-input":"required name=search_term_string"}],"inLanguage":"es"},{"@type":"Organization","@id":"https:\/\/magistrae.com\/#organization","name":"Magistrae","url":"https:\/\/magistrae.com\/","logo":{"@type":"ImageObject","inLanguage":"es","@id":"https:\/\/magistrae.com\/#\/schema\/logo\/image\/","url":"https:\/\/magistrae.com\/wp-content\/uploads\/sites\/413\/2026\/03\/9_Magistrae.jpg","contentUrl":"https:\/\/magistrae.com\/wp-content\/uploads\/sites\/413\/2026\/03\/9_Magistrae.jpg","width":2000,"height":2000,"caption":"Magistrae"},"image":{"@id":"https:\/\/magistrae.com\/#\/schema\/logo\/image\/"}},{"@type":"Person","@id":"https:\/\/magistrae.com\/#\/schema\/person\/d52888235fd6563bd07d97185d6a61e4","name":"Bruno Gianni","image":{"@type":"ImageObject","inLanguage":"es","@id":"https:\/\/magistrae.com\/#\/schema\/person\/image\/","url":"https:\/\/secure.gravatar.com\/avatar\/0f5d42d7bf77874643c1478932860e3f?s=96&d=mm&r=g","contentUrl":"https:\/\/secure.gravatar.com\/avatar\/0f5d42d7bf77874643c1478932860e3f?s=96&d=mm&r=g","caption":"Bruno Gianni"},"description":"Bruno writes the way he lives, with curiosity, care, and respect for people. He likes to observe, listen, and try to understand what is happening on the other side before putting any words on the page.For him, writing is not about impressing, but about getting closer. It is about turning thoughts into something simple, clear, and real. Every text is an ongoing conversation, created with care and honesty, with the sincere intention of touching someone, somewhere along the way.","url":"https:\/\/magistrae.com\/es\/author\/bcgianni\/"}]}},"uagb_featured_image_src":{"full":false,"thumbnail":false,"medium":false,"medium_large":false,"large":false,"1536x1536":false,"2048x2048":false,"trp-custom-language-flag":false},"uagb_author_info":{"display_name":"Bruno Gianni","author_link":"https:\/\/magistrae.com\/es\/author\/bcgianni\/"},"uagb_comment_info":0,"uagb_excerpt":"Conhe\u00e7a a vaga de Supervisor de Servi\u00e7os Gerais! Lideran\u00e7a de equipas, ambiente multicultural e oportunidades de crescimento para quem busca carreira s\u00f3lida. Candidate-se j\u00e1!","_links":{"self":[{"href":"https:\/\/magistrae.com\/es\/wp-json\/wp\/v2\/posts\/11922"}],"collection":[{"href":"https:\/\/magistrae.com\/es\/wp-json\/wp\/v2\/posts"}],"about":[{"href":"https:\/\/magistrae.com\/es\/wp-json\/wp\/v2\/types\/post"}],"author":[{"embeddable":true,"href":"https:\/\/magistrae.com\/es\/wp-json\/wp\/v2\/users\/3"}],"replies":[{"embeddable":true,"href":"https:\/\/magistrae.com\/es\/wp-json\/wp\/v2\/comments?post=11922"}],"version-history":[{"count":1,"href":"https:\/\/magistrae.com\/es\/wp-json\/wp\/v2\/posts\/11922\/revisions"}],"predecessor-version":[{"id":11925,"href":"https:\/\/magistrae.com\/es\/wp-json\/wp\/v2\/posts\/11922\/revisions\/11925"}],"wp:attachment":[{"href":"https:\/\/magistrae.com\/es\/wp-json\/wp\/v2\/media?parent=11922"}],"wp:term":[{"taxonomy":"category","embeddable":true,"href":"https:\/\/magistrae.com\/es\/wp-json\/wp\/v2\/categories?post=11922"},{"taxonomy":"post_tag","embeddable":true,"href":"https:\/\/magistrae.com\/es\/wp-json\/wp\/v2\/tags?post=11922"}],"curies":[{"name":"wp","href":"https:\/\/api.w.org\/{rel}","templated":true}]}}