{"id":11860,"date":"2026-04-11T15:26:00","date_gmt":"2026-04-11T15:26:00","guid":{"rendered":"https:\/\/magistrae.com\/d6e9b5d8-4441-4ffa-98b2-fefcaacebf09\/"},"modified":"2026-04-11T15:26:50","modified_gmt":"2026-04-11T15:26:50","slug":"d6e9b5d8-4441-4ffa-98b2-fefcaacebf09","status":"publish","type":"post","link":"https:\/\/magistrae.com\/es\/d6e9b5d8-4441-4ffa-98b2-fefcaacebf09\/","title":{"rendered":"Director Adjunto de Log\u00edstica: Destaques e Oportunidades na Lideran\u00e7a Log\u00edstica"},"content":{"rendered":"<\/p>\n<\/p>\n<div style=\"background: #ffffff; border-radius: 12px; box-shadow: 0 10px 30px rgba(0, 0, 0, 0.1); width: 100%; max-width: 340px; padding: 25px; transition: transform 0.3s ease-in-out; overflow: visible; display: flex; flex-direction: column; position: relative; border: 1px solid #28a745; margin-top: 70px; margin-bottom: 50px; margin-left: auto; margin-right: auto;\">\n<div style=\"position: absolute; top: -35px; right: 15px; color: #28a745; padding: 5px 10px; border-radius: 6px; font-size: 14px; font-weight: bold; display: flex; align-items: center; z-index: 10;\">Recomendado para si<\/div>\n<div data-namespace-header=\"\" style=\"\">\n<h3 data-namespace-title=\"\" style=\"color: #333; font-size: 20px; font-weight: bold; text-align: left; margin-right: 50px; min-height: 50px; margin-top: 0px;\">Director Adjunto de Log\u00edstica<\/h3>\n<\/p><\/div>\n<p data-namespace-prompt=\"\" style=\"font-size: 16px; color: #666; margin-bottom: 20px; line-height: 1.5; flex-grow: 1; text-align: left; margin-top: 0px;\">Procura-se profissional experiente para liderar opera\u00e7\u00f5es log\u00edsticas, supervisionar armaz\u00e9ns, optimizar processos, garantir qualidade e apoiar equipas em ambiente desafiante.<\/p>\n<p>    <a data-namespace-url=\"\" href=\"https:\/\/magistrae.com\/es\/redirect\/?https:\/\/jobs.keptpeople.com\/jobs\/director-adjunto-de-logistica-luanda?utm_campaign=google_jobs_apply&#038;utm_source=google_jobs_apply&#038;utm_medium=organic\" style=\"width: 100%; display: inline-block; color: white; text-decoration: none; border-radius: 6px; font-size: 16px; font-weight: bold; text-align: center; transition: transform 0.3s ease, background 0.3s ease; margin-top: auto;\" data-namespace-id=\"5c0d2565-3ba9-4280-a382-ad2a691e2285\"><br \/>\n        <button style=\"width: 100%; height: 55px; background: #e9e9ed; border: 1px solid black; color: black;\">Candidatar-se \u00e0 vaga<\/button><br \/>\n    <\/a><br \/>\n    <small style=\"margin-top: 10px; color: #777; font-size: 12px; text-align: center; display: block;\">Ser\u00e1 redireccionado para otro sitio<\/small>\n<\/div>\n<p>A vaga de Director Adjunto de Log\u00edstica destina-se a profissionais com experi\u00eancia s\u00f3lida em opera\u00e7\u00f5es, supervis\u00e3o de armaz\u00e9ns e coordena\u00e7\u00e3o de processos log\u00edsticos nas \u00e1reas de hotelaria e restaura\u00e7\u00e3o. O cargo \u00e9 permanente e exige total disponibilidade, com jornada integral e trabalho presencial. N\u00e3o h\u00e1 informa\u00e7\u00e3o expl\u00edcita sobre sal\u00e1rio neste momento, mas trata-se de um grupo consolidado e em expans\u00e3o, o que pode oferecer perspectivas de evolu\u00e7\u00e3o e seguran\u00e7a a m\u00e9dio prazo para quem valoriza estabilidade.<\/p>\n<h2>Principais responsabilidades e desafios<\/h2>\n<p>O dia-a-dia desta fun\u00e7\u00e3o envolve a gest\u00e3o das opera\u00e7\u00f5es log\u00edsticas, desde a recep\u00e7\u00e3o e armazenamento at\u00e9 \u00e0 distribui\u00e7\u00e3o de mercadorias. Tamb\u00e9m implica supervis\u00e3o rigorosa de equipa e implementa\u00e7\u00e3o de boas pr\u00e1ticas para garantir efici\u00eancia e conformidade com normas de seguran\u00e7a alimentar e de higiene.<\/p>\n<p>O candidato ser\u00e1 respons\u00e1vel por planear todas as actividades log\u00edsticas, monitorar invent\u00e1rios, coordenar processos de importa\u00e7\u00e3o e fornecer solu\u00e7\u00f5es para reduzir custos e desperd\u00edcios. Essencial garantir o abastecimento cont\u00ednuo, o atendimento das necessidades dos centros operacionais e o cumprimento dos prazos definidos pela direc\u00e7\u00e3o.<\/p>\n<p>A constante busca por optimiza\u00e7\u00e3o de rotas, aplica\u00e7\u00e3o de tecnologias inovadoras e promo\u00e7\u00e3o de sustentabilidade fazem tamb\u00e9m parte da rotina, tornando a posi\u00e7\u00e3o desafiante e estrat\u00e9gica. Lideran\u00e7a na adop\u00e7\u00e3o de processos de controlo de qualidade \u00e9 fundamental, al\u00e9m de garantir relat\u00f3rios de performance claros e regulares para facilitar decis\u00f5es de gest\u00e3o.<\/p>\n<p>A pessoa nesta fun\u00e7\u00e3o deve ser consultiva, apoiar equipas e fomentar um ambiente colaborativo, mantendo sempre o alinhamento com a estrat\u00e9gia geral da empresa.<\/p>\n<h2>Pontos Fortes da Vaga<\/h2>\n<p>Oportunidade de se juntar a um grupo empresarial s\u00f3lido e respeitado no seu sector, com reais possibilidades de desenvolvimento e progress\u00e3o na carreira. Destaque para o contacto com projectos desafiantes e equipas multiculturais, com acesso a forma\u00e7\u00e3o cont\u00ednua e partilha de boas pr\u00e1ticas de mercado.<\/p>\n<p>O cargo oferece um ambiente onde a inova\u00e7\u00e3o \u00e9 valorizada e onde o profissional tem autonomia para implementar solu\u00e7\u00f5es e liderar iniciativas de melhoria. Excelente op\u00e7\u00e3o para quem busca crescimento num contexto estruturado.<\/p>\n<h2>Pontos a Melhorar<\/h2>\n<p>A exig\u00eancia de experi\u00eancia pr\u00e9via elevada e o n\u00edvel de responsabilidade podem ser desafiadores para perfis menos experientes. A aus\u00eancia de informa\u00e7\u00e3o sobre remunera\u00e7\u00e3o inicial pode ser um factor de incerteza para alguns candidatos.<\/p>\n<p>A fun\u00e7\u00e3o requer elevada resili\u00eancia, capacidade de adapta\u00e7\u00e3o, dom\u00ednio de tecnologias e profici\u00eancia em ingl\u00eas, podendo limitar oportunidades a candidatos menos preparados nestes aspectos.<\/p>\n<h2>Veredito<\/h2>\n<p>Para quem procura novos desafios na lideran\u00e7a log\u00edstica e visa integrar uma empresa din\u00e2mica e est\u00e1vel, esta vaga representa uma excelente oportunidade. O perfil ideal alia experi\u00eancia, capacidade de adapta\u00e7\u00e3o e esp\u00edrito de equipa, com vontade de crescer e inovar na \u00e1rea log\u00edstica.<\/p>\n<div style=\"background: #ffffff; border-radius: 12px; box-shadow: 0 10px 30px rgba(0, 0, 0, 0.1); width: 100%; max-width: 340px; padding: 25px; transition: transform 0.3s ease-in-out; overflow: visible; display: flex; flex-direction: column; position: relative; border: 1px solid #28a745; margin-top: 70px; margin-bottom: 50px; margin-left: auto; margin-right: auto;\">\n<div style=\"position: absolute; top: -35px; right: 15px; color: #28a745; padding: 5px 10px; border-radius: 6px; font-size: 14px; font-weight: bold; display: flex; align-items: center; z-index: 10;\">Recomendado para si<\/div>\n<div data-namespace-header=\"\" style=\"\">\n<h3 data-namespace-title=\"\" style=\"color: #333; font-size: 20px; font-weight: bold; text-align: left; margin-right: 50px; min-height: 50px; margin-top: 0px;\">Director Adjunto de Log\u00edstica<\/h3>\n<\/p><\/div>\n<p data-namespace-prompt=\"\" style=\"font-size: 16px; color: #666; margin-bottom: 20px; line-height: 1.5; flex-grow: 1; text-align: left; margin-top: 0px;\">Procura-se profissional experiente para liderar opera\u00e7\u00f5es log\u00edsticas, supervisionar armaz\u00e9ns, optimizar processos, garantir qualidade e apoiar equipas em ambiente desafiante.<\/p>\n<p>    <a data-namespace-url=\"\" href=\"https:\/\/magistrae.com\/es\/redirect\/?https:\/\/jobs.keptpeople.com\/jobs\/director-adjunto-de-logistica-luanda?utm_campaign=google_jobs_apply&#038;utm_source=google_jobs_apply&#038;utm_medium=organic\" style=\"width: 100%; display: inline-block; color: white; text-decoration: none; border-radius: 6px; font-size: 16px; font-weight: bold; text-align: center; transition: transform 0.3s ease, background 0.3s ease; margin-top: auto;\" data-namespace-id=\"5c0d2565-3ba9-4280-a382-ad2a691e2285\"><br \/>\n        <button style=\"width: 100%; height: 55px; background: #e9e9ed; border: 1px solid black; color: black;\">Candidatar-se \u00e0 vaga<\/button><br \/>\n    <\/a><br \/>\n    <small style=\"margin-top: 10px; color: #777; font-size: 12px; text-align: center; display: block;\">Ser\u00e1 redireccionado para otro sitio<\/small>\n<\/div>","protected":false},"excerpt":{"rendered":"<p>Saiba mais sobre a vaga de Director Adjunto de Log\u00edstica: conhe\u00e7a as fun\u00e7\u00f5es, benef\u00edcios e o perfil ideal para liderar equipas e processos log\u00edsticos.<\/p>","protected":false},"author":3,"featured_media":0,"comment_status":"open","ping_status":"open","sticky":false,"template":"","format":"standard","meta":{"_uag_custom_page_level_css":"","site-sidebar-layout":"default","site-content-layout":"","ast-site-content-layout":"","site-content-style":"default","site-sidebar-style":"default","ast-global-header-display":"","ast-banner-title-visibility":"","ast-main-header-display":"","ast-hfb-above-header-display":"","ast-hfb-below-header-display":"","ast-hfb-mobile-header-display":"","site-post-title":"","ast-breadcrumbs-content":"","ast-featured-img":"","footer-sml-layout":"","theme-transparent-header-meta":"","adv-header-id-meta":"","stick-header-meta":"","header-above-stick-meta":"","header-main-stick-meta":"","header-below-stick-meta":"","astra-migrate-meta-layouts":"default","ast-page-background-enabled":"default","ast-page-background-meta":{"desktop":{"background-color":"var(--ast-global-color-4)","background-image":"","background-repeat":"repeat","background-position":"center center","background-size":"auto","background-attachment":"scroll","background-type":"","background-media":"","overlay-type":"","overlay-color":"","overlay-opacity":"","overlay-gradient":""},"tablet":{"background-color":"","background-image":"","background-repeat":"repeat","background-position":"center center","background-size":"auto","background-attachment":"scroll","background-type":"","background-media":"","overlay-type":"","overlay-color":"","overlay-opacity":"","overlay-gradient":""},"mobile":{"background-color":"","background-image":"","background-repeat":"repeat","background-position":"center center","background-size":"auto","background-attachment":"scroll","background-type":"","background-media":"","overlay-type":"","overlay-color":"","overlay-opacity":"","overlay-gradient":""}},"ast-content-background-meta":{"desktop":{"background-color":"var(--ast-global-color-5)","background-image":"","background-repeat":"repeat","background-position":"center center","background-size":"auto","background-attachment":"scroll","background-type":"","background-media":"","overlay-type":"","overlay-color":"","overlay-opacity":"","overlay-gradient":""},"tablet":{"background-color":"var(--ast-global-color-5)","background-image":"","background-repeat":"repeat","background-position":"center center","background-size":"auto","background-attachment":"scroll","background-type":"","background-media":"","overlay-type":"","overlay-color":"","overlay-opacity":"","overlay-gradient":""},"mobile":{"background-color":"var(--ast-global-color-5)","background-image":"","background-repeat":"repeat","background-position":"center center","background-size":"auto","background-attachment":"scroll","background-type":"","background-media":"","overlay-type":"","overlay-color":"","overlay-opacity":"","overlay-gradient":""}},"footnotes":""},"categories":[14],"tags":[],"yoast_head":"<!-- This site is optimized with the Yoast SEO plugin v23.3 - https:\/\/yoast.com\/wordpress\/plugins\/seo\/ -->\n<title>Director Adjunto de Log\u00edstica: Destaques e Oportunidades na Lideran\u00e7a Log\u00edstica - Magistrae<\/title>\n<meta name=\"robots\" content=\"index, follow, max-snippet:-1, max-image-preview:large, max-video-preview:-1\" \/>\n<link rel=\"canonical\" href=\"https:\/\/magistrae.com\/es\/d6e9b5d8-4441-4ffa-98b2-fefcaacebf09\/\" \/>\n<meta property=\"og:locale\" content=\"es_ES\" \/>\n<meta property=\"og:type\" content=\"article\" \/>\n<meta property=\"og:title\" content=\"Director Adjunto de Log\u00edstica: Destaques e Oportunidades na Lideran\u00e7a Log\u00edstica - Magistrae\" \/>\n<meta property=\"og:description\" content=\"Saiba mais sobre a vaga de Director Adjunto de Log\u00edstica: conhe\u00e7a as fun\u00e7\u00f5es, benef\u00edcios e o perfil ideal para liderar equipas e processos log\u00edsticos.\" \/>\n<meta property=\"og:url\" content=\"https:\/\/magistrae.com\/es\/d6e9b5d8-4441-4ffa-98b2-fefcaacebf09\/\" \/>\n<meta property=\"og:site_name\" content=\"Magistrae\" \/>\n<meta property=\"article:published_time\" content=\"2026-04-11T15:26:00+00:00\" \/>\n<meta property=\"article:modified_time\" content=\"2026-04-11T15:26:50+00:00\" \/>\n<meta name=\"author\" content=\"Bruno Gianni\" \/>\n<meta name=\"twitter:card\" content=\"summary_large_image\" \/>\n<meta name=\"twitter:label1\" content=\"Written by\" \/>\n\t<meta name=\"twitter:data1\" content=\"Bruno Gianni\" \/>\n\t<meta name=\"twitter:label2\" content=\"Est. reading time\" \/>\n\t<meta name=\"twitter:data2\" content=\"3 minutos\" \/>\n<script type=\"application\/ld+json\" class=\"yoast-schema-graph\">{\"@context\":\"https:\/\/schema.org\",\"@graph\":[{\"@type\":\"Article\",\"@id\":\"https:\/\/magistrae.com\/d6e9b5d8-4441-4ffa-98b2-fefcaacebf09\/#article\",\"isPartOf\":{\"@id\":\"https:\/\/magistrae.com\/d6e9b5d8-4441-4ffa-98b2-fefcaacebf09\/\"},\"author\":{\"name\":\"Bruno Gianni\",\"@id\":\"https:\/\/magistrae.com\/#\/schema\/person\/d52888235fd6563bd07d97185d6a61e4\"},\"headline\":\"Director Adjunto de Log\u00edstica: Destaques e Oportunidades na Lideran\u00e7a Log\u00edstica\",\"datePublished\":\"2026-04-11T15:26:00+00:00\",\"dateModified\":\"2026-04-11T15:26:50+00:00\",\"mainEntityOfPage\":{\"@id\":\"https:\/\/magistrae.com\/d6e9b5d8-4441-4ffa-98b2-fefcaacebf09\/\"},\"wordCount\":593,\"commentCount\":0,\"publisher\":{\"@id\":\"https:\/\/magistrae.com\/#organization\"},\"articleSection\":[\"Hidden\"],\"inLanguage\":\"es\",\"potentialAction\":[{\"@type\":\"CommentAction\",\"name\":\"Comment\",\"target\":[\"https:\/\/magistrae.com\/d6e9b5d8-4441-4ffa-98b2-fefcaacebf09\/#respond\"]}]},{\"@type\":\"WebPage\",\"@id\":\"https:\/\/magistrae.com\/d6e9b5d8-4441-4ffa-98b2-fefcaacebf09\/\",\"url\":\"https:\/\/magistrae.com\/d6e9b5d8-4441-4ffa-98b2-fefcaacebf09\/\",\"name\":\"Director Adjunto de Log\u00edstica: Destaques e Oportunidades na Lideran\u00e7a Log\u00edstica - Magistrae\",\"isPartOf\":{\"@id\":\"https:\/\/magistrae.com\/#website\"},\"datePublished\":\"2026-04-11T15:26:00+00:00\",\"dateModified\":\"2026-04-11T15:26:50+00:00\",\"breadcrumb\":{\"@id\":\"https:\/\/magistrae.com\/d6e9b5d8-4441-4ffa-98b2-fefcaacebf09\/#breadcrumb\"},\"inLanguage\":\"es\",\"potentialAction\":[{\"@type\":\"ReadAction\",\"target\":[\"https:\/\/magistrae.com\/d6e9b5d8-4441-4ffa-98b2-fefcaacebf09\/\"]}]},{\"@type\":\"BreadcrumbList\",\"@id\":\"https:\/\/magistrae.com\/d6e9b5d8-4441-4ffa-98b2-fefcaacebf09\/#breadcrumb\",\"itemListElement\":[{\"@type\":\"ListItem\",\"position\":1,\"name\":\"Home\",\"item\":\"https:\/\/magistrae.com\/\"},{\"@type\":\"ListItem\",\"position\":2,\"name\":\"Director Adjunto de Log\u00edstica: Destaques e Oportunidades na Lideran\u00e7a Log\u00edstica\"}]},{\"@type\":\"WebSite\",\"@id\":\"https:\/\/magistrae.com\/#website\",\"url\":\"https:\/\/magistrae.com\/\",\"name\":\"Magistrae\",\"description\":\"\",\"publisher\":{\"@id\":\"https:\/\/magistrae.com\/#organization\"},\"potentialAction\":[{\"@type\":\"SearchAction\",\"target\":{\"@type\":\"EntryPoint\",\"urlTemplate\":\"https:\/\/magistrae.com\/?s={search_term_string}\"},\"query-input\":\"required name=search_term_string\"}],\"inLanguage\":\"es\"},{\"@type\":\"Organization\",\"@id\":\"https:\/\/magistrae.com\/#organization\",\"name\":\"Magistrae\",\"url\":\"https:\/\/magistrae.com\/\",\"logo\":{\"@type\":\"ImageObject\",\"inLanguage\":\"es\",\"@id\":\"https:\/\/magistrae.com\/#\/schema\/logo\/image\/\",\"url\":\"https:\/\/magistrae.com\/wp-content\/uploads\/sites\/413\/2026\/03\/9_Magistrae.jpg\",\"contentUrl\":\"https:\/\/magistrae.com\/wp-content\/uploads\/sites\/413\/2026\/03\/9_Magistrae.jpg\",\"width\":2000,\"height\":2000,\"caption\":\"Magistrae\"},\"image\":{\"@id\":\"https:\/\/magistrae.com\/#\/schema\/logo\/image\/\"}},{\"@type\":\"Person\",\"@id\":\"https:\/\/magistrae.com\/#\/schema\/person\/d52888235fd6563bd07d97185d6a61e4\",\"name\":\"Bruno Gianni\",\"image\":{\"@type\":\"ImageObject\",\"inLanguage\":\"es\",\"@id\":\"https:\/\/magistrae.com\/#\/schema\/person\/image\/\",\"url\":\"https:\/\/secure.gravatar.com\/avatar\/0f5d42d7bf77874643c1478932860e3f?s=96&d=mm&r=g\",\"contentUrl\":\"https:\/\/secure.gravatar.com\/avatar\/0f5d42d7bf77874643c1478932860e3f?s=96&d=mm&r=g\",\"caption\":\"Bruno Gianni\"},\"description\":\"Bruno writes the way he lives, with curiosity, care, and respect for people. He likes to observe, listen, and try to understand what is happening on the other side before putting any words on the page.For him, writing is not about impressing, but about getting closer. It is about turning thoughts into something simple, clear, and real. Every text is an ongoing conversation, created with care and honesty, with the sincere intention of touching someone, somewhere along the way.\",\"url\":\"https:\/\/magistrae.com\/es\/author\/bcgianni\/\"}]}<\/script>\n<!-- \/ Yoast SEO plugin. -->","yoast_head_json":{"title":"Director Adjunto de Log\u00edstica: Destaques e Oportunidades na Lideran\u00e7a Log\u00edstica - Magistrae","robots":{"index":"index","follow":"follow","max-snippet":"max-snippet:-1","max-image-preview":"max-image-preview:large","max-video-preview":"max-video-preview:-1"},"canonical":"https:\/\/magistrae.com\/es\/d6e9b5d8-4441-4ffa-98b2-fefcaacebf09\/","og_locale":"es_ES","og_type":"article","og_title":"Director Adjunto de Log\u00edstica: Destaques e Oportunidades na Lideran\u00e7a Log\u00edstica - Magistrae","og_description":"Saiba mais sobre a vaga de Director Adjunto de Log\u00edstica: conhe\u00e7a as fun\u00e7\u00f5es, benef\u00edcios e o perfil ideal para liderar equipas e processos log\u00edsticos.","og_url":"https:\/\/magistrae.com\/es\/d6e9b5d8-4441-4ffa-98b2-fefcaacebf09\/","og_site_name":"Magistrae","article_published_time":"2026-04-11T15:26:00+00:00","article_modified_time":"2026-04-11T15:26:50+00:00","author":"Bruno Gianni","twitter_card":"summary_large_image","twitter_misc":{"Written by":"Bruno Gianni","Est. reading time":"3 minutos"},"schema":{"@context":"https:\/\/schema.org","@graph":[{"@type":"Article","@id":"https:\/\/magistrae.com\/d6e9b5d8-4441-4ffa-98b2-fefcaacebf09\/#article","isPartOf":{"@id":"https:\/\/magistrae.com\/d6e9b5d8-4441-4ffa-98b2-fefcaacebf09\/"},"author":{"name":"Bruno Gianni","@id":"https:\/\/magistrae.com\/#\/schema\/person\/d52888235fd6563bd07d97185d6a61e4"},"headline":"Director Adjunto de Log\u00edstica: Destaques e Oportunidades na Lideran\u00e7a Log\u00edstica","datePublished":"2026-04-11T15:26:00+00:00","dateModified":"2026-04-11T15:26:50+00:00","mainEntityOfPage":{"@id":"https:\/\/magistrae.com\/d6e9b5d8-4441-4ffa-98b2-fefcaacebf09\/"},"wordCount":593,"commentCount":0,"publisher":{"@id":"https:\/\/magistrae.com\/#organization"},"articleSection":["Hidden"],"inLanguage":"es","potentialAction":[{"@type":"CommentAction","name":"Comment","target":["https:\/\/magistrae.com\/d6e9b5d8-4441-4ffa-98b2-fefcaacebf09\/#respond"]}]},{"@type":"WebPage","@id":"https:\/\/magistrae.com\/d6e9b5d8-4441-4ffa-98b2-fefcaacebf09\/","url":"https:\/\/magistrae.com\/d6e9b5d8-4441-4ffa-98b2-fefcaacebf09\/","name":"Director Adjunto de Log\u00edstica: Destaques e Oportunidades na Lideran\u00e7a Log\u00edstica - Magistrae","isPartOf":{"@id":"https:\/\/magistrae.com\/#website"},"datePublished":"2026-04-11T15:26:00+00:00","dateModified":"2026-04-11T15:26:50+00:00","breadcrumb":{"@id":"https:\/\/magistrae.com\/d6e9b5d8-4441-4ffa-98b2-fefcaacebf09\/#breadcrumb"},"inLanguage":"es","potentialAction":[{"@type":"ReadAction","target":["https:\/\/magistrae.com\/d6e9b5d8-4441-4ffa-98b2-fefcaacebf09\/"]}]},{"@type":"BreadcrumbList","@id":"https:\/\/magistrae.com\/d6e9b5d8-4441-4ffa-98b2-fefcaacebf09\/#breadcrumb","itemListElement":[{"@type":"ListItem","position":1,"name":"Home","item":"https:\/\/magistrae.com\/"},{"@type":"ListItem","position":2,"name":"Director Adjunto de Log\u00edstica: Destaques e Oportunidades na Lideran\u00e7a Log\u00edstica"}]},{"@type":"WebSite","@id":"https:\/\/magistrae.com\/#website","url":"https:\/\/magistrae.com\/","name":"Magistrae","description":"","publisher":{"@id":"https:\/\/magistrae.com\/#organization"},"potentialAction":[{"@type":"SearchAction","target":{"@type":"EntryPoint","urlTemplate":"https:\/\/magistrae.com\/?s={search_term_string}"},"query-input":"required name=search_term_string"}],"inLanguage":"es"},{"@type":"Organization","@id":"https:\/\/magistrae.com\/#organization","name":"Magistrae","url":"https:\/\/magistrae.com\/","logo":{"@type":"ImageObject","inLanguage":"es","@id":"https:\/\/magistrae.com\/#\/schema\/logo\/image\/","url":"https:\/\/magistrae.com\/wp-content\/uploads\/sites\/413\/2026\/03\/9_Magistrae.jpg","contentUrl":"https:\/\/magistrae.com\/wp-content\/uploads\/sites\/413\/2026\/03\/9_Magistrae.jpg","width":2000,"height":2000,"caption":"Magistrae"},"image":{"@id":"https:\/\/magistrae.com\/#\/schema\/logo\/image\/"}},{"@type":"Person","@id":"https:\/\/magistrae.com\/#\/schema\/person\/d52888235fd6563bd07d97185d6a61e4","name":"Bruno Gianni","image":{"@type":"ImageObject","inLanguage":"es","@id":"https:\/\/magistrae.com\/#\/schema\/person\/image\/","url":"https:\/\/secure.gravatar.com\/avatar\/0f5d42d7bf77874643c1478932860e3f?s=96&d=mm&r=g","contentUrl":"https:\/\/secure.gravatar.com\/avatar\/0f5d42d7bf77874643c1478932860e3f?s=96&d=mm&r=g","caption":"Bruno Gianni"},"description":"Bruno writes the way he lives, with curiosity, care, and respect for people. He likes to observe, listen, and try to understand what is happening on the other side before putting any words on the page.For him, writing is not about impressing, but about getting closer. It is about turning thoughts into something simple, clear, and real. Every text is an ongoing conversation, created with care and honesty, with the sincere intention of touching someone, somewhere along the way.","url":"https:\/\/magistrae.com\/es\/author\/bcgianni\/"}]}},"uagb_featured_image_src":{"full":false,"thumbnail":false,"medium":false,"medium_large":false,"large":false,"1536x1536":false,"2048x2048":false,"trp-custom-language-flag":false},"uagb_author_info":{"display_name":"Bruno Gianni","author_link":"https:\/\/magistrae.com\/es\/author\/bcgianni\/"},"uagb_comment_info":0,"uagb_excerpt":"Saiba mais sobre a vaga de Director Adjunto de Log\u00edstica: conhe\u00e7a as fun\u00e7\u00f5es, benef\u00edcios e o perfil ideal para liderar equipas e processos log\u00edsticos.","_links":{"self":[{"href":"https:\/\/magistrae.com\/es\/wp-json\/wp\/v2\/posts\/11860"}],"collection":[{"href":"https:\/\/magistrae.com\/es\/wp-json\/wp\/v2\/posts"}],"about":[{"href":"https:\/\/magistrae.com\/es\/wp-json\/wp\/v2\/types\/post"}],"author":[{"embeddable":true,"href":"https:\/\/magistrae.com\/es\/wp-json\/wp\/v2\/users\/3"}],"replies":[{"embeddable":true,"href":"https:\/\/magistrae.com\/es\/wp-json\/wp\/v2\/comments?post=11860"}],"version-history":[{"count":1,"href":"https:\/\/magistrae.com\/es\/wp-json\/wp\/v2\/posts\/11860\/revisions"}],"predecessor-version":[{"id":11869,"href":"https:\/\/magistrae.com\/es\/wp-json\/wp\/v2\/posts\/11860\/revisions\/11869"}],"wp:attachment":[{"href":"https:\/\/magistrae.com\/es\/wp-json\/wp\/v2\/media?parent=11860"}],"wp:term":[{"taxonomy":"category","embeddable":true,"href":"https:\/\/magistrae.com\/es\/wp-json\/wp\/v2\/categories?post=11860"},{"taxonomy":"post_tag","embeddable":true,"href":"https:\/\/magistrae.com\/es\/wp-json\/wp\/v2\/tags?post=11860"}],"curies":[{"name":"wp","href":"https:\/\/api.w.org\/{rel}","templated":true}]}}