{"id":11851,"date":"2026-04-11T15:26:00","date_gmt":"2026-04-11T15:26:00","guid":{"rendered":"https:\/\/magistrae.com\/8bfbc396-b2f4-4845-b4e7-c07fe32be6a0\/"},"modified":"2026-04-11T15:26:25","modified_gmt":"2026-04-11T15:26:25","slug":"8bfbc396-b2f4-4845-b4e7-c07fe32be6a0","status":"publish","type":"post","link":"https:\/\/magistrae.com\/es\/8bfbc396-b2f4-4845-b4e7-c07fe32be6a0\/","title":{"rendered":"Coordenador de Log\u00edstica e Material \u2014 Oportunidade com Experi\u00eancia, Excel\u00eancia e Estabilidade"},"content":{"rendered":"<\/p>\n<\/p>\n<div style=\"background: #ffffff; border-radius: 12px; box-shadow: 0 10px 30px rgba(0, 0, 0, 0.1); width: 100%; max-width: 340px; padding: 25px; transition: transform 0.3s ease-in-out; overflow: visible; display: flex; flex-direction: column; position: relative; border: 1px solid #28a745; margin-top: 70px; margin-bottom: 50px; margin-left: auto; margin-right: auto;\">\n<div style=\"position: absolute; top: -35px; right: 15px; color: #28a745; padding: 5px 10px; border-radius: 6px; font-size: 14px; font-weight: bold; display: flex; align-items: center; z-index: 10;\">Recomendado para si<\/div>\n<div data-namespace-header=\"\" style=\"\">\n<h3 data-namespace-title=\"\" style=\"color: #333; font-size: 20px; font-weight: bold; text-align: left; margin-right: 50px; min-height: 50px; margin-top: 0px;\">Coordenador de Log\u00edstica e Material<\/h3>\n<\/p><\/div>\n<p data-namespace-prompt=\"\" style=\"font-size: 16px; color: #666; margin-bottom: 20px; line-height: 1.5; flex-grow: 1; text-align: left; margin-top: 0px;\">Procura algu\u00e9m com forma\u00e7\u00e3o t\u00e9cnica, experi\u00eancia s\u00f3lida em log\u00edstica, dom\u00ednio de inform\u00e1tica e flu\u00eancia em ingl\u00eas. \u00d3tima estabilidade e crescimento profissional garantidos.<\/p>\n<p>    <a data-namespace-url=\"\" href=\"https:\/\/magistrae.com\/es\/redirect\/?https:\/\/careers.theventure.city\/companies\/jobartis\/jobs\/63354138-coordenador-de-logistica-e-material?utm_campaign=google_jobs_apply&#038;utm_source=google_jobs_apply&#038;utm_medium=organic\" style=\"width: 100%; display: inline-block; color: white; text-decoration: none; border-radius: 6px; font-size: 16px; font-weight: bold; text-align: center; transition: transform 0.3s ease, background 0.3s ease; margin-top: auto;\" data-namespace-id=\"5c0d2565-3ba9-4280-a382-ad2a691e2285\"><br \/>\n        <button style=\"width: 100%; height: 55px; background: #e9e9ed; border: 1px solid black; color: black;\">Concorrer \u00e0 vaga<\/button><br \/>\n    <\/a><br \/>\n    <small style=\"margin-top: 10px; color: #777; font-size: 12px; text-align: center; display: block;\">Ser\u00e1 redireccionado para otro sitio<\/small>\n<\/div>\n<p>Esta vaga de Coordenador de Log\u00edstica e Material destaca-se pelo seu forte foco em experi\u00eancia comprovada e excel\u00eancia profissional. O tipo de contrato ainda est\u00e1 a definir, mas a oferta promete integra\u00e7\u00e3o num grupo est\u00e1vel e din\u00e2mico, associada a uma remunera\u00e7\u00e3o compat\u00edvel com a fun\u00e7\u00e3o e experi\u00eancia.<\/p>\n<p>O candidato ideal deve ter pelo menos sete anos de experi\u00eancia comprovada em lideran\u00e7a na \u00e1rea, forma\u00e7\u00e3o t\u00e9cnico-profissional e dom\u00ednio de inform\u00e1tica, nomeadamente do Word, Excel e Outlook.<\/p>\n<p>Al\u00e9m de fortes compet\u00eancias t\u00e9cnicas, espera-se flu\u00eancia em portugu\u00eas e ingl\u00eas, tanto falado como escrito. Mesmo que n\u00e3o seja exigido o detalhamento da faixa salarial, a estabilidade prometida representa uma vantagem importante para profissionais experientes.<\/p>\n<h2>Responsabilidades do Dia-a-Dia<\/h2>\n<p>No cargo, o profissional ser\u00e1 respons\u00e1vel pela coordena\u00e7\u00e3o de opera\u00e7\u00f5es, gest\u00e3o de materiais, monitoramento de stocks e garantia de efici\u00eancia nos processos log\u00edsticos.<\/p>\n<p>Al\u00e9m disso, a fun\u00e7\u00e3o exige actua\u00e7\u00e3o directa na supervis\u00e3o de equipas, desenvolvimento de relat\u00f3rios operacionais e utiliza\u00e7\u00e3o avan\u00e7ada de ferramentas digitais para organiza\u00e7\u00e3o de tarefas.<\/p>\n<p>Planeamento e implementa\u00e7\u00e3o de melhorias cont\u00ednuas far\u00e3o parte dos desafios, especialmente nas rotinas de entrada e sa\u00edda de materiais e equipamentos.<\/p>\n<p>A colabora\u00e7\u00e3o com outros sectores da empresa tamb\u00e9m \u00e9 fundamental, garantindo processos integrados e comunica\u00e7\u00e3o eficaz.<\/p>\n<p>A resolu\u00e7\u00e3o r\u00e1pida de problemas e a capacidade de adapta\u00e7\u00e3o a novas tarefas completam as principais actividades di\u00e1rias do coordenador nesta fun\u00e7\u00e3o.<\/p>\n<h2>Vantagens Not\u00e1veis<\/h2>\n<p>Um dos maiores benef\u00edcios do cargo \u00e9 a oportunidade de trabalhar num grupo s\u00f3lido, com estabilidade e reconhecimento no sector dos servi\u00e7os.<\/p>\n<p>Esta fun\u00e7\u00e3o oferece perspectiva de crescimento profissional para que os colaboradores ampliem compet\u00eancias t\u00e9cnicas e possam assumir ainda mais responsabilidades no futuro.<\/p>\n<h2>Pontos Menos Positivos<\/h2>\n<p>No entanto, o n\u00edvel de exig\u00eancia \u00e9 elevado, sendo fundamental uma experi\u00eancia consistente na \u00e1rea, o que pode excluir profissionais em in\u00edcio de carreira.<\/p>\n<p>A flu\u00eancia em ingl\u00eas pode representar uma barreira para candidatos que ainda n\u00e3o dominam esta l\u00edngua a n\u00edvel avan\u00e7ado.<\/p>\n<h2>Veredicto Final<\/h2>\n<p>O cargo de Coordenador de Log\u00edstica e Material \u00e9 \u00f3ptimo para quem procura estabilidade, ambiente profissional desafiante e deseja crescer numa empresa reconhecida.<\/p>\n<p>Zele pelos requisitos essenciais e prepare-se para desafios di\u00e1rios que fortalecem o seu perfil log\u00edstico.<\/p>\n<div style=\"background: #ffffff; border-radius: 12px; box-shadow: 0 10px 30px rgba(0, 0, 0, 0.1); width: 100%; max-width: 340px; padding: 25px; transition: transform 0.3s ease-in-out; overflow: visible; display: flex; flex-direction: column; position: relative; border: 1px solid #28a745; margin-top: 70px; margin-bottom: 50px; margin-left: auto; margin-right: auto;\">\n<div style=\"position: absolute; top: -35px; right: 15px; color: #28a745; padding: 5px 10px; border-radius: 6px; font-size: 14px; font-weight: bold; display: flex; align-items: center; z-index: 10;\">Recomendado para si<\/div>\n<div data-namespace-header=\"\" style=\"\">\n<h3 data-namespace-title=\"\" style=\"color: #333; font-size: 20px; font-weight: bold; text-align: left; margin-right: 50px; min-height: 50px; margin-top: 0px;\">Coordenador de Log\u00edstica e Material<\/h3>\n<\/p><\/div>\n<p data-namespace-prompt=\"\" style=\"font-size: 16px; color: #666; margin-bottom: 20px; line-height: 1.5; flex-grow: 1; text-align: left; margin-top: 0px;\">Procura algu\u00e9m com forma\u00e7\u00e3o t\u00e9cnica, experi\u00eancia s\u00f3lida em log\u00edstica, dom\u00ednio de inform\u00e1tica e flu\u00eancia em ingl\u00eas. \u00d3tima estabilidade e crescimento profissional garantidos.<\/p>\n<p>    <a data-namespace-url=\"\" href=\"https:\/\/magistrae.com\/es\/redirect\/?https:\/\/careers.theventure.city\/companies\/jobartis\/jobs\/63354138-coordenador-de-logistica-e-material?utm_campaign=google_jobs_apply&#038;utm_source=google_jobs_apply&#038;utm_medium=organic\" style=\"width: 100%; display: inline-block; color: white; text-decoration: none; border-radius: 6px; font-size: 16px; font-weight: bold; text-align: center; transition: transform 0.3s ease, background 0.3s ease; margin-top: auto;\" data-namespace-id=\"5c0d2565-3ba9-4280-a382-ad2a691e2285\"><br \/>\n        <button style=\"width: 100%; height: 55px; background: #e9e9ed; border: 1px solid black; color: black;\">Concorrer \u00e0 vaga<\/button><br \/>\n    <\/a><br \/>\n    <small style=\"margin-top: 10px; color: #777; font-size: 12px; text-align: center; display: block;\">Ser\u00e1 redireccionado para otro sitio<\/small>\n<\/div>","protected":false},"excerpt":{"rendered":"<p>A fun\u00e7\u00e3o de Coordenador de Log\u00edstica e Material oferece estabilidade, crescimento e exig\u00eancias t\u00e9cnicas altas. Descobre os requisitos para te destacares nesta oportunidade e prepara-te j\u00e1 para concorrer!<\/p>","protected":false},"author":3,"featured_media":0,"comment_status":"open","ping_status":"open","sticky":false,"template":"","format":"standard","meta":{"_uag_custom_page_level_css":"","site-sidebar-layout":"default","site-content-layout":"","ast-site-content-layout":"","site-content-style":"default","site-sidebar-style":"default","ast-global-header-display":"","ast-banner-title-visibility":"","ast-main-header-display":"","ast-hfb-above-header-display":"","ast-hfb-below-header-display":"","ast-hfb-mobile-header-display":"","site-post-title":"","ast-breadcrumbs-content":"","ast-featured-img":"","footer-sml-layout":"","theme-transparent-header-meta":"","adv-header-id-meta":"","stick-header-meta":"","header-above-stick-meta":"","header-main-stick-meta":"","header-below-stick-meta":"","astra-migrate-meta-layouts":"default","ast-page-background-enabled":"default","ast-page-background-meta":{"desktop":{"background-color":"var(--ast-global-color-4)","background-image":"","background-repeat":"repeat","background-position":"center center","background-size":"auto","background-attachment":"scroll","background-type":"","background-media":"","overlay-type":"","overlay-color":"","overlay-opacity":"","overlay-gradient":""},"tablet":{"background-color":"","background-image":"","background-repeat":"repeat","background-position":"center center","background-size":"auto","background-attachment":"scroll","background-type":"","background-media":"","overlay-type":"","overlay-color":"","overlay-opacity":"","overlay-gradient":""},"mobile":{"background-color":"","background-image":"","background-repeat":"repeat","background-position":"center center","background-size":"auto","background-attachment":"scroll","background-type":"","background-media":"","overlay-type":"","overlay-color":"","overlay-opacity":"","overlay-gradient":""}},"ast-content-background-meta":{"desktop":{"background-color":"var(--ast-global-color-5)","background-image":"","background-repeat":"repeat","background-position":"center center","background-size":"auto","background-attachment":"scroll","background-type":"","background-media":"","overlay-type":"","overlay-color":"","overlay-opacity":"","overlay-gradient":""},"tablet":{"background-color":"var(--ast-global-color-5)","background-image":"","background-repeat":"repeat","background-position":"center center","background-size":"auto","background-attachment":"scroll","background-type":"","background-media":"","overlay-type":"","overlay-color":"","overlay-opacity":"","overlay-gradient":""},"mobile":{"background-color":"var(--ast-global-color-5)","background-image":"","background-repeat":"repeat","background-position":"center center","background-size":"auto","background-attachment":"scroll","background-type":"","background-media":"","overlay-type":"","overlay-color":"","overlay-opacity":"","overlay-gradient":""}},"footnotes":""},"categories":[14],"tags":[],"yoast_head":"<!-- This site is optimized with the Yoast SEO plugin v23.3 - https:\/\/yoast.com\/wordpress\/plugins\/seo\/ -->\n<title>Coordenador de Log\u00edstica e Material \u2014 Oportunidade com Experi\u00eancia, Excel\u00eancia e Estabilidade - Magistrae<\/title>\n<meta name=\"robots\" content=\"index, follow, max-snippet:-1, max-image-preview:large, max-video-preview:-1\" \/>\n<link rel=\"canonical\" href=\"https:\/\/magistrae.com\/es\/8bfbc396-b2f4-4845-b4e7-c07fe32be6a0\/\" \/>\n<meta property=\"og:locale\" content=\"es_ES\" \/>\n<meta property=\"og:type\" content=\"article\" \/>\n<meta property=\"og:title\" content=\"Coordenador de Log\u00edstica e Material \u2014 Oportunidade com Experi\u00eancia, Excel\u00eancia e Estabilidade - Magistrae\" \/>\n<meta property=\"og:description\" content=\"A fun\u00e7\u00e3o de Coordenador de Log\u00edstica e Material oferece estabilidade, crescimento e exig\u00eancias t\u00e9cnicas altas. Descobre os requisitos para te destacares nesta oportunidade e prepara-te j\u00e1 para concorrer!\" \/>\n<meta property=\"og:url\" content=\"https:\/\/magistrae.com\/es\/8bfbc396-b2f4-4845-b4e7-c07fe32be6a0\/\" \/>\n<meta property=\"og:site_name\" content=\"Magistrae\" \/>\n<meta property=\"article:published_time\" content=\"2026-04-11T15:26:00+00:00\" \/>\n<meta property=\"article:modified_time\" content=\"2026-04-11T15:26:25+00:00\" \/>\n<meta name=\"author\" content=\"Bruno Gianni\" \/>\n<meta name=\"twitter:card\" content=\"summary_large_image\" \/>\n<meta name=\"twitter:label1\" content=\"Written by\" \/>\n\t<meta name=\"twitter:data1\" content=\"Bruno Gianni\" \/>\n\t<meta name=\"twitter:label2\" content=\"Est. reading time\" \/>\n\t<meta name=\"twitter:data2\" content=\"3 minutos\" \/>\n<script type=\"application\/ld+json\" class=\"yoast-schema-graph\">{\"@context\":\"https:\/\/schema.org\",\"@graph\":[{\"@type\":\"Article\",\"@id\":\"https:\/\/magistrae.com\/8bfbc396-b2f4-4845-b4e7-c07fe32be6a0\/#article\",\"isPartOf\":{\"@id\":\"https:\/\/magistrae.com\/8bfbc396-b2f4-4845-b4e7-c07fe32be6a0\/\"},\"author\":{\"name\":\"Bruno Gianni\",\"@id\":\"https:\/\/magistrae.com\/#\/schema\/person\/d52888235fd6563bd07d97185d6a61e4\"},\"headline\":\"Coordenador de Log\u00edstica e Material \u2014 Oportunidade com Experi\u00eancia, Excel\u00eancia e Estabilidade\",\"datePublished\":\"2026-04-11T15:26:00+00:00\",\"dateModified\":\"2026-04-11T15:26:25+00:00\",\"mainEntityOfPage\":{\"@id\":\"https:\/\/magistrae.com\/8bfbc396-b2f4-4845-b4e7-c07fe32be6a0\/\"},\"wordCount\":527,\"commentCount\":0,\"publisher\":{\"@id\":\"https:\/\/magistrae.com\/#organization\"},\"articleSection\":[\"Hidden\"],\"inLanguage\":\"es\",\"potentialAction\":[{\"@type\":\"CommentAction\",\"name\":\"Comment\",\"target\":[\"https:\/\/magistrae.com\/8bfbc396-b2f4-4845-b4e7-c07fe32be6a0\/#respond\"]}]},{\"@type\":\"WebPage\",\"@id\":\"https:\/\/magistrae.com\/8bfbc396-b2f4-4845-b4e7-c07fe32be6a0\/\",\"url\":\"https:\/\/magistrae.com\/8bfbc396-b2f4-4845-b4e7-c07fe32be6a0\/\",\"name\":\"Coordenador de Log\u00edstica e Material \u2014 Oportunidade com Experi\u00eancia, Excel\u00eancia e Estabilidade - Magistrae\",\"isPartOf\":{\"@id\":\"https:\/\/magistrae.com\/#website\"},\"datePublished\":\"2026-04-11T15:26:00+00:00\",\"dateModified\":\"2026-04-11T15:26:25+00:00\",\"breadcrumb\":{\"@id\":\"https:\/\/magistrae.com\/8bfbc396-b2f4-4845-b4e7-c07fe32be6a0\/#breadcrumb\"},\"inLanguage\":\"es\",\"potentialAction\":[{\"@type\":\"ReadAction\",\"target\":[\"https:\/\/magistrae.com\/8bfbc396-b2f4-4845-b4e7-c07fe32be6a0\/\"]}]},{\"@type\":\"BreadcrumbList\",\"@id\":\"https:\/\/magistrae.com\/8bfbc396-b2f4-4845-b4e7-c07fe32be6a0\/#breadcrumb\",\"itemListElement\":[{\"@type\":\"ListItem\",\"position\":1,\"name\":\"Home\",\"item\":\"https:\/\/magistrae.com\/\"},{\"@type\":\"ListItem\",\"position\":2,\"name\":\"Coordenador de Log\u00edstica e Material \u2014 Oportunidade com Experi\u00eancia, Excel\u00eancia e Estabilidade\"}]},{\"@type\":\"WebSite\",\"@id\":\"https:\/\/magistrae.com\/#website\",\"url\":\"https:\/\/magistrae.com\/\",\"name\":\"Magistrae\",\"description\":\"\",\"publisher\":{\"@id\":\"https:\/\/magistrae.com\/#organization\"},\"potentialAction\":[{\"@type\":\"SearchAction\",\"target\":{\"@type\":\"EntryPoint\",\"urlTemplate\":\"https:\/\/magistrae.com\/?s={search_term_string}\"},\"query-input\":\"required name=search_term_string\"}],\"inLanguage\":\"es\"},{\"@type\":\"Organization\",\"@id\":\"https:\/\/magistrae.com\/#organization\",\"name\":\"Magistrae\",\"url\":\"https:\/\/magistrae.com\/\",\"logo\":{\"@type\":\"ImageObject\",\"inLanguage\":\"es\",\"@id\":\"https:\/\/magistrae.com\/#\/schema\/logo\/image\/\",\"url\":\"https:\/\/magistrae.com\/wp-content\/uploads\/sites\/413\/2026\/03\/9_Magistrae.jpg\",\"contentUrl\":\"https:\/\/magistrae.com\/wp-content\/uploads\/sites\/413\/2026\/03\/9_Magistrae.jpg\",\"width\":2000,\"height\":2000,\"caption\":\"Magistrae\"},\"image\":{\"@id\":\"https:\/\/magistrae.com\/#\/schema\/logo\/image\/\"}},{\"@type\":\"Person\",\"@id\":\"https:\/\/magistrae.com\/#\/schema\/person\/d52888235fd6563bd07d97185d6a61e4\",\"name\":\"Bruno Gianni\",\"image\":{\"@type\":\"ImageObject\",\"inLanguage\":\"es\",\"@id\":\"https:\/\/magistrae.com\/#\/schema\/person\/image\/\",\"url\":\"https:\/\/secure.gravatar.com\/avatar\/0f5d42d7bf77874643c1478932860e3f?s=96&d=mm&r=g\",\"contentUrl\":\"https:\/\/secure.gravatar.com\/avatar\/0f5d42d7bf77874643c1478932860e3f?s=96&d=mm&r=g\",\"caption\":\"Bruno Gianni\"},\"description\":\"Bruno writes the way he lives, with curiosity, care, and respect for people. He likes to observe, listen, and try to understand what is happening on the other side before putting any words on the page.For him, writing is not about impressing, but about getting closer. It is about turning thoughts into something simple, clear, and real. Every text is an ongoing conversation, created with care and honesty, with the sincere intention of touching someone, somewhere along the way.\",\"url\":\"https:\/\/magistrae.com\/es\/author\/bcgianni\/\"}]}<\/script>\n<!-- \/ Yoast SEO plugin. -->","yoast_head_json":{"title":"Coordenador de Log\u00edstica e Material \u2014 Oportunidade com Experi\u00eancia, Excel\u00eancia e Estabilidade - Magistrae","robots":{"index":"index","follow":"follow","max-snippet":"max-snippet:-1","max-image-preview":"max-image-preview:large","max-video-preview":"max-video-preview:-1"},"canonical":"https:\/\/magistrae.com\/es\/8bfbc396-b2f4-4845-b4e7-c07fe32be6a0\/","og_locale":"es_ES","og_type":"article","og_title":"Coordenador de Log\u00edstica e Material \u2014 Oportunidade com Experi\u00eancia, Excel\u00eancia e Estabilidade - Magistrae","og_description":"A fun\u00e7\u00e3o de Coordenador de Log\u00edstica e Material oferece estabilidade, crescimento e exig\u00eancias t\u00e9cnicas altas. Descobre os requisitos para te destacares nesta oportunidade e prepara-te j\u00e1 para concorrer!","og_url":"https:\/\/magistrae.com\/es\/8bfbc396-b2f4-4845-b4e7-c07fe32be6a0\/","og_site_name":"Magistrae","article_published_time":"2026-04-11T15:26:00+00:00","article_modified_time":"2026-04-11T15:26:25+00:00","author":"Bruno Gianni","twitter_card":"summary_large_image","twitter_misc":{"Written by":"Bruno Gianni","Est. reading time":"3 minutos"},"schema":{"@context":"https:\/\/schema.org","@graph":[{"@type":"Article","@id":"https:\/\/magistrae.com\/8bfbc396-b2f4-4845-b4e7-c07fe32be6a0\/#article","isPartOf":{"@id":"https:\/\/magistrae.com\/8bfbc396-b2f4-4845-b4e7-c07fe32be6a0\/"},"author":{"name":"Bruno Gianni","@id":"https:\/\/magistrae.com\/#\/schema\/person\/d52888235fd6563bd07d97185d6a61e4"},"headline":"Coordenador de Log\u00edstica e Material \u2014 Oportunidade com Experi\u00eancia, Excel\u00eancia e Estabilidade","datePublished":"2026-04-11T15:26:00+00:00","dateModified":"2026-04-11T15:26:25+00:00","mainEntityOfPage":{"@id":"https:\/\/magistrae.com\/8bfbc396-b2f4-4845-b4e7-c07fe32be6a0\/"},"wordCount":527,"commentCount":0,"publisher":{"@id":"https:\/\/magistrae.com\/#organization"},"articleSection":["Hidden"],"inLanguage":"es","potentialAction":[{"@type":"CommentAction","name":"Comment","target":["https:\/\/magistrae.com\/8bfbc396-b2f4-4845-b4e7-c07fe32be6a0\/#respond"]}]},{"@type":"WebPage","@id":"https:\/\/magistrae.com\/8bfbc396-b2f4-4845-b4e7-c07fe32be6a0\/","url":"https:\/\/magistrae.com\/8bfbc396-b2f4-4845-b4e7-c07fe32be6a0\/","name":"Coordenador de Log\u00edstica e Material \u2014 Oportunidade com Experi\u00eancia, Excel\u00eancia e Estabilidade - Magistrae","isPartOf":{"@id":"https:\/\/magistrae.com\/#website"},"datePublished":"2026-04-11T15:26:00+00:00","dateModified":"2026-04-11T15:26:25+00:00","breadcrumb":{"@id":"https:\/\/magistrae.com\/8bfbc396-b2f4-4845-b4e7-c07fe32be6a0\/#breadcrumb"},"inLanguage":"es","potentialAction":[{"@type":"ReadAction","target":["https:\/\/magistrae.com\/8bfbc396-b2f4-4845-b4e7-c07fe32be6a0\/"]}]},{"@type":"BreadcrumbList","@id":"https:\/\/magistrae.com\/8bfbc396-b2f4-4845-b4e7-c07fe32be6a0\/#breadcrumb","itemListElement":[{"@type":"ListItem","position":1,"name":"Home","item":"https:\/\/magistrae.com\/"},{"@type":"ListItem","position":2,"name":"Coordenador de Log\u00edstica e Material \u2014 Oportunidade com Experi\u00eancia, Excel\u00eancia e Estabilidade"}]},{"@type":"WebSite","@id":"https:\/\/magistrae.com\/#website","url":"https:\/\/magistrae.com\/","name":"Magistrae","description":"","publisher":{"@id":"https:\/\/magistrae.com\/#organization"},"potentialAction":[{"@type":"SearchAction","target":{"@type":"EntryPoint","urlTemplate":"https:\/\/magistrae.com\/?s={search_term_string}"},"query-input":"required name=search_term_string"}],"inLanguage":"es"},{"@type":"Organization","@id":"https:\/\/magistrae.com\/#organization","name":"Magistrae","url":"https:\/\/magistrae.com\/","logo":{"@type":"ImageObject","inLanguage":"es","@id":"https:\/\/magistrae.com\/#\/schema\/logo\/image\/","url":"https:\/\/magistrae.com\/wp-content\/uploads\/sites\/413\/2026\/03\/9_Magistrae.jpg","contentUrl":"https:\/\/magistrae.com\/wp-content\/uploads\/sites\/413\/2026\/03\/9_Magistrae.jpg","width":2000,"height":2000,"caption":"Magistrae"},"image":{"@id":"https:\/\/magistrae.com\/#\/schema\/logo\/image\/"}},{"@type":"Person","@id":"https:\/\/magistrae.com\/#\/schema\/person\/d52888235fd6563bd07d97185d6a61e4","name":"Bruno Gianni","image":{"@type":"ImageObject","inLanguage":"es","@id":"https:\/\/magistrae.com\/#\/schema\/person\/image\/","url":"https:\/\/secure.gravatar.com\/avatar\/0f5d42d7bf77874643c1478932860e3f?s=96&d=mm&r=g","contentUrl":"https:\/\/secure.gravatar.com\/avatar\/0f5d42d7bf77874643c1478932860e3f?s=96&d=mm&r=g","caption":"Bruno Gianni"},"description":"Bruno writes the way he lives, with curiosity, care, and respect for people. He likes to observe, listen, and try to understand what is happening on the other side before putting any words on the page.For him, writing is not about impressing, but about getting closer. It is about turning thoughts into something simple, clear, and real. Every text is an ongoing conversation, created with care and honesty, with the sincere intention of touching someone, somewhere along the way.","url":"https:\/\/magistrae.com\/es\/author\/bcgianni\/"}]}},"uagb_featured_image_src":{"full":false,"thumbnail":false,"medium":false,"medium_large":false,"large":false,"1536x1536":false,"2048x2048":false,"trp-custom-language-flag":false},"uagb_author_info":{"display_name":"Bruno Gianni","author_link":"https:\/\/magistrae.com\/es\/author\/bcgianni\/"},"uagb_comment_info":0,"uagb_excerpt":"A fun\u00e7\u00e3o de Coordenador de Log\u00edstica e Material oferece estabilidade, crescimento e exig\u00eancias t\u00e9cnicas altas. Descobre os requisitos para te destacares nesta oportunidade e prepara-te j\u00e1 para concorrer!","_links":{"self":[{"href":"https:\/\/magistrae.com\/es\/wp-json\/wp\/v2\/posts\/11851"}],"collection":[{"href":"https:\/\/magistrae.com\/es\/wp-json\/wp\/v2\/posts"}],"about":[{"href":"https:\/\/magistrae.com\/es\/wp-json\/wp\/v2\/types\/post"}],"author":[{"embeddable":true,"href":"https:\/\/magistrae.com\/es\/wp-json\/wp\/v2\/users\/3"}],"replies":[{"embeddable":true,"href":"https:\/\/magistrae.com\/es\/wp-json\/wp\/v2\/comments?post=11851"}],"version-history":[{"count":1,"href":"https:\/\/magistrae.com\/es\/wp-json\/wp\/v2\/posts\/11851\/revisions"}],"predecessor-version":[{"id":11862,"href":"https:\/\/magistrae.com\/es\/wp-json\/wp\/v2\/posts\/11851\/revisions\/11862"}],"wp:attachment":[{"href":"https:\/\/magistrae.com\/es\/wp-json\/wp\/v2\/media?parent=11851"}],"wp:term":[{"taxonomy":"category","embeddable":true,"href":"https:\/\/magistrae.com\/es\/wp-json\/wp\/v2\/categories?post=11851"},{"taxonomy":"post_tag","embeddable":true,"href":"https:\/\/magistrae.com\/es\/wp-json\/wp\/v2\/tags?post=11851"}],"curies":[{"name":"wp","href":"https:\/\/api.w.org\/{rel}","templated":true}]}}