{"id":11843,"date":"2026-04-11T09:25:00","date_gmt":"2026-04-11T09:25:00","guid":{"rendered":"https:\/\/magistrae.com\/aa546e5f-9463-4538-91c8-637dcaf76833\/"},"modified":"2026-04-11T09:25:51","modified_gmt":"2026-04-11T09:25:51","slug":"aa546e5f-9463-4538-91c8-637dcaf76833","status":"publish","type":"post","link":"https:\/\/magistrae.com\/es\/aa546e5f-9463-4538-91c8-637dcaf76833\/","title":{"rendered":"Gestor de Servi\u00e7os Gerais: Lideran\u00e7a, Crescimento e Benef\u00edcios Atraentes"},"content":{"rendered":"<\/p>\n<\/p>\n<div style=\"background: #ffffff; border-radius: 12px; box-shadow: 0 10px 30px rgba(0, 0, 0, 0.1); width: 100%; max-width: 340px; padding: 25px; transition: transform 0.3s ease-in-out; overflow: visible; display: flex; flex-direction: column; position: relative; border: 1px solid #28a745; margin-top: 70px; margin-bottom: 50px; margin-left: auto; margin-right: auto;\">\n<div style=\"position: absolute; top: -35px; right: 15px; color: #28a745; padding: 5px 10px; border-radius: 6px; font-size: 14px; font-weight: bold; display: flex; align-items: center; z-index: 10;\">Recomendado para si<\/div>\n<div data-namespace-header=\"\" style=\"\">\n<h3 data-namespace-title=\"\" style=\"color: #333; font-size: 20px; font-weight: bold; text-align: left; margin-right: 50px; min-height: 50px; margin-top: 0px;\">Gestor de Servi\u00e7os Gerais<\/h3>\n<\/p><\/div>\n<p data-namespace-prompt=\"\" style=\"font-size: 16px; color: #666; margin-bottom: 20px; line-height: 1.5; flex-grow: 1; text-align: left; margin-top: 0px;\">Respons\u00e1vel pela gest\u00e3o eficiente de equipas e recursos, com foco em lideran\u00e7a, otimiza\u00e7\u00e3o de custos, ambiente profissional s\u00f3lido e \u00f3timas oportunidades de crescimento.<\/p>\n<p>    <a data-namespace-url=\"\" href=\"https:\/\/magistrae.com\/es\/redirect\/?https:\/\/jobs.keptpeople.com\/jobs\/gestor-de-servicos-gerais-m-f-luanda?utm_campaign=google_jobs_apply&#038;utm_source=google_jobs_apply&#038;utm_medium=organic\" style=\"width: 100%; display: inline-block; color: white; text-decoration: none; border-radius: 6px; font-size: 16px; font-weight: bold; text-align: center; transition: transform 0.3s ease, background 0.3s ease; margin-top: auto;\" data-namespace-id=\"5c0d2565-3ba9-4280-a382-ad2a691e2285\"><br \/>\n        <button style=\"width: 100%; height: 55px; background: #e9e9ed; border: 1px solid black; color: black;\">Candidatar-se \u00e0 vaga<\/button><br \/>\n    <\/a><br \/>\n    <small style=\"margin-top: 10px; color: #777; font-size: 12px; text-align: center; display: block;\">Ser\u00e1 redirecionado para outro website<\/small>\n<\/div>\n<p>O cargo de Gestor de Servi\u00e7os Gerais oferece a possibilidade de atuar numa empresa reconhecida, com crescimento profissional e ambiente est\u00e1vel. O regime de trabalho \u00e9 integral, presencial e com claras perspectivas de desenvolvimento interno.  Embora n\u00e3o haja detalhes sobre o sal\u00e1rio, destaca-se a oportunidade de pertencer a um grupo s\u00f3lido, conhecido pela valoriza\u00e7\u00e3o dos seus colaboradores e pela aposta na inova\u00e7\u00e3o.<\/p>\n<h2>Fun\u00e7\u00f5es e Rotina do Dia-a-Dia<\/h2>\n<p>O Gestor de Servi\u00e7os Gerais \u00e9 o elo entre diversos departamentos, sendo respons\u00e1vel pela defini\u00e7\u00e3o das necessidades, elabora\u00e7\u00e3o de contratos e negocia\u00e7\u00e3o com fornecedores.<\/p>\n<p>No dia a dia, envolve-se na coordena\u00e7\u00e3o de transportes, viagens, manuten\u00e7\u00e3o das instala\u00e7\u00f5es f\u00edsicas e controlo das despesas operacionais, assegurando que tudo funcione sem falhas.<\/p>\n<p>\u00c9 tamb\u00e9m encarregado de supervisionar a equipa, garantir disciplina, seguran\u00e7a e avaliar o desempenho dos colaboradores, otimizando a produtividade do departamento.<\/p>\n<p>Al\u00e9m disso, monitoriza indicadores de performance (KPI), interpreta dados e prop\u00f5e melhorias cont\u00ednuas para que os objetivos do setor sejam cumpridos.<\/p>\n<p>Para quem aprecia din\u00e2micas desafiantes e ambiente multifacetado, esta fun\u00e7\u00e3o re\u00fane m\u00faltiplas responsabilidades e a necessidade constante de adapta\u00e7\u00e3o.<\/p>\n<h2>Puntos Positivos<\/h2>\n<p>Entre os principais destaques, est\u00e3o as amplas oportunidades de crescimento profissional e a possibilidade de liderar equipas diversas, valorizando as compet\u00eancias de lideran\u00e7a.<\/p>\n<p>Esta posi\u00e7\u00e3o distingue-se pela valoriza\u00e7\u00e3o do trabalho colaborativo e pelo est\u00edmulo ao desenvolvimento cont\u00ednuo, o que contribui para uma experi\u00eancia enriquecedora a m\u00e9dio e longo prazo.<\/p>\n<h2>Puntos Negativos<\/h2>\n<p>Por outro lado, a fun\u00e7\u00e3o pode exigir elevada resist\u00eancia ao stress devido ao volume de tarefas e constante necessidade de adapta\u00e7\u00e3o a prioridades diferentes.<\/p>\n<p>Outra desvantagem pode ser a depend\u00eancia dos resultados de equipa, exigindo habilidade para gerir personalidades distintas e imprevistos no ambiente de trabalho.<\/p>\n<h2>Veredicto Final<\/h2>\n<p>Esta vaga \u00e9 ideal para profissionais din\u00e2micos que procuram liderar equipas, enfrentar desafios di\u00e1rios e pretendem integrar um grupo empresarial s\u00f3lido.<\/p>\n<p>Se procura proje\u00e7\u00e3o de carreira, desenvolvimento de compet\u00eancias e ambiente de trabalho estruturado, o cargo de Gestor de Servi\u00e7os Gerais oferece tudo isso e mais algumas vantagens competitivas.<\/p>\n<div style=\"background: #ffffff; border-radius: 12px; box-shadow: 0 10px 30px rgba(0, 0, 0, 0.1); width: 100%; max-width: 340px; padding: 25px; transition: transform 0.3s ease-in-out; overflow: visible; display: flex; flex-direction: column; position: relative; border: 1px solid #28a745; margin-top: 70px; margin-bottom: 50px; margin-left: auto; margin-right: auto;\">\n<div style=\"position: absolute; top: -35px; right: 15px; color: #28a745; padding: 5px 10px; border-radius: 6px; font-size: 14px; font-weight: bold; display: flex; align-items: center; z-index: 10;\">Recomendado para si<\/div>\n<div data-namespace-header=\"\" style=\"\">\n<h3 data-namespace-title=\"\" style=\"color: #333; font-size: 20px; font-weight: bold; text-align: left; margin-right: 50px; min-height: 50px; margin-top: 0px;\">Gestor de Servi\u00e7os Gerais<\/h3>\n<\/p><\/div>\n<p data-namespace-prompt=\"\" style=\"font-size: 16px; color: #666; margin-bottom: 20px; line-height: 1.5; flex-grow: 1; text-align: left; margin-top: 0px;\">Respons\u00e1vel pela gest\u00e3o eficiente de equipas e recursos, com foco em lideran\u00e7a, otimiza\u00e7\u00e3o de custos, ambiente profissional s\u00f3lido e \u00f3timas oportunidades de crescimento.<\/p>\n<p>    <a data-namespace-url=\"\" href=\"https:\/\/magistrae.com\/es\/redirect\/?https:\/\/jobs.keptpeople.com\/jobs\/gestor-de-servicos-gerais-m-f-luanda?utm_campaign=google_jobs_apply&#038;utm_source=google_jobs_apply&#038;utm_medium=organic\" style=\"width: 100%; display: inline-block; color: white; text-decoration: none; border-radius: 6px; font-size: 16px; font-weight: bold; text-align: center; transition: transform 0.3s ease, background 0.3s ease; margin-top: auto;\" data-namespace-id=\"5c0d2565-3ba9-4280-a382-ad2a691e2285\"><br \/>\n        <button style=\"width: 100%; height: 55px; background: #e9e9ed; border: 1px solid black; color: black;\">Candidatar-se \u00e0 vaga<\/button><br \/>\n    <\/a><br \/>\n    <small style=\"margin-top: 10px; color: #777; font-size: 12px; text-align: center; display: block;\">Ser\u00e1 redirecionado para outro website<\/small>\n<\/div>","protected":false},"excerpt":{"rendered":"<p>Candidate-se \u00e0 vaga de Gestor de Servi\u00e7os Gerais. Lideran\u00e7a, esp\u00edrito de equipa, desenvolvimento profissional e ambiente s\u00f3lido para crescer num grande grupo empresarial. Saiba mais sobre esta oportunidade!<\/p>","protected":false},"author":3,"featured_media":0,"comment_status":"open","ping_status":"open","sticky":false,"template":"","format":"standard","meta":{"_uag_custom_page_level_css":"","site-sidebar-layout":"default","site-content-layout":"","ast-site-content-layout":"","site-content-style":"default","site-sidebar-style":"default","ast-global-header-display":"","ast-banner-title-visibility":"","ast-main-header-display":"","ast-hfb-above-header-display":"","ast-hfb-below-header-display":"","ast-hfb-mobile-header-display":"","site-post-title":"","ast-breadcrumbs-content":"","ast-featured-img":"","footer-sml-layout":"","theme-transparent-header-meta":"","adv-header-id-meta":"","stick-header-meta":"","header-above-stick-meta":"","header-main-stick-meta":"","header-below-stick-meta":"","astra-migrate-meta-layouts":"default","ast-page-background-enabled":"default","ast-page-background-meta":{"desktop":{"background-color":"var(--ast-global-color-4)","background-image":"","background-repeat":"repeat","background-position":"center center","background-size":"auto","background-attachment":"scroll","background-type":"","background-media":"","overlay-type":"","overlay-color":"","overlay-opacity":"","overlay-gradient":""},"tablet":{"background-color":"","background-image":"","background-repeat":"repeat","background-position":"center center","background-size":"auto","background-attachment":"scroll","background-type":"","background-media":"","overlay-type":"","overlay-color":"","overlay-opacity":"","overlay-gradient":""},"mobile":{"background-color":"","background-image":"","background-repeat":"repeat","background-position":"center center","background-size":"auto","background-attachment":"scroll","background-type":"","background-media":"","overlay-type":"","overlay-color":"","overlay-opacity":"","overlay-gradient":""}},"ast-content-background-meta":{"desktop":{"background-color":"var(--ast-global-color-5)","background-image":"","background-repeat":"repeat","background-position":"center center","background-size":"auto","background-attachment":"scroll","background-type":"","background-media":"","overlay-type":"","overlay-color":"","overlay-opacity":"","overlay-gradient":""},"tablet":{"background-color":"var(--ast-global-color-5)","background-image":"","background-repeat":"repeat","background-position":"center center","background-size":"auto","background-attachment":"scroll","background-type":"","background-media":"","overlay-type":"","overlay-color":"","overlay-opacity":"","overlay-gradient":""},"mobile":{"background-color":"var(--ast-global-color-5)","background-image":"","background-repeat":"repeat","background-position":"center center","background-size":"auto","background-attachment":"scroll","background-type":"","background-media":"","overlay-type":"","overlay-color":"","overlay-opacity":"","overlay-gradient":""}},"footnotes":""},"categories":[14],"tags":[],"yoast_head":"<!-- This site is optimized with the Yoast SEO plugin v23.3 - https:\/\/yoast.com\/wordpress\/plugins\/seo\/ -->\n<title>Gestor de Servi\u00e7os Gerais: Lideran\u00e7a, Crescimento e Benef\u00edcios Atraentes - Magistrae<\/title>\n<meta name=\"robots\" content=\"index, follow, max-snippet:-1, max-image-preview:large, max-video-preview:-1\" \/>\n<link rel=\"canonical\" href=\"https:\/\/magistrae.com\/es\/aa546e5f-9463-4538-91c8-637dcaf76833\/\" \/>\n<meta property=\"og:locale\" content=\"es_ES\" \/>\n<meta property=\"og:type\" content=\"article\" \/>\n<meta property=\"og:title\" content=\"Gestor de Servi\u00e7os Gerais: Lideran\u00e7a, Crescimento e Benef\u00edcios Atraentes - Magistrae\" \/>\n<meta property=\"og:description\" content=\"Candidate-se \u00e0 vaga de Gestor de Servi\u00e7os Gerais. Lideran\u00e7a, esp\u00edrito de equipa, desenvolvimento profissional e ambiente s\u00f3lido para crescer num grande grupo empresarial. Saiba mais sobre esta oportunidade!\" \/>\n<meta property=\"og:url\" content=\"https:\/\/magistrae.com\/es\/aa546e5f-9463-4538-91c8-637dcaf76833\/\" \/>\n<meta property=\"og:site_name\" content=\"Magistrae\" \/>\n<meta property=\"article:published_time\" content=\"2026-04-11T09:25:00+00:00\" \/>\n<meta property=\"article:modified_time\" content=\"2026-04-11T09:25:51+00:00\" \/>\n<meta name=\"author\" content=\"Bruno Gianni\" \/>\n<meta name=\"twitter:card\" content=\"summary_large_image\" \/>\n<meta name=\"twitter:label1\" content=\"Written by\" \/>\n\t<meta name=\"twitter:data1\" content=\"Bruno Gianni\" \/>\n\t<meta name=\"twitter:label2\" content=\"Est. reading time\" \/>\n\t<meta name=\"twitter:data2\" content=\"2 minutos\" \/>\n<script type=\"application\/ld+json\" class=\"yoast-schema-graph\">{\"@context\":\"https:\/\/schema.org\",\"@graph\":[{\"@type\":\"Article\",\"@id\":\"https:\/\/magistrae.com\/aa546e5f-9463-4538-91c8-637dcaf76833\/#article\",\"isPartOf\":{\"@id\":\"https:\/\/magistrae.com\/aa546e5f-9463-4538-91c8-637dcaf76833\/\"},\"author\":{\"name\":\"Bruno Gianni\",\"@id\":\"https:\/\/magistrae.com\/#\/schema\/person\/d52888235fd6563bd07d97185d6a61e4\"},\"headline\":\"Gestor de Servi\u00e7os Gerais: Lideran\u00e7a, Crescimento e Benef\u00edcios Atraentes\",\"datePublished\":\"2026-04-11T09:25:00+00:00\",\"dateModified\":\"2026-04-11T09:25:51+00:00\",\"mainEntityOfPage\":{\"@id\":\"https:\/\/magistrae.com\/aa546e5f-9463-4538-91c8-637dcaf76833\/\"},\"wordCount\":467,\"commentCount\":0,\"publisher\":{\"@id\":\"https:\/\/magistrae.com\/#organization\"},\"articleSection\":[\"Hidden\"],\"inLanguage\":\"es\",\"potentialAction\":[{\"@type\":\"CommentAction\",\"name\":\"Comment\",\"target\":[\"https:\/\/magistrae.com\/aa546e5f-9463-4538-91c8-637dcaf76833\/#respond\"]}]},{\"@type\":\"WebPage\",\"@id\":\"https:\/\/magistrae.com\/aa546e5f-9463-4538-91c8-637dcaf76833\/\",\"url\":\"https:\/\/magistrae.com\/aa546e5f-9463-4538-91c8-637dcaf76833\/\",\"name\":\"Gestor de Servi\u00e7os Gerais: Lideran\u00e7a, Crescimento e Benef\u00edcios Atraentes - Magistrae\",\"isPartOf\":{\"@id\":\"https:\/\/magistrae.com\/#website\"},\"datePublished\":\"2026-04-11T09:25:00+00:00\",\"dateModified\":\"2026-04-11T09:25:51+00:00\",\"breadcrumb\":{\"@id\":\"https:\/\/magistrae.com\/aa546e5f-9463-4538-91c8-637dcaf76833\/#breadcrumb\"},\"inLanguage\":\"es\",\"potentialAction\":[{\"@type\":\"ReadAction\",\"target\":[\"https:\/\/magistrae.com\/aa546e5f-9463-4538-91c8-637dcaf76833\/\"]}]},{\"@type\":\"BreadcrumbList\",\"@id\":\"https:\/\/magistrae.com\/aa546e5f-9463-4538-91c8-637dcaf76833\/#breadcrumb\",\"itemListElement\":[{\"@type\":\"ListItem\",\"position\":1,\"name\":\"Home\",\"item\":\"https:\/\/magistrae.com\/\"},{\"@type\":\"ListItem\",\"position\":2,\"name\":\"Gestor de Servi\u00e7os Gerais: Lideran\u00e7a, Crescimento e Benef\u00edcios Atraentes\"}]},{\"@type\":\"WebSite\",\"@id\":\"https:\/\/magistrae.com\/#website\",\"url\":\"https:\/\/magistrae.com\/\",\"name\":\"Magistrae\",\"description\":\"\",\"publisher\":{\"@id\":\"https:\/\/magistrae.com\/#organization\"},\"potentialAction\":[{\"@type\":\"SearchAction\",\"target\":{\"@type\":\"EntryPoint\",\"urlTemplate\":\"https:\/\/magistrae.com\/?s={search_term_string}\"},\"query-input\":\"required name=search_term_string\"}],\"inLanguage\":\"es\"},{\"@type\":\"Organization\",\"@id\":\"https:\/\/magistrae.com\/#organization\",\"name\":\"Magistrae\",\"url\":\"https:\/\/magistrae.com\/\",\"logo\":{\"@type\":\"ImageObject\",\"inLanguage\":\"es\",\"@id\":\"https:\/\/magistrae.com\/#\/schema\/logo\/image\/\",\"url\":\"https:\/\/magistrae.com\/wp-content\/uploads\/sites\/413\/2026\/03\/9_Magistrae.jpg\",\"contentUrl\":\"https:\/\/magistrae.com\/wp-content\/uploads\/sites\/413\/2026\/03\/9_Magistrae.jpg\",\"width\":2000,\"height\":2000,\"caption\":\"Magistrae\"},\"image\":{\"@id\":\"https:\/\/magistrae.com\/#\/schema\/logo\/image\/\"}},{\"@type\":\"Person\",\"@id\":\"https:\/\/magistrae.com\/#\/schema\/person\/d52888235fd6563bd07d97185d6a61e4\",\"name\":\"Bruno Gianni\",\"image\":{\"@type\":\"ImageObject\",\"inLanguage\":\"es\",\"@id\":\"https:\/\/magistrae.com\/#\/schema\/person\/image\/\",\"url\":\"https:\/\/secure.gravatar.com\/avatar\/0f5d42d7bf77874643c1478932860e3f?s=96&d=mm&r=g\",\"contentUrl\":\"https:\/\/secure.gravatar.com\/avatar\/0f5d42d7bf77874643c1478932860e3f?s=96&d=mm&r=g\",\"caption\":\"Bruno Gianni\"},\"description\":\"Bruno writes the way he lives, with curiosity, care, and respect for people. He likes to observe, listen, and try to understand what is happening on the other side before putting any words on the page.For him, writing is not about impressing, but about getting closer. It is about turning thoughts into something simple, clear, and real. Every text is an ongoing conversation, created with care and honesty, with the sincere intention of touching someone, somewhere along the way.\",\"url\":\"https:\/\/magistrae.com\/es\/author\/bcgianni\/\"}]}<\/script>\n<!-- \/ Yoast SEO plugin. -->","yoast_head_json":{"title":"Gestor de Servi\u00e7os Gerais: Lideran\u00e7a, Crescimento e Benef\u00edcios Atraentes - Magistrae","robots":{"index":"index","follow":"follow","max-snippet":"max-snippet:-1","max-image-preview":"max-image-preview:large","max-video-preview":"max-video-preview:-1"},"canonical":"https:\/\/magistrae.com\/es\/aa546e5f-9463-4538-91c8-637dcaf76833\/","og_locale":"es_ES","og_type":"article","og_title":"Gestor de Servi\u00e7os Gerais: Lideran\u00e7a, Crescimento e Benef\u00edcios Atraentes - Magistrae","og_description":"Candidate-se \u00e0 vaga de Gestor de Servi\u00e7os Gerais. Lideran\u00e7a, esp\u00edrito de equipa, desenvolvimento profissional e ambiente s\u00f3lido para crescer num grande grupo empresarial. Saiba mais sobre esta oportunidade!","og_url":"https:\/\/magistrae.com\/es\/aa546e5f-9463-4538-91c8-637dcaf76833\/","og_site_name":"Magistrae","article_published_time":"2026-04-11T09:25:00+00:00","article_modified_time":"2026-04-11T09:25:51+00:00","author":"Bruno Gianni","twitter_card":"summary_large_image","twitter_misc":{"Written by":"Bruno Gianni","Est. reading time":"2 minutos"},"schema":{"@context":"https:\/\/schema.org","@graph":[{"@type":"Article","@id":"https:\/\/magistrae.com\/aa546e5f-9463-4538-91c8-637dcaf76833\/#article","isPartOf":{"@id":"https:\/\/magistrae.com\/aa546e5f-9463-4538-91c8-637dcaf76833\/"},"author":{"name":"Bruno Gianni","@id":"https:\/\/magistrae.com\/#\/schema\/person\/d52888235fd6563bd07d97185d6a61e4"},"headline":"Gestor de Servi\u00e7os Gerais: Lideran\u00e7a, Crescimento e Benef\u00edcios Atraentes","datePublished":"2026-04-11T09:25:00+00:00","dateModified":"2026-04-11T09:25:51+00:00","mainEntityOfPage":{"@id":"https:\/\/magistrae.com\/aa546e5f-9463-4538-91c8-637dcaf76833\/"},"wordCount":467,"commentCount":0,"publisher":{"@id":"https:\/\/magistrae.com\/#organization"},"articleSection":["Hidden"],"inLanguage":"es","potentialAction":[{"@type":"CommentAction","name":"Comment","target":["https:\/\/magistrae.com\/aa546e5f-9463-4538-91c8-637dcaf76833\/#respond"]}]},{"@type":"WebPage","@id":"https:\/\/magistrae.com\/aa546e5f-9463-4538-91c8-637dcaf76833\/","url":"https:\/\/magistrae.com\/aa546e5f-9463-4538-91c8-637dcaf76833\/","name":"Gestor de Servi\u00e7os Gerais: Lideran\u00e7a, Crescimento e Benef\u00edcios Atraentes - Magistrae","isPartOf":{"@id":"https:\/\/magistrae.com\/#website"},"datePublished":"2026-04-11T09:25:00+00:00","dateModified":"2026-04-11T09:25:51+00:00","breadcrumb":{"@id":"https:\/\/magistrae.com\/aa546e5f-9463-4538-91c8-637dcaf76833\/#breadcrumb"},"inLanguage":"es","potentialAction":[{"@type":"ReadAction","target":["https:\/\/magistrae.com\/aa546e5f-9463-4538-91c8-637dcaf76833\/"]}]},{"@type":"BreadcrumbList","@id":"https:\/\/magistrae.com\/aa546e5f-9463-4538-91c8-637dcaf76833\/#breadcrumb","itemListElement":[{"@type":"ListItem","position":1,"name":"Home","item":"https:\/\/magistrae.com\/"},{"@type":"ListItem","position":2,"name":"Gestor de Servi\u00e7os Gerais: Lideran\u00e7a, Crescimento e Benef\u00edcios Atraentes"}]},{"@type":"WebSite","@id":"https:\/\/magistrae.com\/#website","url":"https:\/\/magistrae.com\/","name":"Magistrae","description":"","publisher":{"@id":"https:\/\/magistrae.com\/#organization"},"potentialAction":[{"@type":"SearchAction","target":{"@type":"EntryPoint","urlTemplate":"https:\/\/magistrae.com\/?s={search_term_string}"},"query-input":"required name=search_term_string"}],"inLanguage":"es"},{"@type":"Organization","@id":"https:\/\/magistrae.com\/#organization","name":"Magistrae","url":"https:\/\/magistrae.com\/","logo":{"@type":"ImageObject","inLanguage":"es","@id":"https:\/\/magistrae.com\/#\/schema\/logo\/image\/","url":"https:\/\/magistrae.com\/wp-content\/uploads\/sites\/413\/2026\/03\/9_Magistrae.jpg","contentUrl":"https:\/\/magistrae.com\/wp-content\/uploads\/sites\/413\/2026\/03\/9_Magistrae.jpg","width":2000,"height":2000,"caption":"Magistrae"},"image":{"@id":"https:\/\/magistrae.com\/#\/schema\/logo\/image\/"}},{"@type":"Person","@id":"https:\/\/magistrae.com\/#\/schema\/person\/d52888235fd6563bd07d97185d6a61e4","name":"Bruno Gianni","image":{"@type":"ImageObject","inLanguage":"es","@id":"https:\/\/magistrae.com\/#\/schema\/person\/image\/","url":"https:\/\/secure.gravatar.com\/avatar\/0f5d42d7bf77874643c1478932860e3f?s=96&d=mm&r=g","contentUrl":"https:\/\/secure.gravatar.com\/avatar\/0f5d42d7bf77874643c1478932860e3f?s=96&d=mm&r=g","caption":"Bruno Gianni"},"description":"Bruno writes the way he lives, with curiosity, care, and respect for people. He likes to observe, listen, and try to understand what is happening on the other side before putting any words on the page.For him, writing is not about impressing, but about getting closer. It is about turning thoughts into something simple, clear, and real. Every text is an ongoing conversation, created with care and honesty, with the sincere intention of touching someone, somewhere along the way.","url":"https:\/\/magistrae.com\/es\/author\/bcgianni\/"}]}},"uagb_featured_image_src":{"full":false,"thumbnail":false,"medium":false,"medium_large":false,"large":false,"1536x1536":false,"2048x2048":false,"trp-custom-language-flag":false},"uagb_author_info":{"display_name":"Bruno Gianni","author_link":"https:\/\/magistrae.com\/es\/author\/bcgianni\/"},"uagb_comment_info":0,"uagb_excerpt":"Candidate-se \u00e0 vaga de Gestor de Servi\u00e7os Gerais. Lideran\u00e7a, esp\u00edrito de equipa, desenvolvimento profissional e ambiente s\u00f3lido para crescer num grande grupo empresarial. Saiba mais sobre esta oportunidade!","_links":{"self":[{"href":"https:\/\/magistrae.com\/es\/wp-json\/wp\/v2\/posts\/11843"}],"collection":[{"href":"https:\/\/magistrae.com\/es\/wp-json\/wp\/v2\/posts"}],"about":[{"href":"https:\/\/magistrae.com\/es\/wp-json\/wp\/v2\/types\/post"}],"author":[{"embeddable":true,"href":"https:\/\/magistrae.com\/es\/wp-json\/wp\/v2\/users\/3"}],"replies":[{"embeddable":true,"href":"https:\/\/magistrae.com\/es\/wp-json\/wp\/v2\/comments?post=11843"}],"version-history":[{"count":1,"href":"https:\/\/magistrae.com\/es\/wp-json\/wp\/v2\/posts\/11843\/revisions"}],"predecessor-version":[{"id":11846,"href":"https:\/\/magistrae.com\/es\/wp-json\/wp\/v2\/posts\/11843\/revisions\/11846"}],"wp:attachment":[{"href":"https:\/\/magistrae.com\/es\/wp-json\/wp\/v2\/media?parent=11843"}],"wp:term":[{"taxonomy":"category","embeddable":true,"href":"https:\/\/magistrae.com\/es\/wp-json\/wp\/v2\/categories?post=11843"},{"taxonomy":"post_tag","embeddable":true,"href":"https:\/\/magistrae.com\/es\/wp-json\/wp\/v2\/tags?post=11843"}],"curies":[{"name":"wp","href":"https:\/\/api.w.org\/{rel}","templated":true}]}}