{"id":11841,"date":"2026-04-11T09:25:00","date_gmt":"2026-04-11T09:25:00","guid":{"rendered":"https:\/\/magistrae.com\/27399d29-65d4-484f-ae06-1666517beb4f\/"},"modified":"2026-04-11T09:25:50","modified_gmt":"2026-04-11T09:25:50","slug":"27399d29-65d4-484f-ae06-1666517beb4f","status":"publish","type":"post","link":"https:\/\/magistrae.com\/es\/27399d29-65d4-484f-ae06-1666517beb4f\/","title":{"rendered":"Supervisor de Servi\u00e7os Gerais: Destaques, Responsabilidades e Oportunidades"},"content":{"rendered":"<\/p>\n<\/p>\n<div style=\"background: #ffffff; border-radius: 12px; box-shadow: 0 10px 30px rgba(0, 0, 0, 0.1); width: 100%; max-width: 340px; padding: 25px; transition: transform 0.3s ease-in-out; overflow: visible; display: flex; flex-direction: column; position: relative; border: 1px solid #28a745; margin-top: 70px; margin-bottom: 50px; margin-left: auto; margin-right: auto;\">\n<div style=\"position: absolute; top: -35px; right: 15px; color: #28a745; padding: 5px 10px; border-radius: 6px; font-size: 14px; font-weight: bold; display: flex; align-items: center; z-index: 10;\">Recomendado para si<\/div>\n<div data-namespace-header=\"\" style=\"\">\n<h3 data-namespace-title=\"\" style=\"color: #333; font-size: 20px; font-weight: bold; text-align: left; margin-right: 50px; min-height: 50px; margin-top: 0px;\">Supervisor de Servi\u00e7os Gerais<\/h3>\n<\/p><\/div>\n<p data-namespace-prompt=\"\" style=\"font-size: 16px; color: #666; margin-bottom: 20px; line-height: 1.5; flex-grow: 1; text-align: left; margin-top: 0px;\">Procura uma oportunidade com ambiente multicultural, crescimento profissional e estabilidade? Este cargo exige experi\u00eancia em gest\u00e3o de equipas, compet\u00eancias administrativas e \u00e9tica forte.<\/p>\n<p>    <a data-namespace-url=\"\" href=\"https:\/\/magistrae.com\/es\/redirect\/?https:\/\/angoemprego.com\/vagas\/supervisor-de-servicos-gerais\/?utm_campaign=google_jobs_apply&#038;utm_source=google_jobs_apply&#038;utm_medium=organic\" style=\"width: 100%; display: inline-block; color: white; text-decoration: none; border-radius: 6px; font-size: 16px; font-weight: bold; text-align: center; transition: transform 0.3s ease, background 0.3s ease; margin-top: auto;\" data-namespace-id=\"5c0d2565-3ba9-4280-a382-ad2a691e2285\"><br \/>\n        <button style=\"width: 100%; height: 55px; background: #e9e9ed; border: 1px solid black; color: black;\">Candidatar \u00e0 vaga<\/button><br \/>\n    <\/a><br \/>\n    <small style=\"margin-top: 10px; color: #777; font-size: 12px; text-align: center; display: block;\">Ser\u00e1 redirigido a otro sitio<\/small>\n<\/div>\n<p>Esta vaga para Supervisor de Servi\u00e7os Gerais oferece contrato em tempo integral, ambiente inclusivo e estabilidade, com benef\u00edcios t\u00edpicos do setor de infraestrutura. A empresa valoriza compet\u00eancias de lideran\u00e7a, organiza\u00e7\u00e3o e dom\u00ednio do pacote Microsoft Office. A candidatura \u00e9 gratuita e sem custos para o candidato.<\/p>\n<h2>Responsabilidades no Dia a Dia<\/h2>\n<p>O profissional ser\u00e1 respons\u00e1vel pela lideran\u00e7a das equipas de servi\u00e7os gerais, assegurando que o fluxo operacional e log\u00edstico seja eficiente e organizado.<\/p>\n<p>Gerir alojamentos, transportes e as condi\u00e7\u00f5es de trabalho das equipas faz parte das atividades di\u00e1rias deste cargo, exigindo aten\u00e7\u00e3o ao detalhe e resili\u00eancia.<\/p>\n<p>O controlo de fornecedores, contratos e custos est\u00e1 entre as principais fun\u00e7\u00f5es, bem como a monitoriza\u00e7\u00e3o do cumprimento das normas internas de seguran\u00e7a e compliance.<\/p>\n<p>Haver\u00e1 uma constante necessidade de aplicar treinamentos e garantir o esp\u00edrito de equipa nos processos operacionais, al\u00e9m de gerir arquivos f\u00edsicos e digitais.<\/p>\n<p>Capacidade de apoiar a gest\u00e3o com an\u00e1lises de custos e relat\u00f3rios eficientes \u00e9 fundamental para o bom desempenho nesta posi\u00e7\u00e3o.<\/p>\n<h2>Ventajas del cargo<\/h2>\n<p>Trabalhar num grupo internacional proporciona acesso a uma cultura diversa e a m\u00faltiplas oportunidades de desenvolvimento de carreira.<\/p>\n<p>O ambiente de trabalho din\u00e2mico incentiva o crescimento pessoal e profissional, permitindo ao colaborador expandir a sua rede de contactos e compet\u00eancias.<\/p>\n<h2>Desvantagens da Posi\u00e7\u00e3o<\/h2>\n<p>O cargo exige elevado sentido de responsabilidade, capacidade para trabalhar sob press\u00e3o e adapta\u00e7\u00e3o constante \u00e0s necessidades pr\u00f3prias de grandes projetos.<\/p>\n<p>O volume de tarefas administrativas e a necessidade de reportes frequentes podem ser considerados fatores de stress para alguns perfis.<\/p>\n<h2>Veredito Final<\/h2>\n<p>Para profissionais organizados, resilientes e em busca de desafios, esta vaga representa uma excelente oportunidade para consolidar carreira e adquirir experi\u00eancia internacional de valor.<\/p>\n<div style=\"background: #ffffff; border-radius: 12px; box-shadow: 0 10px 30px rgba(0, 0, 0, 0.1); width: 100%; max-width: 340px; padding: 25px; transition: transform 0.3s ease-in-out; overflow: visible; display: flex; flex-direction: column; position: relative; border: 1px solid #28a745; margin-top: 70px; margin-bottom: 50px; margin-left: auto; margin-right: auto;\">\n<div style=\"position: absolute; top: -35px; right: 15px; color: #28a745; padding: 5px 10px; border-radius: 6px; font-size: 14px; font-weight: bold; display: flex; align-items: center; z-index: 10;\">Recomendado para si<\/div>\n<div data-namespace-header=\"\" style=\"\">\n<h3 data-namespace-title=\"\" style=\"color: #333; font-size: 20px; font-weight: bold; text-align: left; margin-right: 50px; min-height: 50px; margin-top: 0px;\">Supervisor de Servi\u00e7os Gerais<\/h3>\n<\/p><\/div>\n<p data-namespace-prompt=\"\" style=\"font-size: 16px; color: #666; margin-bottom: 20px; line-height: 1.5; flex-grow: 1; text-align: left; margin-top: 0px;\">Procura uma oportunidade com ambiente multicultural, crescimento profissional e estabilidade? Este cargo exige experi\u00eancia em gest\u00e3o de equipas, compet\u00eancias administrativas e \u00e9tica forte.<\/p>\n<p>    <a data-namespace-url=\"\" href=\"https:\/\/magistrae.com\/es\/redirect\/?https:\/\/angoemprego.com\/vagas\/supervisor-de-servicos-gerais\/?utm_campaign=google_jobs_apply&#038;utm_source=google_jobs_apply&#038;utm_medium=organic\" style=\"width: 100%; display: inline-block; color: white; text-decoration: none; border-radius: 6px; font-size: 16px; font-weight: bold; text-align: center; transition: transform 0.3s ease, background 0.3s ease; margin-top: auto;\" data-namespace-id=\"5c0d2565-3ba9-4280-a382-ad2a691e2285\"><br \/>\n        <button style=\"width: 100%; height: 55px; background: #e9e9ed; border: 1px solid black; color: black;\">Candidatar \u00e0 vaga<\/button><br \/>\n    <\/a><br \/>\n    <small style=\"margin-top: 10px; color: #777; font-size: 12px; text-align: center; display: block;\">Ser\u00e1 redirigido a otro sitio<\/small>\n<\/div>","protected":false},"excerpt":{"rendered":"<p>Vaga para Supervisor de Servi\u00e7os Gerais, ambiente colaborativo, crescimento profissional e valoriza\u00e7\u00e3o da experi\u00eancia. Veja requisitos e como candidatar-se. Oportunidade de destaque.<\/p>","protected":false},"author":3,"featured_media":0,"comment_status":"open","ping_status":"open","sticky":false,"template":"","format":"standard","meta":{"_uag_custom_page_level_css":"","site-sidebar-layout":"default","site-content-layout":"","ast-site-content-layout":"","site-content-style":"default","site-sidebar-style":"default","ast-global-header-display":"","ast-banner-title-visibility":"","ast-main-header-display":"","ast-hfb-above-header-display":"","ast-hfb-below-header-display":"","ast-hfb-mobile-header-display":"","site-post-title":"","ast-breadcrumbs-content":"","ast-featured-img":"","footer-sml-layout":"","theme-transparent-header-meta":"","adv-header-id-meta":"","stick-header-meta":"","header-above-stick-meta":"","header-main-stick-meta":"","header-below-stick-meta":"","astra-migrate-meta-layouts":"default","ast-page-background-enabled":"default","ast-page-background-meta":{"desktop":{"background-color":"var(--ast-global-color-4)","background-image":"","background-repeat":"repeat","background-position":"center center","background-size":"auto","background-attachment":"scroll","background-type":"","background-media":"","overlay-type":"","overlay-color":"","overlay-opacity":"","overlay-gradient":""},"tablet":{"background-color":"","background-image":"","background-repeat":"repeat","background-position":"center center","background-size":"auto","background-attachment":"scroll","background-type":"","background-media":"","overlay-type":"","overlay-color":"","overlay-opacity":"","overlay-gradient":""},"mobile":{"background-color":"","background-image":"","background-repeat":"repeat","background-position":"center center","background-size":"auto","background-attachment":"scroll","background-type":"","background-media":"","overlay-type":"","overlay-color":"","overlay-opacity":"","overlay-gradient":""}},"ast-content-background-meta":{"desktop":{"background-color":"var(--ast-global-color-5)","background-image":"","background-repeat":"repeat","background-position":"center center","background-size":"auto","background-attachment":"scroll","background-type":"","background-media":"","overlay-type":"","overlay-color":"","overlay-opacity":"","overlay-gradient":""},"tablet":{"background-color":"var(--ast-global-color-5)","background-image":"","background-repeat":"repeat","background-position":"center center","background-size":"auto","background-attachment":"scroll","background-type":"","background-media":"","overlay-type":"","overlay-color":"","overlay-opacity":"","overlay-gradient":""},"mobile":{"background-color":"var(--ast-global-color-5)","background-image":"","background-repeat":"repeat","background-position":"center center","background-size":"auto","background-attachment":"scroll","background-type":"","background-media":"","overlay-type":"","overlay-color":"","overlay-opacity":"","overlay-gradient":""}},"footnotes":""},"categories":[14],"tags":[],"yoast_head":"<!-- This site is optimized with the Yoast SEO plugin v23.3 - https:\/\/yoast.com\/wordpress\/plugins\/seo\/ -->\n<title>Supervisor de Servi\u00e7os Gerais: Destaques, Responsabilidades e Oportunidades - Magistrae<\/title>\n<meta name=\"robots\" content=\"index, follow, max-snippet:-1, max-image-preview:large, max-video-preview:-1\" \/>\n<link rel=\"canonical\" href=\"https:\/\/magistrae.com\/es\/27399d29-65d4-484f-ae06-1666517beb4f\/\" \/>\n<meta property=\"og:locale\" content=\"es_ES\" \/>\n<meta property=\"og:type\" content=\"article\" \/>\n<meta property=\"og:title\" content=\"Supervisor de Servi\u00e7os Gerais: Destaques, Responsabilidades e Oportunidades - Magistrae\" \/>\n<meta property=\"og:description\" content=\"Vaga para Supervisor de Servi\u00e7os Gerais, ambiente colaborativo, crescimento profissional e valoriza\u00e7\u00e3o da experi\u00eancia. Veja requisitos e como candidatar-se. Oportunidade de destaque.\" \/>\n<meta property=\"og:url\" content=\"https:\/\/magistrae.com\/es\/27399d29-65d4-484f-ae06-1666517beb4f\/\" \/>\n<meta property=\"og:site_name\" content=\"Magistrae\" \/>\n<meta property=\"article:published_time\" content=\"2026-04-11T09:25:00+00:00\" \/>\n<meta property=\"article:modified_time\" content=\"2026-04-11T09:25:50+00:00\" \/>\n<meta name=\"author\" content=\"Bruno Gianni\" \/>\n<meta name=\"twitter:card\" content=\"summary_large_image\" \/>\n<meta name=\"twitter:label1\" content=\"Written by\" \/>\n\t<meta name=\"twitter:data1\" content=\"Bruno Gianni\" \/>\n\t<meta name=\"twitter:label2\" content=\"Est. reading time\" \/>\n\t<meta name=\"twitter:data2\" content=\"2 minutos\" \/>\n<script type=\"application\/ld+json\" class=\"yoast-schema-graph\">{\"@context\":\"https:\/\/schema.org\",\"@graph\":[{\"@type\":\"Article\",\"@id\":\"https:\/\/magistrae.com\/27399d29-65d4-484f-ae06-1666517beb4f\/#article\",\"isPartOf\":{\"@id\":\"https:\/\/magistrae.com\/27399d29-65d4-484f-ae06-1666517beb4f\/\"},\"author\":{\"name\":\"Bruno Gianni\",\"@id\":\"https:\/\/magistrae.com\/#\/schema\/person\/d52888235fd6563bd07d97185d6a61e4\"},\"headline\":\"Supervisor de Servi\u00e7os Gerais: Destaques, Responsabilidades e Oportunidades\",\"datePublished\":\"2026-04-11T09:25:00+00:00\",\"dateModified\":\"2026-04-11T09:25:50+00:00\",\"mainEntityOfPage\":{\"@id\":\"https:\/\/magistrae.com\/27399d29-65d4-484f-ae06-1666517beb4f\/\"},\"wordCount\":399,\"commentCount\":0,\"publisher\":{\"@id\":\"https:\/\/magistrae.com\/#organization\"},\"articleSection\":[\"Hidden\"],\"inLanguage\":\"es\",\"potentialAction\":[{\"@type\":\"CommentAction\",\"name\":\"Comment\",\"target\":[\"https:\/\/magistrae.com\/27399d29-65d4-484f-ae06-1666517beb4f\/#respond\"]}]},{\"@type\":\"WebPage\",\"@id\":\"https:\/\/magistrae.com\/27399d29-65d4-484f-ae06-1666517beb4f\/\",\"url\":\"https:\/\/magistrae.com\/27399d29-65d4-484f-ae06-1666517beb4f\/\",\"name\":\"Supervisor de Servi\u00e7os Gerais: Destaques, Responsabilidades e Oportunidades - Magistrae\",\"isPartOf\":{\"@id\":\"https:\/\/magistrae.com\/#website\"},\"datePublished\":\"2026-04-11T09:25:00+00:00\",\"dateModified\":\"2026-04-11T09:25:50+00:00\",\"breadcrumb\":{\"@id\":\"https:\/\/magistrae.com\/27399d29-65d4-484f-ae06-1666517beb4f\/#breadcrumb\"},\"inLanguage\":\"es\",\"potentialAction\":[{\"@type\":\"ReadAction\",\"target\":[\"https:\/\/magistrae.com\/27399d29-65d4-484f-ae06-1666517beb4f\/\"]}]},{\"@type\":\"BreadcrumbList\",\"@id\":\"https:\/\/magistrae.com\/27399d29-65d4-484f-ae06-1666517beb4f\/#breadcrumb\",\"itemListElement\":[{\"@type\":\"ListItem\",\"position\":1,\"name\":\"Home\",\"item\":\"https:\/\/magistrae.com\/\"},{\"@type\":\"ListItem\",\"position\":2,\"name\":\"Supervisor de Servi\u00e7os Gerais: Destaques, Responsabilidades e Oportunidades\"}]},{\"@type\":\"WebSite\",\"@id\":\"https:\/\/magistrae.com\/#website\",\"url\":\"https:\/\/magistrae.com\/\",\"name\":\"Magistrae\",\"description\":\"\",\"publisher\":{\"@id\":\"https:\/\/magistrae.com\/#organization\"},\"potentialAction\":[{\"@type\":\"SearchAction\",\"target\":{\"@type\":\"EntryPoint\",\"urlTemplate\":\"https:\/\/magistrae.com\/?s={search_term_string}\"},\"query-input\":\"required name=search_term_string\"}],\"inLanguage\":\"es\"},{\"@type\":\"Organization\",\"@id\":\"https:\/\/magistrae.com\/#organization\",\"name\":\"Magistrae\",\"url\":\"https:\/\/magistrae.com\/\",\"logo\":{\"@type\":\"ImageObject\",\"inLanguage\":\"es\",\"@id\":\"https:\/\/magistrae.com\/#\/schema\/logo\/image\/\",\"url\":\"https:\/\/magistrae.com\/wp-content\/uploads\/sites\/413\/2026\/03\/9_Magistrae.jpg\",\"contentUrl\":\"https:\/\/magistrae.com\/wp-content\/uploads\/sites\/413\/2026\/03\/9_Magistrae.jpg\",\"width\":2000,\"height\":2000,\"caption\":\"Magistrae\"},\"image\":{\"@id\":\"https:\/\/magistrae.com\/#\/schema\/logo\/image\/\"}},{\"@type\":\"Person\",\"@id\":\"https:\/\/magistrae.com\/#\/schema\/person\/d52888235fd6563bd07d97185d6a61e4\",\"name\":\"Bruno Gianni\",\"image\":{\"@type\":\"ImageObject\",\"inLanguage\":\"es\",\"@id\":\"https:\/\/magistrae.com\/#\/schema\/person\/image\/\",\"url\":\"https:\/\/secure.gravatar.com\/avatar\/0f5d42d7bf77874643c1478932860e3f?s=96&d=mm&r=g\",\"contentUrl\":\"https:\/\/secure.gravatar.com\/avatar\/0f5d42d7bf77874643c1478932860e3f?s=96&d=mm&r=g\",\"caption\":\"Bruno Gianni\"},\"description\":\"Bruno writes the way he lives, with curiosity, care, and respect for people. He likes to observe, listen, and try to understand what is happening on the other side before putting any words on the page.For him, writing is not about impressing, but about getting closer. It is about turning thoughts into something simple, clear, and real. Every text is an ongoing conversation, created with care and honesty, with the sincere intention of touching someone, somewhere along the way.\",\"url\":\"https:\/\/magistrae.com\/es\/author\/bcgianni\/\"}]}<\/script>\n<!-- \/ Yoast SEO plugin. -->","yoast_head_json":{"title":"Supervisor de Servi\u00e7os Gerais: Destaques, Responsabilidades e Oportunidades - Magistrae","robots":{"index":"index","follow":"follow","max-snippet":"max-snippet:-1","max-image-preview":"max-image-preview:large","max-video-preview":"max-video-preview:-1"},"canonical":"https:\/\/magistrae.com\/es\/27399d29-65d4-484f-ae06-1666517beb4f\/","og_locale":"es_ES","og_type":"article","og_title":"Supervisor de Servi\u00e7os Gerais: Destaques, Responsabilidades e Oportunidades - Magistrae","og_description":"Vaga para Supervisor de Servi\u00e7os Gerais, ambiente colaborativo, crescimento profissional e valoriza\u00e7\u00e3o da experi\u00eancia. Veja requisitos e como candidatar-se. Oportunidade de destaque.","og_url":"https:\/\/magistrae.com\/es\/27399d29-65d4-484f-ae06-1666517beb4f\/","og_site_name":"Magistrae","article_published_time":"2026-04-11T09:25:00+00:00","article_modified_time":"2026-04-11T09:25:50+00:00","author":"Bruno Gianni","twitter_card":"summary_large_image","twitter_misc":{"Written by":"Bruno Gianni","Est. reading time":"2 minutos"},"schema":{"@context":"https:\/\/schema.org","@graph":[{"@type":"Article","@id":"https:\/\/magistrae.com\/27399d29-65d4-484f-ae06-1666517beb4f\/#article","isPartOf":{"@id":"https:\/\/magistrae.com\/27399d29-65d4-484f-ae06-1666517beb4f\/"},"author":{"name":"Bruno Gianni","@id":"https:\/\/magistrae.com\/#\/schema\/person\/d52888235fd6563bd07d97185d6a61e4"},"headline":"Supervisor de Servi\u00e7os Gerais: Destaques, Responsabilidades e Oportunidades","datePublished":"2026-04-11T09:25:00+00:00","dateModified":"2026-04-11T09:25:50+00:00","mainEntityOfPage":{"@id":"https:\/\/magistrae.com\/27399d29-65d4-484f-ae06-1666517beb4f\/"},"wordCount":399,"commentCount":0,"publisher":{"@id":"https:\/\/magistrae.com\/#organization"},"articleSection":["Hidden"],"inLanguage":"es","potentialAction":[{"@type":"CommentAction","name":"Comment","target":["https:\/\/magistrae.com\/27399d29-65d4-484f-ae06-1666517beb4f\/#respond"]}]},{"@type":"WebPage","@id":"https:\/\/magistrae.com\/27399d29-65d4-484f-ae06-1666517beb4f\/","url":"https:\/\/magistrae.com\/27399d29-65d4-484f-ae06-1666517beb4f\/","name":"Supervisor de Servi\u00e7os Gerais: Destaques, Responsabilidades e Oportunidades - Magistrae","isPartOf":{"@id":"https:\/\/magistrae.com\/#website"},"datePublished":"2026-04-11T09:25:00+00:00","dateModified":"2026-04-11T09:25:50+00:00","breadcrumb":{"@id":"https:\/\/magistrae.com\/27399d29-65d4-484f-ae06-1666517beb4f\/#breadcrumb"},"inLanguage":"es","potentialAction":[{"@type":"ReadAction","target":["https:\/\/magistrae.com\/27399d29-65d4-484f-ae06-1666517beb4f\/"]}]},{"@type":"BreadcrumbList","@id":"https:\/\/magistrae.com\/27399d29-65d4-484f-ae06-1666517beb4f\/#breadcrumb","itemListElement":[{"@type":"ListItem","position":1,"name":"Home","item":"https:\/\/magistrae.com\/"},{"@type":"ListItem","position":2,"name":"Supervisor de Servi\u00e7os Gerais: Destaques, Responsabilidades e Oportunidades"}]},{"@type":"WebSite","@id":"https:\/\/magistrae.com\/#website","url":"https:\/\/magistrae.com\/","name":"Magistrae","description":"","publisher":{"@id":"https:\/\/magistrae.com\/#organization"},"potentialAction":[{"@type":"SearchAction","target":{"@type":"EntryPoint","urlTemplate":"https:\/\/magistrae.com\/?s={search_term_string}"},"query-input":"required name=search_term_string"}],"inLanguage":"es"},{"@type":"Organization","@id":"https:\/\/magistrae.com\/#organization","name":"Magistrae","url":"https:\/\/magistrae.com\/","logo":{"@type":"ImageObject","inLanguage":"es","@id":"https:\/\/magistrae.com\/#\/schema\/logo\/image\/","url":"https:\/\/magistrae.com\/wp-content\/uploads\/sites\/413\/2026\/03\/9_Magistrae.jpg","contentUrl":"https:\/\/magistrae.com\/wp-content\/uploads\/sites\/413\/2026\/03\/9_Magistrae.jpg","width":2000,"height":2000,"caption":"Magistrae"},"image":{"@id":"https:\/\/magistrae.com\/#\/schema\/logo\/image\/"}},{"@type":"Person","@id":"https:\/\/magistrae.com\/#\/schema\/person\/d52888235fd6563bd07d97185d6a61e4","name":"Bruno Gianni","image":{"@type":"ImageObject","inLanguage":"es","@id":"https:\/\/magistrae.com\/#\/schema\/person\/image\/","url":"https:\/\/secure.gravatar.com\/avatar\/0f5d42d7bf77874643c1478932860e3f?s=96&d=mm&r=g","contentUrl":"https:\/\/secure.gravatar.com\/avatar\/0f5d42d7bf77874643c1478932860e3f?s=96&d=mm&r=g","caption":"Bruno Gianni"},"description":"Bruno writes the way he lives, with curiosity, care, and respect for people. He likes to observe, listen, and try to understand what is happening on the other side before putting any words on the page.For him, writing is not about impressing, but about getting closer. It is about turning thoughts into something simple, clear, and real. Every text is an ongoing conversation, created with care and honesty, with the sincere intention of touching someone, somewhere along the way.","url":"https:\/\/magistrae.com\/es\/author\/bcgianni\/"}]}},"uagb_featured_image_src":{"full":false,"thumbnail":false,"medium":false,"medium_large":false,"large":false,"1536x1536":false,"2048x2048":false,"trp-custom-language-flag":false},"uagb_author_info":{"display_name":"Bruno Gianni","author_link":"https:\/\/magistrae.com\/es\/author\/bcgianni\/"},"uagb_comment_info":0,"uagb_excerpt":"Vaga para Supervisor de Servi\u00e7os Gerais, ambiente colaborativo, crescimento profissional e valoriza\u00e7\u00e3o da experi\u00eancia. Veja requisitos e como candidatar-se. Oportunidade de destaque.","_links":{"self":[{"href":"https:\/\/magistrae.com\/es\/wp-json\/wp\/v2\/posts\/11841"}],"collection":[{"href":"https:\/\/magistrae.com\/es\/wp-json\/wp\/v2\/posts"}],"about":[{"href":"https:\/\/magistrae.com\/es\/wp-json\/wp\/v2\/types\/post"}],"author":[{"embeddable":true,"href":"https:\/\/magistrae.com\/es\/wp-json\/wp\/v2\/users\/3"}],"replies":[{"embeddable":true,"href":"https:\/\/magistrae.com\/es\/wp-json\/wp\/v2\/comments?post=11841"}],"version-history":[{"count":1,"href":"https:\/\/magistrae.com\/es\/wp-json\/wp\/v2\/posts\/11841\/revisions"}],"predecessor-version":[{"id":11845,"href":"https:\/\/magistrae.com\/es\/wp-json\/wp\/v2\/posts\/11841\/revisions\/11845"}],"wp:attachment":[{"href":"https:\/\/magistrae.com\/es\/wp-json\/wp\/v2\/media?parent=11841"}],"wp:term":[{"taxonomy":"category","embeddable":true,"href":"https:\/\/magistrae.com\/es\/wp-json\/wp\/v2\/categories?post=11841"},{"taxonomy":"post_tag","embeddable":true,"href":"https:\/\/magistrae.com\/es\/wp-json\/wp\/v2\/tags?post=11841"}],"curies":[{"name":"wp","href":"https:\/\/api.w.org\/{rel}","templated":true}]}}