{"id":11837,"date":"2026-04-11T09:10:00","date_gmt":"2026-04-11T09:10:00","guid":{"rendered":"https:\/\/magistrae.com\/1a4c2b95-1b68-4235-b013-f8ff0ef22886\/"},"modified":"2026-04-11T09:10:41","modified_gmt":"2026-04-11T09:10:41","slug":"1a4c2b95-1b68-4235-b013-f8ff0ef22886","status":"publish","type":"post","link":"https:\/\/magistrae.com\/es\/1a4c2b95-1b68-4235-b013-f8ff0ef22886\/","title":{"rendered":"Supervisor de Servi\u00e7os Gerais \u2013 Destaques de Lideran\u00e7a e Crescimento Profissional"},"content":{"rendered":"<\/p>\n<\/p>\n<div style=\"background: #ffffff; border-radius: 12px; box-shadow: 0 10px 30px rgba(0, 0, 0, 0.1); width: 100%; max-width: 340px; padding: 25px; transition: transform 0.3s ease-in-out; overflow: visible; display: flex; flex-direction: column; position: relative; border: 1px solid #28a745; margin-top: 70px; margin-bottom: 50px; margin-left: auto; margin-right: auto;\">\n<div style=\"position: absolute; top: -35px; right: 15px; color: #28a745; padding: 5px 10px; border-radius: 6px; font-size: 14px; font-weight: bold; display: flex; align-items: center; z-index: 10;\">Recomendado para si<\/div>\n<div data-namespace-header=\"\" style=\"\">\n<h3 data-namespace-title=\"\" style=\"color: #333; font-size: 20px; font-weight: bold; text-align: left; margin-right: 50px; min-height: 50px; margin-top: 0px;\">Supervisor de Servi\u00e7os Gerais<\/h3>\n<\/p><\/div>\n<p data-namespace-prompt=\"\" style=\"font-size: 16px; color: #666; margin-bottom: 20px; line-height: 1.5; flex-grow: 1; text-align: left; margin-top: 0px;\">Coordene equipas, optimize custos e recursos, garanta padr\u00f5es de compliance. Requer licenciatura e experi\u00eancia s\u00f3lida. Destaque para ambiente colaborativo e oportunidades de crescimento.<\/p>\n<p>    <a data-namespace-url=\"\" href=\"https:\/\/magistrae.com\/es\/redirect\/?https:\/\/angoemprego.com\/vagas\/supervisor-de-servicos-gerais\/?utm_campaign=google_jobs_apply&#038;utm_source=google_jobs_apply&#038;utm_medium=organic\" style=\"width: 100%; display: inline-block; color: white; text-decoration: none; border-radius: 6px; font-size: 16px; font-weight: bold; text-align: center; transition: transform 0.3s ease, background 0.3s ease; margin-top: auto;\" data-namespace-id=\"5c0d2565-3ba9-4280-a382-ad2a691e2285\"><br \/>\n        <button style=\"width: 100%; height: 55px; background: #e9e9ed; border: 1px solid black; color: black;\">Candidatar para vaga<\/button><br \/>\n    <\/a><br \/>\n    <small style=\"margin-top: 10px; color: #777; font-size: 12px; text-align: center; display: block;\">Ser\u00e1 redireccionado para otro sitio<\/small>\n<\/div>\n<p>A posi\u00e7\u00e3o de Supervisor de Servi\u00e7os Gerais oferece um ambiente din\u00e2mico, com \u00eanfase em lideran\u00e7a de equipas e gest\u00e3o de opera\u00e7\u00f5es. O sal\u00e1rio n\u00e3o \u00e9 divulgado, mas o tipo de emprego e as condi\u00e7\u00f5es envolvem envolvimento direto e desenvolvimento profissional cont\u00ednuo. Os candidatos devem ter gradua\u00e7\u00e3o relevante, experi\u00eancia comprovada e compet\u00eancias t\u00e9cnicas e interpessoais desenvolvidas para lidar com desafios no sector.<\/p>\n<h3>Responsabilidades e Rotina de Trabalho<\/h3>\n<p>O profissional \u00e9 respons\u00e1vel pela coordena\u00e7\u00e3o das equipas de servi\u00e7os gerais, assegurando as melhores condi\u00e7\u00f5es de alojamento e log\u00edstica para todos.<\/p>\n<p>A supervis\u00e3o inclui o controlo rigoroso de fornecedores, gest\u00e3o contratual e planeamento de desloca\u00e7\u00f5es, sempre com foco na efici\u00eancia.<\/p>\n<p>O dia-a-dia requer controlo de custos, optimiza\u00e7\u00e3o de recursos e cumprimento das normas de organiza\u00e7\u00e3o e seguran\u00e7a da empresa.<\/p>\n<p>Tamb\u00e9m \u00e9 esperado o apoio operacional no terreno, al\u00e9m da manuten\u00e7\u00e3o de processos administrativos e controlo documental rigoroso.<\/p>\n<p>A rotina demanda dom\u00ednio das ferramentas Microsoft e experi\u00eancia na elabora\u00e7\u00e3o de relat\u00f3rios, arquivos digitais e treinamentos internos.<\/p>\n<h3>Vantagens de Trabalhar na Vaga<\/h3>\n<p>Destaca-se a cultura colaborativa e ambiente multicultural, promovendo trocas de experi\u00eancias entre profissionais de diferentes origens.<\/p>\n<p>A empresa valoriza o crescimento profissional, oferecendo oportunidades reais de forma\u00e7\u00e3o e ascens\u00e3o na carreira.<\/p>\n<p>H\u00e1 ainda grande incentivo ao desenvolvimento de compet\u00eancias t\u00e9cnicas e comportamentais, apoiando iniciativas inovadoras e sustent\u00e1veis.<\/p>\n<h3>Desventajas a considerar<\/h3>\n<p>A exig\u00eancia de experi\u00eancia m\u00ednima de cinco anos pode limitar candidatos com menos tempo no mercado ou rec\u00e9m-formados.<\/p>\n<p>O volume de tarefas, necessidade de r\u00e1pida adapta\u00e7\u00e3o e press\u00e3o por resultados exigem elevada resili\u00eancia e organiza\u00e7\u00e3o do profissional.<\/p>\n<h3>Veredito Final<\/h3>\n<p>Esta \u00e9 uma excelente oportunidade para quem possui experi\u00eancia s\u00f3lida e deseja trabalhar num contexto motivador, com chances reais de crescimento.<\/p>\n<p>Se procura novos desafios e quer potenciar a sua carreira, avalie candidatar-se pois o cargo oferece valoriza\u00e7\u00e3o e ambiente de desenvolvimento cont\u00ednuo.<\/p>\n<div style=\"background: #ffffff; border-radius: 12px; box-shadow: 0 10px 30px rgba(0, 0, 0, 0.1); width: 100%; max-width: 340px; padding: 25px; transition: transform 0.3s ease-in-out; overflow: visible; display: flex; flex-direction: column; position: relative; border: 1px solid #28a745; margin-top: 70px; margin-bottom: 50px; margin-left: auto; margin-right: auto;\">\n<div style=\"position: absolute; top: -35px; right: 15px; color: #28a745; padding: 5px 10px; border-radius: 6px; font-size: 14px; font-weight: bold; display: flex; align-items: center; z-index: 10;\">Recomendado para si<\/div>\n<div data-namespace-header=\"\" style=\"\">\n<h3 data-namespace-title=\"\" style=\"color: #333; font-size: 20px; font-weight: bold; text-align: left; margin-right: 50px; min-height: 50px; margin-top: 0px;\">Supervisor de Servi\u00e7os Gerais<\/h3>\n<\/p><\/div>\n<p data-namespace-prompt=\"\" style=\"font-size: 16px; color: #666; margin-bottom: 20px; line-height: 1.5; flex-grow: 1; text-align: left; margin-top: 0px;\">Coordene equipas, optimize custos e recursos, garanta padr\u00f5es de compliance. Requer licenciatura e experi\u00eancia s\u00f3lida. Destaque para ambiente colaborativo e oportunidades de crescimento.<\/p>\n<p>    <a data-namespace-url=\"\" href=\"https:\/\/magistrae.com\/es\/redirect\/?https:\/\/angoemprego.com\/vagas\/supervisor-de-servicos-gerais\/?utm_campaign=google_jobs_apply&#038;utm_source=google_jobs_apply&#038;utm_medium=organic\" style=\"width: 100%; display: inline-block; color: white; text-decoration: none; border-radius: 6px; font-size: 16px; font-weight: bold; text-align: center; transition: transform 0.3s ease, background 0.3s ease; margin-top: auto;\" data-namespace-id=\"5c0d2565-3ba9-4280-a382-ad2a691e2285\"><br \/>\n        <button style=\"width: 100%; height: 55px; background: #e9e9ed; border: 1px solid black; color: black;\">Candidatar para vaga<\/button><br \/>\n    <\/a><br \/>\n    <small style=\"margin-top: 10px; color: #777; font-size: 12px; text-align: center; display: block;\">Ser\u00e1 redireccionado para otro sitio<\/small>\n<\/div>","protected":false},"excerpt":{"rendered":"<p>Supervisione equipas, otimize recursos e garanta excel\u00eancia operacional. Cres\u00e7a profissionalmente num ambiente din\u00e2mico. Candidaturas abertas para Supervisor de Servi\u00e7os Gerais at\u00e9 19\/05\/2026.<\/p>","protected":false},"author":3,"featured_media":0,"comment_status":"open","ping_status":"open","sticky":false,"template":"","format":"standard","meta":{"_uag_custom_page_level_css":"","site-sidebar-layout":"default","site-content-layout":"","ast-site-content-layout":"","site-content-style":"default","site-sidebar-style":"default","ast-global-header-display":"","ast-banner-title-visibility":"","ast-main-header-display":"","ast-hfb-above-header-display":"","ast-hfb-below-header-display":"","ast-hfb-mobile-header-display":"","site-post-title":"","ast-breadcrumbs-content":"","ast-featured-img":"","footer-sml-layout":"","theme-transparent-header-meta":"","adv-header-id-meta":"","stick-header-meta":"","header-above-stick-meta":"","header-main-stick-meta":"","header-below-stick-meta":"","astra-migrate-meta-layouts":"default","ast-page-background-enabled":"default","ast-page-background-meta":{"desktop":{"background-color":"var(--ast-global-color-4)","background-image":"","background-repeat":"repeat","background-position":"center center","background-size":"auto","background-attachment":"scroll","background-type":"","background-media":"","overlay-type":"","overlay-color":"","overlay-opacity":"","overlay-gradient":""},"tablet":{"background-color":"","background-image":"","background-repeat":"repeat","background-position":"center center","background-size":"auto","background-attachment":"scroll","background-type":"","background-media":"","overlay-type":"","overlay-color":"","overlay-opacity":"","overlay-gradient":""},"mobile":{"background-color":"","background-image":"","background-repeat":"repeat","background-position":"center center","background-size":"auto","background-attachment":"scroll","background-type":"","background-media":"","overlay-type":"","overlay-color":"","overlay-opacity":"","overlay-gradient":""}},"ast-content-background-meta":{"desktop":{"background-color":"var(--ast-global-color-5)","background-image":"","background-repeat":"repeat","background-position":"center center","background-size":"auto","background-attachment":"scroll","background-type":"","background-media":"","overlay-type":"","overlay-color":"","overlay-opacity":"","overlay-gradient":""},"tablet":{"background-color":"var(--ast-global-color-5)","background-image":"","background-repeat":"repeat","background-position":"center center","background-size":"auto","background-attachment":"scroll","background-type":"","background-media":"","overlay-type":"","overlay-color":"","overlay-opacity":"","overlay-gradient":""},"mobile":{"background-color":"var(--ast-global-color-5)","background-image":"","background-repeat":"repeat","background-position":"center center","background-size":"auto","background-attachment":"scroll","background-type":"","background-media":"","overlay-type":"","overlay-color":"","overlay-opacity":"","overlay-gradient":""}},"footnotes":""},"categories":[14],"tags":[],"yoast_head":"<!-- This site is optimized with the Yoast SEO plugin v23.3 - https:\/\/yoast.com\/wordpress\/plugins\/seo\/ -->\n<title>Supervisor de Servi\u00e7os Gerais \u2013 Destaques de Lideran\u00e7a e Crescimento Profissional - Magistrae<\/title>\n<meta name=\"robots\" content=\"index, follow, max-snippet:-1, max-image-preview:large, max-video-preview:-1\" \/>\n<link rel=\"canonical\" href=\"https:\/\/magistrae.com\/es\/1a4c2b95-1b68-4235-b013-f8ff0ef22886\/\" \/>\n<meta property=\"og:locale\" content=\"es_ES\" \/>\n<meta property=\"og:type\" content=\"article\" \/>\n<meta property=\"og:title\" content=\"Supervisor de Servi\u00e7os Gerais \u2013 Destaques de Lideran\u00e7a e Crescimento Profissional - Magistrae\" \/>\n<meta property=\"og:description\" content=\"Supervisione equipas, otimize recursos e garanta excel\u00eancia operacional. Cres\u00e7a profissionalmente num ambiente din\u00e2mico. Candidaturas abertas para Supervisor de Servi\u00e7os Gerais at\u00e9 19\/05\/2026.\" \/>\n<meta property=\"og:url\" content=\"https:\/\/magistrae.com\/es\/1a4c2b95-1b68-4235-b013-f8ff0ef22886\/\" \/>\n<meta property=\"og:site_name\" content=\"Magistrae\" \/>\n<meta property=\"article:published_time\" content=\"2026-04-11T09:10:00+00:00\" \/>\n<meta property=\"article:modified_time\" content=\"2026-04-11T09:10:41+00:00\" \/>\n<meta name=\"author\" content=\"Bruno Gianni\" \/>\n<meta name=\"twitter:card\" content=\"summary_large_image\" \/>\n<meta name=\"twitter:label1\" content=\"Written by\" \/>\n\t<meta name=\"twitter:data1\" content=\"Bruno Gianni\" \/>\n\t<meta name=\"twitter:label2\" content=\"Est. reading time\" \/>\n\t<meta name=\"twitter:data2\" content=\"2 minutos\" \/>\n<script type=\"application\/ld+json\" class=\"yoast-schema-graph\">{\"@context\":\"https:\/\/schema.org\",\"@graph\":[{\"@type\":\"Article\",\"@id\":\"https:\/\/magistrae.com\/1a4c2b95-1b68-4235-b013-f8ff0ef22886\/#article\",\"isPartOf\":{\"@id\":\"https:\/\/magistrae.com\/1a4c2b95-1b68-4235-b013-f8ff0ef22886\/\"},\"author\":{\"name\":\"Bruno Gianni\",\"@id\":\"https:\/\/magistrae.com\/#\/schema\/person\/d52888235fd6563bd07d97185d6a61e4\"},\"headline\":\"Supervisor de Servi\u00e7os Gerais \u2013 Destaques de Lideran\u00e7a e Crescimento Profissional\",\"datePublished\":\"2026-04-11T09:10:00+00:00\",\"dateModified\":\"2026-04-11T09:10:41+00:00\",\"mainEntityOfPage\":{\"@id\":\"https:\/\/magistrae.com\/1a4c2b95-1b68-4235-b013-f8ff0ef22886\/\"},\"wordCount\":442,\"commentCount\":0,\"publisher\":{\"@id\":\"https:\/\/magistrae.com\/#organization\"},\"articleSection\":[\"Hidden\"],\"inLanguage\":\"es\",\"potentialAction\":[{\"@type\":\"CommentAction\",\"name\":\"Comment\",\"target\":[\"https:\/\/magistrae.com\/1a4c2b95-1b68-4235-b013-f8ff0ef22886\/#respond\"]}]},{\"@type\":\"WebPage\",\"@id\":\"https:\/\/magistrae.com\/1a4c2b95-1b68-4235-b013-f8ff0ef22886\/\",\"url\":\"https:\/\/magistrae.com\/1a4c2b95-1b68-4235-b013-f8ff0ef22886\/\",\"name\":\"Supervisor de Servi\u00e7os Gerais \u2013 Destaques de Lideran\u00e7a e Crescimento Profissional - Magistrae\",\"isPartOf\":{\"@id\":\"https:\/\/magistrae.com\/#website\"},\"datePublished\":\"2026-04-11T09:10:00+00:00\",\"dateModified\":\"2026-04-11T09:10:41+00:00\",\"breadcrumb\":{\"@id\":\"https:\/\/magistrae.com\/1a4c2b95-1b68-4235-b013-f8ff0ef22886\/#breadcrumb\"},\"inLanguage\":\"es\",\"potentialAction\":[{\"@type\":\"ReadAction\",\"target\":[\"https:\/\/magistrae.com\/1a4c2b95-1b68-4235-b013-f8ff0ef22886\/\"]}]},{\"@type\":\"BreadcrumbList\",\"@id\":\"https:\/\/magistrae.com\/1a4c2b95-1b68-4235-b013-f8ff0ef22886\/#breadcrumb\",\"itemListElement\":[{\"@type\":\"ListItem\",\"position\":1,\"name\":\"Home\",\"item\":\"https:\/\/magistrae.com\/\"},{\"@type\":\"ListItem\",\"position\":2,\"name\":\"Supervisor de Servi\u00e7os Gerais \u2013 Destaques de Lideran\u00e7a e Crescimento Profissional\"}]},{\"@type\":\"WebSite\",\"@id\":\"https:\/\/magistrae.com\/#website\",\"url\":\"https:\/\/magistrae.com\/\",\"name\":\"Magistrae\",\"description\":\"\",\"publisher\":{\"@id\":\"https:\/\/magistrae.com\/#organization\"},\"potentialAction\":[{\"@type\":\"SearchAction\",\"target\":{\"@type\":\"EntryPoint\",\"urlTemplate\":\"https:\/\/magistrae.com\/?s={search_term_string}\"},\"query-input\":\"required name=search_term_string\"}],\"inLanguage\":\"es\"},{\"@type\":\"Organization\",\"@id\":\"https:\/\/magistrae.com\/#organization\",\"name\":\"Magistrae\",\"url\":\"https:\/\/magistrae.com\/\",\"logo\":{\"@type\":\"ImageObject\",\"inLanguage\":\"es\",\"@id\":\"https:\/\/magistrae.com\/#\/schema\/logo\/image\/\",\"url\":\"https:\/\/magistrae.com\/wp-content\/uploads\/sites\/413\/2026\/03\/9_Magistrae.jpg\",\"contentUrl\":\"https:\/\/magistrae.com\/wp-content\/uploads\/sites\/413\/2026\/03\/9_Magistrae.jpg\",\"width\":2000,\"height\":2000,\"caption\":\"Magistrae\"},\"image\":{\"@id\":\"https:\/\/magistrae.com\/#\/schema\/logo\/image\/\"}},{\"@type\":\"Person\",\"@id\":\"https:\/\/magistrae.com\/#\/schema\/person\/d52888235fd6563bd07d97185d6a61e4\",\"name\":\"Bruno Gianni\",\"image\":{\"@type\":\"ImageObject\",\"inLanguage\":\"es\",\"@id\":\"https:\/\/magistrae.com\/#\/schema\/person\/image\/\",\"url\":\"https:\/\/secure.gravatar.com\/avatar\/0f5d42d7bf77874643c1478932860e3f?s=96&d=mm&r=g\",\"contentUrl\":\"https:\/\/secure.gravatar.com\/avatar\/0f5d42d7bf77874643c1478932860e3f?s=96&d=mm&r=g\",\"caption\":\"Bruno Gianni\"},\"description\":\"Bruno writes the way he lives, with curiosity, care, and respect for people. He likes to observe, listen, and try to understand what is happening on the other side before putting any words on the page.For him, writing is not about impressing, but about getting closer. It is about turning thoughts into something simple, clear, and real. Every text is an ongoing conversation, created with care and honesty, with the sincere intention of touching someone, somewhere along the way.\",\"url\":\"https:\/\/magistrae.com\/es\/author\/bcgianni\/\"}]}<\/script>\n<!-- \/ Yoast SEO plugin. -->","yoast_head_json":{"title":"Supervisor de Servi\u00e7os Gerais \u2013 Destaques de Lideran\u00e7a e Crescimento Profissional - Magistrae","robots":{"index":"index","follow":"follow","max-snippet":"max-snippet:-1","max-image-preview":"max-image-preview:large","max-video-preview":"max-video-preview:-1"},"canonical":"https:\/\/magistrae.com\/es\/1a4c2b95-1b68-4235-b013-f8ff0ef22886\/","og_locale":"es_ES","og_type":"article","og_title":"Supervisor de Servi\u00e7os Gerais \u2013 Destaques de Lideran\u00e7a e Crescimento Profissional - Magistrae","og_description":"Supervisione equipas, otimize recursos e garanta excel\u00eancia operacional. Cres\u00e7a profissionalmente num ambiente din\u00e2mico. Candidaturas abertas para Supervisor de Servi\u00e7os Gerais at\u00e9 19\/05\/2026.","og_url":"https:\/\/magistrae.com\/es\/1a4c2b95-1b68-4235-b013-f8ff0ef22886\/","og_site_name":"Magistrae","article_published_time":"2026-04-11T09:10:00+00:00","article_modified_time":"2026-04-11T09:10:41+00:00","author":"Bruno Gianni","twitter_card":"summary_large_image","twitter_misc":{"Written by":"Bruno Gianni","Est. reading time":"2 minutos"},"schema":{"@context":"https:\/\/schema.org","@graph":[{"@type":"Article","@id":"https:\/\/magistrae.com\/1a4c2b95-1b68-4235-b013-f8ff0ef22886\/#article","isPartOf":{"@id":"https:\/\/magistrae.com\/1a4c2b95-1b68-4235-b013-f8ff0ef22886\/"},"author":{"name":"Bruno Gianni","@id":"https:\/\/magistrae.com\/#\/schema\/person\/d52888235fd6563bd07d97185d6a61e4"},"headline":"Supervisor de Servi\u00e7os Gerais \u2013 Destaques de Lideran\u00e7a e Crescimento Profissional","datePublished":"2026-04-11T09:10:00+00:00","dateModified":"2026-04-11T09:10:41+00:00","mainEntityOfPage":{"@id":"https:\/\/magistrae.com\/1a4c2b95-1b68-4235-b013-f8ff0ef22886\/"},"wordCount":442,"commentCount":0,"publisher":{"@id":"https:\/\/magistrae.com\/#organization"},"articleSection":["Hidden"],"inLanguage":"es","potentialAction":[{"@type":"CommentAction","name":"Comment","target":["https:\/\/magistrae.com\/1a4c2b95-1b68-4235-b013-f8ff0ef22886\/#respond"]}]},{"@type":"WebPage","@id":"https:\/\/magistrae.com\/1a4c2b95-1b68-4235-b013-f8ff0ef22886\/","url":"https:\/\/magistrae.com\/1a4c2b95-1b68-4235-b013-f8ff0ef22886\/","name":"Supervisor de Servi\u00e7os Gerais \u2013 Destaques de Lideran\u00e7a e Crescimento Profissional - Magistrae","isPartOf":{"@id":"https:\/\/magistrae.com\/#website"},"datePublished":"2026-04-11T09:10:00+00:00","dateModified":"2026-04-11T09:10:41+00:00","breadcrumb":{"@id":"https:\/\/magistrae.com\/1a4c2b95-1b68-4235-b013-f8ff0ef22886\/#breadcrumb"},"inLanguage":"es","potentialAction":[{"@type":"ReadAction","target":["https:\/\/magistrae.com\/1a4c2b95-1b68-4235-b013-f8ff0ef22886\/"]}]},{"@type":"BreadcrumbList","@id":"https:\/\/magistrae.com\/1a4c2b95-1b68-4235-b013-f8ff0ef22886\/#breadcrumb","itemListElement":[{"@type":"ListItem","position":1,"name":"Home","item":"https:\/\/magistrae.com\/"},{"@type":"ListItem","position":2,"name":"Supervisor de Servi\u00e7os Gerais \u2013 Destaques de Lideran\u00e7a e Crescimento Profissional"}]},{"@type":"WebSite","@id":"https:\/\/magistrae.com\/#website","url":"https:\/\/magistrae.com\/","name":"Magistrae","description":"","publisher":{"@id":"https:\/\/magistrae.com\/#organization"},"potentialAction":[{"@type":"SearchAction","target":{"@type":"EntryPoint","urlTemplate":"https:\/\/magistrae.com\/?s={search_term_string}"},"query-input":"required name=search_term_string"}],"inLanguage":"es"},{"@type":"Organization","@id":"https:\/\/magistrae.com\/#organization","name":"Magistrae","url":"https:\/\/magistrae.com\/","logo":{"@type":"ImageObject","inLanguage":"es","@id":"https:\/\/magistrae.com\/#\/schema\/logo\/image\/","url":"https:\/\/magistrae.com\/wp-content\/uploads\/sites\/413\/2026\/03\/9_Magistrae.jpg","contentUrl":"https:\/\/magistrae.com\/wp-content\/uploads\/sites\/413\/2026\/03\/9_Magistrae.jpg","width":2000,"height":2000,"caption":"Magistrae"},"image":{"@id":"https:\/\/magistrae.com\/#\/schema\/logo\/image\/"}},{"@type":"Person","@id":"https:\/\/magistrae.com\/#\/schema\/person\/d52888235fd6563bd07d97185d6a61e4","name":"Bruno Gianni","image":{"@type":"ImageObject","inLanguage":"es","@id":"https:\/\/magistrae.com\/#\/schema\/person\/image\/","url":"https:\/\/secure.gravatar.com\/avatar\/0f5d42d7bf77874643c1478932860e3f?s=96&d=mm&r=g","contentUrl":"https:\/\/secure.gravatar.com\/avatar\/0f5d42d7bf77874643c1478932860e3f?s=96&d=mm&r=g","caption":"Bruno Gianni"},"description":"Bruno writes the way he lives, with curiosity, care, and respect for people. He likes to observe, listen, and try to understand what is happening on the other side before putting any words on the page.For him, writing is not about impressing, but about getting closer. It is about turning thoughts into something simple, clear, and real. Every text is an ongoing conversation, created with care and honesty, with the sincere intention of touching someone, somewhere along the way.","url":"https:\/\/magistrae.com\/es\/author\/bcgianni\/"}]}},"uagb_featured_image_src":{"full":false,"thumbnail":false,"medium":false,"medium_large":false,"large":false,"1536x1536":false,"2048x2048":false,"trp-custom-language-flag":false},"uagb_author_info":{"display_name":"Bruno Gianni","author_link":"https:\/\/magistrae.com\/es\/author\/bcgianni\/"},"uagb_comment_info":0,"uagb_excerpt":"Supervisione equipas, otimize recursos e garanta excel\u00eancia operacional. Cres\u00e7a profissionalmente num ambiente din\u00e2mico. Candidaturas abertas para Supervisor de Servi\u00e7os Gerais at\u00e9 19\/05\/2026.","_links":{"self":[{"href":"https:\/\/magistrae.com\/es\/wp-json\/wp\/v2\/posts\/11837"}],"collection":[{"href":"https:\/\/magistrae.com\/es\/wp-json\/wp\/v2\/posts"}],"about":[{"href":"https:\/\/magistrae.com\/es\/wp-json\/wp\/v2\/types\/post"}],"author":[{"embeddable":true,"href":"https:\/\/magistrae.com\/es\/wp-json\/wp\/v2\/users\/3"}],"replies":[{"embeddable":true,"href":"https:\/\/magistrae.com\/es\/wp-json\/wp\/v2\/comments?post=11837"}],"version-history":[{"count":1,"href":"https:\/\/magistrae.com\/es\/wp-json\/wp\/v2\/posts\/11837\/revisions"}],"predecessor-version":[{"id":11839,"href":"https:\/\/magistrae.com\/es\/wp-json\/wp\/v2\/posts\/11837\/revisions\/11839"}],"wp:attachment":[{"href":"https:\/\/magistrae.com\/es\/wp-json\/wp\/v2\/media?parent=11837"}],"wp:term":[{"taxonomy":"category","embeddable":true,"href":"https:\/\/magistrae.com\/es\/wp-json\/wp\/v2\/categories?post=11837"},{"taxonomy":"post_tag","embeddable":true,"href":"https:\/\/magistrae.com\/es\/wp-json\/wp\/v2\/tags?post=11837"}],"curies":[{"name":"wp","href":"https:\/\/api.w.org\/{rel}","templated":true}]}}