{"id":11835,"date":"2026-04-11T09:10:00","date_gmt":"2026-04-11T09:10:00","guid":{"rendered":"https:\/\/magistrae.com\/edba6f37-2899-4967-b611-384433d0bfe6\/"},"modified":"2026-04-11T09:10:38","modified_gmt":"2026-04-11T09:10:38","slug":"edba6f37-2899-4967-b611-384433d0bfe6","status":"publish","type":"post","link":"https:\/\/magistrae.com\/es\/edba6f37-2899-4967-b611-384433d0bfe6\/","title":{"rendered":"T\u00e9cnico de Manuten\u00e7\u00e3o e Servi\u00e7os Gerais \u2013 Vaga com Perfil Polivalente e V\u00e1rios Benef\u00edcios"},"content":{"rendered":"<\/p>\n<\/p>\n<div style=\"background: #ffffff; border-radius: 12px; box-shadow: 0 10px 30px rgba(0, 0, 0, 0.1); width: 100%; max-width: 340px; padding: 25px; transition: transform 0.3s ease-in-out; overflow: visible; display: flex; flex-direction: column; position: relative; border: 1px solid #28a745; margin-top: 70px; margin-bottom: 50px; margin-left: auto; margin-right: auto;\">\n<div style=\"position: absolute; top: -35px; right: 15px; color: #28a745; padding: 5px 10px; border-radius: 6px; font-size: 14px; font-weight: bold; display: flex; align-items: center; z-index: 10;\">Recomendado para si<\/div>\n<div data-namespace-header=\"\" style=\"\">\n<h3 data-namespace-title=\"\" style=\"color: #333; font-size: 20px; font-weight: bold; text-align: left; margin-right: 50px; min-height: 50px; margin-top: 0px;\">T\u00e9cnico de Manuten\u00e7\u00e3o e Servi\u00e7os Gerais<\/h3>\n<\/p><\/div>\n<p data-namespace-prompt=\"\" style=\"font-size: 16px; color: #666; margin-bottom: 20px; line-height: 1.5; flex-grow: 1; text-align: left; margin-top: 0px;\">Procura-se profissional experiente e polivalente em manuten\u00e7\u00e3o, incluindo electricidade, canaliza\u00e7\u00e3o e pintura. Oferece estabilidade e crescimento interno. Possibilidade de contrata\u00e7\u00e3o imediata.<\/p>\n<p>    <a data-namespace-url=\"\" href=\"https:\/\/magistrae.com\/es\/redirect\/?https:\/\/angoemprego.com\/vagas\/tecnico-de-manutencao-e-servicos-gerais\/?utm_campaign=google_jobs_apply&#038;utm_source=google_jobs_apply&#038;utm_medium=organic\" style=\"width: 100%; display: inline-block; color: white; text-decoration: none; border-radius: 6px; font-size: 16px; font-weight: bold; text-align: center; transition: transform 0.3s ease, background 0.3s ease; margin-top: auto;\" data-namespace-id=\"5c0d2565-3ba9-4280-a382-ad2a691e2285\"><br \/>\n        <button style=\"width: 100%; height: 55px; background: #e9e9ed; border: 1px solid black; color: black;\">Candidatar-se \u00e0 vaga<\/button><br \/>\n    <\/a><br \/>\n    <small style=\"margin-top: 10px; color: #777; font-size: 12px; text-align: center; display: block;\">Ser\u00e1 redireccionado para otro sitio web<\/small>\n<\/div>\n<p>O mercado laboral est\u00e1 cada vez mais competitivo e oportunidades para t\u00e9cnicos polivalentes t\u00eam sido alvo de grande procura. O an\u00fancio de vaga para T\u00e9cnico de Manuten\u00e7\u00e3o e Servi\u00e7os Gerais destaca-se por aceitar candidatos que demonstrem experi\u00eancia em v\u00e1rias \u00e1reas t\u00e9cnicas. As fun\u00e7\u00f5es envolvem electricidade, canaliza\u00e7\u00e3o e pintura, tornando esta vaga vers\u00e1til e indicada para profissionais que procuram crescimento na carreira.<\/p>\n<p>A oferta refere-se a uma posi\u00e7\u00e3o para uma empresa na \u00e1rea de seguran\u00e7a industrial e residencial. N\u00e3o foram indicados detalhes sobre o sal\u00e1rio ou tipo de contrato, mas ressalta-se a urg\u00eancia de contrata\u00e7\u00e3o, buscando candidatos com disponibilidade imediata. O perfil desejado inclui capacidade de trabalhar em equipa e bom relacionamento interpessoal.<\/p>\n<p>\u00c9 importante salientar que as candidaturas s\u00e3o completamente gratuitas, sem qualquer custo para o candidato. Este ponto adiciona confian\u00e7a ao processo e garante transpar\u00eancia desde o in\u00edcio, minimizando riscos de esquemas fraudulentos no processo de candidatura.<\/p>\n<h2>Fun\u00e7\u00f5es do Dia a Dia e Descri\u00e7\u00e3o da Rotina<\/h2>\n<p>O profissional ser\u00e1 respons\u00e1vel pela manuten\u00e7\u00e3o de sistemas el\u00e9ctricos, hidr\u00e1ulicos e execu\u00e7\u00e3o de pequenos servi\u00e7os de pintura em instala\u00e7\u00f5es da empresa.<\/p>\n<p>Ter\u00e1 de realizar inspe\u00e7\u00f5es preventivas, identificar avarias e assegurar reparos eficazes, garantindo o bom funcionamento das infraestruturas.<\/p>\n<p>\u00c9 necess\u00e1rio polival\u00eancia e capacidade de adaptar-se a diferentes tarefas, desde substitui\u00e7\u00e3o de l\u00e2mpadas at\u00e9 pequenos consertos em canaliza\u00e7\u00e3o.<\/p>\n<p>Manter o ambiente de trabalho limpo e seguro faz parte das rotinas, respeitando sempre as normas internas da institui\u00e7\u00e3o.<\/p>\n<p>O contacto regular com colegas de diversas \u00e1reas \u00e9 esperado, especialmente para alinhar prioridades e resolver solicita\u00e7\u00f5es emergenciais.<\/p>\n<h2>Puntos Positivos<\/h2>\n<p>Uma das grandes vantagens desta posi\u00e7\u00e3o \u00e9 a possibilidade de demonstrar m\u00faltiplas compet\u00eancias t\u00e9cnicas e crescer profissionalmente atrav\u00e9s da experi\u00eancia pr\u00e1tica.<\/p>\n<p>O ambiente din\u00e2mico permite o desenvolvimento de novas habilidades e coloca o t\u00e9cnico em contacto di\u00e1rio com diferentes tecnologias e contextos de trabalho.<\/p>\n<h2>Puntos Negativos<\/h2>\n<p>A rotina pode ser exigente, com necessidade de r\u00e1pida adapta\u00e7\u00e3o a diferentes tarefas e algumas situa\u00e7\u00f5es de urg\u00eancia que exigem resposta imediata.<\/p>\n<p>A aus\u00eancia de detalhes sobre sal\u00e1rio ou benef\u00edcios pode deixar candidatos menos confiantes durante a decis\u00e3o final.<\/p>\n<h2>Veredito<\/h2>\n<p>Esta vaga \u00e9 ideal para profissionais que gostam de novos desafios e de aplicar diversos conhecimentos t\u00e9cnicos no seu dia a dia. A aus\u00eancia de burocracia no processo de candidatura \u00e9 um plus.<\/p>\n<div style=\"background: #ffffff; border-radius: 12px; box-shadow: 0 10px 30px rgba(0, 0, 0, 0.1); width: 100%; max-width: 340px; padding: 25px; transition: transform 0.3s ease-in-out; overflow: visible; display: flex; flex-direction: column; position: relative; border: 1px solid #28a745; margin-top: 70px; margin-bottom: 50px; margin-left: auto; margin-right: auto;\">\n<div style=\"position: absolute; top: -35px; right: 15px; color: #28a745; padding: 5px 10px; border-radius: 6px; font-size: 14px; font-weight: bold; display: flex; align-items: center; z-index: 10;\">Recomendado para si<\/div>\n<div data-namespace-header=\"\" style=\"\">\n<h3 data-namespace-title=\"\" style=\"color: #333; font-size: 20px; font-weight: bold; text-align: left; margin-right: 50px; min-height: 50px; margin-top: 0px;\">T\u00e9cnico de Manuten\u00e7\u00e3o e Servi\u00e7os Gerais<\/h3>\n<\/p><\/div>\n<p data-namespace-prompt=\"\" style=\"font-size: 16px; color: #666; margin-bottom: 20px; line-height: 1.5; flex-grow: 1; text-align: left; margin-top: 0px;\">Procura-se profissional experiente e polivalente em manuten\u00e7\u00e3o, incluindo electricidade, canaliza\u00e7\u00e3o e pintura. Oferece estabilidade e crescimento interno. Possibilidade de contrata\u00e7\u00e3o imediata.<\/p>\n<p>    <a data-namespace-url=\"\" href=\"https:\/\/magistrae.com\/es\/redirect\/?https:\/\/angoemprego.com\/vagas\/tecnico-de-manutencao-e-servicos-gerais\/?utm_campaign=google_jobs_apply&#038;utm_source=google_jobs_apply&#038;utm_medium=organic\" style=\"width: 100%; display: inline-block; color: white; text-decoration: none; border-radius: 6px; font-size: 16px; font-weight: bold; text-align: center; transition: transform 0.3s ease, background 0.3s ease; margin-top: auto;\" data-namespace-id=\"5c0d2565-3ba9-4280-a382-ad2a691e2285\"><br \/>\n        <button style=\"width: 100%; height: 55px; background: #e9e9ed; border: 1px solid black; color: black;\">Candidatar-se \u00e0 vaga<\/button><br \/>\n    <\/a><br \/>\n    <small style=\"margin-top: 10px; color: #777; font-size: 12px; text-align: center; display: block;\">Ser\u00e1 redireccionado para otro sitio web<\/small>\n<\/div>","protected":false},"excerpt":{"rendered":"<p>Vaga aberta para T\u00e9cnico de Manuten\u00e7\u00e3o e Servi\u00e7os Gerais. Perfil polivalente, contrata\u00e7\u00e3o urgente e ambiente din\u00e2mico. Oportunidade de mostrar suas compet\u00eancias t\u00e9cnicas!<\/p>","protected":false},"author":3,"featured_media":0,"comment_status":"open","ping_status":"open","sticky":false,"template":"","format":"standard","meta":{"_uag_custom_page_level_css":"","site-sidebar-layout":"default","site-content-layout":"","ast-site-content-layout":"","site-content-style":"default","site-sidebar-style":"default","ast-global-header-display":"","ast-banner-title-visibility":"","ast-main-header-display":"","ast-hfb-above-header-display":"","ast-hfb-below-header-display":"","ast-hfb-mobile-header-display":"","site-post-title":"","ast-breadcrumbs-content":"","ast-featured-img":"","footer-sml-layout":"","theme-transparent-header-meta":"","adv-header-id-meta":"","stick-header-meta":"","header-above-stick-meta":"","header-main-stick-meta":"","header-below-stick-meta":"","astra-migrate-meta-layouts":"default","ast-page-background-enabled":"default","ast-page-background-meta":{"desktop":{"background-color":"var(--ast-global-color-4)","background-image":"","background-repeat":"repeat","background-position":"center center","background-size":"auto","background-attachment":"scroll","background-type":"","background-media":"","overlay-type":"","overlay-color":"","overlay-opacity":"","overlay-gradient":""},"tablet":{"background-color":"","background-image":"","background-repeat":"repeat","background-position":"center center","background-size":"auto","background-attachment":"scroll","background-type":"","background-media":"","overlay-type":"","overlay-color":"","overlay-opacity":"","overlay-gradient":""},"mobile":{"background-color":"","background-image":"","background-repeat":"repeat","background-position":"center center","background-size":"auto","background-attachment":"scroll","background-type":"","background-media":"","overlay-type":"","overlay-color":"","overlay-opacity":"","overlay-gradient":""}},"ast-content-background-meta":{"desktop":{"background-color":"var(--ast-global-color-5)","background-image":"","background-repeat":"repeat","background-position":"center center","background-size":"auto","background-attachment":"scroll","background-type":"","background-media":"","overlay-type":"","overlay-color":"","overlay-opacity":"","overlay-gradient":""},"tablet":{"background-color":"var(--ast-global-color-5)","background-image":"","background-repeat":"repeat","background-position":"center center","background-size":"auto","background-attachment":"scroll","background-type":"","background-media":"","overlay-type":"","overlay-color":"","overlay-opacity":"","overlay-gradient":""},"mobile":{"background-color":"var(--ast-global-color-5)","background-image":"","background-repeat":"repeat","background-position":"center center","background-size":"auto","background-attachment":"scroll","background-type":"","background-media":"","overlay-type":"","overlay-color":"","overlay-opacity":"","overlay-gradient":""}},"footnotes":""},"categories":[14],"tags":[],"yoast_head":"<!-- This site is optimized with the Yoast SEO plugin v23.3 - https:\/\/yoast.com\/wordpress\/plugins\/seo\/ -->\n<title>T\u00e9cnico de Manuten\u00e7\u00e3o e Servi\u00e7os Gerais \u2013 Vaga com Perfil Polivalente e V\u00e1rios Benef\u00edcios - Magistrae<\/title>\n<meta name=\"robots\" content=\"index, follow, max-snippet:-1, max-image-preview:large, max-video-preview:-1\" \/>\n<link rel=\"canonical\" href=\"https:\/\/magistrae.com\/es\/edba6f37-2899-4967-b611-384433d0bfe6\/\" \/>\n<meta property=\"og:locale\" content=\"es_ES\" \/>\n<meta property=\"og:type\" content=\"article\" \/>\n<meta property=\"og:title\" content=\"T\u00e9cnico de Manuten\u00e7\u00e3o e Servi\u00e7os Gerais \u2013 Vaga com Perfil Polivalente e V\u00e1rios Benef\u00edcios - Magistrae\" \/>\n<meta property=\"og:description\" content=\"Vaga aberta para T\u00e9cnico de Manuten\u00e7\u00e3o e Servi\u00e7os Gerais. Perfil polivalente, contrata\u00e7\u00e3o urgente e ambiente din\u00e2mico. Oportunidade de mostrar suas compet\u00eancias t\u00e9cnicas!\" \/>\n<meta property=\"og:url\" content=\"https:\/\/magistrae.com\/es\/edba6f37-2899-4967-b611-384433d0bfe6\/\" \/>\n<meta property=\"og:site_name\" content=\"Magistrae\" \/>\n<meta property=\"article:published_time\" content=\"2026-04-11T09:10:00+00:00\" \/>\n<meta property=\"article:modified_time\" content=\"2026-04-11T09:10:38+00:00\" \/>\n<meta name=\"author\" content=\"Bruno Gianni\" \/>\n<meta name=\"twitter:card\" content=\"summary_large_image\" \/>\n<meta name=\"twitter:label1\" content=\"Written by\" \/>\n\t<meta name=\"twitter:data1\" content=\"Bruno Gianni\" \/>\n\t<meta name=\"twitter:label2\" content=\"Est. reading time\" \/>\n\t<meta name=\"twitter:data2\" content=\"3 minutos\" \/>\n<script type=\"application\/ld+json\" class=\"yoast-schema-graph\">{\"@context\":\"https:\/\/schema.org\",\"@graph\":[{\"@type\":\"Article\",\"@id\":\"https:\/\/magistrae.com\/edba6f37-2899-4967-b611-384433d0bfe6\/#article\",\"isPartOf\":{\"@id\":\"https:\/\/magistrae.com\/edba6f37-2899-4967-b611-384433d0bfe6\/\"},\"author\":{\"name\":\"Bruno Gianni\",\"@id\":\"https:\/\/magistrae.com\/#\/schema\/person\/d52888235fd6563bd07d97185d6a61e4\"},\"headline\":\"T\u00e9cnico de Manuten\u00e7\u00e3o e Servi\u00e7os Gerais \u2013 Vaga com Perfil Polivalente e V\u00e1rios Benef\u00edcios\",\"datePublished\":\"2026-04-11T09:10:00+00:00\",\"dateModified\":\"2026-04-11T09:10:38+00:00\",\"mainEntityOfPage\":{\"@id\":\"https:\/\/magistrae.com\/edba6f37-2899-4967-b611-384433d0bfe6\/\"},\"wordCount\":529,\"commentCount\":0,\"publisher\":{\"@id\":\"https:\/\/magistrae.com\/#organization\"},\"articleSection\":[\"Hidden\"],\"inLanguage\":\"es\",\"potentialAction\":[{\"@type\":\"CommentAction\",\"name\":\"Comment\",\"target\":[\"https:\/\/magistrae.com\/edba6f37-2899-4967-b611-384433d0bfe6\/#respond\"]}]},{\"@type\":\"WebPage\",\"@id\":\"https:\/\/magistrae.com\/edba6f37-2899-4967-b611-384433d0bfe6\/\",\"url\":\"https:\/\/magistrae.com\/edba6f37-2899-4967-b611-384433d0bfe6\/\",\"name\":\"T\u00e9cnico de Manuten\u00e7\u00e3o e Servi\u00e7os Gerais \u2013 Vaga com Perfil Polivalente e V\u00e1rios Benef\u00edcios - Magistrae\",\"isPartOf\":{\"@id\":\"https:\/\/magistrae.com\/#website\"},\"datePublished\":\"2026-04-11T09:10:00+00:00\",\"dateModified\":\"2026-04-11T09:10:38+00:00\",\"breadcrumb\":{\"@id\":\"https:\/\/magistrae.com\/edba6f37-2899-4967-b611-384433d0bfe6\/#breadcrumb\"},\"inLanguage\":\"es\",\"potentialAction\":[{\"@type\":\"ReadAction\",\"target\":[\"https:\/\/magistrae.com\/edba6f37-2899-4967-b611-384433d0bfe6\/\"]}]},{\"@type\":\"BreadcrumbList\",\"@id\":\"https:\/\/magistrae.com\/edba6f37-2899-4967-b611-384433d0bfe6\/#breadcrumb\",\"itemListElement\":[{\"@type\":\"ListItem\",\"position\":1,\"name\":\"Home\",\"item\":\"https:\/\/magistrae.com\/\"},{\"@type\":\"ListItem\",\"position\":2,\"name\":\"T\u00e9cnico de Manuten\u00e7\u00e3o e Servi\u00e7os Gerais \u2013 Vaga com Perfil Polivalente e V\u00e1rios Benef\u00edcios\"}]},{\"@type\":\"WebSite\",\"@id\":\"https:\/\/magistrae.com\/#website\",\"url\":\"https:\/\/magistrae.com\/\",\"name\":\"Magistrae\",\"description\":\"\",\"publisher\":{\"@id\":\"https:\/\/magistrae.com\/#organization\"},\"potentialAction\":[{\"@type\":\"SearchAction\",\"target\":{\"@type\":\"EntryPoint\",\"urlTemplate\":\"https:\/\/magistrae.com\/?s={search_term_string}\"},\"query-input\":\"required name=search_term_string\"}],\"inLanguage\":\"es\"},{\"@type\":\"Organization\",\"@id\":\"https:\/\/magistrae.com\/#organization\",\"name\":\"Magistrae\",\"url\":\"https:\/\/magistrae.com\/\",\"logo\":{\"@type\":\"ImageObject\",\"inLanguage\":\"es\",\"@id\":\"https:\/\/magistrae.com\/#\/schema\/logo\/image\/\",\"url\":\"https:\/\/magistrae.com\/wp-content\/uploads\/sites\/413\/2026\/03\/9_Magistrae.jpg\",\"contentUrl\":\"https:\/\/magistrae.com\/wp-content\/uploads\/sites\/413\/2026\/03\/9_Magistrae.jpg\",\"width\":2000,\"height\":2000,\"caption\":\"Magistrae\"},\"image\":{\"@id\":\"https:\/\/magistrae.com\/#\/schema\/logo\/image\/\"}},{\"@type\":\"Person\",\"@id\":\"https:\/\/magistrae.com\/#\/schema\/person\/d52888235fd6563bd07d97185d6a61e4\",\"name\":\"Bruno Gianni\",\"image\":{\"@type\":\"ImageObject\",\"inLanguage\":\"es\",\"@id\":\"https:\/\/magistrae.com\/#\/schema\/person\/image\/\",\"url\":\"https:\/\/secure.gravatar.com\/avatar\/0f5d42d7bf77874643c1478932860e3f?s=96&d=mm&r=g\",\"contentUrl\":\"https:\/\/secure.gravatar.com\/avatar\/0f5d42d7bf77874643c1478932860e3f?s=96&d=mm&r=g\",\"caption\":\"Bruno Gianni\"},\"description\":\"Bruno writes the way he lives, with curiosity, care, and respect for people. He likes to observe, listen, and try to understand what is happening on the other side before putting any words on the page.For him, writing is not about impressing, but about getting closer. It is about turning thoughts into something simple, clear, and real. Every text is an ongoing conversation, created with care and honesty, with the sincere intention of touching someone, somewhere along the way.\",\"url\":\"https:\/\/magistrae.com\/es\/author\/bcgianni\/\"}]}<\/script>\n<!-- \/ Yoast SEO plugin. -->","yoast_head_json":{"title":"T\u00e9cnico de Manuten\u00e7\u00e3o e Servi\u00e7os Gerais \u2013 Vaga com Perfil Polivalente e V\u00e1rios Benef\u00edcios - Magistrae","robots":{"index":"index","follow":"follow","max-snippet":"max-snippet:-1","max-image-preview":"max-image-preview:large","max-video-preview":"max-video-preview:-1"},"canonical":"https:\/\/magistrae.com\/es\/edba6f37-2899-4967-b611-384433d0bfe6\/","og_locale":"es_ES","og_type":"article","og_title":"T\u00e9cnico de Manuten\u00e7\u00e3o e Servi\u00e7os Gerais \u2013 Vaga com Perfil Polivalente e V\u00e1rios Benef\u00edcios - Magistrae","og_description":"Vaga aberta para T\u00e9cnico de Manuten\u00e7\u00e3o e Servi\u00e7os Gerais. Perfil polivalente, contrata\u00e7\u00e3o urgente e ambiente din\u00e2mico. Oportunidade de mostrar suas compet\u00eancias t\u00e9cnicas!","og_url":"https:\/\/magistrae.com\/es\/edba6f37-2899-4967-b611-384433d0bfe6\/","og_site_name":"Magistrae","article_published_time":"2026-04-11T09:10:00+00:00","article_modified_time":"2026-04-11T09:10:38+00:00","author":"Bruno Gianni","twitter_card":"summary_large_image","twitter_misc":{"Written by":"Bruno Gianni","Est. reading time":"3 minutos"},"schema":{"@context":"https:\/\/schema.org","@graph":[{"@type":"Article","@id":"https:\/\/magistrae.com\/edba6f37-2899-4967-b611-384433d0bfe6\/#article","isPartOf":{"@id":"https:\/\/magistrae.com\/edba6f37-2899-4967-b611-384433d0bfe6\/"},"author":{"name":"Bruno Gianni","@id":"https:\/\/magistrae.com\/#\/schema\/person\/d52888235fd6563bd07d97185d6a61e4"},"headline":"T\u00e9cnico de Manuten\u00e7\u00e3o e Servi\u00e7os Gerais \u2013 Vaga com Perfil Polivalente e V\u00e1rios Benef\u00edcios","datePublished":"2026-04-11T09:10:00+00:00","dateModified":"2026-04-11T09:10:38+00:00","mainEntityOfPage":{"@id":"https:\/\/magistrae.com\/edba6f37-2899-4967-b611-384433d0bfe6\/"},"wordCount":529,"commentCount":0,"publisher":{"@id":"https:\/\/magistrae.com\/#organization"},"articleSection":["Hidden"],"inLanguage":"es","potentialAction":[{"@type":"CommentAction","name":"Comment","target":["https:\/\/magistrae.com\/edba6f37-2899-4967-b611-384433d0bfe6\/#respond"]}]},{"@type":"WebPage","@id":"https:\/\/magistrae.com\/edba6f37-2899-4967-b611-384433d0bfe6\/","url":"https:\/\/magistrae.com\/edba6f37-2899-4967-b611-384433d0bfe6\/","name":"T\u00e9cnico de Manuten\u00e7\u00e3o e Servi\u00e7os Gerais \u2013 Vaga com Perfil Polivalente e V\u00e1rios Benef\u00edcios - Magistrae","isPartOf":{"@id":"https:\/\/magistrae.com\/#website"},"datePublished":"2026-04-11T09:10:00+00:00","dateModified":"2026-04-11T09:10:38+00:00","breadcrumb":{"@id":"https:\/\/magistrae.com\/edba6f37-2899-4967-b611-384433d0bfe6\/#breadcrumb"},"inLanguage":"es","potentialAction":[{"@type":"ReadAction","target":["https:\/\/magistrae.com\/edba6f37-2899-4967-b611-384433d0bfe6\/"]}]},{"@type":"BreadcrumbList","@id":"https:\/\/magistrae.com\/edba6f37-2899-4967-b611-384433d0bfe6\/#breadcrumb","itemListElement":[{"@type":"ListItem","position":1,"name":"Home","item":"https:\/\/magistrae.com\/"},{"@type":"ListItem","position":2,"name":"T\u00e9cnico de Manuten\u00e7\u00e3o e Servi\u00e7os Gerais \u2013 Vaga com Perfil Polivalente e V\u00e1rios Benef\u00edcios"}]},{"@type":"WebSite","@id":"https:\/\/magistrae.com\/#website","url":"https:\/\/magistrae.com\/","name":"Magistrae","description":"","publisher":{"@id":"https:\/\/magistrae.com\/#organization"},"potentialAction":[{"@type":"SearchAction","target":{"@type":"EntryPoint","urlTemplate":"https:\/\/magistrae.com\/?s={search_term_string}"},"query-input":"required name=search_term_string"}],"inLanguage":"es"},{"@type":"Organization","@id":"https:\/\/magistrae.com\/#organization","name":"Magistrae","url":"https:\/\/magistrae.com\/","logo":{"@type":"ImageObject","inLanguage":"es","@id":"https:\/\/magistrae.com\/#\/schema\/logo\/image\/","url":"https:\/\/magistrae.com\/wp-content\/uploads\/sites\/413\/2026\/03\/9_Magistrae.jpg","contentUrl":"https:\/\/magistrae.com\/wp-content\/uploads\/sites\/413\/2026\/03\/9_Magistrae.jpg","width":2000,"height":2000,"caption":"Magistrae"},"image":{"@id":"https:\/\/magistrae.com\/#\/schema\/logo\/image\/"}},{"@type":"Person","@id":"https:\/\/magistrae.com\/#\/schema\/person\/d52888235fd6563bd07d97185d6a61e4","name":"Bruno Gianni","image":{"@type":"ImageObject","inLanguage":"es","@id":"https:\/\/magistrae.com\/#\/schema\/person\/image\/","url":"https:\/\/secure.gravatar.com\/avatar\/0f5d42d7bf77874643c1478932860e3f?s=96&d=mm&r=g","contentUrl":"https:\/\/secure.gravatar.com\/avatar\/0f5d42d7bf77874643c1478932860e3f?s=96&d=mm&r=g","caption":"Bruno Gianni"},"description":"Bruno writes the way he lives, with curiosity, care, and respect for people. He likes to observe, listen, and try to understand what is happening on the other side before putting any words on the page.For him, writing is not about impressing, but about getting closer. It is about turning thoughts into something simple, clear, and real. Every text is an ongoing conversation, created with care and honesty, with the sincere intention of touching someone, somewhere along the way.","url":"https:\/\/magistrae.com\/es\/author\/bcgianni\/"}]}},"uagb_featured_image_src":{"full":false,"thumbnail":false,"medium":false,"medium_large":false,"large":false,"1536x1536":false,"2048x2048":false,"trp-custom-language-flag":false},"uagb_author_info":{"display_name":"Bruno Gianni","author_link":"https:\/\/magistrae.com\/es\/author\/bcgianni\/"},"uagb_comment_info":0,"uagb_excerpt":"Vaga aberta para T\u00e9cnico de Manuten\u00e7\u00e3o e Servi\u00e7os Gerais. Perfil polivalente, contrata\u00e7\u00e3o urgente e ambiente din\u00e2mico. Oportunidade de mostrar suas compet\u00eancias t\u00e9cnicas!","_links":{"self":[{"href":"https:\/\/magistrae.com\/es\/wp-json\/wp\/v2\/posts\/11835"}],"collection":[{"href":"https:\/\/magistrae.com\/es\/wp-json\/wp\/v2\/posts"}],"about":[{"href":"https:\/\/magistrae.com\/es\/wp-json\/wp\/v2\/types\/post"}],"author":[{"embeddable":true,"href":"https:\/\/magistrae.com\/es\/wp-json\/wp\/v2\/users\/3"}],"replies":[{"embeddable":true,"href":"https:\/\/magistrae.com\/es\/wp-json\/wp\/v2\/comments?post=11835"}],"version-history":[{"count":1,"href":"https:\/\/magistrae.com\/es\/wp-json\/wp\/v2\/posts\/11835\/revisions"}],"predecessor-version":[{"id":11838,"href":"https:\/\/magistrae.com\/es\/wp-json\/wp\/v2\/posts\/11835\/revisions\/11838"}],"wp:attachment":[{"href":"https:\/\/magistrae.com\/es\/wp-json\/wp\/v2\/media?parent=11835"}],"wp:term":[{"taxonomy":"category","embeddable":true,"href":"https:\/\/magistrae.com\/es\/wp-json\/wp\/v2\/categories?post=11835"},{"taxonomy":"post_tag","embeddable":true,"href":"https:\/\/magistrae.com\/es\/wp-json\/wp\/v2\/tags?post=11835"}],"curies":[{"name":"wp","href":"https:\/\/api.w.org\/{rel}","templated":true}]}}