{"id":11821,"date":"2026-04-10T14:02:00","date_gmt":"2026-04-10T14:02:00","guid":{"rendered":"https:\/\/magistrae.com\/7ee851fe-0e8f-4ebc-82bd-be7266a180ef\/"},"modified":"2026-04-10T14:03:04","modified_gmt":"2026-04-10T14:03:04","slug":"7ee851fe-0e8f-4ebc-82bd-be7266a180ef","status":"publish","type":"post","link":"https:\/\/magistrae.com\/es\/7ee851fe-0e8f-4ebc-82bd-be7266a180ef\/","title":{"rendered":"Supervisor de Servi\u00e7os Gerais: perfil \u201cHands on\u201d, ambiente positivo e crescimento"},"content":{"rendered":"<\/p>\n<\/p>\n<div style=\"background: #ffffff; border-radius: 12px; box-shadow: 0 10px 30px rgba(0, 0, 0, 0.1); width: 100%; max-width: 340px; padding: 25px; transition: transform 0.3s ease-in-out; overflow: visible; display: flex; flex-direction: column; position: relative; border: 1px solid #28a745; margin-top: 70px; margin-bottom: 50px; margin-left: auto; margin-right: auto;\">\n<div style=\"position: absolute; top: -35px; right: 15px; color: #28a745; padding: 5px 10px; border-radius: 6px; font-size: 14px; font-weight: bold; display: flex; align-items: center; z-index: 10;\">Recomendado para voc\u00ea<\/div>\n<div data-namespace-header=\"\" style=\"\">\n<h3 data-namespace-title=\"\" style=\"color: #333; font-size: 20px; font-weight: bold; text-align: left; margin-right: 50px; min-height: 50px; margin-top: 0px;\">Supervisor de Servi\u00e7os Gerais<\/h3>\n<\/p><\/div>\n<p data-namespace-prompt=\"\" style=\"font-size: 16px; color: #666; margin-bottom: 20px; line-height: 1.5; flex-grow: 1; text-align: left; margin-top: 0px;\">Gest\u00e3o de equipas, controlo de custos, cumprimento de normas e oportunidades de desenvolvimento profissional. Exige experi\u00eancia s\u00f3lida, dom\u00ednio do Microsoft Office e perfil colaborativo.<\/p>\n<p>    <a data-namespace-url=\"\" href=\"https:\/\/magistrae.com\/es\/redirect\/?https:\/\/angoemprego.com\/vagas\/supervisor-de-servicos-gerais\/?utm_campaign=google_jobs_apply&#038;utm_source=google_jobs_apply&#038;utm_medium=organic\" style=\"width: 100%; display: inline-block; color: white; text-decoration: none; border-radius: 6px; font-size: 16px; font-weight: bold; text-align: center; transition: transform 0.3s ease, background 0.3s ease; margin-top: auto;\" data-namespace-id=\"5c0d2565-3ba9-4280-a382-ad2a691e2285\"><br \/>\n        <button style=\"width: 100%; height: 55px; background: #e9e9ed; border: 1px solid black; color: black;\">Candidatar-se \u00e0 vaga<\/button><br \/>\n    <\/a><br \/>\n    <small style=\"margin-top: 10px; color: #777; font-size: 12px; text-align: center; display: block;\">Vai ser redirecionado para outro site<\/small>\n<\/div>\n<p>Se est\u00e1 \u00e0 procura de uma oportunidade de emprego desafiante e enriquecedora, a fun\u00e7\u00e3o de Supervisor de Servi\u00e7os Gerais pode alinhar-se \u00e0s suas expectativas. O sal\u00e1rio n\u00e3o foi divulgado, mas considera-se um cargo com boa proje\u00e7\u00e3o para profissionais experientes. Trata-se de um trabalho em tempo integral para candidatos comprometidos e organizados.<\/p>\n<h2>Responsabilidades do dia a dia<\/h2>\n<p>O Supervisor de Servi\u00e7os Gerais ser\u00e1 respons\u00e1vel por gerir equipas, controlar alojamento e garantir o cumprimento das normas de seguran\u00e7a e organiza\u00e7\u00e3o.<\/p>\n<p>A fun\u00e7\u00e3o inclui planeamento e controlo dos transportes para equipas, al\u00e9m da gest\u00e3o de fornecedores e contratos de servi\u00e7os essenciais.<\/p>\n<p>H\u00e1 tamb\u00e9m a responsabilidade de manter a efici\u00eancia log\u00edstica, apoiar opera\u00e7\u00f5es presenciais e promover uma rotina colaborativa.<\/p>\n<p>\u00c9 esperado dom\u00ednio das ferramentas Microsoft, excelente comunica\u00e7\u00e3o e boas pr\u00e1ticas para organiza\u00e7\u00e3o digital e f\u00edsica dos arquivos.<\/p>\n<p>Outra vertente do cargo envolve a forma\u00e7\u00e3o dos funcion\u00e1rios, promovendo o esp\u00edrito de equipa e a \u00e9tica profissional.<\/p>\n<h2>Pontos fortes desta vaga<\/h2>\n<p>Um dos grandes destaques desta vaga \u00e9 a oportunidade de crescimento numa empresa global de refer\u00eancia em engenharia e infraestruturas.<\/p>\n<p>O ambiente \u00e9 descrito como din\u00e2mico, multicultural e pautado pela diversidade e oportunidades de desenvolvimento profissional.<\/p>\n<h2>Poss\u00edveis desafios da posi\u00e7\u00e3o<\/h2>\n<p>O volume de responsabilidades pode exigir elevada resili\u00eancia, especialmente para quem n\u00e3o tem experi\u00eancia consolidada na \u00e1rea de servi\u00e7os gerais.<\/p>\n<p>Gest\u00e3o de m\u00faltiplas equipas e rotinas administrativas, bem como adapta\u00e7\u00e3o a processos de compliance, representam desafios di\u00e1rios.<\/p>\n<h2>Veredito final<\/h2>\n<p>A posi\u00e7\u00e3o de Supervisor de Servi\u00e7os Gerais \u00e9 indicada para profissionais organizados, com perfil \u201chands on\u201d, motivados por ambientes em constante mudan\u00e7a.<\/p>\n<p>Se \u00e9 uma pessoa \u00e9tica, resiliente e iniciativa, pode sentir-se valorizado neste setor e contribuir ativamente para o sucesso da equipa.<\/p>\n<div style=\"background: #ffffff; border-radius: 12px; box-shadow: 0 10px 30px rgba(0, 0, 0, 0.1); width: 100%; max-width: 340px; padding: 25px; transition: transform 0.3s ease-in-out; overflow: visible; display: flex; flex-direction: column; position: relative; border: 1px solid #28a745; margin-top: 70px; margin-bottom: 50px; margin-left: auto; margin-right: auto;\">\n<div style=\"position: absolute; top: -35px; right: 15px; color: #28a745; padding: 5px 10px; border-radius: 6px; font-size: 14px; font-weight: bold; display: flex; align-items: center; z-index: 10;\">Recomendado para voc\u00ea<\/div>\n<div data-namespace-header=\"\" style=\"\">\n<h3 data-namespace-title=\"\" style=\"color: #333; font-size: 20px; font-weight: bold; text-align: left; margin-right: 50px; min-height: 50px; margin-top: 0px;\">Supervisor de Servi\u00e7os Gerais<\/h3>\n<\/p><\/div>\n<p data-namespace-prompt=\"\" style=\"font-size: 16px; color: #666; margin-bottom: 20px; line-height: 1.5; flex-grow: 1; text-align: left; margin-top: 0px;\">Gest\u00e3o de equipas, controlo de custos, cumprimento de normas e oportunidades de desenvolvimento profissional. Exige experi\u00eancia s\u00f3lida, dom\u00ednio do Microsoft Office e perfil colaborativo.<\/p>\n<p>    <a data-namespace-url=\"\" href=\"https:\/\/magistrae.com\/es\/redirect\/?https:\/\/angoemprego.com\/vagas\/supervisor-de-servicos-gerais\/?utm_campaign=google_jobs_apply&#038;utm_source=google_jobs_apply&#038;utm_medium=organic\" style=\"width: 100%; display: inline-block; color: white; text-decoration: none; border-radius: 6px; font-size: 16px; font-weight: bold; text-align: center; transition: transform 0.3s ease, background 0.3s ease; margin-top: auto;\" data-namespace-id=\"5c0d2565-3ba9-4280-a382-ad2a691e2285\"><br \/>\n        <button style=\"width: 100%; height: 55px; background: #e9e9ed; border: 1px solid black; color: black;\">Candidatar-se \u00e0 vaga<\/button><br \/>\n    <\/a><br \/>\n    <small style=\"margin-top: 10px; color: #777; font-size: 12px; text-align: center; display: block;\">Vai ser redirecionado para outro site<\/small>\n<\/div>","protected":false},"excerpt":{"rendered":"<p>Procura uma nova posi\u00e7\u00e3o? Destacamos a vaga Supervisor de Servi\u00e7os Gerais. Ambiente din\u00e2mico, oportunidades reais de crescimento e procura por perfil respons\u00e1vel e pr\u00f3-ativo. Veja os detalhes.<\/p>","protected":false},"author":3,"featured_media":0,"comment_status":"open","ping_status":"open","sticky":false,"template":"","format":"standard","meta":{"_uag_custom_page_level_css":"","site-sidebar-layout":"default","site-content-layout":"","ast-site-content-layout":"","site-content-style":"default","site-sidebar-style":"default","ast-global-header-display":"","ast-banner-title-visibility":"","ast-main-header-display":"","ast-hfb-above-header-display":"","ast-hfb-below-header-display":"","ast-hfb-mobile-header-display":"","site-post-title":"","ast-breadcrumbs-content":"","ast-featured-img":"","footer-sml-layout":"","theme-transparent-header-meta":"","adv-header-id-meta":"","stick-header-meta":"","header-above-stick-meta":"","header-main-stick-meta":"","header-below-stick-meta":"","astra-migrate-meta-layouts":"default","ast-page-background-enabled":"default","ast-page-background-meta":{"desktop":{"background-color":"var(--ast-global-color-4)","background-image":"","background-repeat":"repeat","background-position":"center center","background-size":"auto","background-attachment":"scroll","background-type":"","background-media":"","overlay-type":"","overlay-color":"","overlay-opacity":"","overlay-gradient":""},"tablet":{"background-color":"","background-image":"","background-repeat":"repeat","background-position":"center center","background-size":"auto","background-attachment":"scroll","background-type":"","background-media":"","overlay-type":"","overlay-color":"","overlay-opacity":"","overlay-gradient":""},"mobile":{"background-color":"","background-image":"","background-repeat":"repeat","background-position":"center center","background-size":"auto","background-attachment":"scroll","background-type":"","background-media":"","overlay-type":"","overlay-color":"","overlay-opacity":"","overlay-gradient":""}},"ast-content-background-meta":{"desktop":{"background-color":"var(--ast-global-color-5)","background-image":"","background-repeat":"repeat","background-position":"center center","background-size":"auto","background-attachment":"scroll","background-type":"","background-media":"","overlay-type":"","overlay-color":"","overlay-opacity":"","overlay-gradient":""},"tablet":{"background-color":"var(--ast-global-color-5)","background-image":"","background-repeat":"repeat","background-position":"center center","background-size":"auto","background-attachment":"scroll","background-type":"","background-media":"","overlay-type":"","overlay-color":"","overlay-opacity":"","overlay-gradient":""},"mobile":{"background-color":"var(--ast-global-color-5)","background-image":"","background-repeat":"repeat","background-position":"center center","background-size":"auto","background-attachment":"scroll","background-type":"","background-media":"","overlay-type":"","overlay-color":"","overlay-opacity":"","overlay-gradient":""}},"footnotes":""},"categories":[14],"tags":[],"yoast_head":"<!-- This site is optimized with the Yoast SEO plugin v23.3 - https:\/\/yoast.com\/wordpress\/plugins\/seo\/ -->\n<title>Supervisor de Servi\u00e7os Gerais: perfil \u201cHands on\u201d, ambiente positivo e crescimento - Magistrae<\/title>\n<meta name=\"robots\" content=\"index, follow, max-snippet:-1, max-image-preview:large, max-video-preview:-1\" \/>\n<link rel=\"canonical\" href=\"https:\/\/magistrae.com\/es\/7ee851fe-0e8f-4ebc-82bd-be7266a180ef\/\" \/>\n<meta property=\"og:locale\" content=\"es_ES\" \/>\n<meta property=\"og:type\" content=\"article\" \/>\n<meta property=\"og:title\" content=\"Supervisor de Servi\u00e7os Gerais: perfil \u201cHands on\u201d, ambiente positivo e crescimento - Magistrae\" \/>\n<meta property=\"og:description\" content=\"Procura uma nova posi\u00e7\u00e3o? Destacamos a vaga Supervisor de Servi\u00e7os Gerais. Ambiente din\u00e2mico, oportunidades reais de crescimento e procura por perfil respons\u00e1vel e pr\u00f3-ativo. Veja os detalhes.\" \/>\n<meta property=\"og:url\" content=\"https:\/\/magistrae.com\/es\/7ee851fe-0e8f-4ebc-82bd-be7266a180ef\/\" \/>\n<meta property=\"og:site_name\" content=\"Magistrae\" \/>\n<meta property=\"article:published_time\" content=\"2026-04-10T14:02:00+00:00\" \/>\n<meta property=\"article:modified_time\" content=\"2026-04-10T14:03:04+00:00\" \/>\n<meta name=\"author\" content=\"Bruno Gianni\" \/>\n<meta name=\"twitter:card\" content=\"summary_large_image\" \/>\n<meta name=\"twitter:label1\" content=\"Written by\" \/>\n\t<meta name=\"twitter:data1\" content=\"Bruno Gianni\" \/>\n\t<meta name=\"twitter:label2\" content=\"Est. reading time\" \/>\n\t<meta name=\"twitter:data2\" content=\"2 minutos\" \/>\n<script type=\"application\/ld+json\" class=\"yoast-schema-graph\">{\"@context\":\"https:\/\/schema.org\",\"@graph\":[{\"@type\":\"Article\",\"@id\":\"https:\/\/magistrae.com\/7ee851fe-0e8f-4ebc-82bd-be7266a180ef\/#article\",\"isPartOf\":{\"@id\":\"https:\/\/magistrae.com\/7ee851fe-0e8f-4ebc-82bd-be7266a180ef\/\"},\"author\":{\"name\":\"Bruno Gianni\",\"@id\":\"https:\/\/magistrae.com\/#\/schema\/person\/d52888235fd6563bd07d97185d6a61e4\"},\"headline\":\"Supervisor de Servi\u00e7os Gerais: perfil \u201cHands on\u201d, ambiente positivo e crescimento\",\"datePublished\":\"2026-04-10T14:02:00+00:00\",\"dateModified\":\"2026-04-10T14:03:04+00:00\",\"mainEntityOfPage\":{\"@id\":\"https:\/\/magistrae.com\/7ee851fe-0e8f-4ebc-82bd-be7266a180ef\/\"},\"wordCount\":411,\"commentCount\":0,\"publisher\":{\"@id\":\"https:\/\/magistrae.com\/#organization\"},\"articleSection\":[\"Hidden\"],\"inLanguage\":\"es\",\"potentialAction\":[{\"@type\":\"CommentAction\",\"name\":\"Comment\",\"target\":[\"https:\/\/magistrae.com\/7ee851fe-0e8f-4ebc-82bd-be7266a180ef\/#respond\"]}]},{\"@type\":\"WebPage\",\"@id\":\"https:\/\/magistrae.com\/7ee851fe-0e8f-4ebc-82bd-be7266a180ef\/\",\"url\":\"https:\/\/magistrae.com\/7ee851fe-0e8f-4ebc-82bd-be7266a180ef\/\",\"name\":\"Supervisor de Servi\u00e7os Gerais: perfil \u201cHands on\u201d, ambiente positivo e crescimento - Magistrae\",\"isPartOf\":{\"@id\":\"https:\/\/magistrae.com\/#website\"},\"datePublished\":\"2026-04-10T14:02:00+00:00\",\"dateModified\":\"2026-04-10T14:03:04+00:00\",\"breadcrumb\":{\"@id\":\"https:\/\/magistrae.com\/7ee851fe-0e8f-4ebc-82bd-be7266a180ef\/#breadcrumb\"},\"inLanguage\":\"es\",\"potentialAction\":[{\"@type\":\"ReadAction\",\"target\":[\"https:\/\/magistrae.com\/7ee851fe-0e8f-4ebc-82bd-be7266a180ef\/\"]}]},{\"@type\":\"BreadcrumbList\",\"@id\":\"https:\/\/magistrae.com\/7ee851fe-0e8f-4ebc-82bd-be7266a180ef\/#breadcrumb\",\"itemListElement\":[{\"@type\":\"ListItem\",\"position\":1,\"name\":\"Home\",\"item\":\"https:\/\/magistrae.com\/\"},{\"@type\":\"ListItem\",\"position\":2,\"name\":\"Supervisor de Servi\u00e7os Gerais: perfil \u201cHands on\u201d, ambiente positivo e crescimento\"}]},{\"@type\":\"WebSite\",\"@id\":\"https:\/\/magistrae.com\/#website\",\"url\":\"https:\/\/magistrae.com\/\",\"name\":\"Magistrae\",\"description\":\"\",\"publisher\":{\"@id\":\"https:\/\/magistrae.com\/#organization\"},\"potentialAction\":[{\"@type\":\"SearchAction\",\"target\":{\"@type\":\"EntryPoint\",\"urlTemplate\":\"https:\/\/magistrae.com\/?s={search_term_string}\"},\"query-input\":\"required name=search_term_string\"}],\"inLanguage\":\"es\"},{\"@type\":\"Organization\",\"@id\":\"https:\/\/magistrae.com\/#organization\",\"name\":\"Magistrae\",\"url\":\"https:\/\/magistrae.com\/\",\"logo\":{\"@type\":\"ImageObject\",\"inLanguage\":\"es\",\"@id\":\"https:\/\/magistrae.com\/#\/schema\/logo\/image\/\",\"url\":\"https:\/\/magistrae.com\/wp-content\/uploads\/sites\/413\/2026\/03\/9_Magistrae.jpg\",\"contentUrl\":\"https:\/\/magistrae.com\/wp-content\/uploads\/sites\/413\/2026\/03\/9_Magistrae.jpg\",\"width\":2000,\"height\":2000,\"caption\":\"Magistrae\"},\"image\":{\"@id\":\"https:\/\/magistrae.com\/#\/schema\/logo\/image\/\"}},{\"@type\":\"Person\",\"@id\":\"https:\/\/magistrae.com\/#\/schema\/person\/d52888235fd6563bd07d97185d6a61e4\",\"name\":\"Bruno Gianni\",\"image\":{\"@type\":\"ImageObject\",\"inLanguage\":\"es\",\"@id\":\"https:\/\/magistrae.com\/#\/schema\/person\/image\/\",\"url\":\"https:\/\/secure.gravatar.com\/avatar\/0f5d42d7bf77874643c1478932860e3f?s=96&d=mm&r=g\",\"contentUrl\":\"https:\/\/secure.gravatar.com\/avatar\/0f5d42d7bf77874643c1478932860e3f?s=96&d=mm&r=g\",\"caption\":\"Bruno Gianni\"},\"description\":\"Bruno writes the way he lives, with curiosity, care, and respect for people. He likes to observe, listen, and try to understand what is happening on the other side before putting any words on the page.For him, writing is not about impressing, but about getting closer. It is about turning thoughts into something simple, clear, and real. Every text is an ongoing conversation, created with care and honesty, with the sincere intention of touching someone, somewhere along the way.\",\"url\":\"https:\/\/magistrae.com\/es\/author\/bcgianni\/\"}]}<\/script>\n<!-- \/ Yoast SEO plugin. -->","yoast_head_json":{"title":"Supervisor de Servi\u00e7os Gerais: perfil \u201cHands on\u201d, ambiente positivo e crescimento - Magistrae","robots":{"index":"index","follow":"follow","max-snippet":"max-snippet:-1","max-image-preview":"max-image-preview:large","max-video-preview":"max-video-preview:-1"},"canonical":"https:\/\/magistrae.com\/es\/7ee851fe-0e8f-4ebc-82bd-be7266a180ef\/","og_locale":"es_ES","og_type":"article","og_title":"Supervisor de Servi\u00e7os Gerais: perfil \u201cHands on\u201d, ambiente positivo e crescimento - Magistrae","og_description":"Procura uma nova posi\u00e7\u00e3o? Destacamos a vaga Supervisor de Servi\u00e7os Gerais. Ambiente din\u00e2mico, oportunidades reais de crescimento e procura por perfil respons\u00e1vel e pr\u00f3-ativo. Veja os detalhes.","og_url":"https:\/\/magistrae.com\/es\/7ee851fe-0e8f-4ebc-82bd-be7266a180ef\/","og_site_name":"Magistrae","article_published_time":"2026-04-10T14:02:00+00:00","article_modified_time":"2026-04-10T14:03:04+00:00","author":"Bruno Gianni","twitter_card":"summary_large_image","twitter_misc":{"Written by":"Bruno Gianni","Est. reading time":"2 minutos"},"schema":{"@context":"https:\/\/schema.org","@graph":[{"@type":"Article","@id":"https:\/\/magistrae.com\/7ee851fe-0e8f-4ebc-82bd-be7266a180ef\/#article","isPartOf":{"@id":"https:\/\/magistrae.com\/7ee851fe-0e8f-4ebc-82bd-be7266a180ef\/"},"author":{"name":"Bruno Gianni","@id":"https:\/\/magistrae.com\/#\/schema\/person\/d52888235fd6563bd07d97185d6a61e4"},"headline":"Supervisor de Servi\u00e7os Gerais: perfil \u201cHands on\u201d, ambiente positivo e crescimento","datePublished":"2026-04-10T14:02:00+00:00","dateModified":"2026-04-10T14:03:04+00:00","mainEntityOfPage":{"@id":"https:\/\/magistrae.com\/7ee851fe-0e8f-4ebc-82bd-be7266a180ef\/"},"wordCount":411,"commentCount":0,"publisher":{"@id":"https:\/\/magistrae.com\/#organization"},"articleSection":["Hidden"],"inLanguage":"es","potentialAction":[{"@type":"CommentAction","name":"Comment","target":["https:\/\/magistrae.com\/7ee851fe-0e8f-4ebc-82bd-be7266a180ef\/#respond"]}]},{"@type":"WebPage","@id":"https:\/\/magistrae.com\/7ee851fe-0e8f-4ebc-82bd-be7266a180ef\/","url":"https:\/\/magistrae.com\/7ee851fe-0e8f-4ebc-82bd-be7266a180ef\/","name":"Supervisor de Servi\u00e7os Gerais: perfil \u201cHands on\u201d, ambiente positivo e crescimento - Magistrae","isPartOf":{"@id":"https:\/\/magistrae.com\/#website"},"datePublished":"2026-04-10T14:02:00+00:00","dateModified":"2026-04-10T14:03:04+00:00","breadcrumb":{"@id":"https:\/\/magistrae.com\/7ee851fe-0e8f-4ebc-82bd-be7266a180ef\/#breadcrumb"},"inLanguage":"es","potentialAction":[{"@type":"ReadAction","target":["https:\/\/magistrae.com\/7ee851fe-0e8f-4ebc-82bd-be7266a180ef\/"]}]},{"@type":"BreadcrumbList","@id":"https:\/\/magistrae.com\/7ee851fe-0e8f-4ebc-82bd-be7266a180ef\/#breadcrumb","itemListElement":[{"@type":"ListItem","position":1,"name":"Home","item":"https:\/\/magistrae.com\/"},{"@type":"ListItem","position":2,"name":"Supervisor de Servi\u00e7os Gerais: perfil \u201cHands on\u201d, ambiente positivo e crescimento"}]},{"@type":"WebSite","@id":"https:\/\/magistrae.com\/#website","url":"https:\/\/magistrae.com\/","name":"Magistrae","description":"","publisher":{"@id":"https:\/\/magistrae.com\/#organization"},"potentialAction":[{"@type":"SearchAction","target":{"@type":"EntryPoint","urlTemplate":"https:\/\/magistrae.com\/?s={search_term_string}"},"query-input":"required name=search_term_string"}],"inLanguage":"es"},{"@type":"Organization","@id":"https:\/\/magistrae.com\/#organization","name":"Magistrae","url":"https:\/\/magistrae.com\/","logo":{"@type":"ImageObject","inLanguage":"es","@id":"https:\/\/magistrae.com\/#\/schema\/logo\/image\/","url":"https:\/\/magistrae.com\/wp-content\/uploads\/sites\/413\/2026\/03\/9_Magistrae.jpg","contentUrl":"https:\/\/magistrae.com\/wp-content\/uploads\/sites\/413\/2026\/03\/9_Magistrae.jpg","width":2000,"height":2000,"caption":"Magistrae"},"image":{"@id":"https:\/\/magistrae.com\/#\/schema\/logo\/image\/"}},{"@type":"Person","@id":"https:\/\/magistrae.com\/#\/schema\/person\/d52888235fd6563bd07d97185d6a61e4","name":"Bruno Gianni","image":{"@type":"ImageObject","inLanguage":"es","@id":"https:\/\/magistrae.com\/#\/schema\/person\/image\/","url":"https:\/\/secure.gravatar.com\/avatar\/0f5d42d7bf77874643c1478932860e3f?s=96&d=mm&r=g","contentUrl":"https:\/\/secure.gravatar.com\/avatar\/0f5d42d7bf77874643c1478932860e3f?s=96&d=mm&r=g","caption":"Bruno Gianni"},"description":"Bruno writes the way he lives, with curiosity, care, and respect for people. He likes to observe, listen, and try to understand what is happening on the other side before putting any words on the page.For him, writing is not about impressing, but about getting closer. It is about turning thoughts into something simple, clear, and real. Every text is an ongoing conversation, created with care and honesty, with the sincere intention of touching someone, somewhere along the way.","url":"https:\/\/magistrae.com\/es\/author\/bcgianni\/"}]}},"uagb_featured_image_src":{"full":false,"thumbnail":false,"medium":false,"medium_large":false,"large":false,"1536x1536":false,"2048x2048":false,"trp-custom-language-flag":false},"uagb_author_info":{"display_name":"Bruno Gianni","author_link":"https:\/\/magistrae.com\/es\/author\/bcgianni\/"},"uagb_comment_info":0,"uagb_excerpt":"Procura uma nova posi\u00e7\u00e3o? Destacamos a vaga Supervisor de Servi\u00e7os Gerais. Ambiente din\u00e2mico, oportunidades reais de crescimento e procura por perfil respons\u00e1vel e pr\u00f3-ativo. Veja os detalhes.","_links":{"self":[{"href":"https:\/\/magistrae.com\/es\/wp-json\/wp\/v2\/posts\/11821"}],"collection":[{"href":"https:\/\/magistrae.com\/es\/wp-json\/wp\/v2\/posts"}],"about":[{"href":"https:\/\/magistrae.com\/es\/wp-json\/wp\/v2\/types\/post"}],"author":[{"embeddable":true,"href":"https:\/\/magistrae.com\/es\/wp-json\/wp\/v2\/users\/3"}],"replies":[{"embeddable":true,"href":"https:\/\/magistrae.com\/es\/wp-json\/wp\/v2\/comments?post=11821"}],"version-history":[{"count":1,"href":"https:\/\/magistrae.com\/es\/wp-json\/wp\/v2\/posts\/11821\/revisions"}],"predecessor-version":[{"id":11824,"href":"https:\/\/magistrae.com\/es\/wp-json\/wp\/v2\/posts\/11821\/revisions\/11824"}],"wp:attachment":[{"href":"https:\/\/magistrae.com\/es\/wp-json\/wp\/v2\/media?parent=11821"}],"wp:term":[{"taxonomy":"category","embeddable":true,"href":"https:\/\/magistrae.com\/es\/wp-json\/wp\/v2\/categories?post=11821"},{"taxonomy":"post_tag","embeddable":true,"href":"https:\/\/magistrae.com\/es\/wp-json\/wp\/v2\/tags?post=11821"}],"curies":[{"name":"wp","href":"https:\/\/api.w.org\/{rel}","templated":true}]}}