{"id":11814,"date":"2026-04-10T06:34:00","date_gmt":"2026-04-10T06:34:00","guid":{"rendered":"https:\/\/magistrae.com\/cd65cf8a-03a7-4518-ae22-99562eb5f7ec\/"},"modified":"2026-04-10T06:34:18","modified_gmt":"2026-04-10T06:34:18","slug":"cd65cf8a-03a7-4518-ae22-99562eb5f7ec","status":"publish","type":"post","link":"https:\/\/magistrae.com\/es\/cd65cf8a-03a7-4518-ae22-99562eb5f7ec\/","title":{"rendered":"Gestor de Servi\u00e7os Gerais: Lideran\u00e7a, Crescimento e Oportunidades Reais"},"content":{"rendered":"<\/p>\n<\/p>\n<div style=\"background: #ffffff; border-radius: 12px; box-shadow: 0 10px 30px rgba(0, 0, 0, 0.1); width: 100%; max-width: 340px; padding: 25px; transition: transform 0.3s ease-in-out; overflow: visible; display: flex; flex-direction: column; position: relative; border: 1px solid #28a745; margin-top: 70px; margin-bottom: 50px; margin-left: auto; margin-right: auto;\">\n<div style=\"position: absolute; top: -35px; right: 15px; color: #28a745; padding: 5px 10px; border-radius: 6px; font-size: 14px; font-weight: bold; display: flex; align-items: center; z-index: 10;\">Recomendado para si<\/div>\n<div data-namespace-header=\"\" style=\"\">\n<h3 data-namespace-title=\"\" style=\"color: #333; font-size: 20px; font-weight: bold; text-align: left; margin-right: 50px; min-height: 50px; margin-top: 0px;\">Gestor de Servi\u00e7os Gerais<\/h3>\n<\/p><\/div>\n<p data-namespace-prompt=\"\" style=\"font-size: 16px; color: #666; margin-bottom: 20px; line-height: 1.5; flex-grow: 1; text-align: left; margin-top: 0px;\">Coordene equipas, mantenha instala\u00e7\u00f5es e servi\u00e7os, controle custos e garanta padr\u00f5es elevados de seguran\u00e7a. Requer experi\u00eancia comprovada. Potencial de crescimento real.<\/p>\n<p>    <a data-namespace-url=\"\" href=\"https:\/\/magistrae.com\/es\/redirect\/?https:\/\/jobs.keptpeople.com\/jobs\/gestor-de-servicos-gerais-m-f-luanda?utm_campaign=google_jobs_apply&#038;utm_source=google_jobs_apply&#038;utm_medium=organic\" style=\"width: 100%; display: inline-block; color: white; text-decoration: none; border-radius: 6px; font-size: 16px; font-weight: bold; text-align: center; transition: transform 0.3s ease, background 0.3s ease; margin-top: auto;\" data-namespace-id=\"5c0d2565-3ba9-4280-a382-ad2a691e2285\"><br \/>\n        <button style=\"width: 100%; height: 55px; background: #e9e9ed; border: 1px solid black; color: black;\">Candidatar-se \u00e0 vaga<\/button><br \/>\n    <\/a><br \/>\n    <small style=\"margin-top: 10px; color: #777; font-size: 12px; text-align: center; display: block;\">Ser\u00e1 redireccionado para otro sitio web<\/small>\n<\/div>\n<section>\n<h2>Oportunidade para Gestor de Servi\u00e7os Gerais<\/h2>\n<p>A vaga de Gestor de Servi\u00e7os Gerais oferece um emprego a tempo integral, numa empresa reconhecida pelo seu ambiente din\u00e2mico e potencial de progresso.<\/p>\n<p>Embora o sal\u00e1rio n\u00e3o esteja explicitamente divulgado, a fun\u00e7\u00e3o oferece perspectivas de crescimento profissional e ambiente focado no desenvolvimento de talentos.<\/p>\n<p>O regime de trabalho \u00e9 presencial, ideal para quem aprecia rotinas organizadas e contacto direto com equipas e opera\u00e7\u00f5es.<\/p>\n<\/section>\n<section>\n<h2>Responsabilidades Di\u00e1rias e Atividades Essenciais<\/h2>\n<p>As tarefas envolvem definir necessidades internas, negociar com fornecedores e auxiliar na elabora\u00e7\u00e3o de contratos alinhados \u00e0s exig\u00eancias legais da empresa.<\/p>\n<p>Ser\u00e1 esperado liderar equipas, gerir a manuten\u00e7\u00e3o de instala\u00e7\u00f5es, supervisionar limpeza, refeit\u00f3rios, servi\u00e7os m\u00e9dicos e transporte dos colaboradores.<\/p>\n<p>Outra fun\u00e7\u00e3o essencial \u00e9 gerir custos, encontrar oportunidades de otimizar recursos e implementar medidas para a redu\u00e7\u00e3o eficiente das despesas corporativas.<\/p>\n<p>Controla avalia\u00e7\u00f5es de desempenho dos funcion\u00e1rios, monitorando indicadores-chave e relat\u00f3rios de resultados da \u00e1rea, promovendo sempre a seguran\u00e7a no trabalho.<\/p>\n<\/section>\n<section>\n<h2>Pontos Fortes e Benef\u00edcios da Vaga<\/h2>\n<p>Um dos grandes atrativos desta fun\u00e7\u00e3o \u00e9 o desenvolvimento de compet\u00eancias em lideran\u00e7a e negocia\u00e7\u00e3o, fundamentais para crescer numa carreira de gest\u00e3o.<\/p>\n<p>A integra\u00e7\u00e3o em um grande grupo empresarial permite acesso a pr\u00e1ticas profissionais de excel\u00eancia e s\u00f3lidas redes de contacto.<\/p>\n<\/section>\n<section>\n<h2>Desafios e Considera\u00e7\u00f5es Importantes<\/h2>\n<p>O ritmo intenso de trabalho pode ser um desafio para quem valoriza flexibilidade de hor\u00e1rios ou ambientes menos exigentes.<\/p>\n<p>Espera-se autonomia significativa e alta resist\u00eancia ao stress, al\u00e9m de flu\u00eancia em portugu\u00eas e ingl\u00eas, o que pode limitar alguns candidatos.<\/p>\n<\/section>\n<section>\n<h2>Veredito do Especialista<\/h2>\n<p>Destaca-se pela estrutura s\u00f3lida e oportunidade de crescimento. \u00c9 ideal para profissionais ambiciosos e organizados, dispostos a assumir responsabilidades e liderar equipas diversas.<\/p>\n<\/section>\n<div style=\"background: #ffffff; border-radius: 12px; box-shadow: 0 10px 30px rgba(0, 0, 0, 0.1); width: 100%; max-width: 340px; padding: 25px; transition: transform 0.3s ease-in-out; overflow: visible; display: flex; flex-direction: column; position: relative; border: 1px solid #28a745; margin-top: 70px; margin-bottom: 50px; margin-left: auto; margin-right: auto;\">\n<div style=\"position: absolute; top: -35px; right: 15px; color: #28a745; padding: 5px 10px; border-radius: 6px; font-size: 14px; font-weight: bold; display: flex; align-items: center; z-index: 10;\">Recomendado para si<\/div>\n<div data-namespace-header=\"\" style=\"\">\n<h3 data-namespace-title=\"\" style=\"color: #333; font-size: 20px; font-weight: bold; text-align: left; margin-right: 50px; min-height: 50px; margin-top: 0px;\">Gestor de Servi\u00e7os Gerais<\/h3>\n<\/p><\/div>\n<p data-namespace-prompt=\"\" style=\"font-size: 16px; color: #666; margin-bottom: 20px; line-height: 1.5; flex-grow: 1; text-align: left; margin-top: 0px;\">Coordene equipas, mantenha instala\u00e7\u00f5es e servi\u00e7os, controle custos e garanta padr\u00f5es elevados de seguran\u00e7a. Requer experi\u00eancia comprovada. Potencial de crescimento real.<\/p>\n<p>    <a data-namespace-url=\"\" href=\"https:\/\/magistrae.com\/es\/redirect\/?https:\/\/jobs.keptpeople.com\/jobs\/gestor-de-servicos-gerais-m-f-luanda?utm_campaign=google_jobs_apply&#038;utm_source=google_jobs_apply&#038;utm_medium=organic\" style=\"width: 100%; display: inline-block; color: white; text-decoration: none; border-radius: 6px; font-size: 16px; font-weight: bold; text-align: center; transition: transform 0.3s ease, background 0.3s ease; margin-top: auto;\" data-namespace-id=\"5c0d2565-3ba9-4280-a382-ad2a691e2285\"><br \/>\n        <button style=\"width: 100%; height: 55px; background: #e9e9ed; border: 1px solid black; color: black;\">Candidatar-se \u00e0 vaga<\/button><br \/>\n    <\/a><br \/>\n    <small style=\"margin-top: 10px; color: #777; font-size: 12px; text-align: center; display: block;\">Ser\u00e1 redireccionado para otro sitio web<\/small>\n<\/div>","protected":false},"excerpt":{"rendered":"<p>Se procura crescer na carreira e assumir fun\u00e7\u00f5es de lideran\u00e7a numa empresa s\u00f3lida, descubra por que esta vaga de Gestor de Servi\u00e7os Gerais pode ser a ideal para si.<\/p>","protected":false},"author":3,"featured_media":0,"comment_status":"open","ping_status":"open","sticky":false,"template":"","format":"standard","meta":{"_uag_custom_page_level_css":"","site-sidebar-layout":"default","site-content-layout":"","ast-site-content-layout":"","site-content-style":"default","site-sidebar-style":"default","ast-global-header-display":"","ast-banner-title-visibility":"","ast-main-header-display":"","ast-hfb-above-header-display":"","ast-hfb-below-header-display":"","ast-hfb-mobile-header-display":"","site-post-title":"","ast-breadcrumbs-content":"","ast-featured-img":"","footer-sml-layout":"","theme-transparent-header-meta":"","adv-header-id-meta":"","stick-header-meta":"","header-above-stick-meta":"","header-main-stick-meta":"","header-below-stick-meta":"","astra-migrate-meta-layouts":"default","ast-page-background-enabled":"default","ast-page-background-meta":{"desktop":{"background-color":"var(--ast-global-color-4)","background-image":"","background-repeat":"repeat","background-position":"center center","background-size":"auto","background-attachment":"scroll","background-type":"","background-media":"","overlay-type":"","overlay-color":"","overlay-opacity":"","overlay-gradient":""},"tablet":{"background-color":"","background-image":"","background-repeat":"repeat","background-position":"center center","background-size":"auto","background-attachment":"scroll","background-type":"","background-media":"","overlay-type":"","overlay-color":"","overlay-opacity":"","overlay-gradient":""},"mobile":{"background-color":"","background-image":"","background-repeat":"repeat","background-position":"center center","background-size":"auto","background-attachment":"scroll","background-type":"","background-media":"","overlay-type":"","overlay-color":"","overlay-opacity":"","overlay-gradient":""}},"ast-content-background-meta":{"desktop":{"background-color":"var(--ast-global-color-5)","background-image":"","background-repeat":"repeat","background-position":"center center","background-size":"auto","background-attachment":"scroll","background-type":"","background-media":"","overlay-type":"","overlay-color":"","overlay-opacity":"","overlay-gradient":""},"tablet":{"background-color":"var(--ast-global-color-5)","background-image":"","background-repeat":"repeat","background-position":"center center","background-size":"auto","background-attachment":"scroll","background-type":"","background-media":"","overlay-type":"","overlay-color":"","overlay-opacity":"","overlay-gradient":""},"mobile":{"background-color":"var(--ast-global-color-5)","background-image":"","background-repeat":"repeat","background-position":"center center","background-size":"auto","background-attachment":"scroll","background-type":"","background-media":"","overlay-type":"","overlay-color":"","overlay-opacity":"","overlay-gradient":""}},"footnotes":""},"categories":[14],"tags":[],"yoast_head":"<!-- This site is optimized with the Yoast SEO plugin v23.3 - https:\/\/yoast.com\/wordpress\/plugins\/seo\/ -->\n<title>Gestor de Servi\u00e7os Gerais: Lideran\u00e7a, Crescimento e Oportunidades Reais - Magistrae<\/title>\n<meta name=\"robots\" content=\"index, follow, max-snippet:-1, max-image-preview:large, max-video-preview:-1\" \/>\n<link rel=\"canonical\" href=\"https:\/\/magistrae.com\/es\/cd65cf8a-03a7-4518-ae22-99562eb5f7ec\/\" \/>\n<meta property=\"og:locale\" content=\"es_ES\" \/>\n<meta property=\"og:type\" content=\"article\" \/>\n<meta property=\"og:title\" content=\"Gestor de Servi\u00e7os Gerais: Lideran\u00e7a, Crescimento e Oportunidades Reais - Magistrae\" \/>\n<meta property=\"og:description\" content=\"Se procura crescer na carreira e assumir fun\u00e7\u00f5es de lideran\u00e7a numa empresa s\u00f3lida, descubra por que esta vaga de Gestor de Servi\u00e7os Gerais pode ser a ideal para si.\" \/>\n<meta property=\"og:url\" content=\"https:\/\/magistrae.com\/es\/cd65cf8a-03a7-4518-ae22-99562eb5f7ec\/\" \/>\n<meta property=\"og:site_name\" content=\"Magistrae\" \/>\n<meta property=\"article:published_time\" content=\"2026-04-10T06:34:00+00:00\" \/>\n<meta property=\"article:modified_time\" content=\"2026-04-10T06:34:18+00:00\" \/>\n<meta name=\"author\" content=\"Bruno Gianni\" \/>\n<meta name=\"twitter:card\" content=\"summary_large_image\" \/>\n<meta name=\"twitter:label1\" content=\"Written by\" \/>\n\t<meta name=\"twitter:data1\" content=\"Bruno Gianni\" \/>\n\t<meta name=\"twitter:label2\" content=\"Est. reading time\" \/>\n\t<meta name=\"twitter:data2\" content=\"2 minutos\" \/>\n<script type=\"application\/ld+json\" class=\"yoast-schema-graph\">{\"@context\":\"https:\/\/schema.org\",\"@graph\":[{\"@type\":\"Article\",\"@id\":\"https:\/\/magistrae.com\/cd65cf8a-03a7-4518-ae22-99562eb5f7ec\/#article\",\"isPartOf\":{\"@id\":\"https:\/\/magistrae.com\/cd65cf8a-03a7-4518-ae22-99562eb5f7ec\/\"},\"author\":{\"name\":\"Bruno Gianni\",\"@id\":\"https:\/\/magistrae.com\/#\/schema\/person\/d52888235fd6563bd07d97185d6a61e4\"},\"headline\":\"Gestor de Servi\u00e7os Gerais: Lideran\u00e7a, Crescimento e Oportunidades Reais\",\"datePublished\":\"2026-04-10T06:34:00+00:00\",\"dateModified\":\"2026-04-10T06:34:18+00:00\",\"mainEntityOfPage\":{\"@id\":\"https:\/\/magistrae.com\/cd65cf8a-03a7-4518-ae22-99562eb5f7ec\/\"},\"wordCount\":400,\"commentCount\":0,\"publisher\":{\"@id\":\"https:\/\/magistrae.com\/#organization\"},\"articleSection\":[\"Hidden\"],\"inLanguage\":\"es\",\"potentialAction\":[{\"@type\":\"CommentAction\",\"name\":\"Comment\",\"target\":[\"https:\/\/magistrae.com\/cd65cf8a-03a7-4518-ae22-99562eb5f7ec\/#respond\"]}]},{\"@type\":\"WebPage\",\"@id\":\"https:\/\/magistrae.com\/cd65cf8a-03a7-4518-ae22-99562eb5f7ec\/\",\"url\":\"https:\/\/magistrae.com\/cd65cf8a-03a7-4518-ae22-99562eb5f7ec\/\",\"name\":\"Gestor de Servi\u00e7os Gerais: Lideran\u00e7a, Crescimento e Oportunidades Reais - Magistrae\",\"isPartOf\":{\"@id\":\"https:\/\/magistrae.com\/#website\"},\"datePublished\":\"2026-04-10T06:34:00+00:00\",\"dateModified\":\"2026-04-10T06:34:18+00:00\",\"breadcrumb\":{\"@id\":\"https:\/\/magistrae.com\/cd65cf8a-03a7-4518-ae22-99562eb5f7ec\/#breadcrumb\"},\"inLanguage\":\"es\",\"potentialAction\":[{\"@type\":\"ReadAction\",\"target\":[\"https:\/\/magistrae.com\/cd65cf8a-03a7-4518-ae22-99562eb5f7ec\/\"]}]},{\"@type\":\"BreadcrumbList\",\"@id\":\"https:\/\/magistrae.com\/cd65cf8a-03a7-4518-ae22-99562eb5f7ec\/#breadcrumb\",\"itemListElement\":[{\"@type\":\"ListItem\",\"position\":1,\"name\":\"Home\",\"item\":\"https:\/\/magistrae.com\/\"},{\"@type\":\"ListItem\",\"position\":2,\"name\":\"Gestor de Servi\u00e7os Gerais: Lideran\u00e7a, Crescimento e Oportunidades Reais\"}]},{\"@type\":\"WebSite\",\"@id\":\"https:\/\/magistrae.com\/#website\",\"url\":\"https:\/\/magistrae.com\/\",\"name\":\"Magistrae\",\"description\":\"\",\"publisher\":{\"@id\":\"https:\/\/magistrae.com\/#organization\"},\"potentialAction\":[{\"@type\":\"SearchAction\",\"target\":{\"@type\":\"EntryPoint\",\"urlTemplate\":\"https:\/\/magistrae.com\/?s={search_term_string}\"},\"query-input\":\"required name=search_term_string\"}],\"inLanguage\":\"es\"},{\"@type\":\"Organization\",\"@id\":\"https:\/\/magistrae.com\/#organization\",\"name\":\"Magistrae\",\"url\":\"https:\/\/magistrae.com\/\",\"logo\":{\"@type\":\"ImageObject\",\"inLanguage\":\"es\",\"@id\":\"https:\/\/magistrae.com\/#\/schema\/logo\/image\/\",\"url\":\"https:\/\/magistrae.com\/wp-content\/uploads\/sites\/413\/2026\/03\/9_Magistrae.jpg\",\"contentUrl\":\"https:\/\/magistrae.com\/wp-content\/uploads\/sites\/413\/2026\/03\/9_Magistrae.jpg\",\"width\":2000,\"height\":2000,\"caption\":\"Magistrae\"},\"image\":{\"@id\":\"https:\/\/magistrae.com\/#\/schema\/logo\/image\/\"}},{\"@type\":\"Person\",\"@id\":\"https:\/\/magistrae.com\/#\/schema\/person\/d52888235fd6563bd07d97185d6a61e4\",\"name\":\"Bruno Gianni\",\"image\":{\"@type\":\"ImageObject\",\"inLanguage\":\"es\",\"@id\":\"https:\/\/magistrae.com\/#\/schema\/person\/image\/\",\"url\":\"https:\/\/secure.gravatar.com\/avatar\/0f5d42d7bf77874643c1478932860e3f?s=96&d=mm&r=g\",\"contentUrl\":\"https:\/\/secure.gravatar.com\/avatar\/0f5d42d7bf77874643c1478932860e3f?s=96&d=mm&r=g\",\"caption\":\"Bruno Gianni\"},\"description\":\"Bruno writes the way he lives, with curiosity, care, and respect for people. He likes to observe, listen, and try to understand what is happening on the other side before putting any words on the page.For him, writing is not about impressing, but about getting closer. It is about turning thoughts into something simple, clear, and real. Every text is an ongoing conversation, created with care and honesty, with the sincere intention of touching someone, somewhere along the way.\",\"url\":\"https:\/\/magistrae.com\/es\/author\/bcgianni\/\"}]}<\/script>\n<!-- \/ Yoast SEO plugin. -->","yoast_head_json":{"title":"Gestor de Servi\u00e7os Gerais: Lideran\u00e7a, Crescimento e Oportunidades Reais - Magistrae","robots":{"index":"index","follow":"follow","max-snippet":"max-snippet:-1","max-image-preview":"max-image-preview:large","max-video-preview":"max-video-preview:-1"},"canonical":"https:\/\/magistrae.com\/es\/cd65cf8a-03a7-4518-ae22-99562eb5f7ec\/","og_locale":"es_ES","og_type":"article","og_title":"Gestor de Servi\u00e7os Gerais: Lideran\u00e7a, Crescimento e Oportunidades Reais - Magistrae","og_description":"Se procura crescer na carreira e assumir fun\u00e7\u00f5es de lideran\u00e7a numa empresa s\u00f3lida, descubra por que esta vaga de Gestor de Servi\u00e7os Gerais pode ser a ideal para si.","og_url":"https:\/\/magistrae.com\/es\/cd65cf8a-03a7-4518-ae22-99562eb5f7ec\/","og_site_name":"Magistrae","article_published_time":"2026-04-10T06:34:00+00:00","article_modified_time":"2026-04-10T06:34:18+00:00","author":"Bruno Gianni","twitter_card":"summary_large_image","twitter_misc":{"Written by":"Bruno Gianni","Est. reading time":"2 minutos"},"schema":{"@context":"https:\/\/schema.org","@graph":[{"@type":"Article","@id":"https:\/\/magistrae.com\/cd65cf8a-03a7-4518-ae22-99562eb5f7ec\/#article","isPartOf":{"@id":"https:\/\/magistrae.com\/cd65cf8a-03a7-4518-ae22-99562eb5f7ec\/"},"author":{"name":"Bruno Gianni","@id":"https:\/\/magistrae.com\/#\/schema\/person\/d52888235fd6563bd07d97185d6a61e4"},"headline":"Gestor de Servi\u00e7os Gerais: Lideran\u00e7a, Crescimento e Oportunidades Reais","datePublished":"2026-04-10T06:34:00+00:00","dateModified":"2026-04-10T06:34:18+00:00","mainEntityOfPage":{"@id":"https:\/\/magistrae.com\/cd65cf8a-03a7-4518-ae22-99562eb5f7ec\/"},"wordCount":400,"commentCount":0,"publisher":{"@id":"https:\/\/magistrae.com\/#organization"},"articleSection":["Hidden"],"inLanguage":"es","potentialAction":[{"@type":"CommentAction","name":"Comment","target":["https:\/\/magistrae.com\/cd65cf8a-03a7-4518-ae22-99562eb5f7ec\/#respond"]}]},{"@type":"WebPage","@id":"https:\/\/magistrae.com\/cd65cf8a-03a7-4518-ae22-99562eb5f7ec\/","url":"https:\/\/magistrae.com\/cd65cf8a-03a7-4518-ae22-99562eb5f7ec\/","name":"Gestor de Servi\u00e7os Gerais: Lideran\u00e7a, Crescimento e Oportunidades Reais - Magistrae","isPartOf":{"@id":"https:\/\/magistrae.com\/#website"},"datePublished":"2026-04-10T06:34:00+00:00","dateModified":"2026-04-10T06:34:18+00:00","breadcrumb":{"@id":"https:\/\/magistrae.com\/cd65cf8a-03a7-4518-ae22-99562eb5f7ec\/#breadcrumb"},"inLanguage":"es","potentialAction":[{"@type":"ReadAction","target":["https:\/\/magistrae.com\/cd65cf8a-03a7-4518-ae22-99562eb5f7ec\/"]}]},{"@type":"BreadcrumbList","@id":"https:\/\/magistrae.com\/cd65cf8a-03a7-4518-ae22-99562eb5f7ec\/#breadcrumb","itemListElement":[{"@type":"ListItem","position":1,"name":"Home","item":"https:\/\/magistrae.com\/"},{"@type":"ListItem","position":2,"name":"Gestor de Servi\u00e7os Gerais: Lideran\u00e7a, Crescimento e Oportunidades Reais"}]},{"@type":"WebSite","@id":"https:\/\/magistrae.com\/#website","url":"https:\/\/magistrae.com\/","name":"Magistrae","description":"","publisher":{"@id":"https:\/\/magistrae.com\/#organization"},"potentialAction":[{"@type":"SearchAction","target":{"@type":"EntryPoint","urlTemplate":"https:\/\/magistrae.com\/?s={search_term_string}"},"query-input":"required name=search_term_string"}],"inLanguage":"es"},{"@type":"Organization","@id":"https:\/\/magistrae.com\/#organization","name":"Magistrae","url":"https:\/\/magistrae.com\/","logo":{"@type":"ImageObject","inLanguage":"es","@id":"https:\/\/magistrae.com\/#\/schema\/logo\/image\/","url":"https:\/\/magistrae.com\/wp-content\/uploads\/sites\/413\/2026\/03\/9_Magistrae.jpg","contentUrl":"https:\/\/magistrae.com\/wp-content\/uploads\/sites\/413\/2026\/03\/9_Magistrae.jpg","width":2000,"height":2000,"caption":"Magistrae"},"image":{"@id":"https:\/\/magistrae.com\/#\/schema\/logo\/image\/"}},{"@type":"Person","@id":"https:\/\/magistrae.com\/#\/schema\/person\/d52888235fd6563bd07d97185d6a61e4","name":"Bruno Gianni","image":{"@type":"ImageObject","inLanguage":"es","@id":"https:\/\/magistrae.com\/#\/schema\/person\/image\/","url":"https:\/\/secure.gravatar.com\/avatar\/0f5d42d7bf77874643c1478932860e3f?s=96&d=mm&r=g","contentUrl":"https:\/\/secure.gravatar.com\/avatar\/0f5d42d7bf77874643c1478932860e3f?s=96&d=mm&r=g","caption":"Bruno Gianni"},"description":"Bruno writes the way he lives, with curiosity, care, and respect for people. He likes to observe, listen, and try to understand what is happening on the other side before putting any words on the page.For him, writing is not about impressing, but about getting closer. It is about turning thoughts into something simple, clear, and real. Every text is an ongoing conversation, created with care and honesty, with the sincere intention of touching someone, somewhere along the way.","url":"https:\/\/magistrae.com\/es\/author\/bcgianni\/"}]}},"uagb_featured_image_src":{"full":false,"thumbnail":false,"medium":false,"medium_large":false,"large":false,"1536x1536":false,"2048x2048":false,"trp-custom-language-flag":false},"uagb_author_info":{"display_name":"Bruno Gianni","author_link":"https:\/\/magistrae.com\/es\/author\/bcgianni\/"},"uagb_comment_info":0,"uagb_excerpt":"Se procura crescer na carreira e assumir fun\u00e7\u00f5es de lideran\u00e7a numa empresa s\u00f3lida, descubra por que esta vaga de Gestor de Servi\u00e7os Gerais pode ser a ideal para si.","_links":{"self":[{"href":"https:\/\/magistrae.com\/es\/wp-json\/wp\/v2\/posts\/11814"}],"collection":[{"href":"https:\/\/magistrae.com\/es\/wp-json\/wp\/v2\/posts"}],"about":[{"href":"https:\/\/magistrae.com\/es\/wp-json\/wp\/v2\/types\/post"}],"author":[{"embeddable":true,"href":"https:\/\/magistrae.com\/es\/wp-json\/wp\/v2\/users\/3"}],"replies":[{"embeddable":true,"href":"https:\/\/magistrae.com\/es\/wp-json\/wp\/v2\/comments?post=11814"}],"version-history":[{"count":1,"href":"https:\/\/magistrae.com\/es\/wp-json\/wp\/v2\/posts\/11814\/revisions"}],"predecessor-version":[{"id":11818,"href":"https:\/\/magistrae.com\/es\/wp-json\/wp\/v2\/posts\/11814\/revisions\/11818"}],"wp:attachment":[{"href":"https:\/\/magistrae.com\/es\/wp-json\/wp\/v2\/media?parent=11814"}],"wp:term":[{"taxonomy":"category","embeddable":true,"href":"https:\/\/magistrae.com\/es\/wp-json\/wp\/v2\/categories?post=11814"},{"taxonomy":"post_tag","embeddable":true,"href":"https:\/\/magistrae.com\/es\/wp-json\/wp\/v2\/tags?post=11814"}],"curies":[{"name":"wp","href":"https:\/\/api.w.org\/{rel}","templated":true}]}}