{"id":11799,"date":"2026-04-09T22:38:00","date_gmt":"2026-04-09T22:38:00","guid":{"rendered":"https:\/\/magistrae.com\/181b4081-2ec7-49f6-9616-4116e81c7f26\/"},"modified":"2026-04-09T22:38:27","modified_gmt":"2026-04-09T22:38:27","slug":"181b4081-2ec7-49f6-9616-4116e81c7f26","status":"publish","type":"post","link":"https:\/\/magistrae.com\/es\/181b4081-2ec7-49f6-9616-4116e81c7f26\/","title":{"rendered":"Gerente de Loja: Lideran\u00e7a, Forma\u00e7\u00e3o e Oportunidade de Crescimento"},"content":{"rendered":"<\/p>\n<\/p>\n<div style=\"background: #ffffff; border-radius: 12px; box-shadow: 0 10px 30px rgba(0, 0, 0, 0.1); width: 100%; max-width: 340px; padding: 25px; transition: transform 0.3s ease-in-out; overflow: visible; display: flex; flex-direction: column; position: relative; border: 1px solid #28a745; margin-top: 70px; margin-bottom: 50px; margin-left: auto; margin-right: auto;\">\n<div style=\"position: absolute; top: -35px; right: 15px; color: #28a745; padding: 5px 10px; border-radius: 6px; font-size: 14px; font-weight: bold; display: flex; align-items: center; z-index: 10;\">Recomendado para si<\/div>\n<div data-namespace-header=\"\" style=\"\">\n<h3 data-namespace-title=\"\" style=\"color: #333; font-size: 20px; font-weight: bold; text-align: left; margin-right: 50px; min-height: 50px; margin-top: 0px;\">Gerente de Loja<\/h3>\n<\/p><\/div>\n<p data-namespace-prompt=\"\" style=\"font-size: 16px; color: #666; margin-bottom: 20px; line-height: 1.5; flex-grow: 1; text-align: left; margin-top: 0px;\">Gest\u00e3o de equipas, campanhas e opera\u00e7\u00f5es de loja. Necess\u00e1rio 12\u00ba ano, experi\u00eancia e perfil de lideran\u00e7a. Formar e motivar colaboradores. Crescimento real.<\/p>\n<p>    <a data-namespace-url=\"\" href=\"https:\/\/magistrae.com\/es\/redirect\/?https:\/\/angoemprego.com\/vagas\/tecnico-comercial-vendedor\/?utm_campaign=google_jobs_apply&#038;utm_source=google_jobs_apply&#038;utm_medium=organic\" style=\"width: 100%; display: inline-block; color: white; text-decoration: none; border-radius: 6px; font-size: 16px; font-weight: bold; text-align: center; transition: transform 0.3s ease, background 0.3s ease; margin-top: auto;\" data-namespace-id=\"5c0d2565-3ba9-4280-a382-ad2a691e2285\"><br \/>\n        <button style=\"width: 100%; height: 55px; background: #e9e9ed; border: 1px solid black; color: black;\">Candidatar-se \u00e0 vaga<\/button><br \/>\n    <\/a><br \/>\n    <small style=\"margin-top: 10px; color: #777; font-size: 12px; text-align: center; display: block;\">Ser\u00e1 redirigido a otro sitio<\/small>\n<\/div>\n<p>O cargo de Gerente de Loja, num prestigiado grupo empresarial, surge como uma excelente oportunidade para quem deseja desempenhar uma fun\u00e7\u00e3o din\u00e2mica e com responsabilidade acrescida. Embora o sal\u00e1rio e as condi\u00e7\u00f5es financeiras n\u00e3o estejam especificados, a fun\u00e7\u00e3o \u00e9 de tempo integral e oferece uma perspectiva de carreira relevante no sector comercial e vendas. Os benef\u00edcios impl\u00edcitos incluem forma\u00e7\u00e3o de equipa, lideran\u00e7a e envolvimento em todas as opera\u00e7\u00f5es da loja.<\/p>\n<h2>Responsabilidades Di\u00e1rias e Rotina da Fun\u00e7\u00e3o<\/h2>\n<p>Quem assume esta posi\u00e7\u00e3o ser\u00e1 respons\u00e1vel pela coordena\u00e7\u00e3o e motiva\u00e7\u00e3o da equipa, otimizando a performance do grupo de trabalho. A gest\u00e3o do stock da loja, controlo operacional eficiente e supervis\u00e3o directa das vendas s\u00e3o tarefas constantes do dia-a-dia.<\/p>\n<p>Adicionalmente, faz parte das fun\u00e7\u00f5es a defini\u00e7\u00e3o de campanhas promocionais e a implementa\u00e7\u00e3o de estrat\u00e9gias no ponto de venda. O reporte e an\u00e1lise das vendas tamb\u00e9m s\u00e3o componentes fundamentais, permitindo tomadas de decis\u00e3o informadas e melhoria cont\u00ednua dos servi\u00e7os prestados.<\/p>\n<p>O gerente deve ainda dedicar tempo \u00e0 forma\u00e7\u00e3o dos colaboradores, incentivando o crescimento profissional de cada membro. O acompanhamento pr\u00f3ximo do desempenho permite identificar oportunidades de desenvolvimento individual e colectivas.<\/p>\n<p>O ambiente de trabalho caracteriza-se por dinamismo e foco em resultados, exigindo uma postura proactiva e responsabilidade constante para superar desafios di\u00e1rios.<\/p>\n<h2>Pontos Positivos em Destaque<\/h2>\n<p>Esta posi\u00e7\u00e3o oferece perspectiva de ascens\u00e3o e valoriza\u00e7\u00e3o profissional, especialmente para quem procura evoluir na carreira de lideran\u00e7a.<\/p>\n<p>A oportunidade de coordenar campanhas comerciais e motivar equipas proporciona experi\u00eancia pr\u00e1tica de gest\u00e3o e tomada de decis\u00e3o, essenciais para outros cargos superiores.<\/p>\n<p>Forma\u00e7\u00e3o cont\u00ednua e contacto directo com processos operacionais favorecem o crescimento de compet\u00eancias t\u00e9cnicas e interpessoais.<\/p>\n<p>O trabalho em grupo estimula partilha de conhecimentos e constru\u00e7\u00e3o de um ambiente colaborativo.<\/p>\n<h2>Aspectos Menos Favor\u00e1veis<\/h2>\n<p>O grau de exig\u00eancia e responsabilidade poder\u00e1 ser elevado, tornando necess\u00e1rio manter um ritmo constante e aten\u00e7\u00e3o ao detalhe.<\/p>\n<p>A aus\u00eancia de informa\u00e7\u00e3o expl\u00edcita sobre sal\u00e1rio pode constituir incerteza para candidatos.<\/p>\n<p>Ser\u00e1 exigida experi\u00eancia comprovada em fun\u00e7\u00f5es similares, o que pode limitar as oportunidades para principiantes.<\/p>\n<h2>Veredito Final<\/h2>\n<p>Para profissionais que j\u00e1 t\u00eam experi\u00eancia em fun\u00e7\u00f5es de ger\u00eancia e desejam dar o pr\u00f3ximo passo, esta vaga representa uma proposta s\u00f3lida e desafiante.<\/p>\n<p>A possibilidade de liderar equipas, planear estrat\u00e9gias comerciais e desenvolver compet\u00eancias s\u00e3o pontos de destaque que fortalecem a candidatura a esta oportunidade.<\/p>\n<p>Apesar de alguns pontos a considerar, como a exig\u00eancia de experi\u00eancia e a aus\u00eancia de detalhes financeiros, o potencial de crescimento \u00e9 not\u00f3rio e far\u00e1 diferen\u00e7a no percurso profissional do candidato.<\/p>\n<div style=\"background: #ffffff; border-radius: 12px; box-shadow: 0 10px 30px rgba(0, 0, 0, 0.1); width: 100%; max-width: 340px; padding: 25px; transition: transform 0.3s ease-in-out; overflow: visible; display: flex; flex-direction: column; position: relative; border: 1px solid #28a745; margin-top: 70px; margin-bottom: 50px; margin-left: auto; margin-right: auto;\">\n<div style=\"position: absolute; top: -35px; right: 15px; color: #28a745; padding: 5px 10px; border-radius: 6px; font-size: 14px; font-weight: bold; display: flex; align-items: center; z-index: 10;\">Recomendado para si<\/div>\n<div data-namespace-header=\"\" style=\"\">\n<h3 data-namespace-title=\"\" style=\"color: #333; font-size: 20px; font-weight: bold; text-align: left; margin-right: 50px; min-height: 50px; margin-top: 0px;\">Gerente de Loja<\/h3>\n<\/p><\/div>\n<p data-namespace-prompt=\"\" style=\"font-size: 16px; color: #666; margin-bottom: 20px; line-height: 1.5; flex-grow: 1; text-align: left; margin-top: 0px;\">Gest\u00e3o de equipas, campanhas e opera\u00e7\u00f5es de loja. Necess\u00e1rio 12\u00ba ano, experi\u00eancia e perfil de lideran\u00e7a. Formar e motivar colaboradores. Crescimento real.<\/p>\n<p>    <a data-namespace-url=\"\" href=\"https:\/\/magistrae.com\/es\/redirect\/?https:\/\/angoemprego.com\/vagas\/tecnico-comercial-vendedor\/?utm_campaign=google_jobs_apply&#038;utm_source=google_jobs_apply&#038;utm_medium=organic\" style=\"width: 100%; display: inline-block; color: white; text-decoration: none; border-radius: 6px; font-size: 16px; font-weight: bold; text-align: center; transition: transform 0.3s ease, background 0.3s ease; margin-top: auto;\" data-namespace-id=\"5c0d2565-3ba9-4280-a382-ad2a691e2285\"><br \/>\n        <button style=\"width: 100%; height: 55px; background: #e9e9ed; border: 1px solid black; color: black;\">Candidatar-se \u00e0 vaga<\/button><br \/>\n    <\/a><br \/>\n    <small style=\"margin-top: 10px; color: #777; font-size: 12px; text-align: center; display: block;\">Ser\u00e1 redirigido a otro sitio<\/small>\n<\/div>","protected":false},"excerpt":{"rendered":"<p>Oportunidade \u00fanica para Gerente de Loja com foco em lideran\u00e7a, forma\u00e7\u00e3o e gest\u00e3o de equipas. Perfil din\u00e2mico e respons\u00e1vel. Potencial de crescimento. Candidata-te!<\/p>","protected":false},"author":3,"featured_media":0,"comment_status":"open","ping_status":"open","sticky":false,"template":"","format":"standard","meta":{"_uag_custom_page_level_css":"","site-sidebar-layout":"default","site-content-layout":"","ast-site-content-layout":"","site-content-style":"default","site-sidebar-style":"default","ast-global-header-display":"","ast-banner-title-visibility":"","ast-main-header-display":"","ast-hfb-above-header-display":"","ast-hfb-below-header-display":"","ast-hfb-mobile-header-display":"","site-post-title":"","ast-breadcrumbs-content":"","ast-featured-img":"","footer-sml-layout":"","theme-transparent-header-meta":"","adv-header-id-meta":"","stick-header-meta":"","header-above-stick-meta":"","header-main-stick-meta":"","header-below-stick-meta":"","astra-migrate-meta-layouts":"default","ast-page-background-enabled":"default","ast-page-background-meta":{"desktop":{"background-color":"var(--ast-global-color-4)","background-image":"","background-repeat":"repeat","background-position":"center center","background-size":"auto","background-attachment":"scroll","background-type":"","background-media":"","overlay-type":"","overlay-color":"","overlay-opacity":"","overlay-gradient":""},"tablet":{"background-color":"","background-image":"","background-repeat":"repeat","background-position":"center center","background-size":"auto","background-attachment":"scroll","background-type":"","background-media":"","overlay-type":"","overlay-color":"","overlay-opacity":"","overlay-gradient":""},"mobile":{"background-color":"","background-image":"","background-repeat":"repeat","background-position":"center center","background-size":"auto","background-attachment":"scroll","background-type":"","background-media":"","overlay-type":"","overlay-color":"","overlay-opacity":"","overlay-gradient":""}},"ast-content-background-meta":{"desktop":{"background-color":"var(--ast-global-color-5)","background-image":"","background-repeat":"repeat","background-position":"center center","background-size":"auto","background-attachment":"scroll","background-type":"","background-media":"","overlay-type":"","overlay-color":"","overlay-opacity":"","overlay-gradient":""},"tablet":{"background-color":"var(--ast-global-color-5)","background-image":"","background-repeat":"repeat","background-position":"center center","background-size":"auto","background-attachment":"scroll","background-type":"","background-media":"","overlay-type":"","overlay-color":"","overlay-opacity":"","overlay-gradient":""},"mobile":{"background-color":"var(--ast-global-color-5)","background-image":"","background-repeat":"repeat","background-position":"center center","background-size":"auto","background-attachment":"scroll","background-type":"","background-media":"","overlay-type":"","overlay-color":"","overlay-opacity":"","overlay-gradient":""}},"footnotes":""},"categories":[14],"tags":[],"yoast_head":"<!-- This site is optimized with the Yoast SEO plugin v23.3 - https:\/\/yoast.com\/wordpress\/plugins\/seo\/ -->\n<title>Gerente de Loja: Lideran\u00e7a, Forma\u00e7\u00e3o e Oportunidade de Crescimento - Magistrae<\/title>\n<meta name=\"robots\" content=\"index, follow, max-snippet:-1, max-image-preview:large, max-video-preview:-1\" \/>\n<link rel=\"canonical\" href=\"https:\/\/magistrae.com\/es\/181b4081-2ec7-49f6-9616-4116e81c7f26\/\" \/>\n<meta property=\"og:locale\" content=\"es_ES\" \/>\n<meta property=\"og:type\" content=\"article\" \/>\n<meta property=\"og:title\" content=\"Gerente de Loja: Lideran\u00e7a, Forma\u00e7\u00e3o e Oportunidade de Crescimento - Magistrae\" \/>\n<meta property=\"og:description\" content=\"Oportunidade \u00fanica para Gerente de Loja com foco em lideran\u00e7a, forma\u00e7\u00e3o e gest\u00e3o de equipas. Perfil din\u00e2mico e respons\u00e1vel. Potencial de crescimento. Candidata-te!\" \/>\n<meta property=\"og:url\" content=\"https:\/\/magistrae.com\/es\/181b4081-2ec7-49f6-9616-4116e81c7f26\/\" \/>\n<meta property=\"og:site_name\" content=\"Magistrae\" \/>\n<meta property=\"article:published_time\" content=\"2026-04-09T22:38:00+00:00\" \/>\n<meta property=\"article:modified_time\" content=\"2026-04-09T22:38:27+00:00\" \/>\n<meta name=\"author\" content=\"Bruno Gianni\" \/>\n<meta name=\"twitter:card\" content=\"summary_large_image\" \/>\n<meta name=\"twitter:label1\" content=\"Written by\" \/>\n\t<meta name=\"twitter:data1\" content=\"Bruno Gianni\" \/>\n\t<meta name=\"twitter:label2\" content=\"Est. reading time\" \/>\n\t<meta name=\"twitter:data2\" content=\"3 minutos\" \/>\n<script type=\"application\/ld+json\" class=\"yoast-schema-graph\">{\"@context\":\"https:\/\/schema.org\",\"@graph\":[{\"@type\":\"Article\",\"@id\":\"https:\/\/magistrae.com\/181b4081-2ec7-49f6-9616-4116e81c7f26\/#article\",\"isPartOf\":{\"@id\":\"https:\/\/magistrae.com\/181b4081-2ec7-49f6-9616-4116e81c7f26\/\"},\"author\":{\"name\":\"Bruno Gianni\",\"@id\":\"https:\/\/magistrae.com\/#\/schema\/person\/d52888235fd6563bd07d97185d6a61e4\"},\"headline\":\"Gerente de Loja: Lideran\u00e7a, Forma\u00e7\u00e3o e Oportunidade de Crescimento\",\"datePublished\":\"2026-04-09T22:38:00+00:00\",\"dateModified\":\"2026-04-09T22:38:27+00:00\",\"mainEntityOfPage\":{\"@id\":\"https:\/\/magistrae.com\/181b4081-2ec7-49f6-9616-4116e81c7f26\/\"},\"wordCount\":565,\"commentCount\":0,\"publisher\":{\"@id\":\"https:\/\/magistrae.com\/#organization\"},\"articleSection\":[\"Hidden\"],\"inLanguage\":\"es\",\"potentialAction\":[{\"@type\":\"CommentAction\",\"name\":\"Comment\",\"target\":[\"https:\/\/magistrae.com\/181b4081-2ec7-49f6-9616-4116e81c7f26\/#respond\"]}]},{\"@type\":\"WebPage\",\"@id\":\"https:\/\/magistrae.com\/181b4081-2ec7-49f6-9616-4116e81c7f26\/\",\"url\":\"https:\/\/magistrae.com\/181b4081-2ec7-49f6-9616-4116e81c7f26\/\",\"name\":\"Gerente de Loja: Lideran\u00e7a, Forma\u00e7\u00e3o e Oportunidade de Crescimento - Magistrae\",\"isPartOf\":{\"@id\":\"https:\/\/magistrae.com\/#website\"},\"datePublished\":\"2026-04-09T22:38:00+00:00\",\"dateModified\":\"2026-04-09T22:38:27+00:00\",\"breadcrumb\":{\"@id\":\"https:\/\/magistrae.com\/181b4081-2ec7-49f6-9616-4116e81c7f26\/#breadcrumb\"},\"inLanguage\":\"es\",\"potentialAction\":[{\"@type\":\"ReadAction\",\"target\":[\"https:\/\/magistrae.com\/181b4081-2ec7-49f6-9616-4116e81c7f26\/\"]}]},{\"@type\":\"BreadcrumbList\",\"@id\":\"https:\/\/magistrae.com\/181b4081-2ec7-49f6-9616-4116e81c7f26\/#breadcrumb\",\"itemListElement\":[{\"@type\":\"ListItem\",\"position\":1,\"name\":\"Home\",\"item\":\"https:\/\/magistrae.com\/\"},{\"@type\":\"ListItem\",\"position\":2,\"name\":\"Gerente de Loja: Lideran\u00e7a, Forma\u00e7\u00e3o e Oportunidade de Crescimento\"}]},{\"@type\":\"WebSite\",\"@id\":\"https:\/\/magistrae.com\/#website\",\"url\":\"https:\/\/magistrae.com\/\",\"name\":\"Magistrae\",\"description\":\"\",\"publisher\":{\"@id\":\"https:\/\/magistrae.com\/#organization\"},\"potentialAction\":[{\"@type\":\"SearchAction\",\"target\":{\"@type\":\"EntryPoint\",\"urlTemplate\":\"https:\/\/magistrae.com\/?s={search_term_string}\"},\"query-input\":\"required name=search_term_string\"}],\"inLanguage\":\"es\"},{\"@type\":\"Organization\",\"@id\":\"https:\/\/magistrae.com\/#organization\",\"name\":\"Magistrae\",\"url\":\"https:\/\/magistrae.com\/\",\"logo\":{\"@type\":\"ImageObject\",\"inLanguage\":\"es\",\"@id\":\"https:\/\/magistrae.com\/#\/schema\/logo\/image\/\",\"url\":\"https:\/\/magistrae.com\/wp-content\/uploads\/sites\/413\/2026\/03\/9_Magistrae.jpg\",\"contentUrl\":\"https:\/\/magistrae.com\/wp-content\/uploads\/sites\/413\/2026\/03\/9_Magistrae.jpg\",\"width\":2000,\"height\":2000,\"caption\":\"Magistrae\"},\"image\":{\"@id\":\"https:\/\/magistrae.com\/#\/schema\/logo\/image\/\"}},{\"@type\":\"Person\",\"@id\":\"https:\/\/magistrae.com\/#\/schema\/person\/d52888235fd6563bd07d97185d6a61e4\",\"name\":\"Bruno Gianni\",\"image\":{\"@type\":\"ImageObject\",\"inLanguage\":\"es\",\"@id\":\"https:\/\/magistrae.com\/#\/schema\/person\/image\/\",\"url\":\"https:\/\/secure.gravatar.com\/avatar\/0f5d42d7bf77874643c1478932860e3f?s=96&d=mm&r=g\",\"contentUrl\":\"https:\/\/secure.gravatar.com\/avatar\/0f5d42d7bf77874643c1478932860e3f?s=96&d=mm&r=g\",\"caption\":\"Bruno Gianni\"},\"description\":\"Bruno writes the way he lives, with curiosity, care, and respect for people. He likes to observe, listen, and try to understand what is happening on the other side before putting any words on the page.For him, writing is not about impressing, but about getting closer. It is about turning thoughts into something simple, clear, and real. Every text is an ongoing conversation, created with care and honesty, with the sincere intention of touching someone, somewhere along the way.\",\"url\":\"https:\/\/magistrae.com\/es\/author\/bcgianni\/\"}]}<\/script>\n<!-- \/ Yoast SEO plugin. -->","yoast_head_json":{"title":"Gerente de Loja: Lideran\u00e7a, Forma\u00e7\u00e3o e Oportunidade de Crescimento - Magistrae","robots":{"index":"index","follow":"follow","max-snippet":"max-snippet:-1","max-image-preview":"max-image-preview:large","max-video-preview":"max-video-preview:-1"},"canonical":"https:\/\/magistrae.com\/es\/181b4081-2ec7-49f6-9616-4116e81c7f26\/","og_locale":"es_ES","og_type":"article","og_title":"Gerente de Loja: Lideran\u00e7a, Forma\u00e7\u00e3o e Oportunidade de Crescimento - Magistrae","og_description":"Oportunidade \u00fanica para Gerente de Loja com foco em lideran\u00e7a, forma\u00e7\u00e3o e gest\u00e3o de equipas. Perfil din\u00e2mico e respons\u00e1vel. Potencial de crescimento. Candidata-te!","og_url":"https:\/\/magistrae.com\/es\/181b4081-2ec7-49f6-9616-4116e81c7f26\/","og_site_name":"Magistrae","article_published_time":"2026-04-09T22:38:00+00:00","article_modified_time":"2026-04-09T22:38:27+00:00","author":"Bruno Gianni","twitter_card":"summary_large_image","twitter_misc":{"Written by":"Bruno Gianni","Est. reading time":"3 minutos"},"schema":{"@context":"https:\/\/schema.org","@graph":[{"@type":"Article","@id":"https:\/\/magistrae.com\/181b4081-2ec7-49f6-9616-4116e81c7f26\/#article","isPartOf":{"@id":"https:\/\/magistrae.com\/181b4081-2ec7-49f6-9616-4116e81c7f26\/"},"author":{"name":"Bruno Gianni","@id":"https:\/\/magistrae.com\/#\/schema\/person\/d52888235fd6563bd07d97185d6a61e4"},"headline":"Gerente de Loja: Lideran\u00e7a, Forma\u00e7\u00e3o e Oportunidade de Crescimento","datePublished":"2026-04-09T22:38:00+00:00","dateModified":"2026-04-09T22:38:27+00:00","mainEntityOfPage":{"@id":"https:\/\/magistrae.com\/181b4081-2ec7-49f6-9616-4116e81c7f26\/"},"wordCount":565,"commentCount":0,"publisher":{"@id":"https:\/\/magistrae.com\/#organization"},"articleSection":["Hidden"],"inLanguage":"es","potentialAction":[{"@type":"CommentAction","name":"Comment","target":["https:\/\/magistrae.com\/181b4081-2ec7-49f6-9616-4116e81c7f26\/#respond"]}]},{"@type":"WebPage","@id":"https:\/\/magistrae.com\/181b4081-2ec7-49f6-9616-4116e81c7f26\/","url":"https:\/\/magistrae.com\/181b4081-2ec7-49f6-9616-4116e81c7f26\/","name":"Gerente de Loja: Lideran\u00e7a, Forma\u00e7\u00e3o e Oportunidade de Crescimento - Magistrae","isPartOf":{"@id":"https:\/\/magistrae.com\/#website"},"datePublished":"2026-04-09T22:38:00+00:00","dateModified":"2026-04-09T22:38:27+00:00","breadcrumb":{"@id":"https:\/\/magistrae.com\/181b4081-2ec7-49f6-9616-4116e81c7f26\/#breadcrumb"},"inLanguage":"es","potentialAction":[{"@type":"ReadAction","target":["https:\/\/magistrae.com\/181b4081-2ec7-49f6-9616-4116e81c7f26\/"]}]},{"@type":"BreadcrumbList","@id":"https:\/\/magistrae.com\/181b4081-2ec7-49f6-9616-4116e81c7f26\/#breadcrumb","itemListElement":[{"@type":"ListItem","position":1,"name":"Home","item":"https:\/\/magistrae.com\/"},{"@type":"ListItem","position":2,"name":"Gerente de Loja: Lideran\u00e7a, Forma\u00e7\u00e3o e Oportunidade de Crescimento"}]},{"@type":"WebSite","@id":"https:\/\/magistrae.com\/#website","url":"https:\/\/magistrae.com\/","name":"Magistrae","description":"","publisher":{"@id":"https:\/\/magistrae.com\/#organization"},"potentialAction":[{"@type":"SearchAction","target":{"@type":"EntryPoint","urlTemplate":"https:\/\/magistrae.com\/?s={search_term_string}"},"query-input":"required name=search_term_string"}],"inLanguage":"es"},{"@type":"Organization","@id":"https:\/\/magistrae.com\/#organization","name":"Magistrae","url":"https:\/\/magistrae.com\/","logo":{"@type":"ImageObject","inLanguage":"es","@id":"https:\/\/magistrae.com\/#\/schema\/logo\/image\/","url":"https:\/\/magistrae.com\/wp-content\/uploads\/sites\/413\/2026\/03\/9_Magistrae.jpg","contentUrl":"https:\/\/magistrae.com\/wp-content\/uploads\/sites\/413\/2026\/03\/9_Magistrae.jpg","width":2000,"height":2000,"caption":"Magistrae"},"image":{"@id":"https:\/\/magistrae.com\/#\/schema\/logo\/image\/"}},{"@type":"Person","@id":"https:\/\/magistrae.com\/#\/schema\/person\/d52888235fd6563bd07d97185d6a61e4","name":"Bruno Gianni","image":{"@type":"ImageObject","inLanguage":"es","@id":"https:\/\/magistrae.com\/#\/schema\/person\/image\/","url":"https:\/\/secure.gravatar.com\/avatar\/0f5d42d7bf77874643c1478932860e3f?s=96&d=mm&r=g","contentUrl":"https:\/\/secure.gravatar.com\/avatar\/0f5d42d7bf77874643c1478932860e3f?s=96&d=mm&r=g","caption":"Bruno Gianni"},"description":"Bruno writes the way he lives, with curiosity, care, and respect for people. He likes to observe, listen, and try to understand what is happening on the other side before putting any words on the page.For him, writing is not about impressing, but about getting closer. It is about turning thoughts into something simple, clear, and real. Every text is an ongoing conversation, created with care and honesty, with the sincere intention of touching someone, somewhere along the way.","url":"https:\/\/magistrae.com\/es\/author\/bcgianni\/"}]}},"uagb_featured_image_src":{"full":false,"thumbnail":false,"medium":false,"medium_large":false,"large":false,"1536x1536":false,"2048x2048":false,"trp-custom-language-flag":false},"uagb_author_info":{"display_name":"Bruno Gianni","author_link":"https:\/\/magistrae.com\/es\/author\/bcgianni\/"},"uagb_comment_info":0,"uagb_excerpt":"Oportunidade \u00fanica para Gerente de Loja com foco em lideran\u00e7a, forma\u00e7\u00e3o e gest\u00e3o de equipas. Perfil din\u00e2mico e respons\u00e1vel. Potencial de crescimento. Candidata-te!","_links":{"self":[{"href":"https:\/\/magistrae.com\/es\/wp-json\/wp\/v2\/posts\/11799"}],"collection":[{"href":"https:\/\/magistrae.com\/es\/wp-json\/wp\/v2\/posts"}],"about":[{"href":"https:\/\/magistrae.com\/es\/wp-json\/wp\/v2\/types\/post"}],"author":[{"embeddable":true,"href":"https:\/\/magistrae.com\/es\/wp-json\/wp\/v2\/users\/3"}],"replies":[{"embeddable":true,"href":"https:\/\/magistrae.com\/es\/wp-json\/wp\/v2\/comments?post=11799"}],"version-history":[{"count":1,"href":"https:\/\/magistrae.com\/es\/wp-json\/wp\/v2\/posts\/11799\/revisions"}],"predecessor-version":[{"id":11803,"href":"https:\/\/magistrae.com\/es\/wp-json\/wp\/v2\/posts\/11799\/revisions\/11803"}],"wp:attachment":[{"href":"https:\/\/magistrae.com\/es\/wp-json\/wp\/v2\/media?parent=11799"}],"wp:term":[{"taxonomy":"category","embeddable":true,"href":"https:\/\/magistrae.com\/es\/wp-json\/wp\/v2\/categories?post=11799"},{"taxonomy":"post_tag","embeddable":true,"href":"https:\/\/magistrae.com\/es\/wp-json\/wp\/v2\/tags?post=11799"}],"curies":[{"name":"wp","href":"https:\/\/api.w.org\/{rel}","templated":true}]}}