{"id":11795,"date":"2026-04-09T20:12:00","date_gmt":"2026-04-09T20:12:00","guid":{"rendered":"https:\/\/magistrae.com\/eeb0132a-120d-4ca2-801d-80a7b671f0eb\/"},"modified":"2026-04-09T20:12:41","modified_gmt":"2026-04-09T20:12:41","slug":"eeb0132a-120d-4ca2-801d-80a7b671f0eb","status":"publish","type":"post","link":"https:\/\/magistrae.com\/es\/eeb0132a-120d-4ca2-801d-80a7b671f0eb\/","title":{"rendered":"Gestor de Servi\u00e7os Gerais (m\/f): Lideran\u00e7a, Crescimento e Oportunidades"},"content":{"rendered":"<\/p>\n<\/p>\n<div style=\"background: #ffffff; border-radius: 12px; box-shadow: 0 10px 30px rgba(0, 0, 0, 0.1); width: 100%; max-width: 340px; padding: 25px; transition: transform 0.3s ease-in-out; overflow: visible; display: flex; flex-direction: column; position: relative; border: 1px solid #28a745; margin-top: 70px; margin-bottom: 50px; margin-left: auto; margin-right: auto;\">\n<div style=\"position: absolute; top: -35px; right: 15px; color: #28a745; padding: 5px 10px; border-radius: 6px; font-size: 14px; font-weight: bold; display: flex; align-items: center; z-index: 10;\">Recomendado para si<\/div>\n<div data-namespace-header=\"\" style=\"\">\n<h3 data-namespace-title=\"\" style=\"color: #333; font-size: 20px; font-weight: bold; text-align: left; margin-right: 50px; min-height: 50px; margin-top: 0px;\">Gestor de Servi\u00e7os Gerais<\/h3>\n<\/p><\/div>\n<p data-namespace-prompt=\"\" style=\"font-size: 16px; color: #666; margin-bottom: 20px; line-height: 1.5; flex-grow: 1; text-align: left; margin-top: 0px;\">Oportunidade em grupo s\u00f3lido, lideran\u00e7a de equipa, foco em opera\u00e7\u00f5es, custos e melhoria de servi\u00e7os. Destaca-se pelo desenvolvimento profissional e elevado dinamismo.<\/p>\n<p>    <a data-namespace-url=\"\" href=\"https:\/\/magistrae.com\/es\/redirect\/?https:\/\/jobs.keptpeople.com\/jobs\/gestor-de-servicos-gerais-m-f-luanda?utm_campaign=google_jobs_apply&#038;utm_source=google_jobs_apply&#038;utm_medium=organic\" style=\"width: 100%; display: inline-block; color: white; text-decoration: none; border-radius: 6px; font-size: 16px; font-weight: bold; text-align: center; transition: transform 0.3s ease, background 0.3s ease; margin-top: auto;\" data-namespace-id=\"5c0d2565-3ba9-4280-a382-ad2a691e2285\"><br \/>\n        <button style=\"width: 100%; height: 55px; background: #e9e9ed; border: 1px solid black; color: black;\">Candidatar-se ao emprego<\/button><br \/>\n    <\/a><br \/>\n    <small style=\"margin-top: 10px; color: #777; font-size: 12px; text-align: center; display: block;\">Ser\u00e1 redirigido a otro sitio<\/small>\n<\/div>\n<p>Esta vaga para Gestor de Servi\u00e7os Gerais (m\/f) apresenta-se como uma excelente oportunidade para profissionais ambiciosos. O hor\u00e1rio \u00e9 integral e o modelo \u00e9 totalmente presencial, o que proporciona imers\u00e3o total nas opera\u00e7\u00f5es da empresa. Apesar de n\u00e3o divulgar sal\u00e1rio, destaca-se o crescimento profissional num grupo est\u00e1vel e din\u00e2mico. As exig\u00eancias incluem licenciatura em gest\u00e3o, engenharia ou \u00e1rea similar, experi\u00eancia s\u00f3lida em cargos similares e dom\u00ednio de ferramentas MS Office, al\u00e9m de flu\u00eancia em portugu\u00eas e ingl\u00eas.<\/p>\n<h2>Principais Responsabilidades do Dia-a-Dia<\/h2>\n<p>O Gestor de Servi\u00e7os Gerais \u00e9 respons\u00e1vel pela lideran\u00e7a directa da equipa de opera\u00e7\u00f5es, supervisionando todas as atividades de suporte corporativo.<\/p>\n<p>Parte das tarefas envolvem rever necessidades, definir especifica\u00e7\u00f5es, negociar pre\u00e7os, prazos e condi\u00e7\u00f5es de pagamento com fornecedores, sempre conforme o or\u00e7amento.<\/p>\n<p>Al\u00e9m disso, cabe-lhe garantir a manuten\u00e7\u00e3o de instala\u00e7\u00f5es, equipamentos e viaturas, assegurando padr\u00f5es elevados de funcionamento.<\/p>\n<p>Esta posi\u00e7\u00e3o exige tamb\u00e9m coordena\u00e7\u00e3o de transportes, viagens e servi\u00e7os diversos dentro da organiza\u00e7\u00e3o, incluindo limpeza e refeit\u00f3rio.<\/p>\n<p>Outro ponto central \u00e9 a avalia\u00e7\u00e3o de desempenho do pessoal, an\u00e1lise de indicadores (KPIs) e implementa\u00e7\u00e3o de melhorias nos processos log\u00edsticos.<\/p>\n<h2>Vantagens em Destacar<\/h2>\n<p>Uma das maiores vantagens \u00e9 a chance de fazer parte de uma empresa consolidada, oferecendo espa\u00e7o para crescimento real.<\/p>\n<p>O ambiente desafiante e a possibilidade de liderar equipas diversas contribuem para uma evolu\u00e7\u00e3o constante das suas compet\u00eancias.<\/p>\n<p>Outro aspeto positivo \u00e9 o forte investimento em tecnologia e processos otimizados, que facilitam o desempenho das fun\u00e7\u00f5es di\u00e1rias.<\/p>\n<h2>Pontos a Ter em Considera\u00e7\u00e3o<\/h2>\n<p>O cargo exige resist\u00eancia ao stress e uma capacidade elevada para resolver problemas de forma pr\u00e1tica e aut\u00f3noma.<\/p>\n<p>O ritmo de trabalho pode ser exigente, principalmente pela diversidade de servi\u00e7os sob responsabilidade direta do gestor.<\/p>\n<p>\u00c9 importante salientar que o alto grau de cobran\u00e7a por resultados pode n\u00e3o ser adequado para todos os perfis profissionais.<\/p>\n<h2>Veredito Final<\/h2>\n<p>A posi\u00e7\u00e3o de Gestor de Servi\u00e7os Gerais \u00e9 indicada para l\u00edderes natos, organizados e proativos, com desejo real de evoluir numa carreira de gest\u00e3o operacional. O contexto profissional oferece oportunidades genu\u00ednas para sair da zona de conforto e crescer numa estrutura de grande porte. Se procura desenvolvimento e desafios di\u00e1rios, este emprego pode corresponder \u00e0s suas expectativas.<\/p>\n<div style=\"background: #ffffff; border-radius: 12px; box-shadow: 0 10px 30px rgba(0, 0, 0, 0.1); width: 100%; max-width: 340px; padding: 25px; transition: transform 0.3s ease-in-out; overflow: visible; display: flex; flex-direction: column; position: relative; border: 1px solid #28a745; margin-top: 70px; margin-bottom: 50px; margin-left: auto; margin-right: auto;\">\n<div style=\"position: absolute; top: -35px; right: 15px; color: #28a745; padding: 5px 10px; border-radius: 6px; font-size: 14px; font-weight: bold; display: flex; align-items: center; z-index: 10;\">Recomendado para si<\/div>\n<div data-namespace-header=\"\" style=\"\">\n<h3 data-namespace-title=\"\" style=\"color: #333; font-size: 20px; font-weight: bold; text-align: left; margin-right: 50px; min-height: 50px; margin-top: 0px;\">Gestor de Servi\u00e7os Gerais<\/h3>\n<\/p><\/div>\n<p data-namespace-prompt=\"\" style=\"font-size: 16px; color: #666; margin-bottom: 20px; line-height: 1.5; flex-grow: 1; text-align: left; margin-top: 0px;\">Oportunidade em grupo s\u00f3lido, lideran\u00e7a de equipa, foco em opera\u00e7\u00f5es, custos e melhoria de servi\u00e7os. Destaca-se pelo desenvolvimento profissional e elevado dinamismo.<\/p>\n<p>    <a data-namespace-url=\"\" href=\"https:\/\/magistrae.com\/es\/redirect\/?https:\/\/jobs.keptpeople.com\/jobs\/gestor-de-servicos-gerais-m-f-luanda?utm_campaign=google_jobs_apply&#038;utm_source=google_jobs_apply&#038;utm_medium=organic\" style=\"width: 100%; display: inline-block; color: white; text-decoration: none; border-radius: 6px; font-size: 16px; font-weight: bold; text-align: center; transition: transform 0.3s ease, background 0.3s ease; margin-top: auto;\" data-namespace-id=\"5c0d2565-3ba9-4280-a382-ad2a691e2285\"><br \/>\n        <button style=\"width: 100%; height: 55px; background: #e9e9ed; border: 1px solid black; color: black;\">Candidatar-se ao emprego<\/button><br \/>\n    <\/a><br \/>\n    <small style=\"margin-top: 10px; color: #777; font-size: 12px; text-align: center; display: block;\">Ser\u00e1 redirigido a otro sitio<\/small>\n<\/div>","protected":false},"excerpt":{"rendered":"<p>Conhe\u00e7a todos os detalhes sobre a vaga de Gestor de Servi\u00e7os Gerais. Lideran\u00e7a, evolu\u00e7\u00e3o profissional e oportunidades de crescimento num ambiente din\u00e2mico. Veja pr\u00f3s e contras na an\u00e1lise imparcial.<\/p>","protected":false},"author":3,"featured_media":0,"comment_status":"open","ping_status":"open","sticky":false,"template":"","format":"standard","meta":{"_uag_custom_page_level_css":"","site-sidebar-layout":"default","site-content-layout":"","ast-site-content-layout":"","site-content-style":"default","site-sidebar-style":"default","ast-global-header-display":"","ast-banner-title-visibility":"","ast-main-header-display":"","ast-hfb-above-header-display":"","ast-hfb-below-header-display":"","ast-hfb-mobile-header-display":"","site-post-title":"","ast-breadcrumbs-content":"","ast-featured-img":"","footer-sml-layout":"","theme-transparent-header-meta":"","adv-header-id-meta":"","stick-header-meta":"","header-above-stick-meta":"","header-main-stick-meta":"","header-below-stick-meta":"","astra-migrate-meta-layouts":"default","ast-page-background-enabled":"default","ast-page-background-meta":{"desktop":{"background-color":"var(--ast-global-color-4)","background-image":"","background-repeat":"repeat","background-position":"center center","background-size":"auto","background-attachment":"scroll","background-type":"","background-media":"","overlay-type":"","overlay-color":"","overlay-opacity":"","overlay-gradient":""},"tablet":{"background-color":"","background-image":"","background-repeat":"repeat","background-position":"center center","background-size":"auto","background-attachment":"scroll","background-type":"","background-media":"","overlay-type":"","overlay-color":"","overlay-opacity":"","overlay-gradient":""},"mobile":{"background-color":"","background-image":"","background-repeat":"repeat","background-position":"center center","background-size":"auto","background-attachment":"scroll","background-type":"","background-media":"","overlay-type":"","overlay-color":"","overlay-opacity":"","overlay-gradient":""}},"ast-content-background-meta":{"desktop":{"background-color":"var(--ast-global-color-5)","background-image":"","background-repeat":"repeat","background-position":"center center","background-size":"auto","background-attachment":"scroll","background-type":"","background-media":"","overlay-type":"","overlay-color":"","overlay-opacity":"","overlay-gradient":""},"tablet":{"background-color":"var(--ast-global-color-5)","background-image":"","background-repeat":"repeat","background-position":"center center","background-size":"auto","background-attachment":"scroll","background-type":"","background-media":"","overlay-type":"","overlay-color":"","overlay-opacity":"","overlay-gradient":""},"mobile":{"background-color":"var(--ast-global-color-5)","background-image":"","background-repeat":"repeat","background-position":"center center","background-size":"auto","background-attachment":"scroll","background-type":"","background-media":"","overlay-type":"","overlay-color":"","overlay-opacity":"","overlay-gradient":""}},"footnotes":""},"categories":[14],"tags":[],"yoast_head":"<!-- This site is optimized with the Yoast SEO plugin v23.3 - https:\/\/yoast.com\/wordpress\/plugins\/seo\/ -->\n<title>Gestor de Servi\u00e7os Gerais (m\/f): Lideran\u00e7a, Crescimento e Oportunidades - Magistrae<\/title>\n<meta name=\"robots\" content=\"index, follow, max-snippet:-1, max-image-preview:large, max-video-preview:-1\" \/>\n<link rel=\"canonical\" href=\"https:\/\/magistrae.com\/es\/eeb0132a-120d-4ca2-801d-80a7b671f0eb\/\" \/>\n<meta property=\"og:locale\" content=\"es_ES\" \/>\n<meta property=\"og:type\" content=\"article\" \/>\n<meta property=\"og:title\" content=\"Gestor de Servi\u00e7os Gerais (m\/f): Lideran\u00e7a, Crescimento e Oportunidades - Magistrae\" \/>\n<meta property=\"og:description\" content=\"Conhe\u00e7a todos os detalhes sobre a vaga de Gestor de Servi\u00e7os Gerais. Lideran\u00e7a, evolu\u00e7\u00e3o profissional e oportunidades de crescimento num ambiente din\u00e2mico. Veja pr\u00f3s e contras na an\u00e1lise imparcial.\" \/>\n<meta property=\"og:url\" content=\"https:\/\/magistrae.com\/es\/eeb0132a-120d-4ca2-801d-80a7b671f0eb\/\" \/>\n<meta property=\"og:site_name\" content=\"Magistrae\" \/>\n<meta property=\"article:published_time\" content=\"2026-04-09T20:12:00+00:00\" \/>\n<meta property=\"article:modified_time\" content=\"2026-04-09T20:12:41+00:00\" \/>\n<meta name=\"author\" content=\"Bruno Gianni\" \/>\n<meta name=\"twitter:card\" content=\"summary_large_image\" \/>\n<meta name=\"twitter:label1\" content=\"Written by\" \/>\n\t<meta name=\"twitter:data1\" content=\"Bruno Gianni\" \/>\n\t<meta name=\"twitter:label2\" content=\"Est. reading time\" \/>\n\t<meta name=\"twitter:data2\" content=\"2 minutos\" \/>\n<script type=\"application\/ld+json\" class=\"yoast-schema-graph\">{\"@context\":\"https:\/\/schema.org\",\"@graph\":[{\"@type\":\"Article\",\"@id\":\"https:\/\/magistrae.com\/eeb0132a-120d-4ca2-801d-80a7b671f0eb\/#article\",\"isPartOf\":{\"@id\":\"https:\/\/magistrae.com\/eeb0132a-120d-4ca2-801d-80a7b671f0eb\/\"},\"author\":{\"name\":\"Bruno Gianni\",\"@id\":\"https:\/\/magistrae.com\/#\/schema\/person\/d52888235fd6563bd07d97185d6a61e4\"},\"headline\":\"Gestor de Servi\u00e7os Gerais (m\/f): Lideran\u00e7a, Crescimento e Oportunidades\",\"datePublished\":\"2026-04-09T20:12:00+00:00\",\"dateModified\":\"2026-04-09T20:12:41+00:00\",\"mainEntityOfPage\":{\"@id\":\"https:\/\/magistrae.com\/eeb0132a-120d-4ca2-801d-80a7b671f0eb\/\"},\"wordCount\":502,\"commentCount\":0,\"publisher\":{\"@id\":\"https:\/\/magistrae.com\/#organization\"},\"articleSection\":[\"Hidden\"],\"inLanguage\":\"es\",\"potentialAction\":[{\"@type\":\"CommentAction\",\"name\":\"Comment\",\"target\":[\"https:\/\/magistrae.com\/eeb0132a-120d-4ca2-801d-80a7b671f0eb\/#respond\"]}]},{\"@type\":\"WebPage\",\"@id\":\"https:\/\/magistrae.com\/eeb0132a-120d-4ca2-801d-80a7b671f0eb\/\",\"url\":\"https:\/\/magistrae.com\/eeb0132a-120d-4ca2-801d-80a7b671f0eb\/\",\"name\":\"Gestor de Servi\u00e7os Gerais (m\/f): Lideran\u00e7a, Crescimento e Oportunidades - Magistrae\",\"isPartOf\":{\"@id\":\"https:\/\/magistrae.com\/#website\"},\"datePublished\":\"2026-04-09T20:12:00+00:00\",\"dateModified\":\"2026-04-09T20:12:41+00:00\",\"breadcrumb\":{\"@id\":\"https:\/\/magistrae.com\/eeb0132a-120d-4ca2-801d-80a7b671f0eb\/#breadcrumb\"},\"inLanguage\":\"es\",\"potentialAction\":[{\"@type\":\"ReadAction\",\"target\":[\"https:\/\/magistrae.com\/eeb0132a-120d-4ca2-801d-80a7b671f0eb\/\"]}]},{\"@type\":\"BreadcrumbList\",\"@id\":\"https:\/\/magistrae.com\/eeb0132a-120d-4ca2-801d-80a7b671f0eb\/#breadcrumb\",\"itemListElement\":[{\"@type\":\"ListItem\",\"position\":1,\"name\":\"Home\",\"item\":\"https:\/\/magistrae.com\/\"},{\"@type\":\"ListItem\",\"position\":2,\"name\":\"Gestor de Servi\u00e7os Gerais (m\/f): Lideran\u00e7a, Crescimento e Oportunidades\"}]},{\"@type\":\"WebSite\",\"@id\":\"https:\/\/magistrae.com\/#website\",\"url\":\"https:\/\/magistrae.com\/\",\"name\":\"Magistrae\",\"description\":\"\",\"publisher\":{\"@id\":\"https:\/\/magistrae.com\/#organization\"},\"potentialAction\":[{\"@type\":\"SearchAction\",\"target\":{\"@type\":\"EntryPoint\",\"urlTemplate\":\"https:\/\/magistrae.com\/?s={search_term_string}\"},\"query-input\":\"required name=search_term_string\"}],\"inLanguage\":\"es\"},{\"@type\":\"Organization\",\"@id\":\"https:\/\/magistrae.com\/#organization\",\"name\":\"Magistrae\",\"url\":\"https:\/\/magistrae.com\/\",\"logo\":{\"@type\":\"ImageObject\",\"inLanguage\":\"es\",\"@id\":\"https:\/\/magistrae.com\/#\/schema\/logo\/image\/\",\"url\":\"https:\/\/magistrae.com\/wp-content\/uploads\/sites\/413\/2026\/03\/9_Magistrae.jpg\",\"contentUrl\":\"https:\/\/magistrae.com\/wp-content\/uploads\/sites\/413\/2026\/03\/9_Magistrae.jpg\",\"width\":2000,\"height\":2000,\"caption\":\"Magistrae\"},\"image\":{\"@id\":\"https:\/\/magistrae.com\/#\/schema\/logo\/image\/\"}},{\"@type\":\"Person\",\"@id\":\"https:\/\/magistrae.com\/#\/schema\/person\/d52888235fd6563bd07d97185d6a61e4\",\"name\":\"Bruno Gianni\",\"image\":{\"@type\":\"ImageObject\",\"inLanguage\":\"es\",\"@id\":\"https:\/\/magistrae.com\/#\/schema\/person\/image\/\",\"url\":\"https:\/\/secure.gravatar.com\/avatar\/0f5d42d7bf77874643c1478932860e3f?s=96&d=mm&r=g\",\"contentUrl\":\"https:\/\/secure.gravatar.com\/avatar\/0f5d42d7bf77874643c1478932860e3f?s=96&d=mm&r=g\",\"caption\":\"Bruno Gianni\"},\"description\":\"Bruno writes the way he lives, with curiosity, care, and respect for people. He likes to observe, listen, and try to understand what is happening on the other side before putting any words on the page.For him, writing is not about impressing, but about getting closer. It is about turning thoughts into something simple, clear, and real. Every text is an ongoing conversation, created with care and honesty, with the sincere intention of touching someone, somewhere along the way.\",\"url\":\"https:\/\/magistrae.com\/es\/author\/bcgianni\/\"}]}<\/script>\n<!-- \/ Yoast SEO plugin. -->","yoast_head_json":{"title":"Gestor de Servi\u00e7os Gerais (m\/f): Lideran\u00e7a, Crescimento e Oportunidades - Magistrae","robots":{"index":"index","follow":"follow","max-snippet":"max-snippet:-1","max-image-preview":"max-image-preview:large","max-video-preview":"max-video-preview:-1"},"canonical":"https:\/\/magistrae.com\/es\/eeb0132a-120d-4ca2-801d-80a7b671f0eb\/","og_locale":"es_ES","og_type":"article","og_title":"Gestor de Servi\u00e7os Gerais (m\/f): Lideran\u00e7a, Crescimento e Oportunidades - Magistrae","og_description":"Conhe\u00e7a todos os detalhes sobre a vaga de Gestor de Servi\u00e7os Gerais. Lideran\u00e7a, evolu\u00e7\u00e3o profissional e oportunidades de crescimento num ambiente din\u00e2mico. Veja pr\u00f3s e contras na an\u00e1lise imparcial.","og_url":"https:\/\/magistrae.com\/es\/eeb0132a-120d-4ca2-801d-80a7b671f0eb\/","og_site_name":"Magistrae","article_published_time":"2026-04-09T20:12:00+00:00","article_modified_time":"2026-04-09T20:12:41+00:00","author":"Bruno Gianni","twitter_card":"summary_large_image","twitter_misc":{"Written by":"Bruno Gianni","Est. reading time":"2 minutos"},"schema":{"@context":"https:\/\/schema.org","@graph":[{"@type":"Article","@id":"https:\/\/magistrae.com\/eeb0132a-120d-4ca2-801d-80a7b671f0eb\/#article","isPartOf":{"@id":"https:\/\/magistrae.com\/eeb0132a-120d-4ca2-801d-80a7b671f0eb\/"},"author":{"name":"Bruno Gianni","@id":"https:\/\/magistrae.com\/#\/schema\/person\/d52888235fd6563bd07d97185d6a61e4"},"headline":"Gestor de Servi\u00e7os Gerais (m\/f): Lideran\u00e7a, Crescimento e Oportunidades","datePublished":"2026-04-09T20:12:00+00:00","dateModified":"2026-04-09T20:12:41+00:00","mainEntityOfPage":{"@id":"https:\/\/magistrae.com\/eeb0132a-120d-4ca2-801d-80a7b671f0eb\/"},"wordCount":502,"commentCount":0,"publisher":{"@id":"https:\/\/magistrae.com\/#organization"},"articleSection":["Hidden"],"inLanguage":"es","potentialAction":[{"@type":"CommentAction","name":"Comment","target":["https:\/\/magistrae.com\/eeb0132a-120d-4ca2-801d-80a7b671f0eb\/#respond"]}]},{"@type":"WebPage","@id":"https:\/\/magistrae.com\/eeb0132a-120d-4ca2-801d-80a7b671f0eb\/","url":"https:\/\/magistrae.com\/eeb0132a-120d-4ca2-801d-80a7b671f0eb\/","name":"Gestor de Servi\u00e7os Gerais (m\/f): Lideran\u00e7a, Crescimento e Oportunidades - Magistrae","isPartOf":{"@id":"https:\/\/magistrae.com\/#website"},"datePublished":"2026-04-09T20:12:00+00:00","dateModified":"2026-04-09T20:12:41+00:00","breadcrumb":{"@id":"https:\/\/magistrae.com\/eeb0132a-120d-4ca2-801d-80a7b671f0eb\/#breadcrumb"},"inLanguage":"es","potentialAction":[{"@type":"ReadAction","target":["https:\/\/magistrae.com\/eeb0132a-120d-4ca2-801d-80a7b671f0eb\/"]}]},{"@type":"BreadcrumbList","@id":"https:\/\/magistrae.com\/eeb0132a-120d-4ca2-801d-80a7b671f0eb\/#breadcrumb","itemListElement":[{"@type":"ListItem","position":1,"name":"Home","item":"https:\/\/magistrae.com\/"},{"@type":"ListItem","position":2,"name":"Gestor de Servi\u00e7os Gerais (m\/f): Lideran\u00e7a, Crescimento e Oportunidades"}]},{"@type":"WebSite","@id":"https:\/\/magistrae.com\/#website","url":"https:\/\/magistrae.com\/","name":"Magistrae","description":"","publisher":{"@id":"https:\/\/magistrae.com\/#organization"},"potentialAction":[{"@type":"SearchAction","target":{"@type":"EntryPoint","urlTemplate":"https:\/\/magistrae.com\/?s={search_term_string}"},"query-input":"required name=search_term_string"}],"inLanguage":"es"},{"@type":"Organization","@id":"https:\/\/magistrae.com\/#organization","name":"Magistrae","url":"https:\/\/magistrae.com\/","logo":{"@type":"ImageObject","inLanguage":"es","@id":"https:\/\/magistrae.com\/#\/schema\/logo\/image\/","url":"https:\/\/magistrae.com\/wp-content\/uploads\/sites\/413\/2026\/03\/9_Magistrae.jpg","contentUrl":"https:\/\/magistrae.com\/wp-content\/uploads\/sites\/413\/2026\/03\/9_Magistrae.jpg","width":2000,"height":2000,"caption":"Magistrae"},"image":{"@id":"https:\/\/magistrae.com\/#\/schema\/logo\/image\/"}},{"@type":"Person","@id":"https:\/\/magistrae.com\/#\/schema\/person\/d52888235fd6563bd07d97185d6a61e4","name":"Bruno Gianni","image":{"@type":"ImageObject","inLanguage":"es","@id":"https:\/\/magistrae.com\/#\/schema\/person\/image\/","url":"https:\/\/secure.gravatar.com\/avatar\/0f5d42d7bf77874643c1478932860e3f?s=96&d=mm&r=g","contentUrl":"https:\/\/secure.gravatar.com\/avatar\/0f5d42d7bf77874643c1478932860e3f?s=96&d=mm&r=g","caption":"Bruno Gianni"},"description":"Bruno writes the way he lives, with curiosity, care, and respect for people. He likes to observe, listen, and try to understand what is happening on the other side before putting any words on the page.For him, writing is not about impressing, but about getting closer. It is about turning thoughts into something simple, clear, and real. Every text is an ongoing conversation, created with care and honesty, with the sincere intention of touching someone, somewhere along the way.","url":"https:\/\/magistrae.com\/es\/author\/bcgianni\/"}]}},"uagb_featured_image_src":{"full":false,"thumbnail":false,"medium":false,"medium_large":false,"large":false,"1536x1536":false,"2048x2048":false,"trp-custom-language-flag":false},"uagb_author_info":{"display_name":"Bruno Gianni","author_link":"https:\/\/magistrae.com\/es\/author\/bcgianni\/"},"uagb_comment_info":0,"uagb_excerpt":"Conhe\u00e7a todos os detalhes sobre a vaga de Gestor de Servi\u00e7os Gerais. Lideran\u00e7a, evolu\u00e7\u00e3o profissional e oportunidades de crescimento num ambiente din\u00e2mico. Veja pr\u00f3s e contras na an\u00e1lise imparcial.","_links":{"self":[{"href":"https:\/\/magistrae.com\/es\/wp-json\/wp\/v2\/posts\/11795"}],"collection":[{"href":"https:\/\/magistrae.com\/es\/wp-json\/wp\/v2\/posts"}],"about":[{"href":"https:\/\/magistrae.com\/es\/wp-json\/wp\/v2\/types\/post"}],"author":[{"embeddable":true,"href":"https:\/\/magistrae.com\/es\/wp-json\/wp\/v2\/users\/3"}],"replies":[{"embeddable":true,"href":"https:\/\/magistrae.com\/es\/wp-json\/wp\/v2\/comments?post=11795"}],"version-history":[{"count":1,"href":"https:\/\/magistrae.com\/es\/wp-json\/wp\/v2\/posts\/11795\/revisions"}],"predecessor-version":[{"id":11798,"href":"https:\/\/magistrae.com\/es\/wp-json\/wp\/v2\/posts\/11795\/revisions\/11798"}],"wp:attachment":[{"href":"https:\/\/magistrae.com\/es\/wp-json\/wp\/v2\/media?parent=11795"}],"wp:term":[{"taxonomy":"category","embeddable":true,"href":"https:\/\/magistrae.com\/es\/wp-json\/wp\/v2\/categories?post=11795"},{"taxonomy":"post_tag","embeddable":true,"href":"https:\/\/magistrae.com\/es\/wp-json\/wp\/v2\/tags?post=11795"}],"curies":[{"name":"wp","href":"https:\/\/api.w.org\/{rel}","templated":true}]}}