{"id":11759,"date":"2026-04-09T11:06:00","date_gmt":"2026-04-09T11:06:00","guid":{"rendered":"https:\/\/magistrae.com\/3dabc683-6748-49c7-9973-2f52d532d52c\/"},"modified":"2026-04-09T11:06:52","modified_gmt":"2026-04-09T11:06:52","slug":"3dabc683-6748-49c7-9973-2f52d532d52c","status":"publish","type":"post","link":"https:\/\/magistrae.com\/es\/3dabc683-6748-49c7-9973-2f52d532d52c\/","title":{"rendered":"Gerente de Loja \u2013 Coordena\u00e7\u00e3o de Equipa, Lideran\u00e7a e Crescimento Profissional"},"content":{"rendered":"<\/p>\n<\/p>\n<div style=\"background: #ffffff; border-radius: 12px; box-shadow: 0 10px 30px rgba(0, 0, 0, 0.1); width: 100%; max-width: 340px; padding: 25px; transition: transform 0.3s ease-in-out; overflow: visible; display: flex; flex-direction: column; position: relative; border: 1px solid #28a745; margin-top: 70px; margin-bottom: 50px; margin-left: auto; margin-right: auto;\">\n<div style=\"position: absolute; top: -35px; right: 15px; color: #28a745; padding: 5px 10px; border-radius: 6px; font-size: 14px; font-weight: bold; display: flex; align-items: center; z-index: 10;\">Recomendado para si<\/div>\n<div data-namespace-header=\"\" style=\"\">\n<h3 data-namespace-title=\"\" style=\"color: #333; font-size: 20px; font-weight: bold; text-align: left; margin-right: 50px; min-height: 50px; margin-top: 0px;\">Gerente de Loja<\/h3>\n<\/p><\/div>\n<p data-namespace-prompt=\"\" style=\"font-size: 16px; color: #666; margin-bottom: 20px; line-height: 1.5; flex-grow: 1; text-align: left; margin-top: 0px;\">Coordenar equipa, gerir loja, desenvolver campanhas e formar colaboradores. Perfil com lideran\u00e7a, experi\u00eancia, motiva\u00e7\u00e3o e foco em resultados.<\/p>\n<p>    <a data-namespace-url=\"\" href=\"https:\/\/magistrae.com\/es\/redirect\/?https:\/\/angoemprego.com\/vagas\/tecnico-comercial-vendedor\/?utm_campaign=google_jobs_apply&#038;utm_source=google_jobs_apply&#038;utm_medium=organic\" style=\"width: 100%; display: inline-block; color: white; text-decoration: none; border-radius: 6px; font-size: 16px; font-weight: bold; text-align: center; transition: transform 0.3s ease, background 0.3s ease; margin-top: auto;\" data-namespace-id=\"5c0d2565-3ba9-4280-a382-ad2a691e2285\"><br \/>\n        <button style=\"width: 100%; height: 55px; background: #e9e9ed; border: 1px solid black; color: black;\">Candidate-se \u00e0 vaga<\/button><br \/>\n    <\/a><br \/>\n    <small style=\"margin-top: 10px; color: #777; font-size: 12px; text-align: center; display: block;\">Ser\u00e1 redirigido a otro sitio<\/small>\n<\/div>\n<p>Esta \u00e9 uma oportunidade para quem busca crescimento profissional e papel de lideran\u00e7a. A vaga de gerente de loja exige experi\u00eancia consolidada, preferencialmente no ramo alimentar, com pelo menos cinco anos em fun\u00e7\u00f5es semelhantes. Apesar dos detalhes de sal\u00e1rio e condi\u00e7\u00f5es espec\u00edficas n\u00e3o terem sido divulgados, o cargo promete destaque na equipa comercial e de vendas, com possibilidade de progress\u00e3o e valoriza\u00e7\u00e3o de compet\u00eancias.<\/p>\n<h2>Responsabilidades Di\u00e1rias no Cargo<\/h2>\n<p>O gerente \u00e9 respons\u00e1vel pela coordena\u00e7\u00e3o e motiva\u00e7\u00e3o da equipa, orientando para o alcance das metas comerciais. Gerir o stock da loja e garantir que nunca falte produto ao cliente \u00e9 essencial. Tamb\u00e9m vai definir campanhas de comunica\u00e7\u00e3o e promo\u00e7\u00f5es atrativas no ponto de venda. Elaborar relat\u00f3rios detalhados de vendas e analisar resultados ser\u00e1 parte da rotina. A forma\u00e7\u00e3o e acompanhamento constante dos colaboradores garantem o bom desempenho global.<\/p>\n<h2>Principais Pontos Positivos<\/h2>\n<p>Entre as vantagens destaca-se o desenvolvimento de compet\u00eancias de lideran\u00e7a e gest\u00e3o de equipas transversais. A posi\u00e7\u00e3o permite adquirir vis\u00e3o estrat\u00e9gica e operacional do neg\u00f3cio. O ambiente fomenta proatividade e dinamismo, beneficiando quem gosta de desafios. H\u00e1 oportunidade de participar directamente na forma\u00e7\u00e3o da equipa. Ser reconhecido pelo desempenho e resultados proporciona crescimento no grupo.<\/p>\n<h2>Principais Pontos Negativos<\/h2>\n<p>O cargo exige elevada responsabilidade e press\u00e3o para alcan\u00e7ar metas. Gerir uma equipa pode ser exigente em situa\u00e7\u00f5es de conflito. A necessidade de forma\u00e7\u00e3o cont\u00ednua pode consumir tempo adicional. A rotina \u00e9 din\u00e2mica e pode exigir flexibilidade de hor\u00e1rios. A experi\u00eancia m\u00ednima requerida pode ser restritiva a quem est\u00e1 a iniciar carreira.<\/p>\n<h2>O Veredito<\/h2>\n<p>Esta vaga \u00e9 ideal para quem j\u00e1 liderou equipas e procura um novo desafio profissional, valorizando resultados e esp\u00edrito de equipa. Os pr\u00e9-requisitos garantem selec\u00e7\u00e3o de candidatos comprometidos e preparados, tornando a experi\u00eancia exigente e gratificante. Se procura progress\u00e3o e desenvolvimento, esta vaga de gerente de loja pode ser uma excelente oportunidade para a sua carreira.<\/p>\n<div style=\"background: #ffffff; border-radius: 12px; box-shadow: 0 10px 30px rgba(0, 0, 0, 0.1); width: 100%; max-width: 340px; padding: 25px; transition: transform 0.3s ease-in-out; overflow: visible; display: flex; flex-direction: column; position: relative; border: 1px solid #28a745; margin-top: 70px; margin-bottom: 50px; margin-left: auto; margin-right: auto;\">\n<div style=\"position: absolute; top: -35px; right: 15px; color: #28a745; padding: 5px 10px; border-radius: 6px; font-size: 14px; font-weight: bold; display: flex; align-items: center; z-index: 10;\">Recomendado para si<\/div>\n<div data-namespace-header=\"\" style=\"\">\n<h3 data-namespace-title=\"\" style=\"color: #333; font-size: 20px; font-weight: bold; text-align: left; margin-right: 50px; min-height: 50px; margin-top: 0px;\">Gerente de Loja<\/h3>\n<\/p><\/div>\n<p data-namespace-prompt=\"\" style=\"font-size: 16px; color: #666; margin-bottom: 20px; line-height: 1.5; flex-grow: 1; text-align: left; margin-top: 0px;\">Coordenar equipa, gerir loja, desenvolver campanhas e formar colaboradores. Perfil com lideran\u00e7a, experi\u00eancia, motiva\u00e7\u00e3o e foco em resultados.<\/p>\n<p>    <a data-namespace-url=\"\" href=\"https:\/\/magistrae.com\/es\/redirect\/?https:\/\/angoemprego.com\/vagas\/tecnico-comercial-vendedor\/?utm_campaign=google_jobs_apply&#038;utm_source=google_jobs_apply&#038;utm_medium=organic\" style=\"width: 100%; display: inline-block; color: white; text-decoration: none; border-radius: 6px; font-size: 16px; font-weight: bold; text-align: center; transition: transform 0.3s ease, background 0.3s ease; margin-top: auto;\" data-namespace-id=\"5c0d2565-3ba9-4280-a382-ad2a691e2285\"><br \/>\n        <button style=\"width: 100%; height: 55px; background: #e9e9ed; border: 1px solid black; color: black;\">Candidate-se \u00e0 vaga<\/button><br \/>\n    <\/a><br \/>\n    <small style=\"margin-top: 10px; color: #777; font-size: 12px; text-align: center; display: block;\">Ser\u00e1 redirigido a otro sitio<\/small>\n<\/div>","protected":false},"excerpt":{"rendered":"<p>Procura lideran\u00e7a e crescimento? Vaga de gerente de loja aberta para perfil din\u00e2mico e motivador! Saiba as responsabilidades, vantagens, desafios e como candidatar-se.<\/p>","protected":false},"author":3,"featured_media":0,"comment_status":"open","ping_status":"open","sticky":false,"template":"","format":"standard","meta":{"_uag_custom_page_level_css":"","site-sidebar-layout":"default","site-content-layout":"","ast-site-content-layout":"","site-content-style":"default","site-sidebar-style":"default","ast-global-header-display":"","ast-banner-title-visibility":"","ast-main-header-display":"","ast-hfb-above-header-display":"","ast-hfb-below-header-display":"","ast-hfb-mobile-header-display":"","site-post-title":"","ast-breadcrumbs-content":"","ast-featured-img":"","footer-sml-layout":"","theme-transparent-header-meta":"","adv-header-id-meta":"","stick-header-meta":"","header-above-stick-meta":"","header-main-stick-meta":"","header-below-stick-meta":"","astra-migrate-meta-layouts":"default","ast-page-background-enabled":"default","ast-page-background-meta":{"desktop":{"background-color":"var(--ast-global-color-4)","background-image":"","background-repeat":"repeat","background-position":"center center","background-size":"auto","background-attachment":"scroll","background-type":"","background-media":"","overlay-type":"","overlay-color":"","overlay-opacity":"","overlay-gradient":""},"tablet":{"background-color":"","background-image":"","background-repeat":"repeat","background-position":"center center","background-size":"auto","background-attachment":"scroll","background-type":"","background-media":"","overlay-type":"","overlay-color":"","overlay-opacity":"","overlay-gradient":""},"mobile":{"background-color":"","background-image":"","background-repeat":"repeat","background-position":"center center","background-size":"auto","background-attachment":"scroll","background-type":"","background-media":"","overlay-type":"","overlay-color":"","overlay-opacity":"","overlay-gradient":""}},"ast-content-background-meta":{"desktop":{"background-color":"var(--ast-global-color-5)","background-image":"","background-repeat":"repeat","background-position":"center center","background-size":"auto","background-attachment":"scroll","background-type":"","background-media":"","overlay-type":"","overlay-color":"","overlay-opacity":"","overlay-gradient":""},"tablet":{"background-color":"var(--ast-global-color-5)","background-image":"","background-repeat":"repeat","background-position":"center center","background-size":"auto","background-attachment":"scroll","background-type":"","background-media":"","overlay-type":"","overlay-color":"","overlay-opacity":"","overlay-gradient":""},"mobile":{"background-color":"var(--ast-global-color-5)","background-image":"","background-repeat":"repeat","background-position":"center center","background-size":"auto","background-attachment":"scroll","background-type":"","background-media":"","overlay-type":"","overlay-color":"","overlay-opacity":"","overlay-gradient":""}},"footnotes":""},"categories":[14],"tags":[],"yoast_head":"<!-- This site is optimized with the Yoast SEO plugin v23.3 - https:\/\/yoast.com\/wordpress\/plugins\/seo\/ -->\n<title>Gerente de Loja \u2013 Coordena\u00e7\u00e3o de Equipa, Lideran\u00e7a e Crescimento Profissional - Magistrae<\/title>\n<meta name=\"robots\" content=\"index, follow, max-snippet:-1, max-image-preview:large, max-video-preview:-1\" \/>\n<link rel=\"canonical\" href=\"https:\/\/magistrae.com\/es\/3dabc683-6748-49c7-9973-2f52d532d52c\/\" \/>\n<meta property=\"og:locale\" content=\"es_ES\" \/>\n<meta property=\"og:type\" content=\"article\" \/>\n<meta property=\"og:title\" content=\"Gerente de Loja \u2013 Coordena\u00e7\u00e3o de Equipa, Lideran\u00e7a e Crescimento Profissional - Magistrae\" \/>\n<meta property=\"og:description\" content=\"Procura lideran\u00e7a e crescimento? Vaga de gerente de loja aberta para perfil din\u00e2mico e motivador! Saiba as responsabilidades, vantagens, desafios e como candidatar-se.\" \/>\n<meta property=\"og:url\" content=\"https:\/\/magistrae.com\/es\/3dabc683-6748-49c7-9973-2f52d532d52c\/\" \/>\n<meta property=\"og:site_name\" content=\"Magistrae\" \/>\n<meta property=\"article:published_time\" content=\"2026-04-09T11:06:00+00:00\" \/>\n<meta property=\"article:modified_time\" content=\"2026-04-09T11:06:52+00:00\" \/>\n<meta name=\"author\" content=\"Bruno Gianni\" \/>\n<meta name=\"twitter:card\" content=\"summary_large_image\" \/>\n<meta name=\"twitter:label1\" content=\"Written by\" \/>\n\t<meta name=\"twitter:data1\" content=\"Bruno Gianni\" \/>\n\t<meta name=\"twitter:label2\" content=\"Est. reading time\" \/>\n\t<meta name=\"twitter:data2\" content=\"2 minutos\" \/>\n<script type=\"application\/ld+json\" class=\"yoast-schema-graph\">{\"@context\":\"https:\/\/schema.org\",\"@graph\":[{\"@type\":\"Article\",\"@id\":\"https:\/\/magistrae.com\/3dabc683-6748-49c7-9973-2f52d532d52c\/#article\",\"isPartOf\":{\"@id\":\"https:\/\/magistrae.com\/3dabc683-6748-49c7-9973-2f52d532d52c\/\"},\"author\":{\"name\":\"Bruno Gianni\",\"@id\":\"https:\/\/magistrae.com\/#\/schema\/person\/d52888235fd6563bd07d97185d6a61e4\"},\"headline\":\"Gerente de Loja \u2013 Coordena\u00e7\u00e3o de Equipa, Lideran\u00e7a e Crescimento Profissional\",\"datePublished\":\"2026-04-09T11:06:00+00:00\",\"dateModified\":\"2026-04-09T11:06:52+00:00\",\"mainEntityOfPage\":{\"@id\":\"https:\/\/magistrae.com\/3dabc683-6748-49c7-9973-2f52d532d52c\/\"},\"wordCount\":424,\"commentCount\":0,\"publisher\":{\"@id\":\"https:\/\/magistrae.com\/#organization\"},\"articleSection\":[\"Hidden\"],\"inLanguage\":\"es\",\"potentialAction\":[{\"@type\":\"CommentAction\",\"name\":\"Comment\",\"target\":[\"https:\/\/magistrae.com\/3dabc683-6748-49c7-9973-2f52d532d52c\/#respond\"]}]},{\"@type\":\"WebPage\",\"@id\":\"https:\/\/magistrae.com\/3dabc683-6748-49c7-9973-2f52d532d52c\/\",\"url\":\"https:\/\/magistrae.com\/3dabc683-6748-49c7-9973-2f52d532d52c\/\",\"name\":\"Gerente de Loja \u2013 Coordena\u00e7\u00e3o de Equipa, Lideran\u00e7a e Crescimento Profissional - Magistrae\",\"isPartOf\":{\"@id\":\"https:\/\/magistrae.com\/#website\"},\"datePublished\":\"2026-04-09T11:06:00+00:00\",\"dateModified\":\"2026-04-09T11:06:52+00:00\",\"breadcrumb\":{\"@id\":\"https:\/\/magistrae.com\/3dabc683-6748-49c7-9973-2f52d532d52c\/#breadcrumb\"},\"inLanguage\":\"es\",\"potentialAction\":[{\"@type\":\"ReadAction\",\"target\":[\"https:\/\/magistrae.com\/3dabc683-6748-49c7-9973-2f52d532d52c\/\"]}]},{\"@type\":\"BreadcrumbList\",\"@id\":\"https:\/\/magistrae.com\/3dabc683-6748-49c7-9973-2f52d532d52c\/#breadcrumb\",\"itemListElement\":[{\"@type\":\"ListItem\",\"position\":1,\"name\":\"Home\",\"item\":\"https:\/\/magistrae.com\/\"},{\"@type\":\"ListItem\",\"position\":2,\"name\":\"Gerente de Loja \u2013 Coordena\u00e7\u00e3o de Equipa, Lideran\u00e7a e Crescimento Profissional\"}]},{\"@type\":\"WebSite\",\"@id\":\"https:\/\/magistrae.com\/#website\",\"url\":\"https:\/\/magistrae.com\/\",\"name\":\"Magistrae\",\"description\":\"\",\"publisher\":{\"@id\":\"https:\/\/magistrae.com\/#organization\"},\"potentialAction\":[{\"@type\":\"SearchAction\",\"target\":{\"@type\":\"EntryPoint\",\"urlTemplate\":\"https:\/\/magistrae.com\/?s={search_term_string}\"},\"query-input\":\"required name=search_term_string\"}],\"inLanguage\":\"es\"},{\"@type\":\"Organization\",\"@id\":\"https:\/\/magistrae.com\/#organization\",\"name\":\"Magistrae\",\"url\":\"https:\/\/magistrae.com\/\",\"logo\":{\"@type\":\"ImageObject\",\"inLanguage\":\"es\",\"@id\":\"https:\/\/magistrae.com\/#\/schema\/logo\/image\/\",\"url\":\"https:\/\/magistrae.com\/wp-content\/uploads\/sites\/413\/2026\/03\/9_Magistrae.jpg\",\"contentUrl\":\"https:\/\/magistrae.com\/wp-content\/uploads\/sites\/413\/2026\/03\/9_Magistrae.jpg\",\"width\":2000,\"height\":2000,\"caption\":\"Magistrae\"},\"image\":{\"@id\":\"https:\/\/magistrae.com\/#\/schema\/logo\/image\/\"}},{\"@type\":\"Person\",\"@id\":\"https:\/\/magistrae.com\/#\/schema\/person\/d52888235fd6563bd07d97185d6a61e4\",\"name\":\"Bruno Gianni\",\"image\":{\"@type\":\"ImageObject\",\"inLanguage\":\"es\",\"@id\":\"https:\/\/magistrae.com\/#\/schema\/person\/image\/\",\"url\":\"https:\/\/secure.gravatar.com\/avatar\/0f5d42d7bf77874643c1478932860e3f?s=96&d=mm&r=g\",\"contentUrl\":\"https:\/\/secure.gravatar.com\/avatar\/0f5d42d7bf77874643c1478932860e3f?s=96&d=mm&r=g\",\"caption\":\"Bruno Gianni\"},\"description\":\"Bruno writes the way he lives, with curiosity, care, and respect for people. He likes to observe, listen, and try to understand what is happening on the other side before putting any words on the page.For him, writing is not about impressing, but about getting closer. It is about turning thoughts into something simple, clear, and real. Every text is an ongoing conversation, created with care and honesty, with the sincere intention of touching someone, somewhere along the way.\",\"url\":\"https:\/\/magistrae.com\/es\/author\/bcgianni\/\"}]}<\/script>\n<!-- \/ Yoast SEO plugin. -->","yoast_head_json":{"title":"Gerente de Loja \u2013 Coordena\u00e7\u00e3o de Equipa, Lideran\u00e7a e Crescimento Profissional - Magistrae","robots":{"index":"index","follow":"follow","max-snippet":"max-snippet:-1","max-image-preview":"max-image-preview:large","max-video-preview":"max-video-preview:-1"},"canonical":"https:\/\/magistrae.com\/es\/3dabc683-6748-49c7-9973-2f52d532d52c\/","og_locale":"es_ES","og_type":"article","og_title":"Gerente de Loja \u2013 Coordena\u00e7\u00e3o de Equipa, Lideran\u00e7a e Crescimento Profissional - Magistrae","og_description":"Procura lideran\u00e7a e crescimento? Vaga de gerente de loja aberta para perfil din\u00e2mico e motivador! Saiba as responsabilidades, vantagens, desafios e como candidatar-se.","og_url":"https:\/\/magistrae.com\/es\/3dabc683-6748-49c7-9973-2f52d532d52c\/","og_site_name":"Magistrae","article_published_time":"2026-04-09T11:06:00+00:00","article_modified_time":"2026-04-09T11:06:52+00:00","author":"Bruno Gianni","twitter_card":"summary_large_image","twitter_misc":{"Written by":"Bruno Gianni","Est. reading time":"2 minutos"},"schema":{"@context":"https:\/\/schema.org","@graph":[{"@type":"Article","@id":"https:\/\/magistrae.com\/3dabc683-6748-49c7-9973-2f52d532d52c\/#article","isPartOf":{"@id":"https:\/\/magistrae.com\/3dabc683-6748-49c7-9973-2f52d532d52c\/"},"author":{"name":"Bruno Gianni","@id":"https:\/\/magistrae.com\/#\/schema\/person\/d52888235fd6563bd07d97185d6a61e4"},"headline":"Gerente de Loja \u2013 Coordena\u00e7\u00e3o de Equipa, Lideran\u00e7a e Crescimento Profissional","datePublished":"2026-04-09T11:06:00+00:00","dateModified":"2026-04-09T11:06:52+00:00","mainEntityOfPage":{"@id":"https:\/\/magistrae.com\/3dabc683-6748-49c7-9973-2f52d532d52c\/"},"wordCount":424,"commentCount":0,"publisher":{"@id":"https:\/\/magistrae.com\/#organization"},"articleSection":["Hidden"],"inLanguage":"es","potentialAction":[{"@type":"CommentAction","name":"Comment","target":["https:\/\/magistrae.com\/3dabc683-6748-49c7-9973-2f52d532d52c\/#respond"]}]},{"@type":"WebPage","@id":"https:\/\/magistrae.com\/3dabc683-6748-49c7-9973-2f52d532d52c\/","url":"https:\/\/magistrae.com\/3dabc683-6748-49c7-9973-2f52d532d52c\/","name":"Gerente de Loja \u2013 Coordena\u00e7\u00e3o de Equipa, Lideran\u00e7a e Crescimento Profissional - Magistrae","isPartOf":{"@id":"https:\/\/magistrae.com\/#website"},"datePublished":"2026-04-09T11:06:00+00:00","dateModified":"2026-04-09T11:06:52+00:00","breadcrumb":{"@id":"https:\/\/magistrae.com\/3dabc683-6748-49c7-9973-2f52d532d52c\/#breadcrumb"},"inLanguage":"es","potentialAction":[{"@type":"ReadAction","target":["https:\/\/magistrae.com\/3dabc683-6748-49c7-9973-2f52d532d52c\/"]}]},{"@type":"BreadcrumbList","@id":"https:\/\/magistrae.com\/3dabc683-6748-49c7-9973-2f52d532d52c\/#breadcrumb","itemListElement":[{"@type":"ListItem","position":1,"name":"Home","item":"https:\/\/magistrae.com\/"},{"@type":"ListItem","position":2,"name":"Gerente de Loja \u2013 Coordena\u00e7\u00e3o de Equipa, Lideran\u00e7a e Crescimento Profissional"}]},{"@type":"WebSite","@id":"https:\/\/magistrae.com\/#website","url":"https:\/\/magistrae.com\/","name":"Magistrae","description":"","publisher":{"@id":"https:\/\/magistrae.com\/#organization"},"potentialAction":[{"@type":"SearchAction","target":{"@type":"EntryPoint","urlTemplate":"https:\/\/magistrae.com\/?s={search_term_string}"},"query-input":"required name=search_term_string"}],"inLanguage":"es"},{"@type":"Organization","@id":"https:\/\/magistrae.com\/#organization","name":"Magistrae","url":"https:\/\/magistrae.com\/","logo":{"@type":"ImageObject","inLanguage":"es","@id":"https:\/\/magistrae.com\/#\/schema\/logo\/image\/","url":"https:\/\/magistrae.com\/wp-content\/uploads\/sites\/413\/2026\/03\/9_Magistrae.jpg","contentUrl":"https:\/\/magistrae.com\/wp-content\/uploads\/sites\/413\/2026\/03\/9_Magistrae.jpg","width":2000,"height":2000,"caption":"Magistrae"},"image":{"@id":"https:\/\/magistrae.com\/#\/schema\/logo\/image\/"}},{"@type":"Person","@id":"https:\/\/magistrae.com\/#\/schema\/person\/d52888235fd6563bd07d97185d6a61e4","name":"Bruno Gianni","image":{"@type":"ImageObject","inLanguage":"es","@id":"https:\/\/magistrae.com\/#\/schema\/person\/image\/","url":"https:\/\/secure.gravatar.com\/avatar\/0f5d42d7bf77874643c1478932860e3f?s=96&d=mm&r=g","contentUrl":"https:\/\/secure.gravatar.com\/avatar\/0f5d42d7bf77874643c1478932860e3f?s=96&d=mm&r=g","caption":"Bruno Gianni"},"description":"Bruno writes the way he lives, with curiosity, care, and respect for people. He likes to observe, listen, and try to understand what is happening on the other side before putting any words on the page.For him, writing is not about impressing, but about getting closer. It is about turning thoughts into something simple, clear, and real. Every text is an ongoing conversation, created with care and honesty, with the sincere intention of touching someone, somewhere along the way.","url":"https:\/\/magistrae.com\/es\/author\/bcgianni\/"}]}},"uagb_featured_image_src":{"full":false,"thumbnail":false,"medium":false,"medium_large":false,"large":false,"1536x1536":false,"2048x2048":false,"trp-custom-language-flag":false},"uagb_author_info":{"display_name":"Bruno Gianni","author_link":"https:\/\/magistrae.com\/es\/author\/bcgianni\/"},"uagb_comment_info":0,"uagb_excerpt":"Procura lideran\u00e7a e crescimento? Vaga de gerente de loja aberta para perfil din\u00e2mico e motivador! Saiba as responsabilidades, vantagens, desafios e como candidatar-se.","_links":{"self":[{"href":"https:\/\/magistrae.com\/es\/wp-json\/wp\/v2\/posts\/11759"}],"collection":[{"href":"https:\/\/magistrae.com\/es\/wp-json\/wp\/v2\/posts"}],"about":[{"href":"https:\/\/magistrae.com\/es\/wp-json\/wp\/v2\/types\/post"}],"author":[{"embeddable":true,"href":"https:\/\/magistrae.com\/es\/wp-json\/wp\/v2\/users\/3"}],"replies":[{"embeddable":true,"href":"https:\/\/magistrae.com\/es\/wp-json\/wp\/v2\/comments?post=11759"}],"version-history":[{"count":1,"href":"https:\/\/magistrae.com\/es\/wp-json\/wp\/v2\/posts\/11759\/revisions"}],"predecessor-version":[{"id":11766,"href":"https:\/\/magistrae.com\/es\/wp-json\/wp\/v2\/posts\/11759\/revisions\/11766"}],"wp:attachment":[{"href":"https:\/\/magistrae.com\/es\/wp-json\/wp\/v2\/media?parent=11759"}],"wp:term":[{"taxonomy":"category","embeddable":true,"href":"https:\/\/magistrae.com\/es\/wp-json\/wp\/v2\/categories?post=11759"},{"taxonomy":"post_tag","embeddable":true,"href":"https:\/\/magistrae.com\/es\/wp-json\/wp\/v2\/tags?post=11759"}],"curies":[{"name":"wp","href":"https:\/\/api.w.org\/{rel}","templated":true}]}}