{"id":11753,"date":"2026-04-09T08:03:00","date_gmt":"2026-04-09T08:03:00","guid":{"rendered":"https:\/\/magistrae.com\/73b7d331-bf69-4b22-9a83-9ce5e5315273\/"},"modified":"2026-04-09T08:03:06","modified_gmt":"2026-04-09T08:03:06","slug":"73b7d331-bf69-4b22-9a83-9ce5e5315273","status":"publish","type":"post","link":"https:\/\/magistrae.com\/es\/73b7d331-bf69-4b22-9a83-9ce5e5315273\/","title":{"rendered":"Director de Servi\u00e7os de Seguran\u00e7a Interna \u2013 Lideran\u00e7a, Moderniza\u00e7\u00e3o e Crescimento Profissional"},"content":{"rendered":"<\/p>\n<\/p>\n<div style=\"background: #ffffff; border-radius: 12px; box-shadow: 0 10px 30px rgba(0, 0, 0, 0.1); width: 100%; max-width: 340px; padding: 25px; transition: transform 0.3s ease-in-out; overflow: visible; display: flex; flex-direction: column; position: relative; border: 1px solid #28a745; margin-top: 70px; margin-bottom: 50px; margin-left: auto; margin-right: auto;\">\n<div style=\"position: absolute; top: -35px; right: 15px; color: #28a745; padding: 5px 10px; border-radius: 6px; font-size: 14px; font-weight: bold; display: flex; align-items: center; z-index: 10;\">Recomendado para si<\/div>\n<div data-namespace-header=\"\" style=\"\">\n<h3 data-namespace-title=\"\" style=\"color: #333; font-size: 20px; font-weight: bold; text-align: left; margin-right: 50px; min-height: 50px; margin-top: 0px;\">Director de Servi\u00e7os de Seguran\u00e7a Interna<\/h3>\n<\/p><\/div>\n<p data-namespace-prompt=\"\" style=\"font-size: 16px; color: #666; margin-bottom: 20px; line-height: 1.5; flex-grow: 1; text-align: left; margin-top: 0px;\">Tem experi\u00eancia em gest\u00e3o de seguran\u00e7a, coordena\u00e7\u00e3o de equipas e deseja crescimento profissional? Oportunidade para liderar opera\u00e7\u00f5es e modernizar sistemas de seguran\u00e7a internos.<\/p>\n<p>    <a data-namespace-url=\"\" href=\"https:\/\/magistrae.com\/es\/redirect\/?https:\/\/jobs.keptpeople.com\/jobs\/director-de-servicos-de-seguranca-interna-m-f?utm_campaign=google_jobs_apply&#038;utm_source=google_jobs_apply&#038;utm_medium=organic\" style=\"width: 100%; display: inline-block; color: white; text-decoration: none; border-radius: 6px; font-size: 16px; font-weight: bold; text-align: center; transition: transform 0.3s ease, background 0.3s ease; margin-top: auto;\" data-namespace-id=\"5c0d2565-3ba9-4280-a382-ad2a691e2285\"><br \/>\n        <button style=\"width: 100%; height: 55px; background: #e9e9ed; border: 1px solid black; color: black;\">Candidatar \u00e0 vaga<\/button><br \/>\n    <\/a><br \/>\n    <small style=\"margin-top: 10px; color: #777; font-size: 12px; text-align: center; display: block;\">Ser\u00e1 redirecionado para outro website<\/small>\n<\/div>\n<p>O cargo de Director de Servi\u00e7os de Seguran\u00e7a Interna traz uma oportunidade \u00edmpar para quem procura assumir responsabilidades de lideran\u00e7a e gest\u00e3o integral na \u00e1rea da seguran\u00e7a corporativa. Com jornada integral e atua\u00e7\u00e3o presencial, o profissional estar\u00e1 ligado directamente aos processos estrat\u00e9gicos e operacionais da empresa, valorizando experi\u00eancia comprovada e especializa\u00e7\u00e3o em seguran\u00e7a.<\/p>\n<h2>Principais Responsabilidades e Desafios<\/h2>\n<p>No dia-a-dia, espera-se que o Director de Servi\u00e7os de Seguran\u00e7a Interna implemente e otimize processos de seguran\u00e7a patrimonial e de pessoas, coordenando equipas e opera\u00e7\u00f5es em diversos ambientes empresariais.<\/p>\n<p>Entre as tarefas, incluem-se a gest\u00e3o de escalas de guardas, implementa\u00e7\u00e3o e atualiza\u00e7\u00e3o de planos de seguran\u00e7a, inspe\u00e7\u00f5es regulares e auditorias para garantir padr\u00f5es elevados, al\u00e9m do uso de tecnologia como v\u00eddeo-vigil\u00e2ncia e controle de acessos.<\/p>\n<p>No desempenho do cargo, ser\u00e1 importante realizar an\u00e1lises de riscos, responder rapidamente a incidentes, garantir o cumprimento das leis e desenvolver relat\u00f3rios de desempenho operacional.<\/p>\n<p>Outro diferencial da fun\u00e7\u00e3o \u00e9 a responsabilidade de colaborar com a administra\u00e7\u00e3o da empresa, alinhando metas, pol\u00edticas e estrat\u00e9gias para garantir a prote\u00e7\u00e3o eficaz do patrim\u00f3nio e a imagem da institui\u00e7\u00e3o.<\/p>\n<p>O profissional tamb\u00e9m ir\u00e1 negociar e gerir contratos com fornecedores de servi\u00e7os de vigil\u00e2ncia, buscando sempre otimizar custos e elevar o padr\u00e3o de qualidade.<\/p>\n<h2>Pontos Fortes da Oportunidade<\/h2>\n<p>Uma das grandes vantagens \u00e9 a chance de integrar um grupo s\u00f3lido, conhecido por valorizar e investir no desenvolvimento profissional dos seus quadros.<\/p>\n<p>Al\u00e9m disso, quem assumir o cargo ter\u00e1 autonomia para liderar, propor melhorias e implementar novas tecnologias, sendo que o foco na inova\u00e7\u00e3o \u00e9 altamente estimulado.<\/p>\n<p>O cargo exige uma vis\u00e3o estrat\u00e9gica, relacionamento interpessoal com a alta gest\u00e3o e forte capacidade de decis\u00e3o, caracter\u00edsticas que potencializam o crescimento na carreira.<\/p>\n<h2>Pontos a Considerar<\/h2>\n<p>\u00c9 necess\u00e1rio ter flexibilidade para atuar em hor\u00e1rios vari\u00e1veis, fins de semana ou feriados, al\u00e9m de lidar com press\u00e3o em situa\u00e7\u00f5es inesperadas ou de crise.<\/p>\n<p>A fun\u00e7\u00e3o demanda atualiza\u00e7\u00e3o constante quanto \u00e0s melhores pr\u00e1ticas e legisla\u00e7\u00e3o em seguran\u00e7a, bem como dedica\u00e7\u00e3o \u00e0 forma\u00e7\u00e3o cont\u00ednua dos colaboradores.<\/p>\n<h2>Veredicto Final<\/h2>\n<p>O cargo de Director de Servi\u00e7os de Seguran\u00e7a Interna \u00e9 indicado para profissionais experientes, ambiciosos e vision\u00e1rios. Traz desafios, mas tamb\u00e9m reconhecimentos e oportunidades de desenvolvimento real.<\/p>\n<div style=\"background: #ffffff; border-radius: 12px; box-shadow: 0 10px 30px rgba(0, 0, 0, 0.1); width: 100%; max-width: 340px; padding: 25px; transition: transform 0.3s ease-in-out; overflow: visible; display: flex; flex-direction: column; position: relative; border: 1px solid #28a745; margin-top: 70px; margin-bottom: 50px; margin-left: auto; margin-right: auto;\">\n<div style=\"position: absolute; top: -35px; right: 15px; color: #28a745; padding: 5px 10px; border-radius: 6px; font-size: 14px; font-weight: bold; display: flex; align-items: center; z-index: 10;\">Recomendado para si<\/div>\n<div data-namespace-header=\"\" style=\"\">\n<h3 data-namespace-title=\"\" style=\"color: #333; font-size: 20px; font-weight: bold; text-align: left; margin-right: 50px; min-height: 50px; margin-top: 0px;\">Director de Servi\u00e7os de Seguran\u00e7a Interna<\/h3>\n<\/p><\/div>\n<p data-namespace-prompt=\"\" style=\"font-size: 16px; color: #666; margin-bottom: 20px; line-height: 1.5; flex-grow: 1; text-align: left; margin-top: 0px;\">Tem experi\u00eancia em gest\u00e3o de seguran\u00e7a, coordena\u00e7\u00e3o de equipas e deseja crescimento profissional? Oportunidade para liderar opera\u00e7\u00f5es e modernizar sistemas de seguran\u00e7a internos.<\/p>\n<p>    <a data-namespace-url=\"\" href=\"https:\/\/magistrae.com\/es\/redirect\/?https:\/\/jobs.keptpeople.com\/jobs\/director-de-servicos-de-seguranca-interna-m-f?utm_campaign=google_jobs_apply&#038;utm_source=google_jobs_apply&#038;utm_medium=organic\" style=\"width: 100%; display: inline-block; color: white; text-decoration: none; border-radius: 6px; font-size: 16px; font-weight: bold; text-align: center; transition: transform 0.3s ease, background 0.3s ease; margin-top: auto;\" data-namespace-id=\"5c0d2565-3ba9-4280-a382-ad2a691e2285\"><br \/>\n        <button style=\"width: 100%; height: 55px; background: #e9e9ed; border: 1px solid black; color: black;\">Candidatar \u00e0 vaga<\/button><br \/>\n    <\/a><br \/>\n    <small style=\"margin-top: 10px; color: #777; font-size: 12px; text-align: center; display: block;\">Ser\u00e1 redirecionado para outro website<\/small>\n<\/div>","protected":false},"excerpt":{"rendered":"<p>Procura crescer na \u00e1rea de seguran\u00e7a? Descubra a vaga de Director de Servi\u00e7os de Seguran\u00e7a Interna com foco em inova\u00e7\u00e3o, lideran\u00e7a e desenvolvimento profissional.<\/p>","protected":false},"author":3,"featured_media":0,"comment_status":"open","ping_status":"open","sticky":false,"template":"","format":"standard","meta":{"_uag_custom_page_level_css":"","site-sidebar-layout":"default","site-content-layout":"","ast-site-content-layout":"","site-content-style":"default","site-sidebar-style":"default","ast-global-header-display":"","ast-banner-title-visibility":"","ast-main-header-display":"","ast-hfb-above-header-display":"","ast-hfb-below-header-display":"","ast-hfb-mobile-header-display":"","site-post-title":"","ast-breadcrumbs-content":"","ast-featured-img":"","footer-sml-layout":"","theme-transparent-header-meta":"","adv-header-id-meta":"","stick-header-meta":"","header-above-stick-meta":"","header-main-stick-meta":"","header-below-stick-meta":"","astra-migrate-meta-layouts":"default","ast-page-background-enabled":"default","ast-page-background-meta":{"desktop":{"background-color":"var(--ast-global-color-4)","background-image":"","background-repeat":"repeat","background-position":"center center","background-size":"auto","background-attachment":"scroll","background-type":"","background-media":"","overlay-type":"","overlay-color":"","overlay-opacity":"","overlay-gradient":""},"tablet":{"background-color":"","background-image":"","background-repeat":"repeat","background-position":"center center","background-size":"auto","background-attachment":"scroll","background-type":"","background-media":"","overlay-type":"","overlay-color":"","overlay-opacity":"","overlay-gradient":""},"mobile":{"background-color":"","background-image":"","background-repeat":"repeat","background-position":"center center","background-size":"auto","background-attachment":"scroll","background-type":"","background-media":"","overlay-type":"","overlay-color":"","overlay-opacity":"","overlay-gradient":""}},"ast-content-background-meta":{"desktop":{"background-color":"var(--ast-global-color-5)","background-image":"","background-repeat":"repeat","background-position":"center center","background-size":"auto","background-attachment":"scroll","background-type":"","background-media":"","overlay-type":"","overlay-color":"","overlay-opacity":"","overlay-gradient":""},"tablet":{"background-color":"var(--ast-global-color-5)","background-image":"","background-repeat":"repeat","background-position":"center center","background-size":"auto","background-attachment":"scroll","background-type":"","background-media":"","overlay-type":"","overlay-color":"","overlay-opacity":"","overlay-gradient":""},"mobile":{"background-color":"var(--ast-global-color-5)","background-image":"","background-repeat":"repeat","background-position":"center center","background-size":"auto","background-attachment":"scroll","background-type":"","background-media":"","overlay-type":"","overlay-color":"","overlay-opacity":"","overlay-gradient":""}},"footnotes":""},"categories":[14],"tags":[],"yoast_head":"<!-- This site is optimized with the Yoast SEO plugin v23.3 - https:\/\/yoast.com\/wordpress\/plugins\/seo\/ -->\n<title>Director de Servi\u00e7os de Seguran\u00e7a Interna \u2013 Lideran\u00e7a, Moderniza\u00e7\u00e3o e Crescimento Profissional - Magistrae<\/title>\n<meta name=\"robots\" content=\"index, follow, max-snippet:-1, max-image-preview:large, max-video-preview:-1\" \/>\n<link rel=\"canonical\" href=\"https:\/\/magistrae.com\/es\/73b7d331-bf69-4b22-9a83-9ce5e5315273\/\" \/>\n<meta property=\"og:locale\" content=\"es_ES\" \/>\n<meta property=\"og:type\" content=\"article\" \/>\n<meta property=\"og:title\" content=\"Director de Servi\u00e7os de Seguran\u00e7a Interna \u2013 Lideran\u00e7a, Moderniza\u00e7\u00e3o e Crescimento Profissional - Magistrae\" \/>\n<meta property=\"og:description\" content=\"Procura crescer na \u00e1rea de seguran\u00e7a? Descubra a vaga de Director de Servi\u00e7os de Seguran\u00e7a Interna com foco em inova\u00e7\u00e3o, lideran\u00e7a e desenvolvimento profissional.\" \/>\n<meta property=\"og:url\" content=\"https:\/\/magistrae.com\/es\/73b7d331-bf69-4b22-9a83-9ce5e5315273\/\" \/>\n<meta property=\"og:site_name\" content=\"Magistrae\" \/>\n<meta property=\"article:published_time\" content=\"2026-04-09T08:03:00+00:00\" \/>\n<meta property=\"article:modified_time\" content=\"2026-04-09T08:03:06+00:00\" \/>\n<meta name=\"author\" content=\"Bruno Gianni\" \/>\n<meta name=\"twitter:card\" content=\"summary_large_image\" \/>\n<meta name=\"twitter:label1\" content=\"Written by\" \/>\n\t<meta name=\"twitter:data1\" content=\"Bruno Gianni\" \/>\n\t<meta name=\"twitter:label2\" content=\"Est. reading time\" \/>\n\t<meta name=\"twitter:data2\" content=\"3 minutos\" \/>\n<script type=\"application\/ld+json\" class=\"yoast-schema-graph\">{\"@context\":\"https:\/\/schema.org\",\"@graph\":[{\"@type\":\"Article\",\"@id\":\"https:\/\/magistrae.com\/73b7d331-bf69-4b22-9a83-9ce5e5315273\/#article\",\"isPartOf\":{\"@id\":\"https:\/\/magistrae.com\/73b7d331-bf69-4b22-9a83-9ce5e5315273\/\"},\"author\":{\"name\":\"Bruno Gianni\",\"@id\":\"https:\/\/magistrae.com\/#\/schema\/person\/d52888235fd6563bd07d97185d6a61e4\"},\"headline\":\"Director de Servi\u00e7os de Seguran\u00e7a Interna \u2013 Lideran\u00e7a, Moderniza\u00e7\u00e3o e Crescimento Profissional\",\"datePublished\":\"2026-04-09T08:03:00+00:00\",\"dateModified\":\"2026-04-09T08:03:06+00:00\",\"mainEntityOfPage\":{\"@id\":\"https:\/\/magistrae.com\/73b7d331-bf69-4b22-9a83-9ce5e5315273\/\"},\"wordCount\":521,\"commentCount\":0,\"publisher\":{\"@id\":\"https:\/\/magistrae.com\/#organization\"},\"articleSection\":[\"Hidden\"],\"inLanguage\":\"es\",\"potentialAction\":[{\"@type\":\"CommentAction\",\"name\":\"Comment\",\"target\":[\"https:\/\/magistrae.com\/73b7d331-bf69-4b22-9a83-9ce5e5315273\/#respond\"]}]},{\"@type\":\"WebPage\",\"@id\":\"https:\/\/magistrae.com\/73b7d331-bf69-4b22-9a83-9ce5e5315273\/\",\"url\":\"https:\/\/magistrae.com\/73b7d331-bf69-4b22-9a83-9ce5e5315273\/\",\"name\":\"Director de Servi\u00e7os de Seguran\u00e7a Interna \u2013 Lideran\u00e7a, Moderniza\u00e7\u00e3o e Crescimento Profissional - Magistrae\",\"isPartOf\":{\"@id\":\"https:\/\/magistrae.com\/#website\"},\"datePublished\":\"2026-04-09T08:03:00+00:00\",\"dateModified\":\"2026-04-09T08:03:06+00:00\",\"breadcrumb\":{\"@id\":\"https:\/\/magistrae.com\/73b7d331-bf69-4b22-9a83-9ce5e5315273\/#breadcrumb\"},\"inLanguage\":\"es\",\"potentialAction\":[{\"@type\":\"ReadAction\",\"target\":[\"https:\/\/magistrae.com\/73b7d331-bf69-4b22-9a83-9ce5e5315273\/\"]}]},{\"@type\":\"BreadcrumbList\",\"@id\":\"https:\/\/magistrae.com\/73b7d331-bf69-4b22-9a83-9ce5e5315273\/#breadcrumb\",\"itemListElement\":[{\"@type\":\"ListItem\",\"position\":1,\"name\":\"Home\",\"item\":\"https:\/\/magistrae.com\/\"},{\"@type\":\"ListItem\",\"position\":2,\"name\":\"Director de Servi\u00e7os de Seguran\u00e7a Interna \u2013 Lideran\u00e7a, Moderniza\u00e7\u00e3o e Crescimento Profissional\"}]},{\"@type\":\"WebSite\",\"@id\":\"https:\/\/magistrae.com\/#website\",\"url\":\"https:\/\/magistrae.com\/\",\"name\":\"Magistrae\",\"description\":\"\",\"publisher\":{\"@id\":\"https:\/\/magistrae.com\/#organization\"},\"potentialAction\":[{\"@type\":\"SearchAction\",\"target\":{\"@type\":\"EntryPoint\",\"urlTemplate\":\"https:\/\/magistrae.com\/?s={search_term_string}\"},\"query-input\":\"required name=search_term_string\"}],\"inLanguage\":\"es\"},{\"@type\":\"Organization\",\"@id\":\"https:\/\/magistrae.com\/#organization\",\"name\":\"Magistrae\",\"url\":\"https:\/\/magistrae.com\/\",\"logo\":{\"@type\":\"ImageObject\",\"inLanguage\":\"es\",\"@id\":\"https:\/\/magistrae.com\/#\/schema\/logo\/image\/\",\"url\":\"https:\/\/magistrae.com\/wp-content\/uploads\/sites\/413\/2026\/03\/9_Magistrae.jpg\",\"contentUrl\":\"https:\/\/magistrae.com\/wp-content\/uploads\/sites\/413\/2026\/03\/9_Magistrae.jpg\",\"width\":2000,\"height\":2000,\"caption\":\"Magistrae\"},\"image\":{\"@id\":\"https:\/\/magistrae.com\/#\/schema\/logo\/image\/\"}},{\"@type\":\"Person\",\"@id\":\"https:\/\/magistrae.com\/#\/schema\/person\/d52888235fd6563bd07d97185d6a61e4\",\"name\":\"Bruno Gianni\",\"image\":{\"@type\":\"ImageObject\",\"inLanguage\":\"es\",\"@id\":\"https:\/\/magistrae.com\/#\/schema\/person\/image\/\",\"url\":\"https:\/\/secure.gravatar.com\/avatar\/0f5d42d7bf77874643c1478932860e3f?s=96&d=mm&r=g\",\"contentUrl\":\"https:\/\/secure.gravatar.com\/avatar\/0f5d42d7bf77874643c1478932860e3f?s=96&d=mm&r=g\",\"caption\":\"Bruno Gianni\"},\"description\":\"Bruno writes the way he lives, with curiosity, care, and respect for people. He likes to observe, listen, and try to understand what is happening on the other side before putting any words on the page.For him, writing is not about impressing, but about getting closer. It is about turning thoughts into something simple, clear, and real. Every text is an ongoing conversation, created with care and honesty, with the sincere intention of touching someone, somewhere along the way.\",\"url\":\"https:\/\/magistrae.com\/es\/author\/bcgianni\/\"}]}<\/script>\n<!-- \/ Yoast SEO plugin. -->","yoast_head_json":{"title":"Director de Servi\u00e7os de Seguran\u00e7a Interna \u2013 Lideran\u00e7a, Moderniza\u00e7\u00e3o e Crescimento Profissional - Magistrae","robots":{"index":"index","follow":"follow","max-snippet":"max-snippet:-1","max-image-preview":"max-image-preview:large","max-video-preview":"max-video-preview:-1"},"canonical":"https:\/\/magistrae.com\/es\/73b7d331-bf69-4b22-9a83-9ce5e5315273\/","og_locale":"es_ES","og_type":"article","og_title":"Director de Servi\u00e7os de Seguran\u00e7a Interna \u2013 Lideran\u00e7a, Moderniza\u00e7\u00e3o e Crescimento Profissional - Magistrae","og_description":"Procura crescer na \u00e1rea de seguran\u00e7a? Descubra a vaga de Director de Servi\u00e7os de Seguran\u00e7a Interna com foco em inova\u00e7\u00e3o, lideran\u00e7a e desenvolvimento profissional.","og_url":"https:\/\/magistrae.com\/es\/73b7d331-bf69-4b22-9a83-9ce5e5315273\/","og_site_name":"Magistrae","article_published_time":"2026-04-09T08:03:00+00:00","article_modified_time":"2026-04-09T08:03:06+00:00","author":"Bruno Gianni","twitter_card":"summary_large_image","twitter_misc":{"Written by":"Bruno Gianni","Est. reading time":"3 minutos"},"schema":{"@context":"https:\/\/schema.org","@graph":[{"@type":"Article","@id":"https:\/\/magistrae.com\/73b7d331-bf69-4b22-9a83-9ce5e5315273\/#article","isPartOf":{"@id":"https:\/\/magistrae.com\/73b7d331-bf69-4b22-9a83-9ce5e5315273\/"},"author":{"name":"Bruno Gianni","@id":"https:\/\/magistrae.com\/#\/schema\/person\/d52888235fd6563bd07d97185d6a61e4"},"headline":"Director de Servi\u00e7os de Seguran\u00e7a Interna \u2013 Lideran\u00e7a, Moderniza\u00e7\u00e3o e Crescimento Profissional","datePublished":"2026-04-09T08:03:00+00:00","dateModified":"2026-04-09T08:03:06+00:00","mainEntityOfPage":{"@id":"https:\/\/magistrae.com\/73b7d331-bf69-4b22-9a83-9ce5e5315273\/"},"wordCount":521,"commentCount":0,"publisher":{"@id":"https:\/\/magistrae.com\/#organization"},"articleSection":["Hidden"],"inLanguage":"es","potentialAction":[{"@type":"CommentAction","name":"Comment","target":["https:\/\/magistrae.com\/73b7d331-bf69-4b22-9a83-9ce5e5315273\/#respond"]}]},{"@type":"WebPage","@id":"https:\/\/magistrae.com\/73b7d331-bf69-4b22-9a83-9ce5e5315273\/","url":"https:\/\/magistrae.com\/73b7d331-bf69-4b22-9a83-9ce5e5315273\/","name":"Director de Servi\u00e7os de Seguran\u00e7a Interna \u2013 Lideran\u00e7a, Moderniza\u00e7\u00e3o e Crescimento Profissional - Magistrae","isPartOf":{"@id":"https:\/\/magistrae.com\/#website"},"datePublished":"2026-04-09T08:03:00+00:00","dateModified":"2026-04-09T08:03:06+00:00","breadcrumb":{"@id":"https:\/\/magistrae.com\/73b7d331-bf69-4b22-9a83-9ce5e5315273\/#breadcrumb"},"inLanguage":"es","potentialAction":[{"@type":"ReadAction","target":["https:\/\/magistrae.com\/73b7d331-bf69-4b22-9a83-9ce5e5315273\/"]}]},{"@type":"BreadcrumbList","@id":"https:\/\/magistrae.com\/73b7d331-bf69-4b22-9a83-9ce5e5315273\/#breadcrumb","itemListElement":[{"@type":"ListItem","position":1,"name":"Home","item":"https:\/\/magistrae.com\/"},{"@type":"ListItem","position":2,"name":"Director de Servi\u00e7os de Seguran\u00e7a Interna \u2013 Lideran\u00e7a, Moderniza\u00e7\u00e3o e Crescimento Profissional"}]},{"@type":"WebSite","@id":"https:\/\/magistrae.com\/#website","url":"https:\/\/magistrae.com\/","name":"Magistrae","description":"","publisher":{"@id":"https:\/\/magistrae.com\/#organization"},"potentialAction":[{"@type":"SearchAction","target":{"@type":"EntryPoint","urlTemplate":"https:\/\/magistrae.com\/?s={search_term_string}"},"query-input":"required name=search_term_string"}],"inLanguage":"es"},{"@type":"Organization","@id":"https:\/\/magistrae.com\/#organization","name":"Magistrae","url":"https:\/\/magistrae.com\/","logo":{"@type":"ImageObject","inLanguage":"es","@id":"https:\/\/magistrae.com\/#\/schema\/logo\/image\/","url":"https:\/\/magistrae.com\/wp-content\/uploads\/sites\/413\/2026\/03\/9_Magistrae.jpg","contentUrl":"https:\/\/magistrae.com\/wp-content\/uploads\/sites\/413\/2026\/03\/9_Magistrae.jpg","width":2000,"height":2000,"caption":"Magistrae"},"image":{"@id":"https:\/\/magistrae.com\/#\/schema\/logo\/image\/"}},{"@type":"Person","@id":"https:\/\/magistrae.com\/#\/schema\/person\/d52888235fd6563bd07d97185d6a61e4","name":"Bruno Gianni","image":{"@type":"ImageObject","inLanguage":"es","@id":"https:\/\/magistrae.com\/#\/schema\/person\/image\/","url":"https:\/\/secure.gravatar.com\/avatar\/0f5d42d7bf77874643c1478932860e3f?s=96&d=mm&r=g","contentUrl":"https:\/\/secure.gravatar.com\/avatar\/0f5d42d7bf77874643c1478932860e3f?s=96&d=mm&r=g","caption":"Bruno Gianni"},"description":"Bruno writes the way he lives, with curiosity, care, and respect for people. He likes to observe, listen, and try to understand what is happening on the other side before putting any words on the page.For him, writing is not about impressing, but about getting closer. It is about turning thoughts into something simple, clear, and real. Every text is an ongoing conversation, created with care and honesty, with the sincere intention of touching someone, somewhere along the way.","url":"https:\/\/magistrae.com\/es\/author\/bcgianni\/"}]}},"uagb_featured_image_src":{"full":false,"thumbnail":false,"medium":false,"medium_large":false,"large":false,"1536x1536":false,"2048x2048":false,"trp-custom-language-flag":false},"uagb_author_info":{"display_name":"Bruno Gianni","author_link":"https:\/\/magistrae.com\/es\/author\/bcgianni\/"},"uagb_comment_info":0,"uagb_excerpt":"Procura crescer na \u00e1rea de seguran\u00e7a? Descubra a vaga de Director de Servi\u00e7os de Seguran\u00e7a Interna com foco em inova\u00e7\u00e3o, lideran\u00e7a e desenvolvimento profissional.","_links":{"self":[{"href":"https:\/\/magistrae.com\/es\/wp-json\/wp\/v2\/posts\/11753"}],"collection":[{"href":"https:\/\/magistrae.com\/es\/wp-json\/wp\/v2\/posts"}],"about":[{"href":"https:\/\/magistrae.com\/es\/wp-json\/wp\/v2\/types\/post"}],"author":[{"embeddable":true,"href":"https:\/\/magistrae.com\/es\/wp-json\/wp\/v2\/users\/3"}],"replies":[{"embeddable":true,"href":"https:\/\/magistrae.com\/es\/wp-json\/wp\/v2\/comments?post=11753"}],"version-history":[{"count":1,"href":"https:\/\/magistrae.com\/es\/wp-json\/wp\/v2\/posts\/11753\/revisions"}],"predecessor-version":[{"id":11755,"href":"https:\/\/magistrae.com\/es\/wp-json\/wp\/v2\/posts\/11753\/revisions\/11755"}],"wp:attachment":[{"href":"https:\/\/magistrae.com\/es\/wp-json\/wp\/v2\/media?parent=11753"}],"wp:term":[{"taxonomy":"category","embeddable":true,"href":"https:\/\/magistrae.com\/es\/wp-json\/wp\/v2\/categories?post=11753"},{"taxonomy":"post_tag","embeddable":true,"href":"https:\/\/magistrae.com\/es\/wp-json\/wp\/v2\/tags?post=11753"}],"curies":[{"name":"wp","href":"https:\/\/api.w.org\/{rel}","templated":true}]}}