{"id":11740,"date":"2026-04-09T07:23:00","date_gmt":"2026-04-09T07:23:00","guid":{"rendered":"https:\/\/magistrae.com\/0a5e968b-4c2d-45b2-ab6e-2aa3a0f27006\/"},"modified":"2026-04-09T07:23:49","modified_gmt":"2026-04-09T07:23:49","slug":"0a5e968b-4c2d-45b2-ab6e-2aa3a0f27006","status":"publish","type":"post","link":"https:\/\/magistrae.com\/es\/0a5e968b-4c2d-45b2-ab6e-2aa3a0f27006\/","title":{"rendered":"Coordenador de Log\u00edstica e Material: Perfil, Requisitos e Oportunidades"},"content":{"rendered":"<\/p>\n<\/p>\n<div style=\"background: #ffffff; border-radius: 12px; box-shadow: 0 10px 30px rgba(0, 0, 0, 0.1); width: 100%; max-width: 340px; padding: 25px; transition: transform 0.3s ease-in-out; overflow: visible; display: flex; flex-direction: column; position: relative; border: 1px solid #28a745; margin-top: 70px; margin-bottom: 50px; margin-left: auto; margin-right: auto;\">\n<div style=\"position: absolute; top: -35px; right: 15px; color: #28a745; padding: 5px 10px; border-radius: 6px; font-size: 14px; font-weight: bold; display: flex; align-items: center; z-index: 10;\">Recomendado para voc\u00ea<\/div>\n<div data-namespace-header=\"\" style=\"\">\n<h3 data-namespace-title=\"\" style=\"color: #333; font-size: 20px; font-weight: bold; text-align: left; margin-right: 50px; min-height: 50px; margin-top: 0px;\">Coordenador de Log\u00edstica e Material<\/h3>\n<\/p><\/div>\n<p data-namespace-prompt=\"\" style=\"font-size: 16px; color: #666; margin-bottom: 20px; line-height: 1.5; flex-grow: 1; text-align: left; margin-top: 0px;\">Procura um desafio onde lideran\u00e7a, organiza\u00e7\u00e3o e dom\u00ednio em log\u00edstica s\u00e3o essenciais? Este cargo exige sete anos de experi\u00eancia, dom\u00ednio de ingl\u00eas e inform\u00e1tica, e oferece reconhecimento s\u00f3lido.<\/p>\n<p>    <a data-namespace-url=\"\" href=\"https:\/\/magistrae.com\/es\/redirect\/?https:\/\/careers.theventure.city\/companies\/jobartis\/jobs\/63354138-coordenador-de-logistica-e-material?utm_campaign=google_jobs_apply&#038;utm_source=google_jobs_apply&#038;utm_medium=organic\" style=\"width: 100%; display: inline-block; color: white; text-decoration: none; border-radius: 6px; font-size: 16px; font-weight: bold; text-align: center; transition: transform 0.3s ease, background 0.3s ease; margin-top: auto;\" data-namespace-id=\"5c0d2565-3ba9-4280-a382-ad2a691e2285\"><br \/>\n        <button style=\"width: 100%; height: 55px; background: #e9e9ed; border: 1px solid black; color: black;\">Candidatar-se \u00e0 vaga<\/button><br \/>\n    <\/a><br \/>\n    <small style=\"margin-top: 10px; color: #777; font-size: 12px; text-align: center; display: block;\">Ser\u00e1 redirecionado para outro website<\/small>\n<\/div>\n<p>O cargo de Coordenador de Log\u00edstica e Material \u00e9 uma excelente oportunidade para profissionais experientes em opera\u00e7\u00f5es e gest\u00e3o de materiais. Embora a oferta n\u00e3o informe o sal\u00e1rio explicitamente, destaca-se por integrar o colaborador a um grupo s\u00f3lido, din\u00e2mico, e com reconhecimento no mercado. O tipo de contrato ser\u00e1 definido ap\u00f3s avalia\u00e7\u00e3o, e h\u00e1 promessa de remunera\u00e7\u00e3o compat\u00edvel com a experi\u00eancia do candidato, tornando-se ainda mais atrativo para quem busca estabilidade.<\/p>\n<h2>Rotina e responsabilidades<\/h2>\n<p>No quotidiano, espera-se que o profissional gerencie processos de log\u00edstica, garanta fluxo eficiente de materiais e lidere equipas para atingir metas operacionais.<\/p>\n<p>O dom\u00ednio de ferramentas inform\u00e1ticas, nomeadamente o pacote Office, \u00e9 essencial, al\u00e9m do uso avan\u00e7ado do Outlook.<\/p>\n<p>\u00c9 necess\u00e1rio comunicar-se fluentemente em ingl\u00eas, tanto escrito como oral, al\u00e9m de garantir que procedimentos log\u00edsticos atendam \u00e0s exig\u00eancias da empresa.<\/p>\n<p>Monitorizar entradas e sa\u00eddas de materiais, optimizar armazenamento e coordenar transportes tamb\u00e9m constam entre as tarefas di\u00e1rias.<\/p>\n<p>A tomada de decis\u00f5es \u00e1geis eleva a import\u00e2ncia de experi\u00eancia comprovada, visto que at\u00e9 pequenas falhas podem afectar toda a cadeia produtiva.<\/p>\n<h2>Vantagens e benef\u00edcios<\/h2>\n<p>Um dos grandes atrativos da vaga \u00e9 a experi\u00eancia a ser adquirida ao integrar um grupo s\u00f3lido e reconhecido no sector de servi\u00e7os. <\/p>\n<p>O cargo oferece visibilidade, oportunidades de crescimento e rela\u00e7\u00e3o direta com l\u00edderes do sector, abrindo portas para novas conquistas profissionais.<\/p>\n<h2>Pontos a ter em conta<\/h2>\n<p>Entre os desafios, as grandes exig\u00eancias podem significar uma rotina intensa para quem ainda est\u00e1 a dar os primeiros passos em log\u00edstica.<\/p>\n<p>Al\u00e9m disso, a flu\u00eancia obrigat\u00f3ria em ingl\u00eas pode ser um entrave para alguns candidatos altamente qualificados mas sem dom\u00ednio do idioma.<\/p>\n<h2>Veredito final<\/h2>\n<p>O cargo de Coordenador de Log\u00edstica e Material \u00e9 ideal para quem procura exigir-se, crescer e alcan\u00e7ar destaque num ambiente din\u00e2mico e valorizado.<\/p>\n<p>Se tem perfil alinhado com as exig\u00eancias e deseja um projecto de carreira s\u00f3lido, esta pode ser a oportunidade que mudar\u00e1 a sua vida profissional.<\/p>\n<div style=\"background: #ffffff; border-radius: 12px; box-shadow: 0 10px 30px rgba(0, 0, 0, 0.1); width: 100%; max-width: 340px; padding: 25px; transition: transform 0.3s ease-in-out; overflow: visible; display: flex; flex-direction: column; position: relative; border: 1px solid #28a745; margin-top: 70px; margin-bottom: 50px; margin-left: auto; margin-right: auto;\">\n<div style=\"position: absolute; top: -35px; right: 15px; color: #28a745; padding: 5px 10px; border-radius: 6px; font-size: 14px; font-weight: bold; display: flex; align-items: center; z-index: 10;\">Recomendado para voc\u00ea<\/div>\n<div data-namespace-header=\"\" style=\"\">\n<h3 data-namespace-title=\"\" style=\"color: #333; font-size: 20px; font-weight: bold; text-align: left; margin-right: 50px; min-height: 50px; margin-top: 0px;\">Coordenador de Log\u00edstica e Material<\/h3>\n<\/p><\/div>\n<p data-namespace-prompt=\"\" style=\"font-size: 16px; color: #666; margin-bottom: 20px; line-height: 1.5; flex-grow: 1; text-align: left; margin-top: 0px;\">Procura um desafio onde lideran\u00e7a, organiza\u00e7\u00e3o e dom\u00ednio em log\u00edstica s\u00e3o essenciais? Este cargo exige sete anos de experi\u00eancia, dom\u00ednio de ingl\u00eas e inform\u00e1tica, e oferece reconhecimento s\u00f3lido.<\/p>\n<p>    <a data-namespace-url=\"\" href=\"https:\/\/magistrae.com\/es\/redirect\/?https:\/\/careers.theventure.city\/companies\/jobartis\/jobs\/63354138-coordenador-de-logistica-e-material?utm_campaign=google_jobs_apply&#038;utm_source=google_jobs_apply&#038;utm_medium=organic\" style=\"width: 100%; display: inline-block; color: white; text-decoration: none; border-radius: 6px; font-size: 16px; font-weight: bold; text-align: center; transition: transform 0.3s ease, background 0.3s ease; margin-top: auto;\" data-namespace-id=\"5c0d2565-3ba9-4280-a382-ad2a691e2285\"><br \/>\n        <button style=\"width: 100%; height: 55px; background: #e9e9ed; border: 1px solid black; color: black;\">Candidatar-se \u00e0 vaga<\/button><br \/>\n    <\/a><br \/>\n    <small style=\"margin-top: 10px; color: #777; font-size: 12px; text-align: center; display: block;\">Ser\u00e1 redirecionado para outro website<\/small>\n<\/div>","protected":false},"excerpt":{"rendered":"<p>Oportunidade imperd\u00edvel para quem tem experi\u00eancia em log\u00edstica! Vaga de Coordenador de Log\u00edstica e Material: requisitos, vantagens, desafios e perfil ideal para o sector de servi\u00e7os.<\/p>","protected":false},"author":3,"featured_media":0,"comment_status":"open","ping_status":"open","sticky":false,"template":"","format":"standard","meta":{"_uag_custom_page_level_css":"","site-sidebar-layout":"default","site-content-layout":"","ast-site-content-layout":"","site-content-style":"default","site-sidebar-style":"default","ast-global-header-display":"","ast-banner-title-visibility":"","ast-main-header-display":"","ast-hfb-above-header-display":"","ast-hfb-below-header-display":"","ast-hfb-mobile-header-display":"","site-post-title":"","ast-breadcrumbs-content":"","ast-featured-img":"","footer-sml-layout":"","theme-transparent-header-meta":"","adv-header-id-meta":"","stick-header-meta":"","header-above-stick-meta":"","header-main-stick-meta":"","header-below-stick-meta":"","astra-migrate-meta-layouts":"default","ast-page-background-enabled":"default","ast-page-background-meta":{"desktop":{"background-color":"var(--ast-global-color-4)","background-image":"","background-repeat":"repeat","background-position":"center center","background-size":"auto","background-attachment":"scroll","background-type":"","background-media":"","overlay-type":"","overlay-color":"","overlay-opacity":"","overlay-gradient":""},"tablet":{"background-color":"","background-image":"","background-repeat":"repeat","background-position":"center center","background-size":"auto","background-attachment":"scroll","background-type":"","background-media":"","overlay-type":"","overlay-color":"","overlay-opacity":"","overlay-gradient":""},"mobile":{"background-color":"","background-image":"","background-repeat":"repeat","background-position":"center center","background-size":"auto","background-attachment":"scroll","background-type":"","background-media":"","overlay-type":"","overlay-color":"","overlay-opacity":"","overlay-gradient":""}},"ast-content-background-meta":{"desktop":{"background-color":"var(--ast-global-color-5)","background-image":"","background-repeat":"repeat","background-position":"center center","background-size":"auto","background-attachment":"scroll","background-type":"","background-media":"","overlay-type":"","overlay-color":"","overlay-opacity":"","overlay-gradient":""},"tablet":{"background-color":"var(--ast-global-color-5)","background-image":"","background-repeat":"repeat","background-position":"center center","background-size":"auto","background-attachment":"scroll","background-type":"","background-media":"","overlay-type":"","overlay-color":"","overlay-opacity":"","overlay-gradient":""},"mobile":{"background-color":"var(--ast-global-color-5)","background-image":"","background-repeat":"repeat","background-position":"center center","background-size":"auto","background-attachment":"scroll","background-type":"","background-media":"","overlay-type":"","overlay-color":"","overlay-opacity":"","overlay-gradient":""}},"footnotes":""},"categories":[14],"tags":[],"yoast_head":"<!-- This site is optimized with the Yoast SEO plugin v23.3 - https:\/\/yoast.com\/wordpress\/plugins\/seo\/ -->\n<title>Coordenador de Log\u00edstica e Material: Perfil, Requisitos e Oportunidades - Magistrae<\/title>\n<meta name=\"robots\" content=\"index, follow, max-snippet:-1, max-image-preview:large, max-video-preview:-1\" \/>\n<link rel=\"canonical\" href=\"https:\/\/magistrae.com\/es\/0a5e968b-4c2d-45b2-ab6e-2aa3a0f27006\/\" \/>\n<meta property=\"og:locale\" content=\"es_ES\" \/>\n<meta property=\"og:type\" content=\"article\" \/>\n<meta property=\"og:title\" content=\"Coordenador de Log\u00edstica e Material: Perfil, Requisitos e Oportunidades - Magistrae\" \/>\n<meta property=\"og:description\" content=\"Oportunidade imperd\u00edvel para quem tem experi\u00eancia em log\u00edstica! Vaga de Coordenador de Log\u00edstica e Material: requisitos, vantagens, desafios e perfil ideal para o sector de servi\u00e7os.\" \/>\n<meta property=\"og:url\" content=\"https:\/\/magistrae.com\/es\/0a5e968b-4c2d-45b2-ab6e-2aa3a0f27006\/\" \/>\n<meta property=\"og:site_name\" content=\"Magistrae\" \/>\n<meta property=\"article:published_time\" content=\"2026-04-09T07:23:00+00:00\" \/>\n<meta property=\"article:modified_time\" content=\"2026-04-09T07:23:49+00:00\" \/>\n<meta name=\"author\" content=\"Bruno Gianni\" \/>\n<meta name=\"twitter:card\" content=\"summary_large_image\" \/>\n<meta name=\"twitter:label1\" content=\"Written by\" \/>\n\t<meta name=\"twitter:data1\" content=\"Bruno Gianni\" \/>\n\t<meta name=\"twitter:label2\" content=\"Est. reading time\" \/>\n\t<meta name=\"twitter:data2\" content=\"2 minutos\" \/>\n<script type=\"application\/ld+json\" class=\"yoast-schema-graph\">{\"@context\":\"https:\/\/schema.org\",\"@graph\":[{\"@type\":\"Article\",\"@id\":\"https:\/\/magistrae.com\/0a5e968b-4c2d-45b2-ab6e-2aa3a0f27006\/#article\",\"isPartOf\":{\"@id\":\"https:\/\/magistrae.com\/0a5e968b-4c2d-45b2-ab6e-2aa3a0f27006\/\"},\"author\":{\"name\":\"Bruno Gianni\",\"@id\":\"https:\/\/magistrae.com\/#\/schema\/person\/d52888235fd6563bd07d97185d6a61e4\"},\"headline\":\"Coordenador de Log\u00edstica e Material: Perfil, Requisitos e Oportunidades\",\"datePublished\":\"2026-04-09T07:23:00+00:00\",\"dateModified\":\"2026-04-09T07:23:49+00:00\",\"mainEntityOfPage\":{\"@id\":\"https:\/\/magistrae.com\/0a5e968b-4c2d-45b2-ab6e-2aa3a0f27006\/\"},\"wordCount\":476,\"commentCount\":0,\"publisher\":{\"@id\":\"https:\/\/magistrae.com\/#organization\"},\"articleSection\":[\"Hidden\"],\"inLanguage\":\"es\",\"potentialAction\":[{\"@type\":\"CommentAction\",\"name\":\"Comment\",\"target\":[\"https:\/\/magistrae.com\/0a5e968b-4c2d-45b2-ab6e-2aa3a0f27006\/#respond\"]}]},{\"@type\":\"WebPage\",\"@id\":\"https:\/\/magistrae.com\/0a5e968b-4c2d-45b2-ab6e-2aa3a0f27006\/\",\"url\":\"https:\/\/magistrae.com\/0a5e968b-4c2d-45b2-ab6e-2aa3a0f27006\/\",\"name\":\"Coordenador de Log\u00edstica e Material: Perfil, Requisitos e Oportunidades - Magistrae\",\"isPartOf\":{\"@id\":\"https:\/\/magistrae.com\/#website\"},\"datePublished\":\"2026-04-09T07:23:00+00:00\",\"dateModified\":\"2026-04-09T07:23:49+00:00\",\"breadcrumb\":{\"@id\":\"https:\/\/magistrae.com\/0a5e968b-4c2d-45b2-ab6e-2aa3a0f27006\/#breadcrumb\"},\"inLanguage\":\"es\",\"potentialAction\":[{\"@type\":\"ReadAction\",\"target\":[\"https:\/\/magistrae.com\/0a5e968b-4c2d-45b2-ab6e-2aa3a0f27006\/\"]}]},{\"@type\":\"BreadcrumbList\",\"@id\":\"https:\/\/magistrae.com\/0a5e968b-4c2d-45b2-ab6e-2aa3a0f27006\/#breadcrumb\",\"itemListElement\":[{\"@type\":\"ListItem\",\"position\":1,\"name\":\"Home\",\"item\":\"https:\/\/magistrae.com\/\"},{\"@type\":\"ListItem\",\"position\":2,\"name\":\"Coordenador de Log\u00edstica e Material: Perfil, Requisitos e Oportunidades\"}]},{\"@type\":\"WebSite\",\"@id\":\"https:\/\/magistrae.com\/#website\",\"url\":\"https:\/\/magistrae.com\/\",\"name\":\"Magistrae\",\"description\":\"\",\"publisher\":{\"@id\":\"https:\/\/magistrae.com\/#organization\"},\"potentialAction\":[{\"@type\":\"SearchAction\",\"target\":{\"@type\":\"EntryPoint\",\"urlTemplate\":\"https:\/\/magistrae.com\/?s={search_term_string}\"},\"query-input\":\"required name=search_term_string\"}],\"inLanguage\":\"es\"},{\"@type\":\"Organization\",\"@id\":\"https:\/\/magistrae.com\/#organization\",\"name\":\"Magistrae\",\"url\":\"https:\/\/magistrae.com\/\",\"logo\":{\"@type\":\"ImageObject\",\"inLanguage\":\"es\",\"@id\":\"https:\/\/magistrae.com\/#\/schema\/logo\/image\/\",\"url\":\"https:\/\/magistrae.com\/wp-content\/uploads\/sites\/413\/2026\/03\/9_Magistrae.jpg\",\"contentUrl\":\"https:\/\/magistrae.com\/wp-content\/uploads\/sites\/413\/2026\/03\/9_Magistrae.jpg\",\"width\":2000,\"height\":2000,\"caption\":\"Magistrae\"},\"image\":{\"@id\":\"https:\/\/magistrae.com\/#\/schema\/logo\/image\/\"}},{\"@type\":\"Person\",\"@id\":\"https:\/\/magistrae.com\/#\/schema\/person\/d52888235fd6563bd07d97185d6a61e4\",\"name\":\"Bruno Gianni\",\"image\":{\"@type\":\"ImageObject\",\"inLanguage\":\"es\",\"@id\":\"https:\/\/magistrae.com\/#\/schema\/person\/image\/\",\"url\":\"https:\/\/secure.gravatar.com\/avatar\/0f5d42d7bf77874643c1478932860e3f?s=96&d=mm&r=g\",\"contentUrl\":\"https:\/\/secure.gravatar.com\/avatar\/0f5d42d7bf77874643c1478932860e3f?s=96&d=mm&r=g\",\"caption\":\"Bruno Gianni\"},\"description\":\"Bruno writes the way he lives, with curiosity, care, and respect for people. He likes to observe, listen, and try to understand what is happening on the other side before putting any words on the page.For him, writing is not about impressing, but about getting closer. It is about turning thoughts into something simple, clear, and real. Every text is an ongoing conversation, created with care and honesty, with the sincere intention of touching someone, somewhere along the way.\",\"url\":\"https:\/\/magistrae.com\/es\/author\/bcgianni\/\"}]}<\/script>\n<!-- \/ Yoast SEO plugin. -->","yoast_head_json":{"title":"Coordenador de Log\u00edstica e Material: Perfil, Requisitos e Oportunidades - Magistrae","robots":{"index":"index","follow":"follow","max-snippet":"max-snippet:-1","max-image-preview":"max-image-preview:large","max-video-preview":"max-video-preview:-1"},"canonical":"https:\/\/magistrae.com\/es\/0a5e968b-4c2d-45b2-ab6e-2aa3a0f27006\/","og_locale":"es_ES","og_type":"article","og_title":"Coordenador de Log\u00edstica e Material: Perfil, Requisitos e Oportunidades - Magistrae","og_description":"Oportunidade imperd\u00edvel para quem tem experi\u00eancia em log\u00edstica! Vaga de Coordenador de Log\u00edstica e Material: requisitos, vantagens, desafios e perfil ideal para o sector de servi\u00e7os.","og_url":"https:\/\/magistrae.com\/es\/0a5e968b-4c2d-45b2-ab6e-2aa3a0f27006\/","og_site_name":"Magistrae","article_published_time":"2026-04-09T07:23:00+00:00","article_modified_time":"2026-04-09T07:23:49+00:00","author":"Bruno Gianni","twitter_card":"summary_large_image","twitter_misc":{"Written by":"Bruno Gianni","Est. reading time":"2 minutos"},"schema":{"@context":"https:\/\/schema.org","@graph":[{"@type":"Article","@id":"https:\/\/magistrae.com\/0a5e968b-4c2d-45b2-ab6e-2aa3a0f27006\/#article","isPartOf":{"@id":"https:\/\/magistrae.com\/0a5e968b-4c2d-45b2-ab6e-2aa3a0f27006\/"},"author":{"name":"Bruno Gianni","@id":"https:\/\/magistrae.com\/#\/schema\/person\/d52888235fd6563bd07d97185d6a61e4"},"headline":"Coordenador de Log\u00edstica e Material: Perfil, Requisitos e Oportunidades","datePublished":"2026-04-09T07:23:00+00:00","dateModified":"2026-04-09T07:23:49+00:00","mainEntityOfPage":{"@id":"https:\/\/magistrae.com\/0a5e968b-4c2d-45b2-ab6e-2aa3a0f27006\/"},"wordCount":476,"commentCount":0,"publisher":{"@id":"https:\/\/magistrae.com\/#organization"},"articleSection":["Hidden"],"inLanguage":"es","potentialAction":[{"@type":"CommentAction","name":"Comment","target":["https:\/\/magistrae.com\/0a5e968b-4c2d-45b2-ab6e-2aa3a0f27006\/#respond"]}]},{"@type":"WebPage","@id":"https:\/\/magistrae.com\/0a5e968b-4c2d-45b2-ab6e-2aa3a0f27006\/","url":"https:\/\/magistrae.com\/0a5e968b-4c2d-45b2-ab6e-2aa3a0f27006\/","name":"Coordenador de Log\u00edstica e Material: Perfil, Requisitos e Oportunidades - Magistrae","isPartOf":{"@id":"https:\/\/magistrae.com\/#website"},"datePublished":"2026-04-09T07:23:00+00:00","dateModified":"2026-04-09T07:23:49+00:00","breadcrumb":{"@id":"https:\/\/magistrae.com\/0a5e968b-4c2d-45b2-ab6e-2aa3a0f27006\/#breadcrumb"},"inLanguage":"es","potentialAction":[{"@type":"ReadAction","target":["https:\/\/magistrae.com\/0a5e968b-4c2d-45b2-ab6e-2aa3a0f27006\/"]}]},{"@type":"BreadcrumbList","@id":"https:\/\/magistrae.com\/0a5e968b-4c2d-45b2-ab6e-2aa3a0f27006\/#breadcrumb","itemListElement":[{"@type":"ListItem","position":1,"name":"Home","item":"https:\/\/magistrae.com\/"},{"@type":"ListItem","position":2,"name":"Coordenador de Log\u00edstica e Material: Perfil, Requisitos e Oportunidades"}]},{"@type":"WebSite","@id":"https:\/\/magistrae.com\/#website","url":"https:\/\/magistrae.com\/","name":"Magistrae","description":"","publisher":{"@id":"https:\/\/magistrae.com\/#organization"},"potentialAction":[{"@type":"SearchAction","target":{"@type":"EntryPoint","urlTemplate":"https:\/\/magistrae.com\/?s={search_term_string}"},"query-input":"required name=search_term_string"}],"inLanguage":"es"},{"@type":"Organization","@id":"https:\/\/magistrae.com\/#organization","name":"Magistrae","url":"https:\/\/magistrae.com\/","logo":{"@type":"ImageObject","inLanguage":"es","@id":"https:\/\/magistrae.com\/#\/schema\/logo\/image\/","url":"https:\/\/magistrae.com\/wp-content\/uploads\/sites\/413\/2026\/03\/9_Magistrae.jpg","contentUrl":"https:\/\/magistrae.com\/wp-content\/uploads\/sites\/413\/2026\/03\/9_Magistrae.jpg","width":2000,"height":2000,"caption":"Magistrae"},"image":{"@id":"https:\/\/magistrae.com\/#\/schema\/logo\/image\/"}},{"@type":"Person","@id":"https:\/\/magistrae.com\/#\/schema\/person\/d52888235fd6563bd07d97185d6a61e4","name":"Bruno Gianni","image":{"@type":"ImageObject","inLanguage":"es","@id":"https:\/\/magistrae.com\/#\/schema\/person\/image\/","url":"https:\/\/secure.gravatar.com\/avatar\/0f5d42d7bf77874643c1478932860e3f?s=96&d=mm&r=g","contentUrl":"https:\/\/secure.gravatar.com\/avatar\/0f5d42d7bf77874643c1478932860e3f?s=96&d=mm&r=g","caption":"Bruno Gianni"},"description":"Bruno writes the way he lives, with curiosity, care, and respect for people. He likes to observe, listen, and try to understand what is happening on the other side before putting any words on the page.For him, writing is not about impressing, but about getting closer. It is about turning thoughts into something simple, clear, and real. Every text is an ongoing conversation, created with care and honesty, with the sincere intention of touching someone, somewhere along the way.","url":"https:\/\/magistrae.com\/es\/author\/bcgianni\/"}]}},"uagb_featured_image_src":{"full":false,"thumbnail":false,"medium":false,"medium_large":false,"large":false,"1536x1536":false,"2048x2048":false,"trp-custom-language-flag":false},"uagb_author_info":{"display_name":"Bruno Gianni","author_link":"https:\/\/magistrae.com\/es\/author\/bcgianni\/"},"uagb_comment_info":0,"uagb_excerpt":"Oportunidade imperd\u00edvel para quem tem experi\u00eancia em log\u00edstica! Vaga de Coordenador de Log\u00edstica e Material: requisitos, vantagens, desafios e perfil ideal para o sector de servi\u00e7os.","_links":{"self":[{"href":"https:\/\/magistrae.com\/es\/wp-json\/wp\/v2\/posts\/11740"}],"collection":[{"href":"https:\/\/magistrae.com\/es\/wp-json\/wp\/v2\/posts"}],"about":[{"href":"https:\/\/magistrae.com\/es\/wp-json\/wp\/v2\/types\/post"}],"author":[{"embeddable":true,"href":"https:\/\/magistrae.com\/es\/wp-json\/wp\/v2\/users\/3"}],"replies":[{"embeddable":true,"href":"https:\/\/magistrae.com\/es\/wp-json\/wp\/v2\/comments?post=11740"}],"version-history":[{"count":1,"href":"https:\/\/magistrae.com\/es\/wp-json\/wp\/v2\/posts\/11740\/revisions"}],"predecessor-version":[{"id":11749,"href":"https:\/\/magistrae.com\/es\/wp-json\/wp\/v2\/posts\/11740\/revisions\/11749"}],"wp:attachment":[{"href":"https:\/\/magistrae.com\/es\/wp-json\/wp\/v2\/media?parent=11740"}],"wp:term":[{"taxonomy":"category","embeddable":true,"href":"https:\/\/magistrae.com\/es\/wp-json\/wp\/v2\/categories?post=11740"},{"taxonomy":"post_tag","embeddable":true,"href":"https:\/\/magistrae.com\/es\/wp-json\/wp\/v2\/tags?post=11740"}],"curies":[{"name":"wp","href":"https:\/\/api.w.org\/{rel}","templated":true}]}}