{"id":11719,"date":"2026-04-08T23:03:00","date_gmt":"2026-04-08T23:03:00","guid":{"rendered":"https:\/\/magistrae.com\/3a5c2a91-150b-4619-a489-2ee5488b8e65\/"},"modified":"2026-04-08T23:03:38","modified_gmt":"2026-04-08T23:03:38","slug":"3a5c2a91-150b-4619-a489-2ee5488b8e65","status":"publish","type":"post","link":"https:\/\/magistrae.com\/es\/3a5c2a91-150b-4619-a489-2ee5488b8e65\/","title":{"rendered":"Director de Servi\u00e7os de Seguran\u00e7a Interna | Lideran\u00e7a, Crescimento e Impacto"},"content":{"rendered":"<\/p>\n<\/p>\n<div style=\"background: #ffffff; border-radius: 12px; box-shadow: 0 10px 30px rgba(0, 0, 0, 0.1); width: 100%; max-width: 340px; padding: 25px; transition: transform 0.3s ease-in-out; overflow: visible; display: flex; flex-direction: column; position: relative; border: 1px solid #28a745; margin-top: 70px; margin-bottom: 50px; margin-left: auto; margin-right: auto;\">\n<div style=\"position: absolute; top: -35px; right: 15px; color: #28a745; padding: 5px 10px; border-radius: 6px; font-size: 14px; font-weight: bold; display: flex; align-items: center; z-index: 10;\">Recomendado para si<\/div>\n<div data-namespace-header=\"\" style=\"\">\n<h3 data-namespace-title=\"\" style=\"color: #333; font-size: 20px; font-weight: bold; text-align: left; margin-right: 50px; min-height: 50px; margin-top: 0px;\">Director de Servi\u00e7os de Seguran\u00e7a Interna<\/h3>\n<\/p><\/div>\n<p data-namespace-prompt=\"\" style=\"font-size: 16px; color: #666; margin-bottom: 20px; line-height: 1.5; flex-grow: 1; text-align: left; margin-top: 0px;\">Procura um cargo de lideran\u00e7a e impacto? Respons\u00e1vel por coordenar equipas, planos estrat\u00e9gicos, novas tecnologias e crescer com um grande grupo. Exige experi\u00eancia, flu\u00eancia em ingl\u00eas e vis\u00e3o estrat\u00e9gica.<\/p>\n<p>    <a data-namespace-url=\"\" href=\"https:\/\/magistrae.com\/es\/redirect\/?https:\/\/jobs.keptpeople.com\/jobs\/director-de-servicos-de-seguranca-interna-m-f?utm_campaign=google_jobs_apply&#038;utm_source=google_jobs_apply&#038;utm_medium=organic\" style=\"width: 100%; display: inline-block; color: white; text-decoration: none; border-radius: 6px; font-size: 16px; font-weight: bold; text-align: center; transition: transform 0.3s ease, background 0.3s ease; margin-top: auto;\" data-namespace-id=\"5c0d2565-3ba9-4280-a382-ad2a691e2285\"><br \/>\n        <button style=\"width: 100%; height: 55px; background: #e9e9ed; border: 1px solid black; color: black;\">Candidatar-se ao emprego<\/button><br \/>\n    <\/a><br \/>\n    <small style=\"margin-top: 10px; color: #777; font-size: 12px; text-align: center; display: block;\">Ser\u00e1 redirigido a otro sitio<\/small>\n<\/div>\n<p><!-- Introdu\u00e7\u00e3o --><br \/>\nA vaga de Director de Servi\u00e7os de Seguran\u00e7a Interna destaca-se por proporcionar autonomia e muita responsabilidade a quem aspira liderar na \u00e1rea de seguran\u00e7a corporativa. O candidato vai gerir desafios importantes, do controlo de equipas \u00e0 estrat\u00e9gia operacional di\u00e1ria.<\/p>\n<p>N\u00e3o \u00e9 mencionada uma faixa salarial espec\u00edfica neste an\u00fancio, mas oferece jornada integral e contrato permanente, com oportunidades reais de crescimento profissional. \u00c9 essencial ter experi\u00eancia s\u00f3lida em lideran\u00e7a, forma\u00e7\u00e3o acad\u00e9mica relevante, flu\u00eancia em portugu\u00eas e ingl\u00eas, bem como disponibilidade de hor\u00e1rios flex\u00edveis.<\/p>\n<p>Esta fun\u00e7\u00e3o requer contacto directo com opera\u00e7\u00f5es do neg\u00f3cio e articula\u00e7\u00e3o com \u00e1reas estrat\u00e9gicas. Para quem procura protagonismo e impacto, existe aqui uma excelente oportunidade.<\/p>\n<h2>Responsabilidades do dia-a-dia<\/h2>\n<p>Nesta vaga, o profissional ser\u00e1 respons\u00e1vel por garantir a seguran\u00e7a f\u00edsica e patrimonial, tanto de pessoas como de bens em todas as instala\u00e7\u00f5es da empresa.<\/p>\n<p>Ter\u00e1 de coordenar equipas de seguran\u00e7a, definir pol\u00edticas, elaborar planos de ac\u00e7\u00e3o e responder em situa\u00e7\u00f5es de emerg\u00eancia, mostrando capacidade de decis\u00e3o sob press\u00e3o.<\/p>\n<p>Outra parte fundamental inclui realizar an\u00e1lises de risco, implementar melhorias e supervisionar sistemas de videovigil\u00e2ncia.<\/p>\n<p>Ser\u00e1 necess\u00e1rio negociar contratos com prestadores de servi\u00e7os externos e avaliar a qualidade dos servi\u00e7os recebidos pela organiza\u00e7\u00e3o.<\/p>\n<p>Al\u00e9m disso, o director dever\u00e1 liderar processos de forma\u00e7\u00e3o, recrutamento e desenvolvimento da equipa de seguran\u00e7a, integrando novas tecnologias.<\/p>\n<h2>Pr\u00f3s de trabalhar nesta posi\u00e7\u00e3o<\/h2>\n<p>Uma das grandes vantagens deste cargo \u00e9 a oportunidade real de crescimento em um grupo empresarial s\u00f3lido, com perspetivas de carreira claras e desafios motivadores.<\/p>\n<p>A fun\u00e7\u00e3o oferece autonomia para tomar decis\u00f5es e implementar melhorias, valorizando o conhecimento e permitindo ao profissional destacar-se no sector.<\/p>\n<h2>Contras a considerar<\/h2>\n<p>A principal desvantagem \u00e9 a elevada exig\u00eancia em termos de experi\u00eancia e polival\u00eancia, o que pode elevar a press\u00e3o e os desafios di\u00e1rios para quem n\u00e3o est\u00e1 preparado.<\/p>\n<p>Hor\u00e1rios flex\u00edveis, incluindo fins de semana e feriados, podem tamb\u00e9m representar uma dificuldade para quem procura um equil\u00edbrio convencional entre vida pessoal e profissional.<\/p>\n<h2>Veredito final<\/h2>\n<p>Se procura uma fun\u00e7\u00e3o de lideran\u00e7a, com intenso contacto com gest\u00e3o de pessoas, processos e sistemas de seguran\u00e7a, e se valoriza o crescimento profissional, esta \u00e9 uma forte oportunidade. No entanto, requer dedica\u00e7\u00e3o intensa e perfil muito completo.<\/p>\n<div style=\"background: #ffffff; border-radius: 12px; box-shadow: 0 10px 30px rgba(0, 0, 0, 0.1); width: 100%; max-width: 340px; padding: 25px; transition: transform 0.3s ease-in-out; overflow: visible; display: flex; flex-direction: column; position: relative; border: 1px solid #28a745; margin-top: 70px; margin-bottom: 50px; margin-left: auto; margin-right: auto;\">\n<div style=\"position: absolute; top: -35px; right: 15px; color: #28a745; padding: 5px 10px; border-radius: 6px; font-size: 14px; font-weight: bold; display: flex; align-items: center; z-index: 10;\">Recomendado para si<\/div>\n<div data-namespace-header=\"\" style=\"\">\n<h3 data-namespace-title=\"\" style=\"color: #333; font-size: 20px; font-weight: bold; text-align: left; margin-right: 50px; min-height: 50px; margin-top: 0px;\">Director de Servi\u00e7os de Seguran\u00e7a Interna<\/h3>\n<\/p><\/div>\n<p data-namespace-prompt=\"\" style=\"font-size: 16px; color: #666; margin-bottom: 20px; line-height: 1.5; flex-grow: 1; text-align: left; margin-top: 0px;\">Procura um cargo de lideran\u00e7a e impacto? Respons\u00e1vel por coordenar equipas, planos estrat\u00e9gicos, novas tecnologias e crescer com um grande grupo. Exige experi\u00eancia, flu\u00eancia em ingl\u00eas e vis\u00e3o estrat\u00e9gica.<\/p>\n<p>    <a data-namespace-url=\"\" href=\"https:\/\/magistrae.com\/es\/redirect\/?https:\/\/jobs.keptpeople.com\/jobs\/director-de-servicos-de-seguranca-interna-m-f?utm_campaign=google_jobs_apply&#038;utm_source=google_jobs_apply&#038;utm_medium=organic\" style=\"width: 100%; display: inline-block; color: white; text-decoration: none; border-radius: 6px; font-size: 16px; font-weight: bold; text-align: center; transition: transform 0.3s ease, background 0.3s ease; margin-top: auto;\" data-namespace-id=\"5c0d2565-3ba9-4280-a382-ad2a691e2285\"><br \/>\n        <button style=\"width: 100%; height: 55px; background: #e9e9ed; border: 1px solid black; color: black;\">Candidatar-se ao emprego<\/button><br \/>\n    <\/a><br \/>\n    <small style=\"margin-top: 10px; color: #777; font-size: 12px; text-align: center; display: block;\">Ser\u00e1 redirigido a otro sitio<\/small>\n<\/div>","protected":false},"excerpt":{"rendered":"<p>Descubra os detalhes essenciais do cargo de Director de Servi\u00e7os de Seguran\u00e7a Interna: lideran\u00e7a, responsabilidades, principais vantagens e desafios para evoluir na carreira.<\/p>","protected":false},"author":3,"featured_media":0,"comment_status":"open","ping_status":"open","sticky":false,"template":"","format":"standard","meta":{"_uag_custom_page_level_css":"","site-sidebar-layout":"default","site-content-layout":"","ast-site-content-layout":"","site-content-style":"default","site-sidebar-style":"default","ast-global-header-display":"","ast-banner-title-visibility":"","ast-main-header-display":"","ast-hfb-above-header-display":"","ast-hfb-below-header-display":"","ast-hfb-mobile-header-display":"","site-post-title":"","ast-breadcrumbs-content":"","ast-featured-img":"","footer-sml-layout":"","theme-transparent-header-meta":"","adv-header-id-meta":"","stick-header-meta":"","header-above-stick-meta":"","header-main-stick-meta":"","header-below-stick-meta":"","astra-migrate-meta-layouts":"default","ast-page-background-enabled":"default","ast-page-background-meta":{"desktop":{"background-color":"var(--ast-global-color-4)","background-image":"","background-repeat":"repeat","background-position":"center center","background-size":"auto","background-attachment":"scroll","background-type":"","background-media":"","overlay-type":"","overlay-color":"","overlay-opacity":"","overlay-gradient":""},"tablet":{"background-color":"","background-image":"","background-repeat":"repeat","background-position":"center center","background-size":"auto","background-attachment":"scroll","background-type":"","background-media":"","overlay-type":"","overlay-color":"","overlay-opacity":"","overlay-gradient":""},"mobile":{"background-color":"","background-image":"","background-repeat":"repeat","background-position":"center center","background-size":"auto","background-attachment":"scroll","background-type":"","background-media":"","overlay-type":"","overlay-color":"","overlay-opacity":"","overlay-gradient":""}},"ast-content-background-meta":{"desktop":{"background-color":"var(--ast-global-color-5)","background-image":"","background-repeat":"repeat","background-position":"center center","background-size":"auto","background-attachment":"scroll","background-type":"","background-media":"","overlay-type":"","overlay-color":"","overlay-opacity":"","overlay-gradient":""},"tablet":{"background-color":"var(--ast-global-color-5)","background-image":"","background-repeat":"repeat","background-position":"center center","background-size":"auto","background-attachment":"scroll","background-type":"","background-media":"","overlay-type":"","overlay-color":"","overlay-opacity":"","overlay-gradient":""},"mobile":{"background-color":"var(--ast-global-color-5)","background-image":"","background-repeat":"repeat","background-position":"center center","background-size":"auto","background-attachment":"scroll","background-type":"","background-media":"","overlay-type":"","overlay-color":"","overlay-opacity":"","overlay-gradient":""}},"footnotes":""},"categories":[14],"tags":[],"yoast_head":"<!-- This site is optimized with the Yoast SEO plugin v23.3 - https:\/\/yoast.com\/wordpress\/plugins\/seo\/ -->\n<title>Director de Servi\u00e7os de Seguran\u00e7a Interna | Lideran\u00e7a, Crescimento e Impacto - Magistrae<\/title>\n<meta name=\"robots\" content=\"index, follow, max-snippet:-1, max-image-preview:large, max-video-preview:-1\" \/>\n<link rel=\"canonical\" href=\"https:\/\/magistrae.com\/es\/3a5c2a91-150b-4619-a489-2ee5488b8e65\/\" \/>\n<meta property=\"og:locale\" content=\"es_ES\" \/>\n<meta property=\"og:type\" content=\"article\" \/>\n<meta property=\"og:title\" content=\"Director de Servi\u00e7os de Seguran\u00e7a Interna | Lideran\u00e7a, Crescimento e Impacto - Magistrae\" \/>\n<meta property=\"og:description\" content=\"Descubra os detalhes essenciais do cargo de Director de Servi\u00e7os de Seguran\u00e7a Interna: lideran\u00e7a, responsabilidades, principais vantagens e desafios para evoluir na carreira.\" \/>\n<meta property=\"og:url\" content=\"https:\/\/magistrae.com\/es\/3a5c2a91-150b-4619-a489-2ee5488b8e65\/\" \/>\n<meta property=\"og:site_name\" content=\"Magistrae\" \/>\n<meta property=\"article:published_time\" content=\"2026-04-08T23:03:00+00:00\" \/>\n<meta property=\"article:modified_time\" content=\"2026-04-08T23:03:38+00:00\" \/>\n<meta name=\"author\" content=\"Bruno Gianni\" \/>\n<meta name=\"twitter:card\" content=\"summary_large_image\" \/>\n<meta name=\"twitter:label1\" content=\"Written by\" \/>\n\t<meta name=\"twitter:data1\" content=\"Bruno Gianni\" \/>\n\t<meta name=\"twitter:label2\" content=\"Est. reading time\" \/>\n\t<meta name=\"twitter:data2\" content=\"3 minutos\" \/>\n<script type=\"application\/ld+json\" class=\"yoast-schema-graph\">{\"@context\":\"https:\/\/schema.org\",\"@graph\":[{\"@type\":\"Article\",\"@id\":\"https:\/\/magistrae.com\/3a5c2a91-150b-4619-a489-2ee5488b8e65\/#article\",\"isPartOf\":{\"@id\":\"https:\/\/magistrae.com\/3a5c2a91-150b-4619-a489-2ee5488b8e65\/\"},\"author\":{\"name\":\"Bruno Gianni\",\"@id\":\"https:\/\/magistrae.com\/#\/schema\/person\/d52888235fd6563bd07d97185d6a61e4\"},\"headline\":\"Director de Servi\u00e7os de Seguran\u00e7a Interna | Lideran\u00e7a, Crescimento e Impacto\",\"datePublished\":\"2026-04-08T23:03:00+00:00\",\"dateModified\":\"2026-04-08T23:03:38+00:00\",\"mainEntityOfPage\":{\"@id\":\"https:\/\/magistrae.com\/3a5c2a91-150b-4619-a489-2ee5488b8e65\/\"},\"wordCount\":538,\"commentCount\":0,\"publisher\":{\"@id\":\"https:\/\/magistrae.com\/#organization\"},\"articleSection\":[\"Hidden\"],\"inLanguage\":\"es\",\"potentialAction\":[{\"@type\":\"CommentAction\",\"name\":\"Comment\",\"target\":[\"https:\/\/magistrae.com\/3a5c2a91-150b-4619-a489-2ee5488b8e65\/#respond\"]}]},{\"@type\":\"WebPage\",\"@id\":\"https:\/\/magistrae.com\/3a5c2a91-150b-4619-a489-2ee5488b8e65\/\",\"url\":\"https:\/\/magistrae.com\/3a5c2a91-150b-4619-a489-2ee5488b8e65\/\",\"name\":\"Director de Servi\u00e7os de Seguran\u00e7a Interna | Lideran\u00e7a, Crescimento e Impacto - Magistrae\",\"isPartOf\":{\"@id\":\"https:\/\/magistrae.com\/#website\"},\"datePublished\":\"2026-04-08T23:03:00+00:00\",\"dateModified\":\"2026-04-08T23:03:38+00:00\",\"breadcrumb\":{\"@id\":\"https:\/\/magistrae.com\/3a5c2a91-150b-4619-a489-2ee5488b8e65\/#breadcrumb\"},\"inLanguage\":\"es\",\"potentialAction\":[{\"@type\":\"ReadAction\",\"target\":[\"https:\/\/magistrae.com\/3a5c2a91-150b-4619-a489-2ee5488b8e65\/\"]}]},{\"@type\":\"BreadcrumbList\",\"@id\":\"https:\/\/magistrae.com\/3a5c2a91-150b-4619-a489-2ee5488b8e65\/#breadcrumb\",\"itemListElement\":[{\"@type\":\"ListItem\",\"position\":1,\"name\":\"Home\",\"item\":\"https:\/\/magistrae.com\/\"},{\"@type\":\"ListItem\",\"position\":2,\"name\":\"Director de Servi\u00e7os de Seguran\u00e7a Interna | Lideran\u00e7a, Crescimento e Impacto\"}]},{\"@type\":\"WebSite\",\"@id\":\"https:\/\/magistrae.com\/#website\",\"url\":\"https:\/\/magistrae.com\/\",\"name\":\"Magistrae\",\"description\":\"\",\"publisher\":{\"@id\":\"https:\/\/magistrae.com\/#organization\"},\"potentialAction\":[{\"@type\":\"SearchAction\",\"target\":{\"@type\":\"EntryPoint\",\"urlTemplate\":\"https:\/\/magistrae.com\/?s={search_term_string}\"},\"query-input\":\"required name=search_term_string\"}],\"inLanguage\":\"es\"},{\"@type\":\"Organization\",\"@id\":\"https:\/\/magistrae.com\/#organization\",\"name\":\"Magistrae\",\"url\":\"https:\/\/magistrae.com\/\",\"logo\":{\"@type\":\"ImageObject\",\"inLanguage\":\"es\",\"@id\":\"https:\/\/magistrae.com\/#\/schema\/logo\/image\/\",\"url\":\"https:\/\/magistrae.com\/wp-content\/uploads\/sites\/413\/2026\/03\/9_Magistrae.jpg\",\"contentUrl\":\"https:\/\/magistrae.com\/wp-content\/uploads\/sites\/413\/2026\/03\/9_Magistrae.jpg\",\"width\":2000,\"height\":2000,\"caption\":\"Magistrae\"},\"image\":{\"@id\":\"https:\/\/magistrae.com\/#\/schema\/logo\/image\/\"}},{\"@type\":\"Person\",\"@id\":\"https:\/\/magistrae.com\/#\/schema\/person\/d52888235fd6563bd07d97185d6a61e4\",\"name\":\"Bruno Gianni\",\"image\":{\"@type\":\"ImageObject\",\"inLanguage\":\"es\",\"@id\":\"https:\/\/magistrae.com\/#\/schema\/person\/image\/\",\"url\":\"https:\/\/secure.gravatar.com\/avatar\/0f5d42d7bf77874643c1478932860e3f?s=96&d=mm&r=g\",\"contentUrl\":\"https:\/\/secure.gravatar.com\/avatar\/0f5d42d7bf77874643c1478932860e3f?s=96&d=mm&r=g\",\"caption\":\"Bruno Gianni\"},\"description\":\"Bruno writes the way he lives, with curiosity, care, and respect for people. He likes to observe, listen, and try to understand what is happening on the other side before putting any words on the page.For him, writing is not about impressing, but about getting closer. It is about turning thoughts into something simple, clear, and real. Every text is an ongoing conversation, created with care and honesty, with the sincere intention of touching someone, somewhere along the way.\",\"url\":\"https:\/\/magistrae.com\/es\/author\/bcgianni\/\"}]}<\/script>\n<!-- \/ Yoast SEO plugin. -->","yoast_head_json":{"title":"Director de Servi\u00e7os de Seguran\u00e7a Interna | Lideran\u00e7a, Crescimento e Impacto - Magistrae","robots":{"index":"index","follow":"follow","max-snippet":"max-snippet:-1","max-image-preview":"max-image-preview:large","max-video-preview":"max-video-preview:-1"},"canonical":"https:\/\/magistrae.com\/es\/3a5c2a91-150b-4619-a489-2ee5488b8e65\/","og_locale":"es_ES","og_type":"article","og_title":"Director de Servi\u00e7os de Seguran\u00e7a Interna | Lideran\u00e7a, Crescimento e Impacto - Magistrae","og_description":"Descubra os detalhes essenciais do cargo de Director de Servi\u00e7os de Seguran\u00e7a Interna: lideran\u00e7a, responsabilidades, principais vantagens e desafios para evoluir na carreira.","og_url":"https:\/\/magistrae.com\/es\/3a5c2a91-150b-4619-a489-2ee5488b8e65\/","og_site_name":"Magistrae","article_published_time":"2026-04-08T23:03:00+00:00","article_modified_time":"2026-04-08T23:03:38+00:00","author":"Bruno Gianni","twitter_card":"summary_large_image","twitter_misc":{"Written by":"Bruno Gianni","Est. reading time":"3 minutos"},"schema":{"@context":"https:\/\/schema.org","@graph":[{"@type":"Article","@id":"https:\/\/magistrae.com\/3a5c2a91-150b-4619-a489-2ee5488b8e65\/#article","isPartOf":{"@id":"https:\/\/magistrae.com\/3a5c2a91-150b-4619-a489-2ee5488b8e65\/"},"author":{"name":"Bruno Gianni","@id":"https:\/\/magistrae.com\/#\/schema\/person\/d52888235fd6563bd07d97185d6a61e4"},"headline":"Director de Servi\u00e7os de Seguran\u00e7a Interna | Lideran\u00e7a, Crescimento e Impacto","datePublished":"2026-04-08T23:03:00+00:00","dateModified":"2026-04-08T23:03:38+00:00","mainEntityOfPage":{"@id":"https:\/\/magistrae.com\/3a5c2a91-150b-4619-a489-2ee5488b8e65\/"},"wordCount":538,"commentCount":0,"publisher":{"@id":"https:\/\/magistrae.com\/#organization"},"articleSection":["Hidden"],"inLanguage":"es","potentialAction":[{"@type":"CommentAction","name":"Comment","target":["https:\/\/magistrae.com\/3a5c2a91-150b-4619-a489-2ee5488b8e65\/#respond"]}]},{"@type":"WebPage","@id":"https:\/\/magistrae.com\/3a5c2a91-150b-4619-a489-2ee5488b8e65\/","url":"https:\/\/magistrae.com\/3a5c2a91-150b-4619-a489-2ee5488b8e65\/","name":"Director de Servi\u00e7os de Seguran\u00e7a Interna | Lideran\u00e7a, Crescimento e Impacto - Magistrae","isPartOf":{"@id":"https:\/\/magistrae.com\/#website"},"datePublished":"2026-04-08T23:03:00+00:00","dateModified":"2026-04-08T23:03:38+00:00","breadcrumb":{"@id":"https:\/\/magistrae.com\/3a5c2a91-150b-4619-a489-2ee5488b8e65\/#breadcrumb"},"inLanguage":"es","potentialAction":[{"@type":"ReadAction","target":["https:\/\/magistrae.com\/3a5c2a91-150b-4619-a489-2ee5488b8e65\/"]}]},{"@type":"BreadcrumbList","@id":"https:\/\/magistrae.com\/3a5c2a91-150b-4619-a489-2ee5488b8e65\/#breadcrumb","itemListElement":[{"@type":"ListItem","position":1,"name":"Home","item":"https:\/\/magistrae.com\/"},{"@type":"ListItem","position":2,"name":"Director de Servi\u00e7os de Seguran\u00e7a Interna | Lideran\u00e7a, Crescimento e Impacto"}]},{"@type":"WebSite","@id":"https:\/\/magistrae.com\/#website","url":"https:\/\/magistrae.com\/","name":"Magistrae","description":"","publisher":{"@id":"https:\/\/magistrae.com\/#organization"},"potentialAction":[{"@type":"SearchAction","target":{"@type":"EntryPoint","urlTemplate":"https:\/\/magistrae.com\/?s={search_term_string}"},"query-input":"required name=search_term_string"}],"inLanguage":"es"},{"@type":"Organization","@id":"https:\/\/magistrae.com\/#organization","name":"Magistrae","url":"https:\/\/magistrae.com\/","logo":{"@type":"ImageObject","inLanguage":"es","@id":"https:\/\/magistrae.com\/#\/schema\/logo\/image\/","url":"https:\/\/magistrae.com\/wp-content\/uploads\/sites\/413\/2026\/03\/9_Magistrae.jpg","contentUrl":"https:\/\/magistrae.com\/wp-content\/uploads\/sites\/413\/2026\/03\/9_Magistrae.jpg","width":2000,"height":2000,"caption":"Magistrae"},"image":{"@id":"https:\/\/magistrae.com\/#\/schema\/logo\/image\/"}},{"@type":"Person","@id":"https:\/\/magistrae.com\/#\/schema\/person\/d52888235fd6563bd07d97185d6a61e4","name":"Bruno Gianni","image":{"@type":"ImageObject","inLanguage":"es","@id":"https:\/\/magistrae.com\/#\/schema\/person\/image\/","url":"https:\/\/secure.gravatar.com\/avatar\/0f5d42d7bf77874643c1478932860e3f?s=96&d=mm&r=g","contentUrl":"https:\/\/secure.gravatar.com\/avatar\/0f5d42d7bf77874643c1478932860e3f?s=96&d=mm&r=g","caption":"Bruno Gianni"},"description":"Bruno writes the way he lives, with curiosity, care, and respect for people. He likes to observe, listen, and try to understand what is happening on the other side before putting any words on the page.For him, writing is not about impressing, but about getting closer. It is about turning thoughts into something simple, clear, and real. Every text is an ongoing conversation, created with care and honesty, with the sincere intention of touching someone, somewhere along the way.","url":"https:\/\/magistrae.com\/es\/author\/bcgianni\/"}]}},"uagb_featured_image_src":{"full":false,"thumbnail":false,"medium":false,"medium_large":false,"large":false,"1536x1536":false,"2048x2048":false,"trp-custom-language-flag":false},"uagb_author_info":{"display_name":"Bruno Gianni","author_link":"https:\/\/magistrae.com\/es\/author\/bcgianni\/"},"uagb_comment_info":0,"uagb_excerpt":"Descubra os detalhes essenciais do cargo de Director de Servi\u00e7os de Seguran\u00e7a Interna: lideran\u00e7a, responsabilidades, principais vantagens e desafios para evoluir na carreira.","_links":{"self":[{"href":"https:\/\/magistrae.com\/es\/wp-json\/wp\/v2\/posts\/11719"}],"collection":[{"href":"https:\/\/magistrae.com\/es\/wp-json\/wp\/v2\/posts"}],"about":[{"href":"https:\/\/magistrae.com\/es\/wp-json\/wp\/v2\/types\/post"}],"author":[{"embeddable":true,"href":"https:\/\/magistrae.com\/es\/wp-json\/wp\/v2\/users\/3"}],"replies":[{"embeddable":true,"href":"https:\/\/magistrae.com\/es\/wp-json\/wp\/v2\/comments?post=11719"}],"version-history":[{"count":1,"href":"https:\/\/magistrae.com\/es\/wp-json\/wp\/v2\/posts\/11719\/revisions"}],"predecessor-version":[{"id":11721,"href":"https:\/\/magistrae.com\/es\/wp-json\/wp\/v2\/posts\/11719\/revisions\/11721"}],"wp:attachment":[{"href":"https:\/\/magistrae.com\/es\/wp-json\/wp\/v2\/media?parent=11719"}],"wp:term":[{"taxonomy":"category","embeddable":true,"href":"https:\/\/magistrae.com\/es\/wp-json\/wp\/v2\/categories?post=11719"},{"taxonomy":"post_tag","embeddable":true,"href":"https:\/\/magistrae.com\/es\/wp-json\/wp\/v2\/tags?post=11719"}],"curies":[{"name":"wp","href":"https:\/\/api.w.org\/{rel}","templated":true}]}}