{"id":11713,"date":"2026-04-08T18:33:00","date_gmt":"2026-04-08T18:33:00","guid":{"rendered":"https:\/\/magistrae.com\/b1424c69-fc57-476c-99da-f4c671d10986\/"},"modified":"2026-04-08T18:33:54","modified_gmt":"2026-04-08T18:33:54","slug":"b1424c69-fc57-476c-99da-f4c671d10986","status":"publish","type":"post","link":"https:\/\/magistrae.com\/es\/b1424c69-fc57-476c-99da-f4c671d10986\/","title":{"rendered":"Director de Servi\u00e7os de Seguran\u00e7a Interna \u2013 Lideran\u00e7a, Crescimento e Inova\u00e7\u00e3o"},"content":{"rendered":"<\/p>\n<\/p>\n<div style=\"background: #ffffff; border-radius: 12px; box-shadow: 0 10px 30px rgba(0, 0, 0, 0.1); width: 100%; max-width: 340px; padding: 25px; transition: transform 0.3s ease-in-out; overflow: visible; display: flex; flex-direction: column; position: relative; border: 1px solid #28a745; margin-top: 70px; margin-bottom: 50px; margin-left: auto; margin-right: auto;\">\n<div style=\"position: absolute; top: -35px; right: 15px; color: #28a745; padding: 5px 10px; border-radius: 6px; font-size: 14px; font-weight: bold; display: flex; align-items: center; z-index: 10;\">Recomendado para si<\/div>\n<div data-namespace-header=\"\" style=\"\">\n<h3 data-namespace-title=\"\" style=\"color: #333; font-size: 20px; font-weight: bold; text-align: left; margin-right: 50px; min-height: 50px; margin-top: 0px;\">Director de Servi\u00e7os de Seguran\u00e7a Interna<\/h3>\n<\/p><\/div>\n<p data-namespace-prompt=\"\" style=\"font-size: 16px; color: #666; margin-bottom: 20px; line-height: 1.5; flex-grow: 1; text-align: left; margin-top: 0px;\">Desafie-se a liderar opera\u00e7\u00f5es cr\u00edticas, gerir equipas e implementar as melhores pr\u00e1ticas do sector. Oportunidade de crescimento em grupo empresarial s\u00f3lido e inovador. <\/p>\n<p>    <a data-namespace-url=\"\" href=\"https:\/\/magistrae.com\/es\/redirect\/?https:\/\/jobs.keptpeople.com\/jobs\/director-de-servicos-de-seguranca-interna-m-f?utm_campaign=google_jobs_apply&#038;utm_source=google_jobs_apply&#038;utm_medium=organic\" style=\"width: 100%; display: inline-block; color: white; text-decoration: none; border-radius: 6px; font-size: 16px; font-weight: bold; text-align: center; transition: transform 0.3s ease, background 0.3s ease; margin-top: auto;\" data-namespace-id=\"5c0d2565-3ba9-4280-a382-ad2a691e2285\"><br \/>\n        <button style=\"width: 100%; height: 55px; background: #e9e9ed; border: 1px solid black; color: black;\">Candidate-se agora<\/button><br \/>\n    <\/a><br \/>\n    <small style=\"margin-top: 10px; color: #777; font-size: 12px; text-align: center; display: block;\">Ser\u00e1 redireccionado para otro sitio<\/small>\n<\/div>\n<p>Esta posi\u00e7\u00e3o \u00e9 direccionada para profissionais experientes que desejam liderar e otimizar opera\u00e7\u00f5es de seguran\u00e7a interna num grande grupo empresarial. O cargo apresenta jornada de tempo integral e oferece ambiente presencial. Embora o sal\u00e1rio n\u00e3o tenha sido explicitamente indicado, o contexto sugere remunera\u00e7\u00e3o adequada ao n\u00edvel de responsabilidade e oportunidade de crescimento.<\/p>\n<p>O Director de Servi\u00e7os de Seguran\u00e7a Interna ter\u00e1 um papel central na coordena\u00e7\u00e3o e supervis\u00e3o de todas as opera\u00e7\u00f5es relacionadas \u00e0 seguran\u00e7a. O desafio est\u00e1 em garantir a seguran\u00e7a de pessoas, bens e infra-estruturas, atrav\u00e9s da implementa\u00e7\u00e3o de pol\u00edticas avan\u00e7adas e solu\u00e7\u00f5es inovadoras.<\/p>\n<h2>Responsabilidades e Rotina Di\u00e1ria<\/h2>\n<p>No dia a dia, o profissional ser\u00e1 respons\u00e1vel pela elabora\u00e7\u00e3o de planos de seguran\u00e7a, controlo de acessos, gest\u00e3o de escalas de trabalho e realiza\u00e7\u00e3o de auditorias e inspec\u00e7\u00f5es. Tamb\u00e9m ser\u00e1 fundamental analisar riscos e desenvolver medidas preventivas, com foco na efici\u00eancia e na resposta r\u00e1pida a incidentes.<\/p>\n<p>A lideran\u00e7a da equipa de seguran\u00e7a \u00e9 core, envolvendo recrutamento, forma\u00e7\u00e3o, avalia\u00e7\u00e3o de desempenho e cria\u00e7\u00e3o de um ambiente de melhoria cont\u00ednua. O director deve negociar contratos e analisar a qualidade dos servi\u00e7os prestados por empresas terceirizadas, garantindo cumprimento dos padr\u00f5es definidos.<\/p>\n<p>Na pr\u00e1tica, espera-se grande aten\u00e7\u00e3o \u00e0 implementa\u00e7\u00e3o de novas tecnologias, automa\u00e7\u00e3o de processos e integra\u00e7\u00e3o de sistemas de vigil\u00e2ncia electr\u00f3nica. O profissional deve trabalhar de forma colaborativa com diferentes departamentos e reportar \u00e0 alta administra\u00e7\u00e3o sobre resultados e estrat\u00e9gias de seguran\u00e7a.<\/p>\n<h2>Vantagens em Destaque<\/h2>\n<p>Uma das grandes vantagens desta vaga \u00e9 a oportunidade de crescimento profissional, j\u00e1 que o candidato ser\u00e1 inserido num grupo s\u00f3lido e em constante expans\u00e3o. O contacto directo com a lideran\u00e7a da empresa permite acesso a boas pr\u00e1ticas e ao desenvolvimento de compet\u00eancias estrat\u00e9gicas.<\/p>\n<p>Outro ponto positivo reside na possibilidade de implementar processos inovadores, focados na optimiza\u00e7\u00e3o e qualidade operacional. \u00c9 um desafio que proporciona visibilidade e reconhecimento interno.<\/p>\n<h2>Pontos a Considerar<\/h2>\n<p>Como contra, a posi\u00e7\u00e3o exige grande disponibilidade e flexibilidade de hor\u00e1rios. O profissional dever\u00e1 estar preparado para agir rapidamente em situa\u00e7\u00f5es cr\u00edticas, inclusive em per\u00edodos fora do expediente comum.<\/p>\n<p>Outro desafio \u00e9 a elevada responsabilidade por pessoas e patrim\u00f3nio, o que pode aumentar a press\u00e3o e exigir capacidade de decis\u00e3o assertiva sob press\u00e3o e em momentos de crise.<\/p>\n<h2>Veredicto Final<\/h2>\n<p>Para quem procura uma carreira s\u00f3lida, com possibilidade de impacto e evolu\u00e7\u00e3o, o cargo de Director de Servi\u00e7os de Seguran\u00e7a Interna re\u00fane excelentes condi\u00e7\u00f5es. A fun\u00e7\u00e3o \u00e9 exigente, mas recompensa o profissionalismo, a vis\u00e3o estrat\u00e9gica e o comprometimento com resultados.<\/p>\n<div style=\"background: #ffffff; border-radius: 12px; box-shadow: 0 10px 30px rgba(0, 0, 0, 0.1); width: 100%; max-width: 340px; padding: 25px; transition: transform 0.3s ease-in-out; overflow: visible; display: flex; flex-direction: column; position: relative; border: 1px solid #28a745; margin-top: 70px; margin-bottom: 50px; margin-left: auto; margin-right: auto;\">\n<div style=\"position: absolute; top: -35px; right: 15px; color: #28a745; padding: 5px 10px; border-radius: 6px; font-size: 14px; font-weight: bold; display: flex; align-items: center; z-index: 10;\">Recomendado para si<\/div>\n<div data-namespace-header=\"\" style=\"\">\n<h3 data-namespace-title=\"\" style=\"color: #333; font-size: 20px; font-weight: bold; text-align: left; margin-right: 50px; min-height: 50px; margin-top: 0px;\">Director de Servi\u00e7os de Seguran\u00e7a Interna<\/h3>\n<\/p><\/div>\n<p data-namespace-prompt=\"\" style=\"font-size: 16px; color: #666; margin-bottom: 20px; line-height: 1.5; flex-grow: 1; text-align: left; margin-top: 0px;\">Desafie-se a liderar opera\u00e7\u00f5es cr\u00edticas, gerir equipas e implementar as melhores pr\u00e1ticas do sector. Oportunidade de crescimento em grupo empresarial s\u00f3lido e inovador. <\/p>\n<p>    <a data-namespace-url=\"\" href=\"https:\/\/magistrae.com\/es\/redirect\/?https:\/\/jobs.keptpeople.com\/jobs\/director-de-servicos-de-seguranca-interna-m-f?utm_campaign=google_jobs_apply&#038;utm_source=google_jobs_apply&#038;utm_medium=organic\" style=\"width: 100%; display: inline-block; color: white; text-decoration: none; border-radius: 6px; font-size: 16px; font-weight: bold; text-align: center; transition: transform 0.3s ease, background 0.3s ease; margin-top: auto;\" data-namespace-id=\"5c0d2565-3ba9-4280-a382-ad2a691e2285\"><br \/>\n        <button style=\"width: 100%; height: 55px; background: #e9e9ed; border: 1px solid black; color: black;\">Candidate-se agora<\/button><br \/>\n    <\/a><br \/>\n    <small style=\"margin-top: 10px; color: #777; font-size: 12px; text-align: center; display: block;\">Ser\u00e1 redireccionado para otro sitio<\/small>\n<\/div>","protected":false},"excerpt":{"rendered":"<p>Cres\u00e7a como Director de Servi\u00e7os de Seguran\u00e7a Interna. Lideran\u00e7a na gest\u00e3o de equipas, inova\u00e7\u00e3o e oportunidades num grupo s\u00f3lido. Candidate-se para evoluir na carreira de seguran\u00e7a corporativa!<\/p>","protected":false},"author":3,"featured_media":0,"comment_status":"open","ping_status":"open","sticky":false,"template":"","format":"standard","meta":{"_uag_custom_page_level_css":"","site-sidebar-layout":"default","site-content-layout":"","ast-site-content-layout":"","site-content-style":"default","site-sidebar-style":"default","ast-global-header-display":"","ast-banner-title-visibility":"","ast-main-header-display":"","ast-hfb-above-header-display":"","ast-hfb-below-header-display":"","ast-hfb-mobile-header-display":"","site-post-title":"","ast-breadcrumbs-content":"","ast-featured-img":"","footer-sml-layout":"","theme-transparent-header-meta":"","adv-header-id-meta":"","stick-header-meta":"","header-above-stick-meta":"","header-main-stick-meta":"","header-below-stick-meta":"","astra-migrate-meta-layouts":"default","ast-page-background-enabled":"default","ast-page-background-meta":{"desktop":{"background-color":"var(--ast-global-color-4)","background-image":"","background-repeat":"repeat","background-position":"center center","background-size":"auto","background-attachment":"scroll","background-type":"","background-media":"","overlay-type":"","overlay-color":"","overlay-opacity":"","overlay-gradient":""},"tablet":{"background-color":"","background-image":"","background-repeat":"repeat","background-position":"center center","background-size":"auto","background-attachment":"scroll","background-type":"","background-media":"","overlay-type":"","overlay-color":"","overlay-opacity":"","overlay-gradient":""},"mobile":{"background-color":"","background-image":"","background-repeat":"repeat","background-position":"center center","background-size":"auto","background-attachment":"scroll","background-type":"","background-media":"","overlay-type":"","overlay-color":"","overlay-opacity":"","overlay-gradient":""}},"ast-content-background-meta":{"desktop":{"background-color":"var(--ast-global-color-5)","background-image":"","background-repeat":"repeat","background-position":"center center","background-size":"auto","background-attachment":"scroll","background-type":"","background-media":"","overlay-type":"","overlay-color":"","overlay-opacity":"","overlay-gradient":""},"tablet":{"background-color":"var(--ast-global-color-5)","background-image":"","background-repeat":"repeat","background-position":"center center","background-size":"auto","background-attachment":"scroll","background-type":"","background-media":"","overlay-type":"","overlay-color":"","overlay-opacity":"","overlay-gradient":""},"mobile":{"background-color":"var(--ast-global-color-5)","background-image":"","background-repeat":"repeat","background-position":"center center","background-size":"auto","background-attachment":"scroll","background-type":"","background-media":"","overlay-type":"","overlay-color":"","overlay-opacity":"","overlay-gradient":""}},"footnotes":""},"categories":[14],"tags":[],"yoast_head":"<!-- This site is optimized with the Yoast SEO plugin v23.3 - https:\/\/yoast.com\/wordpress\/plugins\/seo\/ -->\n<title>Director de Servi\u00e7os de Seguran\u00e7a Interna \u2013 Lideran\u00e7a, Crescimento e Inova\u00e7\u00e3o - Magistrae<\/title>\n<meta name=\"robots\" content=\"index, follow, max-snippet:-1, max-image-preview:large, max-video-preview:-1\" \/>\n<link rel=\"canonical\" href=\"https:\/\/magistrae.com\/es\/b1424c69-fc57-476c-99da-f4c671d10986\/\" \/>\n<meta property=\"og:locale\" content=\"es_ES\" \/>\n<meta property=\"og:type\" content=\"article\" \/>\n<meta property=\"og:title\" content=\"Director de Servi\u00e7os de Seguran\u00e7a Interna \u2013 Lideran\u00e7a, Crescimento e Inova\u00e7\u00e3o - Magistrae\" \/>\n<meta property=\"og:description\" content=\"Cres\u00e7a como Director de Servi\u00e7os de Seguran\u00e7a Interna. Lideran\u00e7a na gest\u00e3o de equipas, inova\u00e7\u00e3o e oportunidades num grupo s\u00f3lido. Candidate-se para evoluir na carreira de seguran\u00e7a corporativa!\" \/>\n<meta property=\"og:url\" content=\"https:\/\/magistrae.com\/es\/b1424c69-fc57-476c-99da-f4c671d10986\/\" \/>\n<meta property=\"og:site_name\" content=\"Magistrae\" \/>\n<meta property=\"article:published_time\" content=\"2026-04-08T18:33:00+00:00\" \/>\n<meta property=\"article:modified_time\" content=\"2026-04-08T18:33:54+00:00\" \/>\n<meta name=\"author\" content=\"Bruno Gianni\" \/>\n<meta name=\"twitter:card\" content=\"summary_large_image\" \/>\n<meta name=\"twitter:label1\" content=\"Written by\" \/>\n\t<meta name=\"twitter:data1\" content=\"Bruno Gianni\" \/>\n\t<meta name=\"twitter:label2\" content=\"Est. reading time\" \/>\n\t<meta name=\"twitter:data2\" content=\"3 minutos\" \/>\n<script type=\"application\/ld+json\" class=\"yoast-schema-graph\">{\"@context\":\"https:\/\/schema.org\",\"@graph\":[{\"@type\":\"Article\",\"@id\":\"https:\/\/magistrae.com\/b1424c69-fc57-476c-99da-f4c671d10986\/#article\",\"isPartOf\":{\"@id\":\"https:\/\/magistrae.com\/b1424c69-fc57-476c-99da-f4c671d10986\/\"},\"author\":{\"name\":\"Bruno Gianni\",\"@id\":\"https:\/\/magistrae.com\/#\/schema\/person\/d52888235fd6563bd07d97185d6a61e4\"},\"headline\":\"Director de Servi\u00e7os de Seguran\u00e7a Interna \u2013 Lideran\u00e7a, Crescimento e Inova\u00e7\u00e3o\",\"datePublished\":\"2026-04-08T18:33:00+00:00\",\"dateModified\":\"2026-04-08T18:33:54+00:00\",\"mainEntityOfPage\":{\"@id\":\"https:\/\/magistrae.com\/b1424c69-fc57-476c-99da-f4c671d10986\/\"},\"wordCount\":571,\"commentCount\":0,\"publisher\":{\"@id\":\"https:\/\/magistrae.com\/#organization\"},\"articleSection\":[\"Hidden\"],\"inLanguage\":\"es\",\"potentialAction\":[{\"@type\":\"CommentAction\",\"name\":\"Comment\",\"target\":[\"https:\/\/magistrae.com\/b1424c69-fc57-476c-99da-f4c671d10986\/#respond\"]}]},{\"@type\":\"WebPage\",\"@id\":\"https:\/\/magistrae.com\/b1424c69-fc57-476c-99da-f4c671d10986\/\",\"url\":\"https:\/\/magistrae.com\/b1424c69-fc57-476c-99da-f4c671d10986\/\",\"name\":\"Director de Servi\u00e7os de Seguran\u00e7a Interna \u2013 Lideran\u00e7a, Crescimento e Inova\u00e7\u00e3o - Magistrae\",\"isPartOf\":{\"@id\":\"https:\/\/magistrae.com\/#website\"},\"datePublished\":\"2026-04-08T18:33:00+00:00\",\"dateModified\":\"2026-04-08T18:33:54+00:00\",\"breadcrumb\":{\"@id\":\"https:\/\/magistrae.com\/b1424c69-fc57-476c-99da-f4c671d10986\/#breadcrumb\"},\"inLanguage\":\"es\",\"potentialAction\":[{\"@type\":\"ReadAction\",\"target\":[\"https:\/\/magistrae.com\/b1424c69-fc57-476c-99da-f4c671d10986\/\"]}]},{\"@type\":\"BreadcrumbList\",\"@id\":\"https:\/\/magistrae.com\/b1424c69-fc57-476c-99da-f4c671d10986\/#breadcrumb\",\"itemListElement\":[{\"@type\":\"ListItem\",\"position\":1,\"name\":\"Home\",\"item\":\"https:\/\/magistrae.com\/\"},{\"@type\":\"ListItem\",\"position\":2,\"name\":\"Director de Servi\u00e7os de Seguran\u00e7a Interna \u2013 Lideran\u00e7a, Crescimento e Inova\u00e7\u00e3o\"}]},{\"@type\":\"WebSite\",\"@id\":\"https:\/\/magistrae.com\/#website\",\"url\":\"https:\/\/magistrae.com\/\",\"name\":\"Magistrae\",\"description\":\"\",\"publisher\":{\"@id\":\"https:\/\/magistrae.com\/#organization\"},\"potentialAction\":[{\"@type\":\"SearchAction\",\"target\":{\"@type\":\"EntryPoint\",\"urlTemplate\":\"https:\/\/magistrae.com\/?s={search_term_string}\"},\"query-input\":\"required name=search_term_string\"}],\"inLanguage\":\"es\"},{\"@type\":\"Organization\",\"@id\":\"https:\/\/magistrae.com\/#organization\",\"name\":\"Magistrae\",\"url\":\"https:\/\/magistrae.com\/\",\"logo\":{\"@type\":\"ImageObject\",\"inLanguage\":\"es\",\"@id\":\"https:\/\/magistrae.com\/#\/schema\/logo\/image\/\",\"url\":\"https:\/\/magistrae.com\/wp-content\/uploads\/sites\/413\/2026\/03\/9_Magistrae.jpg\",\"contentUrl\":\"https:\/\/magistrae.com\/wp-content\/uploads\/sites\/413\/2026\/03\/9_Magistrae.jpg\",\"width\":2000,\"height\":2000,\"caption\":\"Magistrae\"},\"image\":{\"@id\":\"https:\/\/magistrae.com\/#\/schema\/logo\/image\/\"}},{\"@type\":\"Person\",\"@id\":\"https:\/\/magistrae.com\/#\/schema\/person\/d52888235fd6563bd07d97185d6a61e4\",\"name\":\"Bruno Gianni\",\"image\":{\"@type\":\"ImageObject\",\"inLanguage\":\"es\",\"@id\":\"https:\/\/magistrae.com\/#\/schema\/person\/image\/\",\"url\":\"https:\/\/secure.gravatar.com\/avatar\/0f5d42d7bf77874643c1478932860e3f?s=96&d=mm&r=g\",\"contentUrl\":\"https:\/\/secure.gravatar.com\/avatar\/0f5d42d7bf77874643c1478932860e3f?s=96&d=mm&r=g\",\"caption\":\"Bruno Gianni\"},\"description\":\"Bruno writes the way he lives, with curiosity, care, and respect for people. He likes to observe, listen, and try to understand what is happening on the other side before putting any words on the page.For him, writing is not about impressing, but about getting closer. It is about turning thoughts into something simple, clear, and real. Every text is an ongoing conversation, created with care and honesty, with the sincere intention of touching someone, somewhere along the way.\",\"url\":\"https:\/\/magistrae.com\/es\/author\/bcgianni\/\"}]}<\/script>\n<!-- \/ Yoast SEO plugin. -->","yoast_head_json":{"title":"Director de Servi\u00e7os de Seguran\u00e7a Interna \u2013 Lideran\u00e7a, Crescimento e Inova\u00e7\u00e3o - Magistrae","robots":{"index":"index","follow":"follow","max-snippet":"max-snippet:-1","max-image-preview":"max-image-preview:large","max-video-preview":"max-video-preview:-1"},"canonical":"https:\/\/magistrae.com\/es\/b1424c69-fc57-476c-99da-f4c671d10986\/","og_locale":"es_ES","og_type":"article","og_title":"Director de Servi\u00e7os de Seguran\u00e7a Interna \u2013 Lideran\u00e7a, Crescimento e Inova\u00e7\u00e3o - Magistrae","og_description":"Cres\u00e7a como Director de Servi\u00e7os de Seguran\u00e7a Interna. Lideran\u00e7a na gest\u00e3o de equipas, inova\u00e7\u00e3o e oportunidades num grupo s\u00f3lido. Candidate-se para evoluir na carreira de seguran\u00e7a corporativa!","og_url":"https:\/\/magistrae.com\/es\/b1424c69-fc57-476c-99da-f4c671d10986\/","og_site_name":"Magistrae","article_published_time":"2026-04-08T18:33:00+00:00","article_modified_time":"2026-04-08T18:33:54+00:00","author":"Bruno Gianni","twitter_card":"summary_large_image","twitter_misc":{"Written by":"Bruno Gianni","Est. reading time":"3 minutos"},"schema":{"@context":"https:\/\/schema.org","@graph":[{"@type":"Article","@id":"https:\/\/magistrae.com\/b1424c69-fc57-476c-99da-f4c671d10986\/#article","isPartOf":{"@id":"https:\/\/magistrae.com\/b1424c69-fc57-476c-99da-f4c671d10986\/"},"author":{"name":"Bruno Gianni","@id":"https:\/\/magistrae.com\/#\/schema\/person\/d52888235fd6563bd07d97185d6a61e4"},"headline":"Director de Servi\u00e7os de Seguran\u00e7a Interna \u2013 Lideran\u00e7a, Crescimento e Inova\u00e7\u00e3o","datePublished":"2026-04-08T18:33:00+00:00","dateModified":"2026-04-08T18:33:54+00:00","mainEntityOfPage":{"@id":"https:\/\/magistrae.com\/b1424c69-fc57-476c-99da-f4c671d10986\/"},"wordCount":571,"commentCount":0,"publisher":{"@id":"https:\/\/magistrae.com\/#organization"},"articleSection":["Hidden"],"inLanguage":"es","potentialAction":[{"@type":"CommentAction","name":"Comment","target":["https:\/\/magistrae.com\/b1424c69-fc57-476c-99da-f4c671d10986\/#respond"]}]},{"@type":"WebPage","@id":"https:\/\/magistrae.com\/b1424c69-fc57-476c-99da-f4c671d10986\/","url":"https:\/\/magistrae.com\/b1424c69-fc57-476c-99da-f4c671d10986\/","name":"Director de Servi\u00e7os de Seguran\u00e7a Interna \u2013 Lideran\u00e7a, Crescimento e Inova\u00e7\u00e3o - Magistrae","isPartOf":{"@id":"https:\/\/magistrae.com\/#website"},"datePublished":"2026-04-08T18:33:00+00:00","dateModified":"2026-04-08T18:33:54+00:00","breadcrumb":{"@id":"https:\/\/magistrae.com\/b1424c69-fc57-476c-99da-f4c671d10986\/#breadcrumb"},"inLanguage":"es","potentialAction":[{"@type":"ReadAction","target":["https:\/\/magistrae.com\/b1424c69-fc57-476c-99da-f4c671d10986\/"]}]},{"@type":"BreadcrumbList","@id":"https:\/\/magistrae.com\/b1424c69-fc57-476c-99da-f4c671d10986\/#breadcrumb","itemListElement":[{"@type":"ListItem","position":1,"name":"Home","item":"https:\/\/magistrae.com\/"},{"@type":"ListItem","position":2,"name":"Director de Servi\u00e7os de Seguran\u00e7a Interna \u2013 Lideran\u00e7a, Crescimento e Inova\u00e7\u00e3o"}]},{"@type":"WebSite","@id":"https:\/\/magistrae.com\/#website","url":"https:\/\/magistrae.com\/","name":"Magistrae","description":"","publisher":{"@id":"https:\/\/magistrae.com\/#organization"},"potentialAction":[{"@type":"SearchAction","target":{"@type":"EntryPoint","urlTemplate":"https:\/\/magistrae.com\/?s={search_term_string}"},"query-input":"required name=search_term_string"}],"inLanguage":"es"},{"@type":"Organization","@id":"https:\/\/magistrae.com\/#organization","name":"Magistrae","url":"https:\/\/magistrae.com\/","logo":{"@type":"ImageObject","inLanguage":"es","@id":"https:\/\/magistrae.com\/#\/schema\/logo\/image\/","url":"https:\/\/magistrae.com\/wp-content\/uploads\/sites\/413\/2026\/03\/9_Magistrae.jpg","contentUrl":"https:\/\/magistrae.com\/wp-content\/uploads\/sites\/413\/2026\/03\/9_Magistrae.jpg","width":2000,"height":2000,"caption":"Magistrae"},"image":{"@id":"https:\/\/magistrae.com\/#\/schema\/logo\/image\/"}},{"@type":"Person","@id":"https:\/\/magistrae.com\/#\/schema\/person\/d52888235fd6563bd07d97185d6a61e4","name":"Bruno Gianni","image":{"@type":"ImageObject","inLanguage":"es","@id":"https:\/\/magistrae.com\/#\/schema\/person\/image\/","url":"https:\/\/secure.gravatar.com\/avatar\/0f5d42d7bf77874643c1478932860e3f?s=96&d=mm&r=g","contentUrl":"https:\/\/secure.gravatar.com\/avatar\/0f5d42d7bf77874643c1478932860e3f?s=96&d=mm&r=g","caption":"Bruno Gianni"},"description":"Bruno writes the way he lives, with curiosity, care, and respect for people. He likes to observe, listen, and try to understand what is happening on the other side before putting any words on the page.For him, writing is not about impressing, but about getting closer. It is about turning thoughts into something simple, clear, and real. Every text is an ongoing conversation, created with care and honesty, with the sincere intention of touching someone, somewhere along the way.","url":"https:\/\/magistrae.com\/es\/author\/bcgianni\/"}]}},"uagb_featured_image_src":{"full":false,"thumbnail":false,"medium":false,"medium_large":false,"large":false,"1536x1536":false,"2048x2048":false,"trp-custom-language-flag":false},"uagb_author_info":{"display_name":"Bruno Gianni","author_link":"https:\/\/magistrae.com\/es\/author\/bcgianni\/"},"uagb_comment_info":0,"uagb_excerpt":"Cres\u00e7a como Director de Servi\u00e7os de Seguran\u00e7a Interna. Lideran\u00e7a na gest\u00e3o de equipas, inova\u00e7\u00e3o e oportunidades num grupo s\u00f3lido. Candidate-se para evoluir na carreira de seguran\u00e7a corporativa!","_links":{"self":[{"href":"https:\/\/magistrae.com\/es\/wp-json\/wp\/v2\/posts\/11713"}],"collection":[{"href":"https:\/\/magistrae.com\/es\/wp-json\/wp\/v2\/posts"}],"about":[{"href":"https:\/\/magistrae.com\/es\/wp-json\/wp\/v2\/types\/post"}],"author":[{"embeddable":true,"href":"https:\/\/magistrae.com\/es\/wp-json\/wp\/v2\/users\/3"}],"replies":[{"embeddable":true,"href":"https:\/\/magistrae.com\/es\/wp-json\/wp\/v2\/comments?post=11713"}],"version-history":[{"count":1,"href":"https:\/\/magistrae.com\/es\/wp-json\/wp\/v2\/posts\/11713\/revisions"}],"predecessor-version":[{"id":11715,"href":"https:\/\/magistrae.com\/es\/wp-json\/wp\/v2\/posts\/11713\/revisions\/11715"}],"wp:attachment":[{"href":"https:\/\/magistrae.com\/es\/wp-json\/wp\/v2\/media?parent=11713"}],"wp:term":[{"taxonomy":"category","embeddable":true,"href":"https:\/\/magistrae.com\/es\/wp-json\/wp\/v2\/categories?post=11713"},{"taxonomy":"post_tag","embeddable":true,"href":"https:\/\/magistrae.com\/es\/wp-json\/wp\/v2\/tags?post=11713"}],"curies":[{"name":"wp","href":"https:\/\/api.w.org\/{rel}","templated":true}]}}