{"id":11704,"date":"2026-04-08T14:00:00","date_gmt":"2026-04-08T14:00:00","guid":{"rendered":"https:\/\/magistrae.com\/9ca48cfb-d71a-4b34-aa3d-e0924017fd07\/"},"modified":"2026-04-08T14:00:44","modified_gmt":"2026-04-08T14:00:44","slug":"9ca48cfb-d71a-4b34-aa3d-e0924017fd07","status":"publish","type":"post","link":"https:\/\/magistrae.com\/es\/9ca48cfb-d71a-4b34-aa3d-e0924017fd07\/","title":{"rendered":"Gestor de Servi\u00e7os Gerais: Supervis\u00e3o, Lideran\u00e7a e Crescimento Profissional"},"content":{"rendered":"<\/p>\n<\/p>\n<div style=\"background: #ffffff; border-radius: 12px; box-shadow: 0 10px 30px rgba(0, 0, 0, 0.1); width: 100%; max-width: 340px; padding: 25px; transition: transform 0.3s ease-in-out; overflow: visible; display: flex; flex-direction: column; position: relative; border: 1px solid #28a745; margin-top: 70px; margin-bottom: 50px; margin-left: auto; margin-right: auto;\">\n<div style=\"position: absolute; top: -35px; right: 15px; color: #28a745; padding: 5px 10px; border-radius: 6px; font-size: 14px; font-weight: bold; display: flex; align-items: center; z-index: 10;\">Recomendado para si<\/div>\n<div data-namespace-header=\"\" style=\"\">\n<h3 data-namespace-title=\"\" style=\"color: #333; font-size: 20px; font-weight: bold; text-align: left; margin-right: 50px; min-height: 50px; margin-top: 0px;\">Gestor de Servi\u00e7os Gerais<\/h3>\n<\/p><\/div>\n<p data-namespace-prompt=\"\" style=\"font-size: 16px; color: #666; margin-bottom: 20px; line-height: 1.5; flex-grow: 1; text-align: left; margin-top: 0px;\">Procura um papel din\u00e2mico? Lideran\u00e7a de equipas, negocia\u00e7\u00f5es com fornecedores, optimiza\u00e7\u00e3o de custos e desenvolvimento profissional num grupo de refer\u00eancia.<\/p>\n<p>    <a data-namespace-url=\"\" href=\"https:\/\/magistrae.com\/es\/redirect\/?https:\/\/jobs.keptpeople.com\/jobs\/gestor-de-servicos-gerais-m-f-luanda?utm_campaign=google_jobs_apply&#038;utm_source=google_jobs_apply&#038;utm_medium=organic\" style=\"width: 100%; display: inline-block; color: white; text-decoration: none; border-radius: 6px; font-size: 16px; font-weight: bold; text-align: center; transition: transform 0.3s ease, background 0.3s ease; margin-top: auto;\" data-namespace-id=\"5c0d2565-3ba9-4280-a382-ad2a691e2285\"><br \/>\n        <button style=\"width: 100%; height: 55px; background: #e9e9ed; border: 1px solid black; color: black;\">Candidatar-se \u00e0 vaga<\/button><br \/>\n    <\/a><br \/>\n    <small style=\"margin-top: 10px; color: #777; font-size: 12px; text-align: center; display: block;\">Ser\u00e1 redireccionado para otro sitio<\/small>\n<\/div>\n<p><!-- Introdu\u00e7\u00e3o --><\/p>\n<p>Se pretende uma carreira s\u00f3lida na gest\u00e3o, esta oportunidade como Gestor de Servi\u00e7os Gerais destaca-se pelo foco em lideran\u00e7a, estrat\u00e9gia e optimiza\u00e7\u00e3o de recursos.<\/p>\n<p>Esta fun\u00e7\u00e3o requer elevada capacidade organizacional, compet\u00eancias de negocia\u00e7\u00e3o e experi\u00eancia anterior na coordena\u00e7\u00e3o de equipas e processos empresariais.<\/p>\n<p>Apesar de detalhes sobre o sal\u00e1rio n\u00e3o serem disponibilizados, a vaga oferece jornada integral com desenvolvimento profissional e ambiente colaborativo.<\/p>\n<p><!-- Responsabilidades do Dia-a-Dia --><\/p>\n<h2>Principais Responsabilidades da Fun\u00e7\u00e3o<\/h2>\n<p>O gestor ser\u00e1 respons\u00e1vel por supervisionar actividades de suporte, incluindo manuten\u00e7\u00e3o, limpeza e transporte de colaboradores.<\/p>\n<p>Ter\u00e1 fun\u00e7\u00f5es ligadas ao controlo de custos e identifica\u00e7\u00e3o de oportunidades de poupan\u00e7a para a empresa.<\/p>\n<p>Participa na negocia\u00e7\u00e3o de pre\u00e7os e condi\u00e7\u00f5es com fornecedores, garantindo o melhor para a organiza\u00e7\u00e3o.<\/p>\n<p>Est\u00e1 encarregado de garantir a disciplina interna e a conformidade com as normas de seguran\u00e7a em todas as \u00e1reas sob sua responsabilidade.<\/p>\n<p>O monitoramento de indicadores de desempenho (KPI) e elabora\u00e7\u00e3o de relat\u00f3rios s\u00e3o tarefas rotineiras e fundamentais na tomada de decis\u00f5es estrat\u00e9gicas.<\/p>\n<p><!-- Pontos Positivos --><\/p>\n<h2>Vantagens da Posi\u00e7\u00e3o<\/h2>\n<p>Uma das principais vantagens \u00e9 a possibilidade de trabalhar num grupo consolidado com perspectivas reais de progress\u00e3o de carreira, valorizando o desenvolvimento das compet\u00eancias.<\/p>\n<p>O n\u00edvel de autonomia oferecido \u00e9 acima da m\u00e9dia, adequando-se a profissionais que procuram impacto directo nas opera\u00e7\u00f5es da empresa e reconhecimento pelo desempenho.<\/p>\n<p><!-- Pontos Negativos --><\/p>\n<h2>Desafios a Considerar<\/h2>\n<p>O papel exige forte resist\u00eancia ao stress, j\u00e1 que engloba m\u00faltiplas fun\u00e7\u00f5es simult\u00e2neas com prazos rigorosos e alto grau de exig\u00eancia.<\/p>\n<p>A press\u00e3o pela excel\u00eancia operacional pode ser intensa, requerendo constante adapta\u00e7ao e capacidade de resolu\u00e7\u00e3o de problemas sob tens\u00e3o.<\/p>\n<p><!-- Veredicto --><\/p>\n<h2>Veredicto Final<\/h2>\n<p>O cargo de Gestor de Servi\u00e7os Gerais adequa-se a profissionais com experi\u00eancia, focados em lideran\u00e7a, organiza\u00e7\u00e3o e evolu\u00e7\u00e3o cont\u00ednua.<\/p>\n<p>Se procura um desafio motivador, autonomia e envolvimento directo na estrat\u00e9gia empresarial, esta fun\u00e7\u00e3o poder\u00e1 impulsionar a sua carreira de forma significativa.<\/p>\n<div style=\"background: #ffffff; border-radius: 12px; box-shadow: 0 10px 30px rgba(0, 0, 0, 0.1); width: 100%; max-width: 340px; padding: 25px; transition: transform 0.3s ease-in-out; overflow: visible; display: flex; flex-direction: column; position: relative; border: 1px solid #28a745; margin-top: 70px; margin-bottom: 50px; margin-left: auto; margin-right: auto;\">\n<div style=\"position: absolute; top: -35px; right: 15px; color: #28a745; padding: 5px 10px; border-radius: 6px; font-size: 14px; font-weight: bold; display: flex; align-items: center; z-index: 10;\">Recomendado para si<\/div>\n<div data-namespace-header=\"\" style=\"\">\n<h3 data-namespace-title=\"\" style=\"color: #333; font-size: 20px; font-weight: bold; text-align: left; margin-right: 50px; min-height: 50px; margin-top: 0px;\">Gestor de Servi\u00e7os Gerais<\/h3>\n<\/p><\/div>\n<p data-namespace-prompt=\"\" style=\"font-size: 16px; color: #666; margin-bottom: 20px; line-height: 1.5; flex-grow: 1; text-align: left; margin-top: 0px;\">Procura um papel din\u00e2mico? Lideran\u00e7a de equipas, negocia\u00e7\u00f5es com fornecedores, optimiza\u00e7\u00e3o de custos e desenvolvimento profissional num grupo de refer\u00eancia.<\/p>\n<p>    <a data-namespace-url=\"\" href=\"https:\/\/magistrae.com\/es\/redirect\/?https:\/\/jobs.keptpeople.com\/jobs\/gestor-de-servicos-gerais-m-f-luanda?utm_campaign=google_jobs_apply&#038;utm_source=google_jobs_apply&#038;utm_medium=organic\" style=\"width: 100%; display: inline-block; color: white; text-decoration: none; border-radius: 6px; font-size: 16px; font-weight: bold; text-align: center; transition: transform 0.3s ease, background 0.3s ease; margin-top: auto;\" data-namespace-id=\"5c0d2565-3ba9-4280-a382-ad2a691e2285\"><br \/>\n        <button style=\"width: 100%; height: 55px; background: #e9e9ed; border: 1px solid black; color: black;\">Candidatar-se \u00e0 vaga<\/button><br \/>\n    <\/a><br \/>\n    <small style=\"margin-top: 10px; color: #777; font-size: 12px; text-align: center; display: block;\">Ser\u00e1 redireccionado para otro sitio<\/small>\n<\/div>","protected":false},"excerpt":{"rendered":"<p>Explore a vaga de Gestor de Servi\u00e7os Gerais com foco em lideran\u00e7a, manuten\u00e7\u00e3o, negocia\u00e7\u00e3o e grande potencial de crescimento profissional. Oportunidade ideal para o seu perfil!<\/p>","protected":false},"author":3,"featured_media":0,"comment_status":"open","ping_status":"open","sticky":false,"template":"","format":"standard","meta":{"_uag_custom_page_level_css":"","site-sidebar-layout":"default","site-content-layout":"","ast-site-content-layout":"","site-content-style":"default","site-sidebar-style":"default","ast-global-header-display":"","ast-banner-title-visibility":"","ast-main-header-display":"","ast-hfb-above-header-display":"","ast-hfb-below-header-display":"","ast-hfb-mobile-header-display":"","site-post-title":"","ast-breadcrumbs-content":"","ast-featured-img":"","footer-sml-layout":"","theme-transparent-header-meta":"","adv-header-id-meta":"","stick-header-meta":"","header-above-stick-meta":"","header-main-stick-meta":"","header-below-stick-meta":"","astra-migrate-meta-layouts":"default","ast-page-background-enabled":"default","ast-page-background-meta":{"desktop":{"background-color":"var(--ast-global-color-4)","background-image":"","background-repeat":"repeat","background-position":"center center","background-size":"auto","background-attachment":"scroll","background-type":"","background-media":"","overlay-type":"","overlay-color":"","overlay-opacity":"","overlay-gradient":""},"tablet":{"background-color":"","background-image":"","background-repeat":"repeat","background-position":"center center","background-size":"auto","background-attachment":"scroll","background-type":"","background-media":"","overlay-type":"","overlay-color":"","overlay-opacity":"","overlay-gradient":""},"mobile":{"background-color":"","background-image":"","background-repeat":"repeat","background-position":"center center","background-size":"auto","background-attachment":"scroll","background-type":"","background-media":"","overlay-type":"","overlay-color":"","overlay-opacity":"","overlay-gradient":""}},"ast-content-background-meta":{"desktop":{"background-color":"var(--ast-global-color-5)","background-image":"","background-repeat":"repeat","background-position":"center center","background-size":"auto","background-attachment":"scroll","background-type":"","background-media":"","overlay-type":"","overlay-color":"","overlay-opacity":"","overlay-gradient":""},"tablet":{"background-color":"var(--ast-global-color-5)","background-image":"","background-repeat":"repeat","background-position":"center center","background-size":"auto","background-attachment":"scroll","background-type":"","background-media":"","overlay-type":"","overlay-color":"","overlay-opacity":"","overlay-gradient":""},"mobile":{"background-color":"var(--ast-global-color-5)","background-image":"","background-repeat":"repeat","background-position":"center center","background-size":"auto","background-attachment":"scroll","background-type":"","background-media":"","overlay-type":"","overlay-color":"","overlay-opacity":"","overlay-gradient":""}},"footnotes":""},"categories":[14],"tags":[],"yoast_head":"<!-- This site is optimized with the Yoast SEO plugin v23.3 - https:\/\/yoast.com\/wordpress\/plugins\/seo\/ -->\n<title>Gestor de Servi\u00e7os Gerais: Supervis\u00e3o, Lideran\u00e7a e Crescimento Profissional - Magistrae<\/title>\n<meta name=\"robots\" content=\"index, follow, max-snippet:-1, max-image-preview:large, max-video-preview:-1\" \/>\n<link rel=\"canonical\" href=\"https:\/\/magistrae.com\/es\/9ca48cfb-d71a-4b34-aa3d-e0924017fd07\/\" \/>\n<meta property=\"og:locale\" content=\"es_ES\" \/>\n<meta property=\"og:type\" content=\"article\" \/>\n<meta property=\"og:title\" content=\"Gestor de Servi\u00e7os Gerais: Supervis\u00e3o, Lideran\u00e7a e Crescimento Profissional - Magistrae\" \/>\n<meta property=\"og:description\" content=\"Explore a vaga de Gestor de Servi\u00e7os Gerais com foco em lideran\u00e7a, manuten\u00e7\u00e3o, negocia\u00e7\u00e3o e grande potencial de crescimento profissional. Oportunidade ideal para o seu perfil!\" \/>\n<meta property=\"og:url\" content=\"https:\/\/magistrae.com\/es\/9ca48cfb-d71a-4b34-aa3d-e0924017fd07\/\" \/>\n<meta property=\"og:site_name\" content=\"Magistrae\" \/>\n<meta property=\"article:published_time\" content=\"2026-04-08T14:00:00+00:00\" \/>\n<meta property=\"article:modified_time\" content=\"2026-04-08T14:00:44+00:00\" \/>\n<meta name=\"author\" content=\"Bruno Gianni\" \/>\n<meta name=\"twitter:card\" content=\"summary_large_image\" \/>\n<meta name=\"twitter:label1\" content=\"Written by\" \/>\n\t<meta name=\"twitter:data1\" content=\"Bruno Gianni\" \/>\n\t<meta name=\"twitter:label2\" content=\"Est. reading time\" \/>\n\t<meta name=\"twitter:data2\" content=\"2 minutos\" \/>\n<script type=\"application\/ld+json\" class=\"yoast-schema-graph\">{\"@context\":\"https:\/\/schema.org\",\"@graph\":[{\"@type\":\"Article\",\"@id\":\"https:\/\/magistrae.com\/9ca48cfb-d71a-4b34-aa3d-e0924017fd07\/#article\",\"isPartOf\":{\"@id\":\"https:\/\/magistrae.com\/9ca48cfb-d71a-4b34-aa3d-e0924017fd07\/\"},\"author\":{\"name\":\"Bruno Gianni\",\"@id\":\"https:\/\/magistrae.com\/#\/schema\/person\/d52888235fd6563bd07d97185d6a61e4\"},\"headline\":\"Gestor de Servi\u00e7os Gerais: Supervis\u00e3o, Lideran\u00e7a e Crescimento Profissional\",\"datePublished\":\"2026-04-08T14:00:00+00:00\",\"dateModified\":\"2026-04-08T14:00:44+00:00\",\"mainEntityOfPage\":{\"@id\":\"https:\/\/magistrae.com\/9ca48cfb-d71a-4b34-aa3d-e0924017fd07\/\"},\"wordCount\":437,\"commentCount\":0,\"publisher\":{\"@id\":\"https:\/\/magistrae.com\/#organization\"},\"articleSection\":[\"Hidden\"],\"inLanguage\":\"es\",\"potentialAction\":[{\"@type\":\"CommentAction\",\"name\":\"Comment\",\"target\":[\"https:\/\/magistrae.com\/9ca48cfb-d71a-4b34-aa3d-e0924017fd07\/#respond\"]}]},{\"@type\":\"WebPage\",\"@id\":\"https:\/\/magistrae.com\/9ca48cfb-d71a-4b34-aa3d-e0924017fd07\/\",\"url\":\"https:\/\/magistrae.com\/9ca48cfb-d71a-4b34-aa3d-e0924017fd07\/\",\"name\":\"Gestor de Servi\u00e7os Gerais: Supervis\u00e3o, Lideran\u00e7a e Crescimento Profissional - Magistrae\",\"isPartOf\":{\"@id\":\"https:\/\/magistrae.com\/#website\"},\"datePublished\":\"2026-04-08T14:00:00+00:00\",\"dateModified\":\"2026-04-08T14:00:44+00:00\",\"breadcrumb\":{\"@id\":\"https:\/\/magistrae.com\/9ca48cfb-d71a-4b34-aa3d-e0924017fd07\/#breadcrumb\"},\"inLanguage\":\"es\",\"potentialAction\":[{\"@type\":\"ReadAction\",\"target\":[\"https:\/\/magistrae.com\/9ca48cfb-d71a-4b34-aa3d-e0924017fd07\/\"]}]},{\"@type\":\"BreadcrumbList\",\"@id\":\"https:\/\/magistrae.com\/9ca48cfb-d71a-4b34-aa3d-e0924017fd07\/#breadcrumb\",\"itemListElement\":[{\"@type\":\"ListItem\",\"position\":1,\"name\":\"Home\",\"item\":\"https:\/\/magistrae.com\/\"},{\"@type\":\"ListItem\",\"position\":2,\"name\":\"Gestor de Servi\u00e7os Gerais: Supervis\u00e3o, Lideran\u00e7a e Crescimento Profissional\"}]},{\"@type\":\"WebSite\",\"@id\":\"https:\/\/magistrae.com\/#website\",\"url\":\"https:\/\/magistrae.com\/\",\"name\":\"Magistrae\",\"description\":\"\",\"publisher\":{\"@id\":\"https:\/\/magistrae.com\/#organization\"},\"potentialAction\":[{\"@type\":\"SearchAction\",\"target\":{\"@type\":\"EntryPoint\",\"urlTemplate\":\"https:\/\/magistrae.com\/?s={search_term_string}\"},\"query-input\":\"required name=search_term_string\"}],\"inLanguage\":\"es\"},{\"@type\":\"Organization\",\"@id\":\"https:\/\/magistrae.com\/#organization\",\"name\":\"Magistrae\",\"url\":\"https:\/\/magistrae.com\/\",\"logo\":{\"@type\":\"ImageObject\",\"inLanguage\":\"es\",\"@id\":\"https:\/\/magistrae.com\/#\/schema\/logo\/image\/\",\"url\":\"https:\/\/magistrae.com\/wp-content\/uploads\/sites\/413\/2026\/03\/9_Magistrae.jpg\",\"contentUrl\":\"https:\/\/magistrae.com\/wp-content\/uploads\/sites\/413\/2026\/03\/9_Magistrae.jpg\",\"width\":2000,\"height\":2000,\"caption\":\"Magistrae\"},\"image\":{\"@id\":\"https:\/\/magistrae.com\/#\/schema\/logo\/image\/\"}},{\"@type\":\"Person\",\"@id\":\"https:\/\/magistrae.com\/#\/schema\/person\/d52888235fd6563bd07d97185d6a61e4\",\"name\":\"Bruno Gianni\",\"image\":{\"@type\":\"ImageObject\",\"inLanguage\":\"es\",\"@id\":\"https:\/\/magistrae.com\/#\/schema\/person\/image\/\",\"url\":\"https:\/\/secure.gravatar.com\/avatar\/0f5d42d7bf77874643c1478932860e3f?s=96&d=mm&r=g\",\"contentUrl\":\"https:\/\/secure.gravatar.com\/avatar\/0f5d42d7bf77874643c1478932860e3f?s=96&d=mm&r=g\",\"caption\":\"Bruno Gianni\"},\"description\":\"Bruno writes the way he lives, with curiosity, care, and respect for people. He likes to observe, listen, and try to understand what is happening on the other side before putting any words on the page.For him, writing is not about impressing, but about getting closer. It is about turning thoughts into something simple, clear, and real. Every text is an ongoing conversation, created with care and honesty, with the sincere intention of touching someone, somewhere along the way.\",\"url\":\"https:\/\/magistrae.com\/es\/author\/bcgianni\/\"}]}<\/script>\n<!-- \/ Yoast SEO plugin. -->","yoast_head_json":{"title":"Gestor de Servi\u00e7os Gerais: Supervis\u00e3o, Lideran\u00e7a e Crescimento Profissional - Magistrae","robots":{"index":"index","follow":"follow","max-snippet":"max-snippet:-1","max-image-preview":"max-image-preview:large","max-video-preview":"max-video-preview:-1"},"canonical":"https:\/\/magistrae.com\/es\/9ca48cfb-d71a-4b34-aa3d-e0924017fd07\/","og_locale":"es_ES","og_type":"article","og_title":"Gestor de Servi\u00e7os Gerais: Supervis\u00e3o, Lideran\u00e7a e Crescimento Profissional - Magistrae","og_description":"Explore a vaga de Gestor de Servi\u00e7os Gerais com foco em lideran\u00e7a, manuten\u00e7\u00e3o, negocia\u00e7\u00e3o e grande potencial de crescimento profissional. Oportunidade ideal para o seu perfil!","og_url":"https:\/\/magistrae.com\/es\/9ca48cfb-d71a-4b34-aa3d-e0924017fd07\/","og_site_name":"Magistrae","article_published_time":"2026-04-08T14:00:00+00:00","article_modified_time":"2026-04-08T14:00:44+00:00","author":"Bruno Gianni","twitter_card":"summary_large_image","twitter_misc":{"Written by":"Bruno Gianni","Est. reading time":"2 minutos"},"schema":{"@context":"https:\/\/schema.org","@graph":[{"@type":"Article","@id":"https:\/\/magistrae.com\/9ca48cfb-d71a-4b34-aa3d-e0924017fd07\/#article","isPartOf":{"@id":"https:\/\/magistrae.com\/9ca48cfb-d71a-4b34-aa3d-e0924017fd07\/"},"author":{"name":"Bruno Gianni","@id":"https:\/\/magistrae.com\/#\/schema\/person\/d52888235fd6563bd07d97185d6a61e4"},"headline":"Gestor de Servi\u00e7os Gerais: Supervis\u00e3o, Lideran\u00e7a e Crescimento Profissional","datePublished":"2026-04-08T14:00:00+00:00","dateModified":"2026-04-08T14:00:44+00:00","mainEntityOfPage":{"@id":"https:\/\/magistrae.com\/9ca48cfb-d71a-4b34-aa3d-e0924017fd07\/"},"wordCount":437,"commentCount":0,"publisher":{"@id":"https:\/\/magistrae.com\/#organization"},"articleSection":["Hidden"],"inLanguage":"es","potentialAction":[{"@type":"CommentAction","name":"Comment","target":["https:\/\/magistrae.com\/9ca48cfb-d71a-4b34-aa3d-e0924017fd07\/#respond"]}]},{"@type":"WebPage","@id":"https:\/\/magistrae.com\/9ca48cfb-d71a-4b34-aa3d-e0924017fd07\/","url":"https:\/\/magistrae.com\/9ca48cfb-d71a-4b34-aa3d-e0924017fd07\/","name":"Gestor de Servi\u00e7os Gerais: Supervis\u00e3o, Lideran\u00e7a e Crescimento Profissional - Magistrae","isPartOf":{"@id":"https:\/\/magistrae.com\/#website"},"datePublished":"2026-04-08T14:00:00+00:00","dateModified":"2026-04-08T14:00:44+00:00","breadcrumb":{"@id":"https:\/\/magistrae.com\/9ca48cfb-d71a-4b34-aa3d-e0924017fd07\/#breadcrumb"},"inLanguage":"es","potentialAction":[{"@type":"ReadAction","target":["https:\/\/magistrae.com\/9ca48cfb-d71a-4b34-aa3d-e0924017fd07\/"]}]},{"@type":"BreadcrumbList","@id":"https:\/\/magistrae.com\/9ca48cfb-d71a-4b34-aa3d-e0924017fd07\/#breadcrumb","itemListElement":[{"@type":"ListItem","position":1,"name":"Home","item":"https:\/\/magistrae.com\/"},{"@type":"ListItem","position":2,"name":"Gestor de Servi\u00e7os Gerais: Supervis\u00e3o, Lideran\u00e7a e Crescimento Profissional"}]},{"@type":"WebSite","@id":"https:\/\/magistrae.com\/#website","url":"https:\/\/magistrae.com\/","name":"Magistrae","description":"","publisher":{"@id":"https:\/\/magistrae.com\/#organization"},"potentialAction":[{"@type":"SearchAction","target":{"@type":"EntryPoint","urlTemplate":"https:\/\/magistrae.com\/?s={search_term_string}"},"query-input":"required name=search_term_string"}],"inLanguage":"es"},{"@type":"Organization","@id":"https:\/\/magistrae.com\/#organization","name":"Magistrae","url":"https:\/\/magistrae.com\/","logo":{"@type":"ImageObject","inLanguage":"es","@id":"https:\/\/magistrae.com\/#\/schema\/logo\/image\/","url":"https:\/\/magistrae.com\/wp-content\/uploads\/sites\/413\/2026\/03\/9_Magistrae.jpg","contentUrl":"https:\/\/magistrae.com\/wp-content\/uploads\/sites\/413\/2026\/03\/9_Magistrae.jpg","width":2000,"height":2000,"caption":"Magistrae"},"image":{"@id":"https:\/\/magistrae.com\/#\/schema\/logo\/image\/"}},{"@type":"Person","@id":"https:\/\/magistrae.com\/#\/schema\/person\/d52888235fd6563bd07d97185d6a61e4","name":"Bruno Gianni","image":{"@type":"ImageObject","inLanguage":"es","@id":"https:\/\/magistrae.com\/#\/schema\/person\/image\/","url":"https:\/\/secure.gravatar.com\/avatar\/0f5d42d7bf77874643c1478932860e3f?s=96&d=mm&r=g","contentUrl":"https:\/\/secure.gravatar.com\/avatar\/0f5d42d7bf77874643c1478932860e3f?s=96&d=mm&r=g","caption":"Bruno Gianni"},"description":"Bruno writes the way he lives, with curiosity, care, and respect for people. He likes to observe, listen, and try to understand what is happening on the other side before putting any words on the page.For him, writing is not about impressing, but about getting closer. It is about turning thoughts into something simple, clear, and real. Every text is an ongoing conversation, created with care and honesty, with the sincere intention of touching someone, somewhere along the way.","url":"https:\/\/magistrae.com\/es\/author\/bcgianni\/"}]}},"uagb_featured_image_src":{"full":false,"thumbnail":false,"medium":false,"medium_large":false,"large":false,"1536x1536":false,"2048x2048":false,"trp-custom-language-flag":false},"uagb_author_info":{"display_name":"Bruno Gianni","author_link":"https:\/\/magistrae.com\/es\/author\/bcgianni\/"},"uagb_comment_info":0,"uagb_excerpt":"Explore a vaga de Gestor de Servi\u00e7os Gerais com foco em lideran\u00e7a, manuten\u00e7\u00e3o, negocia\u00e7\u00e3o e grande potencial de crescimento profissional. Oportunidade ideal para o seu perfil!","_links":{"self":[{"href":"https:\/\/magistrae.com\/es\/wp-json\/wp\/v2\/posts\/11704"}],"collection":[{"href":"https:\/\/magistrae.com\/es\/wp-json\/wp\/v2\/posts"}],"about":[{"href":"https:\/\/magistrae.com\/es\/wp-json\/wp\/v2\/types\/post"}],"author":[{"embeddable":true,"href":"https:\/\/magistrae.com\/es\/wp-json\/wp\/v2\/users\/3"}],"replies":[{"embeddable":true,"href":"https:\/\/magistrae.com\/es\/wp-json\/wp\/v2\/comments?post=11704"}],"version-history":[{"count":1,"href":"https:\/\/magistrae.com\/es\/wp-json\/wp\/v2\/posts\/11704\/revisions"}],"predecessor-version":[{"id":11705,"href":"https:\/\/magistrae.com\/es\/wp-json\/wp\/v2\/posts\/11704\/revisions\/11705"}],"wp:attachment":[{"href":"https:\/\/magistrae.com\/es\/wp-json\/wp\/v2\/media?parent=11704"}],"wp:term":[{"taxonomy":"category","embeddable":true,"href":"https:\/\/magistrae.com\/es\/wp-json\/wp\/v2\/categories?post=11704"},{"taxonomy":"post_tag","embeddable":true,"href":"https:\/\/magistrae.com\/es\/wp-json\/wp\/v2\/tags?post=11704"}],"curies":[{"name":"wp","href":"https:\/\/api.w.org\/{rel}","templated":true}]}}