{"id":11703,"date":"2026-04-08T14:00:00","date_gmt":"2026-04-08T14:00:00","guid":{"rendered":"https:\/\/magistrae.com\/a4592efd-7dee-4d75-a40e-4b9edc44cc14\/"},"modified":"2026-04-08T14:00:55","modified_gmt":"2026-04-08T14:00:55","slug":"a4592efd-7dee-4d75-a40e-4b9edc44cc14","status":"publish","type":"post","link":"https:\/\/magistrae.com\/es\/a4592efd-7dee-4d75-a40e-4b9edc44cc14\/","title":{"rendered":"T\u00e9cnico de Manuten\u00e7\u00e3o e Servi\u00e7os Gerais: Oportunidade para Profissionais Polivalentes"},"content":{"rendered":"<\/p>\n<\/p>\n<div style=\"background: #ffffff; border-radius: 12px; box-shadow: 0 10px 30px rgba(0, 0, 0, 0.1); width: 100%; max-width: 340px; padding: 25px; transition: transform 0.3s ease-in-out; overflow: visible; display: flex; flex-direction: column; position: relative; border: 1px solid #28a745; margin-top: 70px; margin-bottom: 50px; margin-left: auto; margin-right: auto;\">\n<div style=\"position: absolute; top: -35px; right: 15px; color: #28a745; padding: 5px 10px; border-radius: 6px; font-size: 14px; font-weight: bold; display: flex; align-items: center; z-index: 10;\">Recomendado para voc\u00ea<\/div>\n<div data-namespace-header=\"\" style=\"\">\n<h3 data-namespace-title=\"\" style=\"color: #333; font-size: 20px; font-weight: bold; text-align: left; margin-right: 50px; min-height: 50px; margin-top: 0px;\">T\u00e9cnico de Manuten\u00e7\u00e3o<\/h3>\n<\/p><\/div>\n<p data-namespace-prompt=\"\" style=\"font-size: 16px; color: #666; margin-bottom: 20px; line-height: 1.5; flex-grow: 1; text-align: left; margin-top: 0px;\">Respons\u00e1vel por tarefas de electricidade, canaliza\u00e7\u00e3o e pintura. Exige experi\u00eancia, polival\u00eancia e disponibilidade imediata. Ideal para profissionais pr\u00e1ticos.<\/p>\n<p>    <a data-namespace-url=\"\" href=\"https:\/\/magistrae.com\/es\/redirect\/?https:\/\/angoemprego.com\/vagas\/tecnico-de-manutencao-e-servicos-gerais\/?utm_campaign=google_jobs_apply&#038;utm_source=google_jobs_apply&#038;utm_medium=organic\" style=\"width: 100%; display: inline-block; color: white; text-decoration: none; border-radius: 6px; font-size: 16px; font-weight: bold; text-align: center; transition: transform 0.3s ease, background 0.3s ease; margin-top: auto;\" data-namespace-id=\"5c0d2565-3ba9-4280-a382-ad2a691e2285\"><br \/>\n        <button style=\"width: 100%; height: 55px; background: #e9e9ed; border: 1px solid black; color: black;\">Candidatar-se \u00e0 vaga<\/button><br \/>\n    <\/a><br \/>\n    <small style=\"margin-top: 10px; color: #777; font-size: 12px; text-align: center; display: block;\">Ser\u00e1 redireccionado para otro sitio<\/small>\n<\/div>\n<p>A vaga para T\u00e9cnico de Manuten\u00e7\u00e3o e Servi\u00e7os Gerais \u00e9 uma excelente oportunidade para profissionais com experi\u00eancia em \u00e1reas t\u00e9cnicas, tais como electricidade, canaliza\u00e7\u00e3o e pintura.<\/p>\n<p>A empresa busca candidatos com experi\u00eancia comprovada, que sejam polivalentes, possuam bom relacionamento interpessoal e tenham disponibilidade para in\u00edcio imediato. O sal\u00e1rio n\u00e3o foi divulgado, sendo uma pr\u00e1tica comum no setor.<\/p>\n<p>Esta fun\u00e7\u00e3o \u00e9 indicada para quem prefere atividades variadas diariamente e n\u00e3o gosta de rotina fixa. Os profissionais ir\u00e3o lidar com diferentes necessidades de manuten\u00e7\u00e3o preventiva e corretiva.<\/p>\n<h2>Principais Responsabilidades Di\u00e1rias<\/h2>\n<p>Estando nesta posi\u00e7\u00e3o, o t\u00e9cnico de manuten\u00e7\u00e3o atuar\u00e1 em diversas frentes. A rotina inclui inspe\u00e7\u00f5es peri\u00f3dicas nas instala\u00e7\u00f5es para identificar eventuais problemas e implementar solu\u00e7\u00f5es r\u00e1pidas e eficazes. As tarefas abrangem consertos em sistemas el\u00e9tricos, hidr\u00e1ulicos e atividades ligadas \u00e0 pintura e pequenas reformas.<\/p>\n<p>Manter equipamentos e infraestrutura sempre em bom estado \u00e9 uma prioridade. Outro papel importante \u00e9 garantir que todos os servi\u00e7os realizados sejam seguros e sigam as normas da empresa, promovendo um ambiente de trabalho agrad\u00e1vel.<\/p>\n<p>A comunica\u00e7\u00e3o frequente com gestores \u00e9 fundamental para relatar necessidades e sugerir melhorias. O profissional precisa adaptar-se a tarefas inesperadas, o que exige flexibilidade no dia a dia.<\/p>\n<h2>Vantagens da Vaga<\/h2>\n<p>A principal vantagem desta vaga \u00e9 a valoriza\u00e7\u00e3o da versatilidade, j\u00e1 que permite ao colaborador desenvolver-se em diferentes \u00e1reas t\u00e9cnicas. \u00c9 uma excelente porta de entrada para quem busca crescimento profissional.<\/p>\n<p>Outro ponto positivo \u00e9 a possibilidade de adquirir experi\u00eancias pr\u00e1ticas em v\u00e1rias especialidades, tornando o candidato mais competitivo para futuras oportunidades.<\/p>\n<h2>Desventajas a considerar<\/h2>\n<p>Por outro lado, as constantes mudan\u00e7as de atividade podem ser desafiantes para quem prefere uma rotina estruturada. A indefini\u00e7\u00e3o de sal\u00e1rio pode deixar candidatos inseguros.<\/p>\n<p>Al\u00e9m disso, a exig\u00eancia de disponibilidade imediata pode ser um entrave para aqueles que necessitam planejar transi\u00e7\u00f5es de emprego com mais anteced\u00eancia.<\/p>\n<h2>Veredito Final<\/h2>\n<p>Considerando o perfil da vaga, trata-se de uma excelente oportunidade para quem \u00e9 polivalente e gosta de desafios variados no seu dia a dia. Profissionais flex\u00edveis e que apreciam novos aprendizados ir\u00e3o beneficiar-se com esta posi\u00e7\u00e3o, embora seja importante considerar a exig\u00eancia por disponibilidade r\u00e1pida.<\/p>\n<div style=\"background: #ffffff; border-radius: 12px; box-shadow: 0 10px 30px rgba(0, 0, 0, 0.1); width: 100%; max-width: 340px; padding: 25px; transition: transform 0.3s ease-in-out; overflow: visible; display: flex; flex-direction: column; position: relative; border: 1px solid #28a745; margin-top: 70px; margin-bottom: 50px; margin-left: auto; margin-right: auto;\">\n<div style=\"position: absolute; top: -35px; right: 15px; color: #28a745; padding: 5px 10px; border-radius: 6px; font-size: 14px; font-weight: bold; display: flex; align-items: center; z-index: 10;\">Recomendado para voc\u00ea<\/div>\n<div data-namespace-header=\"\" style=\"\">\n<h3 data-namespace-title=\"\" style=\"color: #333; font-size: 20px; font-weight: bold; text-align: left; margin-right: 50px; min-height: 50px; margin-top: 0px;\">T\u00e9cnico de Manuten\u00e7\u00e3o<\/h3>\n<\/p><\/div>\n<p data-namespace-prompt=\"\" style=\"font-size: 16px; color: #666; margin-bottom: 20px; line-height: 1.5; flex-grow: 1; text-align: left; margin-top: 0px;\">Respons\u00e1vel por tarefas de electricidade, canaliza\u00e7\u00e3o e pintura. Exige experi\u00eancia, polival\u00eancia e disponibilidade imediata. Ideal para profissionais pr\u00e1ticos.<\/p>\n<p>    <a data-namespace-url=\"\" href=\"https:\/\/magistrae.com\/es\/redirect\/?https:\/\/angoemprego.com\/vagas\/tecnico-de-manutencao-e-servicos-gerais\/?utm_campaign=google_jobs_apply&#038;utm_source=google_jobs_apply&#038;utm_medium=organic\" style=\"width: 100%; display: inline-block; color: white; text-decoration: none; border-radius: 6px; font-size: 16px; font-weight: bold; text-align: center; transition: transform 0.3s ease, background 0.3s ease; margin-top: auto;\" data-namespace-id=\"5c0d2565-3ba9-4280-a382-ad2a691e2285\"><br \/>\n        <button style=\"width: 100%; height: 55px; background: #e9e9ed; border: 1px solid black; color: black;\">Candidatar-se \u00e0 vaga<\/button><br \/>\n    <\/a><br \/>\n    <small style=\"margin-top: 10px; color: #777; font-size: 12px; text-align: center; display: block;\">Ser\u00e1 redireccionado para otro sitio<\/small>\n<\/div>","protected":false},"excerpt":{"rendered":"<p>Descobre a vaga de T\u00e9cnico de Manuten\u00e7\u00e3o e Servi\u00e7os Gerais. Com tarefas em electricidade, canaliza\u00e7\u00e3o e pintura, \u00e9 ideal para quem \u00e9 pr\u00e1tico, polivalente e dispon\u00edvel para in\u00edcio imediato.<\/p>","protected":false},"author":3,"featured_media":0,"comment_status":"open","ping_status":"open","sticky":false,"template":"","format":"standard","meta":{"_uag_custom_page_level_css":"","site-sidebar-layout":"default","site-content-layout":"","ast-site-content-layout":"","site-content-style":"default","site-sidebar-style":"default","ast-global-header-display":"","ast-banner-title-visibility":"","ast-main-header-display":"","ast-hfb-above-header-display":"","ast-hfb-below-header-display":"","ast-hfb-mobile-header-display":"","site-post-title":"","ast-breadcrumbs-content":"","ast-featured-img":"","footer-sml-layout":"","theme-transparent-header-meta":"","adv-header-id-meta":"","stick-header-meta":"","header-above-stick-meta":"","header-main-stick-meta":"","header-below-stick-meta":"","astra-migrate-meta-layouts":"default","ast-page-background-enabled":"default","ast-page-background-meta":{"desktop":{"background-color":"var(--ast-global-color-4)","background-image":"","background-repeat":"repeat","background-position":"center center","background-size":"auto","background-attachment":"scroll","background-type":"","background-media":"","overlay-type":"","overlay-color":"","overlay-opacity":"","overlay-gradient":""},"tablet":{"background-color":"","background-image":"","background-repeat":"repeat","background-position":"center center","background-size":"auto","background-attachment":"scroll","background-type":"","background-media":"","overlay-type":"","overlay-color":"","overlay-opacity":"","overlay-gradient":""},"mobile":{"background-color":"","background-image":"","background-repeat":"repeat","background-position":"center center","background-size":"auto","background-attachment":"scroll","background-type":"","background-media":"","overlay-type":"","overlay-color":"","overlay-opacity":"","overlay-gradient":""}},"ast-content-background-meta":{"desktop":{"background-color":"var(--ast-global-color-5)","background-image":"","background-repeat":"repeat","background-position":"center center","background-size":"auto","background-attachment":"scroll","background-type":"","background-media":"","overlay-type":"","overlay-color":"","overlay-opacity":"","overlay-gradient":""},"tablet":{"background-color":"var(--ast-global-color-5)","background-image":"","background-repeat":"repeat","background-position":"center center","background-size":"auto","background-attachment":"scroll","background-type":"","background-media":"","overlay-type":"","overlay-color":"","overlay-opacity":"","overlay-gradient":""},"mobile":{"background-color":"var(--ast-global-color-5)","background-image":"","background-repeat":"repeat","background-position":"center center","background-size":"auto","background-attachment":"scroll","background-type":"","background-media":"","overlay-type":"","overlay-color":"","overlay-opacity":"","overlay-gradient":""}},"footnotes":""},"categories":[14],"tags":[],"yoast_head":"<!-- This site is optimized with the Yoast SEO plugin v23.3 - https:\/\/yoast.com\/wordpress\/plugins\/seo\/ -->\n<title>T\u00e9cnico de Manuten\u00e7\u00e3o e Servi\u00e7os Gerais: Oportunidade para Profissionais Polivalentes - Magistrae<\/title>\n<meta name=\"robots\" content=\"index, follow, max-snippet:-1, max-image-preview:large, max-video-preview:-1\" \/>\n<link rel=\"canonical\" href=\"https:\/\/magistrae.com\/es\/a4592efd-7dee-4d75-a40e-4b9edc44cc14\/\" \/>\n<meta property=\"og:locale\" content=\"es_ES\" \/>\n<meta property=\"og:type\" content=\"article\" \/>\n<meta property=\"og:title\" content=\"T\u00e9cnico de Manuten\u00e7\u00e3o e Servi\u00e7os Gerais: Oportunidade para Profissionais Polivalentes - Magistrae\" \/>\n<meta property=\"og:description\" content=\"Descobre a vaga de T\u00e9cnico de Manuten\u00e7\u00e3o e Servi\u00e7os Gerais. Com tarefas em electricidade, canaliza\u00e7\u00e3o e pintura, \u00e9 ideal para quem \u00e9 pr\u00e1tico, polivalente e dispon\u00edvel para in\u00edcio imediato.\" \/>\n<meta property=\"og:url\" content=\"https:\/\/magistrae.com\/es\/a4592efd-7dee-4d75-a40e-4b9edc44cc14\/\" \/>\n<meta property=\"og:site_name\" content=\"Magistrae\" \/>\n<meta property=\"article:published_time\" content=\"2026-04-08T14:00:00+00:00\" \/>\n<meta property=\"article:modified_time\" content=\"2026-04-08T14:00:55+00:00\" \/>\n<meta name=\"author\" content=\"Bruno Gianni\" \/>\n<meta name=\"twitter:card\" content=\"summary_large_image\" \/>\n<meta name=\"twitter:label1\" content=\"Written by\" \/>\n\t<meta name=\"twitter:data1\" content=\"Bruno Gianni\" \/>\n\t<meta name=\"twitter:label2\" content=\"Est. reading time\" \/>\n\t<meta name=\"twitter:data2\" content=\"2 minutos\" \/>\n<script type=\"application\/ld+json\" class=\"yoast-schema-graph\">{\"@context\":\"https:\/\/schema.org\",\"@graph\":[{\"@type\":\"Article\",\"@id\":\"https:\/\/magistrae.com\/a4592efd-7dee-4d75-a40e-4b9edc44cc14\/#article\",\"isPartOf\":{\"@id\":\"https:\/\/magistrae.com\/a4592efd-7dee-4d75-a40e-4b9edc44cc14\/\"},\"author\":{\"name\":\"Bruno Gianni\",\"@id\":\"https:\/\/magistrae.com\/#\/schema\/person\/d52888235fd6563bd07d97185d6a61e4\"},\"headline\":\"T\u00e9cnico de Manuten\u00e7\u00e3o e Servi\u00e7os Gerais: Oportunidade para Profissionais Polivalentes\",\"datePublished\":\"2026-04-08T14:00:00+00:00\",\"dateModified\":\"2026-04-08T14:00:55+00:00\",\"mainEntityOfPage\":{\"@id\":\"https:\/\/magistrae.com\/a4592efd-7dee-4d75-a40e-4b9edc44cc14\/\"},\"wordCount\":472,\"commentCount\":0,\"publisher\":{\"@id\":\"https:\/\/magistrae.com\/#organization\"},\"articleSection\":[\"Hidden\"],\"inLanguage\":\"es\",\"potentialAction\":[{\"@type\":\"CommentAction\",\"name\":\"Comment\",\"target\":[\"https:\/\/magistrae.com\/a4592efd-7dee-4d75-a40e-4b9edc44cc14\/#respond\"]}]},{\"@type\":\"WebPage\",\"@id\":\"https:\/\/magistrae.com\/a4592efd-7dee-4d75-a40e-4b9edc44cc14\/\",\"url\":\"https:\/\/magistrae.com\/a4592efd-7dee-4d75-a40e-4b9edc44cc14\/\",\"name\":\"T\u00e9cnico de Manuten\u00e7\u00e3o e Servi\u00e7os Gerais: Oportunidade para Profissionais Polivalentes - Magistrae\",\"isPartOf\":{\"@id\":\"https:\/\/magistrae.com\/#website\"},\"datePublished\":\"2026-04-08T14:00:00+00:00\",\"dateModified\":\"2026-04-08T14:00:55+00:00\",\"breadcrumb\":{\"@id\":\"https:\/\/magistrae.com\/a4592efd-7dee-4d75-a40e-4b9edc44cc14\/#breadcrumb\"},\"inLanguage\":\"es\",\"potentialAction\":[{\"@type\":\"ReadAction\",\"target\":[\"https:\/\/magistrae.com\/a4592efd-7dee-4d75-a40e-4b9edc44cc14\/\"]}]},{\"@type\":\"BreadcrumbList\",\"@id\":\"https:\/\/magistrae.com\/a4592efd-7dee-4d75-a40e-4b9edc44cc14\/#breadcrumb\",\"itemListElement\":[{\"@type\":\"ListItem\",\"position\":1,\"name\":\"Home\",\"item\":\"https:\/\/magistrae.com\/\"},{\"@type\":\"ListItem\",\"position\":2,\"name\":\"T\u00e9cnico de Manuten\u00e7\u00e3o e Servi\u00e7os Gerais: Oportunidade para Profissionais Polivalentes\"}]},{\"@type\":\"WebSite\",\"@id\":\"https:\/\/magistrae.com\/#website\",\"url\":\"https:\/\/magistrae.com\/\",\"name\":\"Magistrae\",\"description\":\"\",\"publisher\":{\"@id\":\"https:\/\/magistrae.com\/#organization\"},\"potentialAction\":[{\"@type\":\"SearchAction\",\"target\":{\"@type\":\"EntryPoint\",\"urlTemplate\":\"https:\/\/magistrae.com\/?s={search_term_string}\"},\"query-input\":\"required name=search_term_string\"}],\"inLanguage\":\"es\"},{\"@type\":\"Organization\",\"@id\":\"https:\/\/magistrae.com\/#organization\",\"name\":\"Magistrae\",\"url\":\"https:\/\/magistrae.com\/\",\"logo\":{\"@type\":\"ImageObject\",\"inLanguage\":\"es\",\"@id\":\"https:\/\/magistrae.com\/#\/schema\/logo\/image\/\",\"url\":\"https:\/\/magistrae.com\/wp-content\/uploads\/sites\/413\/2026\/03\/9_Magistrae.jpg\",\"contentUrl\":\"https:\/\/magistrae.com\/wp-content\/uploads\/sites\/413\/2026\/03\/9_Magistrae.jpg\",\"width\":2000,\"height\":2000,\"caption\":\"Magistrae\"},\"image\":{\"@id\":\"https:\/\/magistrae.com\/#\/schema\/logo\/image\/\"}},{\"@type\":\"Person\",\"@id\":\"https:\/\/magistrae.com\/#\/schema\/person\/d52888235fd6563bd07d97185d6a61e4\",\"name\":\"Bruno Gianni\",\"image\":{\"@type\":\"ImageObject\",\"inLanguage\":\"es\",\"@id\":\"https:\/\/magistrae.com\/#\/schema\/person\/image\/\",\"url\":\"https:\/\/secure.gravatar.com\/avatar\/0f5d42d7bf77874643c1478932860e3f?s=96&d=mm&r=g\",\"contentUrl\":\"https:\/\/secure.gravatar.com\/avatar\/0f5d42d7bf77874643c1478932860e3f?s=96&d=mm&r=g\",\"caption\":\"Bruno Gianni\"},\"description\":\"Bruno writes the way he lives, with curiosity, care, and respect for people. He likes to observe, listen, and try to understand what is happening on the other side before putting any words on the page.For him, writing is not about impressing, but about getting closer. It is about turning thoughts into something simple, clear, and real. Every text is an ongoing conversation, created with care and honesty, with the sincere intention of touching someone, somewhere along the way.\",\"url\":\"https:\/\/magistrae.com\/es\/author\/bcgianni\/\"}]}<\/script>\n<!-- \/ Yoast SEO plugin. -->","yoast_head_json":{"title":"T\u00e9cnico de Manuten\u00e7\u00e3o e Servi\u00e7os Gerais: Oportunidade para Profissionais Polivalentes - Magistrae","robots":{"index":"index","follow":"follow","max-snippet":"max-snippet:-1","max-image-preview":"max-image-preview:large","max-video-preview":"max-video-preview:-1"},"canonical":"https:\/\/magistrae.com\/es\/a4592efd-7dee-4d75-a40e-4b9edc44cc14\/","og_locale":"es_ES","og_type":"article","og_title":"T\u00e9cnico de Manuten\u00e7\u00e3o e Servi\u00e7os Gerais: Oportunidade para Profissionais Polivalentes - Magistrae","og_description":"Descobre a vaga de T\u00e9cnico de Manuten\u00e7\u00e3o e Servi\u00e7os Gerais. Com tarefas em electricidade, canaliza\u00e7\u00e3o e pintura, \u00e9 ideal para quem \u00e9 pr\u00e1tico, polivalente e dispon\u00edvel para in\u00edcio imediato.","og_url":"https:\/\/magistrae.com\/es\/a4592efd-7dee-4d75-a40e-4b9edc44cc14\/","og_site_name":"Magistrae","article_published_time":"2026-04-08T14:00:00+00:00","article_modified_time":"2026-04-08T14:00:55+00:00","author":"Bruno Gianni","twitter_card":"summary_large_image","twitter_misc":{"Written by":"Bruno Gianni","Est. reading time":"2 minutos"},"schema":{"@context":"https:\/\/schema.org","@graph":[{"@type":"Article","@id":"https:\/\/magistrae.com\/a4592efd-7dee-4d75-a40e-4b9edc44cc14\/#article","isPartOf":{"@id":"https:\/\/magistrae.com\/a4592efd-7dee-4d75-a40e-4b9edc44cc14\/"},"author":{"name":"Bruno Gianni","@id":"https:\/\/magistrae.com\/#\/schema\/person\/d52888235fd6563bd07d97185d6a61e4"},"headline":"T\u00e9cnico de Manuten\u00e7\u00e3o e Servi\u00e7os Gerais: Oportunidade para Profissionais Polivalentes","datePublished":"2026-04-08T14:00:00+00:00","dateModified":"2026-04-08T14:00:55+00:00","mainEntityOfPage":{"@id":"https:\/\/magistrae.com\/a4592efd-7dee-4d75-a40e-4b9edc44cc14\/"},"wordCount":472,"commentCount":0,"publisher":{"@id":"https:\/\/magistrae.com\/#organization"},"articleSection":["Hidden"],"inLanguage":"es","potentialAction":[{"@type":"CommentAction","name":"Comment","target":["https:\/\/magistrae.com\/a4592efd-7dee-4d75-a40e-4b9edc44cc14\/#respond"]}]},{"@type":"WebPage","@id":"https:\/\/magistrae.com\/a4592efd-7dee-4d75-a40e-4b9edc44cc14\/","url":"https:\/\/magistrae.com\/a4592efd-7dee-4d75-a40e-4b9edc44cc14\/","name":"T\u00e9cnico de Manuten\u00e7\u00e3o e Servi\u00e7os Gerais: Oportunidade para Profissionais Polivalentes - Magistrae","isPartOf":{"@id":"https:\/\/magistrae.com\/#website"},"datePublished":"2026-04-08T14:00:00+00:00","dateModified":"2026-04-08T14:00:55+00:00","breadcrumb":{"@id":"https:\/\/magistrae.com\/a4592efd-7dee-4d75-a40e-4b9edc44cc14\/#breadcrumb"},"inLanguage":"es","potentialAction":[{"@type":"ReadAction","target":["https:\/\/magistrae.com\/a4592efd-7dee-4d75-a40e-4b9edc44cc14\/"]}]},{"@type":"BreadcrumbList","@id":"https:\/\/magistrae.com\/a4592efd-7dee-4d75-a40e-4b9edc44cc14\/#breadcrumb","itemListElement":[{"@type":"ListItem","position":1,"name":"Home","item":"https:\/\/magistrae.com\/"},{"@type":"ListItem","position":2,"name":"T\u00e9cnico de Manuten\u00e7\u00e3o e Servi\u00e7os Gerais: Oportunidade para Profissionais Polivalentes"}]},{"@type":"WebSite","@id":"https:\/\/magistrae.com\/#website","url":"https:\/\/magistrae.com\/","name":"Magistrae","description":"","publisher":{"@id":"https:\/\/magistrae.com\/#organization"},"potentialAction":[{"@type":"SearchAction","target":{"@type":"EntryPoint","urlTemplate":"https:\/\/magistrae.com\/?s={search_term_string}"},"query-input":"required name=search_term_string"}],"inLanguage":"es"},{"@type":"Organization","@id":"https:\/\/magistrae.com\/#organization","name":"Magistrae","url":"https:\/\/magistrae.com\/","logo":{"@type":"ImageObject","inLanguage":"es","@id":"https:\/\/magistrae.com\/#\/schema\/logo\/image\/","url":"https:\/\/magistrae.com\/wp-content\/uploads\/sites\/413\/2026\/03\/9_Magistrae.jpg","contentUrl":"https:\/\/magistrae.com\/wp-content\/uploads\/sites\/413\/2026\/03\/9_Magistrae.jpg","width":2000,"height":2000,"caption":"Magistrae"},"image":{"@id":"https:\/\/magistrae.com\/#\/schema\/logo\/image\/"}},{"@type":"Person","@id":"https:\/\/magistrae.com\/#\/schema\/person\/d52888235fd6563bd07d97185d6a61e4","name":"Bruno Gianni","image":{"@type":"ImageObject","inLanguage":"es","@id":"https:\/\/magistrae.com\/#\/schema\/person\/image\/","url":"https:\/\/secure.gravatar.com\/avatar\/0f5d42d7bf77874643c1478932860e3f?s=96&d=mm&r=g","contentUrl":"https:\/\/secure.gravatar.com\/avatar\/0f5d42d7bf77874643c1478932860e3f?s=96&d=mm&r=g","caption":"Bruno Gianni"},"description":"Bruno writes the way he lives, with curiosity, care, and respect for people. He likes to observe, listen, and try to understand what is happening on the other side before putting any words on the page.For him, writing is not about impressing, but about getting closer. It is about turning thoughts into something simple, clear, and real. Every text is an ongoing conversation, created with care and honesty, with the sincere intention of touching someone, somewhere along the way.","url":"https:\/\/magistrae.com\/es\/author\/bcgianni\/"}]}},"uagb_featured_image_src":{"full":false,"thumbnail":false,"medium":false,"medium_large":false,"large":false,"1536x1536":false,"2048x2048":false,"trp-custom-language-flag":false},"uagb_author_info":{"display_name":"Bruno Gianni","author_link":"https:\/\/magistrae.com\/es\/author\/bcgianni\/"},"uagb_comment_info":0,"uagb_excerpt":"Descobre a vaga de T\u00e9cnico de Manuten\u00e7\u00e3o e Servi\u00e7os Gerais. Com tarefas em electricidade, canaliza\u00e7\u00e3o e pintura, \u00e9 ideal para quem \u00e9 pr\u00e1tico, polivalente e dispon\u00edvel para in\u00edcio imediato.","_links":{"self":[{"href":"https:\/\/magistrae.com\/es\/wp-json\/wp\/v2\/posts\/11703"}],"collection":[{"href":"https:\/\/magistrae.com\/es\/wp-json\/wp\/v2\/posts"}],"about":[{"href":"https:\/\/magistrae.com\/es\/wp-json\/wp\/v2\/types\/post"}],"author":[{"embeddable":true,"href":"https:\/\/magistrae.com\/es\/wp-json\/wp\/v2\/users\/3"}],"replies":[{"embeddable":true,"href":"https:\/\/magistrae.com\/es\/wp-json\/wp\/v2\/comments?post=11703"}],"version-history":[{"count":1,"href":"https:\/\/magistrae.com\/es\/wp-json\/wp\/v2\/posts\/11703\/revisions"}],"predecessor-version":[{"id":11706,"href":"https:\/\/magistrae.com\/es\/wp-json\/wp\/v2\/posts\/11703\/revisions\/11706"}],"wp:attachment":[{"href":"https:\/\/magistrae.com\/es\/wp-json\/wp\/v2\/media?parent=11703"}],"wp:term":[{"taxonomy":"category","embeddable":true,"href":"https:\/\/magistrae.com\/es\/wp-json\/wp\/v2\/categories?post=11703"},{"taxonomy":"post_tag","embeddable":true,"href":"https:\/\/magistrae.com\/es\/wp-json\/wp\/v2\/tags?post=11703"}],"curies":[{"name":"wp","href":"https:\/\/api.w.org\/{rel}","templated":true}]}}