{"id":11684,"date":"2026-04-08T05:52:00","date_gmt":"2026-04-08T05:52:00","guid":{"rendered":"https:\/\/magistrae.com\/824433c8-6bf6-48b3-8f01-c615bc67fb77\/"},"modified":"2026-04-08T05:52:27","modified_gmt":"2026-04-08T05:52:27","slug":"824433c8-6bf6-48b3-8f01-c615bc67fb77","status":"publish","type":"post","link":"https:\/\/magistrae.com\/es\/824433c8-6bf6-48b3-8f01-c615bc67fb77\/","title":{"rendered":"Gestor de Servi\u00e7os Gerais: Lideran\u00e7a e Oportunidade para Profissionais Din\u00e2micos"},"content":{"rendered":"<\/p>\n<\/p>\n<div style=\"background: #ffffff; border-radius: 12px; box-shadow: 0 10px 30px rgba(0, 0, 0, 0.1); width: 100%; max-width: 340px; padding: 25px; transition: transform 0.3s ease-in-out; overflow: visible; display: flex; flex-direction: column; position: relative; border: 1px solid #28a745; margin-top: 70px; margin-bottom: 50px; margin-left: auto; margin-right: auto;\">\n<div style=\"position: absolute; top: -35px; right: 15px; color: #28a745; padding: 5px 10px; border-radius: 6px; font-size: 14px; font-weight: bold; display: flex; align-items: center; z-index: 10;\">Recomendado para si<\/div>\n<div data-namespace-header=\"\" style=\"\">\n<h3 data-namespace-title=\"\" style=\"color: #333; font-size: 20px; font-weight: bold; text-align: left; margin-right: 50px; min-height: 50px; margin-top: 0px;\">Gestor de Servi\u00e7os Gerais<\/h3>\n<\/p><\/div>\n<p data-namespace-prompt=\"\" style=\"font-size: 16px; color: #666; margin-bottom: 20px; line-height: 1.5; flex-grow: 1; text-align: left; margin-top: 0px;\">Cargo integral, com forte enfoque em lideran\u00e7a, organiza\u00e7\u00e3o e negocia\u00e7\u00e3o. Requer experi\u00eancia com equipes, gest\u00e3o de instala\u00e7\u00f5es e dom\u00ednio de MS Office. Excelente oportunidade para crescimento.<\/p>\n<p>    <a data-namespace-url=\"\" href=\"https:\/\/magistrae.com\/es\/redirect\/?https:\/\/jobs.keptpeople.com\/jobs\/gestor-de-servicos-gerais-m-f-luanda?utm_campaign=google_jobs_apply&#038;utm_source=google_jobs_apply&#038;utm_medium=organic\" style=\"width: 100%; display: inline-block; color: white; text-decoration: none; border-radius: 6px; font-size: 16px; font-weight: bold; text-align: center; transition: transform 0.3s ease, background 0.3s ease; margin-top: auto;\" data-namespace-id=\"5c0d2565-3ba9-4280-a382-ad2a691e2285\"><br \/>\n        <button style=\"width: 100%; height: 55px; background: #e9e9ed; border: 1px solid black; color: black;\">Candidatar-se \u00e0 vaga<\/button><br \/>\n    <\/a><br \/>\n    <small style=\"margin-top: 10px; color: #777; font-size: 12px; text-align: center; display: block;\">Ser\u00e1 redirecionado para outro website<\/small>\n<\/div>\n<h2>Responsabilidades e Rotina Di\u00e1ria<\/h2>\n<p>O Gestor de Servi\u00e7os Gerais coordena \u00e1reas cr\u00edticas, incluindo manuten\u00e7\u00e3o de instala\u00e7\u00f5es, transportes, contratos e equipe. Organiza opera\u00e7\u00f5es essenciais do dia a dia.<\/p>\n<p>Entre suas tarefas est\u00e3o negociar com fornecedores, rever necessidades internas, propor optimiza\u00e7\u00f5es e liderar pessoas de diferentes sectores.<\/p>\n<p>Deve supervisionar a disciplina e seguran\u00e7a no trabalho, al\u00e9m de avaliar o desempenho e garantir que os indicadores de performance sejam alcan\u00e7ados.<\/p>\n<p>Acompanha contratos de suporte legal, controla os custos e identifica oportunidades de redu\u00e7\u00e3o de despesas sempre com esp\u00edrito anal\u00edtico.<\/p>\n<p>Outro foco \u00e9 a gest\u00e3o de equipamentos, frota de viaturas, servi\u00e7os m\u00e9dicos, limpezas e alimenta\u00e7\u00e3o dos colaboradores, promovendo efici\u00eancia operacional.<\/p>\n<h2>Ventajas del cargo<\/h2>\n<p>Um dos maiores atrativos \u00e9 a chance de inserir-se num grupo empresarial s\u00f3lido, reconhecido pelo seu potencial de crescimento profissional.<\/p>\n<p>Oferece a possibilidade de aprimorar compet\u00eancias de lideran\u00e7a, negocia\u00e7\u00e3o e gest\u00e3o de m\u00faltiplos servi\u00e7os e equipas num ambiente din\u00e2mico.<\/p>\n<h2>Desvantagens do Cargo<\/h2>\n<p>O cargo exige elevada resist\u00eancia ao stress, devido \u00e0 responsabilidade sobre diversas \u00e1reas e ao ritmo intenso das opera\u00e7\u00f5es.<\/p>\n<p>Al\u00e9m disso, requer equil\u00edbrio para lidar com cobran\u00e7as por resultados e adapta\u00e7\u00e3o constante a novas exig\u00eancias e prioridades.<\/p>\n<h2>Veredito Final<\/h2>\n<p>Para perfis din\u00e2micos, comunicativos e com paix\u00e3o pela gest\u00e3o e lideran\u00e7a, esta vaga representa excelente porta de entrada para desenvolvimento profissional e visibilidade.<\/p>\n<p>N\u00e3o perca a oportunidade de avan\u00e7ar a sua carreira numa posi\u00e7\u00e3o estrat\u00e9gica e reconhecida por empresas de refer\u00eancia.<\/p>\n<div style=\"background: #ffffff; border-radius: 12px; box-shadow: 0 10px 30px rgba(0, 0, 0, 0.1); width: 100%; max-width: 340px; padding: 25px; transition: transform 0.3s ease-in-out; overflow: visible; display: flex; flex-direction: column; position: relative; border: 1px solid #28a745; margin-top: 70px; margin-bottom: 50px; margin-left: auto; margin-right: auto;\">\n<div style=\"position: absolute; top: -35px; right: 15px; color: #28a745; padding: 5px 10px; border-radius: 6px; font-size: 14px; font-weight: bold; display: flex; align-items: center; z-index: 10;\">Recomendado para si<\/div>\n<div data-namespace-header=\"\" style=\"\">\n<h3 data-namespace-title=\"\" style=\"color: #333; font-size: 20px; font-weight: bold; text-align: left; margin-right: 50px; min-height: 50px; margin-top: 0px;\">Gestor de Servi\u00e7os Gerais<\/h3>\n<\/p><\/div>\n<p data-namespace-prompt=\"\" style=\"font-size: 16px; color: #666; margin-bottom: 20px; line-height: 1.5; flex-grow: 1; text-align: left; margin-top: 0px;\">Cargo integral, com forte enfoque em lideran\u00e7a, organiza\u00e7\u00e3o e negocia\u00e7\u00e3o. Requer experi\u00eancia com equipes, gest\u00e3o de instala\u00e7\u00f5es e dom\u00ednio de MS Office. Excelente oportunidade para crescimento.<\/p>\n<p>    <a data-namespace-url=\"\" href=\"https:\/\/magistrae.com\/es\/redirect\/?https:\/\/jobs.keptpeople.com\/jobs\/gestor-de-servicos-gerais-m-f-luanda?utm_campaign=google_jobs_apply&#038;utm_source=google_jobs_apply&#038;utm_medium=organic\" style=\"width: 100%; display: inline-block; color: white; text-decoration: none; border-radius: 6px; font-size: 16px; font-weight: bold; text-align: center; transition: transform 0.3s ease, background 0.3s ease; margin-top: auto;\" data-namespace-id=\"5c0d2565-3ba9-4280-a382-ad2a691e2285\"><br \/>\n        <button style=\"width: 100%; height: 55px; background: #e9e9ed; border: 1px solid black; color: black;\">Candidatar-se \u00e0 vaga<\/button><br \/>\n    <\/a><br \/>\n    <small style=\"margin-top: 10px; color: #777; font-size: 12px; text-align: center; display: block;\">Ser\u00e1 redirecionado para outro website<\/small>\n<\/div>","protected":false},"excerpt":{"rendered":"<p>Conhe\u00e7a o cargo de Gestor de Servi\u00e7os Gerais: destaque em lideran\u00e7a, gest\u00e3o de equipas e crescimento profissional. Saiba os principais pr\u00f3s, contras e requisitos para se destacar.<\/p>","protected":false},"author":3,"featured_media":0,"comment_status":"open","ping_status":"open","sticky":false,"template":"","format":"standard","meta":{"_uag_custom_page_level_css":"","site-sidebar-layout":"default","site-content-layout":"","ast-site-content-layout":"","site-content-style":"default","site-sidebar-style":"default","ast-global-header-display":"","ast-banner-title-visibility":"","ast-main-header-display":"","ast-hfb-above-header-display":"","ast-hfb-below-header-display":"","ast-hfb-mobile-header-display":"","site-post-title":"","ast-breadcrumbs-content":"","ast-featured-img":"","footer-sml-layout":"","theme-transparent-header-meta":"","adv-header-id-meta":"","stick-header-meta":"","header-above-stick-meta":"","header-main-stick-meta":"","header-below-stick-meta":"","astra-migrate-meta-layouts":"default","ast-page-background-enabled":"default","ast-page-background-meta":{"desktop":{"background-color":"var(--ast-global-color-4)","background-image":"","background-repeat":"repeat","background-position":"center center","background-size":"auto","background-attachment":"scroll","background-type":"","background-media":"","overlay-type":"","overlay-color":"","overlay-opacity":"","overlay-gradient":""},"tablet":{"background-color":"","background-image":"","background-repeat":"repeat","background-position":"center center","background-size":"auto","background-attachment":"scroll","background-type":"","background-media":"","overlay-type":"","overlay-color":"","overlay-opacity":"","overlay-gradient":""},"mobile":{"background-color":"","background-image":"","background-repeat":"repeat","background-position":"center center","background-size":"auto","background-attachment":"scroll","background-type":"","background-media":"","overlay-type":"","overlay-color":"","overlay-opacity":"","overlay-gradient":""}},"ast-content-background-meta":{"desktop":{"background-color":"var(--ast-global-color-5)","background-image":"","background-repeat":"repeat","background-position":"center center","background-size":"auto","background-attachment":"scroll","background-type":"","background-media":"","overlay-type":"","overlay-color":"","overlay-opacity":"","overlay-gradient":""},"tablet":{"background-color":"var(--ast-global-color-5)","background-image":"","background-repeat":"repeat","background-position":"center center","background-size":"auto","background-attachment":"scroll","background-type":"","background-media":"","overlay-type":"","overlay-color":"","overlay-opacity":"","overlay-gradient":""},"mobile":{"background-color":"var(--ast-global-color-5)","background-image":"","background-repeat":"repeat","background-position":"center center","background-size":"auto","background-attachment":"scroll","background-type":"","background-media":"","overlay-type":"","overlay-color":"","overlay-opacity":"","overlay-gradient":""}},"footnotes":""},"categories":[14],"tags":[],"yoast_head":"<!-- This site is optimized with the Yoast SEO plugin v23.3 - https:\/\/yoast.com\/wordpress\/plugins\/seo\/ -->\n<title>Gestor de Servi\u00e7os Gerais: Lideran\u00e7a e Oportunidade para Profissionais Din\u00e2micos - Magistrae<\/title>\n<meta name=\"robots\" content=\"index, follow, max-snippet:-1, max-image-preview:large, max-video-preview:-1\" \/>\n<link rel=\"canonical\" href=\"https:\/\/magistrae.com\/es\/824433c8-6bf6-48b3-8f01-c615bc67fb77\/\" \/>\n<meta property=\"og:locale\" content=\"es_ES\" \/>\n<meta property=\"og:type\" content=\"article\" \/>\n<meta property=\"og:title\" content=\"Gestor de Servi\u00e7os Gerais: Lideran\u00e7a e Oportunidade para Profissionais Din\u00e2micos - Magistrae\" \/>\n<meta property=\"og:description\" content=\"Conhe\u00e7a o cargo de Gestor de Servi\u00e7os Gerais: destaque em lideran\u00e7a, gest\u00e3o de equipas e crescimento profissional. Saiba os principais pr\u00f3s, contras e requisitos para se destacar.\" \/>\n<meta property=\"og:url\" content=\"https:\/\/magistrae.com\/es\/824433c8-6bf6-48b3-8f01-c615bc67fb77\/\" \/>\n<meta property=\"og:site_name\" content=\"Magistrae\" \/>\n<meta property=\"article:published_time\" content=\"2026-04-08T05:52:00+00:00\" \/>\n<meta property=\"article:modified_time\" content=\"2026-04-08T05:52:27+00:00\" \/>\n<meta name=\"author\" content=\"Bruno Gianni\" \/>\n<meta name=\"twitter:card\" content=\"summary_large_image\" \/>\n<meta name=\"twitter:label1\" content=\"Written by\" \/>\n\t<meta name=\"twitter:data1\" content=\"Bruno Gianni\" \/>\n\t<meta name=\"twitter:label2\" content=\"Est. reading time\" \/>\n\t<meta name=\"twitter:data2\" content=\"2 minutos\" \/>\n<script type=\"application\/ld+json\" class=\"yoast-schema-graph\">{\"@context\":\"https:\/\/schema.org\",\"@graph\":[{\"@type\":\"Article\",\"@id\":\"https:\/\/magistrae.com\/824433c8-6bf6-48b3-8f01-c615bc67fb77\/#article\",\"isPartOf\":{\"@id\":\"https:\/\/magistrae.com\/824433c8-6bf6-48b3-8f01-c615bc67fb77\/\"},\"author\":{\"name\":\"Bruno Gianni\",\"@id\":\"https:\/\/magistrae.com\/#\/schema\/person\/d52888235fd6563bd07d97185d6a61e4\"},\"headline\":\"Gestor de Servi\u00e7os Gerais: Lideran\u00e7a e Oportunidade para Profissionais Din\u00e2micos\",\"datePublished\":\"2026-04-08T05:52:00+00:00\",\"dateModified\":\"2026-04-08T05:52:27+00:00\",\"mainEntityOfPage\":{\"@id\":\"https:\/\/magistrae.com\/824433c8-6bf6-48b3-8f01-c615bc67fb77\/\"},\"wordCount\":380,\"commentCount\":0,\"publisher\":{\"@id\":\"https:\/\/magistrae.com\/#organization\"},\"articleSection\":[\"Hidden\"],\"inLanguage\":\"es\",\"potentialAction\":[{\"@type\":\"CommentAction\",\"name\":\"Comment\",\"target\":[\"https:\/\/magistrae.com\/824433c8-6bf6-48b3-8f01-c615bc67fb77\/#respond\"]}]},{\"@type\":\"WebPage\",\"@id\":\"https:\/\/magistrae.com\/824433c8-6bf6-48b3-8f01-c615bc67fb77\/\",\"url\":\"https:\/\/magistrae.com\/824433c8-6bf6-48b3-8f01-c615bc67fb77\/\",\"name\":\"Gestor de Servi\u00e7os Gerais: Lideran\u00e7a e Oportunidade para Profissionais Din\u00e2micos - Magistrae\",\"isPartOf\":{\"@id\":\"https:\/\/magistrae.com\/#website\"},\"datePublished\":\"2026-04-08T05:52:00+00:00\",\"dateModified\":\"2026-04-08T05:52:27+00:00\",\"breadcrumb\":{\"@id\":\"https:\/\/magistrae.com\/824433c8-6bf6-48b3-8f01-c615bc67fb77\/#breadcrumb\"},\"inLanguage\":\"es\",\"potentialAction\":[{\"@type\":\"ReadAction\",\"target\":[\"https:\/\/magistrae.com\/824433c8-6bf6-48b3-8f01-c615bc67fb77\/\"]}]},{\"@type\":\"BreadcrumbList\",\"@id\":\"https:\/\/magistrae.com\/824433c8-6bf6-48b3-8f01-c615bc67fb77\/#breadcrumb\",\"itemListElement\":[{\"@type\":\"ListItem\",\"position\":1,\"name\":\"Home\",\"item\":\"https:\/\/magistrae.com\/\"},{\"@type\":\"ListItem\",\"position\":2,\"name\":\"Gestor de Servi\u00e7os Gerais: Lideran\u00e7a e Oportunidade para Profissionais Din\u00e2micos\"}]},{\"@type\":\"WebSite\",\"@id\":\"https:\/\/magistrae.com\/#website\",\"url\":\"https:\/\/magistrae.com\/\",\"name\":\"Magistrae\",\"description\":\"\",\"publisher\":{\"@id\":\"https:\/\/magistrae.com\/#organization\"},\"potentialAction\":[{\"@type\":\"SearchAction\",\"target\":{\"@type\":\"EntryPoint\",\"urlTemplate\":\"https:\/\/magistrae.com\/?s={search_term_string}\"},\"query-input\":\"required name=search_term_string\"}],\"inLanguage\":\"es\"},{\"@type\":\"Organization\",\"@id\":\"https:\/\/magistrae.com\/#organization\",\"name\":\"Magistrae\",\"url\":\"https:\/\/magistrae.com\/\",\"logo\":{\"@type\":\"ImageObject\",\"inLanguage\":\"es\",\"@id\":\"https:\/\/magistrae.com\/#\/schema\/logo\/image\/\",\"url\":\"https:\/\/magistrae.com\/wp-content\/uploads\/sites\/413\/2026\/03\/9_Magistrae.jpg\",\"contentUrl\":\"https:\/\/magistrae.com\/wp-content\/uploads\/sites\/413\/2026\/03\/9_Magistrae.jpg\",\"width\":2000,\"height\":2000,\"caption\":\"Magistrae\"},\"image\":{\"@id\":\"https:\/\/magistrae.com\/#\/schema\/logo\/image\/\"}},{\"@type\":\"Person\",\"@id\":\"https:\/\/magistrae.com\/#\/schema\/person\/d52888235fd6563bd07d97185d6a61e4\",\"name\":\"Bruno Gianni\",\"image\":{\"@type\":\"ImageObject\",\"inLanguage\":\"es\",\"@id\":\"https:\/\/magistrae.com\/#\/schema\/person\/image\/\",\"url\":\"https:\/\/secure.gravatar.com\/avatar\/0f5d42d7bf77874643c1478932860e3f?s=96&d=mm&r=g\",\"contentUrl\":\"https:\/\/secure.gravatar.com\/avatar\/0f5d42d7bf77874643c1478932860e3f?s=96&d=mm&r=g\",\"caption\":\"Bruno Gianni\"},\"description\":\"Bruno writes the way he lives, with curiosity, care, and respect for people. He likes to observe, listen, and try to understand what is happening on the other side before putting any words on the page.For him, writing is not about impressing, but about getting closer. It is about turning thoughts into something simple, clear, and real. Every text is an ongoing conversation, created with care and honesty, with the sincere intention of touching someone, somewhere along the way.\",\"url\":\"https:\/\/magistrae.com\/es\/author\/bcgianni\/\"}]}<\/script>\n<!-- \/ Yoast SEO plugin. -->","yoast_head_json":{"title":"Gestor de Servi\u00e7os Gerais: Lideran\u00e7a e Oportunidade para Profissionais Din\u00e2micos - Magistrae","robots":{"index":"index","follow":"follow","max-snippet":"max-snippet:-1","max-image-preview":"max-image-preview:large","max-video-preview":"max-video-preview:-1"},"canonical":"https:\/\/magistrae.com\/es\/824433c8-6bf6-48b3-8f01-c615bc67fb77\/","og_locale":"es_ES","og_type":"article","og_title":"Gestor de Servi\u00e7os Gerais: Lideran\u00e7a e Oportunidade para Profissionais Din\u00e2micos - Magistrae","og_description":"Conhe\u00e7a o cargo de Gestor de Servi\u00e7os Gerais: destaque em lideran\u00e7a, gest\u00e3o de equipas e crescimento profissional. Saiba os principais pr\u00f3s, contras e requisitos para se destacar.","og_url":"https:\/\/magistrae.com\/es\/824433c8-6bf6-48b3-8f01-c615bc67fb77\/","og_site_name":"Magistrae","article_published_time":"2026-04-08T05:52:00+00:00","article_modified_time":"2026-04-08T05:52:27+00:00","author":"Bruno Gianni","twitter_card":"summary_large_image","twitter_misc":{"Written by":"Bruno Gianni","Est. reading time":"2 minutos"},"schema":{"@context":"https:\/\/schema.org","@graph":[{"@type":"Article","@id":"https:\/\/magistrae.com\/824433c8-6bf6-48b3-8f01-c615bc67fb77\/#article","isPartOf":{"@id":"https:\/\/magistrae.com\/824433c8-6bf6-48b3-8f01-c615bc67fb77\/"},"author":{"name":"Bruno Gianni","@id":"https:\/\/magistrae.com\/#\/schema\/person\/d52888235fd6563bd07d97185d6a61e4"},"headline":"Gestor de Servi\u00e7os Gerais: Lideran\u00e7a e Oportunidade para Profissionais Din\u00e2micos","datePublished":"2026-04-08T05:52:00+00:00","dateModified":"2026-04-08T05:52:27+00:00","mainEntityOfPage":{"@id":"https:\/\/magistrae.com\/824433c8-6bf6-48b3-8f01-c615bc67fb77\/"},"wordCount":380,"commentCount":0,"publisher":{"@id":"https:\/\/magistrae.com\/#organization"},"articleSection":["Hidden"],"inLanguage":"es","potentialAction":[{"@type":"CommentAction","name":"Comment","target":["https:\/\/magistrae.com\/824433c8-6bf6-48b3-8f01-c615bc67fb77\/#respond"]}]},{"@type":"WebPage","@id":"https:\/\/magistrae.com\/824433c8-6bf6-48b3-8f01-c615bc67fb77\/","url":"https:\/\/magistrae.com\/824433c8-6bf6-48b3-8f01-c615bc67fb77\/","name":"Gestor de Servi\u00e7os Gerais: Lideran\u00e7a e Oportunidade para Profissionais Din\u00e2micos - Magistrae","isPartOf":{"@id":"https:\/\/magistrae.com\/#website"},"datePublished":"2026-04-08T05:52:00+00:00","dateModified":"2026-04-08T05:52:27+00:00","breadcrumb":{"@id":"https:\/\/magistrae.com\/824433c8-6bf6-48b3-8f01-c615bc67fb77\/#breadcrumb"},"inLanguage":"es","potentialAction":[{"@type":"ReadAction","target":["https:\/\/magistrae.com\/824433c8-6bf6-48b3-8f01-c615bc67fb77\/"]}]},{"@type":"BreadcrumbList","@id":"https:\/\/magistrae.com\/824433c8-6bf6-48b3-8f01-c615bc67fb77\/#breadcrumb","itemListElement":[{"@type":"ListItem","position":1,"name":"Home","item":"https:\/\/magistrae.com\/"},{"@type":"ListItem","position":2,"name":"Gestor de Servi\u00e7os Gerais: Lideran\u00e7a e Oportunidade para Profissionais Din\u00e2micos"}]},{"@type":"WebSite","@id":"https:\/\/magistrae.com\/#website","url":"https:\/\/magistrae.com\/","name":"Magistrae","description":"","publisher":{"@id":"https:\/\/magistrae.com\/#organization"},"potentialAction":[{"@type":"SearchAction","target":{"@type":"EntryPoint","urlTemplate":"https:\/\/magistrae.com\/?s={search_term_string}"},"query-input":"required name=search_term_string"}],"inLanguage":"es"},{"@type":"Organization","@id":"https:\/\/magistrae.com\/#organization","name":"Magistrae","url":"https:\/\/magistrae.com\/","logo":{"@type":"ImageObject","inLanguage":"es","@id":"https:\/\/magistrae.com\/#\/schema\/logo\/image\/","url":"https:\/\/magistrae.com\/wp-content\/uploads\/sites\/413\/2026\/03\/9_Magistrae.jpg","contentUrl":"https:\/\/magistrae.com\/wp-content\/uploads\/sites\/413\/2026\/03\/9_Magistrae.jpg","width":2000,"height":2000,"caption":"Magistrae"},"image":{"@id":"https:\/\/magistrae.com\/#\/schema\/logo\/image\/"}},{"@type":"Person","@id":"https:\/\/magistrae.com\/#\/schema\/person\/d52888235fd6563bd07d97185d6a61e4","name":"Bruno Gianni","image":{"@type":"ImageObject","inLanguage":"es","@id":"https:\/\/magistrae.com\/#\/schema\/person\/image\/","url":"https:\/\/secure.gravatar.com\/avatar\/0f5d42d7bf77874643c1478932860e3f?s=96&d=mm&r=g","contentUrl":"https:\/\/secure.gravatar.com\/avatar\/0f5d42d7bf77874643c1478932860e3f?s=96&d=mm&r=g","caption":"Bruno Gianni"},"description":"Bruno writes the way he lives, with curiosity, care, and respect for people. He likes to observe, listen, and try to understand what is happening on the other side before putting any words on the page.For him, writing is not about impressing, but about getting closer. It is about turning thoughts into something simple, clear, and real. Every text is an ongoing conversation, created with care and honesty, with the sincere intention of touching someone, somewhere along the way.","url":"https:\/\/magistrae.com\/es\/author\/bcgianni\/"}]}},"uagb_featured_image_src":{"full":false,"thumbnail":false,"medium":false,"medium_large":false,"large":false,"1536x1536":false,"2048x2048":false,"trp-custom-language-flag":false},"uagb_author_info":{"display_name":"Bruno Gianni","author_link":"https:\/\/magistrae.com\/es\/author\/bcgianni\/"},"uagb_comment_info":0,"uagb_excerpt":"Conhe\u00e7a o cargo de Gestor de Servi\u00e7os Gerais: destaque em lideran\u00e7a, gest\u00e3o de equipas e crescimento profissional. Saiba os principais pr\u00f3s, contras e requisitos para se destacar.","_links":{"self":[{"href":"https:\/\/magistrae.com\/es\/wp-json\/wp\/v2\/posts\/11684"}],"collection":[{"href":"https:\/\/magistrae.com\/es\/wp-json\/wp\/v2\/posts"}],"about":[{"href":"https:\/\/magistrae.com\/es\/wp-json\/wp\/v2\/types\/post"}],"author":[{"embeddable":true,"href":"https:\/\/magistrae.com\/es\/wp-json\/wp\/v2\/users\/3"}],"replies":[{"embeddable":true,"href":"https:\/\/magistrae.com\/es\/wp-json\/wp\/v2\/comments?post=11684"}],"version-history":[{"count":1,"href":"https:\/\/magistrae.com\/es\/wp-json\/wp\/v2\/posts\/11684\/revisions"}],"predecessor-version":[{"id":11686,"href":"https:\/\/magistrae.com\/es\/wp-json\/wp\/v2\/posts\/11684\/revisions\/11686"}],"wp:attachment":[{"href":"https:\/\/magistrae.com\/es\/wp-json\/wp\/v2\/media?parent=11684"}],"wp:term":[{"taxonomy":"category","embeddable":true,"href":"https:\/\/magistrae.com\/es\/wp-json\/wp\/v2\/categories?post=11684"},{"taxonomy":"post_tag","embeddable":true,"href":"https:\/\/magistrae.com\/es\/wp-json\/wp\/v2\/tags?post=11684"}],"curies":[{"name":"wp","href":"https:\/\/api.w.org\/{rel}","templated":true}]}}