{"id":11641,"date":"2026-04-07T23:41:00","date_gmt":"2026-04-07T23:41:00","guid":{"rendered":"https:\/\/magistrae.com\/88ab5c60-be3a-4709-b745-b851d54285fc\/"},"modified":"2026-04-07T23:41:05","modified_gmt":"2026-04-07T23:41:05","slug":"88ab5c60-be3a-4709-b745-b851d54285fc","status":"publish","type":"post","link":"https:\/\/magistrae.com\/es\/88ab5c60-be3a-4709-b745-b851d54285fc\/","title":{"rendered":"Director de Servi\u00e7os de Seguran\u00e7a Interna \u2013 Lideran\u00e7a, Crescimento e Tecnologia"},"content":{"rendered":"<\/p>\n<\/p>\n<div style=\"background: #ffffff; border-radius: 12px; box-shadow: 0 10px 30px rgba(0, 0, 0, 0.1); width: 100%; max-width: 340px; padding: 25px; transition: transform 0.3s ease-in-out; overflow: visible; display: flex; flex-direction: column; position: relative; border: 1px solid #28a745; margin-top: 70px; margin-bottom: 50px; margin-left: auto; margin-right: auto;\">\n<div style=\"position: absolute; top: -35px; right: 15px; color: #28a745; padding: 5px 10px; border-radius: 6px; font-size: 14px; font-weight: bold; display: flex; align-items: center; z-index: 10;\">Recomendado para si<\/div>\n<div data-namespace-header=\"\" style=\"\">\n<h3 data-namespace-title=\"\" style=\"color: #333; font-size: 20px; font-weight: bold; text-align: left; margin-right: 50px; min-height: 50px; margin-top: 0px;\">Director de Servi\u00e7os de Seguran\u00e7a Interna<\/h3>\n<\/p><\/div>\n<p data-namespace-prompt=\"\" style=\"font-size: 16px; color: #666; margin-bottom: 20px; line-height: 1.5; flex-grow: 1; text-align: left; margin-top: 0px;\">Procura-se profissional de seguran\u00e7a estrat\u00e9gico, experiente em gest\u00e3o de equipas, an\u00e1lise de risco e implanta\u00e7\u00e3o de sistemas modernos. Oferece perspectiva de crescimento.<\/p>\n<p>    <a data-namespace-url=\"\" href=\"https:\/\/magistrae.com\/es\/redirect\/?https:\/\/jobs.keptpeople.com\/jobs\/director-de-servicos-de-seguranca-interna-m-f?utm_campaign=google_jobs_apply&#038;utm_source=google_jobs_apply&#038;utm_medium=organic\" style=\"width: 100%; display: inline-block; color: white; text-decoration: none; border-radius: 6px; font-size: 16px; font-weight: bold; text-align: center; transition: transform 0.3s ease, background 0.3s ease; margin-top: auto;\" data-namespace-id=\"5c0d2565-3ba9-4280-a382-ad2a691e2285\"><br \/>\n        <button style=\"width: 100%; height: 55px; background: #e9e9ed; border: 1px solid black; color: black;\">Candidatar-se \u00e0 vaga<\/button><br \/>\n    <\/a><br \/>\n    <small style=\"margin-top: 10px; color: #777; font-size: 12px; text-align: center; display: block;\">Ser\u00e1 redireccionado para otro sitio<\/small>\n<\/div>\n<p>Esta vaga para Director de Servi\u00e7os de Seguran\u00e7a Interna destaca-se pela sua miss\u00e3o estrat\u00e9gica. O profissional ter\u00e1 um papel central em garantir a seguran\u00e7a de pessoas, bens, e sistemas, promovendo opera\u00e7\u00f5es eficientes. O regime \u00e9 presencial e integral, sendo uma posi\u00e7\u00e3o de diretoria que exige experi\u00eancia comprovada de pelo menos 4 anos. Informa\u00e7\u00f5es sobre sal\u00e1rio n\u00e3o foram fornecidas, mas salienta-se a oportunidade de integra\u00e7\u00e3o num grupo empresarial est\u00e1vel e com boas perspetivas de crescimento profissional.<\/p>\n<h2>Responsabilidades di\u00e1rias e rotina<\/h2>\n<p>O trabalho do Director de Servi\u00e7os de Seguran\u00e7a Interna foca-se na gest\u00e3o de equipas, implementa\u00e7\u00e3o de pol\u00edticas de seguran\u00e7a e realiza\u00e7\u00e3o de auditorias internas. Entre as tarefas di\u00e1rias est\u00e3o o planeamento estrat\u00e9gico, an\u00e1lise de riscos, supervis\u00e3o de videovigil\u00e2ncia e controlo de acessos.<\/p>\n<p>\u00c9 fundamental coordenar as respostas a incidentes, bem como gerir contratos com empresas prestadoras de servi\u00e7os de seguran\u00e7a. Tamb\u00e9m se exige o desenvolvimento de planos de conting\u00eancia e a realiza\u00e7\u00e3o de investiga\u00e7\u00f5es internas quando necess\u00e1rio.<\/p>\n<p>O profissional ser\u00e1 respons\u00e1vel por definir escalas, formar e liderar equipas, implementar novas tecnologias e supervisionar a qualidade dos servi\u00e7os prestados pelos fornecedores externos.<\/p>\n<p>Al\u00e9m disso, a actua\u00e7\u00e3o em conjunto com outras direc\u00e7\u00f5es da empresa \u00e9 comum, sempre alinhando objectivos e garantindo que as opera\u00e7\u00f5es ocorram dentro dos padr\u00f5es exigidos.<\/p>\n<p>Outro ponto importante \u00e9 controlar custos operacionais e propor iniciativas para melhoria cont\u00ednua dos processos, aumentando assim a efici\u00eancia do departamento.<\/p>\n<h2>Pontos positivos desta oportunidade<\/h2>\n<p>Um dos principais atractivos \u00e9 a possibilidade de desenvolvimento profissional, integrando um grupo s\u00f3lido e em fase de crescimento. Isto pode garantir estabilidade na carreira.<\/p>\n<p>A ampla autonomia na gest\u00e3o de pessoas e recursos possibilita ao candidato influenciar diretamente os resultados do departamento e das opera\u00e7\u00f5es da empresa.<\/p>\n<h2>Pontos a considerar (contras)<\/h2>\n<p>A rotina pode ser exigente, especialmente pela necessidade de disponibilidade flex\u00edvel, incluindo fins de semana e feriados.<\/p>\n<p>A responsabilidade de gerir respostas a crises e manter altos padr\u00f5es de seguran\u00e7a pode causar press\u00e3o constante.<\/p>\n<h2>Veredicto final<\/h2>\n<p>Esta vaga \u00e9 ideal para profissionais com perfil estrat\u00e9gico, experi\u00eancia s\u00f3lida em seguran\u00e7a e interesse em desenvolver equipas. Oportunidade indicada para quem procura crescimento e estabilidade numa fun\u00e7\u00e3o de impacto direto.<\/p>\n<div style=\"background: #ffffff; border-radius: 12px; box-shadow: 0 10px 30px rgba(0, 0, 0, 0.1); width: 100%; max-width: 340px; padding: 25px; transition: transform 0.3s ease-in-out; overflow: visible; display: flex; flex-direction: column; position: relative; border: 1px solid #28a745; margin-top: 70px; margin-bottom: 50px; margin-left: auto; margin-right: auto;\">\n<div style=\"position: absolute; top: -35px; right: 15px; color: #28a745; padding: 5px 10px; border-radius: 6px; font-size: 14px; font-weight: bold; display: flex; align-items: center; z-index: 10;\">Recomendado para si<\/div>\n<div data-namespace-header=\"\" style=\"\">\n<h3 data-namespace-title=\"\" style=\"color: #333; font-size: 20px; font-weight: bold; text-align: left; margin-right: 50px; min-height: 50px; margin-top: 0px;\">Director de Servi\u00e7os de Seguran\u00e7a Interna<\/h3>\n<\/p><\/div>\n<p data-namespace-prompt=\"\" style=\"font-size: 16px; color: #666; margin-bottom: 20px; line-height: 1.5; flex-grow: 1; text-align: left; margin-top: 0px;\">Procura-se profissional de seguran\u00e7a estrat\u00e9gico, experiente em gest\u00e3o de equipas, an\u00e1lise de risco e implanta\u00e7\u00e3o de sistemas modernos. Oferece perspectiva de crescimento.<\/p>\n<p>    <a data-namespace-url=\"\" href=\"https:\/\/magistrae.com\/es\/redirect\/?https:\/\/jobs.keptpeople.com\/jobs\/director-de-servicos-de-seguranca-interna-m-f?utm_campaign=google_jobs_apply&#038;utm_source=google_jobs_apply&#038;utm_medium=organic\" style=\"width: 100%; display: inline-block; color: white; text-decoration: none; border-radius: 6px; font-size: 16px; font-weight: bold; text-align: center; transition: transform 0.3s ease, background 0.3s ease; margin-top: auto;\" data-namespace-id=\"5c0d2565-3ba9-4280-a382-ad2a691e2285\"><br \/>\n        <button style=\"width: 100%; height: 55px; background: #e9e9ed; border: 1px solid black; color: black;\">Candidatar-se \u00e0 vaga<\/button><br \/>\n    <\/a><br \/>\n    <small style=\"margin-top: 10px; color: #777; font-size: 12px; text-align: center; display: block;\">Ser\u00e1 redireccionado para otro sitio<\/small>\n<\/div>","protected":false},"excerpt":{"rendered":"<p>Descubra a vaga de Director de Servi\u00e7os de Seguran\u00e7a Interna. Lideran\u00e7a, gest\u00e3o de equipas, an\u00e1lise de risco e tecnologia, numa empresa s\u00f3lida. Cres\u00e7a na carreira com esta oportunidade!<\/p>","protected":false},"author":3,"featured_media":0,"comment_status":"open","ping_status":"open","sticky":false,"template":"","format":"standard","meta":{"_uag_custom_page_level_css":"","site-sidebar-layout":"default","site-content-layout":"","ast-site-content-layout":"","site-content-style":"default","site-sidebar-style":"default","ast-global-header-display":"","ast-banner-title-visibility":"","ast-main-header-display":"","ast-hfb-above-header-display":"","ast-hfb-below-header-display":"","ast-hfb-mobile-header-display":"","site-post-title":"","ast-breadcrumbs-content":"","ast-featured-img":"","footer-sml-layout":"","theme-transparent-header-meta":"","adv-header-id-meta":"","stick-header-meta":"","header-above-stick-meta":"","header-main-stick-meta":"","header-below-stick-meta":"","astra-migrate-meta-layouts":"default","ast-page-background-enabled":"default","ast-page-background-meta":{"desktop":{"background-color":"var(--ast-global-color-4)","background-image":"","background-repeat":"repeat","background-position":"center center","background-size":"auto","background-attachment":"scroll","background-type":"","background-media":"","overlay-type":"","overlay-color":"","overlay-opacity":"","overlay-gradient":""},"tablet":{"background-color":"","background-image":"","background-repeat":"repeat","background-position":"center center","background-size":"auto","background-attachment":"scroll","background-type":"","background-media":"","overlay-type":"","overlay-color":"","overlay-opacity":"","overlay-gradient":""},"mobile":{"background-color":"","background-image":"","background-repeat":"repeat","background-position":"center center","background-size":"auto","background-attachment":"scroll","background-type":"","background-media":"","overlay-type":"","overlay-color":"","overlay-opacity":"","overlay-gradient":""}},"ast-content-background-meta":{"desktop":{"background-color":"var(--ast-global-color-5)","background-image":"","background-repeat":"repeat","background-position":"center center","background-size":"auto","background-attachment":"scroll","background-type":"","background-media":"","overlay-type":"","overlay-color":"","overlay-opacity":"","overlay-gradient":""},"tablet":{"background-color":"var(--ast-global-color-5)","background-image":"","background-repeat":"repeat","background-position":"center center","background-size":"auto","background-attachment":"scroll","background-type":"","background-media":"","overlay-type":"","overlay-color":"","overlay-opacity":"","overlay-gradient":""},"mobile":{"background-color":"var(--ast-global-color-5)","background-image":"","background-repeat":"repeat","background-position":"center center","background-size":"auto","background-attachment":"scroll","background-type":"","background-media":"","overlay-type":"","overlay-color":"","overlay-opacity":"","overlay-gradient":""}},"footnotes":""},"categories":[14],"tags":[],"yoast_head":"<!-- This site is optimized with the Yoast SEO plugin v23.3 - https:\/\/yoast.com\/wordpress\/plugins\/seo\/ -->\n<title>Director de Servi\u00e7os de Seguran\u00e7a Interna \u2013 Lideran\u00e7a, Crescimento e Tecnologia - Magistrae<\/title>\n<meta name=\"robots\" content=\"index, follow, max-snippet:-1, max-image-preview:large, max-video-preview:-1\" \/>\n<link rel=\"canonical\" href=\"https:\/\/magistrae.com\/es\/88ab5c60-be3a-4709-b745-b851d54285fc\/\" \/>\n<meta property=\"og:locale\" content=\"es_ES\" \/>\n<meta property=\"og:type\" content=\"article\" \/>\n<meta property=\"og:title\" content=\"Director de Servi\u00e7os de Seguran\u00e7a Interna \u2013 Lideran\u00e7a, Crescimento e Tecnologia - Magistrae\" \/>\n<meta property=\"og:description\" content=\"Descubra a vaga de Director de Servi\u00e7os de Seguran\u00e7a Interna. Lideran\u00e7a, gest\u00e3o de equipas, an\u00e1lise de risco e tecnologia, numa empresa s\u00f3lida. Cres\u00e7a na carreira com esta oportunidade!\" \/>\n<meta property=\"og:url\" content=\"https:\/\/magistrae.com\/es\/88ab5c60-be3a-4709-b745-b851d54285fc\/\" \/>\n<meta property=\"og:site_name\" content=\"Magistrae\" \/>\n<meta property=\"article:published_time\" content=\"2026-04-07T23:41:00+00:00\" \/>\n<meta property=\"article:modified_time\" content=\"2026-04-07T23:41:05+00:00\" \/>\n<meta name=\"author\" content=\"Bruno Gianni\" \/>\n<meta name=\"twitter:card\" content=\"summary_large_image\" \/>\n<meta name=\"twitter:label1\" content=\"Written by\" \/>\n\t<meta name=\"twitter:data1\" content=\"Bruno Gianni\" \/>\n\t<meta name=\"twitter:label2\" content=\"Est. reading time\" \/>\n\t<meta name=\"twitter:data2\" content=\"2 minutos\" \/>\n<script type=\"application\/ld+json\" class=\"yoast-schema-graph\">{\"@context\":\"https:\/\/schema.org\",\"@graph\":[{\"@type\":\"Article\",\"@id\":\"https:\/\/magistrae.com\/88ab5c60-be3a-4709-b745-b851d54285fc\/#article\",\"isPartOf\":{\"@id\":\"https:\/\/magistrae.com\/88ab5c60-be3a-4709-b745-b851d54285fc\/\"},\"author\":{\"name\":\"Bruno Gianni\",\"@id\":\"https:\/\/magistrae.com\/#\/schema\/person\/d52888235fd6563bd07d97185d6a61e4\"},\"headline\":\"Director de Servi\u00e7os de Seguran\u00e7a Interna \u2013 Lideran\u00e7a, Crescimento e Tecnologia\",\"datePublished\":\"2026-04-07T23:41:00+00:00\",\"dateModified\":\"2026-04-07T23:41:05+00:00\",\"mainEntityOfPage\":{\"@id\":\"https:\/\/magistrae.com\/88ab5c60-be3a-4709-b745-b851d54285fc\/\"},\"wordCount\":501,\"commentCount\":0,\"publisher\":{\"@id\":\"https:\/\/magistrae.com\/#organization\"},\"articleSection\":[\"Hidden\"],\"inLanguage\":\"es\",\"potentialAction\":[{\"@type\":\"CommentAction\",\"name\":\"Comment\",\"target\":[\"https:\/\/magistrae.com\/88ab5c60-be3a-4709-b745-b851d54285fc\/#respond\"]}]},{\"@type\":\"WebPage\",\"@id\":\"https:\/\/magistrae.com\/88ab5c60-be3a-4709-b745-b851d54285fc\/\",\"url\":\"https:\/\/magistrae.com\/88ab5c60-be3a-4709-b745-b851d54285fc\/\",\"name\":\"Director de Servi\u00e7os de Seguran\u00e7a Interna \u2013 Lideran\u00e7a, Crescimento e Tecnologia - Magistrae\",\"isPartOf\":{\"@id\":\"https:\/\/magistrae.com\/#website\"},\"datePublished\":\"2026-04-07T23:41:00+00:00\",\"dateModified\":\"2026-04-07T23:41:05+00:00\",\"breadcrumb\":{\"@id\":\"https:\/\/magistrae.com\/88ab5c60-be3a-4709-b745-b851d54285fc\/#breadcrumb\"},\"inLanguage\":\"es\",\"potentialAction\":[{\"@type\":\"ReadAction\",\"target\":[\"https:\/\/magistrae.com\/88ab5c60-be3a-4709-b745-b851d54285fc\/\"]}]},{\"@type\":\"BreadcrumbList\",\"@id\":\"https:\/\/magistrae.com\/88ab5c60-be3a-4709-b745-b851d54285fc\/#breadcrumb\",\"itemListElement\":[{\"@type\":\"ListItem\",\"position\":1,\"name\":\"Home\",\"item\":\"https:\/\/magistrae.com\/\"},{\"@type\":\"ListItem\",\"position\":2,\"name\":\"Director de Servi\u00e7os de Seguran\u00e7a Interna \u2013 Lideran\u00e7a, Crescimento e Tecnologia\"}]},{\"@type\":\"WebSite\",\"@id\":\"https:\/\/magistrae.com\/#website\",\"url\":\"https:\/\/magistrae.com\/\",\"name\":\"Magistrae\",\"description\":\"\",\"publisher\":{\"@id\":\"https:\/\/magistrae.com\/#organization\"},\"potentialAction\":[{\"@type\":\"SearchAction\",\"target\":{\"@type\":\"EntryPoint\",\"urlTemplate\":\"https:\/\/magistrae.com\/?s={search_term_string}\"},\"query-input\":\"required name=search_term_string\"}],\"inLanguage\":\"es\"},{\"@type\":\"Organization\",\"@id\":\"https:\/\/magistrae.com\/#organization\",\"name\":\"Magistrae\",\"url\":\"https:\/\/magistrae.com\/\",\"logo\":{\"@type\":\"ImageObject\",\"inLanguage\":\"es\",\"@id\":\"https:\/\/magistrae.com\/#\/schema\/logo\/image\/\",\"url\":\"https:\/\/magistrae.com\/wp-content\/uploads\/sites\/413\/2026\/03\/9_Magistrae.jpg\",\"contentUrl\":\"https:\/\/magistrae.com\/wp-content\/uploads\/sites\/413\/2026\/03\/9_Magistrae.jpg\",\"width\":2000,\"height\":2000,\"caption\":\"Magistrae\"},\"image\":{\"@id\":\"https:\/\/magistrae.com\/#\/schema\/logo\/image\/\"}},{\"@type\":\"Person\",\"@id\":\"https:\/\/magistrae.com\/#\/schema\/person\/d52888235fd6563bd07d97185d6a61e4\",\"name\":\"Bruno Gianni\",\"image\":{\"@type\":\"ImageObject\",\"inLanguage\":\"es\",\"@id\":\"https:\/\/magistrae.com\/#\/schema\/person\/image\/\",\"url\":\"https:\/\/secure.gravatar.com\/avatar\/0f5d42d7bf77874643c1478932860e3f?s=96&d=mm&r=g\",\"contentUrl\":\"https:\/\/secure.gravatar.com\/avatar\/0f5d42d7bf77874643c1478932860e3f?s=96&d=mm&r=g\",\"caption\":\"Bruno Gianni\"},\"description\":\"Bruno writes the way he lives, with curiosity, care, and respect for people. He likes to observe, listen, and try to understand what is happening on the other side before putting any words on the page.For him, writing is not about impressing, but about getting closer. It is about turning thoughts into something simple, clear, and real. Every text is an ongoing conversation, created with care and honesty, with the sincere intention of touching someone, somewhere along the way.\",\"url\":\"https:\/\/magistrae.com\/es\/author\/bcgianni\/\"}]}<\/script>\n<!-- \/ Yoast SEO plugin. -->","yoast_head_json":{"title":"Director de Servi\u00e7os de Seguran\u00e7a Interna \u2013 Lideran\u00e7a, Crescimento e Tecnologia - Magistrae","robots":{"index":"index","follow":"follow","max-snippet":"max-snippet:-1","max-image-preview":"max-image-preview:large","max-video-preview":"max-video-preview:-1"},"canonical":"https:\/\/magistrae.com\/es\/88ab5c60-be3a-4709-b745-b851d54285fc\/","og_locale":"es_ES","og_type":"article","og_title":"Director de Servi\u00e7os de Seguran\u00e7a Interna \u2013 Lideran\u00e7a, Crescimento e Tecnologia - Magistrae","og_description":"Descubra a vaga de Director de Servi\u00e7os de Seguran\u00e7a Interna. Lideran\u00e7a, gest\u00e3o de equipas, an\u00e1lise de risco e tecnologia, numa empresa s\u00f3lida. Cres\u00e7a na carreira com esta oportunidade!","og_url":"https:\/\/magistrae.com\/es\/88ab5c60-be3a-4709-b745-b851d54285fc\/","og_site_name":"Magistrae","article_published_time":"2026-04-07T23:41:00+00:00","article_modified_time":"2026-04-07T23:41:05+00:00","author":"Bruno Gianni","twitter_card":"summary_large_image","twitter_misc":{"Written by":"Bruno Gianni","Est. reading time":"2 minutos"},"schema":{"@context":"https:\/\/schema.org","@graph":[{"@type":"Article","@id":"https:\/\/magistrae.com\/88ab5c60-be3a-4709-b745-b851d54285fc\/#article","isPartOf":{"@id":"https:\/\/magistrae.com\/88ab5c60-be3a-4709-b745-b851d54285fc\/"},"author":{"name":"Bruno Gianni","@id":"https:\/\/magistrae.com\/#\/schema\/person\/d52888235fd6563bd07d97185d6a61e4"},"headline":"Director de Servi\u00e7os de Seguran\u00e7a Interna \u2013 Lideran\u00e7a, Crescimento e Tecnologia","datePublished":"2026-04-07T23:41:00+00:00","dateModified":"2026-04-07T23:41:05+00:00","mainEntityOfPage":{"@id":"https:\/\/magistrae.com\/88ab5c60-be3a-4709-b745-b851d54285fc\/"},"wordCount":501,"commentCount":0,"publisher":{"@id":"https:\/\/magistrae.com\/#organization"},"articleSection":["Hidden"],"inLanguage":"es","potentialAction":[{"@type":"CommentAction","name":"Comment","target":["https:\/\/magistrae.com\/88ab5c60-be3a-4709-b745-b851d54285fc\/#respond"]}]},{"@type":"WebPage","@id":"https:\/\/magistrae.com\/88ab5c60-be3a-4709-b745-b851d54285fc\/","url":"https:\/\/magistrae.com\/88ab5c60-be3a-4709-b745-b851d54285fc\/","name":"Director de Servi\u00e7os de Seguran\u00e7a Interna \u2013 Lideran\u00e7a, Crescimento e Tecnologia - Magistrae","isPartOf":{"@id":"https:\/\/magistrae.com\/#website"},"datePublished":"2026-04-07T23:41:00+00:00","dateModified":"2026-04-07T23:41:05+00:00","breadcrumb":{"@id":"https:\/\/magistrae.com\/88ab5c60-be3a-4709-b745-b851d54285fc\/#breadcrumb"},"inLanguage":"es","potentialAction":[{"@type":"ReadAction","target":["https:\/\/magistrae.com\/88ab5c60-be3a-4709-b745-b851d54285fc\/"]}]},{"@type":"BreadcrumbList","@id":"https:\/\/magistrae.com\/88ab5c60-be3a-4709-b745-b851d54285fc\/#breadcrumb","itemListElement":[{"@type":"ListItem","position":1,"name":"Home","item":"https:\/\/magistrae.com\/"},{"@type":"ListItem","position":2,"name":"Director de Servi\u00e7os de Seguran\u00e7a Interna \u2013 Lideran\u00e7a, Crescimento e Tecnologia"}]},{"@type":"WebSite","@id":"https:\/\/magistrae.com\/#website","url":"https:\/\/magistrae.com\/","name":"Magistrae","description":"","publisher":{"@id":"https:\/\/magistrae.com\/#organization"},"potentialAction":[{"@type":"SearchAction","target":{"@type":"EntryPoint","urlTemplate":"https:\/\/magistrae.com\/?s={search_term_string}"},"query-input":"required name=search_term_string"}],"inLanguage":"es"},{"@type":"Organization","@id":"https:\/\/magistrae.com\/#organization","name":"Magistrae","url":"https:\/\/magistrae.com\/","logo":{"@type":"ImageObject","inLanguage":"es","@id":"https:\/\/magistrae.com\/#\/schema\/logo\/image\/","url":"https:\/\/magistrae.com\/wp-content\/uploads\/sites\/413\/2026\/03\/9_Magistrae.jpg","contentUrl":"https:\/\/magistrae.com\/wp-content\/uploads\/sites\/413\/2026\/03\/9_Magistrae.jpg","width":2000,"height":2000,"caption":"Magistrae"},"image":{"@id":"https:\/\/magistrae.com\/#\/schema\/logo\/image\/"}},{"@type":"Person","@id":"https:\/\/magistrae.com\/#\/schema\/person\/d52888235fd6563bd07d97185d6a61e4","name":"Bruno Gianni","image":{"@type":"ImageObject","inLanguage":"es","@id":"https:\/\/magistrae.com\/#\/schema\/person\/image\/","url":"https:\/\/secure.gravatar.com\/avatar\/0f5d42d7bf77874643c1478932860e3f?s=96&d=mm&r=g","contentUrl":"https:\/\/secure.gravatar.com\/avatar\/0f5d42d7bf77874643c1478932860e3f?s=96&d=mm&r=g","caption":"Bruno Gianni"},"description":"Bruno writes the way he lives, with curiosity, care, and respect for people. He likes to observe, listen, and try to understand what is happening on the other side before putting any words on the page.For him, writing is not about impressing, but about getting closer. It is about turning thoughts into something simple, clear, and real. Every text is an ongoing conversation, created with care and honesty, with the sincere intention of touching someone, somewhere along the way.","url":"https:\/\/magistrae.com\/es\/author\/bcgianni\/"}]}},"uagb_featured_image_src":{"full":false,"thumbnail":false,"medium":false,"medium_large":false,"large":false,"1536x1536":false,"2048x2048":false,"trp-custom-language-flag":false},"uagb_author_info":{"display_name":"Bruno Gianni","author_link":"https:\/\/magistrae.com\/es\/author\/bcgianni\/"},"uagb_comment_info":0,"uagb_excerpt":"Descubra a vaga de Director de Servi\u00e7os de Seguran\u00e7a Interna. Lideran\u00e7a, gest\u00e3o de equipas, an\u00e1lise de risco e tecnologia, numa empresa s\u00f3lida. Cres\u00e7a na carreira com esta oportunidade!","_links":{"self":[{"href":"https:\/\/magistrae.com\/es\/wp-json\/wp\/v2\/posts\/11641"}],"collection":[{"href":"https:\/\/magistrae.com\/es\/wp-json\/wp\/v2\/posts"}],"about":[{"href":"https:\/\/magistrae.com\/es\/wp-json\/wp\/v2\/types\/post"}],"author":[{"embeddable":true,"href":"https:\/\/magistrae.com\/es\/wp-json\/wp\/v2\/users\/3"}],"replies":[{"embeddable":true,"href":"https:\/\/magistrae.com\/es\/wp-json\/wp\/v2\/comments?post=11641"}],"version-history":[{"count":1,"href":"https:\/\/magistrae.com\/es\/wp-json\/wp\/v2\/posts\/11641\/revisions"}],"predecessor-version":[{"id":11642,"href":"https:\/\/magistrae.com\/es\/wp-json\/wp\/v2\/posts\/11641\/revisions\/11642"}],"wp:attachment":[{"href":"https:\/\/magistrae.com\/es\/wp-json\/wp\/v2\/media?parent=11641"}],"wp:term":[{"taxonomy":"category","embeddable":true,"href":"https:\/\/magistrae.com\/es\/wp-json\/wp\/v2\/categories?post=11641"},{"taxonomy":"post_tag","embeddable":true,"href":"https:\/\/magistrae.com\/es\/wp-json\/wp\/v2\/tags?post=11641"}],"curies":[{"name":"wp","href":"https:\/\/api.w.org\/{rel}","templated":true}]}}