{"id":11630,"date":"2026-04-07T21:37:00","date_gmt":"2026-04-07T21:37:00","guid":{"rendered":"https:\/\/magistrae.com\/2d558f1b-1c07-4a20-9ecb-57d3cca6001c\/"},"modified":"2026-04-07T21:37:28","modified_gmt":"2026-04-07T21:37:28","slug":"2d558f1b-1c07-4a20-9ecb-57d3cca6001c","status":"publish","type":"post","link":"https:\/\/magistrae.com\/es\/2d558f1b-1c07-4a20-9ecb-57d3cca6001c\/","title":{"rendered":"Gerente de Loja \u2013 Lideran\u00e7a de Equipas e Crescimento Profissional"},"content":{"rendered":"<\/p>\n<\/p>\n<div style=\"background: #ffffff; border-radius: 12px; box-shadow: 0 10px 30px rgba(0, 0, 0, 0.1); width: 100%; max-width: 340px; padding: 25px; transition: transform 0.3s ease-in-out; overflow: visible; display: flex; flex-direction: column; position: relative; border: 1px solid #28a745; margin-top: 70px; margin-bottom: 50px; margin-left: auto; margin-right: auto;\">\n<div style=\"position: absolute; top: -35px; right: 15px; color: #28a745; padding: 5px 10px; border-radius: 6px; font-size: 14px; font-weight: bold; display: flex; align-items: center; z-index: 10;\">Recomendado para si<\/div>\n<div data-namespace-header=\"\" style=\"\">\n<h3 data-namespace-title=\"\" style=\"color: #333; font-size: 20px; font-weight: bold; text-align: left; margin-right: 50px; min-height: 50px; margin-top: 0px;\">Gerente de Loja<\/h3>\n<\/p><\/div>\n<p data-namespace-prompt=\"\" style=\"font-size: 16px; color: #666; margin-bottom: 20px; line-height: 1.5; flex-grow: 1; text-align: left; margin-top: 0px;\">Coordene equipas, maximize vendas, implemente campanhas promocionais e desenvolva compet\u00eancias de lideran\u00e7a para progredir na carreira, numa fun\u00e7\u00e3o de alta responsabilidade.<\/p>\n<p>    <a data-namespace-url=\"\" href=\"https:\/\/magistrae.com\/es\/redirect\/?https:\/\/angoemprego.com\/vagas\/tecnico-comercial-vendedor\/?utm_campaign=google_jobs_apply&#038;utm_source=google_jobs_apply&#038;utm_medium=organic\" style=\"width: 100%; display: inline-block; color: white; text-decoration: none; border-radius: 6px; font-size: 16px; font-weight: bold; text-align: center; transition: transform 0.3s ease, background 0.3s ease; margin-top: auto;\" data-namespace-id=\"5c0d2565-3ba9-4280-a382-ad2a691e2285\"><br \/>\n        <button style=\"width: 100%; height: 55px; background: #e9e9ed; border: 1px solid black; color: black;\">Candidatar-se \u00e0 vaga<\/button><br \/>\n    <\/a><br \/>\n    <small style=\"margin-top: 10px; color: #777; font-size: 12px; text-align: center; display: block;\">Ser\u00e1 redireccionado para otro sitio<\/small>\n<\/div>\n<section>\n<p>Trata-se de uma excelente oportunidade para quem deseja crescer numa fun\u00e7\u00e3o de lideran\u00e7a. O cargo de Gerente de Loja destaca-se pelo desenvolvimento profissional que oferece aos seus colaboradores.<\/p>\n<p>A proposta envolve coordena\u00e7\u00e3o de uma equipa qualificada, responsabilidade por implementar campanhas e garantir o funcionamento eficiente da loja. N\u00e3o foram divulgados sal\u00e1rio, tipo de emprego ou condi\u00e7\u00f5es adicionais nesta oferta.<\/p>\n<p>No entanto, espera-se uma atua\u00e7\u00e3o directa na forma\u00e7\u00e3o dos membros da equipa, permitindo o crescimento individual e coletivo dentro da empresa. Este papel exige vis\u00e3o estrat\u00e9gica e capacidade de influ\u00eancia positiva sobre os resultados.<\/p>\n<p>As condi\u00e7\u00f5es de candidatura incluem forma\u00e7\u00e3o ao n\u00edvel do 12\u00ba ano e prefer\u00eancia para quem tem experi\u00eancia no sector alimentar. Cinco anos de experi\u00eancia em fun\u00e7\u00f5es semelhantes s\u00e3o essenciais.<\/p>\n<p>Esta vaga \u00e9 adequada para pessoas din\u00e2micas, focadas em resultados e orientadas para liderar e motivar equipas, al\u00e9m de demonstrar aptid\u00e3o para comunicar de forma clara e eficaz.<\/p>\n<h3>Responsabilidades e Rotina do Gerente de Loja<\/h3>\n<p>O gerente \u00e9 respons\u00e1vel por coordenar e motivar a equipa, aumentando a produtividade e potenciando as vendas de forma consistente.<\/p>\n<p>Deve garantir tamb\u00e9m a gest\u00e3o do stock, implementando ac\u00e7\u00f5es que mantenham o invent\u00e1rio sempre adequado \u00e0s necessidades do neg\u00f3cio.<\/p>\n<p>\u00c9 fundamental organizar e implementar campanhas de comunica\u00e7\u00e3o e promo\u00e7\u00f5es, elevando a atratividade da loja para os clientes.<\/p>\n<p>A an\u00e1lise de vendas e elabora\u00e7\u00e3o de reports regulares faz parte das \u00faltimas tarefas, permitindo decis\u00f5es estrat\u00e9gicas mais fundamentadas.<\/p>\n<p>O acompanhamento e forma\u00e7\u00e3o dos colaboradores s\u00e3o pontos decisivos para o sucesso conjunto dentro da loja.<\/p>\n<h3>Vantagens Competitivas desta Vaga<\/h3>\n<p>Assumir o cargo de gerente oferece desenvolvimento de compet\u00eancias de lideran\u00e7a, o que \u00e9 valorizado em qualquer \u00e1rea profissional.<\/p>\n<p>H\u00e1 a possibilidade de evolu\u00e7\u00e3o, j\u00e1 que o acompanhamento do desempenho da equipa permite identificar talentos e criar oportunidades de crescimento interno.<\/p>\n<h3>Desventajas a considerar<\/h3>\n<p>O papel exige alta dedica\u00e7\u00e3o e disponibilidade, pois a responsabilidade sobre a equipa e opera\u00e7\u00f5es pode demandar esfor\u00e7o adicional.<\/p>\n<p>O facto de n\u00e3o constar o sal\u00e1rio e benef\u00edcios pode ser um ponto negativo para candidatos que valorizem a transpar\u00eancia desde o in\u00edcio do processo.<\/p>\n<h3>Veredito do Especialista<\/h3>\n<p>A oferta \u00e9 bastante atrativa para profissionais com experi\u00eancia e desejo de liderar. Oferece reconhecimento profissional, mesmo que alguns detalhes da oferta precisem ser esclarecidos na candidatura.<\/p>\n<\/section>\n<div style=\"background: #ffffff; border-radius: 12px; box-shadow: 0 10px 30px rgba(0, 0, 0, 0.1); width: 100%; max-width: 340px; padding: 25px; transition: transform 0.3s ease-in-out; overflow: visible; display: flex; flex-direction: column; position: relative; border: 1px solid #28a745; margin-top: 70px; margin-bottom: 50px; margin-left: auto; margin-right: auto;\">\n<div style=\"position: absolute; top: -35px; right: 15px; color: #28a745; padding: 5px 10px; border-radius: 6px; font-size: 14px; font-weight: bold; display: flex; align-items: center; z-index: 10;\">Recomendado para si<\/div>\n<div data-namespace-header=\"\" style=\"\">\n<h3 data-namespace-title=\"\" style=\"color: #333; font-size: 20px; font-weight: bold; text-align: left; margin-right: 50px; min-height: 50px; margin-top: 0px;\">Gerente de Loja<\/h3>\n<\/p><\/div>\n<p data-namespace-prompt=\"\" style=\"font-size: 16px; color: #666; margin-bottom: 20px; line-height: 1.5; flex-grow: 1; text-align: left; margin-top: 0px;\">Coordene equipas, maximize vendas, implemente campanhas promocionais e desenvolva compet\u00eancias de lideran\u00e7a para progredir na carreira, numa fun\u00e7\u00e3o de alta responsabilidade.<\/p>\n<p>    <a data-namespace-url=\"\" href=\"https:\/\/magistrae.com\/es\/redirect\/?https:\/\/angoemprego.com\/vagas\/tecnico-comercial-vendedor\/?utm_campaign=google_jobs_apply&#038;utm_source=google_jobs_apply&#038;utm_medium=organic\" style=\"width: 100%; display: inline-block; color: white; text-decoration: none; border-radius: 6px; font-size: 16px; font-weight: bold; text-align: center; transition: transform 0.3s ease, background 0.3s ease; margin-top: auto;\" data-namespace-id=\"5c0d2565-3ba9-4280-a382-ad2a691e2285\"><br \/>\n        <button style=\"width: 100%; height: 55px; background: #e9e9ed; border: 1px solid black; color: black;\">Candidatar-se \u00e0 vaga<\/button><br \/>\n    <\/a><br \/>\n    <small style=\"margin-top: 10px; color: #777; font-size: 12px; text-align: center; display: block;\">Ser\u00e1 redireccionado para otro sitio<\/small>\n<\/div>","protected":false},"excerpt":{"rendered":"<p>Aposte na sua carreira como Gerente de Loja, lidere equipas, implemente campanhas e preocupe-se com o desempenho do neg\u00f3cio. Crescimento e reconhecimento profissional esperam por si.<\/p>","protected":false},"author":3,"featured_media":0,"comment_status":"open","ping_status":"open","sticky":false,"template":"","format":"standard","meta":{"_uag_custom_page_level_css":"","site-sidebar-layout":"default","site-content-layout":"","ast-site-content-layout":"","site-content-style":"default","site-sidebar-style":"default","ast-global-header-display":"","ast-banner-title-visibility":"","ast-main-header-display":"","ast-hfb-above-header-display":"","ast-hfb-below-header-display":"","ast-hfb-mobile-header-display":"","site-post-title":"","ast-breadcrumbs-content":"","ast-featured-img":"","footer-sml-layout":"","theme-transparent-header-meta":"","adv-header-id-meta":"","stick-header-meta":"","header-above-stick-meta":"","header-main-stick-meta":"","header-below-stick-meta":"","astra-migrate-meta-layouts":"default","ast-page-background-enabled":"default","ast-page-background-meta":{"desktop":{"background-color":"var(--ast-global-color-4)","background-image":"","background-repeat":"repeat","background-position":"center center","background-size":"auto","background-attachment":"scroll","background-type":"","background-media":"","overlay-type":"","overlay-color":"","overlay-opacity":"","overlay-gradient":""},"tablet":{"background-color":"","background-image":"","background-repeat":"repeat","background-position":"center center","background-size":"auto","background-attachment":"scroll","background-type":"","background-media":"","overlay-type":"","overlay-color":"","overlay-opacity":"","overlay-gradient":""},"mobile":{"background-color":"","background-image":"","background-repeat":"repeat","background-position":"center center","background-size":"auto","background-attachment":"scroll","background-type":"","background-media":"","overlay-type":"","overlay-color":"","overlay-opacity":"","overlay-gradient":""}},"ast-content-background-meta":{"desktop":{"background-color":"var(--ast-global-color-5)","background-image":"","background-repeat":"repeat","background-position":"center center","background-size":"auto","background-attachment":"scroll","background-type":"","background-media":"","overlay-type":"","overlay-color":"","overlay-opacity":"","overlay-gradient":""},"tablet":{"background-color":"var(--ast-global-color-5)","background-image":"","background-repeat":"repeat","background-position":"center center","background-size":"auto","background-attachment":"scroll","background-type":"","background-media":"","overlay-type":"","overlay-color":"","overlay-opacity":"","overlay-gradient":""},"mobile":{"background-color":"var(--ast-global-color-5)","background-image":"","background-repeat":"repeat","background-position":"center center","background-size":"auto","background-attachment":"scroll","background-type":"","background-media":"","overlay-type":"","overlay-color":"","overlay-opacity":"","overlay-gradient":""}},"footnotes":""},"categories":[14],"tags":[],"yoast_head":"<!-- This site is optimized with the Yoast SEO plugin v23.3 - https:\/\/yoast.com\/wordpress\/plugins\/seo\/ -->\n<title>Gerente de Loja \u2013 Lideran\u00e7a de Equipas e Crescimento Profissional - Magistrae<\/title>\n<meta name=\"robots\" content=\"index, follow, max-snippet:-1, max-image-preview:large, max-video-preview:-1\" \/>\n<link rel=\"canonical\" href=\"https:\/\/magistrae.com\/es\/2d558f1b-1c07-4a20-9ecb-57d3cca6001c\/\" \/>\n<meta property=\"og:locale\" content=\"es_ES\" \/>\n<meta property=\"og:type\" content=\"article\" \/>\n<meta property=\"og:title\" content=\"Gerente de Loja \u2013 Lideran\u00e7a de Equipas e Crescimento Profissional - Magistrae\" \/>\n<meta property=\"og:description\" content=\"Aposte na sua carreira como Gerente de Loja, lidere equipas, implemente campanhas e preocupe-se com o desempenho do neg\u00f3cio. Crescimento e reconhecimento profissional esperam por si.\" \/>\n<meta property=\"og:url\" content=\"https:\/\/magistrae.com\/es\/2d558f1b-1c07-4a20-9ecb-57d3cca6001c\/\" \/>\n<meta property=\"og:site_name\" content=\"Magistrae\" \/>\n<meta property=\"article:published_time\" content=\"2026-04-07T21:37:00+00:00\" \/>\n<meta property=\"article:modified_time\" content=\"2026-04-07T21:37:28+00:00\" \/>\n<meta name=\"author\" content=\"Bruno Gianni\" \/>\n<meta name=\"twitter:card\" content=\"summary_large_image\" \/>\n<meta name=\"twitter:label1\" content=\"Written by\" \/>\n\t<meta name=\"twitter:data1\" content=\"Bruno Gianni\" \/>\n\t<meta name=\"twitter:label2\" content=\"Est. reading time\" \/>\n\t<meta name=\"twitter:data2\" content=\"2 minutos\" \/>\n<script type=\"application\/ld+json\" class=\"yoast-schema-graph\">{\"@context\":\"https:\/\/schema.org\",\"@graph\":[{\"@type\":\"Article\",\"@id\":\"https:\/\/magistrae.com\/2d558f1b-1c07-4a20-9ecb-57d3cca6001c\/#article\",\"isPartOf\":{\"@id\":\"https:\/\/magistrae.com\/2d558f1b-1c07-4a20-9ecb-57d3cca6001c\/\"},\"author\":{\"name\":\"Bruno Gianni\",\"@id\":\"https:\/\/magistrae.com\/#\/schema\/person\/d52888235fd6563bd07d97185d6a61e4\"},\"headline\":\"Gerente de Loja \u2013 Lideran\u00e7a de Equipas e Crescimento Profissional\",\"datePublished\":\"2026-04-07T21:37:00+00:00\",\"dateModified\":\"2026-04-07T21:37:28+00:00\",\"mainEntityOfPage\":{\"@id\":\"https:\/\/magistrae.com\/2d558f1b-1c07-4a20-9ecb-57d3cca6001c\/\"},\"wordCount\":497,\"commentCount\":0,\"publisher\":{\"@id\":\"https:\/\/magistrae.com\/#organization\"},\"articleSection\":[\"Hidden\"],\"inLanguage\":\"es\",\"potentialAction\":[{\"@type\":\"CommentAction\",\"name\":\"Comment\",\"target\":[\"https:\/\/magistrae.com\/2d558f1b-1c07-4a20-9ecb-57d3cca6001c\/#respond\"]}]},{\"@type\":\"WebPage\",\"@id\":\"https:\/\/magistrae.com\/2d558f1b-1c07-4a20-9ecb-57d3cca6001c\/\",\"url\":\"https:\/\/magistrae.com\/2d558f1b-1c07-4a20-9ecb-57d3cca6001c\/\",\"name\":\"Gerente de Loja \u2013 Lideran\u00e7a de Equipas e Crescimento Profissional - Magistrae\",\"isPartOf\":{\"@id\":\"https:\/\/magistrae.com\/#website\"},\"datePublished\":\"2026-04-07T21:37:00+00:00\",\"dateModified\":\"2026-04-07T21:37:28+00:00\",\"breadcrumb\":{\"@id\":\"https:\/\/magistrae.com\/2d558f1b-1c07-4a20-9ecb-57d3cca6001c\/#breadcrumb\"},\"inLanguage\":\"es\",\"potentialAction\":[{\"@type\":\"ReadAction\",\"target\":[\"https:\/\/magistrae.com\/2d558f1b-1c07-4a20-9ecb-57d3cca6001c\/\"]}]},{\"@type\":\"BreadcrumbList\",\"@id\":\"https:\/\/magistrae.com\/2d558f1b-1c07-4a20-9ecb-57d3cca6001c\/#breadcrumb\",\"itemListElement\":[{\"@type\":\"ListItem\",\"position\":1,\"name\":\"Home\",\"item\":\"https:\/\/magistrae.com\/\"},{\"@type\":\"ListItem\",\"position\":2,\"name\":\"Gerente de Loja \u2013 Lideran\u00e7a de Equipas e Crescimento Profissional\"}]},{\"@type\":\"WebSite\",\"@id\":\"https:\/\/magistrae.com\/#website\",\"url\":\"https:\/\/magistrae.com\/\",\"name\":\"Magistrae\",\"description\":\"\",\"publisher\":{\"@id\":\"https:\/\/magistrae.com\/#organization\"},\"potentialAction\":[{\"@type\":\"SearchAction\",\"target\":{\"@type\":\"EntryPoint\",\"urlTemplate\":\"https:\/\/magistrae.com\/?s={search_term_string}\"},\"query-input\":\"required name=search_term_string\"}],\"inLanguage\":\"es\"},{\"@type\":\"Organization\",\"@id\":\"https:\/\/magistrae.com\/#organization\",\"name\":\"Magistrae\",\"url\":\"https:\/\/magistrae.com\/\",\"logo\":{\"@type\":\"ImageObject\",\"inLanguage\":\"es\",\"@id\":\"https:\/\/magistrae.com\/#\/schema\/logo\/image\/\",\"url\":\"https:\/\/magistrae.com\/wp-content\/uploads\/sites\/413\/2026\/03\/9_Magistrae.jpg\",\"contentUrl\":\"https:\/\/magistrae.com\/wp-content\/uploads\/sites\/413\/2026\/03\/9_Magistrae.jpg\",\"width\":2000,\"height\":2000,\"caption\":\"Magistrae\"},\"image\":{\"@id\":\"https:\/\/magistrae.com\/#\/schema\/logo\/image\/\"}},{\"@type\":\"Person\",\"@id\":\"https:\/\/magistrae.com\/#\/schema\/person\/d52888235fd6563bd07d97185d6a61e4\",\"name\":\"Bruno Gianni\",\"image\":{\"@type\":\"ImageObject\",\"inLanguage\":\"es\",\"@id\":\"https:\/\/magistrae.com\/#\/schema\/person\/image\/\",\"url\":\"https:\/\/secure.gravatar.com\/avatar\/0f5d42d7bf77874643c1478932860e3f?s=96&d=mm&r=g\",\"contentUrl\":\"https:\/\/secure.gravatar.com\/avatar\/0f5d42d7bf77874643c1478932860e3f?s=96&d=mm&r=g\",\"caption\":\"Bruno Gianni\"},\"description\":\"Bruno writes the way he lives, with curiosity, care, and respect for people. He likes to observe, listen, and try to understand what is happening on the other side before putting any words on the page.For him, writing is not about impressing, but about getting closer. It is about turning thoughts into something simple, clear, and real. Every text is an ongoing conversation, created with care and honesty, with the sincere intention of touching someone, somewhere along the way.\",\"url\":\"https:\/\/magistrae.com\/es\/author\/bcgianni\/\"}]}<\/script>\n<!-- \/ Yoast SEO plugin. -->","yoast_head_json":{"title":"Gerente de Loja \u2013 Lideran\u00e7a de Equipas e Crescimento Profissional - Magistrae","robots":{"index":"index","follow":"follow","max-snippet":"max-snippet:-1","max-image-preview":"max-image-preview:large","max-video-preview":"max-video-preview:-1"},"canonical":"https:\/\/magistrae.com\/es\/2d558f1b-1c07-4a20-9ecb-57d3cca6001c\/","og_locale":"es_ES","og_type":"article","og_title":"Gerente de Loja \u2013 Lideran\u00e7a de Equipas e Crescimento Profissional - Magistrae","og_description":"Aposte na sua carreira como Gerente de Loja, lidere equipas, implemente campanhas e preocupe-se com o desempenho do neg\u00f3cio. Crescimento e reconhecimento profissional esperam por si.","og_url":"https:\/\/magistrae.com\/es\/2d558f1b-1c07-4a20-9ecb-57d3cca6001c\/","og_site_name":"Magistrae","article_published_time":"2026-04-07T21:37:00+00:00","article_modified_time":"2026-04-07T21:37:28+00:00","author":"Bruno Gianni","twitter_card":"summary_large_image","twitter_misc":{"Written by":"Bruno Gianni","Est. reading time":"2 minutos"},"schema":{"@context":"https:\/\/schema.org","@graph":[{"@type":"Article","@id":"https:\/\/magistrae.com\/2d558f1b-1c07-4a20-9ecb-57d3cca6001c\/#article","isPartOf":{"@id":"https:\/\/magistrae.com\/2d558f1b-1c07-4a20-9ecb-57d3cca6001c\/"},"author":{"name":"Bruno Gianni","@id":"https:\/\/magistrae.com\/#\/schema\/person\/d52888235fd6563bd07d97185d6a61e4"},"headline":"Gerente de Loja \u2013 Lideran\u00e7a de Equipas e Crescimento Profissional","datePublished":"2026-04-07T21:37:00+00:00","dateModified":"2026-04-07T21:37:28+00:00","mainEntityOfPage":{"@id":"https:\/\/magistrae.com\/2d558f1b-1c07-4a20-9ecb-57d3cca6001c\/"},"wordCount":497,"commentCount":0,"publisher":{"@id":"https:\/\/magistrae.com\/#organization"},"articleSection":["Hidden"],"inLanguage":"es","potentialAction":[{"@type":"CommentAction","name":"Comment","target":["https:\/\/magistrae.com\/2d558f1b-1c07-4a20-9ecb-57d3cca6001c\/#respond"]}]},{"@type":"WebPage","@id":"https:\/\/magistrae.com\/2d558f1b-1c07-4a20-9ecb-57d3cca6001c\/","url":"https:\/\/magistrae.com\/2d558f1b-1c07-4a20-9ecb-57d3cca6001c\/","name":"Gerente de Loja \u2013 Lideran\u00e7a de Equipas e Crescimento Profissional - Magistrae","isPartOf":{"@id":"https:\/\/magistrae.com\/#website"},"datePublished":"2026-04-07T21:37:00+00:00","dateModified":"2026-04-07T21:37:28+00:00","breadcrumb":{"@id":"https:\/\/magistrae.com\/2d558f1b-1c07-4a20-9ecb-57d3cca6001c\/#breadcrumb"},"inLanguage":"es","potentialAction":[{"@type":"ReadAction","target":["https:\/\/magistrae.com\/2d558f1b-1c07-4a20-9ecb-57d3cca6001c\/"]}]},{"@type":"BreadcrumbList","@id":"https:\/\/magistrae.com\/2d558f1b-1c07-4a20-9ecb-57d3cca6001c\/#breadcrumb","itemListElement":[{"@type":"ListItem","position":1,"name":"Home","item":"https:\/\/magistrae.com\/"},{"@type":"ListItem","position":2,"name":"Gerente de Loja \u2013 Lideran\u00e7a de Equipas e Crescimento Profissional"}]},{"@type":"WebSite","@id":"https:\/\/magistrae.com\/#website","url":"https:\/\/magistrae.com\/","name":"Magistrae","description":"","publisher":{"@id":"https:\/\/magistrae.com\/#organization"},"potentialAction":[{"@type":"SearchAction","target":{"@type":"EntryPoint","urlTemplate":"https:\/\/magistrae.com\/?s={search_term_string}"},"query-input":"required name=search_term_string"}],"inLanguage":"es"},{"@type":"Organization","@id":"https:\/\/magistrae.com\/#organization","name":"Magistrae","url":"https:\/\/magistrae.com\/","logo":{"@type":"ImageObject","inLanguage":"es","@id":"https:\/\/magistrae.com\/#\/schema\/logo\/image\/","url":"https:\/\/magistrae.com\/wp-content\/uploads\/sites\/413\/2026\/03\/9_Magistrae.jpg","contentUrl":"https:\/\/magistrae.com\/wp-content\/uploads\/sites\/413\/2026\/03\/9_Magistrae.jpg","width":2000,"height":2000,"caption":"Magistrae"},"image":{"@id":"https:\/\/magistrae.com\/#\/schema\/logo\/image\/"}},{"@type":"Person","@id":"https:\/\/magistrae.com\/#\/schema\/person\/d52888235fd6563bd07d97185d6a61e4","name":"Bruno Gianni","image":{"@type":"ImageObject","inLanguage":"es","@id":"https:\/\/magistrae.com\/#\/schema\/person\/image\/","url":"https:\/\/secure.gravatar.com\/avatar\/0f5d42d7bf77874643c1478932860e3f?s=96&d=mm&r=g","contentUrl":"https:\/\/secure.gravatar.com\/avatar\/0f5d42d7bf77874643c1478932860e3f?s=96&d=mm&r=g","caption":"Bruno Gianni"},"description":"Bruno writes the way he lives, with curiosity, care, and respect for people. He likes to observe, listen, and try to understand what is happening on the other side before putting any words on the page.For him, writing is not about impressing, but about getting closer. It is about turning thoughts into something simple, clear, and real. Every text is an ongoing conversation, created with care and honesty, with the sincere intention of touching someone, somewhere along the way.","url":"https:\/\/magistrae.com\/es\/author\/bcgianni\/"}]}},"uagb_featured_image_src":{"full":false,"thumbnail":false,"medium":false,"medium_large":false,"large":false,"1536x1536":false,"2048x2048":false,"trp-custom-language-flag":false},"uagb_author_info":{"display_name":"Bruno Gianni","author_link":"https:\/\/magistrae.com\/es\/author\/bcgianni\/"},"uagb_comment_info":0,"uagb_excerpt":"Aposte na sua carreira como Gerente de Loja, lidere equipas, implemente campanhas e preocupe-se com o desempenho do neg\u00f3cio. Crescimento e reconhecimento profissional esperam por si.","_links":{"self":[{"href":"https:\/\/magistrae.com\/es\/wp-json\/wp\/v2\/posts\/11630"}],"collection":[{"href":"https:\/\/magistrae.com\/es\/wp-json\/wp\/v2\/posts"}],"about":[{"href":"https:\/\/magistrae.com\/es\/wp-json\/wp\/v2\/types\/post"}],"author":[{"embeddable":true,"href":"https:\/\/magistrae.com\/es\/wp-json\/wp\/v2\/users\/3"}],"replies":[{"embeddable":true,"href":"https:\/\/magistrae.com\/es\/wp-json\/wp\/v2\/comments?post=11630"}],"version-history":[{"count":1,"href":"https:\/\/magistrae.com\/es\/wp-json\/wp\/v2\/posts\/11630\/revisions"}],"predecessor-version":[{"id":11635,"href":"https:\/\/magistrae.com\/es\/wp-json\/wp\/v2\/posts\/11630\/revisions\/11635"}],"wp:attachment":[{"href":"https:\/\/magistrae.com\/es\/wp-json\/wp\/v2\/media?parent=11630"}],"wp:term":[{"taxonomy":"category","embeddable":true,"href":"https:\/\/magistrae.com\/es\/wp-json\/wp\/v2\/categories?post=11630"},{"taxonomy":"post_tag","embeddable":true,"href":"https:\/\/magistrae.com\/es\/wp-json\/wp\/v2\/tags?post=11630"}],"curies":[{"name":"wp","href":"https:\/\/api.w.org\/{rel}","templated":true}]}}