{"id":11602,"date":"2026-04-07T12:35:00","date_gmt":"2026-04-07T12:35:00","guid":{"rendered":"https:\/\/magistrae.com\/e3525a82-78e9-44f6-9922-955a28869543\/"},"modified":"2026-04-07T12:35:21","modified_gmt":"2026-04-07T12:35:21","slug":"e3525a82-78e9-44f6-9922-955a28869543","status":"publish","type":"post","link":"https:\/\/magistrae.com\/es\/e3525a82-78e9-44f6-9922-955a28869543\/","title":{"rendered":"Gestor de Distribui\u00e7\u00e3o (M\/F): Crescimento, Lideran\u00e7a e Log\u00edstica"},"content":{"rendered":"<\/p>\n<\/p>\n<div style=\"background: #ffffff; border-radius: 12px; box-shadow: 0 10px 30px rgba(0, 0, 0, 0.1); width: 100%; max-width: 340px; padding: 25px; transition: transform 0.3s ease-in-out; overflow: visible; display: flex; flex-direction: column; position: relative; border: 1px solid #28a745; margin-top: 70px; margin-bottom: 50px; margin-left: auto; margin-right: auto;\">\n<div style=\"position: absolute; top: -35px; right: 15px; color: #28a745; padding: 5px 10px; border-radius: 6px; font-size: 14px; font-weight: bold; display: flex; align-items: center; z-index: 10;\">Recomendado para si<\/div>\n<div data-namespace-header=\"\" style=\"\">\n<h3 data-namespace-title=\"\" style=\"color: #333; font-size: 20px; font-weight: bold; text-align: left; margin-right: 50px; min-height: 50px; margin-top: 0px;\">Gestor de Distribui\u00e7\u00e3o<\/h3>\n<\/p><\/div>\n<p data-namespace-prompt=\"\" style=\"font-size: 16px; color: #666; margin-bottom: 20px; line-height: 1.5; flex-grow: 1; text-align: left; margin-top: 0px;\">Procura uma carreira est\u00e1vel em log\u00edstica? Esta posi\u00e7\u00e3o oferece jornada integral, crescimento profissional, equipa forte e ambiente din\u00e2mico.<\/p>\n<p>    <a data-namespace-url=\"\" href=\"https:\/\/magistrae.com\/es\/redirect\/?https:\/\/jobs.keptpeople.com\/jobs\/gestor-de-distribuicao-m-f-luanda?utm_campaign=google_jobs_apply&#038;utm_source=google_jobs_apply&#038;utm_medium=organic\" style=\"width: 100%; display: inline-block; color: white; text-decoration: none; border-radius: 6px; font-size: 16px; font-weight: bold; text-align: center; transition: transform 0.3s ease, background 0.3s ease; margin-top: auto;\" data-namespace-id=\"5c0d2565-3ba9-4280-a382-ad2a691e2285\"><br \/>\n        <button style=\"width: 100%; height: 55px; background: #e9e9ed; border: 1px solid black; color: black;\">Candidatar-se \u00e0 vaga<\/button><br \/>\n    <\/a><br \/>\n    <small style=\"margin-top: 10px; color: #777; font-size: 12px; text-align: center; display: block;\">Ser\u00e1 redirigido a otro sitio<\/small>\n<\/div>\n<h2>Oportunidade de Gestor de Distribui\u00e7\u00e3o<\/h2>\n<p>Esta vaga de Gestor de Distribui\u00e7\u00e3o destaca-se pelo ambiente seguro, contrato integral e oportunidade de crescimento profissional numa equipa estruturada.<\/p>\n<p>Quem assumir o cargo ser\u00e1 respons\u00e1vel por coordenar as opera\u00e7\u00f5es di\u00e1rias, planear rotas, gerir transportes e supervisionar toda a log\u00edstica interna.<\/p>\n<p>O perfil ideal inclui forma\u00e7\u00e3o em log\u00edstica, gest\u00e3o ou engenharia, al\u00e9m de experi\u00eancia na \u00e1rea de distribui\u00e7\u00e3o e dom\u00ednio de ferramentas de gest\u00e3o.<\/p>\n<p>J\u00e1 o pacote salarial \u00e9 ajustado conforme experi\u00eancia, proporcionando estabilidade e valoriza\u00e7\u00e3o do desempenho do profissional escolhido.<\/p>\n<p>A empresa demonstra compromisso com o desenvolvimento dos colaboradores, sendo um dos pontos mais valorizados por quem busca carreira est\u00e1vel.<\/p>\n<h2>Principais Responsabilidades<\/h2>\n<p>Assegurar efici\u00eancia no transporte, coordenando a entrega dos produtos desde o armaz\u00e9m at\u00e9 ao cliente final dentro dos prazos estabelecidos.<\/p>\n<p>Organizar e acompanhar o fluxo de cargas, otimizando processos log\u00edsticos para reduzir custos e aumentar a produtividade operacional.<\/p>\n<p>Liderar equipas de motoristas e operadores log\u00edsticos, mantendo comunica\u00e7\u00e3o eficaz com os departamentos de armaz\u00e9m e compras.<\/p>\n<p>Implementar melhorias cont\u00ednuas, garantindo o cumprimento de normas de seguran\u00e7a e procedimentos internos de qualidade.<\/p>\n<p>Supervisionar o controle de materiais e colaborar com equipas multidisciplinares, promovendo um ambiente de trabalho colaborativo.<\/p>\n<h2>Pontos Positivos da Vaga<\/h2>\n<p>Ambiente de trabalho din\u00e2mico e s\u00f3lido, que valoriza o crescimento e incentiva a aprendizagem cont\u00ednua dos colaboradores.<\/p>\n<p>A posi\u00e7\u00e3o oferece contacto direto com processos essenciais do neg\u00f3cio, dando oportunidade real de impacto e protagonismo na empresa.<\/p>\n<p>Al\u00e9m disso, trabalhar com equipas multidisciplinares permite mais troca de experi\u00eancias e est\u00edmulo para a resolu\u00e7\u00e3o de desafios.<\/p>\n<p>Os processos bem estruturados aumentam a seguran\u00e7a no trabalho e oferecem clareza ao desenvolvimento das fun\u00e7\u00f5es atribu\u00eddas.<\/p>\n<p>Por fim, o reconhecimento da performance permite crescimento profissional saud\u00e1vel e sustent\u00e1vel dentro da organiza\u00e7\u00e3o.<\/p>\n<h2>Pontos Negativos da Vaga<\/h2>\n<p>A rotina pode ser exigente, exigindo boa organiza\u00e7\u00e3o e capacidade de lidar com situa\u00e7\u00f5es de alta press\u00e3o no cumprimento de prazos.<\/p>\n<p>Gest\u00e3o de conflitos pode ser frequente devido \u00e0 necessidade de coordenar diferentes equipes e garantir sinergia entre opera\u00e7\u00f5es.<\/p>\n<p>Adapta\u00e7\u00e3o a novas tecnologias e processos pode exigir investimento pessoal em forma\u00e7\u00e3o e atualiza\u00e7\u00e3o constante.<\/p>\n<p>\u00c9 importante manter a aten\u00e7\u00e3o aos detalhes, pois erros de log\u00edstica impactam diretamente nos resultados da empresa.<\/p>\n<p>Por ser presencial, pode limitar flexibilidade de hor\u00e1rios para quem procura regime h\u00edbrido ou remoto.<\/p>\n<h2>Veredito Final<\/h2>\n<p>A fun\u00e7\u00e3o de Gestor de Distribui\u00e7\u00e3o destaca-se como uma excelente escolha para quem pretende trilhar carreira em log\u00edstica e opera\u00e7\u00f5es estruturadas.<\/p>\n<p>O ambiente s\u00f3lido, as oportunidades de crescimento e a cultura interna de valoriza\u00e7\u00e3o sugerem um futuro promissor para profissionais dedicados.<\/p>\n<p>Este \u00e9 o momento ideal para quem deseja consolidar experi\u00eancia no sector, expandir conhecimento t\u00e9cnico e conquistar reconhecimento profissional.<\/p>\n<p>O desafio di\u00e1rio \u00e9 equilibrado pelo suporte e possibilidades de carreira oferecidos, tornando esta vaga atraente para perfis motivados.<\/p>\n<p>Se est\u00e1 preparado para assumir desafios e liderar equipas em busca de efici\u00eancia, esta \u00e9 uma oportunidade que vale a pena considerar.<\/p>\n<div style=\"background: #ffffff; border-radius: 12px; box-shadow: 0 10px 30px rgba(0, 0, 0, 0.1); width: 100%; max-width: 340px; padding: 25px; transition: transform 0.3s ease-in-out; overflow: visible; display: flex; flex-direction: column; position: relative; border: 1px solid #28a745; margin-top: 70px; margin-bottom: 50px; margin-left: auto; margin-right: auto;\">\n<div style=\"position: absolute; top: -35px; right: 15px; color: #28a745; padding: 5px 10px; border-radius: 6px; font-size: 14px; font-weight: bold; display: flex; align-items: center; z-index: 10;\">Recomendado para si<\/div>\n<div data-namespace-header=\"\" style=\"\">\n<h3 data-namespace-title=\"\" style=\"color: #333; font-size: 20px; font-weight: bold; text-align: left; margin-right: 50px; min-height: 50px; margin-top: 0px;\">Gestor de Distribui\u00e7\u00e3o<\/h3>\n<\/p><\/div>\n<p data-namespace-prompt=\"\" style=\"font-size: 16px; color: #666; margin-bottom: 20px; line-height: 1.5; flex-grow: 1; text-align: left; margin-top: 0px;\">Procura uma carreira est\u00e1vel em log\u00edstica? Esta posi\u00e7\u00e3o oferece jornada integral, crescimento profissional, equipa forte e ambiente din\u00e2mico.<\/p>\n<p>    <a data-namespace-url=\"\" href=\"https:\/\/magistrae.com\/es\/redirect\/?https:\/\/jobs.keptpeople.com\/jobs\/gestor-de-distribuicao-m-f-luanda?utm_campaign=google_jobs_apply&#038;utm_source=google_jobs_apply&#038;utm_medium=organic\" style=\"width: 100%; display: inline-block; color: white; text-decoration: none; border-radius: 6px; font-size: 16px; font-weight: bold; text-align: center; transition: transform 0.3s ease, background 0.3s ease; margin-top: auto;\" data-namespace-id=\"5c0d2565-3ba9-4280-a382-ad2a691e2285\"><br \/>\n        <button style=\"width: 100%; height: 55px; background: #e9e9ed; border: 1px solid black; color: black;\">Candidatar-se \u00e0 vaga<\/button><br \/>\n    <\/a><br \/>\n    <small style=\"margin-top: 10px; color: #777; font-size: 12px; text-align: center; display: block;\">Ser\u00e1 redirigido a otro sitio<\/small>\n<\/div>","protected":false},"excerpt":{"rendered":"<p>A vaga de Gestor de Distribui\u00e7\u00e3o traz crescimento profissional e ambiente din\u00e2mico para quem busca estabilidade e desenvolvimento em log\u00edstica e opera\u00e7\u00f5es de equipa.<\/p>","protected":false},"author":3,"featured_media":0,"comment_status":"open","ping_status":"open","sticky":false,"template":"","format":"standard","meta":{"_uag_custom_page_level_css":"","site-sidebar-layout":"default","site-content-layout":"","ast-site-content-layout":"","site-content-style":"default","site-sidebar-style":"default","ast-global-header-display":"","ast-banner-title-visibility":"","ast-main-header-display":"","ast-hfb-above-header-display":"","ast-hfb-below-header-display":"","ast-hfb-mobile-header-display":"","site-post-title":"","ast-breadcrumbs-content":"","ast-featured-img":"","footer-sml-layout":"","theme-transparent-header-meta":"","adv-header-id-meta":"","stick-header-meta":"","header-above-stick-meta":"","header-main-stick-meta":"","header-below-stick-meta":"","astra-migrate-meta-layouts":"default","ast-page-background-enabled":"default","ast-page-background-meta":{"desktop":{"background-color":"var(--ast-global-color-4)","background-image":"","background-repeat":"repeat","background-position":"center center","background-size":"auto","background-attachment":"scroll","background-type":"","background-media":"","overlay-type":"","overlay-color":"","overlay-opacity":"","overlay-gradient":""},"tablet":{"background-color":"","background-image":"","background-repeat":"repeat","background-position":"center center","background-size":"auto","background-attachment":"scroll","background-type":"","background-media":"","overlay-type":"","overlay-color":"","overlay-opacity":"","overlay-gradient":""},"mobile":{"background-color":"","background-image":"","background-repeat":"repeat","background-position":"center center","background-size":"auto","background-attachment":"scroll","background-type":"","background-media":"","overlay-type":"","overlay-color":"","overlay-opacity":"","overlay-gradient":""}},"ast-content-background-meta":{"desktop":{"background-color":"var(--ast-global-color-5)","background-image":"","background-repeat":"repeat","background-position":"center center","background-size":"auto","background-attachment":"scroll","background-type":"","background-media":"","overlay-type":"","overlay-color":"","overlay-opacity":"","overlay-gradient":""},"tablet":{"background-color":"var(--ast-global-color-5)","background-image":"","background-repeat":"repeat","background-position":"center center","background-size":"auto","background-attachment":"scroll","background-type":"","background-media":"","overlay-type":"","overlay-color":"","overlay-opacity":"","overlay-gradient":""},"mobile":{"background-color":"var(--ast-global-color-5)","background-image":"","background-repeat":"repeat","background-position":"center center","background-size":"auto","background-attachment":"scroll","background-type":"","background-media":"","overlay-type":"","overlay-color":"","overlay-opacity":"","overlay-gradient":""}},"footnotes":""},"categories":[14],"tags":[],"yoast_head":"<!-- This site is optimized with the Yoast SEO plugin v23.3 - https:\/\/yoast.com\/wordpress\/plugins\/seo\/ -->\n<title>Gestor de Distribui\u00e7\u00e3o (M\/F): Crescimento, Lideran\u00e7a e Log\u00edstica - Magistrae<\/title>\n<meta name=\"robots\" content=\"index, follow, max-snippet:-1, max-image-preview:large, max-video-preview:-1\" \/>\n<link rel=\"canonical\" href=\"https:\/\/magistrae.com\/es\/e3525a82-78e9-44f6-9922-955a28869543\/\" \/>\n<meta property=\"og:locale\" content=\"es_ES\" \/>\n<meta property=\"og:type\" content=\"article\" \/>\n<meta property=\"og:title\" content=\"Gestor de Distribui\u00e7\u00e3o (M\/F): Crescimento, Lideran\u00e7a e Log\u00edstica - Magistrae\" \/>\n<meta property=\"og:description\" content=\"A vaga de Gestor de Distribui\u00e7\u00e3o traz crescimento profissional e ambiente din\u00e2mico para quem busca estabilidade e desenvolvimento em log\u00edstica e opera\u00e7\u00f5es de equipa.\" \/>\n<meta property=\"og:url\" content=\"https:\/\/magistrae.com\/es\/e3525a82-78e9-44f6-9922-955a28869543\/\" \/>\n<meta property=\"og:site_name\" content=\"Magistrae\" \/>\n<meta property=\"article:published_time\" content=\"2026-04-07T12:35:00+00:00\" \/>\n<meta property=\"article:modified_time\" content=\"2026-04-07T12:35:21+00:00\" \/>\n<meta name=\"author\" content=\"Bruno Gianni\" \/>\n<meta name=\"twitter:card\" content=\"summary_large_image\" \/>\n<meta name=\"twitter:label1\" content=\"Written by\" \/>\n\t<meta name=\"twitter:data1\" content=\"Bruno Gianni\" \/>\n\t<meta name=\"twitter:label2\" content=\"Est. reading time\" \/>\n\t<meta name=\"twitter:data2\" content=\"3 minutos\" \/>\n<script type=\"application\/ld+json\" class=\"yoast-schema-graph\">{\"@context\":\"https:\/\/schema.org\",\"@graph\":[{\"@type\":\"Article\",\"@id\":\"https:\/\/magistrae.com\/e3525a82-78e9-44f6-9922-955a28869543\/#article\",\"isPartOf\":{\"@id\":\"https:\/\/magistrae.com\/e3525a82-78e9-44f6-9922-955a28869543\/\"},\"author\":{\"name\":\"Bruno Gianni\",\"@id\":\"https:\/\/magistrae.com\/#\/schema\/person\/d52888235fd6563bd07d97185d6a61e4\"},\"headline\":\"Gestor de Distribui\u00e7\u00e3o (M\/F): Crescimento, Lideran\u00e7a e Log\u00edstica\",\"datePublished\":\"2026-04-07T12:35:00+00:00\",\"dateModified\":\"2026-04-07T12:35:21+00:00\",\"mainEntityOfPage\":{\"@id\":\"https:\/\/magistrae.com\/e3525a82-78e9-44f6-9922-955a28869543\/\"},\"wordCount\":617,\"commentCount\":0,\"publisher\":{\"@id\":\"https:\/\/magistrae.com\/#organization\"},\"articleSection\":[\"Hidden\"],\"inLanguage\":\"es\",\"potentialAction\":[{\"@type\":\"CommentAction\",\"name\":\"Comment\",\"target\":[\"https:\/\/magistrae.com\/e3525a82-78e9-44f6-9922-955a28869543\/#respond\"]}]},{\"@type\":\"WebPage\",\"@id\":\"https:\/\/magistrae.com\/e3525a82-78e9-44f6-9922-955a28869543\/\",\"url\":\"https:\/\/magistrae.com\/e3525a82-78e9-44f6-9922-955a28869543\/\",\"name\":\"Gestor de Distribui\u00e7\u00e3o (M\/F): Crescimento, Lideran\u00e7a e Log\u00edstica - Magistrae\",\"isPartOf\":{\"@id\":\"https:\/\/magistrae.com\/#website\"},\"datePublished\":\"2026-04-07T12:35:00+00:00\",\"dateModified\":\"2026-04-07T12:35:21+00:00\",\"breadcrumb\":{\"@id\":\"https:\/\/magistrae.com\/e3525a82-78e9-44f6-9922-955a28869543\/#breadcrumb\"},\"inLanguage\":\"es\",\"potentialAction\":[{\"@type\":\"ReadAction\",\"target\":[\"https:\/\/magistrae.com\/e3525a82-78e9-44f6-9922-955a28869543\/\"]}]},{\"@type\":\"BreadcrumbList\",\"@id\":\"https:\/\/magistrae.com\/e3525a82-78e9-44f6-9922-955a28869543\/#breadcrumb\",\"itemListElement\":[{\"@type\":\"ListItem\",\"position\":1,\"name\":\"Home\",\"item\":\"https:\/\/magistrae.com\/\"},{\"@type\":\"ListItem\",\"position\":2,\"name\":\"Gestor de Distribui\u00e7\u00e3o (M\/F): Crescimento, Lideran\u00e7a e Log\u00edstica\"}]},{\"@type\":\"WebSite\",\"@id\":\"https:\/\/magistrae.com\/#website\",\"url\":\"https:\/\/magistrae.com\/\",\"name\":\"Magistrae\",\"description\":\"\",\"publisher\":{\"@id\":\"https:\/\/magistrae.com\/#organization\"},\"potentialAction\":[{\"@type\":\"SearchAction\",\"target\":{\"@type\":\"EntryPoint\",\"urlTemplate\":\"https:\/\/magistrae.com\/?s={search_term_string}\"},\"query-input\":\"required name=search_term_string\"}],\"inLanguage\":\"es\"},{\"@type\":\"Organization\",\"@id\":\"https:\/\/magistrae.com\/#organization\",\"name\":\"Magistrae\",\"url\":\"https:\/\/magistrae.com\/\",\"logo\":{\"@type\":\"ImageObject\",\"inLanguage\":\"es\",\"@id\":\"https:\/\/magistrae.com\/#\/schema\/logo\/image\/\",\"url\":\"https:\/\/magistrae.com\/wp-content\/uploads\/sites\/413\/2026\/03\/9_Magistrae.jpg\",\"contentUrl\":\"https:\/\/magistrae.com\/wp-content\/uploads\/sites\/413\/2026\/03\/9_Magistrae.jpg\",\"width\":2000,\"height\":2000,\"caption\":\"Magistrae\"},\"image\":{\"@id\":\"https:\/\/magistrae.com\/#\/schema\/logo\/image\/\"}},{\"@type\":\"Person\",\"@id\":\"https:\/\/magistrae.com\/#\/schema\/person\/d52888235fd6563bd07d97185d6a61e4\",\"name\":\"Bruno Gianni\",\"image\":{\"@type\":\"ImageObject\",\"inLanguage\":\"es\",\"@id\":\"https:\/\/magistrae.com\/#\/schema\/person\/image\/\",\"url\":\"https:\/\/secure.gravatar.com\/avatar\/0f5d42d7bf77874643c1478932860e3f?s=96&d=mm&r=g\",\"contentUrl\":\"https:\/\/secure.gravatar.com\/avatar\/0f5d42d7bf77874643c1478932860e3f?s=96&d=mm&r=g\",\"caption\":\"Bruno Gianni\"},\"description\":\"Bruno writes the way he lives, with curiosity, care, and respect for people. He likes to observe, listen, and try to understand what is happening on the other side before putting any words on the page.For him, writing is not about impressing, but about getting closer. It is about turning thoughts into something simple, clear, and real. Every text is an ongoing conversation, created with care and honesty, with the sincere intention of touching someone, somewhere along the way.\",\"url\":\"https:\/\/magistrae.com\/es\/author\/bcgianni\/\"}]}<\/script>\n<!-- \/ Yoast SEO plugin. -->","yoast_head_json":{"title":"Gestor de Distribui\u00e7\u00e3o (M\/F): Crescimento, Lideran\u00e7a e Log\u00edstica - Magistrae","robots":{"index":"index","follow":"follow","max-snippet":"max-snippet:-1","max-image-preview":"max-image-preview:large","max-video-preview":"max-video-preview:-1"},"canonical":"https:\/\/magistrae.com\/es\/e3525a82-78e9-44f6-9922-955a28869543\/","og_locale":"es_ES","og_type":"article","og_title":"Gestor de Distribui\u00e7\u00e3o (M\/F): Crescimento, Lideran\u00e7a e Log\u00edstica - Magistrae","og_description":"A vaga de Gestor de Distribui\u00e7\u00e3o traz crescimento profissional e ambiente din\u00e2mico para quem busca estabilidade e desenvolvimento em log\u00edstica e opera\u00e7\u00f5es de equipa.","og_url":"https:\/\/magistrae.com\/es\/e3525a82-78e9-44f6-9922-955a28869543\/","og_site_name":"Magistrae","article_published_time":"2026-04-07T12:35:00+00:00","article_modified_time":"2026-04-07T12:35:21+00:00","author":"Bruno Gianni","twitter_card":"summary_large_image","twitter_misc":{"Written by":"Bruno Gianni","Est. reading time":"3 minutos"},"schema":{"@context":"https:\/\/schema.org","@graph":[{"@type":"Article","@id":"https:\/\/magistrae.com\/e3525a82-78e9-44f6-9922-955a28869543\/#article","isPartOf":{"@id":"https:\/\/magistrae.com\/e3525a82-78e9-44f6-9922-955a28869543\/"},"author":{"name":"Bruno Gianni","@id":"https:\/\/magistrae.com\/#\/schema\/person\/d52888235fd6563bd07d97185d6a61e4"},"headline":"Gestor de Distribui\u00e7\u00e3o (M\/F): Crescimento, Lideran\u00e7a e Log\u00edstica","datePublished":"2026-04-07T12:35:00+00:00","dateModified":"2026-04-07T12:35:21+00:00","mainEntityOfPage":{"@id":"https:\/\/magistrae.com\/e3525a82-78e9-44f6-9922-955a28869543\/"},"wordCount":617,"commentCount":0,"publisher":{"@id":"https:\/\/magistrae.com\/#organization"},"articleSection":["Hidden"],"inLanguage":"es","potentialAction":[{"@type":"CommentAction","name":"Comment","target":["https:\/\/magistrae.com\/e3525a82-78e9-44f6-9922-955a28869543\/#respond"]}]},{"@type":"WebPage","@id":"https:\/\/magistrae.com\/e3525a82-78e9-44f6-9922-955a28869543\/","url":"https:\/\/magistrae.com\/e3525a82-78e9-44f6-9922-955a28869543\/","name":"Gestor de Distribui\u00e7\u00e3o (M\/F): Crescimento, Lideran\u00e7a e Log\u00edstica - Magistrae","isPartOf":{"@id":"https:\/\/magistrae.com\/#website"},"datePublished":"2026-04-07T12:35:00+00:00","dateModified":"2026-04-07T12:35:21+00:00","breadcrumb":{"@id":"https:\/\/magistrae.com\/e3525a82-78e9-44f6-9922-955a28869543\/#breadcrumb"},"inLanguage":"es","potentialAction":[{"@type":"ReadAction","target":["https:\/\/magistrae.com\/e3525a82-78e9-44f6-9922-955a28869543\/"]}]},{"@type":"BreadcrumbList","@id":"https:\/\/magistrae.com\/e3525a82-78e9-44f6-9922-955a28869543\/#breadcrumb","itemListElement":[{"@type":"ListItem","position":1,"name":"Home","item":"https:\/\/magistrae.com\/"},{"@type":"ListItem","position":2,"name":"Gestor de Distribui\u00e7\u00e3o (M\/F): Crescimento, Lideran\u00e7a e Log\u00edstica"}]},{"@type":"WebSite","@id":"https:\/\/magistrae.com\/#website","url":"https:\/\/magistrae.com\/","name":"Magistrae","description":"","publisher":{"@id":"https:\/\/magistrae.com\/#organization"},"potentialAction":[{"@type":"SearchAction","target":{"@type":"EntryPoint","urlTemplate":"https:\/\/magistrae.com\/?s={search_term_string}"},"query-input":"required name=search_term_string"}],"inLanguage":"es"},{"@type":"Organization","@id":"https:\/\/magistrae.com\/#organization","name":"Magistrae","url":"https:\/\/magistrae.com\/","logo":{"@type":"ImageObject","inLanguage":"es","@id":"https:\/\/magistrae.com\/#\/schema\/logo\/image\/","url":"https:\/\/magistrae.com\/wp-content\/uploads\/sites\/413\/2026\/03\/9_Magistrae.jpg","contentUrl":"https:\/\/magistrae.com\/wp-content\/uploads\/sites\/413\/2026\/03\/9_Magistrae.jpg","width":2000,"height":2000,"caption":"Magistrae"},"image":{"@id":"https:\/\/magistrae.com\/#\/schema\/logo\/image\/"}},{"@type":"Person","@id":"https:\/\/magistrae.com\/#\/schema\/person\/d52888235fd6563bd07d97185d6a61e4","name":"Bruno Gianni","image":{"@type":"ImageObject","inLanguage":"es","@id":"https:\/\/magistrae.com\/#\/schema\/person\/image\/","url":"https:\/\/secure.gravatar.com\/avatar\/0f5d42d7bf77874643c1478932860e3f?s=96&d=mm&r=g","contentUrl":"https:\/\/secure.gravatar.com\/avatar\/0f5d42d7bf77874643c1478932860e3f?s=96&d=mm&r=g","caption":"Bruno Gianni"},"description":"Bruno writes the way he lives, with curiosity, care, and respect for people. He likes to observe, listen, and try to understand what is happening on the other side before putting any words on the page.For him, writing is not about impressing, but about getting closer. It is about turning thoughts into something simple, clear, and real. Every text is an ongoing conversation, created with care and honesty, with the sincere intention of touching someone, somewhere along the way.","url":"https:\/\/magistrae.com\/es\/author\/bcgianni\/"}]}},"uagb_featured_image_src":{"full":false,"thumbnail":false,"medium":false,"medium_large":false,"large":false,"1536x1536":false,"2048x2048":false,"trp-custom-language-flag":false},"uagb_author_info":{"display_name":"Bruno Gianni","author_link":"https:\/\/magistrae.com\/es\/author\/bcgianni\/"},"uagb_comment_info":0,"uagb_excerpt":"A vaga de Gestor de Distribui\u00e7\u00e3o traz crescimento profissional e ambiente din\u00e2mico para quem busca estabilidade e desenvolvimento em log\u00edstica e opera\u00e7\u00f5es de equipa.","_links":{"self":[{"href":"https:\/\/magistrae.com\/es\/wp-json\/wp\/v2\/posts\/11602"}],"collection":[{"href":"https:\/\/magistrae.com\/es\/wp-json\/wp\/v2\/posts"}],"about":[{"href":"https:\/\/magistrae.com\/es\/wp-json\/wp\/v2\/types\/post"}],"author":[{"embeddable":true,"href":"https:\/\/magistrae.com\/es\/wp-json\/wp\/v2\/users\/3"}],"replies":[{"embeddable":true,"href":"https:\/\/magistrae.com\/es\/wp-json\/wp\/v2\/comments?post=11602"}],"version-history":[{"count":1,"href":"https:\/\/magistrae.com\/es\/wp-json\/wp\/v2\/posts\/11602\/revisions"}],"predecessor-version":[{"id":11613,"href":"https:\/\/magistrae.com\/es\/wp-json\/wp\/v2\/posts\/11602\/revisions\/11613"}],"wp:attachment":[{"href":"https:\/\/magistrae.com\/es\/wp-json\/wp\/v2\/media?parent=11602"}],"wp:term":[{"taxonomy":"category","embeddable":true,"href":"https:\/\/magistrae.com\/es\/wp-json\/wp\/v2\/categories?post=11602"},{"taxonomy":"post_tag","embeddable":true,"href":"https:\/\/magistrae.com\/es\/wp-json\/wp\/v2\/tags?post=11602"}],"curies":[{"name":"wp","href":"https:\/\/api.w.org\/{rel}","templated":true}]}}