{"id":11586,"date":"2026-04-07T11:29:00","date_gmt":"2026-04-07T11:29:00","guid":{"rendered":"https:\/\/magistrae.com\/b5253ea9-8384-46a8-bc0e-fd912f50bdbd\/"},"modified":"2026-04-07T11:29:02","modified_gmt":"2026-04-07T11:29:02","slug":"b5253ea9-8384-46a8-bc0e-fd912f50bdbd","status":"publish","type":"post","link":"https:\/\/magistrae.com\/es\/b5253ea9-8384-46a8-bc0e-fd912f50bdbd\/","title":{"rendered":"Director de Servi\u00e7os de Seguran\u00e7a Interna: Lideran\u00e7a, Crescimento e Desafios"},"content":{"rendered":"<\/p>\n<\/p>\n<div style=\"background: #ffffff; border-radius: 12px; box-shadow: 0 10px 30px rgba(0, 0, 0, 0.1); width: 100%; max-width: 340px; padding: 25px; transition: transform 0.3s ease-in-out; overflow: visible; display: flex; flex-direction: column; position: relative; border: 1px solid #28a745; margin-top: 70px; margin-bottom: 50px; margin-left: auto; margin-right: auto;\">\n<div style=\"position: absolute; top: -35px; right: 15px; color: #28a745; padding: 5px 10px; border-radius: 6px; font-size: 14px; font-weight: bold; display: flex; align-items: center; z-index: 10;\">Recomendado para si<\/div>\n<div data-namespace-header=\"\" style=\"\">\n<h3 data-namespace-title=\"\" style=\"color: #333; font-size: 20px; font-weight: bold; text-align: left; margin-right: 50px; min-height: 50px; margin-top: 0px;\">Director de Servi\u00e7os de Seguran\u00e7a Interna<\/h3>\n<\/p><\/div>\n<p data-namespace-prompt=\"\" style=\"font-size: 16px; color: #666; margin-bottom: 20px; line-height: 1.5; flex-grow: 1; text-align: left; margin-top: 0px;\">Coordene opera\u00e7\u00f5es de seguran\u00e7a, implemente melhorias, lidere equipas e contribua para efici\u00eancia de processos numa empresa de refer\u00eancia. Exige lideran\u00e7a, experi\u00eancia s\u00f3lida e vis\u00e3o estrat\u00e9gica.<\/p>\n<p>    <a data-namespace-url=\"\" href=\"https:\/\/magistrae.com\/es\/redirect\/?https:\/\/jobs.keptpeople.com\/jobs\/director-de-servicos-de-seguranca-interna-m-f?utm_campaign=google_jobs_apply&#038;utm_source=google_jobs_apply&#038;utm_medium=organic\" style=\"width: 100%; display: inline-block; color: white; text-decoration: none; border-radius: 6px; font-size: 16px; font-weight: bold; text-align: center; transition: transform 0.3s ease, background 0.3s ease; margin-top: auto;\" data-namespace-id=\"5c0d2565-3ba9-4280-a382-ad2a691e2285\"><br \/>\n        <button style=\"width: 100%; height: 55px; background: #e9e9ed; border: 1px solid black; color: black;\">Candidatar-se ao emprego<\/button><br \/>\n    <\/a><br \/>\n    <small style=\"margin-top: 10px; color: #777; font-size: 12px; text-align: center; display: block;\">Ser\u00e1 redirigido a otro sitio<\/small>\n<\/div>\n<p><!-- Introdu\u00e7\u00e3o \u00e0 Oferta de Emprego --><\/p>\n<p>O cargo de Director de Servi\u00e7os de Seguran\u00e7a Interna \u00e9 uma excelente oportunidade para quem procura crescimento profissional e desafios estrat\u00e9gicos. Esta fun\u00e7\u00e3o \u00e9 oferecida por uma empresa de refer\u00eancia, com jornada integral e foco em lideran\u00e7a e inova\u00e7\u00e3o.<\/p>\n<p>O candidato ideal re\u00fane experi\u00eancia s\u00f3lida na \u00e1rea de seguran\u00e7a, forma\u00e7\u00e3o avan\u00e7ada, certifica\u00e7\u00f5es relevantes, al\u00e9m de elevada capacidade de gest\u00e3o de equipas e opera\u00e7\u00f5es. A contrata\u00e7\u00e3o \u00e9 destinada a perfis de n\u00edvel diretivo, prontos para liderar processos e optimizar recursos.<\/p>\n<p>Os benef\u00edcios centram-se na proje\u00e7\u00e3o de carreira, contacto constante com a alta administra\u00e7\u00e3o e possibilidade de influenciar directamente as estrat\u00e9gias de seguran\u00e7a da organiza\u00e7\u00e3o.<\/p>\n<h2>Fun\u00e7\u00f5es e Responsabilidades do Dia-a-Dia<\/h2>\n<p>No dia a dia da fun\u00e7\u00e3o, o Director de Servi\u00e7os de Seguran\u00e7a Interna assume a coordena\u00e7\u00e3o da seguran\u00e7a f\u00edsica e dos sistemas de videovigil\u00e2ncia.<\/p>\n<p>\u00c9 tamb\u00e9m respons\u00e1vel por desenvolver pol\u00edticas e procedimentos internos, supervisionar equipas e gerir rela\u00e7\u00f5es com fornecedores e prestadores de servi\u00e7os de vigil\u00e2ncia.<\/p>\n<p>O profissional executa an\u00e1lises de risco, lidera investiga\u00e7\u00f5es e inspec\u00e7\u00f5es, al\u00e9m de garantir a qualidade e conformidade dos servi\u00e7os contratados.<\/p>\n<p>A implementa\u00e7\u00e3o de novas tecnologias de seguran\u00e7a e a automa\u00e7\u00e3o de processos tamb\u00e9m constam entre as tarefas centrais.<\/p>\n<p>Por fim, destaca-se o papel consultivo junto \u00e0 alta administra\u00e7\u00e3o, contribuindo para a defini\u00e7\u00e3o dos objectivos estrat\u00e9gicos da empresa nesta \u00e1rea.<\/p>\n<h2>Pontos Fortes do Cargo<\/h2>\n<p>Um dos grandes atractivos deste cargo \u00e9 a oportunidade de gerir projectos estruturantes e estrat\u00e9gicos numa empresa s\u00f3lida e em crescimento.<\/p>\n<p>Outro ponto positivo \u00e9 a forte \u00eanfase no desenvolvimento e na lideran\u00e7a de equipas, tornando-se uma experi\u00eancia enriquecedora para quem procura ampliar compet\u00eancias nesta \u00e1rea.<\/p>\n<h2>Desafios da Fun\u00e7\u00e3o<\/h2>\n<p>A elevada responsabilidade inerente \u00e0 protec\u00e7\u00e3o de pessoas e bens pode ser uma press\u00e3o para quem n\u00e3o est\u00e1 habituado a cargos de lideran\u00e7a.<\/p>\n<p>A necessidade de estar dispon\u00edvel para hor\u00e1rios flex\u00edveis, fins de semana e feriados pode n\u00e3o agradar a todos os profissionais.<\/p>\n<h2>Veredito<\/h2>\n<p>Em suma, o cargo de Director de Servi\u00e7os de Seguran\u00e7a Interna destaca-se pelo forte potencial de crescimento e pela moderniza\u00e7\u00e3o cont\u00ednua dos processos.<\/p>\n<p>Se procura um desafio onde possa fazer a diferen\u00e7a, liderar equipas e implementar projectos inovadores, esta vaga alinha-se perfeitamente ao seu perfil.<\/p>\n<div style=\"background: #ffffff; border-radius: 12px; box-shadow: 0 10px 30px rgba(0, 0, 0, 0.1); width: 100%; max-width: 340px; padding: 25px; transition: transform 0.3s ease-in-out; overflow: visible; display: flex; flex-direction: column; position: relative; border: 1px solid #28a745; margin-top: 70px; margin-bottom: 50px; margin-left: auto; margin-right: auto;\">\n<div style=\"position: absolute; top: -35px; right: 15px; color: #28a745; padding: 5px 10px; border-radius: 6px; font-size: 14px; font-weight: bold; display: flex; align-items: center; z-index: 10;\">Recomendado para si<\/div>\n<div data-namespace-header=\"\" style=\"\">\n<h3 data-namespace-title=\"\" style=\"color: #333; font-size: 20px; font-weight: bold; text-align: left; margin-right: 50px; min-height: 50px; margin-top: 0px;\">Director de Servi\u00e7os de Seguran\u00e7a Interna<\/h3>\n<\/p><\/div>\n<p data-namespace-prompt=\"\" style=\"font-size: 16px; color: #666; margin-bottom: 20px; line-height: 1.5; flex-grow: 1; text-align: left; margin-top: 0px;\">Coordene opera\u00e7\u00f5es de seguran\u00e7a, implemente melhorias, lidere equipas e contribua para efici\u00eancia de processos numa empresa de refer\u00eancia. Exige lideran\u00e7a, experi\u00eancia s\u00f3lida e vis\u00e3o estrat\u00e9gica.<\/p>\n<p>    <a data-namespace-url=\"\" href=\"https:\/\/magistrae.com\/es\/redirect\/?https:\/\/jobs.keptpeople.com\/jobs\/director-de-servicos-de-seguranca-interna-m-f?utm_campaign=google_jobs_apply&#038;utm_source=google_jobs_apply&#038;utm_medium=organic\" style=\"width: 100%; display: inline-block; color: white; text-decoration: none; border-radius: 6px; font-size: 16px; font-weight: bold; text-align: center; transition: transform 0.3s ease, background 0.3s ease; margin-top: auto;\" data-namespace-id=\"5c0d2565-3ba9-4280-a382-ad2a691e2285\"><br \/>\n        <button style=\"width: 100%; height: 55px; background: #e9e9ed; border: 1px solid black; color: black;\">Candidatar-se ao emprego<\/button><br \/>\n    <\/a><br \/>\n    <small style=\"margin-top: 10px; color: #777; font-size: 12px; text-align: center; display: block;\">Ser\u00e1 redirigido a otro sitio<\/small>\n<\/div>","protected":false},"excerpt":{"rendered":"<p>Oportunidade para Directores de Servi\u00e7os de Seguran\u00e7a Interna! Destaque-se pela experi\u00eancia, coordene opera\u00e7\u00f5es e tenha impacto direto no futuro da organiza\u00e7\u00e3o. Consulte os pr\u00f3s e contras.<\/p>","protected":false},"author":3,"featured_media":0,"comment_status":"open","ping_status":"open","sticky":false,"template":"","format":"standard","meta":{"_uag_custom_page_level_css":"","site-sidebar-layout":"default","site-content-layout":"","ast-site-content-layout":"","site-content-style":"default","site-sidebar-style":"default","ast-global-header-display":"","ast-banner-title-visibility":"","ast-main-header-display":"","ast-hfb-above-header-display":"","ast-hfb-below-header-display":"","ast-hfb-mobile-header-display":"","site-post-title":"","ast-breadcrumbs-content":"","ast-featured-img":"","footer-sml-layout":"","theme-transparent-header-meta":"","adv-header-id-meta":"","stick-header-meta":"","header-above-stick-meta":"","header-main-stick-meta":"","header-below-stick-meta":"","astra-migrate-meta-layouts":"default","ast-page-background-enabled":"default","ast-page-background-meta":{"desktop":{"background-color":"var(--ast-global-color-4)","background-image":"","background-repeat":"repeat","background-position":"center center","background-size":"auto","background-attachment":"scroll","background-type":"","background-media":"","overlay-type":"","overlay-color":"","overlay-opacity":"","overlay-gradient":""},"tablet":{"background-color":"","background-image":"","background-repeat":"repeat","background-position":"center center","background-size":"auto","background-attachment":"scroll","background-type":"","background-media":"","overlay-type":"","overlay-color":"","overlay-opacity":"","overlay-gradient":""},"mobile":{"background-color":"","background-image":"","background-repeat":"repeat","background-position":"center center","background-size":"auto","background-attachment":"scroll","background-type":"","background-media":"","overlay-type":"","overlay-color":"","overlay-opacity":"","overlay-gradient":""}},"ast-content-background-meta":{"desktop":{"background-color":"var(--ast-global-color-5)","background-image":"","background-repeat":"repeat","background-position":"center center","background-size":"auto","background-attachment":"scroll","background-type":"","background-media":"","overlay-type":"","overlay-color":"","overlay-opacity":"","overlay-gradient":""},"tablet":{"background-color":"var(--ast-global-color-5)","background-image":"","background-repeat":"repeat","background-position":"center center","background-size":"auto","background-attachment":"scroll","background-type":"","background-media":"","overlay-type":"","overlay-color":"","overlay-opacity":"","overlay-gradient":""},"mobile":{"background-color":"var(--ast-global-color-5)","background-image":"","background-repeat":"repeat","background-position":"center center","background-size":"auto","background-attachment":"scroll","background-type":"","background-media":"","overlay-type":"","overlay-color":"","overlay-opacity":"","overlay-gradient":""}},"footnotes":""},"categories":[14],"tags":[],"yoast_head":"<!-- This site is optimized with the Yoast SEO plugin v23.3 - https:\/\/yoast.com\/wordpress\/plugins\/seo\/ -->\n<title>Director de Servi\u00e7os de Seguran\u00e7a Interna: Lideran\u00e7a, Crescimento e Desafios - Magistrae<\/title>\n<meta name=\"robots\" content=\"index, follow, max-snippet:-1, max-image-preview:large, max-video-preview:-1\" \/>\n<link rel=\"canonical\" href=\"https:\/\/magistrae.com\/es\/b5253ea9-8384-46a8-bc0e-fd912f50bdbd\/\" \/>\n<meta property=\"og:locale\" content=\"es_ES\" \/>\n<meta property=\"og:type\" content=\"article\" \/>\n<meta property=\"og:title\" content=\"Director de Servi\u00e7os de Seguran\u00e7a Interna: Lideran\u00e7a, Crescimento e Desafios - Magistrae\" \/>\n<meta property=\"og:description\" content=\"Oportunidade para Directores de Servi\u00e7os de Seguran\u00e7a Interna! Destaque-se pela experi\u00eancia, coordene opera\u00e7\u00f5es e tenha impacto direto no futuro da organiza\u00e7\u00e3o. Consulte os pr\u00f3s e contras.\" \/>\n<meta property=\"og:url\" content=\"https:\/\/magistrae.com\/es\/b5253ea9-8384-46a8-bc0e-fd912f50bdbd\/\" \/>\n<meta property=\"og:site_name\" content=\"Magistrae\" \/>\n<meta property=\"article:published_time\" content=\"2026-04-07T11:29:00+00:00\" \/>\n<meta property=\"article:modified_time\" content=\"2026-04-07T11:29:02+00:00\" \/>\n<meta name=\"author\" content=\"Bruno Gianni\" \/>\n<meta name=\"twitter:card\" content=\"summary_large_image\" \/>\n<meta name=\"twitter:label1\" content=\"Written by\" \/>\n\t<meta name=\"twitter:data1\" content=\"Bruno Gianni\" \/>\n\t<meta name=\"twitter:label2\" content=\"Est. reading time\" \/>\n\t<meta name=\"twitter:data2\" content=\"3 minutos\" \/>\n<script type=\"application\/ld+json\" class=\"yoast-schema-graph\">{\"@context\":\"https:\/\/schema.org\",\"@graph\":[{\"@type\":\"Article\",\"@id\":\"https:\/\/magistrae.com\/b5253ea9-8384-46a8-bc0e-fd912f50bdbd\/#article\",\"isPartOf\":{\"@id\":\"https:\/\/magistrae.com\/b5253ea9-8384-46a8-bc0e-fd912f50bdbd\/\"},\"author\":{\"name\":\"Bruno Gianni\",\"@id\":\"https:\/\/magistrae.com\/#\/schema\/person\/d52888235fd6563bd07d97185d6a61e4\"},\"headline\":\"Director de Servi\u00e7os de Seguran\u00e7a Interna: Lideran\u00e7a, Crescimento e Desafios\",\"datePublished\":\"2026-04-07T11:29:00+00:00\",\"dateModified\":\"2026-04-07T11:29:02+00:00\",\"mainEntityOfPage\":{\"@id\":\"https:\/\/magistrae.com\/b5253ea9-8384-46a8-bc0e-fd912f50bdbd\/\"},\"wordCount\":536,\"commentCount\":0,\"publisher\":{\"@id\":\"https:\/\/magistrae.com\/#organization\"},\"articleSection\":[\"Hidden\"],\"inLanguage\":\"es\",\"potentialAction\":[{\"@type\":\"CommentAction\",\"name\":\"Comment\",\"target\":[\"https:\/\/magistrae.com\/b5253ea9-8384-46a8-bc0e-fd912f50bdbd\/#respond\"]}]},{\"@type\":\"WebPage\",\"@id\":\"https:\/\/magistrae.com\/b5253ea9-8384-46a8-bc0e-fd912f50bdbd\/\",\"url\":\"https:\/\/magistrae.com\/b5253ea9-8384-46a8-bc0e-fd912f50bdbd\/\",\"name\":\"Director de Servi\u00e7os de Seguran\u00e7a Interna: Lideran\u00e7a, Crescimento e Desafios - Magistrae\",\"isPartOf\":{\"@id\":\"https:\/\/magistrae.com\/#website\"},\"datePublished\":\"2026-04-07T11:29:00+00:00\",\"dateModified\":\"2026-04-07T11:29:02+00:00\",\"breadcrumb\":{\"@id\":\"https:\/\/magistrae.com\/b5253ea9-8384-46a8-bc0e-fd912f50bdbd\/#breadcrumb\"},\"inLanguage\":\"es\",\"potentialAction\":[{\"@type\":\"ReadAction\",\"target\":[\"https:\/\/magistrae.com\/b5253ea9-8384-46a8-bc0e-fd912f50bdbd\/\"]}]},{\"@type\":\"BreadcrumbList\",\"@id\":\"https:\/\/magistrae.com\/b5253ea9-8384-46a8-bc0e-fd912f50bdbd\/#breadcrumb\",\"itemListElement\":[{\"@type\":\"ListItem\",\"position\":1,\"name\":\"Home\",\"item\":\"https:\/\/magistrae.com\/\"},{\"@type\":\"ListItem\",\"position\":2,\"name\":\"Director de Servi\u00e7os de Seguran\u00e7a Interna: Lideran\u00e7a, Crescimento e Desafios\"}]},{\"@type\":\"WebSite\",\"@id\":\"https:\/\/magistrae.com\/#website\",\"url\":\"https:\/\/magistrae.com\/\",\"name\":\"Magistrae\",\"description\":\"\",\"publisher\":{\"@id\":\"https:\/\/magistrae.com\/#organization\"},\"potentialAction\":[{\"@type\":\"SearchAction\",\"target\":{\"@type\":\"EntryPoint\",\"urlTemplate\":\"https:\/\/magistrae.com\/?s={search_term_string}\"},\"query-input\":\"required name=search_term_string\"}],\"inLanguage\":\"es\"},{\"@type\":\"Organization\",\"@id\":\"https:\/\/magistrae.com\/#organization\",\"name\":\"Magistrae\",\"url\":\"https:\/\/magistrae.com\/\",\"logo\":{\"@type\":\"ImageObject\",\"inLanguage\":\"es\",\"@id\":\"https:\/\/magistrae.com\/#\/schema\/logo\/image\/\",\"url\":\"https:\/\/magistrae.com\/wp-content\/uploads\/sites\/413\/2026\/03\/9_Magistrae.jpg\",\"contentUrl\":\"https:\/\/magistrae.com\/wp-content\/uploads\/sites\/413\/2026\/03\/9_Magistrae.jpg\",\"width\":2000,\"height\":2000,\"caption\":\"Magistrae\"},\"image\":{\"@id\":\"https:\/\/magistrae.com\/#\/schema\/logo\/image\/\"}},{\"@type\":\"Person\",\"@id\":\"https:\/\/magistrae.com\/#\/schema\/person\/d52888235fd6563bd07d97185d6a61e4\",\"name\":\"Bruno Gianni\",\"image\":{\"@type\":\"ImageObject\",\"inLanguage\":\"es\",\"@id\":\"https:\/\/magistrae.com\/#\/schema\/person\/image\/\",\"url\":\"https:\/\/secure.gravatar.com\/avatar\/0f5d42d7bf77874643c1478932860e3f?s=96&d=mm&r=g\",\"contentUrl\":\"https:\/\/secure.gravatar.com\/avatar\/0f5d42d7bf77874643c1478932860e3f?s=96&d=mm&r=g\",\"caption\":\"Bruno Gianni\"},\"description\":\"Bruno writes the way he lives, with curiosity, care, and respect for people. He likes to observe, listen, and try to understand what is happening on the other side before putting any words on the page.For him, writing is not about impressing, but about getting closer. It is about turning thoughts into something simple, clear, and real. Every text is an ongoing conversation, created with care and honesty, with the sincere intention of touching someone, somewhere along the way.\",\"url\":\"https:\/\/magistrae.com\/es\/author\/bcgianni\/\"}]}<\/script>\n<!-- \/ Yoast SEO plugin. -->","yoast_head_json":{"title":"Director de Servi\u00e7os de Seguran\u00e7a Interna: Lideran\u00e7a, Crescimento e Desafios - Magistrae","robots":{"index":"index","follow":"follow","max-snippet":"max-snippet:-1","max-image-preview":"max-image-preview:large","max-video-preview":"max-video-preview:-1"},"canonical":"https:\/\/magistrae.com\/es\/b5253ea9-8384-46a8-bc0e-fd912f50bdbd\/","og_locale":"es_ES","og_type":"article","og_title":"Director de Servi\u00e7os de Seguran\u00e7a Interna: Lideran\u00e7a, Crescimento e Desafios - Magistrae","og_description":"Oportunidade para Directores de Servi\u00e7os de Seguran\u00e7a Interna! Destaque-se pela experi\u00eancia, coordene opera\u00e7\u00f5es e tenha impacto direto no futuro da organiza\u00e7\u00e3o. Consulte os pr\u00f3s e contras.","og_url":"https:\/\/magistrae.com\/es\/b5253ea9-8384-46a8-bc0e-fd912f50bdbd\/","og_site_name":"Magistrae","article_published_time":"2026-04-07T11:29:00+00:00","article_modified_time":"2026-04-07T11:29:02+00:00","author":"Bruno Gianni","twitter_card":"summary_large_image","twitter_misc":{"Written by":"Bruno Gianni","Est. reading time":"3 minutos"},"schema":{"@context":"https:\/\/schema.org","@graph":[{"@type":"Article","@id":"https:\/\/magistrae.com\/b5253ea9-8384-46a8-bc0e-fd912f50bdbd\/#article","isPartOf":{"@id":"https:\/\/magistrae.com\/b5253ea9-8384-46a8-bc0e-fd912f50bdbd\/"},"author":{"name":"Bruno Gianni","@id":"https:\/\/magistrae.com\/#\/schema\/person\/d52888235fd6563bd07d97185d6a61e4"},"headline":"Director de Servi\u00e7os de Seguran\u00e7a Interna: Lideran\u00e7a, Crescimento e Desafios","datePublished":"2026-04-07T11:29:00+00:00","dateModified":"2026-04-07T11:29:02+00:00","mainEntityOfPage":{"@id":"https:\/\/magistrae.com\/b5253ea9-8384-46a8-bc0e-fd912f50bdbd\/"},"wordCount":536,"commentCount":0,"publisher":{"@id":"https:\/\/magistrae.com\/#organization"},"articleSection":["Hidden"],"inLanguage":"es","potentialAction":[{"@type":"CommentAction","name":"Comment","target":["https:\/\/magistrae.com\/b5253ea9-8384-46a8-bc0e-fd912f50bdbd\/#respond"]}]},{"@type":"WebPage","@id":"https:\/\/magistrae.com\/b5253ea9-8384-46a8-bc0e-fd912f50bdbd\/","url":"https:\/\/magistrae.com\/b5253ea9-8384-46a8-bc0e-fd912f50bdbd\/","name":"Director de Servi\u00e7os de Seguran\u00e7a Interna: Lideran\u00e7a, Crescimento e Desafios - Magistrae","isPartOf":{"@id":"https:\/\/magistrae.com\/#website"},"datePublished":"2026-04-07T11:29:00+00:00","dateModified":"2026-04-07T11:29:02+00:00","breadcrumb":{"@id":"https:\/\/magistrae.com\/b5253ea9-8384-46a8-bc0e-fd912f50bdbd\/#breadcrumb"},"inLanguage":"es","potentialAction":[{"@type":"ReadAction","target":["https:\/\/magistrae.com\/b5253ea9-8384-46a8-bc0e-fd912f50bdbd\/"]}]},{"@type":"BreadcrumbList","@id":"https:\/\/magistrae.com\/b5253ea9-8384-46a8-bc0e-fd912f50bdbd\/#breadcrumb","itemListElement":[{"@type":"ListItem","position":1,"name":"Home","item":"https:\/\/magistrae.com\/"},{"@type":"ListItem","position":2,"name":"Director de Servi\u00e7os de Seguran\u00e7a Interna: Lideran\u00e7a, Crescimento e Desafios"}]},{"@type":"WebSite","@id":"https:\/\/magistrae.com\/#website","url":"https:\/\/magistrae.com\/","name":"Magistrae","description":"","publisher":{"@id":"https:\/\/magistrae.com\/#organization"},"potentialAction":[{"@type":"SearchAction","target":{"@type":"EntryPoint","urlTemplate":"https:\/\/magistrae.com\/?s={search_term_string}"},"query-input":"required name=search_term_string"}],"inLanguage":"es"},{"@type":"Organization","@id":"https:\/\/magistrae.com\/#organization","name":"Magistrae","url":"https:\/\/magistrae.com\/","logo":{"@type":"ImageObject","inLanguage":"es","@id":"https:\/\/magistrae.com\/#\/schema\/logo\/image\/","url":"https:\/\/magistrae.com\/wp-content\/uploads\/sites\/413\/2026\/03\/9_Magistrae.jpg","contentUrl":"https:\/\/magistrae.com\/wp-content\/uploads\/sites\/413\/2026\/03\/9_Magistrae.jpg","width":2000,"height":2000,"caption":"Magistrae"},"image":{"@id":"https:\/\/magistrae.com\/#\/schema\/logo\/image\/"}},{"@type":"Person","@id":"https:\/\/magistrae.com\/#\/schema\/person\/d52888235fd6563bd07d97185d6a61e4","name":"Bruno Gianni","image":{"@type":"ImageObject","inLanguage":"es","@id":"https:\/\/magistrae.com\/#\/schema\/person\/image\/","url":"https:\/\/secure.gravatar.com\/avatar\/0f5d42d7bf77874643c1478932860e3f?s=96&d=mm&r=g","contentUrl":"https:\/\/secure.gravatar.com\/avatar\/0f5d42d7bf77874643c1478932860e3f?s=96&d=mm&r=g","caption":"Bruno Gianni"},"description":"Bruno writes the way he lives, with curiosity, care, and respect for people. He likes to observe, listen, and try to understand what is happening on the other side before putting any words on the page.For him, writing is not about impressing, but about getting closer. It is about turning thoughts into something simple, clear, and real. Every text is an ongoing conversation, created with care and honesty, with the sincere intention of touching someone, somewhere along the way.","url":"https:\/\/magistrae.com\/es\/author\/bcgianni\/"}]}},"uagb_featured_image_src":{"full":false,"thumbnail":false,"medium":false,"medium_large":false,"large":false,"1536x1536":false,"2048x2048":false,"trp-custom-language-flag":false},"uagb_author_info":{"display_name":"Bruno Gianni","author_link":"https:\/\/magistrae.com\/es\/author\/bcgianni\/"},"uagb_comment_info":0,"uagb_excerpt":"Oportunidade para Directores de Servi\u00e7os de Seguran\u00e7a Interna! Destaque-se pela experi\u00eancia, coordene opera\u00e7\u00f5es e tenha impacto direto no futuro da organiza\u00e7\u00e3o. Consulte os pr\u00f3s e contras.","_links":{"self":[{"href":"https:\/\/magistrae.com\/es\/wp-json\/wp\/v2\/posts\/11586"}],"collection":[{"href":"https:\/\/magistrae.com\/es\/wp-json\/wp\/v2\/posts"}],"about":[{"href":"https:\/\/magistrae.com\/es\/wp-json\/wp\/v2\/types\/post"}],"author":[{"embeddable":true,"href":"https:\/\/magistrae.com\/es\/wp-json\/wp\/v2\/users\/3"}],"replies":[{"embeddable":true,"href":"https:\/\/magistrae.com\/es\/wp-json\/wp\/v2\/comments?post=11586"}],"version-history":[{"count":1,"href":"https:\/\/magistrae.com\/es\/wp-json\/wp\/v2\/posts\/11586\/revisions"}],"predecessor-version":[{"id":11590,"href":"https:\/\/magistrae.com\/es\/wp-json\/wp\/v2\/posts\/11586\/revisions\/11590"}],"wp:attachment":[{"href":"https:\/\/magistrae.com\/es\/wp-json\/wp\/v2\/media?parent=11586"}],"wp:term":[{"taxonomy":"category","embeddable":true,"href":"https:\/\/magistrae.com\/es\/wp-json\/wp\/v2\/categories?post=11586"},{"taxonomy":"post_tag","embeddable":true,"href":"https:\/\/magistrae.com\/es\/wp-json\/wp\/v2\/tags?post=11586"}],"curies":[{"name":"wp","href":"https:\/\/api.w.org\/{rel}","templated":true}]}}