{"id":11577,"date":"2026-04-07T06:54:00","date_gmt":"2026-04-07T06:54:00","guid":{"rendered":"https:\/\/magistrae.com\/503278f0-5151-4f94-97fc-0c74d2a366b8\/"},"modified":"2026-04-07T06:54:56","modified_gmt":"2026-04-07T06:54:56","slug":"503278f0-5151-4f94-97fc-0c74d2a366b8","status":"publish","type":"post","link":"https:\/\/magistrae.com\/es\/503278f0-5151-4f94-97fc-0c74d2a366b8\/","title":{"rendered":"Gestor de Servi\u00e7os Gerais: Lideran\u00e7a, Oportunidades e Crescimento Profissional"},"content":{"rendered":"<\/p>\n<\/p>\n<div style=\"background: #ffffff; border-radius: 12px; box-shadow: 0 10px 30px rgba(0, 0, 0, 0.1); width: 100%; max-width: 340px; padding: 25px; transition: transform 0.3s ease-in-out; overflow: visible; display: flex; flex-direction: column; position: relative; border: 1px solid #28a745; margin-top: 70px; margin-bottom: 50px; margin-left: auto; margin-right: auto;\">\n<div style=\"position: absolute; top: -35px; right: 15px; color: #28a745; padding: 5px 10px; border-radius: 6px; font-size: 14px; font-weight: bold; display: flex; align-items: center; z-index: 10;\">Recomendado para si<\/div>\n<div data-namespace-header=\"\" style=\"\">\n<h3 data-namespace-title=\"\" style=\"color: #333; font-size: 20px; font-weight: bold; text-align: left; margin-right: 50px; min-height: 50px; margin-top: 0px;\">Gestor de Servi\u00e7os Gerais<\/h3>\n<\/p><\/div>\n<p data-namespace-prompt=\"\" style=\"font-size: 16px; color: #666; margin-bottom: 20px; line-height: 1.5; flex-grow: 1; text-align: left; margin-top: 0px;\">Procura um cargo desafiante na \u00e1rea operacional? Torne-se Gestor de Servi\u00e7os Gerais, lidere equipas, coordene servi\u00e7os de suporte, transporte e manuten\u00e7\u00e3o. Excelente oportunidade de crescimento.<\/p>\n<p>    <a data-namespace-url=\"\" href=\"https:\/\/magistrae.com\/es\/redirect\/?https:\/\/jobs.keptpeople.com\/jobs\/gestor-de-servicos-gerais-m-f-luanda?utm_campaign=google_jobs_apply&#038;utm_source=google_jobs_apply&#038;utm_medium=organic\" style=\"width: 100%; display: inline-block; color: white; text-decoration: none; border-radius: 6px; font-size: 16px; font-weight: bold; text-align: center; transition: transform 0.3s ease, background 0.3s ease; margin-top: auto;\" data-namespace-id=\"5c0d2565-3ba9-4280-a382-ad2a691e2285\"><br \/>\n        <button style=\"width: 100%; height: 55px; background: #e9e9ed; border: 1px solid black; color: black;\">Candidatar-se \u00e0 vaga<\/button><br \/>\n    <\/a><br \/>\n    <small style=\"margin-top: 10px; color: #777; font-size: 12px; text-align: center; display: block;\">Ser\u00e1 redirigido a otro sitio<\/small>\n<\/div>\n<p>Esta vaga \u00e9 especialmente indicada para quem j\u00e1 tem experi\u00eancia em servi\u00e7os gerais e deseja dar o pr\u00f3ximo passo na carreira. O trabalho \u00e9 de tempo integral e presencial, inserido num contexto de grupo s\u00f3lido com perspetivas de desenvolvimento. Exige lideran\u00e7a, capacidade de negocia\u00e7\u00e3o e compet\u00eancia para otimizar opera\u00e7\u00f5es de transporte, manuten\u00e7\u00e3o e suporte corporativo.<\/p>\n<\/p>\n<h2>Responsabilidades do Dia a Dia<\/h2>\n<p>Como Gestor de Servi\u00e7os Gerais, ser\u00e1 respons\u00e1vel por definir e rever necessidades de servi\u00e7os, elaborar contratos em articula\u00e7\u00e3o com o suporte legal e negociar com fornecedores.<\/p>\n<p>Dentre as principais fun\u00e7\u00f5es, destaca-se o controlo de custos, identifica\u00e7\u00e3o de oportunidades para redu\u00e7\u00e3o de despesas e coordena\u00e7\u00e3o de transporte e viagens da empresa.<\/p>\n<p>Ter\u00e1 ainda o desafio de supervisionar manuten\u00e7\u00e3o das instala\u00e7\u00f5es, equipamentos e viaturas, al\u00e9m de garantir todos os servi\u00e7os de suporte \u00e0 equipa, como limpeza e refeit\u00f3rio.<\/p>\n<p>A lideran\u00e7a e avalia\u00e7\u00e3o de desempenho do pessoal fazem parte das suas atribui\u00e7\u00f5es, assegurando a disciplina e o cumprimento de medidas de seguran\u00e7a.<\/p>\n<p>Por fim, monitoriza indicadores de desempenho (KPIs), analisando a evolu\u00e7\u00e3o das opera\u00e7\u00f5es e reportando resultados de forma detalhada.<\/p>\n<h2>Pontos Fortes a Destacar<\/h2>\n<p>Uma das maiores vantagens deste cargo \u00e9 a oportunidade de crescimento num grupo com bom posicionamento no mercado. O ambiente valoriza o desenvolvimento profissional.<\/p>\n<p>Os desafios di\u00e1rios permitem aprimorar capacidades de lideran\u00e7a e negocia\u00e7\u00e3o, essenciais para impulsionar a carreira em log\u00edstica e servi\u00e7os gerais.<\/p>\n<h2>Desventajas a considerar<\/h2>\n<p>O n\u00edvel de exig\u00eancia \u00e9 elevado e requer elevada resist\u00eancia ao stress, devido \u00e0 responsabilidade de gerir equipas e garantir a qualidade de m\u00faltiplos servi\u00e7os.<\/p>\n<p>Pode existir press\u00e3o para atingir objetivos ambiciosos, exigindo disciplina extra para manter KPIs sempre alinhados \u00e0s metas da empresa.<\/p>\n<h2>Veredicto Final<\/h2>\n<p>Esta fun\u00e7\u00e3o \u00e9 ideal para quem busca consolidar a carreira em opera\u00e7\u00f5es e gest\u00e3o de servi\u00e7os gerais. Exige muito, mas oferece ganhos em experi\u00eancia e reconhecimento profissional.<\/p>\n<div style=\"background: #ffffff; border-radius: 12px; box-shadow: 0 10px 30px rgba(0, 0, 0, 0.1); width: 100%; max-width: 340px; padding: 25px; transition: transform 0.3s ease-in-out; overflow: visible; display: flex; flex-direction: column; position: relative; border: 1px solid #28a745; margin-top: 70px; margin-bottom: 50px; margin-left: auto; margin-right: auto;\">\n<div style=\"position: absolute; top: -35px; right: 15px; color: #28a745; padding: 5px 10px; border-radius: 6px; font-size: 14px; font-weight: bold; display: flex; align-items: center; z-index: 10;\">Recomendado para si<\/div>\n<div data-namespace-header=\"\" style=\"\">\n<h3 data-namespace-title=\"\" style=\"color: #333; font-size: 20px; font-weight: bold; text-align: left; margin-right: 50px; min-height: 50px; margin-top: 0px;\">Gestor de Servi\u00e7os Gerais<\/h3>\n<\/p><\/div>\n<p data-namespace-prompt=\"\" style=\"font-size: 16px; color: #666; margin-bottom: 20px; line-height: 1.5; flex-grow: 1; text-align: left; margin-top: 0px;\">Procura um cargo desafiante na \u00e1rea operacional? Torne-se Gestor de Servi\u00e7os Gerais, lidere equipas, coordene servi\u00e7os de suporte, transporte e manuten\u00e7\u00e3o. Excelente oportunidade de crescimento.<\/p>\n<p>    <a data-namespace-url=\"\" href=\"https:\/\/magistrae.com\/es\/redirect\/?https:\/\/jobs.keptpeople.com\/jobs\/gestor-de-servicos-gerais-m-f-luanda?utm_campaign=google_jobs_apply&#038;utm_source=google_jobs_apply&#038;utm_medium=organic\" style=\"width: 100%; display: inline-block; color: white; text-decoration: none; border-radius: 6px; font-size: 16px; font-weight: bold; text-align: center; transition: transform 0.3s ease, background 0.3s ease; margin-top: auto;\" data-namespace-id=\"5c0d2565-3ba9-4280-a382-ad2a691e2285\"><br \/>\n        <button style=\"width: 100%; height: 55px; background: #e9e9ed; border: 1px solid black; color: black;\">Candidatar-se \u00e0 vaga<\/button><br \/>\n    <\/a><br \/>\n    <small style=\"margin-top: 10px; color: #777; font-size: 12px; text-align: center; display: block;\">Ser\u00e1 redirigido a otro sitio<\/small>\n<\/div>","protected":false},"excerpt":{"rendered":"<p>Descubra a vaga de Gestor de Servi\u00e7os Gerais! Lideran\u00e7a, dinamismo e oportunidades em ambiente profissional com possibilidade real de crescimento. Candidate-se j\u00e1 e impulsione sua carreira.<\/p>","protected":false},"author":3,"featured_media":0,"comment_status":"open","ping_status":"open","sticky":false,"template":"","format":"standard","meta":{"_uag_custom_page_level_css":"","site-sidebar-layout":"default","site-content-layout":"","ast-site-content-layout":"","site-content-style":"default","site-sidebar-style":"default","ast-global-header-display":"","ast-banner-title-visibility":"","ast-main-header-display":"","ast-hfb-above-header-display":"","ast-hfb-below-header-display":"","ast-hfb-mobile-header-display":"","site-post-title":"","ast-breadcrumbs-content":"","ast-featured-img":"","footer-sml-layout":"","theme-transparent-header-meta":"","adv-header-id-meta":"","stick-header-meta":"","header-above-stick-meta":"","header-main-stick-meta":"","header-below-stick-meta":"","astra-migrate-meta-layouts":"default","ast-page-background-enabled":"default","ast-page-background-meta":{"desktop":{"background-color":"var(--ast-global-color-4)","background-image":"","background-repeat":"repeat","background-position":"center center","background-size":"auto","background-attachment":"scroll","background-type":"","background-media":"","overlay-type":"","overlay-color":"","overlay-opacity":"","overlay-gradient":""},"tablet":{"background-color":"","background-image":"","background-repeat":"repeat","background-position":"center center","background-size":"auto","background-attachment":"scroll","background-type":"","background-media":"","overlay-type":"","overlay-color":"","overlay-opacity":"","overlay-gradient":""},"mobile":{"background-color":"","background-image":"","background-repeat":"repeat","background-position":"center center","background-size":"auto","background-attachment":"scroll","background-type":"","background-media":"","overlay-type":"","overlay-color":"","overlay-opacity":"","overlay-gradient":""}},"ast-content-background-meta":{"desktop":{"background-color":"var(--ast-global-color-5)","background-image":"","background-repeat":"repeat","background-position":"center center","background-size":"auto","background-attachment":"scroll","background-type":"","background-media":"","overlay-type":"","overlay-color":"","overlay-opacity":"","overlay-gradient":""},"tablet":{"background-color":"var(--ast-global-color-5)","background-image":"","background-repeat":"repeat","background-position":"center center","background-size":"auto","background-attachment":"scroll","background-type":"","background-media":"","overlay-type":"","overlay-color":"","overlay-opacity":"","overlay-gradient":""},"mobile":{"background-color":"var(--ast-global-color-5)","background-image":"","background-repeat":"repeat","background-position":"center center","background-size":"auto","background-attachment":"scroll","background-type":"","background-media":"","overlay-type":"","overlay-color":"","overlay-opacity":"","overlay-gradient":""}},"footnotes":""},"categories":[14],"tags":[],"yoast_head":"<!-- This site is optimized with the Yoast SEO plugin v23.3 - https:\/\/yoast.com\/wordpress\/plugins\/seo\/ -->\n<title>Gestor de Servi\u00e7os Gerais: Lideran\u00e7a, Oportunidades e Crescimento Profissional - Magistrae<\/title>\n<meta name=\"robots\" content=\"index, follow, max-snippet:-1, max-image-preview:large, max-video-preview:-1\" \/>\n<link rel=\"canonical\" href=\"https:\/\/magistrae.com\/es\/503278f0-5151-4f94-97fc-0c74d2a366b8\/\" \/>\n<meta property=\"og:locale\" content=\"es_ES\" \/>\n<meta property=\"og:type\" content=\"article\" \/>\n<meta property=\"og:title\" content=\"Gestor de Servi\u00e7os Gerais: Lideran\u00e7a, Oportunidades e Crescimento Profissional - Magistrae\" \/>\n<meta property=\"og:description\" content=\"Descubra a vaga de Gestor de Servi\u00e7os Gerais! Lideran\u00e7a, dinamismo e oportunidades em ambiente profissional com possibilidade real de crescimento. Candidate-se j\u00e1 e impulsione sua carreira.\" \/>\n<meta property=\"og:url\" content=\"https:\/\/magistrae.com\/es\/503278f0-5151-4f94-97fc-0c74d2a366b8\/\" \/>\n<meta property=\"og:site_name\" content=\"Magistrae\" \/>\n<meta property=\"article:published_time\" content=\"2026-04-07T06:54:00+00:00\" \/>\n<meta property=\"article:modified_time\" content=\"2026-04-07T06:54:56+00:00\" \/>\n<meta name=\"author\" content=\"Bruno Gianni\" \/>\n<meta name=\"twitter:card\" content=\"summary_large_image\" \/>\n<meta name=\"twitter:label1\" content=\"Written by\" \/>\n\t<meta name=\"twitter:data1\" content=\"Bruno Gianni\" \/>\n\t<meta name=\"twitter:label2\" content=\"Est. reading time\" \/>\n\t<meta name=\"twitter:data2\" content=\"2 minutos\" \/>\n<script type=\"application\/ld+json\" class=\"yoast-schema-graph\">{\"@context\":\"https:\/\/schema.org\",\"@graph\":[{\"@type\":\"Article\",\"@id\":\"https:\/\/magistrae.com\/503278f0-5151-4f94-97fc-0c74d2a366b8\/#article\",\"isPartOf\":{\"@id\":\"https:\/\/magistrae.com\/503278f0-5151-4f94-97fc-0c74d2a366b8\/\"},\"author\":{\"name\":\"Bruno Gianni\",\"@id\":\"https:\/\/magistrae.com\/#\/schema\/person\/d52888235fd6563bd07d97185d6a61e4\"},\"headline\":\"Gestor de Servi\u00e7os Gerais: Lideran\u00e7a, Oportunidades e Crescimento Profissional\",\"datePublished\":\"2026-04-07T06:54:00+00:00\",\"dateModified\":\"2026-04-07T06:54:56+00:00\",\"mainEntityOfPage\":{\"@id\":\"https:\/\/magistrae.com\/503278f0-5151-4f94-97fc-0c74d2a366b8\/\"},\"wordCount\":435,\"commentCount\":0,\"publisher\":{\"@id\":\"https:\/\/magistrae.com\/#organization\"},\"articleSection\":[\"Hidden\"],\"inLanguage\":\"es\",\"potentialAction\":[{\"@type\":\"CommentAction\",\"name\":\"Comment\",\"target\":[\"https:\/\/magistrae.com\/503278f0-5151-4f94-97fc-0c74d2a366b8\/#respond\"]}]},{\"@type\":\"WebPage\",\"@id\":\"https:\/\/magistrae.com\/503278f0-5151-4f94-97fc-0c74d2a366b8\/\",\"url\":\"https:\/\/magistrae.com\/503278f0-5151-4f94-97fc-0c74d2a366b8\/\",\"name\":\"Gestor de Servi\u00e7os Gerais: Lideran\u00e7a, Oportunidades e Crescimento Profissional - Magistrae\",\"isPartOf\":{\"@id\":\"https:\/\/magistrae.com\/#website\"},\"datePublished\":\"2026-04-07T06:54:00+00:00\",\"dateModified\":\"2026-04-07T06:54:56+00:00\",\"breadcrumb\":{\"@id\":\"https:\/\/magistrae.com\/503278f0-5151-4f94-97fc-0c74d2a366b8\/#breadcrumb\"},\"inLanguage\":\"es\",\"potentialAction\":[{\"@type\":\"ReadAction\",\"target\":[\"https:\/\/magistrae.com\/503278f0-5151-4f94-97fc-0c74d2a366b8\/\"]}]},{\"@type\":\"BreadcrumbList\",\"@id\":\"https:\/\/magistrae.com\/503278f0-5151-4f94-97fc-0c74d2a366b8\/#breadcrumb\",\"itemListElement\":[{\"@type\":\"ListItem\",\"position\":1,\"name\":\"Home\",\"item\":\"https:\/\/magistrae.com\/\"},{\"@type\":\"ListItem\",\"position\":2,\"name\":\"Gestor de Servi\u00e7os Gerais: Lideran\u00e7a, Oportunidades e Crescimento Profissional\"}]},{\"@type\":\"WebSite\",\"@id\":\"https:\/\/magistrae.com\/#website\",\"url\":\"https:\/\/magistrae.com\/\",\"name\":\"Magistrae\",\"description\":\"\",\"publisher\":{\"@id\":\"https:\/\/magistrae.com\/#organization\"},\"potentialAction\":[{\"@type\":\"SearchAction\",\"target\":{\"@type\":\"EntryPoint\",\"urlTemplate\":\"https:\/\/magistrae.com\/?s={search_term_string}\"},\"query-input\":\"required name=search_term_string\"}],\"inLanguage\":\"es\"},{\"@type\":\"Organization\",\"@id\":\"https:\/\/magistrae.com\/#organization\",\"name\":\"Magistrae\",\"url\":\"https:\/\/magistrae.com\/\",\"logo\":{\"@type\":\"ImageObject\",\"inLanguage\":\"es\",\"@id\":\"https:\/\/magistrae.com\/#\/schema\/logo\/image\/\",\"url\":\"https:\/\/magistrae.com\/wp-content\/uploads\/sites\/413\/2026\/03\/9_Magistrae.jpg\",\"contentUrl\":\"https:\/\/magistrae.com\/wp-content\/uploads\/sites\/413\/2026\/03\/9_Magistrae.jpg\",\"width\":2000,\"height\":2000,\"caption\":\"Magistrae\"},\"image\":{\"@id\":\"https:\/\/magistrae.com\/#\/schema\/logo\/image\/\"}},{\"@type\":\"Person\",\"@id\":\"https:\/\/magistrae.com\/#\/schema\/person\/d52888235fd6563bd07d97185d6a61e4\",\"name\":\"Bruno Gianni\",\"image\":{\"@type\":\"ImageObject\",\"inLanguage\":\"es\",\"@id\":\"https:\/\/magistrae.com\/#\/schema\/person\/image\/\",\"url\":\"https:\/\/secure.gravatar.com\/avatar\/0f5d42d7bf77874643c1478932860e3f?s=96&d=mm&r=g\",\"contentUrl\":\"https:\/\/secure.gravatar.com\/avatar\/0f5d42d7bf77874643c1478932860e3f?s=96&d=mm&r=g\",\"caption\":\"Bruno Gianni\"},\"description\":\"Bruno writes the way he lives, with curiosity, care, and respect for people. He likes to observe, listen, and try to understand what is happening on the other side before putting any words on the page.For him, writing is not about impressing, but about getting closer. It is about turning thoughts into something simple, clear, and real. Every text is an ongoing conversation, created with care and honesty, with the sincere intention of touching someone, somewhere along the way.\",\"url\":\"https:\/\/magistrae.com\/es\/author\/bcgianni\/\"}]}<\/script>\n<!-- \/ Yoast SEO plugin. -->","yoast_head_json":{"title":"Gestor de Servi\u00e7os Gerais: Lideran\u00e7a, Oportunidades e Crescimento Profissional - Magistrae","robots":{"index":"index","follow":"follow","max-snippet":"max-snippet:-1","max-image-preview":"max-image-preview:large","max-video-preview":"max-video-preview:-1"},"canonical":"https:\/\/magistrae.com\/es\/503278f0-5151-4f94-97fc-0c74d2a366b8\/","og_locale":"es_ES","og_type":"article","og_title":"Gestor de Servi\u00e7os Gerais: Lideran\u00e7a, Oportunidades e Crescimento Profissional - Magistrae","og_description":"Descubra a vaga de Gestor de Servi\u00e7os Gerais! Lideran\u00e7a, dinamismo e oportunidades em ambiente profissional com possibilidade real de crescimento. Candidate-se j\u00e1 e impulsione sua carreira.","og_url":"https:\/\/magistrae.com\/es\/503278f0-5151-4f94-97fc-0c74d2a366b8\/","og_site_name":"Magistrae","article_published_time":"2026-04-07T06:54:00+00:00","article_modified_time":"2026-04-07T06:54:56+00:00","author":"Bruno Gianni","twitter_card":"summary_large_image","twitter_misc":{"Written by":"Bruno Gianni","Est. reading time":"2 minutos"},"schema":{"@context":"https:\/\/schema.org","@graph":[{"@type":"Article","@id":"https:\/\/magistrae.com\/503278f0-5151-4f94-97fc-0c74d2a366b8\/#article","isPartOf":{"@id":"https:\/\/magistrae.com\/503278f0-5151-4f94-97fc-0c74d2a366b8\/"},"author":{"name":"Bruno Gianni","@id":"https:\/\/magistrae.com\/#\/schema\/person\/d52888235fd6563bd07d97185d6a61e4"},"headline":"Gestor de Servi\u00e7os Gerais: Lideran\u00e7a, Oportunidades e Crescimento Profissional","datePublished":"2026-04-07T06:54:00+00:00","dateModified":"2026-04-07T06:54:56+00:00","mainEntityOfPage":{"@id":"https:\/\/magistrae.com\/503278f0-5151-4f94-97fc-0c74d2a366b8\/"},"wordCount":435,"commentCount":0,"publisher":{"@id":"https:\/\/magistrae.com\/#organization"},"articleSection":["Hidden"],"inLanguage":"es","potentialAction":[{"@type":"CommentAction","name":"Comment","target":["https:\/\/magistrae.com\/503278f0-5151-4f94-97fc-0c74d2a366b8\/#respond"]}]},{"@type":"WebPage","@id":"https:\/\/magistrae.com\/503278f0-5151-4f94-97fc-0c74d2a366b8\/","url":"https:\/\/magistrae.com\/503278f0-5151-4f94-97fc-0c74d2a366b8\/","name":"Gestor de Servi\u00e7os Gerais: Lideran\u00e7a, Oportunidades e Crescimento Profissional - Magistrae","isPartOf":{"@id":"https:\/\/magistrae.com\/#website"},"datePublished":"2026-04-07T06:54:00+00:00","dateModified":"2026-04-07T06:54:56+00:00","breadcrumb":{"@id":"https:\/\/magistrae.com\/503278f0-5151-4f94-97fc-0c74d2a366b8\/#breadcrumb"},"inLanguage":"es","potentialAction":[{"@type":"ReadAction","target":["https:\/\/magistrae.com\/503278f0-5151-4f94-97fc-0c74d2a366b8\/"]}]},{"@type":"BreadcrumbList","@id":"https:\/\/magistrae.com\/503278f0-5151-4f94-97fc-0c74d2a366b8\/#breadcrumb","itemListElement":[{"@type":"ListItem","position":1,"name":"Home","item":"https:\/\/magistrae.com\/"},{"@type":"ListItem","position":2,"name":"Gestor de Servi\u00e7os Gerais: Lideran\u00e7a, Oportunidades e Crescimento Profissional"}]},{"@type":"WebSite","@id":"https:\/\/magistrae.com\/#website","url":"https:\/\/magistrae.com\/","name":"Magistrae","description":"","publisher":{"@id":"https:\/\/magistrae.com\/#organization"},"potentialAction":[{"@type":"SearchAction","target":{"@type":"EntryPoint","urlTemplate":"https:\/\/magistrae.com\/?s={search_term_string}"},"query-input":"required name=search_term_string"}],"inLanguage":"es"},{"@type":"Organization","@id":"https:\/\/magistrae.com\/#organization","name":"Magistrae","url":"https:\/\/magistrae.com\/","logo":{"@type":"ImageObject","inLanguage":"es","@id":"https:\/\/magistrae.com\/#\/schema\/logo\/image\/","url":"https:\/\/magistrae.com\/wp-content\/uploads\/sites\/413\/2026\/03\/9_Magistrae.jpg","contentUrl":"https:\/\/magistrae.com\/wp-content\/uploads\/sites\/413\/2026\/03\/9_Magistrae.jpg","width":2000,"height":2000,"caption":"Magistrae"},"image":{"@id":"https:\/\/magistrae.com\/#\/schema\/logo\/image\/"}},{"@type":"Person","@id":"https:\/\/magistrae.com\/#\/schema\/person\/d52888235fd6563bd07d97185d6a61e4","name":"Bruno Gianni","image":{"@type":"ImageObject","inLanguage":"es","@id":"https:\/\/magistrae.com\/#\/schema\/person\/image\/","url":"https:\/\/secure.gravatar.com\/avatar\/0f5d42d7bf77874643c1478932860e3f?s=96&d=mm&r=g","contentUrl":"https:\/\/secure.gravatar.com\/avatar\/0f5d42d7bf77874643c1478932860e3f?s=96&d=mm&r=g","caption":"Bruno Gianni"},"description":"Bruno writes the way he lives, with curiosity, care, and respect for people. He likes to observe, listen, and try to understand what is happening on the other side before putting any words on the page.For him, writing is not about impressing, but about getting closer. It is about turning thoughts into something simple, clear, and real. Every text is an ongoing conversation, created with care and honesty, with the sincere intention of touching someone, somewhere along the way.","url":"https:\/\/magistrae.com\/es\/author\/bcgianni\/"}]}},"uagb_featured_image_src":{"full":false,"thumbnail":false,"medium":false,"medium_large":false,"large":false,"1536x1536":false,"2048x2048":false,"trp-custom-language-flag":false},"uagb_author_info":{"display_name":"Bruno Gianni","author_link":"https:\/\/magistrae.com\/es\/author\/bcgianni\/"},"uagb_comment_info":0,"uagb_excerpt":"Descubra a vaga de Gestor de Servi\u00e7os Gerais! Lideran\u00e7a, dinamismo e oportunidades em ambiente profissional com possibilidade real de crescimento. Candidate-se j\u00e1 e impulsione sua carreira.","_links":{"self":[{"href":"https:\/\/magistrae.com\/es\/wp-json\/wp\/v2\/posts\/11577"}],"collection":[{"href":"https:\/\/magistrae.com\/es\/wp-json\/wp\/v2\/posts"}],"about":[{"href":"https:\/\/magistrae.com\/es\/wp-json\/wp\/v2\/types\/post"}],"author":[{"embeddable":true,"href":"https:\/\/magistrae.com\/es\/wp-json\/wp\/v2\/users\/3"}],"replies":[{"embeddable":true,"href":"https:\/\/magistrae.com\/es\/wp-json\/wp\/v2\/comments?post=11577"}],"version-history":[{"count":1,"href":"https:\/\/magistrae.com\/es\/wp-json\/wp\/v2\/posts\/11577\/revisions"}],"predecessor-version":[{"id":11578,"href":"https:\/\/magistrae.com\/es\/wp-json\/wp\/v2\/posts\/11577\/revisions\/11578"}],"wp:attachment":[{"href":"https:\/\/magistrae.com\/es\/wp-json\/wp\/v2\/media?parent=11577"}],"wp:term":[{"taxonomy":"category","embeddable":true,"href":"https:\/\/magistrae.com\/es\/wp-json\/wp\/v2\/categories?post=11577"},{"taxonomy":"post_tag","embeddable":true,"href":"https:\/\/magistrae.com\/es\/wp-json\/wp\/v2\/tags?post=11577"}],"curies":[{"name":"wp","href":"https:\/\/api.w.org\/{rel}","templated":true}]}}