{"id":11570,"date":"2026-04-06T00:34:00","date_gmt":"2026-04-06T00:34:00","guid":{"rendered":"https:\/\/magistrae.com\/b654862d-14c6-48e0-bea2-82425c1b9546\/"},"modified":"2026-04-06T00:34:40","modified_gmt":"2026-04-06T00:34:40","slug":"b654862d-14c6-48e0-bea2-82425c1b9546","status":"publish","type":"post","link":"https:\/\/magistrae.com\/es\/b654862d-14c6-48e0-bea2-82425c1b9546\/","title":{"rendered":"Gestor de Servi\u00e7os Gerais: Lideran\u00e7a, Oportunidades e Crescimento"},"content":{"rendered":"<\/p>\n<\/p>\n<div style=\"background: #ffffff; border-radius: 12px; box-shadow: 0 10px 30px rgba(0, 0, 0, 0.1); width: 100%; max-width: 340px; padding: 25px; transition: transform 0.3s ease-in-out; overflow: visible; display: flex; flex-direction: column; position: relative; border: 1px solid #28a745; margin-top: 70px; margin-bottom: 50px; margin-left: auto; margin-right: auto;\">\n<div style=\"position: absolute; top: -35px; right: 15px; color: #28a745; padding: 5px 10px; border-radius: 6px; font-size: 14px; font-weight: bold; display: flex; align-items: center; z-index: 10;\">Recomendado para si<\/div>\n<div data-namespace-header=\"\" style=\"\">\n<h3 data-namespace-title=\"\" style=\"color: #333; font-size: 20px; font-weight: bold; text-align: left; margin-right: 50px; min-height: 50px; margin-top: 0px;\">Gestor de Servi\u00e7os Gerais<\/h3>\n<\/p><\/div>\n<p data-namespace-prompt=\"\" style=\"font-size: 16px; color: #666; margin-bottom: 20px; line-height: 1.5; flex-grow: 1; text-align: left; margin-top: 0px;\">Alie lideran\u00e7a \u00e0 gest\u00e3o de equipas e servi\u00e7os gerais. Vagas para profissionais com experi\u00eancia em log\u00edstica, manuten\u00e7\u00e3o e negocia\u00e7\u00e3o. Perspectivas reais de progress\u00e3o e valoriza\u00e7\u00e3o.<\/p>\n<p>    <a data-namespace-url=\"\" href=\"https:\/\/magistrae.com\/es\/redirect\/?https:\/\/jobs.keptpeople.com\/jobs\/gestor-de-servicos-gerais-m-f-luanda?utm_campaign=google_jobs_apply&#038;utm_source=google_jobs_apply&#038;utm_medium=organic\" style=\"width: 100%; display: inline-block; color: white; text-decoration: none; border-radius: 6px; font-size: 16px; font-weight: bold; text-align: center; transition: transform 0.3s ease, background 0.3s ease; margin-top: auto;\" data-namespace-id=\"5c0d2565-3ba9-4280-a382-ad2a691e2285\"><br \/>\n        <button style=\"width: 100%; height: 55px; background: #e9e9ed; border: 1px solid black; color: black;\">Candidatar-se \u00e0 vaga<\/button><br \/>\n    <\/a><br \/>\n    <small style=\"margin-top: 10px; color: #777; font-size: 12px; text-align: center; display: block;\">Ser\u00e1 redireccionado para otro sitio<\/small>\n<\/div>\n<p>Esta oferta para Gestor de Servi\u00e7os Gerais prop\u00f5e equil\u00edbrio integral entre fun\u00e7\u00f5es de lideran\u00e7a operacional, coordena\u00e7\u00e3o de equipas e gest\u00e3o de processos log\u00edsticos. O trabalho ideal para quem valoriza organiza\u00e7\u00e3o, controle e optimiza\u00e7\u00e3o de custos, bem como a possibilidade de progress\u00e3o efectiva numa grande empresa. Sal\u00e1rio competitivo, jornada integral e regime presencial asseguram estabilidade e crescimento a quem busca impacto real no ambiente profissional.<\/p>\n<h2>Responsabilidades e Rotinas do Cargo<\/h2>\n<p>A fun\u00e7\u00e3o abrange coordena\u00e7\u00e3o de transportes, manuten\u00e7\u00e3o de instala\u00e7\u00f5es, supervis\u00e3o de limpezas, gest\u00e3o de frotas e controle de servi\u00e7os como refeit\u00f3rio e transporte de colaboradores.<\/p>\n<p>Ser\u00e1 crucial definir especifica\u00e7\u00f5es, negociar contratos, supervisionar equipas e garantir o cumprimento dos objectivos de performance atrav\u00e9s de KPIs.<\/p>\n<p>Propor melhorias, gerir or\u00e7amentos e criar iniciativas para redu\u00e7\u00e3o de custos s\u00e3o tarefas do dia-a-dia deste gestor.<\/p>\n<p>O profissional \u00e9 respons\u00e1vel por avaliar desempenho e manter a implementa\u00e7\u00e3o de medidas de seguran\u00e7a e organiza\u00e7\u00e3o internas.<\/p>\n<p>Capacitar e liderar equipas multidisciplinares faz parte do desafio, agregando valor aos resultados da organiza\u00e7\u00e3o.<\/p>\n<h2>Aspectos Positivos<\/h2>\n<p>Trata-se de uma empresa s\u00f3lida, que valoriza a progress\u00e3o de carreira e proporciona um ambiente profissional seguro e estruturado.<\/p>\n<p>Esta vaga coloca o profissional no centro da decis\u00e3o com espa\u00e7o para propor, liderar e inovar em v\u00e1rias frentes operacionais.<\/p>\n<h2>Aspectos Negativos<\/h2>\n<p>O cargo exige alta resist\u00eancia ao stress e \u00e0 press\u00e3o operacional, sendo desafiante para quem n\u00e3o lida bem com adversidades e urg\u00eancias.<\/p>\n<p>A necessidade de trabalhar presencialmente e liderar equipas exige elevada capacidade de adapta\u00e7\u00e3o e obriga a uma rotina exigente.<\/p>\n<h2>Veredicto Final<\/h2>\n<p>Vaga destinada a quem procura estabilidade, responsabilidade e crescimento real. Recomendado para profissionais orientados para resultados e lideran\u00e7a.<\/p>\n<div style=\"background: #ffffff; border-radius: 12px; box-shadow: 0 10px 30px rgba(0, 0, 0, 0.1); width: 100%; max-width: 340px; padding: 25px; transition: transform 0.3s ease-in-out; overflow: visible; display: flex; flex-direction: column; position: relative; border: 1px solid #28a745; margin-top: 70px; margin-bottom: 50px; margin-left: auto; margin-right: auto;\">\n<div style=\"position: absolute; top: -35px; right: 15px; color: #28a745; padding: 5px 10px; border-radius: 6px; font-size: 14px; font-weight: bold; display: flex; align-items: center; z-index: 10;\">Recomendado para si<\/div>\n<div data-namespace-header=\"\" style=\"\">\n<h3 data-namespace-title=\"\" style=\"color: #333; font-size: 20px; font-weight: bold; text-align: left; margin-right: 50px; min-height: 50px; margin-top: 0px;\">Gestor de Servi\u00e7os Gerais<\/h3>\n<\/p><\/div>\n<p data-namespace-prompt=\"\" style=\"font-size: 16px; color: #666; margin-bottom: 20px; line-height: 1.5; flex-grow: 1; text-align: left; margin-top: 0px;\">Alie lideran\u00e7a \u00e0 gest\u00e3o de equipas e servi\u00e7os gerais. Vagas para profissionais com experi\u00eancia em log\u00edstica, manuten\u00e7\u00e3o e negocia\u00e7\u00e3o. Perspectivas reais de progress\u00e3o e valoriza\u00e7\u00e3o.<\/p>\n<p>    <a data-namespace-url=\"\" href=\"https:\/\/magistrae.com\/es\/redirect\/?https:\/\/jobs.keptpeople.com\/jobs\/gestor-de-servicos-gerais-m-f-luanda?utm_campaign=google_jobs_apply&#038;utm_source=google_jobs_apply&#038;utm_medium=organic\" style=\"width: 100%; display: inline-block; color: white; text-decoration: none; border-radius: 6px; font-size: 16px; font-weight: bold; text-align: center; transition: transform 0.3s ease, background 0.3s ease; margin-top: auto;\" data-namespace-id=\"5c0d2565-3ba9-4280-a382-ad2a691e2285\"><br \/>\n        <button style=\"width: 100%; height: 55px; background: #e9e9ed; border: 1px solid black; color: black;\">Candidatar-se \u00e0 vaga<\/button><br \/>\n    <\/a><br \/>\n    <small style=\"margin-top: 10px; color: #777; font-size: 12px; text-align: center; display: block;\">Ser\u00e1 redireccionado para otro sitio<\/small>\n<\/div>","protected":false},"excerpt":{"rendered":"<p>Vaga para Gestor de Servi\u00e7os Gerais. Lideran\u00e7a, equipa e progress\u00e3o real! Atue em ambiente estruturado, desenvolvendo pr\u00e1ticas de gest\u00e3o log\u00edstica. Saia na frente, candidate-se j\u00e1!<\/p>","protected":false},"author":3,"featured_media":0,"comment_status":"open","ping_status":"open","sticky":false,"template":"","format":"standard","meta":{"_uag_custom_page_level_css":"","site-sidebar-layout":"default","site-content-layout":"","ast-site-content-layout":"","site-content-style":"default","site-sidebar-style":"default","ast-global-header-display":"","ast-banner-title-visibility":"","ast-main-header-display":"","ast-hfb-above-header-display":"","ast-hfb-below-header-display":"","ast-hfb-mobile-header-display":"","site-post-title":"","ast-breadcrumbs-content":"","ast-featured-img":"","footer-sml-layout":"","theme-transparent-header-meta":"","adv-header-id-meta":"","stick-header-meta":"","header-above-stick-meta":"","header-main-stick-meta":"","header-below-stick-meta":"","astra-migrate-meta-layouts":"default","ast-page-background-enabled":"default","ast-page-background-meta":{"desktop":{"background-color":"var(--ast-global-color-4)","background-image":"","background-repeat":"repeat","background-position":"center center","background-size":"auto","background-attachment":"scroll","background-type":"","background-media":"","overlay-type":"","overlay-color":"","overlay-opacity":"","overlay-gradient":""},"tablet":{"background-color":"","background-image":"","background-repeat":"repeat","background-position":"center center","background-size":"auto","background-attachment":"scroll","background-type":"","background-media":"","overlay-type":"","overlay-color":"","overlay-opacity":"","overlay-gradient":""},"mobile":{"background-color":"","background-image":"","background-repeat":"repeat","background-position":"center center","background-size":"auto","background-attachment":"scroll","background-type":"","background-media":"","overlay-type":"","overlay-color":"","overlay-opacity":"","overlay-gradient":""}},"ast-content-background-meta":{"desktop":{"background-color":"var(--ast-global-color-5)","background-image":"","background-repeat":"repeat","background-position":"center center","background-size":"auto","background-attachment":"scroll","background-type":"","background-media":"","overlay-type":"","overlay-color":"","overlay-opacity":"","overlay-gradient":""},"tablet":{"background-color":"var(--ast-global-color-5)","background-image":"","background-repeat":"repeat","background-position":"center center","background-size":"auto","background-attachment":"scroll","background-type":"","background-media":"","overlay-type":"","overlay-color":"","overlay-opacity":"","overlay-gradient":""},"mobile":{"background-color":"var(--ast-global-color-5)","background-image":"","background-repeat":"repeat","background-position":"center center","background-size":"auto","background-attachment":"scroll","background-type":"","background-media":"","overlay-type":"","overlay-color":"","overlay-opacity":"","overlay-gradient":""}},"footnotes":""},"categories":[14],"tags":[],"yoast_head":"<!-- This site is optimized with the Yoast SEO plugin v23.3 - https:\/\/yoast.com\/wordpress\/plugins\/seo\/ -->\n<title>Gestor de Servi\u00e7os Gerais: Lideran\u00e7a, Oportunidades e Crescimento - Magistrae<\/title>\n<meta name=\"robots\" content=\"index, follow, max-snippet:-1, max-image-preview:large, max-video-preview:-1\" \/>\n<link rel=\"canonical\" href=\"https:\/\/magistrae.com\/es\/b654862d-14c6-48e0-bea2-82425c1b9546\/\" \/>\n<meta property=\"og:locale\" content=\"es_ES\" \/>\n<meta property=\"og:type\" content=\"article\" \/>\n<meta property=\"og:title\" content=\"Gestor de Servi\u00e7os Gerais: Lideran\u00e7a, Oportunidades e Crescimento - Magistrae\" \/>\n<meta property=\"og:description\" content=\"Vaga para Gestor de Servi\u00e7os Gerais. Lideran\u00e7a, equipa e progress\u00e3o real! Atue em ambiente estruturado, desenvolvendo pr\u00e1ticas de gest\u00e3o log\u00edstica. Saia na frente, candidate-se j\u00e1!\" \/>\n<meta property=\"og:url\" content=\"https:\/\/magistrae.com\/es\/b654862d-14c6-48e0-bea2-82425c1b9546\/\" \/>\n<meta property=\"og:site_name\" content=\"Magistrae\" \/>\n<meta property=\"article:published_time\" content=\"2026-04-06T00:34:00+00:00\" \/>\n<meta property=\"article:modified_time\" content=\"2026-04-06T00:34:40+00:00\" \/>\n<meta name=\"author\" content=\"Bruno Gianni\" \/>\n<meta name=\"twitter:card\" content=\"summary_large_image\" \/>\n<meta name=\"twitter:label1\" content=\"Written by\" \/>\n\t<meta name=\"twitter:data1\" content=\"Bruno Gianni\" \/>\n\t<meta name=\"twitter:label2\" content=\"Est. reading time\" \/>\n\t<meta name=\"twitter:data2\" content=\"2 minutos\" \/>\n<script type=\"application\/ld+json\" class=\"yoast-schema-graph\">{\"@context\":\"https:\/\/schema.org\",\"@graph\":[{\"@type\":\"Article\",\"@id\":\"https:\/\/magistrae.com\/b654862d-14c6-48e0-bea2-82425c1b9546\/#article\",\"isPartOf\":{\"@id\":\"https:\/\/magistrae.com\/b654862d-14c6-48e0-bea2-82425c1b9546\/\"},\"author\":{\"name\":\"Bruno Gianni\",\"@id\":\"https:\/\/magistrae.com\/#\/schema\/person\/d52888235fd6563bd07d97185d6a61e4\"},\"headline\":\"Gestor de Servi\u00e7os Gerais: Lideran\u00e7a, Oportunidades e Crescimento\",\"datePublished\":\"2026-04-06T00:34:00+00:00\",\"dateModified\":\"2026-04-06T00:34:40+00:00\",\"mainEntityOfPage\":{\"@id\":\"https:\/\/magistrae.com\/b654862d-14c6-48e0-bea2-82425c1b9546\/\"},\"wordCount\":412,\"commentCount\":0,\"publisher\":{\"@id\":\"https:\/\/magistrae.com\/#organization\"},\"articleSection\":[\"Hidden\"],\"inLanguage\":\"es\",\"potentialAction\":[{\"@type\":\"CommentAction\",\"name\":\"Comment\",\"target\":[\"https:\/\/magistrae.com\/b654862d-14c6-48e0-bea2-82425c1b9546\/#respond\"]}]},{\"@type\":\"WebPage\",\"@id\":\"https:\/\/magistrae.com\/b654862d-14c6-48e0-bea2-82425c1b9546\/\",\"url\":\"https:\/\/magistrae.com\/b654862d-14c6-48e0-bea2-82425c1b9546\/\",\"name\":\"Gestor de Servi\u00e7os Gerais: Lideran\u00e7a, Oportunidades e Crescimento - Magistrae\",\"isPartOf\":{\"@id\":\"https:\/\/magistrae.com\/#website\"},\"datePublished\":\"2026-04-06T00:34:00+00:00\",\"dateModified\":\"2026-04-06T00:34:40+00:00\",\"breadcrumb\":{\"@id\":\"https:\/\/magistrae.com\/b654862d-14c6-48e0-bea2-82425c1b9546\/#breadcrumb\"},\"inLanguage\":\"es\",\"potentialAction\":[{\"@type\":\"ReadAction\",\"target\":[\"https:\/\/magistrae.com\/b654862d-14c6-48e0-bea2-82425c1b9546\/\"]}]},{\"@type\":\"BreadcrumbList\",\"@id\":\"https:\/\/magistrae.com\/b654862d-14c6-48e0-bea2-82425c1b9546\/#breadcrumb\",\"itemListElement\":[{\"@type\":\"ListItem\",\"position\":1,\"name\":\"Home\",\"item\":\"https:\/\/magistrae.com\/\"},{\"@type\":\"ListItem\",\"position\":2,\"name\":\"Gestor de Servi\u00e7os Gerais: Lideran\u00e7a, Oportunidades e Crescimento\"}]},{\"@type\":\"WebSite\",\"@id\":\"https:\/\/magistrae.com\/#website\",\"url\":\"https:\/\/magistrae.com\/\",\"name\":\"Magistrae\",\"description\":\"\",\"publisher\":{\"@id\":\"https:\/\/magistrae.com\/#organization\"},\"potentialAction\":[{\"@type\":\"SearchAction\",\"target\":{\"@type\":\"EntryPoint\",\"urlTemplate\":\"https:\/\/magistrae.com\/?s={search_term_string}\"},\"query-input\":\"required name=search_term_string\"}],\"inLanguage\":\"es\"},{\"@type\":\"Organization\",\"@id\":\"https:\/\/magistrae.com\/#organization\",\"name\":\"Magistrae\",\"url\":\"https:\/\/magistrae.com\/\",\"logo\":{\"@type\":\"ImageObject\",\"inLanguage\":\"es\",\"@id\":\"https:\/\/magistrae.com\/#\/schema\/logo\/image\/\",\"url\":\"https:\/\/magistrae.com\/wp-content\/uploads\/sites\/413\/2026\/03\/9_Magistrae.jpg\",\"contentUrl\":\"https:\/\/magistrae.com\/wp-content\/uploads\/sites\/413\/2026\/03\/9_Magistrae.jpg\",\"width\":2000,\"height\":2000,\"caption\":\"Magistrae\"},\"image\":{\"@id\":\"https:\/\/magistrae.com\/#\/schema\/logo\/image\/\"}},{\"@type\":\"Person\",\"@id\":\"https:\/\/magistrae.com\/#\/schema\/person\/d52888235fd6563bd07d97185d6a61e4\",\"name\":\"Bruno Gianni\",\"image\":{\"@type\":\"ImageObject\",\"inLanguage\":\"es\",\"@id\":\"https:\/\/magistrae.com\/#\/schema\/person\/image\/\",\"url\":\"https:\/\/secure.gravatar.com\/avatar\/0f5d42d7bf77874643c1478932860e3f?s=96&d=mm&r=g\",\"contentUrl\":\"https:\/\/secure.gravatar.com\/avatar\/0f5d42d7bf77874643c1478932860e3f?s=96&d=mm&r=g\",\"caption\":\"Bruno Gianni\"},\"description\":\"Bruno writes the way he lives, with curiosity, care, and respect for people. He likes to observe, listen, and try to understand what is happening on the other side before putting any words on the page.For him, writing is not about impressing, but about getting closer. It is about turning thoughts into something simple, clear, and real. Every text is an ongoing conversation, created with care and honesty, with the sincere intention of touching someone, somewhere along the way.\",\"url\":\"https:\/\/magistrae.com\/es\/author\/bcgianni\/\"}]}<\/script>\n<!-- \/ Yoast SEO plugin. -->","yoast_head_json":{"title":"Gestor de Servi\u00e7os Gerais: Lideran\u00e7a, Oportunidades e Crescimento - Magistrae","robots":{"index":"index","follow":"follow","max-snippet":"max-snippet:-1","max-image-preview":"max-image-preview:large","max-video-preview":"max-video-preview:-1"},"canonical":"https:\/\/magistrae.com\/es\/b654862d-14c6-48e0-bea2-82425c1b9546\/","og_locale":"es_ES","og_type":"article","og_title":"Gestor de Servi\u00e7os Gerais: Lideran\u00e7a, Oportunidades e Crescimento - Magistrae","og_description":"Vaga para Gestor de Servi\u00e7os Gerais. Lideran\u00e7a, equipa e progress\u00e3o real! Atue em ambiente estruturado, desenvolvendo pr\u00e1ticas de gest\u00e3o log\u00edstica. Saia na frente, candidate-se j\u00e1!","og_url":"https:\/\/magistrae.com\/es\/b654862d-14c6-48e0-bea2-82425c1b9546\/","og_site_name":"Magistrae","article_published_time":"2026-04-06T00:34:00+00:00","article_modified_time":"2026-04-06T00:34:40+00:00","author":"Bruno Gianni","twitter_card":"summary_large_image","twitter_misc":{"Written by":"Bruno Gianni","Est. reading time":"2 minutos"},"schema":{"@context":"https:\/\/schema.org","@graph":[{"@type":"Article","@id":"https:\/\/magistrae.com\/b654862d-14c6-48e0-bea2-82425c1b9546\/#article","isPartOf":{"@id":"https:\/\/magistrae.com\/b654862d-14c6-48e0-bea2-82425c1b9546\/"},"author":{"name":"Bruno Gianni","@id":"https:\/\/magistrae.com\/#\/schema\/person\/d52888235fd6563bd07d97185d6a61e4"},"headline":"Gestor de Servi\u00e7os Gerais: Lideran\u00e7a, Oportunidades e Crescimento","datePublished":"2026-04-06T00:34:00+00:00","dateModified":"2026-04-06T00:34:40+00:00","mainEntityOfPage":{"@id":"https:\/\/magistrae.com\/b654862d-14c6-48e0-bea2-82425c1b9546\/"},"wordCount":412,"commentCount":0,"publisher":{"@id":"https:\/\/magistrae.com\/#organization"},"articleSection":["Hidden"],"inLanguage":"es","potentialAction":[{"@type":"CommentAction","name":"Comment","target":["https:\/\/magistrae.com\/b654862d-14c6-48e0-bea2-82425c1b9546\/#respond"]}]},{"@type":"WebPage","@id":"https:\/\/magistrae.com\/b654862d-14c6-48e0-bea2-82425c1b9546\/","url":"https:\/\/magistrae.com\/b654862d-14c6-48e0-bea2-82425c1b9546\/","name":"Gestor de Servi\u00e7os Gerais: Lideran\u00e7a, Oportunidades e Crescimento - Magistrae","isPartOf":{"@id":"https:\/\/magistrae.com\/#website"},"datePublished":"2026-04-06T00:34:00+00:00","dateModified":"2026-04-06T00:34:40+00:00","breadcrumb":{"@id":"https:\/\/magistrae.com\/b654862d-14c6-48e0-bea2-82425c1b9546\/#breadcrumb"},"inLanguage":"es","potentialAction":[{"@type":"ReadAction","target":["https:\/\/magistrae.com\/b654862d-14c6-48e0-bea2-82425c1b9546\/"]}]},{"@type":"BreadcrumbList","@id":"https:\/\/magistrae.com\/b654862d-14c6-48e0-bea2-82425c1b9546\/#breadcrumb","itemListElement":[{"@type":"ListItem","position":1,"name":"Home","item":"https:\/\/magistrae.com\/"},{"@type":"ListItem","position":2,"name":"Gestor de Servi\u00e7os Gerais: Lideran\u00e7a, Oportunidades e Crescimento"}]},{"@type":"WebSite","@id":"https:\/\/magistrae.com\/#website","url":"https:\/\/magistrae.com\/","name":"Magistrae","description":"","publisher":{"@id":"https:\/\/magistrae.com\/#organization"},"potentialAction":[{"@type":"SearchAction","target":{"@type":"EntryPoint","urlTemplate":"https:\/\/magistrae.com\/?s={search_term_string}"},"query-input":"required name=search_term_string"}],"inLanguage":"es"},{"@type":"Organization","@id":"https:\/\/magistrae.com\/#organization","name":"Magistrae","url":"https:\/\/magistrae.com\/","logo":{"@type":"ImageObject","inLanguage":"es","@id":"https:\/\/magistrae.com\/#\/schema\/logo\/image\/","url":"https:\/\/magistrae.com\/wp-content\/uploads\/sites\/413\/2026\/03\/9_Magistrae.jpg","contentUrl":"https:\/\/magistrae.com\/wp-content\/uploads\/sites\/413\/2026\/03\/9_Magistrae.jpg","width":2000,"height":2000,"caption":"Magistrae"},"image":{"@id":"https:\/\/magistrae.com\/#\/schema\/logo\/image\/"}},{"@type":"Person","@id":"https:\/\/magistrae.com\/#\/schema\/person\/d52888235fd6563bd07d97185d6a61e4","name":"Bruno Gianni","image":{"@type":"ImageObject","inLanguage":"es","@id":"https:\/\/magistrae.com\/#\/schema\/person\/image\/","url":"https:\/\/secure.gravatar.com\/avatar\/0f5d42d7bf77874643c1478932860e3f?s=96&d=mm&r=g","contentUrl":"https:\/\/secure.gravatar.com\/avatar\/0f5d42d7bf77874643c1478932860e3f?s=96&d=mm&r=g","caption":"Bruno Gianni"},"description":"Bruno writes the way he lives, with curiosity, care, and respect for people. He likes to observe, listen, and try to understand what is happening on the other side before putting any words on the page.For him, writing is not about impressing, but about getting closer. It is about turning thoughts into something simple, clear, and real. Every text is an ongoing conversation, created with care and honesty, with the sincere intention of touching someone, somewhere along the way.","url":"https:\/\/magistrae.com\/es\/author\/bcgianni\/"}]}},"uagb_featured_image_src":{"full":false,"thumbnail":false,"medium":false,"medium_large":false,"large":false,"1536x1536":false,"2048x2048":false,"trp-custom-language-flag":false},"uagb_author_info":{"display_name":"Bruno Gianni","author_link":"https:\/\/magistrae.com\/es\/author\/bcgianni\/"},"uagb_comment_info":0,"uagb_excerpt":"Vaga para Gestor de Servi\u00e7os Gerais. Lideran\u00e7a, equipa e progress\u00e3o real! Atue em ambiente estruturado, desenvolvendo pr\u00e1ticas de gest\u00e3o log\u00edstica. Saia na frente, candidate-se j\u00e1!","_links":{"self":[{"href":"https:\/\/magistrae.com\/es\/wp-json\/wp\/v2\/posts\/11570"}],"collection":[{"href":"https:\/\/magistrae.com\/es\/wp-json\/wp\/v2\/posts"}],"about":[{"href":"https:\/\/magistrae.com\/es\/wp-json\/wp\/v2\/types\/post"}],"author":[{"embeddable":true,"href":"https:\/\/magistrae.com\/es\/wp-json\/wp\/v2\/users\/3"}],"replies":[{"embeddable":true,"href":"https:\/\/magistrae.com\/es\/wp-json\/wp\/v2\/comments?post=11570"}],"version-history":[{"count":1,"href":"https:\/\/magistrae.com\/es\/wp-json\/wp\/v2\/posts\/11570\/revisions"}],"predecessor-version":[{"id":11573,"href":"https:\/\/magistrae.com\/es\/wp-json\/wp\/v2\/posts\/11570\/revisions\/11573"}],"wp:attachment":[{"href":"https:\/\/magistrae.com\/es\/wp-json\/wp\/v2\/media?parent=11570"}],"wp:term":[{"taxonomy":"category","embeddable":true,"href":"https:\/\/magistrae.com\/es\/wp-json\/wp\/v2\/categories?post=11570"},{"taxonomy":"post_tag","embeddable":true,"href":"https:\/\/magistrae.com\/es\/wp-json\/wp\/v2\/tags?post=11570"}],"curies":[{"name":"wp","href":"https:\/\/api.w.org\/{rel}","templated":true}]}}