{"id":11465,"date":"2026-04-04T09:26:00","date_gmt":"2026-04-04T09:26:00","guid":{"rendered":"https:\/\/magistrae.com\/6630e1a9-8d8d-4f9c-b306-6347a79739e5\/"},"modified":"2026-04-04T09:26:17","modified_gmt":"2026-04-04T09:26:17","slug":"6630e1a9-8d8d-4f9c-b306-6347a79739e5","status":"publish","type":"post","link":"https:\/\/magistrae.com\/es\/6630e1a9-8d8d-4f9c-b306-6347a79739e5\/","title":{"rendered":"Gestor de Servi\u00e7os Gerais: Lideran\u00e7a, Organiza\u00e7\u00e3o e Crescimento Profissional"},"content":{"rendered":"<\/p>\n<\/p>\n<div style=\"background: #ffffff; border-radius: 12px; box-shadow: 0 10px 30px rgba(0, 0, 0, 0.1); width: 100%; max-width: 340px; padding: 25px; transition: transform 0.3s ease-in-out; overflow: visible; display: flex; flex-direction: column; position: relative; border: 1px solid #28a745; margin-top: 70px; margin-bottom: 50px; margin-left: auto; margin-right: auto;\">\n<div style=\"position: absolute; top: -35px; right: 15px; color: #28a745; padding: 5px 10px; border-radius: 6px; font-size: 14px; font-weight: bold; display: flex; align-items: center; z-index: 10;\">Recomendado para si<\/div>\n<div data-namespace-header=\"\" style=\"\">\n<h3 data-namespace-title=\"\" style=\"color: #333; font-size: 20px; font-weight: bold; text-align: left; margin-right: 50px; min-height: 50px; margin-top: 0px;\">Gestor de Servi\u00e7os Gerais<\/h3>\n<\/p><\/div>\n<p data-namespace-prompt=\"\" style=\"font-size: 16px; color: #666; margin-bottom: 20px; line-height: 1.5; flex-grow: 1; text-align: left; margin-top: 0px;\">Supervisione equipas, otimize custos e contribua para o crescimento de uma empresa solidamente estabelecida. Requer experi\u00eancia em lideran\u00e7a e flu\u00eancia em portugu\u00eas e ingl\u00eas.<\/p>\n<p>    <a data-namespace-url=\"\" href=\"https:\/\/magistrae.com\/es\/redirect\/?https:\/\/jobs.keptpeople.com\/jobs\/gestor-de-servicos-gerais-m-f-luanda?utm_campaign=google_jobs_apply&#038;utm_source=google_jobs_apply&#038;utm_medium=organic\" style=\"width: 100%; display: inline-block; color: white; text-decoration: none; border-radius: 6px; font-size: 16px; font-weight: bold; text-align: center; transition: transform 0.3s ease, background 0.3s ease; margin-top: auto;\" data-namespace-id=\"5c0d2565-3ba9-4280-a382-ad2a691e2285\"><br \/>\n        <button style=\"width: 100%; height: 55px; background: #e9e9ed; border: 1px solid black; color: black;\">Candidatar-se ao emprego<\/button><br \/>\n    <\/a><br \/>\n    <small style=\"margin-top: 10px; color: #777; font-size: 12px; text-align: center; display: block;\">Ser\u00e1 redireccionado para otro sitio<\/small>\n<\/div>\n<p>Se procura um cargo de responsabilidade, a fun\u00e7\u00e3o de Gestor de Servi\u00e7os Gerais pode ser a sua pr\u00f3xima oportunidade. O cargo \u00e9 full-time, em regime presencial, e destina-se a quem pretende atuar numa empresa s\u00f3lida, com forte reputa\u00e7\u00e3o no sector de log\u00edstica e opera\u00e7\u00f5es. O sal\u00e1rio n\u00e3o foi divulgado publicamente, mas a proposta promete boas condi\u00e7\u00f5es para profissionais experientes, garantindo estabilidade e espa\u00e7o para crescimento.<\/p>\n<h2>Responsabilidades do dia a dia<\/h2>\n<p>Como Gestor de Servi\u00e7os Gerais, ter\u00e1 a miss\u00e3o de rever necessidades, negociar contratos e definir especifica\u00e7\u00f5es de compras, sempre alinhado ao or\u00e7amento.<\/p>\n<p>Ser\u00e1 respons\u00e1vel por supervisionar a equipa, coordenar transportes, viagens e gerir a manuten\u00e7\u00e3o dos equipamentos, instala\u00e7\u00f5es e viaturas da empresa.<\/p>\n<p>Entre as atividades di\u00e1rias, est\u00e1 a lideran\u00e7a dos servi\u00e7os de limpeza, refeit\u00f3rio, m\u00e9dico e transporte dos colaboradores.<\/p>\n<p>O controle de custos e a proposta de otimiza\u00e7\u00f5es s\u00e3o fundamentais, assim como assegurar o cumprimento das normas de seguran\u00e7a no trabalho.<\/p>\n<p>Far\u00e1 avalia\u00e7\u00f5es de desempenho da equipa, al\u00e9m de monitorizar indicadores-chave de desempenho (KPI\u2019s) para garantir que os objetivos sejam atingidos.<\/p>\n<h2>Pontos fortes desta oferta<\/h2>\n<p>Um dos principais benef\u00edcios \u00e9 a oportunidade de integrar um grupo empresarial de grande porte, reconhecido pelo seu crescimento e estabilidade.<\/p>\n<p>O cargo oferece desafios di\u00e1rios para quem procura desenvolver compet\u00eancias de lideran\u00e7a, negocia\u00e7\u00e3o e gest\u00e3o de equipas diversificadas.<\/p>\n<h2>Aspectos a considerar<\/h2>\n<p>O ambiente pode ser exigente, sobretudo em per\u00edodos de maior fluxo operacional, exigindo boa capacidade de lidar com press\u00e3o.<\/p>\n<p>\u00c9 essencial dominar fluentemente o portugu\u00eas e o ingl\u00eas, pois a comunica\u00e7\u00e3o com diferentes equipas \u00e9 parte crucial do dia a dia.<\/p>\n<h2>Veredito<\/h2>\n<p>Se \u00e9 orientado para resultados, resolve problemas com facilidade e procura crescer num ambiente din\u00e2mico e est\u00e1vel, vale a pena considerar esta vaga.<\/p>\n<div style=\"background: #ffffff; border-radius: 12px; box-shadow: 0 10px 30px rgba(0, 0, 0, 0.1); width: 100%; max-width: 340px; padding: 25px; transition: transform 0.3s ease-in-out; overflow: visible; display: flex; flex-direction: column; position: relative; border: 1px solid #28a745; margin-top: 70px; margin-bottom: 50px; margin-left: auto; margin-right: auto;\">\n<div style=\"position: absolute; top: -35px; right: 15px; color: #28a745; padding: 5px 10px; border-radius: 6px; font-size: 14px; font-weight: bold; display: flex; align-items: center; z-index: 10;\">Recomendado para si<\/div>\n<div data-namespace-header=\"\" style=\"\">\n<h3 data-namespace-title=\"\" style=\"color: #333; font-size: 20px; font-weight: bold; text-align: left; margin-right: 50px; min-height: 50px; margin-top: 0px;\">Gestor de Servi\u00e7os Gerais<\/h3>\n<\/p><\/div>\n<p data-namespace-prompt=\"\" style=\"font-size: 16px; color: #666; margin-bottom: 20px; line-height: 1.5; flex-grow: 1; text-align: left; margin-top: 0px;\">Supervisione equipas, otimize custos e contribua para o crescimento de uma empresa solidamente estabelecida. Requer experi\u00eancia em lideran\u00e7a e flu\u00eancia em portugu\u00eas e ingl\u00eas.<\/p>\n<p>    <a data-namespace-url=\"\" href=\"https:\/\/magistrae.com\/es\/redirect\/?https:\/\/jobs.keptpeople.com\/jobs\/gestor-de-servicos-gerais-m-f-luanda?utm_campaign=google_jobs_apply&#038;utm_source=google_jobs_apply&#038;utm_medium=organic\" style=\"width: 100%; display: inline-block; color: white; text-decoration: none; border-radius: 6px; font-size: 16px; font-weight: bold; text-align: center; transition: transform 0.3s ease, background 0.3s ease; margin-top: auto;\" data-namespace-id=\"5c0d2565-3ba9-4280-a382-ad2a691e2285\"><br \/>\n        <button style=\"width: 100%; height: 55px; background: #e9e9ed; border: 1px solid black; color: black;\">Candidatar-se ao emprego<\/button><br \/>\n    <\/a><br \/>\n    <small style=\"margin-top: 10px; color: #777; font-size: 12px; text-align: center; display: block;\">Ser\u00e1 redireccionado para otro sitio<\/small>\n<\/div>","protected":false},"excerpt":{"rendered":"<p>Procura uma nova oportunidade? Seja Gestor de Servi\u00e7os Gerais, lidere equipas e garanta o crescimento numa grande empresa. Vaga para profissionais experientes com flu\u00eancia em portugu\u00eas e ingl\u00eas.<\/p>","protected":false},"author":3,"featured_media":0,"comment_status":"open","ping_status":"open","sticky":false,"template":"","format":"standard","meta":{"_uag_custom_page_level_css":"","site-sidebar-layout":"default","site-content-layout":"","ast-site-content-layout":"","site-content-style":"default","site-sidebar-style":"default","ast-global-header-display":"","ast-banner-title-visibility":"","ast-main-header-display":"","ast-hfb-above-header-display":"","ast-hfb-below-header-display":"","ast-hfb-mobile-header-display":"","site-post-title":"","ast-breadcrumbs-content":"","ast-featured-img":"","footer-sml-layout":"","theme-transparent-header-meta":"","adv-header-id-meta":"","stick-header-meta":"","header-above-stick-meta":"","header-main-stick-meta":"","header-below-stick-meta":"","astra-migrate-meta-layouts":"default","ast-page-background-enabled":"default","ast-page-background-meta":{"desktop":{"background-color":"var(--ast-global-color-4)","background-image":"","background-repeat":"repeat","background-position":"center center","background-size":"auto","background-attachment":"scroll","background-type":"","background-media":"","overlay-type":"","overlay-color":"","overlay-opacity":"","overlay-gradient":""},"tablet":{"background-color":"","background-image":"","background-repeat":"repeat","background-position":"center center","background-size":"auto","background-attachment":"scroll","background-type":"","background-media":"","overlay-type":"","overlay-color":"","overlay-opacity":"","overlay-gradient":""},"mobile":{"background-color":"","background-image":"","background-repeat":"repeat","background-position":"center center","background-size":"auto","background-attachment":"scroll","background-type":"","background-media":"","overlay-type":"","overlay-color":"","overlay-opacity":"","overlay-gradient":""}},"ast-content-background-meta":{"desktop":{"background-color":"var(--ast-global-color-5)","background-image":"","background-repeat":"repeat","background-position":"center center","background-size":"auto","background-attachment":"scroll","background-type":"","background-media":"","overlay-type":"","overlay-color":"","overlay-opacity":"","overlay-gradient":""},"tablet":{"background-color":"var(--ast-global-color-5)","background-image":"","background-repeat":"repeat","background-position":"center center","background-size":"auto","background-attachment":"scroll","background-type":"","background-media":"","overlay-type":"","overlay-color":"","overlay-opacity":"","overlay-gradient":""},"mobile":{"background-color":"var(--ast-global-color-5)","background-image":"","background-repeat":"repeat","background-position":"center center","background-size":"auto","background-attachment":"scroll","background-type":"","background-media":"","overlay-type":"","overlay-color":"","overlay-opacity":"","overlay-gradient":""}},"footnotes":""},"categories":[14],"tags":[],"yoast_head":"<!-- This site is optimized with the Yoast SEO plugin v23.3 - https:\/\/yoast.com\/wordpress\/plugins\/seo\/ -->\n<title>Gestor de Servi\u00e7os Gerais: Lideran\u00e7a, Organiza\u00e7\u00e3o e Crescimento Profissional - Magistrae<\/title>\n<meta name=\"robots\" content=\"index, follow, max-snippet:-1, max-image-preview:large, max-video-preview:-1\" \/>\n<link rel=\"canonical\" href=\"https:\/\/magistrae.com\/es\/6630e1a9-8d8d-4f9c-b306-6347a79739e5\/\" \/>\n<meta property=\"og:locale\" content=\"es_ES\" \/>\n<meta property=\"og:type\" content=\"article\" \/>\n<meta property=\"og:title\" content=\"Gestor de Servi\u00e7os Gerais: Lideran\u00e7a, Organiza\u00e7\u00e3o e Crescimento Profissional - Magistrae\" \/>\n<meta property=\"og:description\" content=\"Procura uma nova oportunidade? Seja Gestor de Servi\u00e7os Gerais, lidere equipas e garanta o crescimento numa grande empresa. Vaga para profissionais experientes com flu\u00eancia em portugu\u00eas e ingl\u00eas.\" \/>\n<meta property=\"og:url\" content=\"https:\/\/magistrae.com\/es\/6630e1a9-8d8d-4f9c-b306-6347a79739e5\/\" \/>\n<meta property=\"og:site_name\" content=\"Magistrae\" \/>\n<meta property=\"article:published_time\" content=\"2026-04-04T09:26:00+00:00\" \/>\n<meta property=\"article:modified_time\" content=\"2026-04-04T09:26:17+00:00\" \/>\n<meta name=\"author\" content=\"Bruno Gianni\" \/>\n<meta name=\"twitter:card\" content=\"summary_large_image\" \/>\n<meta name=\"twitter:label1\" content=\"Written by\" \/>\n\t<meta name=\"twitter:data1\" content=\"Bruno Gianni\" \/>\n\t<meta name=\"twitter:label2\" content=\"Est. reading time\" \/>\n\t<meta name=\"twitter:data2\" content=\"2 minutos\" \/>\n<script type=\"application\/ld+json\" class=\"yoast-schema-graph\">{\"@context\":\"https:\/\/schema.org\",\"@graph\":[{\"@type\":\"Article\",\"@id\":\"https:\/\/magistrae.com\/6630e1a9-8d8d-4f9c-b306-6347a79739e5\/#article\",\"isPartOf\":{\"@id\":\"https:\/\/magistrae.com\/6630e1a9-8d8d-4f9c-b306-6347a79739e5\/\"},\"author\":{\"name\":\"Bruno Gianni\",\"@id\":\"https:\/\/magistrae.com\/#\/schema\/person\/d52888235fd6563bd07d97185d6a61e4\"},\"headline\":\"Gestor de Servi\u00e7os Gerais: Lideran\u00e7a, Organiza\u00e7\u00e3o e Crescimento Profissional\",\"datePublished\":\"2026-04-04T09:26:00+00:00\",\"dateModified\":\"2026-04-04T09:26:17+00:00\",\"mainEntityOfPage\":{\"@id\":\"https:\/\/magistrae.com\/6630e1a9-8d8d-4f9c-b306-6347a79739e5\/\"},\"wordCount\":421,\"commentCount\":0,\"publisher\":{\"@id\":\"https:\/\/magistrae.com\/#organization\"},\"articleSection\":[\"Hidden\"],\"inLanguage\":\"es\",\"potentialAction\":[{\"@type\":\"CommentAction\",\"name\":\"Comment\",\"target\":[\"https:\/\/magistrae.com\/6630e1a9-8d8d-4f9c-b306-6347a79739e5\/#respond\"]}]},{\"@type\":\"WebPage\",\"@id\":\"https:\/\/magistrae.com\/6630e1a9-8d8d-4f9c-b306-6347a79739e5\/\",\"url\":\"https:\/\/magistrae.com\/6630e1a9-8d8d-4f9c-b306-6347a79739e5\/\",\"name\":\"Gestor de Servi\u00e7os Gerais: Lideran\u00e7a, Organiza\u00e7\u00e3o e Crescimento Profissional - Magistrae\",\"isPartOf\":{\"@id\":\"https:\/\/magistrae.com\/#website\"},\"datePublished\":\"2026-04-04T09:26:00+00:00\",\"dateModified\":\"2026-04-04T09:26:17+00:00\",\"breadcrumb\":{\"@id\":\"https:\/\/magistrae.com\/6630e1a9-8d8d-4f9c-b306-6347a79739e5\/#breadcrumb\"},\"inLanguage\":\"es\",\"potentialAction\":[{\"@type\":\"ReadAction\",\"target\":[\"https:\/\/magistrae.com\/6630e1a9-8d8d-4f9c-b306-6347a79739e5\/\"]}]},{\"@type\":\"BreadcrumbList\",\"@id\":\"https:\/\/magistrae.com\/6630e1a9-8d8d-4f9c-b306-6347a79739e5\/#breadcrumb\",\"itemListElement\":[{\"@type\":\"ListItem\",\"position\":1,\"name\":\"Home\",\"item\":\"https:\/\/magistrae.com\/\"},{\"@type\":\"ListItem\",\"position\":2,\"name\":\"Gestor de Servi\u00e7os Gerais: Lideran\u00e7a, Organiza\u00e7\u00e3o e Crescimento Profissional\"}]},{\"@type\":\"WebSite\",\"@id\":\"https:\/\/magistrae.com\/#website\",\"url\":\"https:\/\/magistrae.com\/\",\"name\":\"Magistrae\",\"description\":\"\",\"publisher\":{\"@id\":\"https:\/\/magistrae.com\/#organization\"},\"potentialAction\":[{\"@type\":\"SearchAction\",\"target\":{\"@type\":\"EntryPoint\",\"urlTemplate\":\"https:\/\/magistrae.com\/?s={search_term_string}\"},\"query-input\":\"required name=search_term_string\"}],\"inLanguage\":\"es\"},{\"@type\":\"Organization\",\"@id\":\"https:\/\/magistrae.com\/#organization\",\"name\":\"Magistrae\",\"url\":\"https:\/\/magistrae.com\/\",\"logo\":{\"@type\":\"ImageObject\",\"inLanguage\":\"es\",\"@id\":\"https:\/\/magistrae.com\/#\/schema\/logo\/image\/\",\"url\":\"https:\/\/magistrae.com\/wp-content\/uploads\/sites\/413\/2026\/03\/9_Magistrae.jpg\",\"contentUrl\":\"https:\/\/magistrae.com\/wp-content\/uploads\/sites\/413\/2026\/03\/9_Magistrae.jpg\",\"width\":2000,\"height\":2000,\"caption\":\"Magistrae\"},\"image\":{\"@id\":\"https:\/\/magistrae.com\/#\/schema\/logo\/image\/\"}},{\"@type\":\"Person\",\"@id\":\"https:\/\/magistrae.com\/#\/schema\/person\/d52888235fd6563bd07d97185d6a61e4\",\"name\":\"Bruno Gianni\",\"image\":{\"@type\":\"ImageObject\",\"inLanguage\":\"es\",\"@id\":\"https:\/\/magistrae.com\/#\/schema\/person\/image\/\",\"url\":\"https:\/\/secure.gravatar.com\/avatar\/0f5d42d7bf77874643c1478932860e3f?s=96&d=mm&r=g\",\"contentUrl\":\"https:\/\/secure.gravatar.com\/avatar\/0f5d42d7bf77874643c1478932860e3f?s=96&d=mm&r=g\",\"caption\":\"Bruno Gianni\"},\"description\":\"Bruno writes the way he lives, with curiosity, care, and respect for people. He likes to observe, listen, and try to understand what is happening on the other side before putting any words on the page.For him, writing is not about impressing, but about getting closer. It is about turning thoughts into something simple, clear, and real. Every text is an ongoing conversation, created with care and honesty, with the sincere intention of touching someone, somewhere along the way.\",\"url\":\"https:\/\/magistrae.com\/es\/author\/bcgianni\/\"}]}<\/script>\n<!-- \/ Yoast SEO plugin. -->","yoast_head_json":{"title":"Gestor de Servi\u00e7os Gerais: Lideran\u00e7a, Organiza\u00e7\u00e3o e Crescimento Profissional - Magistrae","robots":{"index":"index","follow":"follow","max-snippet":"max-snippet:-1","max-image-preview":"max-image-preview:large","max-video-preview":"max-video-preview:-1"},"canonical":"https:\/\/magistrae.com\/es\/6630e1a9-8d8d-4f9c-b306-6347a79739e5\/","og_locale":"es_ES","og_type":"article","og_title":"Gestor de Servi\u00e7os Gerais: Lideran\u00e7a, Organiza\u00e7\u00e3o e Crescimento Profissional - Magistrae","og_description":"Procura uma nova oportunidade? Seja Gestor de Servi\u00e7os Gerais, lidere equipas e garanta o crescimento numa grande empresa. Vaga para profissionais experientes com flu\u00eancia em portugu\u00eas e ingl\u00eas.","og_url":"https:\/\/magistrae.com\/es\/6630e1a9-8d8d-4f9c-b306-6347a79739e5\/","og_site_name":"Magistrae","article_published_time":"2026-04-04T09:26:00+00:00","article_modified_time":"2026-04-04T09:26:17+00:00","author":"Bruno Gianni","twitter_card":"summary_large_image","twitter_misc":{"Written by":"Bruno Gianni","Est. reading time":"2 minutos"},"schema":{"@context":"https:\/\/schema.org","@graph":[{"@type":"Article","@id":"https:\/\/magistrae.com\/6630e1a9-8d8d-4f9c-b306-6347a79739e5\/#article","isPartOf":{"@id":"https:\/\/magistrae.com\/6630e1a9-8d8d-4f9c-b306-6347a79739e5\/"},"author":{"name":"Bruno Gianni","@id":"https:\/\/magistrae.com\/#\/schema\/person\/d52888235fd6563bd07d97185d6a61e4"},"headline":"Gestor de Servi\u00e7os Gerais: Lideran\u00e7a, Organiza\u00e7\u00e3o e Crescimento Profissional","datePublished":"2026-04-04T09:26:00+00:00","dateModified":"2026-04-04T09:26:17+00:00","mainEntityOfPage":{"@id":"https:\/\/magistrae.com\/6630e1a9-8d8d-4f9c-b306-6347a79739e5\/"},"wordCount":421,"commentCount":0,"publisher":{"@id":"https:\/\/magistrae.com\/#organization"},"articleSection":["Hidden"],"inLanguage":"es","potentialAction":[{"@type":"CommentAction","name":"Comment","target":["https:\/\/magistrae.com\/6630e1a9-8d8d-4f9c-b306-6347a79739e5\/#respond"]}]},{"@type":"WebPage","@id":"https:\/\/magistrae.com\/6630e1a9-8d8d-4f9c-b306-6347a79739e5\/","url":"https:\/\/magistrae.com\/6630e1a9-8d8d-4f9c-b306-6347a79739e5\/","name":"Gestor de Servi\u00e7os Gerais: Lideran\u00e7a, Organiza\u00e7\u00e3o e Crescimento Profissional - Magistrae","isPartOf":{"@id":"https:\/\/magistrae.com\/#website"},"datePublished":"2026-04-04T09:26:00+00:00","dateModified":"2026-04-04T09:26:17+00:00","breadcrumb":{"@id":"https:\/\/magistrae.com\/6630e1a9-8d8d-4f9c-b306-6347a79739e5\/#breadcrumb"},"inLanguage":"es","potentialAction":[{"@type":"ReadAction","target":["https:\/\/magistrae.com\/6630e1a9-8d8d-4f9c-b306-6347a79739e5\/"]}]},{"@type":"BreadcrumbList","@id":"https:\/\/magistrae.com\/6630e1a9-8d8d-4f9c-b306-6347a79739e5\/#breadcrumb","itemListElement":[{"@type":"ListItem","position":1,"name":"Home","item":"https:\/\/magistrae.com\/"},{"@type":"ListItem","position":2,"name":"Gestor de Servi\u00e7os Gerais: Lideran\u00e7a, Organiza\u00e7\u00e3o e Crescimento Profissional"}]},{"@type":"WebSite","@id":"https:\/\/magistrae.com\/#website","url":"https:\/\/magistrae.com\/","name":"Magistrae","description":"","publisher":{"@id":"https:\/\/magistrae.com\/#organization"},"potentialAction":[{"@type":"SearchAction","target":{"@type":"EntryPoint","urlTemplate":"https:\/\/magistrae.com\/?s={search_term_string}"},"query-input":"required name=search_term_string"}],"inLanguage":"es"},{"@type":"Organization","@id":"https:\/\/magistrae.com\/#organization","name":"Magistrae","url":"https:\/\/magistrae.com\/","logo":{"@type":"ImageObject","inLanguage":"es","@id":"https:\/\/magistrae.com\/#\/schema\/logo\/image\/","url":"https:\/\/magistrae.com\/wp-content\/uploads\/sites\/413\/2026\/03\/9_Magistrae.jpg","contentUrl":"https:\/\/magistrae.com\/wp-content\/uploads\/sites\/413\/2026\/03\/9_Magistrae.jpg","width":2000,"height":2000,"caption":"Magistrae"},"image":{"@id":"https:\/\/magistrae.com\/#\/schema\/logo\/image\/"}},{"@type":"Person","@id":"https:\/\/magistrae.com\/#\/schema\/person\/d52888235fd6563bd07d97185d6a61e4","name":"Bruno Gianni","image":{"@type":"ImageObject","inLanguage":"es","@id":"https:\/\/magistrae.com\/#\/schema\/person\/image\/","url":"https:\/\/secure.gravatar.com\/avatar\/0f5d42d7bf77874643c1478932860e3f?s=96&d=mm&r=g","contentUrl":"https:\/\/secure.gravatar.com\/avatar\/0f5d42d7bf77874643c1478932860e3f?s=96&d=mm&r=g","caption":"Bruno Gianni"},"description":"Bruno writes the way he lives, with curiosity, care, and respect for people. He likes to observe, listen, and try to understand what is happening on the other side before putting any words on the page.For him, writing is not about impressing, but about getting closer. It is about turning thoughts into something simple, clear, and real. Every text is an ongoing conversation, created with care and honesty, with the sincere intention of touching someone, somewhere along the way.","url":"https:\/\/magistrae.com\/es\/author\/bcgianni\/"}]}},"uagb_featured_image_src":{"full":false,"thumbnail":false,"medium":false,"medium_large":false,"large":false,"1536x1536":false,"2048x2048":false,"trp-custom-language-flag":false},"uagb_author_info":{"display_name":"Bruno Gianni","author_link":"https:\/\/magistrae.com\/es\/author\/bcgianni\/"},"uagb_comment_info":0,"uagb_excerpt":"Procura uma nova oportunidade? Seja Gestor de Servi\u00e7os Gerais, lidere equipas e garanta o crescimento numa grande empresa. Vaga para profissionais experientes com flu\u00eancia em portugu\u00eas e ingl\u00eas.","_links":{"self":[{"href":"https:\/\/magistrae.com\/es\/wp-json\/wp\/v2\/posts\/11465"}],"collection":[{"href":"https:\/\/magistrae.com\/es\/wp-json\/wp\/v2\/posts"}],"about":[{"href":"https:\/\/magistrae.com\/es\/wp-json\/wp\/v2\/types\/post"}],"author":[{"embeddable":true,"href":"https:\/\/magistrae.com\/es\/wp-json\/wp\/v2\/users\/3"}],"replies":[{"embeddable":true,"href":"https:\/\/magistrae.com\/es\/wp-json\/wp\/v2\/comments?post=11465"}],"version-history":[{"count":1,"href":"https:\/\/magistrae.com\/es\/wp-json\/wp\/v2\/posts\/11465\/revisions"}],"predecessor-version":[{"id":11470,"href":"https:\/\/magistrae.com\/es\/wp-json\/wp\/v2\/posts\/11465\/revisions\/11470"}],"wp:attachment":[{"href":"https:\/\/magistrae.com\/es\/wp-json\/wp\/v2\/media?parent=11465"}],"wp:term":[{"taxonomy":"category","embeddable":true,"href":"https:\/\/magistrae.com\/es\/wp-json\/wp\/v2\/categories?post=11465"},{"taxonomy":"post_tag","embeddable":true,"href":"https:\/\/magistrae.com\/es\/wp-json\/wp\/v2\/tags?post=11465"}],"curies":[{"name":"wp","href":"https:\/\/api.w.org\/{rel}","templated":true}]}}