{"id":11457,"date":"2026-04-03T15:32:00","date_gmt":"2026-04-03T15:32:00","guid":{"rendered":"https:\/\/magistrae.com\/88cd08c2-6471-4fec-9574-d41389b9e648\/"},"modified":"2026-04-03T15:32:13","modified_gmt":"2026-04-03T15:32:13","slug":"88cd08c2-6471-4fec-9574-d41389b9e648","status":"publish","type":"post","link":"https:\/\/magistrae.com\/es\/88cd08c2-6471-4fec-9574-d41389b9e648\/","title":{"rendered":"Gestor de Distribui\u00e7\u00e3o (M\/F): Oportunidade de Lideran\u00e7a na Log\u00edstica"},"content":{"rendered":"<\/p>\n<\/p>\n<div style=\"background: #ffffff; border-radius: 12px; box-shadow: 0 10px 30px rgba(0, 0, 0, 0.1); width: 100%; max-width: 340px; padding: 25px; transition: transform 0.3s ease-in-out; overflow: visible; display: flex; flex-direction: column; position: relative; border: 1px solid #28a745; margin-top: 70px; margin-bottom: 50px; margin-left: auto; margin-right: auto;\">\n<div style=\"position: absolute; top: -35px; right: 15px; color: #28a745; padding: 5px 10px; border-radius: 6px; font-size: 14px; font-weight: bold; display: flex; align-items: center; z-index: 10;\">Recomendado para si<\/div>\n<div data-namespace-header=\"\" style=\"\">\n<h3 data-namespace-title=\"\" style=\"color: #333; font-size: 20px; font-weight: bold; text-align: left; margin-right: 50px; min-height: 50px; margin-top: 0px;\">Gestor de Distribui\u00e7\u00e3o<\/h3>\n<\/p><\/div>\n<p data-namespace-prompt=\"\" style=\"font-size: 16px; color: #666; margin-bottom: 20px; line-height: 1.5; flex-grow: 1; text-align: left; margin-top: 0px;\">Cargo de lideran\u00e7a em log\u00edstica e distribui\u00e7\u00e3o com foco em efici\u00eancia, gest\u00e3o de equipas, otimiza\u00e7\u00e3o de rotas e oportunidades de desenvolvimento profissional.<\/p>\n<p>    <a data-namespace-url=\"\" href=\"https:\/\/magistrae.com\/es\/redirect\/?https:\/\/jobs.keptpeople.com\/jobs\/gestor-de-distribuicao-m-f-luanda?utm_campaign=google_jobs_apply&#038;utm_source=google_jobs_apply&#038;utm_medium=organic\" style=\"width: 100%; display: inline-block; color: white; text-decoration: none; border-radius: 6px; font-size: 16px; font-weight: bold; text-align: center; transition: transform 0.3s ease, background 0.3s ease; margin-top: auto;\" data-namespace-id=\"5c0d2565-3ba9-4280-a382-ad2a691e2285\"><br \/>\n        <button style=\"width: 100%; height: 55px; background: #e9e9ed; border: 1px solid black; color: black;\">Candidatar-se \u00e0 vaga<\/button><br \/>\n    <\/a><br \/>\n    <small style=\"margin-top: 10px; color: #777; font-size: 12px; text-align: center; display: block;\">Ser\u00e1 redirigido a otro sitio<\/small>\n<\/div>\n<p>Bastante valorizada no sector de log\u00edstica, a vaga de Gestor de Distribui\u00e7\u00e3o apresenta uma excelente oportunidade para profissionais com esp\u00edrito de lideran\u00e7a e experi\u00eancia na \u00e1rea. Embora o sal\u00e1rio n\u00e3o seja mencionado, normalmente estas fun\u00e7\u00f5es oferecem remunera\u00e7\u00e3o competitiva, ajustada \u00e0 experi\u00eancia e desempenho do candidato. O trabalho \u00e9 de tempo integral, presencial, numa equipa s\u00f3lida, com \u00eanfase em crescimento e desenvolvimento profissional.<\/p>\n<h2>Responsabilidades e Rotina Di\u00e1ria<\/h2>\n<p>O principal foco do Gestor de Distribui\u00e7\u00e3o \u00e9 garantir que toda a opera\u00e7\u00e3o seja eficiente e fi\u00e1vel do armaz\u00e9m ao cliente final, assegurando prazos e custos dentro dos objetivos.<\/p>\n<p>No dia a dia, o profissional ir\u00e1 coordenar as rotas e as cargas, planear os recursos de transporte, manter o fluxo de materiais e supervisionar equipas de motoristas e operadores log\u00edsticos.<\/p>\n<p>Adicionalmente, h\u00e1 uma necessidade constante de identificar melhorias nos processos log\u00edsticos, trabalhando lado a lado com os departamentos de compras, opera\u00e7\u00f5es e armaz\u00e9m para garantir o alinhamento das atividades.<\/p>\n<p>Outro aspecto importante \u00e9 a exig\u00eancia de manter os padr\u00f5es de seguran\u00e7a, seguindo os procedimentos internos e normas regulamentares do sector.<\/p>\n<p>As decis\u00f5es r\u00e1pidas e eficazes s\u00e3o essenciais, j\u00e1 que a fun\u00e7\u00e3o envolve resolu\u00e7\u00e3o de problemas e planeamento estrat\u00e9gico cont\u00ednuo.<\/p>\n<h2>Pontos Fortes do Cargo<\/h2>\n<p>O papel oferece oportunidades \u00edmpares de crescimento profissional, integra\u00e7\u00e3o numa empresa est\u00e1vel e possibilidade de liderar e desenvolver uma equipa din\u00e2mica.<\/p>\n<p>O ambiente desafiante estimula a aprendizagem cont\u00ednua, al\u00e9m de valorizar compet\u00eancias de lideran\u00e7a e inova\u00e7\u00e3o, essenciais para avan\u00e7o na carreira de log\u00edstica.<\/p>\n<h2>Pontos Menos Favor\u00e1veis<\/h2>\n<p>A press\u00e3o por resultados \u00e9 elevada, exigindo uma capacidade agu\u00e7ada de resolver problemas sob prazos apertados e gerir diversos recursos humanos.<\/p>\n<p>A fun\u00e7\u00e3o tamb\u00e9m exige disponibilidade total e flexibilidade de hor\u00e1rios, o que pode ser desafiante para quem procura equil\u00edbrio imediato entre vida pessoal e profissional.<\/p>\n<h2>Veredito<\/h2>\n<p>A vaga de Gestor de Distribui\u00e7\u00e3o marca pontos importantes para quem procura crescer em log\u00edstica. A fun\u00e7\u00e3o exige dedica\u00e7\u00e3o, mas a recompensa profissional \u00e9 not\u00e1vel para perfis anal\u00edticos e focados em resultados.<\/p>\n<div style=\"background: #ffffff; border-radius: 12px; box-shadow: 0 10px 30px rgba(0, 0, 0, 0.1); width: 100%; max-width: 340px; padding: 25px; transition: transform 0.3s ease-in-out; overflow: visible; display: flex; flex-direction: column; position: relative; border: 1px solid #28a745; margin-top: 70px; margin-bottom: 50px; margin-left: auto; margin-right: auto;\">\n<div style=\"position: absolute; top: -35px; right: 15px; color: #28a745; padding: 5px 10px; border-radius: 6px; font-size: 14px; font-weight: bold; display: flex; align-items: center; z-index: 10;\">Recomendado para si<\/div>\n<div data-namespace-header=\"\" style=\"\">\n<h3 data-namespace-title=\"\" style=\"color: #333; font-size: 20px; font-weight: bold; text-align: left; margin-right: 50px; min-height: 50px; margin-top: 0px;\">Gestor de Distribui\u00e7\u00e3o<\/h3>\n<\/p><\/div>\n<p data-namespace-prompt=\"\" style=\"font-size: 16px; color: #666; margin-bottom: 20px; line-height: 1.5; flex-grow: 1; text-align: left; margin-top: 0px;\">Cargo de lideran\u00e7a em log\u00edstica e distribui\u00e7\u00e3o com foco em efici\u00eancia, gest\u00e3o de equipas, otimiza\u00e7\u00e3o de rotas e oportunidades de desenvolvimento profissional.<\/p>\n<p>    <a data-namespace-url=\"\" href=\"https:\/\/magistrae.com\/es\/redirect\/?https:\/\/jobs.keptpeople.com\/jobs\/gestor-de-distribuicao-m-f-luanda?utm_campaign=google_jobs_apply&#038;utm_source=google_jobs_apply&#038;utm_medium=organic\" style=\"width: 100%; display: inline-block; color: white; text-decoration: none; border-radius: 6px; font-size: 16px; font-weight: bold; text-align: center; transition: transform 0.3s ease, background 0.3s ease; margin-top: auto;\" data-namespace-id=\"5c0d2565-3ba9-4280-a382-ad2a691e2285\"><br \/>\n        <button style=\"width: 100%; height: 55px; background: #e9e9ed; border: 1px solid black; color: black;\">Candidatar-se \u00e0 vaga<\/button><br \/>\n    <\/a><br \/>\n    <small style=\"margin-top: 10px; color: #777; font-size: 12px; text-align: center; display: block;\">Ser\u00e1 redirigido a otro sitio<\/small>\n<\/div>","protected":false},"excerpt":{"rendered":"<p>An\u00e1lise imparcial sobre a vaga de Gestor de Distribui\u00e7\u00e3o: descubra vantagens, desafios e o que esperar do cargo para avaliar se \u00e9 a oportunidade ideal para si.<\/p>","protected":false},"author":3,"featured_media":0,"comment_status":"open","ping_status":"open","sticky":false,"template":"","format":"standard","meta":{"_uag_custom_page_level_css":"","site-sidebar-layout":"default","site-content-layout":"","ast-site-content-layout":"","site-content-style":"default","site-sidebar-style":"default","ast-global-header-display":"","ast-banner-title-visibility":"","ast-main-header-display":"","ast-hfb-above-header-display":"","ast-hfb-below-header-display":"","ast-hfb-mobile-header-display":"","site-post-title":"","ast-breadcrumbs-content":"","ast-featured-img":"","footer-sml-layout":"","theme-transparent-header-meta":"","adv-header-id-meta":"","stick-header-meta":"","header-above-stick-meta":"","header-main-stick-meta":"","header-below-stick-meta":"","astra-migrate-meta-layouts":"default","ast-page-background-enabled":"default","ast-page-background-meta":{"desktop":{"background-color":"var(--ast-global-color-4)","background-image":"","background-repeat":"repeat","background-position":"center center","background-size":"auto","background-attachment":"scroll","background-type":"","background-media":"","overlay-type":"","overlay-color":"","overlay-opacity":"","overlay-gradient":""},"tablet":{"background-color":"","background-image":"","background-repeat":"repeat","background-position":"center center","background-size":"auto","background-attachment":"scroll","background-type":"","background-media":"","overlay-type":"","overlay-color":"","overlay-opacity":"","overlay-gradient":""},"mobile":{"background-color":"","background-image":"","background-repeat":"repeat","background-position":"center center","background-size":"auto","background-attachment":"scroll","background-type":"","background-media":"","overlay-type":"","overlay-color":"","overlay-opacity":"","overlay-gradient":""}},"ast-content-background-meta":{"desktop":{"background-color":"var(--ast-global-color-5)","background-image":"","background-repeat":"repeat","background-position":"center center","background-size":"auto","background-attachment":"scroll","background-type":"","background-media":"","overlay-type":"","overlay-color":"","overlay-opacity":"","overlay-gradient":""},"tablet":{"background-color":"var(--ast-global-color-5)","background-image":"","background-repeat":"repeat","background-position":"center center","background-size":"auto","background-attachment":"scroll","background-type":"","background-media":"","overlay-type":"","overlay-color":"","overlay-opacity":"","overlay-gradient":""},"mobile":{"background-color":"var(--ast-global-color-5)","background-image":"","background-repeat":"repeat","background-position":"center center","background-size":"auto","background-attachment":"scroll","background-type":"","background-media":"","overlay-type":"","overlay-color":"","overlay-opacity":"","overlay-gradient":""}},"footnotes":""},"categories":[14],"tags":[],"yoast_head":"<!-- This site is optimized with the Yoast SEO plugin v23.3 - https:\/\/yoast.com\/wordpress\/plugins\/seo\/ -->\n<title>Gestor de Distribui\u00e7\u00e3o (M\/F): Oportunidade de Lideran\u00e7a na Log\u00edstica - Magistrae<\/title>\n<meta name=\"robots\" content=\"index, follow, max-snippet:-1, max-image-preview:large, max-video-preview:-1\" \/>\n<link rel=\"canonical\" href=\"https:\/\/magistrae.com\/es\/88cd08c2-6471-4fec-9574-d41389b9e648\/\" \/>\n<meta property=\"og:locale\" content=\"es_ES\" \/>\n<meta property=\"og:type\" content=\"article\" \/>\n<meta property=\"og:title\" content=\"Gestor de Distribui\u00e7\u00e3o (M\/F): Oportunidade de Lideran\u00e7a na Log\u00edstica - Magistrae\" \/>\n<meta property=\"og:description\" content=\"An\u00e1lise imparcial sobre a vaga de Gestor de Distribui\u00e7\u00e3o: descubra vantagens, desafios e o que esperar do cargo para avaliar se \u00e9 a oportunidade ideal para si.\" \/>\n<meta property=\"og:url\" content=\"https:\/\/magistrae.com\/es\/88cd08c2-6471-4fec-9574-d41389b9e648\/\" \/>\n<meta property=\"og:site_name\" content=\"Magistrae\" \/>\n<meta property=\"article:published_time\" content=\"2026-04-03T15:32:00+00:00\" \/>\n<meta property=\"article:modified_time\" content=\"2026-04-03T15:32:13+00:00\" \/>\n<meta name=\"author\" content=\"Bruno Gianni\" \/>\n<meta name=\"twitter:card\" content=\"summary_large_image\" \/>\n<meta name=\"twitter:label1\" content=\"Written by\" \/>\n\t<meta name=\"twitter:data1\" content=\"Bruno Gianni\" \/>\n\t<meta name=\"twitter:label2\" content=\"Est. reading time\" \/>\n\t<meta name=\"twitter:data2\" content=\"2 minutos\" \/>\n<script type=\"application\/ld+json\" class=\"yoast-schema-graph\">{\"@context\":\"https:\/\/schema.org\",\"@graph\":[{\"@type\":\"Article\",\"@id\":\"https:\/\/magistrae.com\/88cd08c2-6471-4fec-9574-d41389b9e648\/#article\",\"isPartOf\":{\"@id\":\"https:\/\/magistrae.com\/88cd08c2-6471-4fec-9574-d41389b9e648\/\"},\"author\":{\"name\":\"Bruno Gianni\",\"@id\":\"https:\/\/magistrae.com\/#\/schema\/person\/d52888235fd6563bd07d97185d6a61e4\"},\"headline\":\"Gestor de Distribui\u00e7\u00e3o (M\/F): Oportunidade de Lideran\u00e7a na Log\u00edstica\",\"datePublished\":\"2026-04-03T15:32:00+00:00\",\"dateModified\":\"2026-04-03T15:32:13+00:00\",\"mainEntityOfPage\":{\"@id\":\"https:\/\/magistrae.com\/88cd08c2-6471-4fec-9574-d41389b9e648\/\"},\"wordCount\":468,\"commentCount\":0,\"publisher\":{\"@id\":\"https:\/\/magistrae.com\/#organization\"},\"articleSection\":[\"Hidden\"],\"inLanguage\":\"es\",\"potentialAction\":[{\"@type\":\"CommentAction\",\"name\":\"Comment\",\"target\":[\"https:\/\/magistrae.com\/88cd08c2-6471-4fec-9574-d41389b9e648\/#respond\"]}]},{\"@type\":\"WebPage\",\"@id\":\"https:\/\/magistrae.com\/88cd08c2-6471-4fec-9574-d41389b9e648\/\",\"url\":\"https:\/\/magistrae.com\/88cd08c2-6471-4fec-9574-d41389b9e648\/\",\"name\":\"Gestor de Distribui\u00e7\u00e3o (M\/F): Oportunidade de Lideran\u00e7a na Log\u00edstica - Magistrae\",\"isPartOf\":{\"@id\":\"https:\/\/magistrae.com\/#website\"},\"datePublished\":\"2026-04-03T15:32:00+00:00\",\"dateModified\":\"2026-04-03T15:32:13+00:00\",\"breadcrumb\":{\"@id\":\"https:\/\/magistrae.com\/88cd08c2-6471-4fec-9574-d41389b9e648\/#breadcrumb\"},\"inLanguage\":\"es\",\"potentialAction\":[{\"@type\":\"ReadAction\",\"target\":[\"https:\/\/magistrae.com\/88cd08c2-6471-4fec-9574-d41389b9e648\/\"]}]},{\"@type\":\"BreadcrumbList\",\"@id\":\"https:\/\/magistrae.com\/88cd08c2-6471-4fec-9574-d41389b9e648\/#breadcrumb\",\"itemListElement\":[{\"@type\":\"ListItem\",\"position\":1,\"name\":\"Home\",\"item\":\"https:\/\/magistrae.com\/\"},{\"@type\":\"ListItem\",\"position\":2,\"name\":\"Gestor de Distribui\u00e7\u00e3o (M\/F): Oportunidade de Lideran\u00e7a na Log\u00edstica\"}]},{\"@type\":\"WebSite\",\"@id\":\"https:\/\/magistrae.com\/#website\",\"url\":\"https:\/\/magistrae.com\/\",\"name\":\"Magistrae\",\"description\":\"\",\"publisher\":{\"@id\":\"https:\/\/magistrae.com\/#organization\"},\"potentialAction\":[{\"@type\":\"SearchAction\",\"target\":{\"@type\":\"EntryPoint\",\"urlTemplate\":\"https:\/\/magistrae.com\/?s={search_term_string}\"},\"query-input\":\"required name=search_term_string\"}],\"inLanguage\":\"es\"},{\"@type\":\"Organization\",\"@id\":\"https:\/\/magistrae.com\/#organization\",\"name\":\"Magistrae\",\"url\":\"https:\/\/magistrae.com\/\",\"logo\":{\"@type\":\"ImageObject\",\"inLanguage\":\"es\",\"@id\":\"https:\/\/magistrae.com\/#\/schema\/logo\/image\/\",\"url\":\"https:\/\/magistrae.com\/wp-content\/uploads\/sites\/413\/2026\/03\/9_Magistrae.jpg\",\"contentUrl\":\"https:\/\/magistrae.com\/wp-content\/uploads\/sites\/413\/2026\/03\/9_Magistrae.jpg\",\"width\":2000,\"height\":2000,\"caption\":\"Magistrae\"},\"image\":{\"@id\":\"https:\/\/magistrae.com\/#\/schema\/logo\/image\/\"}},{\"@type\":\"Person\",\"@id\":\"https:\/\/magistrae.com\/#\/schema\/person\/d52888235fd6563bd07d97185d6a61e4\",\"name\":\"Bruno Gianni\",\"image\":{\"@type\":\"ImageObject\",\"inLanguage\":\"es\",\"@id\":\"https:\/\/magistrae.com\/#\/schema\/person\/image\/\",\"url\":\"https:\/\/secure.gravatar.com\/avatar\/0f5d42d7bf77874643c1478932860e3f?s=96&d=mm&r=g\",\"contentUrl\":\"https:\/\/secure.gravatar.com\/avatar\/0f5d42d7bf77874643c1478932860e3f?s=96&d=mm&r=g\",\"caption\":\"Bruno Gianni\"},\"description\":\"Bruno writes the way he lives, with curiosity, care, and respect for people. He likes to observe, listen, and try to understand what is happening on the other side before putting any words on the page.For him, writing is not about impressing, but about getting closer. It is about turning thoughts into something simple, clear, and real. Every text is an ongoing conversation, created with care and honesty, with the sincere intention of touching someone, somewhere along the way.\",\"url\":\"https:\/\/magistrae.com\/es\/author\/bcgianni\/\"}]}<\/script>\n<!-- \/ Yoast SEO plugin. -->","yoast_head_json":{"title":"Gestor de Distribui\u00e7\u00e3o (M\/F): Oportunidade de Lideran\u00e7a na Log\u00edstica - Magistrae","robots":{"index":"index","follow":"follow","max-snippet":"max-snippet:-1","max-image-preview":"max-image-preview:large","max-video-preview":"max-video-preview:-1"},"canonical":"https:\/\/magistrae.com\/es\/88cd08c2-6471-4fec-9574-d41389b9e648\/","og_locale":"es_ES","og_type":"article","og_title":"Gestor de Distribui\u00e7\u00e3o (M\/F): Oportunidade de Lideran\u00e7a na Log\u00edstica - Magistrae","og_description":"An\u00e1lise imparcial sobre a vaga de Gestor de Distribui\u00e7\u00e3o: descubra vantagens, desafios e o que esperar do cargo para avaliar se \u00e9 a oportunidade ideal para si.","og_url":"https:\/\/magistrae.com\/es\/88cd08c2-6471-4fec-9574-d41389b9e648\/","og_site_name":"Magistrae","article_published_time":"2026-04-03T15:32:00+00:00","article_modified_time":"2026-04-03T15:32:13+00:00","author":"Bruno Gianni","twitter_card":"summary_large_image","twitter_misc":{"Written by":"Bruno Gianni","Est. reading time":"2 minutos"},"schema":{"@context":"https:\/\/schema.org","@graph":[{"@type":"Article","@id":"https:\/\/magistrae.com\/88cd08c2-6471-4fec-9574-d41389b9e648\/#article","isPartOf":{"@id":"https:\/\/magistrae.com\/88cd08c2-6471-4fec-9574-d41389b9e648\/"},"author":{"name":"Bruno Gianni","@id":"https:\/\/magistrae.com\/#\/schema\/person\/d52888235fd6563bd07d97185d6a61e4"},"headline":"Gestor de Distribui\u00e7\u00e3o (M\/F): Oportunidade de Lideran\u00e7a na Log\u00edstica","datePublished":"2026-04-03T15:32:00+00:00","dateModified":"2026-04-03T15:32:13+00:00","mainEntityOfPage":{"@id":"https:\/\/magistrae.com\/88cd08c2-6471-4fec-9574-d41389b9e648\/"},"wordCount":468,"commentCount":0,"publisher":{"@id":"https:\/\/magistrae.com\/#organization"},"articleSection":["Hidden"],"inLanguage":"es","potentialAction":[{"@type":"CommentAction","name":"Comment","target":["https:\/\/magistrae.com\/88cd08c2-6471-4fec-9574-d41389b9e648\/#respond"]}]},{"@type":"WebPage","@id":"https:\/\/magistrae.com\/88cd08c2-6471-4fec-9574-d41389b9e648\/","url":"https:\/\/magistrae.com\/88cd08c2-6471-4fec-9574-d41389b9e648\/","name":"Gestor de Distribui\u00e7\u00e3o (M\/F): Oportunidade de Lideran\u00e7a na Log\u00edstica - Magistrae","isPartOf":{"@id":"https:\/\/magistrae.com\/#website"},"datePublished":"2026-04-03T15:32:00+00:00","dateModified":"2026-04-03T15:32:13+00:00","breadcrumb":{"@id":"https:\/\/magistrae.com\/88cd08c2-6471-4fec-9574-d41389b9e648\/#breadcrumb"},"inLanguage":"es","potentialAction":[{"@type":"ReadAction","target":["https:\/\/magistrae.com\/88cd08c2-6471-4fec-9574-d41389b9e648\/"]}]},{"@type":"BreadcrumbList","@id":"https:\/\/magistrae.com\/88cd08c2-6471-4fec-9574-d41389b9e648\/#breadcrumb","itemListElement":[{"@type":"ListItem","position":1,"name":"Home","item":"https:\/\/magistrae.com\/"},{"@type":"ListItem","position":2,"name":"Gestor de Distribui\u00e7\u00e3o (M\/F): Oportunidade de Lideran\u00e7a na Log\u00edstica"}]},{"@type":"WebSite","@id":"https:\/\/magistrae.com\/#website","url":"https:\/\/magistrae.com\/","name":"Magistrae","description":"","publisher":{"@id":"https:\/\/magistrae.com\/#organization"},"potentialAction":[{"@type":"SearchAction","target":{"@type":"EntryPoint","urlTemplate":"https:\/\/magistrae.com\/?s={search_term_string}"},"query-input":"required name=search_term_string"}],"inLanguage":"es"},{"@type":"Organization","@id":"https:\/\/magistrae.com\/#organization","name":"Magistrae","url":"https:\/\/magistrae.com\/","logo":{"@type":"ImageObject","inLanguage":"es","@id":"https:\/\/magistrae.com\/#\/schema\/logo\/image\/","url":"https:\/\/magistrae.com\/wp-content\/uploads\/sites\/413\/2026\/03\/9_Magistrae.jpg","contentUrl":"https:\/\/magistrae.com\/wp-content\/uploads\/sites\/413\/2026\/03\/9_Magistrae.jpg","width":2000,"height":2000,"caption":"Magistrae"},"image":{"@id":"https:\/\/magistrae.com\/#\/schema\/logo\/image\/"}},{"@type":"Person","@id":"https:\/\/magistrae.com\/#\/schema\/person\/d52888235fd6563bd07d97185d6a61e4","name":"Bruno Gianni","image":{"@type":"ImageObject","inLanguage":"es","@id":"https:\/\/magistrae.com\/#\/schema\/person\/image\/","url":"https:\/\/secure.gravatar.com\/avatar\/0f5d42d7bf77874643c1478932860e3f?s=96&d=mm&r=g","contentUrl":"https:\/\/secure.gravatar.com\/avatar\/0f5d42d7bf77874643c1478932860e3f?s=96&d=mm&r=g","caption":"Bruno Gianni"},"description":"Bruno writes the way he lives, with curiosity, care, and respect for people. He likes to observe, listen, and try to understand what is happening on the other side before putting any words on the page.For him, writing is not about impressing, but about getting closer. It is about turning thoughts into something simple, clear, and real. Every text is an ongoing conversation, created with care and honesty, with the sincere intention of touching someone, somewhere along the way.","url":"https:\/\/magistrae.com\/es\/author\/bcgianni\/"}]}},"uagb_featured_image_src":{"full":false,"thumbnail":false,"medium":false,"medium_large":false,"large":false,"1536x1536":false,"2048x2048":false,"trp-custom-language-flag":false},"uagb_author_info":{"display_name":"Bruno Gianni","author_link":"https:\/\/magistrae.com\/es\/author\/bcgianni\/"},"uagb_comment_info":0,"uagb_excerpt":"An\u00e1lise imparcial sobre a vaga de Gestor de Distribui\u00e7\u00e3o: descubra vantagens, desafios e o que esperar do cargo para avaliar se \u00e9 a oportunidade ideal para si.","_links":{"self":[{"href":"https:\/\/magistrae.com\/es\/wp-json\/wp\/v2\/posts\/11457"}],"collection":[{"href":"https:\/\/magistrae.com\/es\/wp-json\/wp\/v2\/posts"}],"about":[{"href":"https:\/\/magistrae.com\/es\/wp-json\/wp\/v2\/types\/post"}],"author":[{"embeddable":true,"href":"https:\/\/magistrae.com\/es\/wp-json\/wp\/v2\/users\/3"}],"replies":[{"embeddable":true,"href":"https:\/\/magistrae.com\/es\/wp-json\/wp\/v2\/comments?post=11457"}],"version-history":[{"count":1,"href":"https:\/\/magistrae.com\/es\/wp-json\/wp\/v2\/posts\/11457\/revisions"}],"predecessor-version":[{"id":11458,"href":"https:\/\/magistrae.com\/es\/wp-json\/wp\/v2\/posts\/11457\/revisions\/11458"}],"wp:attachment":[{"href":"https:\/\/magistrae.com\/es\/wp-json\/wp\/v2\/media?parent=11457"}],"wp:term":[{"taxonomy":"category","embeddable":true,"href":"https:\/\/magistrae.com\/es\/wp-json\/wp\/v2\/categories?post=11457"},{"taxonomy":"post_tag","embeddable":true,"href":"https:\/\/magistrae.com\/es\/wp-json\/wp\/v2\/tags?post=11457"}],"curies":[{"name":"wp","href":"https:\/\/api.w.org\/{rel}","templated":true}]}}