{"id":11451,"date":"2026-04-03T13:23:00","date_gmt":"2026-04-03T13:23:00","guid":{"rendered":"https:\/\/magistrae.com\/449a8dc6-6f57-4f3c-b03b-6f099394eedd\/"},"modified":"2026-04-03T13:23:29","modified_gmt":"2026-04-03T13:23:29","slug":"449a8dc6-6f57-4f3c-b03b-6f099394eedd","status":"publish","type":"post","link":"https:\/\/magistrae.com\/es\/449a8dc6-6f57-4f3c-b03b-6f099394eedd\/","title":{"rendered":"Emprego V&#038;D Seguran\u00e7a Patrimonial: Requisitos e Oportunidades"},"content":{"rendered":"<\/p>\n<\/p>\n<div style=\"background: #ffffff; border-radius: 12px; box-shadow: 0 10px 30px rgba(0, 0, 0, 0.1); width: 100%; max-width: 340px; padding: 25px; transition: transform 0.3s ease-in-out; overflow: visible; display: flex; flex-direction: column; position: relative; border: 1px solid #28a745; margin-top: 70px; margin-bottom: 50px; margin-left: auto; margin-right: auto;\">\n<div style=\"position: absolute; top: -35px; right: 15px; color: #28a745; padding: 5px 10px; border-radius: 6px; font-size: 14px; font-weight: bold; display: flex; align-items: center; z-index: 10;\">Recomendado para voc\u00ea<\/div>\n<div data-namespace-header=\"\" style=\"\">\n<h3 data-namespace-title=\"\" style=\"color: #333; font-size: 20px; font-weight: bold; text-align: left; margin-right: 50px; min-height: 50px; margin-top: 0px;\">Seguran\u00e7a Patrimonial<\/h3>\n<\/p><\/div>\n<p data-namespace-prompt=\"\" style=\"font-size: 16px; color: #666; margin-bottom: 20px; line-height: 1.5; flex-grow: 1; text-align: left; margin-top: 0px;\">Procura-se candidato com nacionalidade angolana, entre 27 e 45 anos, para fazer parte da \u00e1rea de seguran\u00e7a. Requer documenta\u00e7\u00e3o variada e disponibilidade para forma\u00e7\u00e3o.<\/p>\n<p>    <a data-namespace-url=\"\" href=\"https:\/\/magistrae.com\/es\/redirect\/?https:\/\/ao.empregosyoyota.net\/empregos\/oportunidade-de-emprego-na-vd-seguranca-patrimonial-e-industrial-lda?utm_campaign=google_jobs_apply&#038;utm_source=google_jobs_apply&#038;utm_medium=organic\" style=\"width: 100%; display: inline-block; color: white; text-decoration: none; border-radius: 6px; font-size: 16px; font-weight: bold; text-align: center; transition: transform 0.3s ease, background 0.3s ease; margin-top: auto;\" data-namespace-id=\"5c0d2565-3ba9-4280-a382-ad2a691e2285\"><br \/>\n        <button style=\"width: 100%; height: 55px; background: #e9e9ed; border: 1px solid black; color: black;\">Candidatar-se \u00e0 vaga<\/button><br \/>\n    <\/a><br \/>\n    <small style=\"margin-top: 10px; color: #777; font-size: 12px; text-align: center; display: block;\">Ser\u00e1 redirigido a otro sitio<\/small>\n<\/div>\n<p>A V&#038;D \u2013 Seguran\u00e7a Patrimonial e Industrial oferece uma oportunidade para quem procura trabalhar no sector de seguran\u00e7a. O recrutamento \u00e9 direcionado para nacionais, com idade entre 27 e 45 anos. O cargo exige prepara\u00e7\u00e3o e fornece forma\u00e7\u00e3o espec\u00edfica para os aprovados, proporcionando condi\u00e7\u00f5es para evolu\u00e7\u00e3o profissional.<\/p>\n<p>Os interessados devem reunir documenta\u00e7\u00e3o espec\u00edfica, como B.I., fotografias, NIF, atestado m\u00e9dico, evid\u00eancias de recenseamento militar e habilita\u00e7\u00f5es. Este \u00e9 um processo que valoriza a organiza\u00e7\u00e3o e o cumprimento rigoroso dos requisitos.<\/p>\n<h2>Fun\u00e7\u00f5es e Rotina Di\u00e1rio do Cargo<\/h2>\n<p>Os profissionais de seguran\u00e7a patrimonial realizam a vigil\u00e2ncia de pessoas, patrim\u00f3nio e instala\u00e7\u00f5es. Garantem prote\u00e7\u00e3o dos bens e controlam o acesso de trabalhadores e visitantes.<\/p>\n<p>Tamb\u00e9m monitoram sistemas de alarme, agem em situa\u00e7\u00f5es de emerg\u00eancia, colaboram com equipas internas e seguem procedimentos de seguran\u00e7a.<\/p>\n<p>A rotina inclui rondas regulares, preenchimento de relat\u00f3rios e comunica\u00e7\u00e3o r\u00e1pida com superior.<\/p>\n<p>Os colaboradores devem manter uma postura atenta e cort\u00eas, sendo um elo entre a empresa e o p\u00fablico.<\/p>\n<p>O trabalho pode envolver atividades f\u00edsicas moderadas, al\u00e9m de hor\u00e1rios variados que exigem disciplina e compromisso.<\/p>\n<h2>Puntos Positivos<\/h2>\n<p>Uma vantagem \u00e9 a possibilidade de forma\u00e7\u00e3o cont\u00ednua, melhorando qualifica\u00e7\u00f5es e abrindo portas para progress\u00e3o interna.<\/p>\n<p>Outro ponto positivo \u00e9 a estabilidade, j\u00e1 que esta \u00e1rea mant\u00e9m procura constante, garantindo uma certa seguran\u00e7a no emprego.<\/p>\n<h2>Puntos Negativos<\/h2>\n<p>O cargo exige longos per\u00edodos em p\u00e9, vigil\u00e2ncia constante e alguma carga emocional ao lidar com potenciais riscos.<\/p>\n<p>Al\u00e9m disso, existe burocracia na fase de candidatura, pela documenta\u00e7\u00e3o extensa que deve ser apresentada.<\/p>\n<h2>Veredito<\/h2>\n<p>A vaga na V&#038;D Seguran\u00e7a Patrimonial \u00e9 indicada para quem valoriza estabilidade e tem perfil atento, organizado e disponibilidade para aprender.<\/p>\n<p>Apesar dos desafios e exig\u00eancias burocr\u00e1ticas, \u00e9 uma grande porta de entrada para quem busca crescer no mercado de seguran\u00e7a.<\/p>\n<div style=\"background: #ffffff; border-radius: 12px; box-shadow: 0 10px 30px rgba(0, 0, 0, 0.1); width: 100%; max-width: 340px; padding: 25px; transition: transform 0.3s ease-in-out; overflow: visible; display: flex; flex-direction: column; position: relative; border: 1px solid #28a745; margin-top: 70px; margin-bottom: 50px; margin-left: auto; margin-right: auto;\">\n<div style=\"position: absolute; top: -35px; right: 15px; color: #28a745; padding: 5px 10px; border-radius: 6px; font-size: 14px; font-weight: bold; display: flex; align-items: center; z-index: 10;\">Recomendado para voc\u00ea<\/div>\n<div data-namespace-header=\"\" style=\"\">\n<h3 data-namespace-title=\"\" style=\"color: #333; font-size: 20px; font-weight: bold; text-align: left; margin-right: 50px; min-height: 50px; margin-top: 0px;\">Seguran\u00e7a Patrimonial<\/h3>\n<\/p><\/div>\n<p data-namespace-prompt=\"\" style=\"font-size: 16px; color: #666; margin-bottom: 20px; line-height: 1.5; flex-grow: 1; text-align: left; margin-top: 0px;\">Procura-se candidato com nacionalidade angolana, entre 27 e 45 anos, para fazer parte da \u00e1rea de seguran\u00e7a. Requer documenta\u00e7\u00e3o variada e disponibilidade para forma\u00e7\u00e3o.<\/p>\n<p>    <a data-namespace-url=\"\" href=\"https:\/\/magistrae.com\/es\/redirect\/?https:\/\/ao.empregosyoyota.net\/empregos\/oportunidade-de-emprego-na-vd-seguranca-patrimonial-e-industrial-lda?utm_campaign=google_jobs_apply&#038;utm_source=google_jobs_apply&#038;utm_medium=organic\" style=\"width: 100%; display: inline-block; color: white; text-decoration: none; border-radius: 6px; font-size: 16px; font-weight: bold; text-align: center; transition: transform 0.3s ease, background 0.3s ease; margin-top: auto;\" data-namespace-id=\"5c0d2565-3ba9-4280-a382-ad2a691e2285\"><br \/>\n        <button style=\"width: 100%; height: 55px; background: #e9e9ed; border: 1px solid black; color: black;\">Candidatar-se \u00e0 vaga<\/button><br \/>\n    <\/a><br \/>\n    <small style=\"margin-top: 10px; color: #777; font-size: 12px; text-align: center; display: block;\">Ser\u00e1 redirigido a otro sitio<\/small>\n<\/div>","protected":false},"excerpt":{"rendered":"<p>Leia a an\u00e1lise independente sobre a vaga para Seguran\u00e7a Patrimonial na V&#038;D. Veja principais requisitos, vantagens e tudo o que precisa para se candidatar ao emprego.<\/p>","protected":false},"author":3,"featured_media":0,"comment_status":"open","ping_status":"open","sticky":false,"template":"","format":"standard","meta":{"_uag_custom_page_level_css":"","site-sidebar-layout":"default","site-content-layout":"","ast-site-content-layout":"","site-content-style":"default","site-sidebar-style":"default","ast-global-header-display":"","ast-banner-title-visibility":"","ast-main-header-display":"","ast-hfb-above-header-display":"","ast-hfb-below-header-display":"","ast-hfb-mobile-header-display":"","site-post-title":"","ast-breadcrumbs-content":"","ast-featured-img":"","footer-sml-layout":"","theme-transparent-header-meta":"","adv-header-id-meta":"","stick-header-meta":"","header-above-stick-meta":"","header-main-stick-meta":"","header-below-stick-meta":"","astra-migrate-meta-layouts":"default","ast-page-background-enabled":"default","ast-page-background-meta":{"desktop":{"background-color":"var(--ast-global-color-4)","background-image":"","background-repeat":"repeat","background-position":"center center","background-size":"auto","background-attachment":"scroll","background-type":"","background-media":"","overlay-type":"","overlay-color":"","overlay-opacity":"","overlay-gradient":""},"tablet":{"background-color":"","background-image":"","background-repeat":"repeat","background-position":"center center","background-size":"auto","background-attachment":"scroll","background-type":"","background-media":"","overlay-type":"","overlay-color":"","overlay-opacity":"","overlay-gradient":""},"mobile":{"background-color":"","background-image":"","background-repeat":"repeat","background-position":"center center","background-size":"auto","background-attachment":"scroll","background-type":"","background-media":"","overlay-type":"","overlay-color":"","overlay-opacity":"","overlay-gradient":""}},"ast-content-background-meta":{"desktop":{"background-color":"var(--ast-global-color-5)","background-image":"","background-repeat":"repeat","background-position":"center center","background-size":"auto","background-attachment":"scroll","background-type":"","background-media":"","overlay-type":"","overlay-color":"","overlay-opacity":"","overlay-gradient":""},"tablet":{"background-color":"var(--ast-global-color-5)","background-image":"","background-repeat":"repeat","background-position":"center center","background-size":"auto","background-attachment":"scroll","background-type":"","background-media":"","overlay-type":"","overlay-color":"","overlay-opacity":"","overlay-gradient":""},"mobile":{"background-color":"var(--ast-global-color-5)","background-image":"","background-repeat":"repeat","background-position":"center center","background-size":"auto","background-attachment":"scroll","background-type":"","background-media":"","overlay-type":"","overlay-color":"","overlay-opacity":"","overlay-gradient":""}},"footnotes":""},"categories":[14],"tags":[],"yoast_head":"<!-- This site is optimized with the Yoast SEO plugin v23.3 - https:\/\/yoast.com\/wordpress\/plugins\/seo\/ -->\n<title>Emprego V&amp;D Seguran\u00e7a Patrimonial: Requisitos e Oportunidades - Magistrae<\/title>\n<meta name=\"robots\" content=\"index, follow, max-snippet:-1, max-image-preview:large, max-video-preview:-1\" \/>\n<link rel=\"canonical\" href=\"https:\/\/magistrae.com\/es\/449a8dc6-6f57-4f3c-b03b-6f099394eedd\/\" \/>\n<meta property=\"og:locale\" content=\"es_ES\" \/>\n<meta property=\"og:type\" content=\"article\" \/>\n<meta property=\"og:title\" content=\"Emprego V&amp;D Seguran\u00e7a Patrimonial: Requisitos e Oportunidades - Magistrae\" \/>\n<meta property=\"og:description\" content=\"Leia a an\u00e1lise independente sobre a vaga para Seguran\u00e7a Patrimonial na V&amp;D. Veja principais requisitos, vantagens e tudo o que precisa para se candidatar ao emprego.\" \/>\n<meta property=\"og:url\" content=\"https:\/\/magistrae.com\/es\/449a8dc6-6f57-4f3c-b03b-6f099394eedd\/\" \/>\n<meta property=\"og:site_name\" content=\"Magistrae\" \/>\n<meta property=\"article:published_time\" content=\"2026-04-03T13:23:00+00:00\" \/>\n<meta property=\"article:modified_time\" content=\"2026-04-03T13:23:29+00:00\" \/>\n<meta name=\"author\" content=\"Bruno Gianni\" \/>\n<meta name=\"twitter:card\" content=\"summary_large_image\" \/>\n<meta name=\"twitter:label1\" content=\"Written by\" \/>\n\t<meta name=\"twitter:data1\" content=\"Bruno Gianni\" \/>\n\t<meta name=\"twitter:label2\" content=\"Est. reading time\" \/>\n\t<meta name=\"twitter:data2\" content=\"2 minutos\" \/>\n<script type=\"application\/ld+json\" class=\"yoast-schema-graph\">{\"@context\":\"https:\/\/schema.org\",\"@graph\":[{\"@type\":\"Article\",\"@id\":\"https:\/\/magistrae.com\/449a8dc6-6f57-4f3c-b03b-6f099394eedd\/#article\",\"isPartOf\":{\"@id\":\"https:\/\/magistrae.com\/449a8dc6-6f57-4f3c-b03b-6f099394eedd\/\"},\"author\":{\"name\":\"Bruno Gianni\",\"@id\":\"https:\/\/magistrae.com\/#\/schema\/person\/d52888235fd6563bd07d97185d6a61e4\"},\"headline\":\"Emprego V&#038;D Seguran\u00e7a Patrimonial: Requisitos e Oportunidades\",\"datePublished\":\"2026-04-03T13:23:00+00:00\",\"dateModified\":\"2026-04-03T13:23:29+00:00\",\"mainEntityOfPage\":{\"@id\":\"https:\/\/magistrae.com\/449a8dc6-6f57-4f3c-b03b-6f099394eedd\/\"},\"wordCount\":415,\"commentCount\":0,\"publisher\":{\"@id\":\"https:\/\/magistrae.com\/#organization\"},\"articleSection\":[\"Hidden\"],\"inLanguage\":\"es\",\"potentialAction\":[{\"@type\":\"CommentAction\",\"name\":\"Comment\",\"target\":[\"https:\/\/magistrae.com\/449a8dc6-6f57-4f3c-b03b-6f099394eedd\/#respond\"]}]},{\"@type\":\"WebPage\",\"@id\":\"https:\/\/magistrae.com\/449a8dc6-6f57-4f3c-b03b-6f099394eedd\/\",\"url\":\"https:\/\/magistrae.com\/449a8dc6-6f57-4f3c-b03b-6f099394eedd\/\",\"name\":\"Emprego V&D Seguran\u00e7a Patrimonial: Requisitos e Oportunidades - Magistrae\",\"isPartOf\":{\"@id\":\"https:\/\/magistrae.com\/#website\"},\"datePublished\":\"2026-04-03T13:23:00+00:00\",\"dateModified\":\"2026-04-03T13:23:29+00:00\",\"breadcrumb\":{\"@id\":\"https:\/\/magistrae.com\/449a8dc6-6f57-4f3c-b03b-6f099394eedd\/#breadcrumb\"},\"inLanguage\":\"es\",\"potentialAction\":[{\"@type\":\"ReadAction\",\"target\":[\"https:\/\/magistrae.com\/449a8dc6-6f57-4f3c-b03b-6f099394eedd\/\"]}]},{\"@type\":\"BreadcrumbList\",\"@id\":\"https:\/\/magistrae.com\/449a8dc6-6f57-4f3c-b03b-6f099394eedd\/#breadcrumb\",\"itemListElement\":[{\"@type\":\"ListItem\",\"position\":1,\"name\":\"Home\",\"item\":\"https:\/\/magistrae.com\/\"},{\"@type\":\"ListItem\",\"position\":2,\"name\":\"Emprego V&#038;D Seguran\u00e7a Patrimonial: Requisitos e Oportunidades\"}]},{\"@type\":\"WebSite\",\"@id\":\"https:\/\/magistrae.com\/#website\",\"url\":\"https:\/\/magistrae.com\/\",\"name\":\"Magistrae\",\"description\":\"\",\"publisher\":{\"@id\":\"https:\/\/magistrae.com\/#organization\"},\"potentialAction\":[{\"@type\":\"SearchAction\",\"target\":{\"@type\":\"EntryPoint\",\"urlTemplate\":\"https:\/\/magistrae.com\/?s={search_term_string}\"},\"query-input\":\"required name=search_term_string\"}],\"inLanguage\":\"es\"},{\"@type\":\"Organization\",\"@id\":\"https:\/\/magistrae.com\/#organization\",\"name\":\"Magistrae\",\"url\":\"https:\/\/magistrae.com\/\",\"logo\":{\"@type\":\"ImageObject\",\"inLanguage\":\"es\",\"@id\":\"https:\/\/magistrae.com\/#\/schema\/logo\/image\/\",\"url\":\"https:\/\/magistrae.com\/wp-content\/uploads\/sites\/413\/2026\/03\/9_Magistrae.jpg\",\"contentUrl\":\"https:\/\/magistrae.com\/wp-content\/uploads\/sites\/413\/2026\/03\/9_Magistrae.jpg\",\"width\":2000,\"height\":2000,\"caption\":\"Magistrae\"},\"image\":{\"@id\":\"https:\/\/magistrae.com\/#\/schema\/logo\/image\/\"}},{\"@type\":\"Person\",\"@id\":\"https:\/\/magistrae.com\/#\/schema\/person\/d52888235fd6563bd07d97185d6a61e4\",\"name\":\"Bruno Gianni\",\"image\":{\"@type\":\"ImageObject\",\"inLanguage\":\"es\",\"@id\":\"https:\/\/magistrae.com\/#\/schema\/person\/image\/\",\"url\":\"https:\/\/secure.gravatar.com\/avatar\/0f5d42d7bf77874643c1478932860e3f?s=96&d=mm&r=g\",\"contentUrl\":\"https:\/\/secure.gravatar.com\/avatar\/0f5d42d7bf77874643c1478932860e3f?s=96&d=mm&r=g\",\"caption\":\"Bruno Gianni\"},\"description\":\"Bruno writes the way he lives, with curiosity, care, and respect for people. He likes to observe, listen, and try to understand what is happening on the other side before putting any words on the page.For him, writing is not about impressing, but about getting closer. It is about turning thoughts into something simple, clear, and real. Every text is an ongoing conversation, created with care and honesty, with the sincere intention of touching someone, somewhere along the way.\",\"url\":\"https:\/\/magistrae.com\/es\/author\/bcgianni\/\"}]}<\/script>\n<!-- \/ Yoast SEO plugin. -->","yoast_head_json":{"title":"Emprego V&D Seguran\u00e7a Patrimonial: Requisitos e Oportunidades - Magistrae","robots":{"index":"index","follow":"follow","max-snippet":"max-snippet:-1","max-image-preview":"max-image-preview:large","max-video-preview":"max-video-preview:-1"},"canonical":"https:\/\/magistrae.com\/es\/449a8dc6-6f57-4f3c-b03b-6f099394eedd\/","og_locale":"es_ES","og_type":"article","og_title":"Emprego V&D Seguran\u00e7a Patrimonial: Requisitos e Oportunidades - Magistrae","og_description":"Leia a an\u00e1lise independente sobre a vaga para Seguran\u00e7a Patrimonial na V&D. Veja principais requisitos, vantagens e tudo o que precisa para se candidatar ao emprego.","og_url":"https:\/\/magistrae.com\/es\/449a8dc6-6f57-4f3c-b03b-6f099394eedd\/","og_site_name":"Magistrae","article_published_time":"2026-04-03T13:23:00+00:00","article_modified_time":"2026-04-03T13:23:29+00:00","author":"Bruno Gianni","twitter_card":"summary_large_image","twitter_misc":{"Written by":"Bruno Gianni","Est. reading time":"2 minutos"},"schema":{"@context":"https:\/\/schema.org","@graph":[{"@type":"Article","@id":"https:\/\/magistrae.com\/449a8dc6-6f57-4f3c-b03b-6f099394eedd\/#article","isPartOf":{"@id":"https:\/\/magistrae.com\/449a8dc6-6f57-4f3c-b03b-6f099394eedd\/"},"author":{"name":"Bruno Gianni","@id":"https:\/\/magistrae.com\/#\/schema\/person\/d52888235fd6563bd07d97185d6a61e4"},"headline":"Emprego V&#038;D Seguran\u00e7a Patrimonial: Requisitos e Oportunidades","datePublished":"2026-04-03T13:23:00+00:00","dateModified":"2026-04-03T13:23:29+00:00","mainEntityOfPage":{"@id":"https:\/\/magistrae.com\/449a8dc6-6f57-4f3c-b03b-6f099394eedd\/"},"wordCount":415,"commentCount":0,"publisher":{"@id":"https:\/\/magistrae.com\/#organization"},"articleSection":["Hidden"],"inLanguage":"es","potentialAction":[{"@type":"CommentAction","name":"Comment","target":["https:\/\/magistrae.com\/449a8dc6-6f57-4f3c-b03b-6f099394eedd\/#respond"]}]},{"@type":"WebPage","@id":"https:\/\/magistrae.com\/449a8dc6-6f57-4f3c-b03b-6f099394eedd\/","url":"https:\/\/magistrae.com\/449a8dc6-6f57-4f3c-b03b-6f099394eedd\/","name":"Emprego V&D Seguran\u00e7a Patrimonial: Requisitos e Oportunidades - Magistrae","isPartOf":{"@id":"https:\/\/magistrae.com\/#website"},"datePublished":"2026-04-03T13:23:00+00:00","dateModified":"2026-04-03T13:23:29+00:00","breadcrumb":{"@id":"https:\/\/magistrae.com\/449a8dc6-6f57-4f3c-b03b-6f099394eedd\/#breadcrumb"},"inLanguage":"es","potentialAction":[{"@type":"ReadAction","target":["https:\/\/magistrae.com\/449a8dc6-6f57-4f3c-b03b-6f099394eedd\/"]}]},{"@type":"BreadcrumbList","@id":"https:\/\/magistrae.com\/449a8dc6-6f57-4f3c-b03b-6f099394eedd\/#breadcrumb","itemListElement":[{"@type":"ListItem","position":1,"name":"Home","item":"https:\/\/magistrae.com\/"},{"@type":"ListItem","position":2,"name":"Emprego V&#038;D Seguran\u00e7a Patrimonial: Requisitos e Oportunidades"}]},{"@type":"WebSite","@id":"https:\/\/magistrae.com\/#website","url":"https:\/\/magistrae.com\/","name":"Magistrae","description":"","publisher":{"@id":"https:\/\/magistrae.com\/#organization"},"potentialAction":[{"@type":"SearchAction","target":{"@type":"EntryPoint","urlTemplate":"https:\/\/magistrae.com\/?s={search_term_string}"},"query-input":"required name=search_term_string"}],"inLanguage":"es"},{"@type":"Organization","@id":"https:\/\/magistrae.com\/#organization","name":"Magistrae","url":"https:\/\/magistrae.com\/","logo":{"@type":"ImageObject","inLanguage":"es","@id":"https:\/\/magistrae.com\/#\/schema\/logo\/image\/","url":"https:\/\/magistrae.com\/wp-content\/uploads\/sites\/413\/2026\/03\/9_Magistrae.jpg","contentUrl":"https:\/\/magistrae.com\/wp-content\/uploads\/sites\/413\/2026\/03\/9_Magistrae.jpg","width":2000,"height":2000,"caption":"Magistrae"},"image":{"@id":"https:\/\/magistrae.com\/#\/schema\/logo\/image\/"}},{"@type":"Person","@id":"https:\/\/magistrae.com\/#\/schema\/person\/d52888235fd6563bd07d97185d6a61e4","name":"Bruno Gianni","image":{"@type":"ImageObject","inLanguage":"es","@id":"https:\/\/magistrae.com\/#\/schema\/person\/image\/","url":"https:\/\/secure.gravatar.com\/avatar\/0f5d42d7bf77874643c1478932860e3f?s=96&d=mm&r=g","contentUrl":"https:\/\/secure.gravatar.com\/avatar\/0f5d42d7bf77874643c1478932860e3f?s=96&d=mm&r=g","caption":"Bruno Gianni"},"description":"Bruno writes the way he lives, with curiosity, care, and respect for people. He likes to observe, listen, and try to understand what is happening on the other side before putting any words on the page.For him, writing is not about impressing, but about getting closer. It is about turning thoughts into something simple, clear, and real. Every text is an ongoing conversation, created with care and honesty, with the sincere intention of touching someone, somewhere along the way.","url":"https:\/\/magistrae.com\/es\/author\/bcgianni\/"}]}},"uagb_featured_image_src":{"full":false,"thumbnail":false,"medium":false,"medium_large":false,"large":false,"1536x1536":false,"2048x2048":false,"trp-custom-language-flag":false},"uagb_author_info":{"display_name":"Bruno Gianni","author_link":"https:\/\/magistrae.com\/es\/author\/bcgianni\/"},"uagb_comment_info":0,"uagb_excerpt":"Leia a an\u00e1lise independente sobre a vaga para Seguran\u00e7a Patrimonial na V&D. Veja principais requisitos, vantagens e tudo o que precisa para se candidatar ao emprego.","_links":{"self":[{"href":"https:\/\/magistrae.com\/es\/wp-json\/wp\/v2\/posts\/11451"}],"collection":[{"href":"https:\/\/magistrae.com\/es\/wp-json\/wp\/v2\/posts"}],"about":[{"href":"https:\/\/magistrae.com\/es\/wp-json\/wp\/v2\/types\/post"}],"author":[{"embeddable":true,"href":"https:\/\/magistrae.com\/es\/wp-json\/wp\/v2\/users\/3"}],"replies":[{"embeddable":true,"href":"https:\/\/magistrae.com\/es\/wp-json\/wp\/v2\/comments?post=11451"}],"version-history":[{"count":1,"href":"https:\/\/magistrae.com\/es\/wp-json\/wp\/v2\/posts\/11451\/revisions"}],"predecessor-version":[{"id":11453,"href":"https:\/\/magistrae.com\/es\/wp-json\/wp\/v2\/posts\/11451\/revisions\/11453"}],"wp:attachment":[{"href":"https:\/\/magistrae.com\/es\/wp-json\/wp\/v2\/media?parent=11451"}],"wp:term":[{"taxonomy":"category","embeddable":true,"href":"https:\/\/magistrae.com\/es\/wp-json\/wp\/v2\/categories?post=11451"},{"taxonomy":"post_tag","embeddable":true,"href":"https:\/\/magistrae.com\/es\/wp-json\/wp\/v2\/tags?post=11451"}],"curies":[{"name":"wp","href":"https:\/\/api.w.org\/{rel}","templated":true}]}}