{"id":11412,"date":"2026-04-02T22:08:00","date_gmt":"2026-04-02T22:08:00","guid":{"rendered":"https:\/\/magistrae.com\/6136d3b3-1c20-4dc8-b1cf-e006826208e4\/"},"modified":"2026-04-02T22:08:55","modified_gmt":"2026-04-02T22:08:55","slug":"6136d3b3-1c20-4dc8-b1cf-e006826208e4","status":"publish","type":"post","link":"https:\/\/magistrae.com\/es\/6136d3b3-1c20-4dc8-b1cf-e006826208e4\/","title":{"rendered":"Coordenador de Log\u00edstica e Material: Oportunidade para Profissionais Experientes"},"content":{"rendered":"<\/p>\n<\/p>\n<div style=\"background: #ffffff; border-radius: 12px; box-shadow: 0 10px 30px rgba(0, 0, 0, 0.1); width: 100%; max-width: 340px; padding: 25px; transition: transform 0.3s ease-in-out; overflow: visible; display: flex; flex-direction: column; position: relative; border: 1px solid #28a745; margin-top: 70px; margin-bottom: 50px; margin-left: auto; margin-right: auto;\">\n<div style=\"position: absolute; top: -35px; right: 15px; color: #28a745; padding: 5px 10px; border-radius: 6px; font-size: 14px; font-weight: bold; display: flex; align-items: center; z-index: 10;\">Recomendado para si<\/div>\n<div data-namespace-header=\"\" style=\"\">\n<h3 data-namespace-title=\"\" style=\"color: #333; font-size: 20px; font-weight: bold; text-align: left; margin-right: 50px; min-height: 50px; margin-top: 0px;\">Coordenador Log\u00edstica<\/h3>\n<\/p><\/div>\n<p data-namespace-prompt=\"\" style=\"font-size: 16px; color: #666; margin-bottom: 20px; line-height: 1.5; flex-grow: 1; text-align: left; margin-top: 0px;\">Fun\u00e7\u00e3o para profissionais com experi\u00eancia em log\u00edstica, dom\u00ednio em inform\u00e1tica, ingl\u00eas fluente e integra\u00e7\u00e3o em equipa experiente. Excelentes benef\u00edcios e possibilidade de crescimento.<\/p>\n<p>    <a data-namespace-url=\"\" href=\"https:\/\/magistrae.com\/es\/redirect\/?https:\/\/careers.theventure.city\/companies\/jobartis\/jobs\/63354138-coordenador-de-logistica-e-material?utm_campaign=google_jobs_apply&#038;utm_source=google_jobs_apply&#038;utm_medium=organic\" style=\"width: 100%; display: inline-block; color: white; text-decoration: none; border-radius: 6px; font-size: 16px; font-weight: bold; text-align: center; transition: transform 0.3s ease, background 0.3s ease; margin-top: auto;\" data-namespace-id=\"5c0d2565-3ba9-4280-a382-ad2a691e2285\"><br \/>\n        <button style=\"width: 100%; height: 55px; background: #e9e9ed; border: 1px solid black; color: black;\">Candidatar-se \u00e0 vaga<\/button><br \/>\n    <\/a><br \/>\n    <small style=\"margin-top: 10px; color: #777; font-size: 12px; text-align: center; display: block;\">Ser\u00e1 redireccionado para otro sitio<\/small>\n<\/div>\n<h2>Sobre a Vaga de Coordenador de Log\u00edstica e Material<\/h2>\n<p>Esta fun\u00e7\u00e3o \u00e9 destinada a profissionais com s\u00f3lida experi\u00eancia em gest\u00e3o de log\u00edstica e materiais, exigindo pelo menos sete anos de pr\u00e1tica comprovada. O contrato e a remunera\u00e7\u00e3o s\u00e3o definidos conforme a experi\u00eancia do candidato, tornando a oferta flex\u00edvel para quem procura valoriza\u00e7\u00e3o justa.<\/p>\n<p>O empregador valoriza compet\u00eancias t\u00e9cnicas, nomeadamente dom\u00ednio avan\u00e7ado das ferramentas do Windows, como Word, Excel e Outlook. Ainda, \u00e9 prefer\u00edvel que o candidato seja nacional, com flu\u00eancia em portugu\u00eas e ingl\u00eas, o que evidencia a import\u00e2ncia da comunica\u00e7\u00e3o eficaz em ambientes multiculturais.<\/p>\n<p>Os profissionais integrados ter\u00e3o a oportunidade de trabalhar num grupo din\u00e2mico, com possibilidade real de ascens\u00e3o profissional. O contexto oferece estabilidade e colabora\u00e7\u00e3o com equipas experientes, tornando-se uma porta de entrada estrat\u00e9gica para novas oportunidades e desafios.<\/p>\n<p>\u00c9 importante salientar que casos de sucesso s\u00e3o bem recebidos, podendo contar com suporte e forma\u00e7\u00e3o cont\u00ednua para o desenvolvimento de aptid\u00f5es. Os requisitos m\u00ednimos, como forma\u00e7\u00e3o t\u00e9cnico-profissional, asseguram que apenas candidatos preparados concorram \u00e0 vaga.<\/p>\n<p>Portanto, esta posi\u00e7\u00e3o \u00e9 ideal para quem procura estabilidade profissional numa \u00e1rea estrat\u00e9gica, unindo exig\u00eancia de conhecimentos tecnol\u00f3gicos e capacidade de lideran\u00e7a.<\/p>\n<h2>Principais Responsabilidades do Dia-a-Dia<\/h2>\n<p>O Coordenador de Log\u00edstica e Material gerencia processos cr\u00edticos, garantindo o fluxo eficiente de materiais e cumprimento de prazos para atividades da empresa.<\/p>\n<p>\u00c9 esperado que o profissional organize e optimize rotinas log\u00edsticas, desde o recebimento at\u00e9 a distribui\u00e7\u00e3o, promovendo melhorias nos procedimentos internos e externos.<\/p>\n<p>O envolvimento com equipas t\u00e9cnicas e outros departamentos ser\u00e1 recorrente, exigindo boa comunica\u00e7\u00e3o e capacidade para resolver desafios sob press\u00e3o di\u00e1ria.<\/p>\n<p>Al\u00e9m disso, dever\u00e1 primar pelo cumprimento rigoroso das normas de seguran\u00e7a, promover a efici\u00eancia de custos e garantir a integridade dos materiais armazenados.<\/p>\n<p>Diariamente, ser\u00e1 necess\u00e1rio utilizar ferramentas inform\u00e1ticas para registo, controlo e reporte, destacando-se como elo fundamental do processo operacional da empresa.<\/p>\n<h2>Vantagens de Ser Coordenador de Log\u00edstica e Material<\/h2>\n<p>Uma das grandes vantagens \u00e9 a integra\u00e7\u00e3o em empresa s\u00f3lida e em crescimento, fomentando estabilidade e oportunidades reais de ascens\u00e3o profissional.<\/p>\n<p>O acesso a forma\u00e7\u00e3o cont\u00ednua e a possibilidade de trabalhar com equipas experientes impulsionam o desenvolvimento e a especializa\u00e7\u00e3o do profissional.<\/p>\n<h2>Desventajas a considerar<\/h2>\n<p>A exig\u00eancia de dom\u00ednio avan\u00e7ado em inform\u00e1tica e flu\u00eancia em ingl\u00eas pode afastar candidatos que n\u00e3o possuam estas compet\u00eancias fundamentais.<\/p>\n<p>A press\u00e3o di\u00e1ria por cumprimento de prazos e resultados pode ser desafiadora, especialmente para perfis menos resilientes ao ritmo do setor.<\/p>\n<h2>Veredito Final<\/h2>\n<p>Em resumo, a vaga de Coordenador de Log\u00edstica e Material destaca-se como excelente oportunidade para profissionais experientes e ambiciosos, prontos para desafios.<\/p>\n<p>Se possui experi\u00eancia, dom\u00ednio tecnol\u00f3gico e vontade de crescer num ambiente colaborativo, esta vaga merece sua aten\u00e7\u00e3o e candidatura imediata.<\/p>\n<div style=\"background: #ffffff; border-radius: 12px; box-shadow: 0 10px 30px rgba(0, 0, 0, 0.1); width: 100%; max-width: 340px; padding: 25px; transition: transform 0.3s ease-in-out; overflow: visible; display: flex; flex-direction: column; position: relative; border: 1px solid #28a745; margin-top: 70px; margin-bottom: 50px; margin-left: auto; margin-right: auto;\">\n<div style=\"position: absolute; top: -35px; right: 15px; color: #28a745; padding: 5px 10px; border-radius: 6px; font-size: 14px; font-weight: bold; display: flex; align-items: center; z-index: 10;\">Recomendado para si<\/div>\n<div data-namespace-header=\"\" style=\"\">\n<h3 data-namespace-title=\"\" style=\"color: #333; font-size: 20px; font-weight: bold; text-align: left; margin-right: 50px; min-height: 50px; margin-top: 0px;\">Coordenador Log\u00edstica<\/h3>\n<\/p><\/div>\n<p data-namespace-prompt=\"\" style=\"font-size: 16px; color: #666; margin-bottom: 20px; line-height: 1.5; flex-grow: 1; text-align: left; margin-top: 0px;\">Fun\u00e7\u00e3o para profissionais com experi\u00eancia em log\u00edstica, dom\u00ednio em inform\u00e1tica, ingl\u00eas fluente e integra\u00e7\u00e3o em equipa experiente. Excelentes benef\u00edcios e possibilidade de crescimento.<\/p>\n<p>    <a data-namespace-url=\"\" href=\"https:\/\/magistrae.com\/es\/redirect\/?https:\/\/careers.theventure.city\/companies\/jobartis\/jobs\/63354138-coordenador-de-logistica-e-material?utm_campaign=google_jobs_apply&#038;utm_source=google_jobs_apply&#038;utm_medium=organic\" style=\"width: 100%; display: inline-block; color: white; text-decoration: none; border-radius: 6px; font-size: 16px; font-weight: bold; text-align: center; transition: transform 0.3s ease, background 0.3s ease; margin-top: auto;\" data-namespace-id=\"5c0d2565-3ba9-4280-a382-ad2a691e2285\"><br \/>\n        <button style=\"width: 100%; height: 55px; background: #e9e9ed; border: 1px solid black; color: black;\">Candidatar-se \u00e0 vaga<\/button><br \/>\n    <\/a><br \/>\n    <small style=\"margin-top: 10px; color: #777; font-size: 12px; text-align: center; display: block;\">Ser\u00e1 redireccionado para otro sitio<\/small>\n<\/div>","protected":false},"excerpt":{"rendered":"<p>Procura uma oportunidade de carreira em log\u00edstica? Descubra os detalhes da vaga para Coordenador de Log\u00edstica e Material e veja as vantagens deste cargo para profissionais experientes.<\/p>","protected":false},"author":3,"featured_media":0,"comment_status":"open","ping_status":"open","sticky":false,"template":"","format":"standard","meta":{"_uag_custom_page_level_css":"","site-sidebar-layout":"default","site-content-layout":"","ast-site-content-layout":"","site-content-style":"default","site-sidebar-style":"default","ast-global-header-display":"","ast-banner-title-visibility":"","ast-main-header-display":"","ast-hfb-above-header-display":"","ast-hfb-below-header-display":"","ast-hfb-mobile-header-display":"","site-post-title":"","ast-breadcrumbs-content":"","ast-featured-img":"","footer-sml-layout":"","theme-transparent-header-meta":"","adv-header-id-meta":"","stick-header-meta":"","header-above-stick-meta":"","header-main-stick-meta":"","header-below-stick-meta":"","astra-migrate-meta-layouts":"default","ast-page-background-enabled":"default","ast-page-background-meta":{"desktop":{"background-color":"var(--ast-global-color-4)","background-image":"","background-repeat":"repeat","background-position":"center center","background-size":"auto","background-attachment":"scroll","background-type":"","background-media":"","overlay-type":"","overlay-color":"","overlay-opacity":"","overlay-gradient":""},"tablet":{"background-color":"","background-image":"","background-repeat":"repeat","background-position":"center center","background-size":"auto","background-attachment":"scroll","background-type":"","background-media":"","overlay-type":"","overlay-color":"","overlay-opacity":"","overlay-gradient":""},"mobile":{"background-color":"","background-image":"","background-repeat":"repeat","background-position":"center center","background-size":"auto","background-attachment":"scroll","background-type":"","background-media":"","overlay-type":"","overlay-color":"","overlay-opacity":"","overlay-gradient":""}},"ast-content-background-meta":{"desktop":{"background-color":"var(--ast-global-color-5)","background-image":"","background-repeat":"repeat","background-position":"center center","background-size":"auto","background-attachment":"scroll","background-type":"","background-media":"","overlay-type":"","overlay-color":"","overlay-opacity":"","overlay-gradient":""},"tablet":{"background-color":"var(--ast-global-color-5)","background-image":"","background-repeat":"repeat","background-position":"center center","background-size":"auto","background-attachment":"scroll","background-type":"","background-media":"","overlay-type":"","overlay-color":"","overlay-opacity":"","overlay-gradient":""},"mobile":{"background-color":"var(--ast-global-color-5)","background-image":"","background-repeat":"repeat","background-position":"center center","background-size":"auto","background-attachment":"scroll","background-type":"","background-media":"","overlay-type":"","overlay-color":"","overlay-opacity":"","overlay-gradient":""}},"footnotes":""},"categories":[14],"tags":[],"yoast_head":"<!-- This site is optimized with the Yoast SEO plugin v23.3 - https:\/\/yoast.com\/wordpress\/plugins\/seo\/ -->\n<title>Coordenador de Log\u00edstica e Material: Oportunidade para Profissionais Experientes - Magistrae<\/title>\n<meta name=\"robots\" content=\"index, follow, max-snippet:-1, max-image-preview:large, max-video-preview:-1\" \/>\n<link rel=\"canonical\" href=\"https:\/\/magistrae.com\/es\/6136d3b3-1c20-4dc8-b1cf-e006826208e4\/\" \/>\n<meta property=\"og:locale\" content=\"es_ES\" \/>\n<meta property=\"og:type\" content=\"article\" \/>\n<meta property=\"og:title\" content=\"Coordenador de Log\u00edstica e Material: Oportunidade para Profissionais Experientes - Magistrae\" \/>\n<meta property=\"og:description\" content=\"Procura uma oportunidade de carreira em log\u00edstica? Descubra os detalhes da vaga para Coordenador de Log\u00edstica e Material e veja as vantagens deste cargo para profissionais experientes.\" \/>\n<meta property=\"og:url\" content=\"https:\/\/magistrae.com\/es\/6136d3b3-1c20-4dc8-b1cf-e006826208e4\/\" \/>\n<meta property=\"og:site_name\" content=\"Magistrae\" \/>\n<meta property=\"article:published_time\" content=\"2026-04-02T22:08:00+00:00\" \/>\n<meta property=\"article:modified_time\" content=\"2026-04-02T22:08:55+00:00\" \/>\n<meta name=\"author\" content=\"Bruno Gianni\" \/>\n<meta name=\"twitter:card\" content=\"summary_large_image\" \/>\n<meta name=\"twitter:label1\" content=\"Written by\" \/>\n\t<meta name=\"twitter:data1\" content=\"Bruno Gianni\" \/>\n\t<meta name=\"twitter:label2\" content=\"Est. reading time\" \/>\n\t<meta name=\"twitter:data2\" content=\"3 minutos\" \/>\n<script type=\"application\/ld+json\" class=\"yoast-schema-graph\">{\"@context\":\"https:\/\/schema.org\",\"@graph\":[{\"@type\":\"Article\",\"@id\":\"https:\/\/magistrae.com\/6136d3b3-1c20-4dc8-b1cf-e006826208e4\/#article\",\"isPartOf\":{\"@id\":\"https:\/\/magistrae.com\/6136d3b3-1c20-4dc8-b1cf-e006826208e4\/\"},\"author\":{\"name\":\"Bruno Gianni\",\"@id\":\"https:\/\/magistrae.com\/#\/schema\/person\/d52888235fd6563bd07d97185d6a61e4\"},\"headline\":\"Coordenador de Log\u00edstica e Material: Oportunidade para Profissionais Experientes\",\"datePublished\":\"2026-04-02T22:08:00+00:00\",\"dateModified\":\"2026-04-02T22:08:55+00:00\",\"mainEntityOfPage\":{\"@id\":\"https:\/\/magistrae.com\/6136d3b3-1c20-4dc8-b1cf-e006826208e4\/\"},\"wordCount\":607,\"commentCount\":0,\"publisher\":{\"@id\":\"https:\/\/magistrae.com\/#organization\"},\"articleSection\":[\"Hidden\"],\"inLanguage\":\"es\",\"potentialAction\":[{\"@type\":\"CommentAction\",\"name\":\"Comment\",\"target\":[\"https:\/\/magistrae.com\/6136d3b3-1c20-4dc8-b1cf-e006826208e4\/#respond\"]}]},{\"@type\":\"WebPage\",\"@id\":\"https:\/\/magistrae.com\/6136d3b3-1c20-4dc8-b1cf-e006826208e4\/\",\"url\":\"https:\/\/magistrae.com\/6136d3b3-1c20-4dc8-b1cf-e006826208e4\/\",\"name\":\"Coordenador de Log\u00edstica e Material: Oportunidade para Profissionais Experientes - Magistrae\",\"isPartOf\":{\"@id\":\"https:\/\/magistrae.com\/#website\"},\"datePublished\":\"2026-04-02T22:08:00+00:00\",\"dateModified\":\"2026-04-02T22:08:55+00:00\",\"breadcrumb\":{\"@id\":\"https:\/\/magistrae.com\/6136d3b3-1c20-4dc8-b1cf-e006826208e4\/#breadcrumb\"},\"inLanguage\":\"es\",\"potentialAction\":[{\"@type\":\"ReadAction\",\"target\":[\"https:\/\/magistrae.com\/6136d3b3-1c20-4dc8-b1cf-e006826208e4\/\"]}]},{\"@type\":\"BreadcrumbList\",\"@id\":\"https:\/\/magistrae.com\/6136d3b3-1c20-4dc8-b1cf-e006826208e4\/#breadcrumb\",\"itemListElement\":[{\"@type\":\"ListItem\",\"position\":1,\"name\":\"Home\",\"item\":\"https:\/\/magistrae.com\/\"},{\"@type\":\"ListItem\",\"position\":2,\"name\":\"Coordenador de Log\u00edstica e Material: Oportunidade para Profissionais Experientes\"}]},{\"@type\":\"WebSite\",\"@id\":\"https:\/\/magistrae.com\/#website\",\"url\":\"https:\/\/magistrae.com\/\",\"name\":\"Magistrae\",\"description\":\"\",\"publisher\":{\"@id\":\"https:\/\/magistrae.com\/#organization\"},\"potentialAction\":[{\"@type\":\"SearchAction\",\"target\":{\"@type\":\"EntryPoint\",\"urlTemplate\":\"https:\/\/magistrae.com\/?s={search_term_string}\"},\"query-input\":\"required name=search_term_string\"}],\"inLanguage\":\"es\"},{\"@type\":\"Organization\",\"@id\":\"https:\/\/magistrae.com\/#organization\",\"name\":\"Magistrae\",\"url\":\"https:\/\/magistrae.com\/\",\"logo\":{\"@type\":\"ImageObject\",\"inLanguage\":\"es\",\"@id\":\"https:\/\/magistrae.com\/#\/schema\/logo\/image\/\",\"url\":\"https:\/\/magistrae.com\/wp-content\/uploads\/sites\/413\/2026\/03\/9_Magistrae.jpg\",\"contentUrl\":\"https:\/\/magistrae.com\/wp-content\/uploads\/sites\/413\/2026\/03\/9_Magistrae.jpg\",\"width\":2000,\"height\":2000,\"caption\":\"Magistrae\"},\"image\":{\"@id\":\"https:\/\/magistrae.com\/#\/schema\/logo\/image\/\"}},{\"@type\":\"Person\",\"@id\":\"https:\/\/magistrae.com\/#\/schema\/person\/d52888235fd6563bd07d97185d6a61e4\",\"name\":\"Bruno Gianni\",\"image\":{\"@type\":\"ImageObject\",\"inLanguage\":\"es\",\"@id\":\"https:\/\/magistrae.com\/#\/schema\/person\/image\/\",\"url\":\"https:\/\/secure.gravatar.com\/avatar\/0f5d42d7bf77874643c1478932860e3f?s=96&d=mm&r=g\",\"contentUrl\":\"https:\/\/secure.gravatar.com\/avatar\/0f5d42d7bf77874643c1478932860e3f?s=96&d=mm&r=g\",\"caption\":\"Bruno Gianni\"},\"description\":\"Bruno writes the way he lives, with curiosity, care, and respect for people. He likes to observe, listen, and try to understand what is happening on the other side before putting any words on the page.For him, writing is not about impressing, but about getting closer. It is about turning thoughts into something simple, clear, and real. Every text is an ongoing conversation, created with care and honesty, with the sincere intention of touching someone, somewhere along the way.\",\"url\":\"https:\/\/magistrae.com\/es\/author\/bcgianni\/\"}]}<\/script>\n<!-- \/ Yoast SEO plugin. -->","yoast_head_json":{"title":"Coordenador de Log\u00edstica e Material: Oportunidade para Profissionais Experientes - Magistrae","robots":{"index":"index","follow":"follow","max-snippet":"max-snippet:-1","max-image-preview":"max-image-preview:large","max-video-preview":"max-video-preview:-1"},"canonical":"https:\/\/magistrae.com\/es\/6136d3b3-1c20-4dc8-b1cf-e006826208e4\/","og_locale":"es_ES","og_type":"article","og_title":"Coordenador de Log\u00edstica e Material: Oportunidade para Profissionais Experientes - Magistrae","og_description":"Procura uma oportunidade de carreira em log\u00edstica? Descubra os detalhes da vaga para Coordenador de Log\u00edstica e Material e veja as vantagens deste cargo para profissionais experientes.","og_url":"https:\/\/magistrae.com\/es\/6136d3b3-1c20-4dc8-b1cf-e006826208e4\/","og_site_name":"Magistrae","article_published_time":"2026-04-02T22:08:00+00:00","article_modified_time":"2026-04-02T22:08:55+00:00","author":"Bruno Gianni","twitter_card":"summary_large_image","twitter_misc":{"Written by":"Bruno Gianni","Est. reading time":"3 minutos"},"schema":{"@context":"https:\/\/schema.org","@graph":[{"@type":"Article","@id":"https:\/\/magistrae.com\/6136d3b3-1c20-4dc8-b1cf-e006826208e4\/#article","isPartOf":{"@id":"https:\/\/magistrae.com\/6136d3b3-1c20-4dc8-b1cf-e006826208e4\/"},"author":{"name":"Bruno Gianni","@id":"https:\/\/magistrae.com\/#\/schema\/person\/d52888235fd6563bd07d97185d6a61e4"},"headline":"Coordenador de Log\u00edstica e Material: Oportunidade para Profissionais Experientes","datePublished":"2026-04-02T22:08:00+00:00","dateModified":"2026-04-02T22:08:55+00:00","mainEntityOfPage":{"@id":"https:\/\/magistrae.com\/6136d3b3-1c20-4dc8-b1cf-e006826208e4\/"},"wordCount":607,"commentCount":0,"publisher":{"@id":"https:\/\/magistrae.com\/#organization"},"articleSection":["Hidden"],"inLanguage":"es","potentialAction":[{"@type":"CommentAction","name":"Comment","target":["https:\/\/magistrae.com\/6136d3b3-1c20-4dc8-b1cf-e006826208e4\/#respond"]}]},{"@type":"WebPage","@id":"https:\/\/magistrae.com\/6136d3b3-1c20-4dc8-b1cf-e006826208e4\/","url":"https:\/\/magistrae.com\/6136d3b3-1c20-4dc8-b1cf-e006826208e4\/","name":"Coordenador de Log\u00edstica e Material: Oportunidade para Profissionais Experientes - Magistrae","isPartOf":{"@id":"https:\/\/magistrae.com\/#website"},"datePublished":"2026-04-02T22:08:00+00:00","dateModified":"2026-04-02T22:08:55+00:00","breadcrumb":{"@id":"https:\/\/magistrae.com\/6136d3b3-1c20-4dc8-b1cf-e006826208e4\/#breadcrumb"},"inLanguage":"es","potentialAction":[{"@type":"ReadAction","target":["https:\/\/magistrae.com\/6136d3b3-1c20-4dc8-b1cf-e006826208e4\/"]}]},{"@type":"BreadcrumbList","@id":"https:\/\/magistrae.com\/6136d3b3-1c20-4dc8-b1cf-e006826208e4\/#breadcrumb","itemListElement":[{"@type":"ListItem","position":1,"name":"Home","item":"https:\/\/magistrae.com\/"},{"@type":"ListItem","position":2,"name":"Coordenador de Log\u00edstica e Material: Oportunidade para Profissionais Experientes"}]},{"@type":"WebSite","@id":"https:\/\/magistrae.com\/#website","url":"https:\/\/magistrae.com\/","name":"Magistrae","description":"","publisher":{"@id":"https:\/\/magistrae.com\/#organization"},"potentialAction":[{"@type":"SearchAction","target":{"@type":"EntryPoint","urlTemplate":"https:\/\/magistrae.com\/?s={search_term_string}"},"query-input":"required name=search_term_string"}],"inLanguage":"es"},{"@type":"Organization","@id":"https:\/\/magistrae.com\/#organization","name":"Magistrae","url":"https:\/\/magistrae.com\/","logo":{"@type":"ImageObject","inLanguage":"es","@id":"https:\/\/magistrae.com\/#\/schema\/logo\/image\/","url":"https:\/\/magistrae.com\/wp-content\/uploads\/sites\/413\/2026\/03\/9_Magistrae.jpg","contentUrl":"https:\/\/magistrae.com\/wp-content\/uploads\/sites\/413\/2026\/03\/9_Magistrae.jpg","width":2000,"height":2000,"caption":"Magistrae"},"image":{"@id":"https:\/\/magistrae.com\/#\/schema\/logo\/image\/"}},{"@type":"Person","@id":"https:\/\/magistrae.com\/#\/schema\/person\/d52888235fd6563bd07d97185d6a61e4","name":"Bruno Gianni","image":{"@type":"ImageObject","inLanguage":"es","@id":"https:\/\/magistrae.com\/#\/schema\/person\/image\/","url":"https:\/\/secure.gravatar.com\/avatar\/0f5d42d7bf77874643c1478932860e3f?s=96&d=mm&r=g","contentUrl":"https:\/\/secure.gravatar.com\/avatar\/0f5d42d7bf77874643c1478932860e3f?s=96&d=mm&r=g","caption":"Bruno Gianni"},"description":"Bruno writes the way he lives, with curiosity, care, and respect for people. He likes to observe, listen, and try to understand what is happening on the other side before putting any words on the page.For him, writing is not about impressing, but about getting closer. It is about turning thoughts into something simple, clear, and real. Every text is an ongoing conversation, created with care and honesty, with the sincere intention of touching someone, somewhere along the way.","url":"https:\/\/magistrae.com\/es\/author\/bcgianni\/"}]}},"uagb_featured_image_src":{"full":false,"thumbnail":false,"medium":false,"medium_large":false,"large":false,"1536x1536":false,"2048x2048":false,"trp-custom-language-flag":false},"uagb_author_info":{"display_name":"Bruno Gianni","author_link":"https:\/\/magistrae.com\/es\/author\/bcgianni\/"},"uagb_comment_info":0,"uagb_excerpt":"Procura uma oportunidade de carreira em log\u00edstica? Descubra os detalhes da vaga para Coordenador de Log\u00edstica e Material e veja as vantagens deste cargo para profissionais experientes.","_links":{"self":[{"href":"https:\/\/magistrae.com\/es\/wp-json\/wp\/v2\/posts\/11412"}],"collection":[{"href":"https:\/\/magistrae.com\/es\/wp-json\/wp\/v2\/posts"}],"about":[{"href":"https:\/\/magistrae.com\/es\/wp-json\/wp\/v2\/types\/post"}],"author":[{"embeddable":true,"href":"https:\/\/magistrae.com\/es\/wp-json\/wp\/v2\/users\/3"}],"replies":[{"embeddable":true,"href":"https:\/\/magistrae.com\/es\/wp-json\/wp\/v2\/comments?post=11412"}],"version-history":[{"count":1,"href":"https:\/\/magistrae.com\/es\/wp-json\/wp\/v2\/posts\/11412\/revisions"}],"predecessor-version":[{"id":11421,"href":"https:\/\/magistrae.com\/es\/wp-json\/wp\/v2\/posts\/11412\/revisions\/11421"}],"wp:attachment":[{"href":"https:\/\/magistrae.com\/es\/wp-json\/wp\/v2\/media?parent=11412"}],"wp:term":[{"taxonomy":"category","embeddable":true,"href":"https:\/\/magistrae.com\/es\/wp-json\/wp\/v2\/categories?post=11412"},{"taxonomy":"post_tag","embeddable":true,"href":"https:\/\/magistrae.com\/es\/wp-json\/wp\/v2\/tags?post=11412"}],"curies":[{"name":"wp","href":"https:\/\/api.w.org\/{rel}","templated":true}]}}