{"id":11374,"date":"2026-04-02T14:04:00","date_gmt":"2026-04-02T14:04:00","guid":{"rendered":"https:\/\/magistrae.com\/2ed219a9-5f62-4aa6-bd1a-76c606e44320\/"},"modified":"2026-04-02T14:04:35","modified_gmt":"2026-04-02T14:04:35","slug":"2ed219a9-5f62-4aa6-bd1a-76c606e44320","status":"publish","type":"post","link":"https:\/\/magistrae.com\/es\/2ed219a9-5f62-4aa6-bd1a-76c606e44320\/","title":{"rendered":"Diretor Operacional de Log\u00edstica, Frota e Servi\u00e7os Gerais: Lideran\u00e7a e Oportunidades Reais"},"content":{"rendered":"<\/p>\n<\/p>\n<div style=\"background: #ffffff; border-radius: 12px; box-shadow: 0 10px 30px rgba(0, 0, 0, 0.1); width: 100%; max-width: 340px; padding: 25px; transition: transform 0.3s ease-in-out; overflow: visible; display: flex; flex-direction: column; position: relative; border: 1px solid #28a745; margin-top: 70px; margin-bottom: 50px; margin-left: auto; margin-right: auto;\">\n<div style=\"position: absolute; top: -35px; right: 15px; color: #28a745; padding: 5px 10px; border-radius: 6px; font-size: 14px; font-weight: bold; display: flex; align-items: center; z-index: 10;\">Recomendado para voc\u00ea<\/div>\n<div data-namespace-header=\"\" style=\"\">\n<h3 data-namespace-title=\"\" style=\"color: #333; font-size: 20px; font-weight: bold; text-align: left; margin-right: 50px; min-height: 50px; margin-top: 0px;\">Diretor Operacional de Log\u00edstica<\/h3>\n<\/p><\/div>\n<p data-namespace-prompt=\"\" style=\"font-size: 16px; color: #666; margin-bottom: 20px; line-height: 1.5; flex-grow: 1; text-align: left; margin-top: 0px;\">Coordene opera\u00e7\u00f5es de log\u00edstica, supervisione frotas e servi\u00e7os gerais com autonomia. Vaga valorizada para experientes na lideran\u00e7a de equipas e gest\u00e3o de stock. Candidate-se hoje!<\/p>\n<p>    <a data-namespace-url=\"\" href=\"https:\/\/magistrae.com\/es\/redirect\/?https:\/\/ao.empregosyoyota.net\/empregos\/diretor-operacional-de-logistica-frota-e-servicos-gerais-mf?utm_campaign=google_jobs_apply&#038;utm_source=google_jobs_apply&#038;utm_medium=organic\" style=\"width: 100%; display: inline-block; color: white; text-decoration: none; border-radius: 6px; font-size: 16px; font-weight: bold; text-align: center; transition: transform 0.3s ease, background 0.3s ease; margin-top: auto;\" data-namespace-id=\"5c0d2565-3ba9-4280-a382-ad2a691e2285\"><br \/>\n        <button style=\"width: 100%; height: 55px; background: #e9e9ed; border: 1px solid black; color: black;\">Candidatar-se \u00e0 vaga<\/button><br \/>\n    <\/a><br \/>\n    <small style=\"margin-top: 10px; color: #777; font-size: 12px; text-align: center; display: block;\">Voc\u00ea ser\u00e1 redirigido a otro sitio<\/small>\n<\/div>\n<h2>Principais Responsabilidades do Cargo<\/h2>\n<p>A fun\u00e7\u00e3o de Diretor Operacional de Log\u00edstica, Frota e Servi\u00e7os Gerais destaca-se pela coordena\u00e7\u00e3o eficiente dos armaz\u00e9ns e entrega dos materiais.<\/p>\n<p>O profissional ser\u00e1 respons\u00e1vel por gerir entradas e sa\u00eddas, realizar invent\u00e1rios, solucionar discrep\u00e2ncias e manter os sistemas de ERP atualizados.<\/p>\n<p>Neste cargo, tamb\u00e9m se espera a supervis\u00e3o rigorosa da frota de viaturas, desde manuten\u00e7\u00e3o preventiva at\u00e9 \u00e0 documenta\u00e7\u00e3o e seguro.<\/p>\n<p>Na vertente de servi\u00e7os gerais, o Diretor dever\u00e1 coordenar contratos de manuten\u00e7\u00e3o, limpeza e aprovisionamento dos recursos essenciais.<\/p>\n<p>\u00c9 exigida uma postura din\u00e2mica, com foco em resultados e excel\u00eancia na organiza\u00e7\u00e3o e lideran\u00e7a de equipas multidisciplinares.<\/p>\n<h2>Vantagens de Assumir esta Fun\u00e7\u00e3o<\/h2>\n<p>O cargo oferece grande autonomia, permitindo envolvimento direto na melhoria dos processos internos e desenvolvimento das equipas.<\/p>\n<p>Reconhecimento profissional \u00e9 evidente para quem apresenta experi\u00eancia s\u00f3lida e obtainha resultados positivos, promovendo crescimento na carreira.<\/p>\n<p>O trabalho di\u00e1rio \u00e9 diversificado, garantindo aprendizagem cont\u00ednua e contacto com diferentes \u00e1reas de neg\u00f3cio com impacto estrat\u00e9gico.<\/p>\n<p>Al\u00e9m disso, ter\u00e1 acesso a sistemas de \u00faltima gera\u00e7\u00e3o em gest\u00e3o log\u00edstica e frota.<\/p>\n<p>O ambiente profissional favorece o desenvolvimento de compet\u00eancias de lideran\u00e7a e tomada de decis\u00e3o.<\/p>\n<h2>Desventajas a considerar<\/h2>\n<p>Este \u00e9 um cargo exigente, onde a press\u00e3o por resultados pode ser constante, especialmente nas \u00e9pocas de maior movimenta\u00e7\u00e3o.<\/p>\n<p>A responsabilidade de gerir v\u00e1rias \u00e1reas simultaneamente pode gerar desafios relacionados com o equil\u00edbrio entre trabalho e vida pessoal.<\/p>\n<p>Existe sempre o risco de imprevistos, como avarias graves na frota ou discrep\u00e2ncias inesperadas no invent\u00e1rio.<\/p>\n<p>A fun\u00e7\u00e3o pode exigir disponibilidade fora do hor\u00e1rio tradicional, devido \u00e0 necessidade de resposta r\u00e1pida a urg\u00eancias operacionais.<\/p>\n<p>Adapta\u00e7\u00e3o a diferentes equipas e culturas pode representar um desafio adicional \u00e0 integra\u00e7\u00e3o inicial.<\/p>\n<h2>Veredito Final<\/h2>\n<p>Esta vaga de Diretor Operacional de Log\u00edstica, Frota e Servi\u00e7os Gerais \u00e9 indicada para profissionais experientes, resilientes e apaixonados pela excel\u00eancia operacional.<\/p>\n<p>Se possui experi\u00eancia comprovada em lideran\u00e7a e gest\u00e3o log\u00edstica, este \u00e9, sem d\u00favida, um passo valioso para o seu crescimento profissional.<\/p>\n<p>As oportunidades de evolu\u00e7\u00e3o e impacto na organiza\u00e7\u00e3o fazem desta oferta uma das mais atrativas atualmente dispon\u00edveis no mercado.<\/p>\n<p>A candidatura pode ser o impulso de carreira que procura, especialmente se valoriza desafios constantes e autonomia.<\/p>\n<p>Considere este cargo como uma escolha estrat\u00e9gica para fortalecer a sua carreira, caso se identifique com o perfil procurado.<\/p>\n<div style=\"background: #ffffff; border-radius: 12px; box-shadow: 0 10px 30px rgba(0, 0, 0, 0.1); width: 100%; max-width: 340px; padding: 25px; transition: transform 0.3s ease-in-out; overflow: visible; display: flex; flex-direction: column; position: relative; border: 1px solid #28a745; margin-top: 70px; margin-bottom: 50px; margin-left: auto; margin-right: auto;\">\n<div style=\"position: absolute; top: -35px; right: 15px; color: #28a745; padding: 5px 10px; border-radius: 6px; font-size: 14px; font-weight: bold; display: flex; align-items: center; z-index: 10;\">Recomendado para voc\u00ea<\/div>\n<div data-namespace-header=\"\" style=\"\">\n<h3 data-namespace-title=\"\" style=\"color: #333; font-size: 20px; font-weight: bold; text-align: left; margin-right: 50px; min-height: 50px; margin-top: 0px;\">Diretor Operacional de Log\u00edstica<\/h3>\n<\/p><\/div>\n<p data-namespace-prompt=\"\" style=\"font-size: 16px; color: #666; margin-bottom: 20px; line-height: 1.5; flex-grow: 1; text-align: left; margin-top: 0px;\">Coordene opera\u00e7\u00f5es de log\u00edstica, supervisione frotas e servi\u00e7os gerais com autonomia. Vaga valorizada para experientes na lideran\u00e7a de equipas e gest\u00e3o de stock. Candidate-se hoje!<\/p>\n<p>    <a data-namespace-url=\"\" href=\"https:\/\/magistrae.com\/es\/redirect\/?https:\/\/ao.empregosyoyota.net\/empregos\/diretor-operacional-de-logistica-frota-e-servicos-gerais-mf?utm_campaign=google_jobs_apply&#038;utm_source=google_jobs_apply&#038;utm_medium=organic\" style=\"width: 100%; display: inline-block; color: white; text-decoration: none; border-radius: 6px; font-size: 16px; font-weight: bold; text-align: center; transition: transform 0.3s ease, background 0.3s ease; margin-top: auto;\" data-namespace-id=\"5c0d2565-3ba9-4280-a382-ad2a691e2285\"><br \/>\n        <button style=\"width: 100%; height: 55px; background: #e9e9ed; border: 1px solid black; color: black;\">Candidatar-se \u00e0 vaga<\/button><br \/>\n    <\/a><br \/>\n    <small style=\"margin-top: 10px; color: #777; font-size: 12px; text-align: center; display: block;\">Voc\u00ea ser\u00e1 redirigido a otro sitio<\/small>\n<\/div>","protected":false},"excerpt":{"rendered":"<p>Vaga para Diretor Operacional de Log\u00edstica, Frota e Servi\u00e7os Gerais para experientes em gest\u00e3o, invent\u00e1rio e lideran\u00e7a. Oportunidade real para crescimento profissional! Seja protagonista da sua carreira.<\/p>","protected":false},"author":3,"featured_media":0,"comment_status":"open","ping_status":"open","sticky":false,"template":"","format":"standard","meta":{"_uag_custom_page_level_css":"","site-sidebar-layout":"default","site-content-layout":"","ast-site-content-layout":"","site-content-style":"default","site-sidebar-style":"default","ast-global-header-display":"","ast-banner-title-visibility":"","ast-main-header-display":"","ast-hfb-above-header-display":"","ast-hfb-below-header-display":"","ast-hfb-mobile-header-display":"","site-post-title":"","ast-breadcrumbs-content":"","ast-featured-img":"","footer-sml-layout":"","theme-transparent-header-meta":"","adv-header-id-meta":"","stick-header-meta":"","header-above-stick-meta":"","header-main-stick-meta":"","header-below-stick-meta":"","astra-migrate-meta-layouts":"default","ast-page-background-enabled":"default","ast-page-background-meta":{"desktop":{"background-color":"var(--ast-global-color-4)","background-image":"","background-repeat":"repeat","background-position":"center center","background-size":"auto","background-attachment":"scroll","background-type":"","background-media":"","overlay-type":"","overlay-color":"","overlay-opacity":"","overlay-gradient":""},"tablet":{"background-color":"","background-image":"","background-repeat":"repeat","background-position":"center center","background-size":"auto","background-attachment":"scroll","background-type":"","background-media":"","overlay-type":"","overlay-color":"","overlay-opacity":"","overlay-gradient":""},"mobile":{"background-color":"","background-image":"","background-repeat":"repeat","background-position":"center center","background-size":"auto","background-attachment":"scroll","background-type":"","background-media":"","overlay-type":"","overlay-color":"","overlay-opacity":"","overlay-gradient":""}},"ast-content-background-meta":{"desktop":{"background-color":"var(--ast-global-color-5)","background-image":"","background-repeat":"repeat","background-position":"center center","background-size":"auto","background-attachment":"scroll","background-type":"","background-media":"","overlay-type":"","overlay-color":"","overlay-opacity":"","overlay-gradient":""},"tablet":{"background-color":"var(--ast-global-color-5)","background-image":"","background-repeat":"repeat","background-position":"center center","background-size":"auto","background-attachment":"scroll","background-type":"","background-media":"","overlay-type":"","overlay-color":"","overlay-opacity":"","overlay-gradient":""},"mobile":{"background-color":"var(--ast-global-color-5)","background-image":"","background-repeat":"repeat","background-position":"center center","background-size":"auto","background-attachment":"scroll","background-type":"","background-media":"","overlay-type":"","overlay-color":"","overlay-opacity":"","overlay-gradient":""}},"footnotes":""},"categories":[14],"tags":[],"yoast_head":"<!-- This site is optimized with the Yoast SEO plugin v23.3 - https:\/\/yoast.com\/wordpress\/plugins\/seo\/ -->\n<title>Diretor Operacional de Log\u00edstica, Frota e Servi\u00e7os Gerais: Lideran\u00e7a e Oportunidades Reais - Magistrae<\/title>\n<meta name=\"robots\" content=\"index, follow, max-snippet:-1, max-image-preview:large, max-video-preview:-1\" \/>\n<link rel=\"canonical\" href=\"https:\/\/magistrae.com\/es\/2ed219a9-5f62-4aa6-bd1a-76c606e44320\/\" \/>\n<meta property=\"og:locale\" content=\"es_ES\" \/>\n<meta property=\"og:type\" content=\"article\" \/>\n<meta property=\"og:title\" content=\"Diretor Operacional de Log\u00edstica, Frota e Servi\u00e7os Gerais: Lideran\u00e7a e Oportunidades Reais - Magistrae\" \/>\n<meta property=\"og:description\" content=\"Vaga para Diretor Operacional de Log\u00edstica, Frota e Servi\u00e7os Gerais para experientes em gest\u00e3o, invent\u00e1rio e lideran\u00e7a. Oportunidade real para crescimento profissional! Seja protagonista da sua carreira.\" \/>\n<meta property=\"og:url\" content=\"https:\/\/magistrae.com\/es\/2ed219a9-5f62-4aa6-bd1a-76c606e44320\/\" \/>\n<meta property=\"og:site_name\" content=\"Magistrae\" \/>\n<meta property=\"article:published_time\" content=\"2026-04-02T14:04:00+00:00\" \/>\n<meta property=\"article:modified_time\" content=\"2026-04-02T14:04:35+00:00\" \/>\n<meta name=\"author\" content=\"Bruno Gianni\" \/>\n<meta name=\"twitter:card\" content=\"summary_large_image\" \/>\n<meta name=\"twitter:label1\" content=\"Written by\" \/>\n\t<meta name=\"twitter:data1\" content=\"Bruno Gianni\" \/>\n\t<meta name=\"twitter:label2\" content=\"Est. reading time\" \/>\n\t<meta name=\"twitter:data2\" content=\"3 minutos\" \/>\n<script type=\"application\/ld+json\" class=\"yoast-schema-graph\">{\"@context\":\"https:\/\/schema.org\",\"@graph\":[{\"@type\":\"Article\",\"@id\":\"https:\/\/magistrae.com\/2ed219a9-5f62-4aa6-bd1a-76c606e44320\/#article\",\"isPartOf\":{\"@id\":\"https:\/\/magistrae.com\/2ed219a9-5f62-4aa6-bd1a-76c606e44320\/\"},\"author\":{\"name\":\"Bruno Gianni\",\"@id\":\"https:\/\/magistrae.com\/#\/schema\/person\/d52888235fd6563bd07d97185d6a61e4\"},\"headline\":\"Diretor Operacional de Log\u00edstica, Frota e Servi\u00e7os Gerais: Lideran\u00e7a e Oportunidades Reais\",\"datePublished\":\"2026-04-02T14:04:00+00:00\",\"dateModified\":\"2026-04-02T14:04:35+00:00\",\"mainEntityOfPage\":{\"@id\":\"https:\/\/magistrae.com\/2ed219a9-5f62-4aa6-bd1a-76c606e44320\/\"},\"wordCount\":530,\"commentCount\":0,\"publisher\":{\"@id\":\"https:\/\/magistrae.com\/#organization\"},\"articleSection\":[\"Hidden\"],\"inLanguage\":\"es\",\"potentialAction\":[{\"@type\":\"CommentAction\",\"name\":\"Comment\",\"target\":[\"https:\/\/magistrae.com\/2ed219a9-5f62-4aa6-bd1a-76c606e44320\/#respond\"]}]},{\"@type\":\"WebPage\",\"@id\":\"https:\/\/magistrae.com\/2ed219a9-5f62-4aa6-bd1a-76c606e44320\/\",\"url\":\"https:\/\/magistrae.com\/2ed219a9-5f62-4aa6-bd1a-76c606e44320\/\",\"name\":\"Diretor Operacional de Log\u00edstica, Frota e Servi\u00e7os Gerais: Lideran\u00e7a e Oportunidades Reais - Magistrae\",\"isPartOf\":{\"@id\":\"https:\/\/magistrae.com\/#website\"},\"datePublished\":\"2026-04-02T14:04:00+00:00\",\"dateModified\":\"2026-04-02T14:04:35+00:00\",\"breadcrumb\":{\"@id\":\"https:\/\/magistrae.com\/2ed219a9-5f62-4aa6-bd1a-76c606e44320\/#breadcrumb\"},\"inLanguage\":\"es\",\"potentialAction\":[{\"@type\":\"ReadAction\",\"target\":[\"https:\/\/magistrae.com\/2ed219a9-5f62-4aa6-bd1a-76c606e44320\/\"]}]},{\"@type\":\"BreadcrumbList\",\"@id\":\"https:\/\/magistrae.com\/2ed219a9-5f62-4aa6-bd1a-76c606e44320\/#breadcrumb\",\"itemListElement\":[{\"@type\":\"ListItem\",\"position\":1,\"name\":\"Home\",\"item\":\"https:\/\/magistrae.com\/\"},{\"@type\":\"ListItem\",\"position\":2,\"name\":\"Diretor Operacional de Log\u00edstica, Frota e Servi\u00e7os Gerais: Lideran\u00e7a e Oportunidades Reais\"}]},{\"@type\":\"WebSite\",\"@id\":\"https:\/\/magistrae.com\/#website\",\"url\":\"https:\/\/magistrae.com\/\",\"name\":\"Magistrae\",\"description\":\"\",\"publisher\":{\"@id\":\"https:\/\/magistrae.com\/#organization\"},\"potentialAction\":[{\"@type\":\"SearchAction\",\"target\":{\"@type\":\"EntryPoint\",\"urlTemplate\":\"https:\/\/magistrae.com\/?s={search_term_string}\"},\"query-input\":\"required name=search_term_string\"}],\"inLanguage\":\"es\"},{\"@type\":\"Organization\",\"@id\":\"https:\/\/magistrae.com\/#organization\",\"name\":\"Magistrae\",\"url\":\"https:\/\/magistrae.com\/\",\"logo\":{\"@type\":\"ImageObject\",\"inLanguage\":\"es\",\"@id\":\"https:\/\/magistrae.com\/#\/schema\/logo\/image\/\",\"url\":\"https:\/\/magistrae.com\/wp-content\/uploads\/sites\/413\/2026\/03\/9_Magistrae.jpg\",\"contentUrl\":\"https:\/\/magistrae.com\/wp-content\/uploads\/sites\/413\/2026\/03\/9_Magistrae.jpg\",\"width\":2000,\"height\":2000,\"caption\":\"Magistrae\"},\"image\":{\"@id\":\"https:\/\/magistrae.com\/#\/schema\/logo\/image\/\"}},{\"@type\":\"Person\",\"@id\":\"https:\/\/magistrae.com\/#\/schema\/person\/d52888235fd6563bd07d97185d6a61e4\",\"name\":\"Bruno Gianni\",\"image\":{\"@type\":\"ImageObject\",\"inLanguage\":\"es\",\"@id\":\"https:\/\/magistrae.com\/#\/schema\/person\/image\/\",\"url\":\"https:\/\/secure.gravatar.com\/avatar\/0f5d42d7bf77874643c1478932860e3f?s=96&d=mm&r=g\",\"contentUrl\":\"https:\/\/secure.gravatar.com\/avatar\/0f5d42d7bf77874643c1478932860e3f?s=96&d=mm&r=g\",\"caption\":\"Bruno Gianni\"},\"description\":\"Bruno writes the way he lives, with curiosity, care, and respect for people. He likes to observe, listen, and try to understand what is happening on the other side before putting any words on the page.For him, writing is not about impressing, but about getting closer. It is about turning thoughts into something simple, clear, and real. Every text is an ongoing conversation, created with care and honesty, with the sincere intention of touching someone, somewhere along the way.\",\"url\":\"https:\/\/magistrae.com\/es\/author\/bcgianni\/\"}]}<\/script>\n<!-- \/ Yoast SEO plugin. -->","yoast_head_json":{"title":"Diretor Operacional de Log\u00edstica, Frota e Servi\u00e7os Gerais: Lideran\u00e7a e Oportunidades Reais - Magistrae","robots":{"index":"index","follow":"follow","max-snippet":"max-snippet:-1","max-image-preview":"max-image-preview:large","max-video-preview":"max-video-preview:-1"},"canonical":"https:\/\/magistrae.com\/es\/2ed219a9-5f62-4aa6-bd1a-76c606e44320\/","og_locale":"es_ES","og_type":"article","og_title":"Diretor Operacional de Log\u00edstica, Frota e Servi\u00e7os Gerais: Lideran\u00e7a e Oportunidades Reais - Magistrae","og_description":"Vaga para Diretor Operacional de Log\u00edstica, Frota e Servi\u00e7os Gerais para experientes em gest\u00e3o, invent\u00e1rio e lideran\u00e7a. Oportunidade real para crescimento profissional! Seja protagonista da sua carreira.","og_url":"https:\/\/magistrae.com\/es\/2ed219a9-5f62-4aa6-bd1a-76c606e44320\/","og_site_name":"Magistrae","article_published_time":"2026-04-02T14:04:00+00:00","article_modified_time":"2026-04-02T14:04:35+00:00","author":"Bruno Gianni","twitter_card":"summary_large_image","twitter_misc":{"Written by":"Bruno Gianni","Est. reading time":"3 minutos"},"schema":{"@context":"https:\/\/schema.org","@graph":[{"@type":"Article","@id":"https:\/\/magistrae.com\/2ed219a9-5f62-4aa6-bd1a-76c606e44320\/#article","isPartOf":{"@id":"https:\/\/magistrae.com\/2ed219a9-5f62-4aa6-bd1a-76c606e44320\/"},"author":{"name":"Bruno Gianni","@id":"https:\/\/magistrae.com\/#\/schema\/person\/d52888235fd6563bd07d97185d6a61e4"},"headline":"Diretor Operacional de Log\u00edstica, Frota e Servi\u00e7os Gerais: Lideran\u00e7a e Oportunidades Reais","datePublished":"2026-04-02T14:04:00+00:00","dateModified":"2026-04-02T14:04:35+00:00","mainEntityOfPage":{"@id":"https:\/\/magistrae.com\/2ed219a9-5f62-4aa6-bd1a-76c606e44320\/"},"wordCount":530,"commentCount":0,"publisher":{"@id":"https:\/\/magistrae.com\/#organization"},"articleSection":["Hidden"],"inLanguage":"es","potentialAction":[{"@type":"CommentAction","name":"Comment","target":["https:\/\/magistrae.com\/2ed219a9-5f62-4aa6-bd1a-76c606e44320\/#respond"]}]},{"@type":"WebPage","@id":"https:\/\/magistrae.com\/2ed219a9-5f62-4aa6-bd1a-76c606e44320\/","url":"https:\/\/magistrae.com\/2ed219a9-5f62-4aa6-bd1a-76c606e44320\/","name":"Diretor Operacional de Log\u00edstica, Frota e Servi\u00e7os Gerais: Lideran\u00e7a e Oportunidades Reais - Magistrae","isPartOf":{"@id":"https:\/\/magistrae.com\/#website"},"datePublished":"2026-04-02T14:04:00+00:00","dateModified":"2026-04-02T14:04:35+00:00","breadcrumb":{"@id":"https:\/\/magistrae.com\/2ed219a9-5f62-4aa6-bd1a-76c606e44320\/#breadcrumb"},"inLanguage":"es","potentialAction":[{"@type":"ReadAction","target":["https:\/\/magistrae.com\/2ed219a9-5f62-4aa6-bd1a-76c606e44320\/"]}]},{"@type":"BreadcrumbList","@id":"https:\/\/magistrae.com\/2ed219a9-5f62-4aa6-bd1a-76c606e44320\/#breadcrumb","itemListElement":[{"@type":"ListItem","position":1,"name":"Home","item":"https:\/\/magistrae.com\/"},{"@type":"ListItem","position":2,"name":"Diretor Operacional de Log\u00edstica, Frota e Servi\u00e7os Gerais: Lideran\u00e7a e Oportunidades Reais"}]},{"@type":"WebSite","@id":"https:\/\/magistrae.com\/#website","url":"https:\/\/magistrae.com\/","name":"Magistrae","description":"","publisher":{"@id":"https:\/\/magistrae.com\/#organization"},"potentialAction":[{"@type":"SearchAction","target":{"@type":"EntryPoint","urlTemplate":"https:\/\/magistrae.com\/?s={search_term_string}"},"query-input":"required name=search_term_string"}],"inLanguage":"es"},{"@type":"Organization","@id":"https:\/\/magistrae.com\/#organization","name":"Magistrae","url":"https:\/\/magistrae.com\/","logo":{"@type":"ImageObject","inLanguage":"es","@id":"https:\/\/magistrae.com\/#\/schema\/logo\/image\/","url":"https:\/\/magistrae.com\/wp-content\/uploads\/sites\/413\/2026\/03\/9_Magistrae.jpg","contentUrl":"https:\/\/magistrae.com\/wp-content\/uploads\/sites\/413\/2026\/03\/9_Magistrae.jpg","width":2000,"height":2000,"caption":"Magistrae"},"image":{"@id":"https:\/\/magistrae.com\/#\/schema\/logo\/image\/"}},{"@type":"Person","@id":"https:\/\/magistrae.com\/#\/schema\/person\/d52888235fd6563bd07d97185d6a61e4","name":"Bruno Gianni","image":{"@type":"ImageObject","inLanguage":"es","@id":"https:\/\/magistrae.com\/#\/schema\/person\/image\/","url":"https:\/\/secure.gravatar.com\/avatar\/0f5d42d7bf77874643c1478932860e3f?s=96&d=mm&r=g","contentUrl":"https:\/\/secure.gravatar.com\/avatar\/0f5d42d7bf77874643c1478932860e3f?s=96&d=mm&r=g","caption":"Bruno Gianni"},"description":"Bruno writes the way he lives, with curiosity, care, and respect for people. He likes to observe, listen, and try to understand what is happening on the other side before putting any words on the page.For him, writing is not about impressing, but about getting closer. It is about turning thoughts into something simple, clear, and real. Every text is an ongoing conversation, created with care and honesty, with the sincere intention of touching someone, somewhere along the way.","url":"https:\/\/magistrae.com\/es\/author\/bcgianni\/"}]}},"uagb_featured_image_src":{"full":false,"thumbnail":false,"medium":false,"medium_large":false,"large":false,"1536x1536":false,"2048x2048":false,"trp-custom-language-flag":false},"uagb_author_info":{"display_name":"Bruno Gianni","author_link":"https:\/\/magistrae.com\/es\/author\/bcgianni\/"},"uagb_comment_info":0,"uagb_excerpt":"Vaga para Diretor Operacional de Log\u00edstica, Frota e Servi\u00e7os Gerais para experientes em gest\u00e3o, invent\u00e1rio e lideran\u00e7a. Oportunidade real para crescimento profissional! Seja protagonista da sua carreira.","_links":{"self":[{"href":"https:\/\/magistrae.com\/es\/wp-json\/wp\/v2\/posts\/11374"}],"collection":[{"href":"https:\/\/magistrae.com\/es\/wp-json\/wp\/v2\/posts"}],"about":[{"href":"https:\/\/magistrae.com\/es\/wp-json\/wp\/v2\/types\/post"}],"author":[{"embeddable":true,"href":"https:\/\/magistrae.com\/es\/wp-json\/wp\/v2\/users\/3"}],"replies":[{"embeddable":true,"href":"https:\/\/magistrae.com\/es\/wp-json\/wp\/v2\/comments?post=11374"}],"version-history":[{"count":1,"href":"https:\/\/magistrae.com\/es\/wp-json\/wp\/v2\/posts\/11374\/revisions"}],"predecessor-version":[{"id":11376,"href":"https:\/\/magistrae.com\/es\/wp-json\/wp\/v2\/posts\/11374\/revisions\/11376"}],"wp:attachment":[{"href":"https:\/\/magistrae.com\/es\/wp-json\/wp\/v2\/media?parent=11374"}],"wp:term":[{"taxonomy":"category","embeddable":true,"href":"https:\/\/magistrae.com\/es\/wp-json\/wp\/v2\/categories?post=11374"},{"taxonomy":"post_tag","embeddable":true,"href":"https:\/\/magistrae.com\/es\/wp-json\/wp\/v2\/tags?post=11374"}],"curies":[{"name":"wp","href":"https:\/\/api.w.org\/{rel}","templated":true}]}}