{"id":11373,"date":"2026-04-02T14:04:00","date_gmt":"2026-04-02T14:04:00","guid":{"rendered":"https:\/\/magistrae.com\/7f2f97b5-ab3e-46d1-a54d-58631e1c0bf6\/"},"modified":"2026-04-02T14:04:30","modified_gmt":"2026-04-02T14:04:30","slug":"7f2f97b5-ab3e-46d1-a54d-58631e1c0bf6","status":"publish","type":"post","link":"https:\/\/magistrae.com\/es\/7f2f97b5-ab3e-46d1-a54d-58631e1c0bf6\/","title":{"rendered":"Coordenador de Servi\u00e7os Gerais: Lideran\u00e7a e Oportunidades de Crescimento"},"content":{"rendered":"<\/p>\n<\/p>\n<div style=\"background: #ffffff; border-radius: 12px; box-shadow: 0 10px 30px rgba(0, 0, 0, 0.1); width: 100%; max-width: 340px; padding: 25px; transition: transform 0.3s ease-in-out; overflow: visible; display: flex; flex-direction: column; position: relative; border: 1px solid #28a745; margin-top: 70px; margin-bottom: 50px; margin-left: auto; margin-right: auto;\">\n<div style=\"position: absolute; top: -35px; right: 15px; color: #28a745; padding: 5px 10px; border-radius: 6px; font-size: 14px; font-weight: bold; display: flex; align-items: center; z-index: 10;\">Recomendado para si<\/div>\n<div data-namespace-header=\"\" style=\"\">\n<h3 data-namespace-title=\"\" style=\"color: #333; font-size: 20px; font-weight: bold; text-align: left; margin-right: 50px; min-height: 50px; margin-top: 0px;\">Coordenador de Servi\u00e7os Gerais<\/h3>\n<\/p><\/div>\n<p data-namespace-prompt=\"\" style=\"font-size: 16px; color: #666; margin-bottom: 20px; line-height: 1.5; flex-grow: 1; text-align: left; margin-top: 0px;\">Gest\u00e3o administrativa, lideran\u00e7a de equipa, supervis\u00e3o de manuten\u00e7\u00e3o, seguran\u00e7a e controlo de frotas. Cres\u00e7a numa empresa consolidada e desenvolva as suas capacidades.<\/p>\n<p> <a data-namespace-url=\"\" href=\"https:\/\/magistrae.com\/es\/redirect\/?https:\/\/jobs.keptpeople.com\/jobs\/coordenador-de-servicos-gerais-m-f-luanda?utm_campaign=google_jobs_apply&#038;utm_source=google_jobs_apply&#038;utm_medium=organic\" style=\"width: 100%; display: inline-block; color: white; text-decoration: none; border-radius: 6px; font-size: 16px; font-weight: bold; text-align: center; transition: transform 0.3s ease, background 0.3s ease; margin-top: auto;\" data-namespace-id=\"5c0d2565-3ba9-4280-a382-ad2a691e2285\"> <button style=\"width: 100%; height: 55px; background: #e9e9ed; border: 1px solid black; color: black;\">Candidatar-se \u00e0 vaga<\/button> <\/a> <small style=\"margin-top: 10px; color: #777; font-size: 12px; text-align: center; display: block;\">Ser\u00e1 redireccionado para otro sitio<\/small> <\/div>\n<p>Para quem procura uma posi\u00e7\u00e3o desafiante com estabilidade, a fun\u00e7\u00e3o de Coordenador de Servi\u00e7os Gerais pode ser o pr\u00f3ximo passo na sua carreira. O posto apresenta jornada integral e exige um perfil operacional, sendo necess\u00e1rio ter experi\u00eancia pr\u00e9via e capacidade de lideran\u00e7a.<\/p>\n<p>O candidato ideal contar\u00e1 com conhecimento em gest\u00e3o administrativa, de frota, patrim\u00f3nio e seguran\u00e7a de instala\u00e7\u00f5es. Al\u00e9m disso, ter\u00e1 de gerir contratos de servi\u00e7os, analisar gastos e sugerir melhorias operacionais.<\/p>\n<p><strong>Principais Responsabilidades<\/strong><\/p>\n<h3>O que faz um Coordenador de Servi\u00e7os Gerais?<\/h3>\n<p>No dia a dia, ir\u00e1 supervisionar actividades administrativas, controlar compras, frota, seguran\u00e7a e manuten\u00e7\u00e3o das instala\u00e7\u00f5es e gerir contratos de fornecedores.<\/p>\n<p>Tamb\u00e9m ser\u00e1 respons\u00e1vel por analisar gastos, optimizar recursos financeiros e implementar boas pr\u00e1ticas administrativas para garantir efici\u00eancia e conformidade operacional.<\/p>\n<p>Outro ponto fundamental do papel \u00e9 a supervis\u00e3o da equipa, desde pessoal de limpeza, manuten\u00e7\u00e3o, at\u00e9 seguran\u00e7a. A capacidade de identificar solu\u00e7\u00f5es tecnol\u00f3gicas para melhorar processos \u00e9 altamente valorizada.<\/p>\n<p>\u00c9 esperado que colabore com outros departamentos, monitorando e propondo melhorias para garantir que os objetivos da empresa sejam atingidos.<\/p>\n<p>Por fim, o controlo de pol\u00edticas de seguran\u00e7a e stock de materiais de escrit\u00f3rio faz parte integrante desta rotina, exigindo aten\u00e7\u00e3o ao detalhe e sentido pr\u00e1tico.<\/p>\n<h3>Puntos Positivos<\/h3>\n<p>Trabalhar numa empresa s\u00f3lida traz estabilidade e oportunidades de evolu\u00e7\u00e3o profissional. O contacto directo com m\u00faltiplas \u00e1reas promove crescimento multidisciplinar.<\/p>\n<p>S\u00e3o valorizadas a lideran\u00e7a e inova\u00e7\u00e3o, com possibilidades verdadeiras de implementa\u00e7\u00e3o de melhorias e participa\u00e7\u00e3o activa na estrat\u00e9gia operacional da empresa.<\/p>\n<h3>Pontos Menos Favor\u00e1veis<\/h3>\n<p>O cargo exige forte responsabilidade e alta carga de trabalho, podendo ser exigente em per\u00edodos de picos de actividade ou mudan\u00e7as organizacionais.<\/p>\n<p>Nalguns momentos, a gest\u00e3o de m\u00faltiplos fornecedores e tarefas pode trazer press\u00e3o adicional e necessidade de adapta\u00e7\u00e3o constante.<\/p>\n<h3>Veredito Final<\/h3>\n<p>Este \u00e9 um emprego recomend\u00e1vel para quem tem experi\u00eancia comprovada e motiva\u00e7\u00e3o para liderar equipas, controlar processos e buscar continuamente a excel\u00eancia operacional. Encare este desafio para crescer na carreira e contribuir activamente para o desenvolvimento da empresa.<\/p>\n<div style=\"background: #ffffff; border-radius: 12px; box-shadow: 0 10px 30px rgba(0, 0, 0, 0.1); width: 100%; max-width: 340px; padding: 25px; transition: transform 0.3s ease-in-out; overflow: visible; display: flex; flex-direction: column; position: relative; border: 1px solid #28a745; margin-top: 70px; margin-bottom: 50px; margin-left: auto; margin-right: auto;\">\n<div style=\"position: absolute; top: -35px; right: 15px; color: #28a745; padding: 5px 10px; border-radius: 6px; font-size: 14px; font-weight: bold; display: flex; align-items: center; z-index: 10;\">Recomendado para si<\/div>\n<div data-namespace-header=\"\" style=\"\">\n<h3 data-namespace-title=\"\" style=\"color: #333; font-size: 20px; font-weight: bold; text-align: left; margin-right: 50px; min-height: 50px; margin-top: 0px;\">Coordenador de Servi\u00e7os Gerais<\/h3>\n<\/p><\/div>\n<p data-namespace-prompt=\"\" style=\"font-size: 16px; color: #666; margin-bottom: 20px; line-height: 1.5; flex-grow: 1; text-align: left; margin-top: 0px;\">Gest\u00e3o administrativa, lideran\u00e7a de equipa, supervis\u00e3o de manuten\u00e7\u00e3o, seguran\u00e7a e controlo de frotas. Cres\u00e7a numa empresa consolidada e desenvolva as suas capacidades.<\/p>\n<p> <a data-namespace-url=\"\" href=\"https:\/\/magistrae.com\/es\/redirect\/?https:\/\/jobs.keptpeople.com\/jobs\/coordenador-de-servicos-gerais-m-f-luanda?utm_campaign=google_jobs_apply&#038;utm_source=google_jobs_apply&#038;utm_medium=organic\" style=\"width: 100%; display: inline-block; color: white; text-decoration: none; border-radius: 6px; font-size: 16px; font-weight: bold; text-align: center; transition: transform 0.3s ease, background 0.3s ease; margin-top: auto;\" data-namespace-id=\"5c0d2565-3ba9-4280-a382-ad2a691e2285\"> <button style=\"width: 100%; height: 55px; background: #e9e9ed; border: 1px solid black; color: black;\">Candidatar-se \u00e0 vaga<\/button> <\/a> <small style=\"margin-top: 10px; color: #777; font-size: 12px; text-align: center; display: block;\">Ser\u00e1 redireccionado para otro sitio<\/small> <\/div>","protected":false},"excerpt":{"rendered":"<p>Explore a fun\u00e7\u00e3o de Coordenador de Servi\u00e7os Gerais, descubra responsabilidades, pontos fortes e desafios da vaga e veja se re\u00fane o perfil adequado para esta oportunidade profissional agora mesmo!<\/p>","protected":false},"author":3,"featured_media":0,"comment_status":"open","ping_status":"open","sticky":false,"template":"","format":"standard","meta":{"_uag_custom_page_level_css":"","site-sidebar-layout":"default","site-content-layout":"","ast-site-content-layout":"","site-content-style":"default","site-sidebar-style":"default","ast-global-header-display":"","ast-banner-title-visibility":"","ast-main-header-display":"","ast-hfb-above-header-display":"","ast-hfb-below-header-display":"","ast-hfb-mobile-header-display":"","site-post-title":"","ast-breadcrumbs-content":"","ast-featured-img":"","footer-sml-layout":"","theme-transparent-header-meta":"","adv-header-id-meta":"","stick-header-meta":"","header-above-stick-meta":"","header-main-stick-meta":"","header-below-stick-meta":"","astra-migrate-meta-layouts":"default","ast-page-background-enabled":"default","ast-page-background-meta":{"desktop":{"background-color":"var(--ast-global-color-4)","background-image":"","background-repeat":"repeat","background-position":"center center","background-size":"auto","background-attachment":"scroll","background-type":"","background-media":"","overlay-type":"","overlay-color":"","overlay-opacity":"","overlay-gradient":""},"tablet":{"background-color":"","background-image":"","background-repeat":"repeat","background-position":"center center","background-size":"auto","background-attachment":"scroll","background-type":"","background-media":"","overlay-type":"","overlay-color":"","overlay-opacity":"","overlay-gradient":""},"mobile":{"background-color":"","background-image":"","background-repeat":"repeat","background-position":"center center","background-size":"auto","background-attachment":"scroll","background-type":"","background-media":"","overlay-type":"","overlay-color":"","overlay-opacity":"","overlay-gradient":""}},"ast-content-background-meta":{"desktop":{"background-color":"var(--ast-global-color-5)","background-image":"","background-repeat":"repeat","background-position":"center center","background-size":"auto","background-attachment":"scroll","background-type":"","background-media":"","overlay-type":"","overlay-color":"","overlay-opacity":"","overlay-gradient":""},"tablet":{"background-color":"var(--ast-global-color-5)","background-image":"","background-repeat":"repeat","background-position":"center center","background-size":"auto","background-attachment":"scroll","background-type":"","background-media":"","overlay-type":"","overlay-color":"","overlay-opacity":"","overlay-gradient":""},"mobile":{"background-color":"var(--ast-global-color-5)","background-image":"","background-repeat":"repeat","background-position":"center center","background-size":"auto","background-attachment":"scroll","background-type":"","background-media":"","overlay-type":"","overlay-color":"","overlay-opacity":"","overlay-gradient":""}},"footnotes":""},"categories":[14],"tags":[],"yoast_head":"<!-- This site is optimized with the Yoast SEO plugin v23.3 - https:\/\/yoast.com\/wordpress\/plugins\/seo\/ -->\n<title>Coordenador de Servi\u00e7os Gerais: Lideran\u00e7a e Oportunidades de Crescimento - Magistrae<\/title>\n<meta name=\"robots\" content=\"index, follow, max-snippet:-1, max-image-preview:large, max-video-preview:-1\" \/>\n<link rel=\"canonical\" href=\"https:\/\/magistrae.com\/es\/7f2f97b5-ab3e-46d1-a54d-58631e1c0bf6\/\" \/>\n<meta property=\"og:locale\" content=\"es_ES\" \/>\n<meta property=\"og:type\" content=\"article\" \/>\n<meta property=\"og:title\" content=\"Coordenador de Servi\u00e7os Gerais: Lideran\u00e7a e Oportunidades de Crescimento - Magistrae\" \/>\n<meta property=\"og:description\" content=\"Explore a fun\u00e7\u00e3o de Coordenador de Servi\u00e7os Gerais, descubra responsabilidades, pontos fortes e desafios da vaga e veja se re\u00fane o perfil adequado para esta oportunidade profissional agora mesmo!\" \/>\n<meta property=\"og:url\" content=\"https:\/\/magistrae.com\/es\/7f2f97b5-ab3e-46d1-a54d-58631e1c0bf6\/\" \/>\n<meta property=\"og:site_name\" content=\"Magistrae\" \/>\n<meta property=\"article:published_time\" content=\"2026-04-02T14:04:00+00:00\" \/>\n<meta property=\"article:modified_time\" content=\"2026-04-02T14:04:30+00:00\" \/>\n<meta name=\"author\" content=\"Bruno Gianni\" \/>\n<meta name=\"twitter:card\" content=\"summary_large_image\" \/>\n<meta name=\"twitter:label1\" content=\"Written by\" \/>\n\t<meta name=\"twitter:data1\" content=\"Bruno Gianni\" \/>\n\t<meta name=\"twitter:label2\" content=\"Est. reading time\" \/>\n\t<meta name=\"twitter:data2\" content=\"2 minutos\" \/>\n<script type=\"application\/ld+json\" class=\"yoast-schema-graph\">{\"@context\":\"https:\/\/schema.org\",\"@graph\":[{\"@type\":\"Article\",\"@id\":\"https:\/\/magistrae.com\/7f2f97b5-ab3e-46d1-a54d-58631e1c0bf6\/#article\",\"isPartOf\":{\"@id\":\"https:\/\/magistrae.com\/7f2f97b5-ab3e-46d1-a54d-58631e1c0bf6\/\"},\"author\":{\"name\":\"Bruno Gianni\",\"@id\":\"https:\/\/magistrae.com\/#\/schema\/person\/d52888235fd6563bd07d97185d6a61e4\"},\"headline\":\"Coordenador de Servi\u00e7os Gerais: Lideran\u00e7a e Oportunidades de Crescimento\",\"datePublished\":\"2026-04-02T14:04:00+00:00\",\"dateModified\":\"2026-04-02T14:04:30+00:00\",\"mainEntityOfPage\":{\"@id\":\"https:\/\/magistrae.com\/7f2f97b5-ab3e-46d1-a54d-58631e1c0bf6\/\"},\"wordCount\":469,\"commentCount\":0,\"publisher\":{\"@id\":\"https:\/\/magistrae.com\/#organization\"},\"articleSection\":[\"Hidden\"],\"inLanguage\":\"es\",\"potentialAction\":[{\"@type\":\"CommentAction\",\"name\":\"Comment\",\"target\":[\"https:\/\/magistrae.com\/7f2f97b5-ab3e-46d1-a54d-58631e1c0bf6\/#respond\"]}]},{\"@type\":\"WebPage\",\"@id\":\"https:\/\/magistrae.com\/7f2f97b5-ab3e-46d1-a54d-58631e1c0bf6\/\",\"url\":\"https:\/\/magistrae.com\/7f2f97b5-ab3e-46d1-a54d-58631e1c0bf6\/\",\"name\":\"Coordenador de Servi\u00e7os Gerais: Lideran\u00e7a e Oportunidades de Crescimento - Magistrae\",\"isPartOf\":{\"@id\":\"https:\/\/magistrae.com\/#website\"},\"datePublished\":\"2026-04-02T14:04:00+00:00\",\"dateModified\":\"2026-04-02T14:04:30+00:00\",\"breadcrumb\":{\"@id\":\"https:\/\/magistrae.com\/7f2f97b5-ab3e-46d1-a54d-58631e1c0bf6\/#breadcrumb\"},\"inLanguage\":\"es\",\"potentialAction\":[{\"@type\":\"ReadAction\",\"target\":[\"https:\/\/magistrae.com\/7f2f97b5-ab3e-46d1-a54d-58631e1c0bf6\/\"]}]},{\"@type\":\"BreadcrumbList\",\"@id\":\"https:\/\/magistrae.com\/7f2f97b5-ab3e-46d1-a54d-58631e1c0bf6\/#breadcrumb\",\"itemListElement\":[{\"@type\":\"ListItem\",\"position\":1,\"name\":\"Home\",\"item\":\"https:\/\/magistrae.com\/\"},{\"@type\":\"ListItem\",\"position\":2,\"name\":\"Coordenador de Servi\u00e7os Gerais: Lideran\u00e7a e Oportunidades de Crescimento\"}]},{\"@type\":\"WebSite\",\"@id\":\"https:\/\/magistrae.com\/#website\",\"url\":\"https:\/\/magistrae.com\/\",\"name\":\"Magistrae\",\"description\":\"\",\"publisher\":{\"@id\":\"https:\/\/magistrae.com\/#organization\"},\"potentialAction\":[{\"@type\":\"SearchAction\",\"target\":{\"@type\":\"EntryPoint\",\"urlTemplate\":\"https:\/\/magistrae.com\/?s={search_term_string}\"},\"query-input\":\"required name=search_term_string\"}],\"inLanguage\":\"es\"},{\"@type\":\"Organization\",\"@id\":\"https:\/\/magistrae.com\/#organization\",\"name\":\"Magistrae\",\"url\":\"https:\/\/magistrae.com\/\",\"logo\":{\"@type\":\"ImageObject\",\"inLanguage\":\"es\",\"@id\":\"https:\/\/magistrae.com\/#\/schema\/logo\/image\/\",\"url\":\"https:\/\/magistrae.com\/wp-content\/uploads\/sites\/413\/2026\/03\/9_Magistrae.jpg\",\"contentUrl\":\"https:\/\/magistrae.com\/wp-content\/uploads\/sites\/413\/2026\/03\/9_Magistrae.jpg\",\"width\":2000,\"height\":2000,\"caption\":\"Magistrae\"},\"image\":{\"@id\":\"https:\/\/magistrae.com\/#\/schema\/logo\/image\/\"}},{\"@type\":\"Person\",\"@id\":\"https:\/\/magistrae.com\/#\/schema\/person\/d52888235fd6563bd07d97185d6a61e4\",\"name\":\"Bruno Gianni\",\"image\":{\"@type\":\"ImageObject\",\"inLanguage\":\"es\",\"@id\":\"https:\/\/magistrae.com\/#\/schema\/person\/image\/\",\"url\":\"https:\/\/secure.gravatar.com\/avatar\/0f5d42d7bf77874643c1478932860e3f?s=96&d=mm&r=g\",\"contentUrl\":\"https:\/\/secure.gravatar.com\/avatar\/0f5d42d7bf77874643c1478932860e3f?s=96&d=mm&r=g\",\"caption\":\"Bruno Gianni\"},\"description\":\"Bruno writes the way he lives, with curiosity, care, and respect for people. He likes to observe, listen, and try to understand what is happening on the other side before putting any words on the page.For him, writing is not about impressing, but about getting closer. It is about turning thoughts into something simple, clear, and real. Every text is an ongoing conversation, created with care and honesty, with the sincere intention of touching someone, somewhere along the way.\",\"url\":\"https:\/\/magistrae.com\/es\/author\/bcgianni\/\"}]}<\/script>\n<!-- \/ Yoast SEO plugin. -->","yoast_head_json":{"title":"Coordenador de Servi\u00e7os Gerais: Lideran\u00e7a e Oportunidades de Crescimento - Magistrae","robots":{"index":"index","follow":"follow","max-snippet":"max-snippet:-1","max-image-preview":"max-image-preview:large","max-video-preview":"max-video-preview:-1"},"canonical":"https:\/\/magistrae.com\/es\/7f2f97b5-ab3e-46d1-a54d-58631e1c0bf6\/","og_locale":"es_ES","og_type":"article","og_title":"Coordenador de Servi\u00e7os Gerais: Lideran\u00e7a e Oportunidades de Crescimento - Magistrae","og_description":"Explore a fun\u00e7\u00e3o de Coordenador de Servi\u00e7os Gerais, descubra responsabilidades, pontos fortes e desafios da vaga e veja se re\u00fane o perfil adequado para esta oportunidade profissional agora mesmo!","og_url":"https:\/\/magistrae.com\/es\/7f2f97b5-ab3e-46d1-a54d-58631e1c0bf6\/","og_site_name":"Magistrae","article_published_time":"2026-04-02T14:04:00+00:00","article_modified_time":"2026-04-02T14:04:30+00:00","author":"Bruno Gianni","twitter_card":"summary_large_image","twitter_misc":{"Written by":"Bruno Gianni","Est. reading time":"2 minutos"},"schema":{"@context":"https:\/\/schema.org","@graph":[{"@type":"Article","@id":"https:\/\/magistrae.com\/7f2f97b5-ab3e-46d1-a54d-58631e1c0bf6\/#article","isPartOf":{"@id":"https:\/\/magistrae.com\/7f2f97b5-ab3e-46d1-a54d-58631e1c0bf6\/"},"author":{"name":"Bruno Gianni","@id":"https:\/\/magistrae.com\/#\/schema\/person\/d52888235fd6563bd07d97185d6a61e4"},"headline":"Coordenador de Servi\u00e7os Gerais: Lideran\u00e7a e Oportunidades de Crescimento","datePublished":"2026-04-02T14:04:00+00:00","dateModified":"2026-04-02T14:04:30+00:00","mainEntityOfPage":{"@id":"https:\/\/magistrae.com\/7f2f97b5-ab3e-46d1-a54d-58631e1c0bf6\/"},"wordCount":469,"commentCount":0,"publisher":{"@id":"https:\/\/magistrae.com\/#organization"},"articleSection":["Hidden"],"inLanguage":"es","potentialAction":[{"@type":"CommentAction","name":"Comment","target":["https:\/\/magistrae.com\/7f2f97b5-ab3e-46d1-a54d-58631e1c0bf6\/#respond"]}]},{"@type":"WebPage","@id":"https:\/\/magistrae.com\/7f2f97b5-ab3e-46d1-a54d-58631e1c0bf6\/","url":"https:\/\/magistrae.com\/7f2f97b5-ab3e-46d1-a54d-58631e1c0bf6\/","name":"Coordenador de Servi\u00e7os Gerais: Lideran\u00e7a e Oportunidades de Crescimento - Magistrae","isPartOf":{"@id":"https:\/\/magistrae.com\/#website"},"datePublished":"2026-04-02T14:04:00+00:00","dateModified":"2026-04-02T14:04:30+00:00","breadcrumb":{"@id":"https:\/\/magistrae.com\/7f2f97b5-ab3e-46d1-a54d-58631e1c0bf6\/#breadcrumb"},"inLanguage":"es","potentialAction":[{"@type":"ReadAction","target":["https:\/\/magistrae.com\/7f2f97b5-ab3e-46d1-a54d-58631e1c0bf6\/"]}]},{"@type":"BreadcrumbList","@id":"https:\/\/magistrae.com\/7f2f97b5-ab3e-46d1-a54d-58631e1c0bf6\/#breadcrumb","itemListElement":[{"@type":"ListItem","position":1,"name":"Home","item":"https:\/\/magistrae.com\/"},{"@type":"ListItem","position":2,"name":"Coordenador de Servi\u00e7os Gerais: Lideran\u00e7a e Oportunidades de Crescimento"}]},{"@type":"WebSite","@id":"https:\/\/magistrae.com\/#website","url":"https:\/\/magistrae.com\/","name":"Magistrae","description":"","publisher":{"@id":"https:\/\/magistrae.com\/#organization"},"potentialAction":[{"@type":"SearchAction","target":{"@type":"EntryPoint","urlTemplate":"https:\/\/magistrae.com\/?s={search_term_string}"},"query-input":"required name=search_term_string"}],"inLanguage":"es"},{"@type":"Organization","@id":"https:\/\/magistrae.com\/#organization","name":"Magistrae","url":"https:\/\/magistrae.com\/","logo":{"@type":"ImageObject","inLanguage":"es","@id":"https:\/\/magistrae.com\/#\/schema\/logo\/image\/","url":"https:\/\/magistrae.com\/wp-content\/uploads\/sites\/413\/2026\/03\/9_Magistrae.jpg","contentUrl":"https:\/\/magistrae.com\/wp-content\/uploads\/sites\/413\/2026\/03\/9_Magistrae.jpg","width":2000,"height":2000,"caption":"Magistrae"},"image":{"@id":"https:\/\/magistrae.com\/#\/schema\/logo\/image\/"}},{"@type":"Person","@id":"https:\/\/magistrae.com\/#\/schema\/person\/d52888235fd6563bd07d97185d6a61e4","name":"Bruno Gianni","image":{"@type":"ImageObject","inLanguage":"es","@id":"https:\/\/magistrae.com\/#\/schema\/person\/image\/","url":"https:\/\/secure.gravatar.com\/avatar\/0f5d42d7bf77874643c1478932860e3f?s=96&d=mm&r=g","contentUrl":"https:\/\/secure.gravatar.com\/avatar\/0f5d42d7bf77874643c1478932860e3f?s=96&d=mm&r=g","caption":"Bruno Gianni"},"description":"Bruno writes the way he lives, with curiosity, care, and respect for people. He likes to observe, listen, and try to understand what is happening on the other side before putting any words on the page.For him, writing is not about impressing, but about getting closer. It is about turning thoughts into something simple, clear, and real. Every text is an ongoing conversation, created with care and honesty, with the sincere intention of touching someone, somewhere along the way.","url":"https:\/\/magistrae.com\/es\/author\/bcgianni\/"}]}},"uagb_featured_image_src":{"full":false,"thumbnail":false,"medium":false,"medium_large":false,"large":false,"1536x1536":false,"2048x2048":false,"trp-custom-language-flag":false},"uagb_author_info":{"display_name":"Bruno Gianni","author_link":"https:\/\/magistrae.com\/es\/author\/bcgianni\/"},"uagb_comment_info":0,"uagb_excerpt":"Explore a fun\u00e7\u00e3o de Coordenador de Servi\u00e7os Gerais, descubra responsabilidades, pontos fortes e desafios da vaga e veja se re\u00fane o perfil adequado para esta oportunidade profissional agora mesmo!","_links":{"self":[{"href":"https:\/\/magistrae.com\/es\/wp-json\/wp\/v2\/posts\/11373"}],"collection":[{"href":"https:\/\/magistrae.com\/es\/wp-json\/wp\/v2\/posts"}],"about":[{"href":"https:\/\/magistrae.com\/es\/wp-json\/wp\/v2\/types\/post"}],"author":[{"embeddable":true,"href":"https:\/\/magistrae.com\/es\/wp-json\/wp\/v2\/users\/3"}],"replies":[{"embeddable":true,"href":"https:\/\/magistrae.com\/es\/wp-json\/wp\/v2\/comments?post=11373"}],"version-history":[{"count":1,"href":"https:\/\/magistrae.com\/es\/wp-json\/wp\/v2\/posts\/11373\/revisions"}],"predecessor-version":[{"id":11375,"href":"https:\/\/magistrae.com\/es\/wp-json\/wp\/v2\/posts\/11373\/revisions\/11375"}],"wp:attachment":[{"href":"https:\/\/magistrae.com\/es\/wp-json\/wp\/v2\/media?parent=11373"}],"wp:term":[{"taxonomy":"category","embeddable":true,"href":"https:\/\/magistrae.com\/es\/wp-json\/wp\/v2\/categories?post=11373"},{"taxonomy":"post_tag","embeddable":true,"href":"https:\/\/magistrae.com\/es\/wp-json\/wp\/v2\/tags?post=11373"}],"curies":[{"name":"wp","href":"https:\/\/api.w.org\/{rel}","templated":true}]}}