{"id":11365,"date":"2026-04-02T14:03:00","date_gmt":"2026-04-02T14:03:00","guid":{"rendered":"https:\/\/magistrae.com\/7fe4c03a-08e5-419c-97a5-4be16c2c8529\/"},"modified":"2026-04-02T14:03:51","modified_gmt":"2026-04-02T14:03:51","slug":"7fe4c03a-08e5-419c-97a5-4be16c2c8529","status":"publish","type":"post","link":"https:\/\/magistrae.com\/es\/7fe4c03a-08e5-419c-97a5-4be16c2c8529\/","title":{"rendered":"Diretor Operacional de Log\u00edstica, Frota e Servi\u00e7os Gerais: Gestor de Alto Impacto"},"content":{"rendered":"<\/p>\n<\/p>\n<div style=\"background: #ffffff; border-radius: 12px; box-shadow: 0 10px 30px rgba(0, 0, 0, 0.1); width: 100%; max-width: 340px; padding: 25px; transition: transform 0.3s ease-in-out; overflow: visible; display: flex; flex-direction: column; position: relative; border: 1px solid #28a745; margin-top: 70px; margin-bottom: 50px; margin-left: auto; margin-right: auto;\">\n<div style=\"position: absolute; top: -35px; right: 15px; color: #28a745; padding: 5px 10px; border-radius: 6px; font-size: 14px; font-weight: bold; display: flex; align-items: center; z-index: 10;\">Recomendado para voc\u00ea<\/div>\n<div data-namespace-header=\"\" style=\"\">\n<h3 data-namespace-title=\"\" style=\"color: #333; font-size: 20px; font-weight: bold; text-align: left; margin-right: 50px; min-height: 50px; margin-top: 0px;\">Diretor Operacional de Log\u00edstica<\/h3>\n<\/p><\/div>\n<p data-namespace-prompt=\"\" style=\"font-size: 16px; color: #666; margin-bottom: 20px; line-height: 1.5; flex-grow: 1; text-align: left; margin-top: 0px;\">Gerencie equipas, supervisione log\u00edstica, frota e servi\u00e7os gerais. Requer experi\u00eancia, forma\u00e7\u00e3o superior e capacidade de lideran\u00e7a. Benef\u00edcios atrativos para progress\u00e3o de carreira.<\/p>\n<p>    <a data-namespace-url=\"\" href=\"https:\/\/magistrae.com\/es\/redirect\/?https:\/\/ao.empregosyoyota.net\/empregos\/diretor-operacional-de-logistica-frota-e-servicos-gerais-mf?utm_campaign=google_jobs_apply&#038;utm_source=google_jobs_apply&#038;utm_medium=organic\" style=\"width: 100%; display: inline-block; color: white; text-decoration: none; border-radius: 6px; font-size: 16px; font-weight: bold; text-align: center; transition: transform 0.3s ease, background 0.3s ease; margin-top: auto;\" data-namespace-id=\"5c0d2565-3ba9-4280-a382-ad2a691e2285\"><br \/>\n        <button style=\"width: 100%; height: 55px; background: #e9e9ed; border: 1px solid black; color: black;\">Candidatar-se \u00e0 vaga<\/button><br \/>\n    <\/a><br \/>\n    <small style=\"margin-top: 10px; color: #777; font-size: 12px; text-align: center; display: block;\">Ser\u00e1 redirigido a otro sitio<\/small>\n<\/div>\n<p>Se procura um cargo de lideran\u00e7a com impacto e desafios diversificados, a posi\u00e7\u00e3o de Diretor Operacional de Log\u00edstica, Frota e Servi\u00e7os Gerais \u00e9 uma excelente escolha. Embora n\u00e3o haja refer\u00eancia espec\u00edfica ao sal\u00e1rio, \u00e9 uma vaga de contrata\u00e7\u00e3o efetiva para perfil s\u00e9nior, valorizando compet\u00eancias e curr\u00edculo profissional relevante.<\/p>\n<p>A vaga destaca condi\u00e7\u00f5es atrativas para profissionais com experi\u00eancia s\u00f3lida em gest\u00e3o log\u00edstica, forte dom\u00ednio de ERPs e lideran\u00e7a de equipas multidisciplinares. Oportunidade para quem valoriza o desenvolvimento e crescimento na carreira, num ambiente focado em resultados concretos e pr\u00e1ticas inovadoras.<\/p>\n<h2>Responsabilidades di\u00e1rias e din\u00e2micas da fun\u00e7\u00e3o<\/h2>\n<p>Quem ocupa o cargo dever\u00e1 coordenar a log\u00edstica di\u00e1ria, controlar o stock, organizar invent\u00e1rios e garantir entregas eficazes e dentro do prazo estipulado.<\/p>\n<p>Outro ponto da rotina \u00e9 supervisionar a frota, monitorando a manuten\u00e7\u00e3o preventiva e estado dos ve\u00edculos. A garantia da documenta\u00e7\u00e3o em dia \u00e9 essencial.<\/p>\n<p>O diretor tamb\u00e9m faz a gest\u00e3o dos contratos de manuten\u00e7\u00e3o e assegura que todas as infraestruturas estejam em excelentes condi\u00e7\u00f5es de funcionamento.<\/p>\n<p>A supervis\u00e3o dos servi\u00e7os gerais, incluindo limpeza, seguran\u00e7a e aprovisionamento, exige proatividade e fortes compet\u00eancias organizacionais.<\/p>\n<p>O uso de plataformas como Primavera e experi\u00eancia com controlo de frota s\u00e3o diferenciais no dia a dia para aumentar a efici\u00eancia operacional.<\/p>\n<h2>Pontos Positivos \u2013 O que valoriza neste cargo<\/h2>\n<p>Um dos grandes atrativos desta vaga \u00e9 o reconhecimento pelo desempenho do colaborador e oportunidades reais de evolu\u00e7\u00e3o na carreira.<\/p>\n<p>A polival\u00eancia das tarefas permite ao profissional adquirir compet\u00eancias valiosas para fun\u00e7\u00f5es de gest\u00e3o ainda mais elevadas no futuro.<\/p>\n<p>Benef\u00edcios associados a um ambiente dinamizado e orientado a resultados s\u00e3o outro destaque para aqueles que procuram crescimento sustent\u00e1vel.<\/p>\n<p>Existem chances constantes de interagir com v\u00e1rias \u00e1reas de neg\u00f3cio, facilitando o desenvolvimento de uma vis\u00e3o mais ampla da gest\u00e3o empresarial.<\/p>\n<p>Vale ressaltar o est\u00edmulo \u00e0 autonomia, o que pode contribuir diretamente para o sucesso do candidato numa posi\u00e7\u00e3o desta magnitude.<\/p>\n<h2>Pontos Negativos \u2013 O que considerar antes de avan\u00e7ar<\/h2>\n<p>A exig\u00eancia de experi\u00eancia m\u00ednima de cinco anos pode limitar candidatos mais jovens ou sem experi\u00eancia comprovada em ambientes complexos.<\/p>\n<p>Responsabilidades m\u00faltiplas e elevada cobran\u00e7a por resultados podem aumentar a press\u00e3o di\u00e1ria e exigir grande resist\u00eancia ao stress.<\/p>\n<h2>Veredito \u2013 Vale a pena candidatar-se?<\/h2>\n<p>Esta vaga \u00e9 especialmente indicada para quem deseja um cargo de lideran\u00e7a estruturado, organizado e com perspectivas de evolu\u00e7\u00e3o.<\/p>\n<p>Se valoriza inova\u00e7\u00e3o, desenvolvimento constante e gosta de desafios di\u00e1rios, o cargo de Diretor Operacional de Log\u00edstica pode ser ideal para si.<\/p>\n<div style=\"background: #ffffff; border-radius: 12px; box-shadow: 0 10px 30px rgba(0, 0, 0, 0.1); width: 100%; max-width: 340px; padding: 25px; transition: transform 0.3s ease-in-out; overflow: visible; display: flex; flex-direction: column; position: relative; border: 1px solid #28a745; margin-top: 70px; margin-bottom: 50px; margin-left: auto; margin-right: auto;\">\n<div style=\"position: absolute; top: -35px; right: 15px; color: #28a745; padding: 5px 10px; border-radius: 6px; font-size: 14px; font-weight: bold; display: flex; align-items: center; z-index: 10;\">Recomendado para voc\u00ea<\/div>\n<div data-namespace-header=\"\" style=\"\">\n<h3 data-namespace-title=\"\" style=\"color: #333; font-size: 20px; font-weight: bold; text-align: left; margin-right: 50px; min-height: 50px; margin-top: 0px;\">Diretor Operacional de Log\u00edstica<\/h3>\n<\/p><\/div>\n<p data-namespace-prompt=\"\" style=\"font-size: 16px; color: #666; margin-bottom: 20px; line-height: 1.5; flex-grow: 1; text-align: left; margin-top: 0px;\">Gerencie equipas, supervisione log\u00edstica, frota e servi\u00e7os gerais. Requer experi\u00eancia, forma\u00e7\u00e3o superior e capacidade de lideran\u00e7a. Benef\u00edcios atrativos para progress\u00e3o de carreira.<\/p>\n<p>    <a data-namespace-url=\"\" href=\"https:\/\/magistrae.com\/es\/redirect\/?https:\/\/ao.empregosyoyota.net\/empregos\/diretor-operacional-de-logistica-frota-e-servicos-gerais-mf?utm_campaign=google_jobs_apply&#038;utm_source=google_jobs_apply&#038;utm_medium=organic\" style=\"width: 100%; display: inline-block; color: white; text-decoration: none; border-radius: 6px; font-size: 16px; font-weight: bold; text-align: center; transition: transform 0.3s ease, background 0.3s ease; margin-top: auto;\" data-namespace-id=\"5c0d2565-3ba9-4280-a382-ad2a691e2285\"><br \/>\n        <button style=\"width: 100%; height: 55px; background: #e9e9ed; border: 1px solid black; color: black;\">Candidatar-se \u00e0 vaga<\/button><br \/>\n    <\/a><br \/>\n    <small style=\"margin-top: 10px; color: #777; font-size: 12px; text-align: center; display: block;\">Ser\u00e1 redirigido a otro sitio<\/small>\n<\/div>","protected":false},"excerpt":{"rendered":"<p>Oportunidade exclusiva para Diretor Operacional de Log\u00edstica com foco em gest\u00e3o de frota e servi\u00e7os gerais. Recrutamento para profissionais experientes. Aproveite para liderar e progredir!<\/p>","protected":false},"author":3,"featured_media":0,"comment_status":"open","ping_status":"open","sticky":false,"template":"","format":"standard","meta":{"_uag_custom_page_level_css":"","site-sidebar-layout":"default","site-content-layout":"","ast-site-content-layout":"","site-content-style":"default","site-sidebar-style":"default","ast-global-header-display":"","ast-banner-title-visibility":"","ast-main-header-display":"","ast-hfb-above-header-display":"","ast-hfb-below-header-display":"","ast-hfb-mobile-header-display":"","site-post-title":"","ast-breadcrumbs-content":"","ast-featured-img":"","footer-sml-layout":"","theme-transparent-header-meta":"","adv-header-id-meta":"","stick-header-meta":"","header-above-stick-meta":"","header-main-stick-meta":"","header-below-stick-meta":"","astra-migrate-meta-layouts":"default","ast-page-background-enabled":"default","ast-page-background-meta":{"desktop":{"background-color":"var(--ast-global-color-4)","background-image":"","background-repeat":"repeat","background-position":"center center","background-size":"auto","background-attachment":"scroll","background-type":"","background-media":"","overlay-type":"","overlay-color":"","overlay-opacity":"","overlay-gradient":""},"tablet":{"background-color":"","background-image":"","background-repeat":"repeat","background-position":"center center","background-size":"auto","background-attachment":"scroll","background-type":"","background-media":"","overlay-type":"","overlay-color":"","overlay-opacity":"","overlay-gradient":""},"mobile":{"background-color":"","background-image":"","background-repeat":"repeat","background-position":"center center","background-size":"auto","background-attachment":"scroll","background-type":"","background-media":"","overlay-type":"","overlay-color":"","overlay-opacity":"","overlay-gradient":""}},"ast-content-background-meta":{"desktop":{"background-color":"var(--ast-global-color-5)","background-image":"","background-repeat":"repeat","background-position":"center center","background-size":"auto","background-attachment":"scroll","background-type":"","background-media":"","overlay-type":"","overlay-color":"","overlay-opacity":"","overlay-gradient":""},"tablet":{"background-color":"var(--ast-global-color-5)","background-image":"","background-repeat":"repeat","background-position":"center center","background-size":"auto","background-attachment":"scroll","background-type":"","background-media":"","overlay-type":"","overlay-color":"","overlay-opacity":"","overlay-gradient":""},"mobile":{"background-color":"var(--ast-global-color-5)","background-image":"","background-repeat":"repeat","background-position":"center center","background-size":"auto","background-attachment":"scroll","background-type":"","background-media":"","overlay-type":"","overlay-color":"","overlay-opacity":"","overlay-gradient":""}},"footnotes":""},"categories":[14],"tags":[],"yoast_head":"<!-- This site is optimized with the Yoast SEO plugin v23.3 - https:\/\/yoast.com\/wordpress\/plugins\/seo\/ -->\n<title>Diretor Operacional de Log\u00edstica, Frota e Servi\u00e7os Gerais: Gestor de Alto Impacto - Magistrae<\/title>\n<meta name=\"robots\" content=\"index, follow, max-snippet:-1, max-image-preview:large, max-video-preview:-1\" \/>\n<link rel=\"canonical\" href=\"https:\/\/magistrae.com\/es\/7fe4c03a-08e5-419c-97a5-4be16c2c8529\/\" \/>\n<meta property=\"og:locale\" content=\"es_ES\" \/>\n<meta property=\"og:type\" content=\"article\" \/>\n<meta property=\"og:title\" content=\"Diretor Operacional de Log\u00edstica, Frota e Servi\u00e7os Gerais: Gestor de Alto Impacto - Magistrae\" \/>\n<meta property=\"og:description\" content=\"Oportunidade exclusiva para Diretor Operacional de Log\u00edstica com foco em gest\u00e3o de frota e servi\u00e7os gerais. Recrutamento para profissionais experientes. Aproveite para liderar e progredir!\" \/>\n<meta property=\"og:url\" content=\"https:\/\/magistrae.com\/es\/7fe4c03a-08e5-419c-97a5-4be16c2c8529\/\" \/>\n<meta property=\"og:site_name\" content=\"Magistrae\" \/>\n<meta property=\"article:published_time\" content=\"2026-04-02T14:03:00+00:00\" \/>\n<meta property=\"article:modified_time\" content=\"2026-04-02T14:03:51+00:00\" \/>\n<meta name=\"author\" content=\"Bruno Gianni\" \/>\n<meta name=\"twitter:card\" content=\"summary_large_image\" \/>\n<meta name=\"twitter:label1\" content=\"Written by\" \/>\n\t<meta name=\"twitter:data1\" content=\"Bruno Gianni\" \/>\n\t<meta name=\"twitter:label2\" content=\"Est. reading time\" \/>\n\t<meta name=\"twitter:data2\" content=\"3 minutos\" \/>\n<script type=\"application\/ld+json\" class=\"yoast-schema-graph\">{\"@context\":\"https:\/\/schema.org\",\"@graph\":[{\"@type\":\"Article\",\"@id\":\"https:\/\/magistrae.com\/7fe4c03a-08e5-419c-97a5-4be16c2c8529\/#article\",\"isPartOf\":{\"@id\":\"https:\/\/magistrae.com\/7fe4c03a-08e5-419c-97a5-4be16c2c8529\/\"},\"author\":{\"name\":\"Bruno Gianni\",\"@id\":\"https:\/\/magistrae.com\/#\/schema\/person\/d52888235fd6563bd07d97185d6a61e4\"},\"headline\":\"Diretor Operacional de Log\u00edstica, Frota e Servi\u00e7os Gerais: Gestor de Alto Impacto\",\"datePublished\":\"2026-04-02T14:03:00+00:00\",\"dateModified\":\"2026-04-02T14:03:51+00:00\",\"mainEntityOfPage\":{\"@id\":\"https:\/\/magistrae.com\/7fe4c03a-08e5-419c-97a5-4be16c2c8529\/\"},\"wordCount\":565,\"commentCount\":0,\"publisher\":{\"@id\":\"https:\/\/magistrae.com\/#organization\"},\"articleSection\":[\"Hidden\"],\"inLanguage\":\"es\",\"potentialAction\":[{\"@type\":\"CommentAction\",\"name\":\"Comment\",\"target\":[\"https:\/\/magistrae.com\/7fe4c03a-08e5-419c-97a5-4be16c2c8529\/#respond\"]}]},{\"@type\":\"WebPage\",\"@id\":\"https:\/\/magistrae.com\/7fe4c03a-08e5-419c-97a5-4be16c2c8529\/\",\"url\":\"https:\/\/magistrae.com\/7fe4c03a-08e5-419c-97a5-4be16c2c8529\/\",\"name\":\"Diretor Operacional de Log\u00edstica, Frota e Servi\u00e7os Gerais: Gestor de Alto Impacto - Magistrae\",\"isPartOf\":{\"@id\":\"https:\/\/magistrae.com\/#website\"},\"datePublished\":\"2026-04-02T14:03:00+00:00\",\"dateModified\":\"2026-04-02T14:03:51+00:00\",\"breadcrumb\":{\"@id\":\"https:\/\/magistrae.com\/7fe4c03a-08e5-419c-97a5-4be16c2c8529\/#breadcrumb\"},\"inLanguage\":\"es\",\"potentialAction\":[{\"@type\":\"ReadAction\",\"target\":[\"https:\/\/magistrae.com\/7fe4c03a-08e5-419c-97a5-4be16c2c8529\/\"]}]},{\"@type\":\"BreadcrumbList\",\"@id\":\"https:\/\/magistrae.com\/7fe4c03a-08e5-419c-97a5-4be16c2c8529\/#breadcrumb\",\"itemListElement\":[{\"@type\":\"ListItem\",\"position\":1,\"name\":\"Home\",\"item\":\"https:\/\/magistrae.com\/\"},{\"@type\":\"ListItem\",\"position\":2,\"name\":\"Diretor Operacional de Log\u00edstica, Frota e Servi\u00e7os Gerais: Gestor de Alto Impacto\"}]},{\"@type\":\"WebSite\",\"@id\":\"https:\/\/magistrae.com\/#website\",\"url\":\"https:\/\/magistrae.com\/\",\"name\":\"Magistrae\",\"description\":\"\",\"publisher\":{\"@id\":\"https:\/\/magistrae.com\/#organization\"},\"potentialAction\":[{\"@type\":\"SearchAction\",\"target\":{\"@type\":\"EntryPoint\",\"urlTemplate\":\"https:\/\/magistrae.com\/?s={search_term_string}\"},\"query-input\":\"required name=search_term_string\"}],\"inLanguage\":\"es\"},{\"@type\":\"Organization\",\"@id\":\"https:\/\/magistrae.com\/#organization\",\"name\":\"Magistrae\",\"url\":\"https:\/\/magistrae.com\/\",\"logo\":{\"@type\":\"ImageObject\",\"inLanguage\":\"es\",\"@id\":\"https:\/\/magistrae.com\/#\/schema\/logo\/image\/\",\"url\":\"https:\/\/magistrae.com\/wp-content\/uploads\/sites\/413\/2026\/03\/9_Magistrae.jpg\",\"contentUrl\":\"https:\/\/magistrae.com\/wp-content\/uploads\/sites\/413\/2026\/03\/9_Magistrae.jpg\",\"width\":2000,\"height\":2000,\"caption\":\"Magistrae\"},\"image\":{\"@id\":\"https:\/\/magistrae.com\/#\/schema\/logo\/image\/\"}},{\"@type\":\"Person\",\"@id\":\"https:\/\/magistrae.com\/#\/schema\/person\/d52888235fd6563bd07d97185d6a61e4\",\"name\":\"Bruno Gianni\",\"image\":{\"@type\":\"ImageObject\",\"inLanguage\":\"es\",\"@id\":\"https:\/\/magistrae.com\/#\/schema\/person\/image\/\",\"url\":\"https:\/\/secure.gravatar.com\/avatar\/0f5d42d7bf77874643c1478932860e3f?s=96&d=mm&r=g\",\"contentUrl\":\"https:\/\/secure.gravatar.com\/avatar\/0f5d42d7bf77874643c1478932860e3f?s=96&d=mm&r=g\",\"caption\":\"Bruno Gianni\"},\"description\":\"Bruno writes the way he lives, with curiosity, care, and respect for people. He likes to observe, listen, and try to understand what is happening on the other side before putting any words on the page.For him, writing is not about impressing, but about getting closer. It is about turning thoughts into something simple, clear, and real. Every text is an ongoing conversation, created with care and honesty, with the sincere intention of touching someone, somewhere along the way.\",\"url\":\"https:\/\/magistrae.com\/es\/author\/bcgianni\/\"}]}<\/script>\n<!-- \/ Yoast SEO plugin. -->","yoast_head_json":{"title":"Diretor Operacional de Log\u00edstica, Frota e Servi\u00e7os Gerais: Gestor de Alto Impacto - Magistrae","robots":{"index":"index","follow":"follow","max-snippet":"max-snippet:-1","max-image-preview":"max-image-preview:large","max-video-preview":"max-video-preview:-1"},"canonical":"https:\/\/magistrae.com\/es\/7fe4c03a-08e5-419c-97a5-4be16c2c8529\/","og_locale":"es_ES","og_type":"article","og_title":"Diretor Operacional de Log\u00edstica, Frota e Servi\u00e7os Gerais: Gestor de Alto Impacto - Magistrae","og_description":"Oportunidade exclusiva para Diretor Operacional de Log\u00edstica com foco em gest\u00e3o de frota e servi\u00e7os gerais. Recrutamento para profissionais experientes. Aproveite para liderar e progredir!","og_url":"https:\/\/magistrae.com\/es\/7fe4c03a-08e5-419c-97a5-4be16c2c8529\/","og_site_name":"Magistrae","article_published_time":"2026-04-02T14:03:00+00:00","article_modified_time":"2026-04-02T14:03:51+00:00","author":"Bruno Gianni","twitter_card":"summary_large_image","twitter_misc":{"Written by":"Bruno Gianni","Est. reading time":"3 minutos"},"schema":{"@context":"https:\/\/schema.org","@graph":[{"@type":"Article","@id":"https:\/\/magistrae.com\/7fe4c03a-08e5-419c-97a5-4be16c2c8529\/#article","isPartOf":{"@id":"https:\/\/magistrae.com\/7fe4c03a-08e5-419c-97a5-4be16c2c8529\/"},"author":{"name":"Bruno Gianni","@id":"https:\/\/magistrae.com\/#\/schema\/person\/d52888235fd6563bd07d97185d6a61e4"},"headline":"Diretor Operacional de Log\u00edstica, Frota e Servi\u00e7os Gerais: Gestor de Alto Impacto","datePublished":"2026-04-02T14:03:00+00:00","dateModified":"2026-04-02T14:03:51+00:00","mainEntityOfPage":{"@id":"https:\/\/magistrae.com\/7fe4c03a-08e5-419c-97a5-4be16c2c8529\/"},"wordCount":565,"commentCount":0,"publisher":{"@id":"https:\/\/magistrae.com\/#organization"},"articleSection":["Hidden"],"inLanguage":"es","potentialAction":[{"@type":"CommentAction","name":"Comment","target":["https:\/\/magistrae.com\/7fe4c03a-08e5-419c-97a5-4be16c2c8529\/#respond"]}]},{"@type":"WebPage","@id":"https:\/\/magistrae.com\/7fe4c03a-08e5-419c-97a5-4be16c2c8529\/","url":"https:\/\/magistrae.com\/7fe4c03a-08e5-419c-97a5-4be16c2c8529\/","name":"Diretor Operacional de Log\u00edstica, Frota e Servi\u00e7os Gerais: Gestor de Alto Impacto - Magistrae","isPartOf":{"@id":"https:\/\/magistrae.com\/#website"},"datePublished":"2026-04-02T14:03:00+00:00","dateModified":"2026-04-02T14:03:51+00:00","breadcrumb":{"@id":"https:\/\/magistrae.com\/7fe4c03a-08e5-419c-97a5-4be16c2c8529\/#breadcrumb"},"inLanguage":"es","potentialAction":[{"@type":"ReadAction","target":["https:\/\/magistrae.com\/7fe4c03a-08e5-419c-97a5-4be16c2c8529\/"]}]},{"@type":"BreadcrumbList","@id":"https:\/\/magistrae.com\/7fe4c03a-08e5-419c-97a5-4be16c2c8529\/#breadcrumb","itemListElement":[{"@type":"ListItem","position":1,"name":"Home","item":"https:\/\/magistrae.com\/"},{"@type":"ListItem","position":2,"name":"Diretor Operacional de Log\u00edstica, Frota e Servi\u00e7os Gerais: Gestor de Alto Impacto"}]},{"@type":"WebSite","@id":"https:\/\/magistrae.com\/#website","url":"https:\/\/magistrae.com\/","name":"Magistrae","description":"","publisher":{"@id":"https:\/\/magistrae.com\/#organization"},"potentialAction":[{"@type":"SearchAction","target":{"@type":"EntryPoint","urlTemplate":"https:\/\/magistrae.com\/?s={search_term_string}"},"query-input":"required name=search_term_string"}],"inLanguage":"es"},{"@type":"Organization","@id":"https:\/\/magistrae.com\/#organization","name":"Magistrae","url":"https:\/\/magistrae.com\/","logo":{"@type":"ImageObject","inLanguage":"es","@id":"https:\/\/magistrae.com\/#\/schema\/logo\/image\/","url":"https:\/\/magistrae.com\/wp-content\/uploads\/sites\/413\/2026\/03\/9_Magistrae.jpg","contentUrl":"https:\/\/magistrae.com\/wp-content\/uploads\/sites\/413\/2026\/03\/9_Magistrae.jpg","width":2000,"height":2000,"caption":"Magistrae"},"image":{"@id":"https:\/\/magistrae.com\/#\/schema\/logo\/image\/"}},{"@type":"Person","@id":"https:\/\/magistrae.com\/#\/schema\/person\/d52888235fd6563bd07d97185d6a61e4","name":"Bruno Gianni","image":{"@type":"ImageObject","inLanguage":"es","@id":"https:\/\/magistrae.com\/#\/schema\/person\/image\/","url":"https:\/\/secure.gravatar.com\/avatar\/0f5d42d7bf77874643c1478932860e3f?s=96&d=mm&r=g","contentUrl":"https:\/\/secure.gravatar.com\/avatar\/0f5d42d7bf77874643c1478932860e3f?s=96&d=mm&r=g","caption":"Bruno Gianni"},"description":"Bruno writes the way he lives, with curiosity, care, and respect for people. He likes to observe, listen, and try to understand what is happening on the other side before putting any words on the page.For him, writing is not about impressing, but about getting closer. It is about turning thoughts into something simple, clear, and real. Every text is an ongoing conversation, created with care and honesty, with the sincere intention of touching someone, somewhere along the way.","url":"https:\/\/magistrae.com\/es\/author\/bcgianni\/"}]}},"uagb_featured_image_src":{"full":false,"thumbnail":false,"medium":false,"medium_large":false,"large":false,"1536x1536":false,"2048x2048":false,"trp-custom-language-flag":false},"uagb_author_info":{"display_name":"Bruno Gianni","author_link":"https:\/\/magistrae.com\/es\/author\/bcgianni\/"},"uagb_comment_info":0,"uagb_excerpt":"Oportunidade exclusiva para Diretor Operacional de Log\u00edstica com foco em gest\u00e3o de frota e servi\u00e7os gerais. Recrutamento para profissionais experientes. Aproveite para liderar e progredir!","_links":{"self":[{"href":"https:\/\/magistrae.com\/es\/wp-json\/wp\/v2\/posts\/11365"}],"collection":[{"href":"https:\/\/magistrae.com\/es\/wp-json\/wp\/v2\/posts"}],"about":[{"href":"https:\/\/magistrae.com\/es\/wp-json\/wp\/v2\/types\/post"}],"author":[{"embeddable":true,"href":"https:\/\/magistrae.com\/es\/wp-json\/wp\/v2\/users\/3"}],"replies":[{"embeddable":true,"href":"https:\/\/magistrae.com\/es\/wp-json\/wp\/v2\/comments?post=11365"}],"version-history":[{"count":1,"href":"https:\/\/magistrae.com\/es\/wp-json\/wp\/v2\/posts\/11365\/revisions"}],"predecessor-version":[{"id":11371,"href":"https:\/\/magistrae.com\/es\/wp-json\/wp\/v2\/posts\/11365\/revisions\/11371"}],"wp:attachment":[{"href":"https:\/\/magistrae.com\/es\/wp-json\/wp\/v2\/media?parent=11365"}],"wp:term":[{"taxonomy":"category","embeddable":true,"href":"https:\/\/magistrae.com\/es\/wp-json\/wp\/v2\/categories?post=11365"},{"taxonomy":"post_tag","embeddable":true,"href":"https:\/\/magistrae.com\/es\/wp-json\/wp\/v2\/tags?post=11365"}],"curies":[{"name":"wp","href":"https:\/\/api.w.org\/{rel}","templated":true}]}}