{"id":11359,"date":"2026-04-02T14:03:00","date_gmt":"2026-04-02T14:03:00","guid":{"rendered":"https:\/\/magistrae.com\/50d02de3-112c-41bd-b11f-72db4a5ca830\/"},"modified":"2026-04-02T14:03:15","modified_gmt":"2026-04-02T14:03:15","slug":"50d02de3-112c-41bd-b11f-72db4a5ca830","status":"publish","type":"post","link":"https:\/\/magistrae.com\/es\/50d02de3-112c-41bd-b11f-72db4a5ca830\/","title":{"rendered":"Gestor de Servi\u00e7os Gerais: Destaques, Responsabilidades e Oportunidades de Crescimento"},"content":{"rendered":"<\/p>\n<\/p>\n<div style=\"background: #ffffff; border-radius: 12px; box-shadow: 0 10px 30px rgba(0, 0, 0, 0.1); width: 100%; max-width: 340px; padding: 25px; transition: transform 0.3s ease-in-out; overflow: visible; display: flex; flex-direction: column; position: relative; border: 1px solid #28a745; margin-top: 70px; margin-bottom: 50px; margin-left: auto; margin-right: auto;\">\n<div style=\"position: absolute; top: -35px; right: 15px; color: #28a745; padding: 5px 10px; border-radius: 6px; font-size: 14px; font-weight: bold; display: flex; align-items: center; z-index: 10;\">Recomendado para si<\/div>\n<div data-namespace-header=\"\" style=\"\">\n<h3 data-namespace-title=\"\" style=\"color: #333; font-size: 20px; font-weight: bold; text-align: left; margin-right: 50px; min-height: 50px; margin-top: 0px;\">Gestor de Servi\u00e7os Gerais<\/h3>\n<\/p><\/div>\n<p data-namespace-prompt=\"\" style=\"font-size: 16px; color: #666; margin-bottom: 20px; line-height: 1.5; flex-grow: 1; text-align: left; margin-top: 0px;\">Oportunidade s\u00f3lida para profissionais com experi\u00eancia em coordena\u00e7\u00e3o de equipas, negocia\u00e7\u00e3o com fornecedores e gest\u00e3o de instala\u00e7\u00f5es. Exige boa capacidade anal\u00edtica e flu\u00eancia em portugu\u00eas e ingl\u00eas.<\/p>\n<p>    <a data-namespace-url=\"\" href=\"https:\/\/magistrae.com\/es\/redirect\/?https:\/\/jobs.keptpeople.com\/jobs\/gestor-de-servicos-gerais-m-f-luanda?utm_campaign=google_jobs_apply&#038;utm_source=google_jobs_apply&#038;utm_medium=organic\" style=\"width: 100%; display: inline-block; color: white; text-decoration: none; border-radius: 6px; font-size: 16px; font-weight: bold; text-align: center; transition: transform 0.3s ease, background 0.3s ease; margin-top: auto;\" data-namespace-id=\"5c0d2565-3ba9-4280-a382-ad2a691e2285\"><br \/>\n        <button style=\"width: 100%; height: 55px; background: #e9e9ed; border: 1px solid black; color: black;\">Candidate-se ao emprego<\/button><br \/>\n    <\/a><br \/>\n    <small style=\"margin-top: 10px; color: #777; font-size: 12px; text-align: center; display: block;\">Ser\u00e1 redirecionado para outra p\u00e1gina<\/small>\n<\/div>\n<p>Esta oferta para Gestor de Servi\u00e7os Gerais destaca-se por proporcionar crescimento profissional num contexto operacional, com jornada integral e ambiente presencial. O sal\u00e1rio e benef\u00edcios n\u00e3o s\u00e3o explicitados, por\u00e9m pretende-se atrair candidatos experientes e motivados. O processo seletivo exige uma licenciatura em gest\u00e3o, engenharia ou \u00e1reas semelhantes, al\u00e9m de experi\u00eancia anterior em lideran\u00e7a de equipas e controlo operacional, sendo fluidez em ingl\u00eas e portugu\u00eas fundamental.<\/p>\n<h2>Responsabilidades e das Principais Atividades<\/h2>\n<p>O dia a dia da fun\u00e7\u00e3o envolve definir e rever especifica\u00e7\u00f5es, apoiar na elabora\u00e7\u00e3o de contratos e negociar pre\u00e7os, servi\u00e7os e prazos com fornecedores. \u00c9 ainda essencial supervisionar equipas, gerir custos e propor melhorias. A fun\u00e7\u00e3o requer coordena\u00e7\u00e3o de transportes e viagens, bem como manuten\u00e7\u00e3o de instala\u00e7\u00f5es e equipamentos. O gestor tamb\u00e9m avalia o desempenho do pessoal, controla indicadores-chave e garante cumprimento das normas de seguran\u00e7a. A lideran\u00e7a \u00e9 central, assim como a organiza\u00e7\u00e3o e o foco nos resultados globais.<\/p>\n<h2>Vantagens de Trabalhar nesta Fun\u00e7\u00e3o<\/h2>\n<p>Entre os destaques positivos est\u00e1 a oportunidade de integrar um grupo empresarial s\u00f3lido, com boa perspetiva de evolu\u00e7\u00e3o interna para profissionais que demonstram desempenho consistente. Outro ponto a favor \u00e9 a valoriza\u00e7\u00e3o das compet\u00eancias de lideran\u00e7a, negocia\u00e7\u00e3o e controlo, permitindo consolidar uma carreira robusta na \u00e1rea de servi\u00e7os gerais e log\u00edstica.<\/p>\n<h2>Desafios e Limita\u00e7\u00f5es<\/h2>\n<p>A press\u00e3o para a redu\u00e7\u00e3o de custos e otimiza\u00e7\u00e3o de processos pode aumentar o n\u00edvel de cobran\u00e7a e responsabilidade. \u00c9 exigida elevada resist\u00eancia ao stress, uma vez que a fun\u00e7\u00e3o lida com imprevistos operacionais e depende bastante das equipas. Ainda, o contacto permanente com \u00e1reas transversais requer boa capacidade de adapta\u00e7\u00e3o e gest\u00e3o de conflitos.<\/p>\n<h2>Veredito Final<\/h2>\n<p>Para quem procura consolidar carreira em gest\u00e3o operacional e tem perfil anal\u00edtico, comunica\u00e7\u00e3o fluente e experi\u00eancia em lideran\u00e7a, este cargo representa uma oportunidade not\u00e1vel. Profissionais organizados, com iniciativa e boa resist\u00eancia \u00e0 press\u00e3o ir\u00e3o destacar-se naturalmente no processo de selec\u00e7\u00e3o.<\/p>\n<\/p>\n<\/p>\n<div style=\"background: #ffffff; border-radius: 12px; box-shadow: 0 10px 30px rgba(0, 0, 0, 0.1); width: 100%; max-width: 340px; padding: 25px; transition: transform 0.3s ease-in-out; overflow: visible; display: flex; flex-direction: column; position: relative; border: 1px solid #28a745; margin-top: 70px; margin-bottom: 50px; margin-left: auto; margin-right: auto;\">\n<div style=\"position: absolute; top: -35px; right: 15px; color: #28a745; padding: 5px 10px; border-radius: 6px; font-size: 14px; font-weight: bold; display: flex; align-items: center; z-index: 10;\">Recomendado para si<\/div>\n<div data-namespace-header=\"\" style=\"\">\n<h3 data-namespace-title=\"\" style=\"color: #333; font-size: 20px; font-weight: bold; text-align: left; margin-right: 50px; min-height: 50px; margin-top: 0px;\">Gestor de Servi\u00e7os Gerais<\/h3>\n<\/p><\/div>\n<p data-namespace-prompt=\"\" style=\"font-size: 16px; color: #666; margin-bottom: 20px; line-height: 1.5; flex-grow: 1; text-align: left; margin-top: 0px;\">Oportunidade s\u00f3lida para profissionais com experi\u00eancia em coordena\u00e7\u00e3o de equipas, negocia\u00e7\u00e3o com fornecedores e gest\u00e3o de instala\u00e7\u00f5es. Exige boa capacidade anal\u00edtica e flu\u00eancia em portugu\u00eas e ingl\u00eas.<\/p>\n<p>    <a data-namespace-url=\"\" href=\"https:\/\/magistrae.com\/es\/redirect\/?https:\/\/jobs.keptpeople.com\/jobs\/gestor-de-servicos-gerais-m-f-luanda?utm_campaign=google_jobs_apply&#038;utm_source=google_jobs_apply&#038;utm_medium=organic\" style=\"width: 100%; display: inline-block; color: white; text-decoration: none; border-radius: 6px; font-size: 16px; font-weight: bold; text-align: center; transition: transform 0.3s ease, background 0.3s ease; margin-top: auto;\" data-namespace-id=\"5c0d2565-3ba9-4280-a382-ad2a691e2285\"><br \/>\n        <button style=\"width: 100%; height: 55px; background: #e9e9ed; border: 1px solid black; color: black;\">Candidate-se ao emprego<\/button><br \/>\n    <\/a><br \/>\n    <small style=\"margin-top: 10px; color: #777; font-size: 12px; text-align: center; display: block;\">Ser\u00e1 redirecionado para outra p\u00e1gina<\/small>\n<\/div>","protected":false},"excerpt":{"rendered":"<p>Confira a vaga de Gestor de Servi\u00e7os Gerais, com foco em lideran\u00e7a, negocia\u00e7\u00e3o e crescimento. Veja os pontos fortes, desafios e se \u00e9 a oportunidade ideal para si.<\/p>","protected":false},"author":3,"featured_media":0,"comment_status":"open","ping_status":"open","sticky":false,"template":"","format":"standard","meta":{"_uag_custom_page_level_css":"","site-sidebar-layout":"default","site-content-layout":"","ast-site-content-layout":"","site-content-style":"default","site-sidebar-style":"default","ast-global-header-display":"","ast-banner-title-visibility":"","ast-main-header-display":"","ast-hfb-above-header-display":"","ast-hfb-below-header-display":"","ast-hfb-mobile-header-display":"","site-post-title":"","ast-breadcrumbs-content":"","ast-featured-img":"","footer-sml-layout":"","theme-transparent-header-meta":"","adv-header-id-meta":"","stick-header-meta":"","header-above-stick-meta":"","header-main-stick-meta":"","header-below-stick-meta":"","astra-migrate-meta-layouts":"default","ast-page-background-enabled":"default","ast-page-background-meta":{"desktop":{"background-color":"var(--ast-global-color-4)","background-image":"","background-repeat":"repeat","background-position":"center center","background-size":"auto","background-attachment":"scroll","background-type":"","background-media":"","overlay-type":"","overlay-color":"","overlay-opacity":"","overlay-gradient":""},"tablet":{"background-color":"","background-image":"","background-repeat":"repeat","background-position":"center center","background-size":"auto","background-attachment":"scroll","background-type":"","background-media":"","overlay-type":"","overlay-color":"","overlay-opacity":"","overlay-gradient":""},"mobile":{"background-color":"","background-image":"","background-repeat":"repeat","background-position":"center center","background-size":"auto","background-attachment":"scroll","background-type":"","background-media":"","overlay-type":"","overlay-color":"","overlay-opacity":"","overlay-gradient":""}},"ast-content-background-meta":{"desktop":{"background-color":"var(--ast-global-color-5)","background-image":"","background-repeat":"repeat","background-position":"center center","background-size":"auto","background-attachment":"scroll","background-type":"","background-media":"","overlay-type":"","overlay-color":"","overlay-opacity":"","overlay-gradient":""},"tablet":{"background-color":"var(--ast-global-color-5)","background-image":"","background-repeat":"repeat","background-position":"center center","background-size":"auto","background-attachment":"scroll","background-type":"","background-media":"","overlay-type":"","overlay-color":"","overlay-opacity":"","overlay-gradient":""},"mobile":{"background-color":"var(--ast-global-color-5)","background-image":"","background-repeat":"repeat","background-position":"center center","background-size":"auto","background-attachment":"scroll","background-type":"","background-media":"","overlay-type":"","overlay-color":"","overlay-opacity":"","overlay-gradient":""}},"footnotes":""},"categories":[14],"tags":[],"yoast_head":"<!-- This site is optimized with the Yoast SEO plugin v23.3 - https:\/\/yoast.com\/wordpress\/plugins\/seo\/ -->\n<title>Gestor de Servi\u00e7os Gerais: Destaques, Responsabilidades e Oportunidades de Crescimento - Magistrae<\/title>\n<meta name=\"robots\" content=\"index, follow, max-snippet:-1, max-image-preview:large, max-video-preview:-1\" \/>\n<link rel=\"canonical\" href=\"https:\/\/magistrae.com\/es\/50d02de3-112c-41bd-b11f-72db4a5ca830\/\" \/>\n<meta property=\"og:locale\" content=\"es_ES\" \/>\n<meta property=\"og:type\" content=\"article\" \/>\n<meta property=\"og:title\" content=\"Gestor de Servi\u00e7os Gerais: Destaques, Responsabilidades e Oportunidades de Crescimento - Magistrae\" \/>\n<meta property=\"og:description\" content=\"Confira a vaga de Gestor de Servi\u00e7os Gerais, com foco em lideran\u00e7a, negocia\u00e7\u00e3o e crescimento. Veja os pontos fortes, desafios e se \u00e9 a oportunidade ideal para si.\" \/>\n<meta property=\"og:url\" content=\"https:\/\/magistrae.com\/es\/50d02de3-112c-41bd-b11f-72db4a5ca830\/\" \/>\n<meta property=\"og:site_name\" content=\"Magistrae\" \/>\n<meta property=\"article:published_time\" content=\"2026-04-02T14:03:00+00:00\" \/>\n<meta property=\"article:modified_time\" content=\"2026-04-02T14:03:15+00:00\" \/>\n<meta name=\"author\" content=\"Bruno Gianni\" \/>\n<meta name=\"twitter:card\" content=\"summary_large_image\" \/>\n<meta name=\"twitter:label1\" content=\"Written by\" \/>\n\t<meta name=\"twitter:data1\" content=\"Bruno Gianni\" \/>\n\t<meta name=\"twitter:label2\" content=\"Est. reading time\" \/>\n\t<meta name=\"twitter:data2\" content=\"2 minutos\" \/>\n<script type=\"application\/ld+json\" class=\"yoast-schema-graph\">{\"@context\":\"https:\/\/schema.org\",\"@graph\":[{\"@type\":\"Article\",\"@id\":\"https:\/\/magistrae.com\/50d02de3-112c-41bd-b11f-72db4a5ca830\/#article\",\"isPartOf\":{\"@id\":\"https:\/\/magistrae.com\/50d02de3-112c-41bd-b11f-72db4a5ca830\/\"},\"author\":{\"name\":\"Bruno Gianni\",\"@id\":\"https:\/\/magistrae.com\/#\/schema\/person\/d52888235fd6563bd07d97185d6a61e4\"},\"headline\":\"Gestor de Servi\u00e7os Gerais: Destaques, Responsabilidades e Oportunidades de Crescimento\",\"datePublished\":\"2026-04-02T14:03:00+00:00\",\"dateModified\":\"2026-04-02T14:03:15+00:00\",\"mainEntityOfPage\":{\"@id\":\"https:\/\/magistrae.com\/50d02de3-112c-41bd-b11f-72db4a5ca830\/\"},\"wordCount\":474,\"commentCount\":0,\"publisher\":{\"@id\":\"https:\/\/magistrae.com\/#organization\"},\"articleSection\":[\"Hidden\"],\"inLanguage\":\"es\",\"potentialAction\":[{\"@type\":\"CommentAction\",\"name\":\"Comment\",\"target\":[\"https:\/\/magistrae.com\/50d02de3-112c-41bd-b11f-72db4a5ca830\/#respond\"]}]},{\"@type\":\"WebPage\",\"@id\":\"https:\/\/magistrae.com\/50d02de3-112c-41bd-b11f-72db4a5ca830\/\",\"url\":\"https:\/\/magistrae.com\/50d02de3-112c-41bd-b11f-72db4a5ca830\/\",\"name\":\"Gestor de Servi\u00e7os Gerais: Destaques, Responsabilidades e Oportunidades de Crescimento - Magistrae\",\"isPartOf\":{\"@id\":\"https:\/\/magistrae.com\/#website\"},\"datePublished\":\"2026-04-02T14:03:00+00:00\",\"dateModified\":\"2026-04-02T14:03:15+00:00\",\"breadcrumb\":{\"@id\":\"https:\/\/magistrae.com\/50d02de3-112c-41bd-b11f-72db4a5ca830\/#breadcrumb\"},\"inLanguage\":\"es\",\"potentialAction\":[{\"@type\":\"ReadAction\",\"target\":[\"https:\/\/magistrae.com\/50d02de3-112c-41bd-b11f-72db4a5ca830\/\"]}]},{\"@type\":\"BreadcrumbList\",\"@id\":\"https:\/\/magistrae.com\/50d02de3-112c-41bd-b11f-72db4a5ca830\/#breadcrumb\",\"itemListElement\":[{\"@type\":\"ListItem\",\"position\":1,\"name\":\"Home\",\"item\":\"https:\/\/magistrae.com\/\"},{\"@type\":\"ListItem\",\"position\":2,\"name\":\"Gestor de Servi\u00e7os Gerais: Destaques, Responsabilidades e Oportunidades de Crescimento\"}]},{\"@type\":\"WebSite\",\"@id\":\"https:\/\/magistrae.com\/#website\",\"url\":\"https:\/\/magistrae.com\/\",\"name\":\"Magistrae\",\"description\":\"\",\"publisher\":{\"@id\":\"https:\/\/magistrae.com\/#organization\"},\"potentialAction\":[{\"@type\":\"SearchAction\",\"target\":{\"@type\":\"EntryPoint\",\"urlTemplate\":\"https:\/\/magistrae.com\/?s={search_term_string}\"},\"query-input\":\"required name=search_term_string\"}],\"inLanguage\":\"es\"},{\"@type\":\"Organization\",\"@id\":\"https:\/\/magistrae.com\/#organization\",\"name\":\"Magistrae\",\"url\":\"https:\/\/magistrae.com\/\",\"logo\":{\"@type\":\"ImageObject\",\"inLanguage\":\"es\",\"@id\":\"https:\/\/magistrae.com\/#\/schema\/logo\/image\/\",\"url\":\"https:\/\/magistrae.com\/wp-content\/uploads\/sites\/413\/2026\/03\/9_Magistrae.jpg\",\"contentUrl\":\"https:\/\/magistrae.com\/wp-content\/uploads\/sites\/413\/2026\/03\/9_Magistrae.jpg\",\"width\":2000,\"height\":2000,\"caption\":\"Magistrae\"},\"image\":{\"@id\":\"https:\/\/magistrae.com\/#\/schema\/logo\/image\/\"}},{\"@type\":\"Person\",\"@id\":\"https:\/\/magistrae.com\/#\/schema\/person\/d52888235fd6563bd07d97185d6a61e4\",\"name\":\"Bruno Gianni\",\"image\":{\"@type\":\"ImageObject\",\"inLanguage\":\"es\",\"@id\":\"https:\/\/magistrae.com\/#\/schema\/person\/image\/\",\"url\":\"https:\/\/secure.gravatar.com\/avatar\/0f5d42d7bf77874643c1478932860e3f?s=96&d=mm&r=g\",\"contentUrl\":\"https:\/\/secure.gravatar.com\/avatar\/0f5d42d7bf77874643c1478932860e3f?s=96&d=mm&r=g\",\"caption\":\"Bruno Gianni\"},\"description\":\"Bruno writes the way he lives, with curiosity, care, and respect for people. He likes to observe, listen, and try to understand what is happening on the other side before putting any words on the page.For him, writing is not about impressing, but about getting closer. It is about turning thoughts into something simple, clear, and real. Every text is an ongoing conversation, created with care and honesty, with the sincere intention of touching someone, somewhere along the way.\",\"url\":\"https:\/\/magistrae.com\/es\/author\/bcgianni\/\"}]}<\/script>\n<!-- \/ Yoast SEO plugin. -->","yoast_head_json":{"title":"Gestor de Servi\u00e7os Gerais: Destaques, Responsabilidades e Oportunidades de Crescimento - Magistrae","robots":{"index":"index","follow":"follow","max-snippet":"max-snippet:-1","max-image-preview":"max-image-preview:large","max-video-preview":"max-video-preview:-1"},"canonical":"https:\/\/magistrae.com\/es\/50d02de3-112c-41bd-b11f-72db4a5ca830\/","og_locale":"es_ES","og_type":"article","og_title":"Gestor de Servi\u00e7os Gerais: Destaques, Responsabilidades e Oportunidades de Crescimento - Magistrae","og_description":"Confira a vaga de Gestor de Servi\u00e7os Gerais, com foco em lideran\u00e7a, negocia\u00e7\u00e3o e crescimento. Veja os pontos fortes, desafios e se \u00e9 a oportunidade ideal para si.","og_url":"https:\/\/magistrae.com\/es\/50d02de3-112c-41bd-b11f-72db4a5ca830\/","og_site_name":"Magistrae","article_published_time":"2026-04-02T14:03:00+00:00","article_modified_time":"2026-04-02T14:03:15+00:00","author":"Bruno Gianni","twitter_card":"summary_large_image","twitter_misc":{"Written by":"Bruno Gianni","Est. reading time":"2 minutos"},"schema":{"@context":"https:\/\/schema.org","@graph":[{"@type":"Article","@id":"https:\/\/magistrae.com\/50d02de3-112c-41bd-b11f-72db4a5ca830\/#article","isPartOf":{"@id":"https:\/\/magistrae.com\/50d02de3-112c-41bd-b11f-72db4a5ca830\/"},"author":{"name":"Bruno Gianni","@id":"https:\/\/magistrae.com\/#\/schema\/person\/d52888235fd6563bd07d97185d6a61e4"},"headline":"Gestor de Servi\u00e7os Gerais: Destaques, Responsabilidades e Oportunidades de Crescimento","datePublished":"2026-04-02T14:03:00+00:00","dateModified":"2026-04-02T14:03:15+00:00","mainEntityOfPage":{"@id":"https:\/\/magistrae.com\/50d02de3-112c-41bd-b11f-72db4a5ca830\/"},"wordCount":474,"commentCount":0,"publisher":{"@id":"https:\/\/magistrae.com\/#organization"},"articleSection":["Hidden"],"inLanguage":"es","potentialAction":[{"@type":"CommentAction","name":"Comment","target":["https:\/\/magistrae.com\/50d02de3-112c-41bd-b11f-72db4a5ca830\/#respond"]}]},{"@type":"WebPage","@id":"https:\/\/magistrae.com\/50d02de3-112c-41bd-b11f-72db4a5ca830\/","url":"https:\/\/magistrae.com\/50d02de3-112c-41bd-b11f-72db4a5ca830\/","name":"Gestor de Servi\u00e7os Gerais: Destaques, Responsabilidades e Oportunidades de Crescimento - Magistrae","isPartOf":{"@id":"https:\/\/magistrae.com\/#website"},"datePublished":"2026-04-02T14:03:00+00:00","dateModified":"2026-04-02T14:03:15+00:00","breadcrumb":{"@id":"https:\/\/magistrae.com\/50d02de3-112c-41bd-b11f-72db4a5ca830\/#breadcrumb"},"inLanguage":"es","potentialAction":[{"@type":"ReadAction","target":["https:\/\/magistrae.com\/50d02de3-112c-41bd-b11f-72db4a5ca830\/"]}]},{"@type":"BreadcrumbList","@id":"https:\/\/magistrae.com\/50d02de3-112c-41bd-b11f-72db4a5ca830\/#breadcrumb","itemListElement":[{"@type":"ListItem","position":1,"name":"Home","item":"https:\/\/magistrae.com\/"},{"@type":"ListItem","position":2,"name":"Gestor de Servi\u00e7os Gerais: Destaques, Responsabilidades e Oportunidades de Crescimento"}]},{"@type":"WebSite","@id":"https:\/\/magistrae.com\/#website","url":"https:\/\/magistrae.com\/","name":"Magistrae","description":"","publisher":{"@id":"https:\/\/magistrae.com\/#organization"},"potentialAction":[{"@type":"SearchAction","target":{"@type":"EntryPoint","urlTemplate":"https:\/\/magistrae.com\/?s={search_term_string}"},"query-input":"required name=search_term_string"}],"inLanguage":"es"},{"@type":"Organization","@id":"https:\/\/magistrae.com\/#organization","name":"Magistrae","url":"https:\/\/magistrae.com\/","logo":{"@type":"ImageObject","inLanguage":"es","@id":"https:\/\/magistrae.com\/#\/schema\/logo\/image\/","url":"https:\/\/magistrae.com\/wp-content\/uploads\/sites\/413\/2026\/03\/9_Magistrae.jpg","contentUrl":"https:\/\/magistrae.com\/wp-content\/uploads\/sites\/413\/2026\/03\/9_Magistrae.jpg","width":2000,"height":2000,"caption":"Magistrae"},"image":{"@id":"https:\/\/magistrae.com\/#\/schema\/logo\/image\/"}},{"@type":"Person","@id":"https:\/\/magistrae.com\/#\/schema\/person\/d52888235fd6563bd07d97185d6a61e4","name":"Bruno Gianni","image":{"@type":"ImageObject","inLanguage":"es","@id":"https:\/\/magistrae.com\/#\/schema\/person\/image\/","url":"https:\/\/secure.gravatar.com\/avatar\/0f5d42d7bf77874643c1478932860e3f?s=96&d=mm&r=g","contentUrl":"https:\/\/secure.gravatar.com\/avatar\/0f5d42d7bf77874643c1478932860e3f?s=96&d=mm&r=g","caption":"Bruno Gianni"},"description":"Bruno writes the way he lives, with curiosity, care, and respect for people. He likes to observe, listen, and try to understand what is happening on the other side before putting any words on the page.For him, writing is not about impressing, but about getting closer. It is about turning thoughts into something simple, clear, and real. Every text is an ongoing conversation, created with care and honesty, with the sincere intention of touching someone, somewhere along the way.","url":"https:\/\/magistrae.com\/es\/author\/bcgianni\/"}]}},"uagb_featured_image_src":{"full":false,"thumbnail":false,"medium":false,"medium_large":false,"large":false,"1536x1536":false,"2048x2048":false,"trp-custom-language-flag":false},"uagb_author_info":{"display_name":"Bruno Gianni","author_link":"https:\/\/magistrae.com\/es\/author\/bcgianni\/"},"uagb_comment_info":0,"uagb_excerpt":"Confira a vaga de Gestor de Servi\u00e7os Gerais, com foco em lideran\u00e7a, negocia\u00e7\u00e3o e crescimento. Veja os pontos fortes, desafios e se \u00e9 a oportunidade ideal para si.","_links":{"self":[{"href":"https:\/\/magistrae.com\/es\/wp-json\/wp\/v2\/posts\/11359"}],"collection":[{"href":"https:\/\/magistrae.com\/es\/wp-json\/wp\/v2\/posts"}],"about":[{"href":"https:\/\/magistrae.com\/es\/wp-json\/wp\/v2\/types\/post"}],"author":[{"embeddable":true,"href":"https:\/\/magistrae.com\/es\/wp-json\/wp\/v2\/users\/3"}],"replies":[{"embeddable":true,"href":"https:\/\/magistrae.com\/es\/wp-json\/wp\/v2\/comments?post=11359"}],"version-history":[{"count":1,"href":"https:\/\/magistrae.com\/es\/wp-json\/wp\/v2\/posts\/11359\/revisions"}],"predecessor-version":[{"id":11366,"href":"https:\/\/magistrae.com\/es\/wp-json\/wp\/v2\/posts\/11359\/revisions\/11366"}],"wp:attachment":[{"href":"https:\/\/magistrae.com\/es\/wp-json\/wp\/v2\/media?parent=11359"}],"wp:term":[{"taxonomy":"category","embeddable":true,"href":"https:\/\/magistrae.com\/es\/wp-json\/wp\/v2\/categories?post=11359"},{"taxonomy":"post_tag","embeddable":true,"href":"https:\/\/magistrae.com\/es\/wp-json\/wp\/v2\/tags?post=11359"}],"curies":[{"name":"wp","href":"https:\/\/api.w.org\/{rel}","templated":true}]}}