{"id":11351,"date":"2026-04-02T13:27:00","date_gmt":"2026-04-02T13:27:00","guid":{"rendered":"https:\/\/magistrae.com\/b188f1d5-cae7-47e1-a33a-729c53caea55\/"},"modified":"2026-04-02T13:27:45","modified_gmt":"2026-04-02T13:27:45","slug":"b188f1d5-cae7-47e1-a33a-729c53caea55","status":"publish","type":"post","link":"https:\/\/magistrae.com\/es\/b188f1d5-cae7-47e1-a33a-729c53caea55\/","title":{"rendered":"Coordenador de Servi\u00e7os Gerais: Lideran\u00e7a, Efici\u00eancia e Crescimento Profissional"},"content":{"rendered":"<\/p>\n<\/p>\n<div style=\"background: #ffffff; border-radius: 12px; box-shadow: 0 10px 30px rgba(0, 0, 0, 0.1); width: 100%; max-width: 340px; padding: 25px; transition: transform 0.3s ease-in-out; overflow: visible; display: flex; flex-direction: column; position: relative; border: 1px solid #28a745; margin-top: 70px; margin-bottom: 50px; margin-left: auto; margin-right: auto;\">\n<div style=\"position: absolute; top: -35px; right: 15px; color: #28a745; padding: 5px 10px; border-radius: 6px; font-size: 14px; font-weight: bold; display: flex; align-items: center; z-index: 10;\">Recomendado para si<\/div>\n<div data-namespace-header=\"\" style=\"\">\n<h3 data-namespace-title=\"\" style=\"color: #333; font-size: 20px; font-weight: bold; text-align: left; margin-right: 50px; min-height: 50px; margin-top: 0px;\">Coordenador de Servi\u00e7os Gerais<\/h3>\n<\/p><\/div>\n<p data-namespace-prompt=\"\" style=\"font-size: 16px; color: #666; margin-bottom: 20px; line-height: 1.5; flex-grow: 1; text-align: left; margin-top: 0px;\">Lidere equipas, assegure manuten\u00e7\u00e3o, seguran\u00e7a e optimiza\u00e7\u00e3o administrativa. Excelente oportunidade de crescimento em grupo s\u00f3lido, com valoriza\u00e7\u00e3o de compet\u00eancias multifacetadas.<\/p>\n<p>    <a data-namespace-url=\"\" href=\"https:\/\/magistrae.com\/es\/redirect\/?https:\/\/jobs.keptpeople.com\/jobs\/coordenador-de-servicos-gerais-m-f-luanda?utm_campaign=google_jobs_apply&#038;utm_source=google_jobs_apply&#038;utm_medium=organic\" style=\"width: 100%; display: inline-block; color: white; text-decoration: none; border-radius: 6px; font-size: 16px; font-weight: bold; text-align: center; transition: transform 0.3s ease, background 0.3s ease; margin-top: auto;\" data-namespace-id=\"5c0d2565-3ba9-4280-a382-ad2a691e2285\"><br \/>\n        <button style=\"width: 100%; height: 55px; background: #e9e9ed; border: 1px solid black; color: black;\">Candidatar-se \u00e0 vaga<\/button><br \/>\n    <\/a><br \/>\n    <small style=\"margin-top: 10px; color: #777; font-size: 12px; text-align: center; display: block;\">Ser\u00e1 redirigido a otro sitio<\/small>\n<\/div>\n<p>A vaga de Coordenador de Servi\u00e7os Gerais destina-se a profissionais com forma\u00e7\u00e3o superior em Gest\u00e3o, Log\u00edstica ou \u00e1reas afins, experi\u00eancia consolidada e dom\u00ednio do portugu\u00eas e ingl\u00eas. O regime \u00e9 presencial e o hor\u00e1rio \u00e9 integral, proporcionando estabilidade e contacto directo com equipas e instala\u00e7\u00f5es. O sal\u00e1rio n\u00e3o est\u00e1 divulgado, mas faz parte de um grupo empresarial s\u00f3lido, o que sugere boas condi\u00e7\u00f5es e perspectivas de crescimento a m\u00e9dio prazo.<\/p>\n<h2>Principais Responsabilidades da Fun\u00e7\u00e3o<\/h2>\n<p>No quotidiano, o Coordenador \u00e9 respons\u00e1vel por supervisionar actividades administrativas, gest\u00e3o de frotas, compras de consum\u00edveis e toda a log\u00edstica necess\u00e1ria para o bom funcionamento da empresa.<\/p>\n<p>Esse profissional desenvolve e implementa pol\u00edticas que optimizam processos internos, com o objectivo de aumentar a efici\u00eancia organizacional. \u00c9 ainda respons\u00e1vel pela seguran\u00e7a das instala\u00e7\u00f5es, liderando equipas e assegurando que normas de seguran\u00e7a sejam cumpridas. Gerir contratos de servi\u00e7os terceirizados e garantir alto padr\u00e3o de qualidade s\u00e3o tamb\u00e9m tarefas di\u00e1rias.<\/p>\n<p>Cabe igualmente ao Coordenador o controlo or\u00e7amental dos servi\u00e7os gerais, negocia\u00e7\u00e3o de fornecedores e adop\u00e7\u00e3o de sistemas tecnol\u00f3gicos inovadores para facilitar a gest\u00e3o administrativa e seguran\u00e7a electr\u00f3nica. Reuni\u00f5es peri\u00f3dicas com as equipas asseguram acompanhamento e solu\u00e7\u00f5es r\u00e1pidas para eventuais desafios.<\/p>\n<p>O ambiente multicultural exige flexibilidade, colabora\u00e7\u00e3o e capacidade de lideran\u00e7a. Uma vertente essencial \u00e9 a orienta\u00e7\u00e3o para o cliente e resultados, fomentando um esp\u00edrito de melhoria cont\u00ednua entre todos os colaboradores.<\/p>\n<h2>Vantagens de Ser Coordenador de Servi\u00e7os Gerais<\/h2>\n<p>Uma das maiores vantagens desta vaga \u00e9 a possibilidade de fazer parte de um grupo empresarial s\u00f3lido, factor que traz estabilidade profissional e oportunidades de desenvolvimento de carreira.<\/p>\n<p>A fun\u00e7\u00e3o abrange m\u00faltiplas \u00e1reas, desde a gest\u00e3o administrativa \u00e0 lideran\u00e7a de equipas, proporcionando um crescimento horizontal de compet\u00eancias. O contacto com v\u00e1rias \u00e1reas da empresa garante constante aprendizagem pr\u00e1tica.<\/p>\n<p>O ambiente de trabalho incentiva a inova\u00e7\u00e3o e a adaptabilidade, valorizando quem apresenta solu\u00e7\u00f5es inovadoras e se destaca pelo empenho e dedica\u00e7\u00e3o.<\/p>\n<h2>Desventajas a considerar<\/h2>\n<p>Como em qualquer fun\u00e7\u00e3o de responsabilidade elevada, a press\u00e3o pela entrega de resultados e o controlo rigoroso de recursos pode ser exigente. A gest\u00e3o de equipas multidisciplinares requer grande capacidade de comunica\u00e7\u00e3o.<\/p>\n<p>A aus\u00eancia de indica\u00e7\u00e3o expl\u00edcita de sal\u00e1rio pode ser um factor de d\u00favida para alguns candidatos. Outro poss\u00edvel desafio \u00e9 a necessidade de lidar diariamente com m\u00faltiplas tarefas e exig\u00eancias.<\/p>\n<h2>Veredicto Final<\/h2>\n<p>O cargo de Coordenador de Servi\u00e7os Gerais \u00e9 ideal para profissionais motivados, ambiciosos e que queiram crescer numa organiza\u00e7\u00e3o consolidada. Oferece oportunidades reais para quem procura estabilidade, evolu\u00e7\u00e3o e desafios di\u00e1rios.<\/p>\n<div style=\"background: #ffffff; border-radius: 12px; box-shadow: 0 10px 30px rgba(0, 0, 0, 0.1); width: 100%; max-width: 340px; padding: 25px; transition: transform 0.3s ease-in-out; overflow: visible; display: flex; flex-direction: column; position: relative; border: 1px solid #28a745; margin-top: 70px; margin-bottom: 50px; margin-left: auto; margin-right: auto;\">\n<div style=\"position: absolute; top: -35px; right: 15px; color: #28a745; padding: 5px 10px; border-radius: 6px; font-size: 14px; font-weight: bold; display: flex; align-items: center; z-index: 10;\">Recomendado para si<\/div>\n<div data-namespace-header=\"\" style=\"\">\n<h3 data-namespace-title=\"\" style=\"color: #333; font-size: 20px; font-weight: bold; text-align: left; margin-right: 50px; min-height: 50px; margin-top: 0px;\">Coordenador de Servi\u00e7os Gerais<\/h3>\n<\/p><\/div>\n<p data-namespace-prompt=\"\" style=\"font-size: 16px; color: #666; margin-bottom: 20px; line-height: 1.5; flex-grow: 1; text-align: left; margin-top: 0px;\">Lidere equipas, assegure manuten\u00e7\u00e3o, seguran\u00e7a e optimiza\u00e7\u00e3o administrativa. Excelente oportunidade de crescimento em grupo s\u00f3lido, com valoriza\u00e7\u00e3o de compet\u00eancias multifacetadas.<\/p>\n<p>    <a data-namespace-url=\"\" href=\"https:\/\/magistrae.com\/es\/redirect\/?https:\/\/jobs.keptpeople.com\/jobs\/coordenador-de-servicos-gerais-m-f-luanda?utm_campaign=google_jobs_apply&#038;utm_source=google_jobs_apply&#038;utm_medium=organic\" style=\"width: 100%; display: inline-block; color: white; text-decoration: none; border-radius: 6px; font-size: 16px; font-weight: bold; text-align: center; transition: transform 0.3s ease, background 0.3s ease; margin-top: auto;\" data-namespace-id=\"5c0d2565-3ba9-4280-a382-ad2a691e2285\"><br \/>\n        <button style=\"width: 100%; height: 55px; background: #e9e9ed; border: 1px solid black; color: black;\">Candidatar-se \u00e0 vaga<\/button><br \/>\n    <\/a><br \/>\n    <small style=\"margin-top: 10px; color: #777; font-size: 12px; text-align: center; display: block;\">Ser\u00e1 redirigido a otro sitio<\/small>\n<\/div>","protected":false},"excerpt":{"rendered":"<p>Est\u00e1 \u00e0 procura de novos desafios? Conhe\u00e7a as fun\u00e7\u00f5es, vantagens e contras de Coordenador de Servi\u00e7os Gerais e saiba se esta vaga \u00e9 ideal para si. Candidate-se j\u00e1!<\/p>","protected":false},"author":3,"featured_media":0,"comment_status":"open","ping_status":"open","sticky":false,"template":"","format":"standard","meta":{"_uag_custom_page_level_css":"","site-sidebar-layout":"default","site-content-layout":"","ast-site-content-layout":"","site-content-style":"default","site-sidebar-style":"default","ast-global-header-display":"","ast-banner-title-visibility":"","ast-main-header-display":"","ast-hfb-above-header-display":"","ast-hfb-below-header-display":"","ast-hfb-mobile-header-display":"","site-post-title":"","ast-breadcrumbs-content":"","ast-featured-img":"","footer-sml-layout":"","theme-transparent-header-meta":"","adv-header-id-meta":"","stick-header-meta":"","header-above-stick-meta":"","header-main-stick-meta":"","header-below-stick-meta":"","astra-migrate-meta-layouts":"default","ast-page-background-enabled":"default","ast-page-background-meta":{"desktop":{"background-color":"var(--ast-global-color-4)","background-image":"","background-repeat":"repeat","background-position":"center center","background-size":"auto","background-attachment":"scroll","background-type":"","background-media":"","overlay-type":"","overlay-color":"","overlay-opacity":"","overlay-gradient":""},"tablet":{"background-color":"","background-image":"","background-repeat":"repeat","background-position":"center center","background-size":"auto","background-attachment":"scroll","background-type":"","background-media":"","overlay-type":"","overlay-color":"","overlay-opacity":"","overlay-gradient":""},"mobile":{"background-color":"","background-image":"","background-repeat":"repeat","background-position":"center center","background-size":"auto","background-attachment":"scroll","background-type":"","background-media":"","overlay-type":"","overlay-color":"","overlay-opacity":"","overlay-gradient":""}},"ast-content-background-meta":{"desktop":{"background-color":"var(--ast-global-color-5)","background-image":"","background-repeat":"repeat","background-position":"center center","background-size":"auto","background-attachment":"scroll","background-type":"","background-media":"","overlay-type":"","overlay-color":"","overlay-opacity":"","overlay-gradient":""},"tablet":{"background-color":"var(--ast-global-color-5)","background-image":"","background-repeat":"repeat","background-position":"center center","background-size":"auto","background-attachment":"scroll","background-type":"","background-media":"","overlay-type":"","overlay-color":"","overlay-opacity":"","overlay-gradient":""},"mobile":{"background-color":"var(--ast-global-color-5)","background-image":"","background-repeat":"repeat","background-position":"center center","background-size":"auto","background-attachment":"scroll","background-type":"","background-media":"","overlay-type":"","overlay-color":"","overlay-opacity":"","overlay-gradient":""}},"footnotes":""},"categories":[14],"tags":[],"yoast_head":"<!-- This site is optimized with the Yoast SEO plugin v23.3 - https:\/\/yoast.com\/wordpress\/plugins\/seo\/ -->\n<title>Coordenador de Servi\u00e7os Gerais: Lideran\u00e7a, Efici\u00eancia e Crescimento Profissional - Magistrae<\/title>\n<meta name=\"robots\" content=\"index, follow, max-snippet:-1, max-image-preview:large, max-video-preview:-1\" \/>\n<link rel=\"canonical\" href=\"https:\/\/magistrae.com\/es\/b188f1d5-cae7-47e1-a33a-729c53caea55\/\" \/>\n<meta property=\"og:locale\" content=\"es_ES\" \/>\n<meta property=\"og:type\" content=\"article\" \/>\n<meta property=\"og:title\" content=\"Coordenador de Servi\u00e7os Gerais: Lideran\u00e7a, Efici\u00eancia e Crescimento Profissional - Magistrae\" \/>\n<meta property=\"og:description\" content=\"Est\u00e1 \u00e0 procura de novos desafios? Conhe\u00e7a as fun\u00e7\u00f5es, vantagens e contras de Coordenador de Servi\u00e7os Gerais e saiba se esta vaga \u00e9 ideal para si. Candidate-se j\u00e1!\" \/>\n<meta property=\"og:url\" content=\"https:\/\/magistrae.com\/es\/b188f1d5-cae7-47e1-a33a-729c53caea55\/\" \/>\n<meta property=\"og:site_name\" content=\"Magistrae\" \/>\n<meta property=\"article:published_time\" content=\"2026-04-02T13:27:00+00:00\" \/>\n<meta property=\"article:modified_time\" content=\"2026-04-02T13:27:45+00:00\" \/>\n<meta name=\"author\" content=\"Bruno Gianni\" \/>\n<meta name=\"twitter:card\" content=\"summary_large_image\" \/>\n<meta name=\"twitter:label1\" content=\"Written by\" \/>\n\t<meta name=\"twitter:data1\" content=\"Bruno Gianni\" \/>\n\t<meta name=\"twitter:label2\" content=\"Est. reading time\" \/>\n\t<meta name=\"twitter:data2\" content=\"3 minutos\" \/>\n<script type=\"application\/ld+json\" class=\"yoast-schema-graph\">{\"@context\":\"https:\/\/schema.org\",\"@graph\":[{\"@type\":\"Article\",\"@id\":\"https:\/\/magistrae.com\/b188f1d5-cae7-47e1-a33a-729c53caea55\/#article\",\"isPartOf\":{\"@id\":\"https:\/\/magistrae.com\/b188f1d5-cae7-47e1-a33a-729c53caea55\/\"},\"author\":{\"name\":\"Bruno Gianni\",\"@id\":\"https:\/\/magistrae.com\/#\/schema\/person\/d52888235fd6563bd07d97185d6a61e4\"},\"headline\":\"Coordenador de Servi\u00e7os Gerais: Lideran\u00e7a, Efici\u00eancia e Crescimento Profissional\",\"datePublished\":\"2026-04-02T13:27:00+00:00\",\"dateModified\":\"2026-04-02T13:27:45+00:00\",\"mainEntityOfPage\":{\"@id\":\"https:\/\/magistrae.com\/b188f1d5-cae7-47e1-a33a-729c53caea55\/\"},\"wordCount\":569,\"commentCount\":0,\"publisher\":{\"@id\":\"https:\/\/magistrae.com\/#organization\"},\"articleSection\":[\"Hidden\"],\"inLanguage\":\"es\",\"potentialAction\":[{\"@type\":\"CommentAction\",\"name\":\"Comment\",\"target\":[\"https:\/\/magistrae.com\/b188f1d5-cae7-47e1-a33a-729c53caea55\/#respond\"]}]},{\"@type\":\"WebPage\",\"@id\":\"https:\/\/magistrae.com\/b188f1d5-cae7-47e1-a33a-729c53caea55\/\",\"url\":\"https:\/\/magistrae.com\/b188f1d5-cae7-47e1-a33a-729c53caea55\/\",\"name\":\"Coordenador de Servi\u00e7os Gerais: Lideran\u00e7a, Efici\u00eancia e Crescimento Profissional - Magistrae\",\"isPartOf\":{\"@id\":\"https:\/\/magistrae.com\/#website\"},\"datePublished\":\"2026-04-02T13:27:00+00:00\",\"dateModified\":\"2026-04-02T13:27:45+00:00\",\"breadcrumb\":{\"@id\":\"https:\/\/magistrae.com\/b188f1d5-cae7-47e1-a33a-729c53caea55\/#breadcrumb\"},\"inLanguage\":\"es\",\"potentialAction\":[{\"@type\":\"ReadAction\",\"target\":[\"https:\/\/magistrae.com\/b188f1d5-cae7-47e1-a33a-729c53caea55\/\"]}]},{\"@type\":\"BreadcrumbList\",\"@id\":\"https:\/\/magistrae.com\/b188f1d5-cae7-47e1-a33a-729c53caea55\/#breadcrumb\",\"itemListElement\":[{\"@type\":\"ListItem\",\"position\":1,\"name\":\"Home\",\"item\":\"https:\/\/magistrae.com\/\"},{\"@type\":\"ListItem\",\"position\":2,\"name\":\"Coordenador de Servi\u00e7os Gerais: Lideran\u00e7a, Efici\u00eancia e Crescimento Profissional\"}]},{\"@type\":\"WebSite\",\"@id\":\"https:\/\/magistrae.com\/#website\",\"url\":\"https:\/\/magistrae.com\/\",\"name\":\"Magistrae\",\"description\":\"\",\"publisher\":{\"@id\":\"https:\/\/magistrae.com\/#organization\"},\"potentialAction\":[{\"@type\":\"SearchAction\",\"target\":{\"@type\":\"EntryPoint\",\"urlTemplate\":\"https:\/\/magistrae.com\/?s={search_term_string}\"},\"query-input\":\"required name=search_term_string\"}],\"inLanguage\":\"es\"},{\"@type\":\"Organization\",\"@id\":\"https:\/\/magistrae.com\/#organization\",\"name\":\"Magistrae\",\"url\":\"https:\/\/magistrae.com\/\",\"logo\":{\"@type\":\"ImageObject\",\"inLanguage\":\"es\",\"@id\":\"https:\/\/magistrae.com\/#\/schema\/logo\/image\/\",\"url\":\"https:\/\/magistrae.com\/wp-content\/uploads\/sites\/413\/2026\/03\/9_Magistrae.jpg\",\"contentUrl\":\"https:\/\/magistrae.com\/wp-content\/uploads\/sites\/413\/2026\/03\/9_Magistrae.jpg\",\"width\":2000,\"height\":2000,\"caption\":\"Magistrae\"},\"image\":{\"@id\":\"https:\/\/magistrae.com\/#\/schema\/logo\/image\/\"}},{\"@type\":\"Person\",\"@id\":\"https:\/\/magistrae.com\/#\/schema\/person\/d52888235fd6563bd07d97185d6a61e4\",\"name\":\"Bruno Gianni\",\"image\":{\"@type\":\"ImageObject\",\"inLanguage\":\"es\",\"@id\":\"https:\/\/magistrae.com\/#\/schema\/person\/image\/\",\"url\":\"https:\/\/secure.gravatar.com\/avatar\/0f5d42d7bf77874643c1478932860e3f?s=96&d=mm&r=g\",\"contentUrl\":\"https:\/\/secure.gravatar.com\/avatar\/0f5d42d7bf77874643c1478932860e3f?s=96&d=mm&r=g\",\"caption\":\"Bruno Gianni\"},\"description\":\"Bruno writes the way he lives, with curiosity, care, and respect for people. He likes to observe, listen, and try to understand what is happening on the other side before putting any words on the page.For him, writing is not about impressing, but about getting closer. It is about turning thoughts into something simple, clear, and real. Every text is an ongoing conversation, created with care and honesty, with the sincere intention of touching someone, somewhere along the way.\",\"url\":\"https:\/\/magistrae.com\/es\/author\/bcgianni\/\"}]}<\/script>\n<!-- \/ Yoast SEO plugin. -->","yoast_head_json":{"title":"Coordenador de Servi\u00e7os Gerais: Lideran\u00e7a, Efici\u00eancia e Crescimento Profissional - Magistrae","robots":{"index":"index","follow":"follow","max-snippet":"max-snippet:-1","max-image-preview":"max-image-preview:large","max-video-preview":"max-video-preview:-1"},"canonical":"https:\/\/magistrae.com\/es\/b188f1d5-cae7-47e1-a33a-729c53caea55\/","og_locale":"es_ES","og_type":"article","og_title":"Coordenador de Servi\u00e7os Gerais: Lideran\u00e7a, Efici\u00eancia e Crescimento Profissional - Magistrae","og_description":"Est\u00e1 \u00e0 procura de novos desafios? Conhe\u00e7a as fun\u00e7\u00f5es, vantagens e contras de Coordenador de Servi\u00e7os Gerais e saiba se esta vaga \u00e9 ideal para si. Candidate-se j\u00e1!","og_url":"https:\/\/magistrae.com\/es\/b188f1d5-cae7-47e1-a33a-729c53caea55\/","og_site_name":"Magistrae","article_published_time":"2026-04-02T13:27:00+00:00","article_modified_time":"2026-04-02T13:27:45+00:00","author":"Bruno Gianni","twitter_card":"summary_large_image","twitter_misc":{"Written by":"Bruno Gianni","Est. reading time":"3 minutos"},"schema":{"@context":"https:\/\/schema.org","@graph":[{"@type":"Article","@id":"https:\/\/magistrae.com\/b188f1d5-cae7-47e1-a33a-729c53caea55\/#article","isPartOf":{"@id":"https:\/\/magistrae.com\/b188f1d5-cae7-47e1-a33a-729c53caea55\/"},"author":{"name":"Bruno Gianni","@id":"https:\/\/magistrae.com\/#\/schema\/person\/d52888235fd6563bd07d97185d6a61e4"},"headline":"Coordenador de Servi\u00e7os Gerais: Lideran\u00e7a, Efici\u00eancia e Crescimento Profissional","datePublished":"2026-04-02T13:27:00+00:00","dateModified":"2026-04-02T13:27:45+00:00","mainEntityOfPage":{"@id":"https:\/\/magistrae.com\/b188f1d5-cae7-47e1-a33a-729c53caea55\/"},"wordCount":569,"commentCount":0,"publisher":{"@id":"https:\/\/magistrae.com\/#organization"},"articleSection":["Hidden"],"inLanguage":"es","potentialAction":[{"@type":"CommentAction","name":"Comment","target":["https:\/\/magistrae.com\/b188f1d5-cae7-47e1-a33a-729c53caea55\/#respond"]}]},{"@type":"WebPage","@id":"https:\/\/magistrae.com\/b188f1d5-cae7-47e1-a33a-729c53caea55\/","url":"https:\/\/magistrae.com\/b188f1d5-cae7-47e1-a33a-729c53caea55\/","name":"Coordenador de Servi\u00e7os Gerais: Lideran\u00e7a, Efici\u00eancia e Crescimento Profissional - Magistrae","isPartOf":{"@id":"https:\/\/magistrae.com\/#website"},"datePublished":"2026-04-02T13:27:00+00:00","dateModified":"2026-04-02T13:27:45+00:00","breadcrumb":{"@id":"https:\/\/magistrae.com\/b188f1d5-cae7-47e1-a33a-729c53caea55\/#breadcrumb"},"inLanguage":"es","potentialAction":[{"@type":"ReadAction","target":["https:\/\/magistrae.com\/b188f1d5-cae7-47e1-a33a-729c53caea55\/"]}]},{"@type":"BreadcrumbList","@id":"https:\/\/magistrae.com\/b188f1d5-cae7-47e1-a33a-729c53caea55\/#breadcrumb","itemListElement":[{"@type":"ListItem","position":1,"name":"Home","item":"https:\/\/magistrae.com\/"},{"@type":"ListItem","position":2,"name":"Coordenador de Servi\u00e7os Gerais: Lideran\u00e7a, Efici\u00eancia e Crescimento Profissional"}]},{"@type":"WebSite","@id":"https:\/\/magistrae.com\/#website","url":"https:\/\/magistrae.com\/","name":"Magistrae","description":"","publisher":{"@id":"https:\/\/magistrae.com\/#organization"},"potentialAction":[{"@type":"SearchAction","target":{"@type":"EntryPoint","urlTemplate":"https:\/\/magistrae.com\/?s={search_term_string}"},"query-input":"required name=search_term_string"}],"inLanguage":"es"},{"@type":"Organization","@id":"https:\/\/magistrae.com\/#organization","name":"Magistrae","url":"https:\/\/magistrae.com\/","logo":{"@type":"ImageObject","inLanguage":"es","@id":"https:\/\/magistrae.com\/#\/schema\/logo\/image\/","url":"https:\/\/magistrae.com\/wp-content\/uploads\/sites\/413\/2026\/03\/9_Magistrae.jpg","contentUrl":"https:\/\/magistrae.com\/wp-content\/uploads\/sites\/413\/2026\/03\/9_Magistrae.jpg","width":2000,"height":2000,"caption":"Magistrae"},"image":{"@id":"https:\/\/magistrae.com\/#\/schema\/logo\/image\/"}},{"@type":"Person","@id":"https:\/\/magistrae.com\/#\/schema\/person\/d52888235fd6563bd07d97185d6a61e4","name":"Bruno Gianni","image":{"@type":"ImageObject","inLanguage":"es","@id":"https:\/\/magistrae.com\/#\/schema\/person\/image\/","url":"https:\/\/secure.gravatar.com\/avatar\/0f5d42d7bf77874643c1478932860e3f?s=96&d=mm&r=g","contentUrl":"https:\/\/secure.gravatar.com\/avatar\/0f5d42d7bf77874643c1478932860e3f?s=96&d=mm&r=g","caption":"Bruno Gianni"},"description":"Bruno writes the way he lives, with curiosity, care, and respect for people. He likes to observe, listen, and try to understand what is happening on the other side before putting any words on the page.For him, writing is not about impressing, but about getting closer. It is about turning thoughts into something simple, clear, and real. Every text is an ongoing conversation, created with care and honesty, with the sincere intention of touching someone, somewhere along the way.","url":"https:\/\/magistrae.com\/es\/author\/bcgianni\/"}]}},"uagb_featured_image_src":{"full":false,"thumbnail":false,"medium":false,"medium_large":false,"large":false,"1536x1536":false,"2048x2048":false,"trp-custom-language-flag":false},"uagb_author_info":{"display_name":"Bruno Gianni","author_link":"https:\/\/magistrae.com\/es\/author\/bcgianni\/"},"uagb_comment_info":0,"uagb_excerpt":"Est\u00e1 \u00e0 procura de novos desafios? Conhe\u00e7a as fun\u00e7\u00f5es, vantagens e contras de Coordenador de Servi\u00e7os Gerais e saiba se esta vaga \u00e9 ideal para si. Candidate-se j\u00e1!","_links":{"self":[{"href":"https:\/\/magistrae.com\/es\/wp-json\/wp\/v2\/posts\/11351"}],"collection":[{"href":"https:\/\/magistrae.com\/es\/wp-json\/wp\/v2\/posts"}],"about":[{"href":"https:\/\/magistrae.com\/es\/wp-json\/wp\/v2\/types\/post"}],"author":[{"embeddable":true,"href":"https:\/\/magistrae.com\/es\/wp-json\/wp\/v2\/users\/3"}],"replies":[{"embeddable":true,"href":"https:\/\/magistrae.com\/es\/wp-json\/wp\/v2\/comments?post=11351"}],"version-history":[{"count":1,"href":"https:\/\/magistrae.com\/es\/wp-json\/wp\/v2\/posts\/11351\/revisions"}],"predecessor-version":[{"id":11357,"href":"https:\/\/magistrae.com\/es\/wp-json\/wp\/v2\/posts\/11351\/revisions\/11357"}],"wp:attachment":[{"href":"https:\/\/magistrae.com\/es\/wp-json\/wp\/v2\/media?parent=11351"}],"wp:term":[{"taxonomy":"category","embeddable":true,"href":"https:\/\/magistrae.com\/es\/wp-json\/wp\/v2\/categories?post=11351"},{"taxonomy":"post_tag","embeddable":true,"href":"https:\/\/magistrae.com\/es\/wp-json\/wp\/v2\/tags?post=11351"}],"curies":[{"name":"wp","href":"https:\/\/api.w.org\/{rel}","templated":true}]}}