{"id":11346,"date":"2026-04-02T13:27:00","date_gmt":"2026-04-02T13:27:00","guid":{"rendered":"https:\/\/magistrae.com\/9a45c018-e668-45b4-9e03-f0c60546216d\/"},"modified":"2026-04-02T13:27:21","modified_gmt":"2026-04-02T13:27:21","slug":"9a45c018-e668-45b4-9e03-f0c60546216d","status":"publish","type":"post","link":"https:\/\/magistrae.com\/es\/9a45c018-e668-45b4-9e03-f0c60546216d\/","title":{"rendered":"T\u00e9cnico de Manuten\u00e7\u00e3o e Servi\u00e7os Gerais: Oportunidade para Profissionais Polivalentes"},"content":{"rendered":"<\/p>\n<\/p>\n<div style=\"background: #ffffff; border-radius: 12px; box-shadow: 0 10px 30px rgba(0, 0, 0, 0.1); width: 100%; max-width: 340px; padding: 25px; transition: transform 0.3s ease-in-out; overflow: visible; display: flex; flex-direction: column; position: relative; border: 1px solid #28a745; margin-top: 70px; margin-bottom: 50px; margin-left: auto; margin-right: auto;\">\n<div style=\"position: absolute; top: -35px; right: 15px; color: #28a745; padding: 5px 10px; border-radius: 6px; font-size: 14px; font-weight: bold; display: flex; align-items: center; z-index: 10;\">Recomendado para si<\/div>\n<div data-namespace-header=\"\" style=\"\">\n<h3 data-namespace-title=\"\" style=\"color: #333; font-size: 20px; font-weight: bold; text-align: left; margin-right: 50px; min-height: 50px; margin-top: 0px;\">T\u00e9c. Manuten\u00e7\u00e3o<\/h3>\n<\/p><\/div>\n<p data-namespace-prompt=\"\" style=\"font-size: 16px; color: #666; margin-bottom: 20px; line-height: 1.5; flex-grow: 1; text-align: left; margin-top: 0px;\">Procura habilidade em Electricidade, Canaliza\u00e7\u00e3o e Pintura. Exige polival\u00eancia, experi\u00eancia, bom relacionamento. Vantagens incluem actua\u00e7\u00e3o diversa e equipa din\u00e2mica.<\/p>\n<p>    <a data-namespace-url=\"\" href=\"https:\/\/magistrae.com\/es\/redirect\/?https:\/\/angoemprego.com\/vagas\/tecnico-de-manutencao-e-servicos-gerais\/?utm_campaign=google_jobs_apply&#038;utm_source=google_jobs_apply&#038;utm_medium=organic\" style=\"width: 100%; display: inline-block; color: white; text-decoration: none; border-radius: 6px; font-size: 16px; font-weight: bold; text-align: center; transition: transform 0.3s ease, background 0.3s ease; margin-top: auto;\" data-namespace-id=\"5c0d2565-3ba9-4280-a382-ad2a691e2285\"><br \/>\n        <button style=\"width: 100%; height: 55px; background: #e9e9ed; border: 1px solid black; color: black;\">Candidatar-se \u00e0 vaga<\/button><br \/>\n    <\/a><br \/>\n    <small style=\"margin-top: 10px; color: #777; font-size: 12px; text-align: center; display: block;\">Ser\u00e1 redirigido a otro sitio<\/small>\n<\/div>\n<p>Oportunidade aberta para T\u00e9cnico de Manuten\u00e7\u00e3o e Servi\u00e7os Gerais numa empresa que actua na \u00e1rea de seguran\u00e7a industrial e residencial. O sal\u00e1rio e o tipo de contrato n\u00e3o foram divulgados, mas a disponibilidade imediata \u00e9 prioridade. Os profissionais seleccionados ter\u00e3o de demonstrar polival\u00eancia e experi\u00eancias em tr\u00eas frentes: electricidade, canaliza\u00e7\u00e3o e pintura. \u00c9 especialmente valorizada a capacidade de adapta\u00e7\u00e3o e trabalho em equipa.<\/p>\n<h2>Fun\u00e7\u00f5es e Rotina Di\u00e1ria<\/h2>\n<p>O profissional ter\u00e1 como desafio responder a diferentes necessidades t\u00e9cnicas diariamente. Manter instala\u00e7\u00f5es seguras e funcionais faz parte da rotina. Tamb\u00e9m ser\u00e1 fundamental identificar falhas e realizar reparos imediatos em sistemas gerais. Atuando interligado com outros funcion\u00e1rios, o trabalho ser\u00e1 diversificado. O dia a dia exige rapidez de resposta e excel\u00eancia na execu\u00e7\u00e3o.<\/p>\n<h2>Vantagens da Vaga<\/h2>\n<p>Uma das maiores vantagens \u00e9 a possibilidade de aprender m\u00faltiplas fun\u00e7\u00f5es e expandir suas compet\u00eancias em \u00e1reas distintas. O conv\u00edvio com uma equipa diversa traz possibilidade de crescimento pessoal e profissional.<br \/>\nOutro benef\u00edcio inclui a valoriza\u00e7\u00e3o do perfil polivalente pelo empregador, abrindo portas para poss\u00edveis promo\u00e7\u00f5es em curto prazo.<br \/>\nAl\u00e9m disso, participar de uma equipa din\u00e2mica aumenta o valor do curr\u00edculo e a experi\u00eancia pr\u00e1tica em manuten\u00e7\u00e3o geral.<br \/>\nA possibilidade de empregabilidade imediata \u00e9 indica\u00e7\u00e3o clara de prioridade e urg\u00eancia na contrata\u00e7\u00e3o.<br \/>\nA empresa aprecia candidatos com esp\u00edrito de equipa, promovendo colabora\u00e7\u00e3o constante entre profissionais.<\/p>\n<h2>Pontos Menos Positivos<\/h2>\n<p>Algumas limita\u00e7\u00f5es incluem aus\u00eancia de detalhes sobre o sal\u00e1rio, o que pode gerar incerteza.<br \/>\nA exig\u00eancia de polival\u00eancia pode resultar numa rotina sobrecarregada se n\u00e3o houver equil\u00edbrio entre tarefas.<br \/>\nA carga hor\u00e1ria e condi\u00e7\u00f5es contratuais n\u00e3o est\u00e3o expl\u00edcitas, podendo afastar alguns candidatos mais exigentes.<br \/>\nProfissionais sem experi\u00eancia anterior ter\u00e3o dificuldade em se destacar neste processo seletivo.<br \/>\nO trabalho em \u00e1reas diversas pode ser mais desgastante para quem prefere rotina est\u00e1vel e segmentada.<\/p>\n<h2>Veredito Final<\/h2>\n<p>Esta vaga \u00e9 ideal para profissionais com experi\u00eancia comprovada e que buscam desafios diversos. O ambiente parece alinhar-se ao perfil de quem gosta de variar tarefas e ser\u00e1 valorizado pelo seu conhecimento multidisciplinar. Se procura estabilidade em fun\u00e7\u00f5es distintas e cresce ao trabalhar em equipa, esta \u00e9 uma oportunidade que deve considerar enviar a sua candidatura.<\/p>\n<div style=\"background: #ffffff; border-radius: 12px; box-shadow: 0 10px 30px rgba(0, 0, 0, 0.1); width: 100%; max-width: 340px; padding: 25px; transition: transform 0.3s ease-in-out; overflow: visible; display: flex; flex-direction: column; position: relative; border: 1px solid #28a745; margin-top: 70px; margin-bottom: 50px; margin-left: auto; margin-right: auto;\">\n<div style=\"position: absolute; top: -35px; right: 15px; color: #28a745; padding: 5px 10px; border-radius: 6px; font-size: 14px; font-weight: bold; display: flex; align-items: center; z-index: 10;\">Recomendado para si<\/div>\n<div data-namespace-header=\"\" style=\"\">\n<h3 data-namespace-title=\"\" style=\"color: #333; font-size: 20px; font-weight: bold; text-align: left; margin-right: 50px; min-height: 50px; margin-top: 0px;\">T\u00e9c. Manuten\u00e7\u00e3o<\/h3>\n<\/p><\/div>\n<p data-namespace-prompt=\"\" style=\"font-size: 16px; color: #666; margin-bottom: 20px; line-height: 1.5; flex-grow: 1; text-align: left; margin-top: 0px;\">Procura habilidade em Electricidade, Canaliza\u00e7\u00e3o e Pintura. Exige polival\u00eancia, experi\u00eancia, bom relacionamento. Vantagens incluem actua\u00e7\u00e3o diversa e equipa din\u00e2mica.<\/p>\n<p>    <a data-namespace-url=\"\" href=\"https:\/\/magistrae.com\/es\/redirect\/?https:\/\/angoemprego.com\/vagas\/tecnico-de-manutencao-e-servicos-gerais\/?utm_campaign=google_jobs_apply&#038;utm_source=google_jobs_apply&#038;utm_medium=organic\" style=\"width: 100%; display: inline-block; color: white; text-decoration: none; border-radius: 6px; font-size: 16px; font-weight: bold; text-align: center; transition: transform 0.3s ease, background 0.3s ease; margin-top: auto;\" data-namespace-id=\"5c0d2565-3ba9-4280-a382-ad2a691e2285\"><br \/>\n        <button style=\"width: 100%; height: 55px; background: #e9e9ed; border: 1px solid black; color: black;\">Candidatar-se \u00e0 vaga<\/button><br \/>\n    <\/a><br \/>\n    <small style=\"margin-top: 10px; color: #777; font-size: 12px; text-align: center; display: block;\">Ser\u00e1 redirigido a otro sitio<\/small>\n<\/div>","protected":false},"excerpt":{"rendered":"<p>T\u00e9cnico de Manuten\u00e7\u00e3o e Servi\u00e7os Gerais: oportunidade para quem possui experi\u00eancia em electricidade, canaliza\u00e7\u00e3o e pintura. Ambiente de equipa din\u00e2mico. Prioridade para polivalentes com disponibilidade imediata.<\/p>","protected":false},"author":3,"featured_media":0,"comment_status":"open","ping_status":"open","sticky":false,"template":"","format":"standard","meta":{"_uag_custom_page_level_css":"","site-sidebar-layout":"default","site-content-layout":"","ast-site-content-layout":"","site-content-style":"default","site-sidebar-style":"default","ast-global-header-display":"","ast-banner-title-visibility":"","ast-main-header-display":"","ast-hfb-above-header-display":"","ast-hfb-below-header-display":"","ast-hfb-mobile-header-display":"","site-post-title":"","ast-breadcrumbs-content":"","ast-featured-img":"","footer-sml-layout":"","theme-transparent-header-meta":"","adv-header-id-meta":"","stick-header-meta":"","header-above-stick-meta":"","header-main-stick-meta":"","header-below-stick-meta":"","astra-migrate-meta-layouts":"default","ast-page-background-enabled":"default","ast-page-background-meta":{"desktop":{"background-color":"var(--ast-global-color-4)","background-image":"","background-repeat":"repeat","background-position":"center center","background-size":"auto","background-attachment":"scroll","background-type":"","background-media":"","overlay-type":"","overlay-color":"","overlay-opacity":"","overlay-gradient":""},"tablet":{"background-color":"","background-image":"","background-repeat":"repeat","background-position":"center center","background-size":"auto","background-attachment":"scroll","background-type":"","background-media":"","overlay-type":"","overlay-color":"","overlay-opacity":"","overlay-gradient":""},"mobile":{"background-color":"","background-image":"","background-repeat":"repeat","background-position":"center center","background-size":"auto","background-attachment":"scroll","background-type":"","background-media":"","overlay-type":"","overlay-color":"","overlay-opacity":"","overlay-gradient":""}},"ast-content-background-meta":{"desktop":{"background-color":"var(--ast-global-color-5)","background-image":"","background-repeat":"repeat","background-position":"center center","background-size":"auto","background-attachment":"scroll","background-type":"","background-media":"","overlay-type":"","overlay-color":"","overlay-opacity":"","overlay-gradient":""},"tablet":{"background-color":"var(--ast-global-color-5)","background-image":"","background-repeat":"repeat","background-position":"center center","background-size":"auto","background-attachment":"scroll","background-type":"","background-media":"","overlay-type":"","overlay-color":"","overlay-opacity":"","overlay-gradient":""},"mobile":{"background-color":"var(--ast-global-color-5)","background-image":"","background-repeat":"repeat","background-position":"center center","background-size":"auto","background-attachment":"scroll","background-type":"","background-media":"","overlay-type":"","overlay-color":"","overlay-opacity":"","overlay-gradient":""}},"footnotes":""},"categories":[14],"tags":[],"yoast_head":"<!-- This site is optimized with the Yoast SEO plugin v23.3 - https:\/\/yoast.com\/wordpress\/plugins\/seo\/ -->\n<title>T\u00e9cnico de Manuten\u00e7\u00e3o e Servi\u00e7os Gerais: Oportunidade para Profissionais Polivalentes - Magistrae<\/title>\n<meta name=\"robots\" content=\"index, follow, max-snippet:-1, max-image-preview:large, max-video-preview:-1\" \/>\n<link rel=\"canonical\" href=\"https:\/\/magistrae.com\/es\/9a45c018-e668-45b4-9e03-f0c60546216d\/\" \/>\n<meta property=\"og:locale\" content=\"es_ES\" \/>\n<meta property=\"og:type\" content=\"article\" \/>\n<meta property=\"og:title\" content=\"T\u00e9cnico de Manuten\u00e7\u00e3o e Servi\u00e7os Gerais: Oportunidade para Profissionais Polivalentes - Magistrae\" \/>\n<meta property=\"og:description\" content=\"T\u00e9cnico de Manuten\u00e7\u00e3o e Servi\u00e7os Gerais: oportunidade para quem possui experi\u00eancia em electricidade, canaliza\u00e7\u00e3o e pintura. Ambiente de equipa din\u00e2mico. Prioridade para polivalentes com disponibilidade imediata.\" \/>\n<meta property=\"og:url\" content=\"https:\/\/magistrae.com\/es\/9a45c018-e668-45b4-9e03-f0c60546216d\/\" \/>\n<meta property=\"og:site_name\" content=\"Magistrae\" \/>\n<meta property=\"article:published_time\" content=\"2026-04-02T13:27:00+00:00\" \/>\n<meta property=\"article:modified_time\" content=\"2026-04-02T13:27:21+00:00\" \/>\n<meta name=\"author\" content=\"Bruno Gianni\" \/>\n<meta name=\"twitter:card\" content=\"summary_large_image\" \/>\n<meta name=\"twitter:label1\" content=\"Written by\" \/>\n\t<meta name=\"twitter:data1\" content=\"Bruno Gianni\" \/>\n\t<meta name=\"twitter:label2\" content=\"Est. reading time\" \/>\n\t<meta name=\"twitter:data2\" content=\"2 minutos\" \/>\n<script type=\"application\/ld+json\" class=\"yoast-schema-graph\">{\"@context\":\"https:\/\/schema.org\",\"@graph\":[{\"@type\":\"Article\",\"@id\":\"https:\/\/magistrae.com\/9a45c018-e668-45b4-9e03-f0c60546216d\/#article\",\"isPartOf\":{\"@id\":\"https:\/\/magistrae.com\/9a45c018-e668-45b4-9e03-f0c60546216d\/\"},\"author\":{\"name\":\"Bruno Gianni\",\"@id\":\"https:\/\/magistrae.com\/#\/schema\/person\/d52888235fd6563bd07d97185d6a61e4\"},\"headline\":\"T\u00e9cnico de Manuten\u00e7\u00e3o e Servi\u00e7os Gerais: Oportunidade para Profissionais Polivalentes\",\"datePublished\":\"2026-04-02T13:27:00+00:00\",\"dateModified\":\"2026-04-02T13:27:21+00:00\",\"mainEntityOfPage\":{\"@id\":\"https:\/\/magistrae.com\/9a45c018-e668-45b4-9e03-f0c60546216d\/\"},\"wordCount\":490,\"commentCount\":0,\"publisher\":{\"@id\":\"https:\/\/magistrae.com\/#organization\"},\"articleSection\":[\"Hidden\"],\"inLanguage\":\"es\",\"potentialAction\":[{\"@type\":\"CommentAction\",\"name\":\"Comment\",\"target\":[\"https:\/\/magistrae.com\/9a45c018-e668-45b4-9e03-f0c60546216d\/#respond\"]}]},{\"@type\":\"WebPage\",\"@id\":\"https:\/\/magistrae.com\/9a45c018-e668-45b4-9e03-f0c60546216d\/\",\"url\":\"https:\/\/magistrae.com\/9a45c018-e668-45b4-9e03-f0c60546216d\/\",\"name\":\"T\u00e9cnico de Manuten\u00e7\u00e3o e Servi\u00e7os Gerais: Oportunidade para Profissionais Polivalentes - Magistrae\",\"isPartOf\":{\"@id\":\"https:\/\/magistrae.com\/#website\"},\"datePublished\":\"2026-04-02T13:27:00+00:00\",\"dateModified\":\"2026-04-02T13:27:21+00:00\",\"breadcrumb\":{\"@id\":\"https:\/\/magistrae.com\/9a45c018-e668-45b4-9e03-f0c60546216d\/#breadcrumb\"},\"inLanguage\":\"es\",\"potentialAction\":[{\"@type\":\"ReadAction\",\"target\":[\"https:\/\/magistrae.com\/9a45c018-e668-45b4-9e03-f0c60546216d\/\"]}]},{\"@type\":\"BreadcrumbList\",\"@id\":\"https:\/\/magistrae.com\/9a45c018-e668-45b4-9e03-f0c60546216d\/#breadcrumb\",\"itemListElement\":[{\"@type\":\"ListItem\",\"position\":1,\"name\":\"Home\",\"item\":\"https:\/\/magistrae.com\/\"},{\"@type\":\"ListItem\",\"position\":2,\"name\":\"T\u00e9cnico de Manuten\u00e7\u00e3o e Servi\u00e7os Gerais: Oportunidade para Profissionais Polivalentes\"}]},{\"@type\":\"WebSite\",\"@id\":\"https:\/\/magistrae.com\/#website\",\"url\":\"https:\/\/magistrae.com\/\",\"name\":\"Magistrae\",\"description\":\"\",\"publisher\":{\"@id\":\"https:\/\/magistrae.com\/#organization\"},\"potentialAction\":[{\"@type\":\"SearchAction\",\"target\":{\"@type\":\"EntryPoint\",\"urlTemplate\":\"https:\/\/magistrae.com\/?s={search_term_string}\"},\"query-input\":\"required name=search_term_string\"}],\"inLanguage\":\"es\"},{\"@type\":\"Organization\",\"@id\":\"https:\/\/magistrae.com\/#organization\",\"name\":\"Magistrae\",\"url\":\"https:\/\/magistrae.com\/\",\"logo\":{\"@type\":\"ImageObject\",\"inLanguage\":\"es\",\"@id\":\"https:\/\/magistrae.com\/#\/schema\/logo\/image\/\",\"url\":\"https:\/\/magistrae.com\/wp-content\/uploads\/sites\/413\/2026\/03\/9_Magistrae.jpg\",\"contentUrl\":\"https:\/\/magistrae.com\/wp-content\/uploads\/sites\/413\/2026\/03\/9_Magistrae.jpg\",\"width\":2000,\"height\":2000,\"caption\":\"Magistrae\"},\"image\":{\"@id\":\"https:\/\/magistrae.com\/#\/schema\/logo\/image\/\"}},{\"@type\":\"Person\",\"@id\":\"https:\/\/magistrae.com\/#\/schema\/person\/d52888235fd6563bd07d97185d6a61e4\",\"name\":\"Bruno Gianni\",\"image\":{\"@type\":\"ImageObject\",\"inLanguage\":\"es\",\"@id\":\"https:\/\/magistrae.com\/#\/schema\/person\/image\/\",\"url\":\"https:\/\/secure.gravatar.com\/avatar\/0f5d42d7bf77874643c1478932860e3f?s=96&d=mm&r=g\",\"contentUrl\":\"https:\/\/secure.gravatar.com\/avatar\/0f5d42d7bf77874643c1478932860e3f?s=96&d=mm&r=g\",\"caption\":\"Bruno Gianni\"},\"description\":\"Bruno writes the way he lives, with curiosity, care, and respect for people. He likes to observe, listen, and try to understand what is happening on the other side before putting any words on the page.For him, writing is not about impressing, but about getting closer. It is about turning thoughts into something simple, clear, and real. Every text is an ongoing conversation, created with care and honesty, with the sincere intention of touching someone, somewhere along the way.\",\"url\":\"https:\/\/magistrae.com\/es\/author\/bcgianni\/\"}]}<\/script>\n<!-- \/ Yoast SEO plugin. -->","yoast_head_json":{"title":"T\u00e9cnico de Manuten\u00e7\u00e3o e Servi\u00e7os Gerais: Oportunidade para Profissionais Polivalentes - Magistrae","robots":{"index":"index","follow":"follow","max-snippet":"max-snippet:-1","max-image-preview":"max-image-preview:large","max-video-preview":"max-video-preview:-1"},"canonical":"https:\/\/magistrae.com\/es\/9a45c018-e668-45b4-9e03-f0c60546216d\/","og_locale":"es_ES","og_type":"article","og_title":"T\u00e9cnico de Manuten\u00e7\u00e3o e Servi\u00e7os Gerais: Oportunidade para Profissionais Polivalentes - Magistrae","og_description":"T\u00e9cnico de Manuten\u00e7\u00e3o e Servi\u00e7os Gerais: oportunidade para quem possui experi\u00eancia em electricidade, canaliza\u00e7\u00e3o e pintura. Ambiente de equipa din\u00e2mico. Prioridade para polivalentes com disponibilidade imediata.","og_url":"https:\/\/magistrae.com\/es\/9a45c018-e668-45b4-9e03-f0c60546216d\/","og_site_name":"Magistrae","article_published_time":"2026-04-02T13:27:00+00:00","article_modified_time":"2026-04-02T13:27:21+00:00","author":"Bruno Gianni","twitter_card":"summary_large_image","twitter_misc":{"Written by":"Bruno Gianni","Est. reading time":"2 minutos"},"schema":{"@context":"https:\/\/schema.org","@graph":[{"@type":"Article","@id":"https:\/\/magistrae.com\/9a45c018-e668-45b4-9e03-f0c60546216d\/#article","isPartOf":{"@id":"https:\/\/magistrae.com\/9a45c018-e668-45b4-9e03-f0c60546216d\/"},"author":{"name":"Bruno Gianni","@id":"https:\/\/magistrae.com\/#\/schema\/person\/d52888235fd6563bd07d97185d6a61e4"},"headline":"T\u00e9cnico de Manuten\u00e7\u00e3o e Servi\u00e7os Gerais: Oportunidade para Profissionais Polivalentes","datePublished":"2026-04-02T13:27:00+00:00","dateModified":"2026-04-02T13:27:21+00:00","mainEntityOfPage":{"@id":"https:\/\/magistrae.com\/9a45c018-e668-45b4-9e03-f0c60546216d\/"},"wordCount":490,"commentCount":0,"publisher":{"@id":"https:\/\/magistrae.com\/#organization"},"articleSection":["Hidden"],"inLanguage":"es","potentialAction":[{"@type":"CommentAction","name":"Comment","target":["https:\/\/magistrae.com\/9a45c018-e668-45b4-9e03-f0c60546216d\/#respond"]}]},{"@type":"WebPage","@id":"https:\/\/magistrae.com\/9a45c018-e668-45b4-9e03-f0c60546216d\/","url":"https:\/\/magistrae.com\/9a45c018-e668-45b4-9e03-f0c60546216d\/","name":"T\u00e9cnico de Manuten\u00e7\u00e3o e Servi\u00e7os Gerais: Oportunidade para Profissionais Polivalentes - Magistrae","isPartOf":{"@id":"https:\/\/magistrae.com\/#website"},"datePublished":"2026-04-02T13:27:00+00:00","dateModified":"2026-04-02T13:27:21+00:00","breadcrumb":{"@id":"https:\/\/magistrae.com\/9a45c018-e668-45b4-9e03-f0c60546216d\/#breadcrumb"},"inLanguage":"es","potentialAction":[{"@type":"ReadAction","target":["https:\/\/magistrae.com\/9a45c018-e668-45b4-9e03-f0c60546216d\/"]}]},{"@type":"BreadcrumbList","@id":"https:\/\/magistrae.com\/9a45c018-e668-45b4-9e03-f0c60546216d\/#breadcrumb","itemListElement":[{"@type":"ListItem","position":1,"name":"Home","item":"https:\/\/magistrae.com\/"},{"@type":"ListItem","position":2,"name":"T\u00e9cnico de Manuten\u00e7\u00e3o e Servi\u00e7os Gerais: Oportunidade para Profissionais Polivalentes"}]},{"@type":"WebSite","@id":"https:\/\/magistrae.com\/#website","url":"https:\/\/magistrae.com\/","name":"Magistrae","description":"","publisher":{"@id":"https:\/\/magistrae.com\/#organization"},"potentialAction":[{"@type":"SearchAction","target":{"@type":"EntryPoint","urlTemplate":"https:\/\/magistrae.com\/?s={search_term_string}"},"query-input":"required name=search_term_string"}],"inLanguage":"es"},{"@type":"Organization","@id":"https:\/\/magistrae.com\/#organization","name":"Magistrae","url":"https:\/\/magistrae.com\/","logo":{"@type":"ImageObject","inLanguage":"es","@id":"https:\/\/magistrae.com\/#\/schema\/logo\/image\/","url":"https:\/\/magistrae.com\/wp-content\/uploads\/sites\/413\/2026\/03\/9_Magistrae.jpg","contentUrl":"https:\/\/magistrae.com\/wp-content\/uploads\/sites\/413\/2026\/03\/9_Magistrae.jpg","width":2000,"height":2000,"caption":"Magistrae"},"image":{"@id":"https:\/\/magistrae.com\/#\/schema\/logo\/image\/"}},{"@type":"Person","@id":"https:\/\/magistrae.com\/#\/schema\/person\/d52888235fd6563bd07d97185d6a61e4","name":"Bruno Gianni","image":{"@type":"ImageObject","inLanguage":"es","@id":"https:\/\/magistrae.com\/#\/schema\/person\/image\/","url":"https:\/\/secure.gravatar.com\/avatar\/0f5d42d7bf77874643c1478932860e3f?s=96&d=mm&r=g","contentUrl":"https:\/\/secure.gravatar.com\/avatar\/0f5d42d7bf77874643c1478932860e3f?s=96&d=mm&r=g","caption":"Bruno Gianni"},"description":"Bruno writes the way he lives, with curiosity, care, and respect for people. He likes to observe, listen, and try to understand what is happening on the other side before putting any words on the page.For him, writing is not about impressing, but about getting closer. It is about turning thoughts into something simple, clear, and real. Every text is an ongoing conversation, created with care and honesty, with the sincere intention of touching someone, somewhere along the way.","url":"https:\/\/magistrae.com\/es\/author\/bcgianni\/"}]}},"uagb_featured_image_src":{"full":false,"thumbnail":false,"medium":false,"medium_large":false,"large":false,"1536x1536":false,"2048x2048":false,"trp-custom-language-flag":false},"uagb_author_info":{"display_name":"Bruno Gianni","author_link":"https:\/\/magistrae.com\/es\/author\/bcgianni\/"},"uagb_comment_info":0,"uagb_excerpt":"T\u00e9cnico de Manuten\u00e7\u00e3o e Servi\u00e7os Gerais: oportunidade para quem possui experi\u00eancia em electricidade, canaliza\u00e7\u00e3o e pintura. Ambiente de equipa din\u00e2mico. Prioridade para polivalentes com disponibilidade imediata.","_links":{"self":[{"href":"https:\/\/magistrae.com\/es\/wp-json\/wp\/v2\/posts\/11346"}],"collection":[{"href":"https:\/\/magistrae.com\/es\/wp-json\/wp\/v2\/posts"}],"about":[{"href":"https:\/\/magistrae.com\/es\/wp-json\/wp\/v2\/types\/post"}],"author":[{"embeddable":true,"href":"https:\/\/magistrae.com\/es\/wp-json\/wp\/v2\/users\/3"}],"replies":[{"embeddable":true,"href":"https:\/\/magistrae.com\/es\/wp-json\/wp\/v2\/comments?post=11346"}],"version-history":[{"count":1,"href":"https:\/\/magistrae.com\/es\/wp-json\/wp\/v2\/posts\/11346\/revisions"}],"predecessor-version":[{"id":11353,"href":"https:\/\/magistrae.com\/es\/wp-json\/wp\/v2\/posts\/11346\/revisions\/11353"}],"wp:attachment":[{"href":"https:\/\/magistrae.com\/es\/wp-json\/wp\/v2\/media?parent=11346"}],"wp:term":[{"taxonomy":"category","embeddable":true,"href":"https:\/\/magistrae.com\/es\/wp-json\/wp\/v2\/categories?post=11346"},{"taxonomy":"post_tag","embeddable":true,"href":"https:\/\/magistrae.com\/es\/wp-json\/wp\/v2\/tags?post=11346"}],"curies":[{"name":"wp","href":"https:\/\/api.w.org\/{rel}","templated":true}]}}