{"id":11345,"date":"2026-04-02T13:27:00","date_gmt":"2026-04-02T13:27:00","guid":{"rendered":"https:\/\/magistrae.com\/c33c867a-15bc-44c1-965b-5dfabff89021\/"},"modified":"2026-04-02T13:27:22","modified_gmt":"2026-04-02T13:27:22","slug":"c33c867a-15bc-44c1-965b-5dfabff89021","status":"publish","type":"post","link":"https:\/\/magistrae.com\/es\/c33c867a-15bc-44c1-965b-5dfabff89021\/","title":{"rendered":"Administrativo(a) de Gest\u00e3o de RH e Servi\u00e7os Gerais \u2013 Destaques da Oportunidade"},"content":{"rendered":"<\/p>\n<\/p>\n<div style=\"background: #ffffff; border-radius: 12px; box-shadow: 0 10px 30px rgba(0, 0, 0, 0.1); width: 100%; max-width: 340px; padding: 25px; transition: transform 0.3s ease-in-out; overflow: visible; display: flex; flex-direction: column; position: relative; border: 1px solid #28a745; margin-top: 70px; margin-bottom: 50px; margin-left: auto; margin-right: auto;\">\n<div style=\"position: absolute; top: -35px; right: 15px; color: #28a745; padding: 5px 10px; border-radius: 6px; font-size: 14px; font-weight: bold; display: flex; align-items: center; z-index: 10;\">Recomendado para si<\/div>\n<div data-namespace-header=\"\" style=\"\">\n<h3 data-namespace-title=\"\" style=\"color: #333; font-size: 20px; font-weight: bold; text-align: left; margin-right: 50px; min-height: 50px; margin-top: 0px;\">Administrativo(a) de Gest\u00e3o de RH e Servi\u00e7os Gerais<\/h3>\n<\/p><\/div>\n<p data-namespace-prompt=\"\" style=\"font-size: 16px; color: #666; margin-bottom: 20px; line-height: 1.5; flex-grow: 1; text-align: left; margin-top: 0px;\">Procura uma nova carreira na \u00e1rea administrativa? Esta vaga coloca-o(a) na gest\u00e3o de RH, contratos, sal\u00e1rios e apoio operacional, com requisitos claros e equipa exigente.<\/p>\n<p>    <a data-namespace-url=\"\" href=\"https:\/\/magistrae.com\/es\/redirect\/?https:\/\/ao.empregosyoyota.net\/empregos\/vaga-para-administrativoa-de-gestao-de-recursos-humanos-e-servicos-gerais?utm_campaign=google_jobs_apply&#038;utm_source=google_jobs_apply&#038;utm_medium=organic\" style=\"width: 100%; display: inline-block; color: white; text-decoration: none; border-radius: 6px; font-size: 16px; font-weight: bold; text-align: center; transition: transform 0.3s ease, background 0.3s ease; margin-top: auto;\" data-namespace-id=\"5c0d2565-3ba9-4280-a382-ad2a691e2285\"><br \/>\n        <button style=\"width: 100%; height: 55px; background: #e9e9ed; border: 1px solid black; color: black;\">Candidatar-se \u00e0 vaga<\/button><br \/>\n    <\/a><br \/>\n    <small style=\"margin-top: 10px; color: #777; font-size: 12px; text-align: center; display: block;\">Ser\u00e1 redireccionado para otro sitio<\/small>\n<\/div>\n<p>Esta vaga de Administrativo(a) de Gest\u00e3o de Recursos Humanos e Servi\u00e7os Gerais destaca-se pelo enfoque numa actua\u00e7\u00e3o polivalente e estrat\u00e9gica nas \u00e1reas administrativas e de RH. Embora o sal\u00e1rio n\u00e3o esteja indicado, sabe-se que o regime \u00e9 a tempo inteiro, sendo necess\u00e1ria experi\u00eancia s\u00f3lida de 3 a 5 anos em fun\u00e7\u00f5es semelhantes. As condi\u00e7\u00f5es procuram profissionais organizados, com dom\u00ednio das ferramentas de escrit\u00f3rio e compreens\u00e3o detalhada dos processos de RH.<\/p>\n<h2>Responsabilidades do dia-a-dia<\/h2>\n<p>No desempenho desta fun\u00e7\u00e3o, o profissional supervisiona o recrutamento, onboarding, gest\u00e3o de contratos e processamento salarial, assegurando o cumprimento das normas internas.<\/p>\n<p>Al\u00e9m disso, ir\u00e1 controlar presen\u00e7as, f\u00e9rias, faltas e pol\u00edticas de forma\u00e7\u00e3o, garantindo tamb\u00e9m o arquivo documental e actualiza\u00e7\u00e3o da legisla\u00e7\u00e3o laboral pertinente.<\/p>\n<p>Outras tarefas incluem a gest\u00e3o administrativa de fornecedores, economato, manuten\u00e7\u00e3o, apoio log\u00edstico e administrativo a todas as \u00e1reas.<\/p>\n<p>O trabalho requer contacto di\u00e1rio com diferentes departamentos, garantindo que todas as opera\u00e7\u00f5es administrativas e recursos estejam alinhados.<\/p>\n<p>A precis\u00e3o, confidencialidade e capacidade de responder prontamente a imprevistos s\u00e3o fundamentais para a boa execu\u00e7\u00e3o destas fun\u00e7\u00f5es.<\/p>\n<h2>Principales ventajas<\/h2>\n<p>Destaca-se pela exposi\u00e7\u00e3o directa a processos estrat\u00e9gicos que contribuem para o desenvolvimento pr\u00e1tico das compet\u00eancias em recursos humanos e gest\u00e3o.<\/p>\n<p>Nesta fun\u00e7\u00e3o, existe potencial para crescimento profissional e valoriza\u00e7\u00e3o no mercado, gra\u00e7as ao contacto com diferentes \u00e1reas organizacionais.<\/p>\n<h2>Principales desventajas<\/h2>\n<p>Um dos desafios \u00e9 a exig\u00eancia constante por resultados imediatos, o que aumenta a press\u00e3o di\u00e1ria e pode exigir disponibilidade extra.<\/p>\n<p>Adicionalmente, lidar com m\u00faltiplas tarefas de diferentes sectores pode gerar alguma sobrecarga de responsabilidades e stress pontual.<\/p>\n<h2>O veredicto<\/h2>\n<p>No geral, a vaga para Administrativo(a) de Gest\u00e3o de RH e Servi\u00e7os Gerais \u00e9 ideal para quem procura um ambiente din\u00e2mico e uma fun\u00e7\u00e3o desafiante. A exig\u00eancia \u00e9 elevada, mas a possibilidade de aprendizagem e evolu\u00e7\u00e3o compensa.<\/p>\n<div style=\"background: #ffffff; border-radius: 12px; box-shadow: 0 10px 30px rgba(0, 0, 0, 0.1); width: 100%; max-width: 340px; padding: 25px; transition: transform 0.3s ease-in-out; overflow: visible; display: flex; flex-direction: column; position: relative; border: 1px solid #28a745; margin-top: 70px; margin-bottom: 50px; margin-left: auto; margin-right: auto;\">\n<div style=\"position: absolute; top: -35px; right: 15px; color: #28a745; padding: 5px 10px; border-radius: 6px; font-size: 14px; font-weight: bold; display: flex; align-items: center; z-index: 10;\">Recomendado para si<\/div>\n<div data-namespace-header=\"\" style=\"\">\n<h3 data-namespace-title=\"\" style=\"color: #333; font-size: 20px; font-weight: bold; text-align: left; margin-right: 50px; min-height: 50px; margin-top: 0px;\">Administrativo(a) de Gest\u00e3o de RH e Servi\u00e7os Gerais<\/h3>\n<\/p><\/div>\n<p data-namespace-prompt=\"\" style=\"font-size: 16px; color: #666; margin-bottom: 20px; line-height: 1.5; flex-grow: 1; text-align: left; margin-top: 0px;\">Procura uma nova carreira na \u00e1rea administrativa? Esta vaga coloca-o(a) na gest\u00e3o de RH, contratos, sal\u00e1rios e apoio operacional, com requisitos claros e equipa exigente.<\/p>\n<p>    <a data-namespace-url=\"\" href=\"https:\/\/magistrae.com\/es\/redirect\/?https:\/\/ao.empregosyoyota.net\/empregos\/vaga-para-administrativoa-de-gestao-de-recursos-humanos-e-servicos-gerais?utm_campaign=google_jobs_apply&#038;utm_source=google_jobs_apply&#038;utm_medium=organic\" style=\"width: 100%; display: inline-block; color: white; text-decoration: none; border-radius: 6px; font-size: 16px; font-weight: bold; text-align: center; transition: transform 0.3s ease, background 0.3s ease; margin-top: auto;\" data-namespace-id=\"5c0d2565-3ba9-4280-a382-ad2a691e2285\"><br \/>\n        <button style=\"width: 100%; height: 55px; background: #e9e9ed; border: 1px solid black; color: black;\">Candidatar-se \u00e0 vaga<\/button><br \/>\n    <\/a><br \/>\n    <small style=\"margin-top: 10px; color: #777; font-size: 12px; text-align: center; display: block;\">Ser\u00e1 redireccionado para otro sitio<\/small>\n<\/div>","protected":false},"excerpt":{"rendered":"<p>Nova vaga para Administrativo(a) de Gest\u00e3o de Recursos Humanos e Servi\u00e7os Gerais. Cres\u00e7a profissionalmente com desafios di\u00e1rios, m\u00faltiplas tarefas e grande potencial de evolu\u00e7\u00e3o na empresa. Candidate-se!<\/p>","protected":false},"author":3,"featured_media":0,"comment_status":"open","ping_status":"open","sticky":false,"template":"","format":"standard","meta":{"_uag_custom_page_level_css":"","site-sidebar-layout":"default","site-content-layout":"","ast-site-content-layout":"","site-content-style":"default","site-sidebar-style":"default","ast-global-header-display":"","ast-banner-title-visibility":"","ast-main-header-display":"","ast-hfb-above-header-display":"","ast-hfb-below-header-display":"","ast-hfb-mobile-header-display":"","site-post-title":"","ast-breadcrumbs-content":"","ast-featured-img":"","footer-sml-layout":"","theme-transparent-header-meta":"","adv-header-id-meta":"","stick-header-meta":"","header-above-stick-meta":"","header-main-stick-meta":"","header-below-stick-meta":"","astra-migrate-meta-layouts":"default","ast-page-background-enabled":"default","ast-page-background-meta":{"desktop":{"background-color":"var(--ast-global-color-4)","background-image":"","background-repeat":"repeat","background-position":"center center","background-size":"auto","background-attachment":"scroll","background-type":"","background-media":"","overlay-type":"","overlay-color":"","overlay-opacity":"","overlay-gradient":""},"tablet":{"background-color":"","background-image":"","background-repeat":"repeat","background-position":"center center","background-size":"auto","background-attachment":"scroll","background-type":"","background-media":"","overlay-type":"","overlay-color":"","overlay-opacity":"","overlay-gradient":""},"mobile":{"background-color":"","background-image":"","background-repeat":"repeat","background-position":"center center","background-size":"auto","background-attachment":"scroll","background-type":"","background-media":"","overlay-type":"","overlay-color":"","overlay-opacity":"","overlay-gradient":""}},"ast-content-background-meta":{"desktop":{"background-color":"var(--ast-global-color-5)","background-image":"","background-repeat":"repeat","background-position":"center center","background-size":"auto","background-attachment":"scroll","background-type":"","background-media":"","overlay-type":"","overlay-color":"","overlay-opacity":"","overlay-gradient":""},"tablet":{"background-color":"var(--ast-global-color-5)","background-image":"","background-repeat":"repeat","background-position":"center center","background-size":"auto","background-attachment":"scroll","background-type":"","background-media":"","overlay-type":"","overlay-color":"","overlay-opacity":"","overlay-gradient":""},"mobile":{"background-color":"var(--ast-global-color-5)","background-image":"","background-repeat":"repeat","background-position":"center center","background-size":"auto","background-attachment":"scroll","background-type":"","background-media":"","overlay-type":"","overlay-color":"","overlay-opacity":"","overlay-gradient":""}},"footnotes":""},"categories":[14],"tags":[],"yoast_head":"<!-- This site is optimized with the Yoast SEO plugin v23.3 - https:\/\/yoast.com\/wordpress\/plugins\/seo\/ -->\n<title>Administrativo(a) de Gest\u00e3o de RH e Servi\u00e7os Gerais \u2013 Destaques da Oportunidade - Magistrae<\/title>\n<meta name=\"robots\" content=\"index, follow, max-snippet:-1, max-image-preview:large, max-video-preview:-1\" \/>\n<link rel=\"canonical\" href=\"https:\/\/magistrae.com\/es\/c33c867a-15bc-44c1-965b-5dfabff89021\/\" \/>\n<meta property=\"og:locale\" content=\"es_ES\" \/>\n<meta property=\"og:type\" content=\"article\" \/>\n<meta property=\"og:title\" content=\"Administrativo(a) de Gest\u00e3o de RH e Servi\u00e7os Gerais \u2013 Destaques da Oportunidade - Magistrae\" \/>\n<meta property=\"og:description\" content=\"Nova vaga para Administrativo(a) de Gest\u00e3o de Recursos Humanos e Servi\u00e7os Gerais. Cres\u00e7a profissionalmente com desafios di\u00e1rios, m\u00faltiplas tarefas e grande potencial de evolu\u00e7\u00e3o na empresa. Candidate-se!\" \/>\n<meta property=\"og:url\" content=\"https:\/\/magistrae.com\/es\/c33c867a-15bc-44c1-965b-5dfabff89021\/\" \/>\n<meta property=\"og:site_name\" content=\"Magistrae\" \/>\n<meta property=\"article:published_time\" content=\"2026-04-02T13:27:00+00:00\" \/>\n<meta property=\"article:modified_time\" content=\"2026-04-02T13:27:22+00:00\" \/>\n<meta name=\"author\" content=\"Bruno Gianni\" \/>\n<meta name=\"twitter:card\" content=\"summary_large_image\" \/>\n<meta name=\"twitter:label1\" content=\"Written by\" \/>\n\t<meta name=\"twitter:data1\" content=\"Bruno Gianni\" \/>\n\t<meta name=\"twitter:label2\" content=\"Est. reading time\" \/>\n\t<meta name=\"twitter:data2\" content=\"2 minutos\" \/>\n<script type=\"application\/ld+json\" class=\"yoast-schema-graph\">{\"@context\":\"https:\/\/schema.org\",\"@graph\":[{\"@type\":\"Article\",\"@id\":\"https:\/\/magistrae.com\/c33c867a-15bc-44c1-965b-5dfabff89021\/#article\",\"isPartOf\":{\"@id\":\"https:\/\/magistrae.com\/c33c867a-15bc-44c1-965b-5dfabff89021\/\"},\"author\":{\"name\":\"Bruno Gianni\",\"@id\":\"https:\/\/magistrae.com\/#\/schema\/person\/d52888235fd6563bd07d97185d6a61e4\"},\"headline\":\"Administrativo(a) de Gest\u00e3o de RH e Servi\u00e7os Gerais \u2013 Destaques da Oportunidade\",\"datePublished\":\"2026-04-02T13:27:00+00:00\",\"dateModified\":\"2026-04-02T13:27:22+00:00\",\"mainEntityOfPage\":{\"@id\":\"https:\/\/magistrae.com\/c33c867a-15bc-44c1-965b-5dfabff89021\/\"},\"wordCount\":449,\"commentCount\":0,\"publisher\":{\"@id\":\"https:\/\/magistrae.com\/#organization\"},\"articleSection\":[\"Hidden\"],\"inLanguage\":\"es\",\"potentialAction\":[{\"@type\":\"CommentAction\",\"name\":\"Comment\",\"target\":[\"https:\/\/magistrae.com\/c33c867a-15bc-44c1-965b-5dfabff89021\/#respond\"]}]},{\"@type\":\"WebPage\",\"@id\":\"https:\/\/magistrae.com\/c33c867a-15bc-44c1-965b-5dfabff89021\/\",\"url\":\"https:\/\/magistrae.com\/c33c867a-15bc-44c1-965b-5dfabff89021\/\",\"name\":\"Administrativo(a) de Gest\u00e3o de RH e Servi\u00e7os Gerais \u2013 Destaques da Oportunidade - Magistrae\",\"isPartOf\":{\"@id\":\"https:\/\/magistrae.com\/#website\"},\"datePublished\":\"2026-04-02T13:27:00+00:00\",\"dateModified\":\"2026-04-02T13:27:22+00:00\",\"breadcrumb\":{\"@id\":\"https:\/\/magistrae.com\/c33c867a-15bc-44c1-965b-5dfabff89021\/#breadcrumb\"},\"inLanguage\":\"es\",\"potentialAction\":[{\"@type\":\"ReadAction\",\"target\":[\"https:\/\/magistrae.com\/c33c867a-15bc-44c1-965b-5dfabff89021\/\"]}]},{\"@type\":\"BreadcrumbList\",\"@id\":\"https:\/\/magistrae.com\/c33c867a-15bc-44c1-965b-5dfabff89021\/#breadcrumb\",\"itemListElement\":[{\"@type\":\"ListItem\",\"position\":1,\"name\":\"Home\",\"item\":\"https:\/\/magistrae.com\/\"},{\"@type\":\"ListItem\",\"position\":2,\"name\":\"Administrativo(a) de Gest\u00e3o de RH e Servi\u00e7os Gerais \u2013 Destaques da Oportunidade\"}]},{\"@type\":\"WebSite\",\"@id\":\"https:\/\/magistrae.com\/#website\",\"url\":\"https:\/\/magistrae.com\/\",\"name\":\"Magistrae\",\"description\":\"\",\"publisher\":{\"@id\":\"https:\/\/magistrae.com\/#organization\"},\"potentialAction\":[{\"@type\":\"SearchAction\",\"target\":{\"@type\":\"EntryPoint\",\"urlTemplate\":\"https:\/\/magistrae.com\/?s={search_term_string}\"},\"query-input\":\"required name=search_term_string\"}],\"inLanguage\":\"es\"},{\"@type\":\"Organization\",\"@id\":\"https:\/\/magistrae.com\/#organization\",\"name\":\"Magistrae\",\"url\":\"https:\/\/magistrae.com\/\",\"logo\":{\"@type\":\"ImageObject\",\"inLanguage\":\"es\",\"@id\":\"https:\/\/magistrae.com\/#\/schema\/logo\/image\/\",\"url\":\"https:\/\/magistrae.com\/wp-content\/uploads\/sites\/413\/2026\/03\/9_Magistrae.jpg\",\"contentUrl\":\"https:\/\/magistrae.com\/wp-content\/uploads\/sites\/413\/2026\/03\/9_Magistrae.jpg\",\"width\":2000,\"height\":2000,\"caption\":\"Magistrae\"},\"image\":{\"@id\":\"https:\/\/magistrae.com\/#\/schema\/logo\/image\/\"}},{\"@type\":\"Person\",\"@id\":\"https:\/\/magistrae.com\/#\/schema\/person\/d52888235fd6563bd07d97185d6a61e4\",\"name\":\"Bruno Gianni\",\"image\":{\"@type\":\"ImageObject\",\"inLanguage\":\"es\",\"@id\":\"https:\/\/magistrae.com\/#\/schema\/person\/image\/\",\"url\":\"https:\/\/secure.gravatar.com\/avatar\/0f5d42d7bf77874643c1478932860e3f?s=96&d=mm&r=g\",\"contentUrl\":\"https:\/\/secure.gravatar.com\/avatar\/0f5d42d7bf77874643c1478932860e3f?s=96&d=mm&r=g\",\"caption\":\"Bruno Gianni\"},\"description\":\"Bruno writes the way he lives, with curiosity, care, and respect for people. He likes to observe, listen, and try to understand what is happening on the other side before putting any words on the page.For him, writing is not about impressing, but about getting closer. It is about turning thoughts into something simple, clear, and real. Every text is an ongoing conversation, created with care and honesty, with the sincere intention of touching someone, somewhere along the way.\",\"url\":\"https:\/\/magistrae.com\/es\/author\/bcgianni\/\"}]}<\/script>\n<!-- \/ Yoast SEO plugin. -->","yoast_head_json":{"title":"Administrativo(a) de Gest\u00e3o de RH e Servi\u00e7os Gerais \u2013 Destaques da Oportunidade - Magistrae","robots":{"index":"index","follow":"follow","max-snippet":"max-snippet:-1","max-image-preview":"max-image-preview:large","max-video-preview":"max-video-preview:-1"},"canonical":"https:\/\/magistrae.com\/es\/c33c867a-15bc-44c1-965b-5dfabff89021\/","og_locale":"es_ES","og_type":"article","og_title":"Administrativo(a) de Gest\u00e3o de RH e Servi\u00e7os Gerais \u2013 Destaques da Oportunidade - Magistrae","og_description":"Nova vaga para Administrativo(a) de Gest\u00e3o de Recursos Humanos e Servi\u00e7os Gerais. Cres\u00e7a profissionalmente com desafios di\u00e1rios, m\u00faltiplas tarefas e grande potencial de evolu\u00e7\u00e3o na empresa. Candidate-se!","og_url":"https:\/\/magistrae.com\/es\/c33c867a-15bc-44c1-965b-5dfabff89021\/","og_site_name":"Magistrae","article_published_time":"2026-04-02T13:27:00+00:00","article_modified_time":"2026-04-02T13:27:22+00:00","author":"Bruno Gianni","twitter_card":"summary_large_image","twitter_misc":{"Written by":"Bruno Gianni","Est. reading time":"2 minutos"},"schema":{"@context":"https:\/\/schema.org","@graph":[{"@type":"Article","@id":"https:\/\/magistrae.com\/c33c867a-15bc-44c1-965b-5dfabff89021\/#article","isPartOf":{"@id":"https:\/\/magistrae.com\/c33c867a-15bc-44c1-965b-5dfabff89021\/"},"author":{"name":"Bruno Gianni","@id":"https:\/\/magistrae.com\/#\/schema\/person\/d52888235fd6563bd07d97185d6a61e4"},"headline":"Administrativo(a) de Gest\u00e3o de RH e Servi\u00e7os Gerais \u2013 Destaques da Oportunidade","datePublished":"2026-04-02T13:27:00+00:00","dateModified":"2026-04-02T13:27:22+00:00","mainEntityOfPage":{"@id":"https:\/\/magistrae.com\/c33c867a-15bc-44c1-965b-5dfabff89021\/"},"wordCount":449,"commentCount":0,"publisher":{"@id":"https:\/\/magistrae.com\/#organization"},"articleSection":["Hidden"],"inLanguage":"es","potentialAction":[{"@type":"CommentAction","name":"Comment","target":["https:\/\/magistrae.com\/c33c867a-15bc-44c1-965b-5dfabff89021\/#respond"]}]},{"@type":"WebPage","@id":"https:\/\/magistrae.com\/c33c867a-15bc-44c1-965b-5dfabff89021\/","url":"https:\/\/magistrae.com\/c33c867a-15bc-44c1-965b-5dfabff89021\/","name":"Administrativo(a) de Gest\u00e3o de RH e Servi\u00e7os Gerais \u2013 Destaques da Oportunidade - Magistrae","isPartOf":{"@id":"https:\/\/magistrae.com\/#website"},"datePublished":"2026-04-02T13:27:00+00:00","dateModified":"2026-04-02T13:27:22+00:00","breadcrumb":{"@id":"https:\/\/magistrae.com\/c33c867a-15bc-44c1-965b-5dfabff89021\/#breadcrumb"},"inLanguage":"es","potentialAction":[{"@type":"ReadAction","target":["https:\/\/magistrae.com\/c33c867a-15bc-44c1-965b-5dfabff89021\/"]}]},{"@type":"BreadcrumbList","@id":"https:\/\/magistrae.com\/c33c867a-15bc-44c1-965b-5dfabff89021\/#breadcrumb","itemListElement":[{"@type":"ListItem","position":1,"name":"Home","item":"https:\/\/magistrae.com\/"},{"@type":"ListItem","position":2,"name":"Administrativo(a) de Gest\u00e3o de RH e Servi\u00e7os Gerais \u2013 Destaques da Oportunidade"}]},{"@type":"WebSite","@id":"https:\/\/magistrae.com\/#website","url":"https:\/\/magistrae.com\/","name":"Magistrae","description":"","publisher":{"@id":"https:\/\/magistrae.com\/#organization"},"potentialAction":[{"@type":"SearchAction","target":{"@type":"EntryPoint","urlTemplate":"https:\/\/magistrae.com\/?s={search_term_string}"},"query-input":"required name=search_term_string"}],"inLanguage":"es"},{"@type":"Organization","@id":"https:\/\/magistrae.com\/#organization","name":"Magistrae","url":"https:\/\/magistrae.com\/","logo":{"@type":"ImageObject","inLanguage":"es","@id":"https:\/\/magistrae.com\/#\/schema\/logo\/image\/","url":"https:\/\/magistrae.com\/wp-content\/uploads\/sites\/413\/2026\/03\/9_Magistrae.jpg","contentUrl":"https:\/\/magistrae.com\/wp-content\/uploads\/sites\/413\/2026\/03\/9_Magistrae.jpg","width":2000,"height":2000,"caption":"Magistrae"},"image":{"@id":"https:\/\/magistrae.com\/#\/schema\/logo\/image\/"}},{"@type":"Person","@id":"https:\/\/magistrae.com\/#\/schema\/person\/d52888235fd6563bd07d97185d6a61e4","name":"Bruno Gianni","image":{"@type":"ImageObject","inLanguage":"es","@id":"https:\/\/magistrae.com\/#\/schema\/person\/image\/","url":"https:\/\/secure.gravatar.com\/avatar\/0f5d42d7bf77874643c1478932860e3f?s=96&d=mm&r=g","contentUrl":"https:\/\/secure.gravatar.com\/avatar\/0f5d42d7bf77874643c1478932860e3f?s=96&d=mm&r=g","caption":"Bruno Gianni"},"description":"Bruno writes the way he lives, with curiosity, care, and respect for people. He likes to observe, listen, and try to understand what is happening on the other side before putting any words on the page.For him, writing is not about impressing, but about getting closer. It is about turning thoughts into something simple, clear, and real. Every text is an ongoing conversation, created with care and honesty, with the sincere intention of touching someone, somewhere along the way.","url":"https:\/\/magistrae.com\/es\/author\/bcgianni\/"}]}},"uagb_featured_image_src":{"full":false,"thumbnail":false,"medium":false,"medium_large":false,"large":false,"1536x1536":false,"2048x2048":false,"trp-custom-language-flag":false},"uagb_author_info":{"display_name":"Bruno Gianni","author_link":"https:\/\/magistrae.com\/es\/author\/bcgianni\/"},"uagb_comment_info":0,"uagb_excerpt":"Nova vaga para Administrativo(a) de Gest\u00e3o de Recursos Humanos e Servi\u00e7os Gerais. Cres\u00e7a profissionalmente com desafios di\u00e1rios, m\u00faltiplas tarefas e grande potencial de evolu\u00e7\u00e3o na empresa. Candidate-se!","_links":{"self":[{"href":"https:\/\/magistrae.com\/es\/wp-json\/wp\/v2\/posts\/11345"}],"collection":[{"href":"https:\/\/magistrae.com\/es\/wp-json\/wp\/v2\/posts"}],"about":[{"href":"https:\/\/magistrae.com\/es\/wp-json\/wp\/v2\/types\/post"}],"author":[{"embeddable":true,"href":"https:\/\/magistrae.com\/es\/wp-json\/wp\/v2\/users\/3"}],"replies":[{"embeddable":true,"href":"https:\/\/magistrae.com\/es\/wp-json\/wp\/v2\/comments?post=11345"}],"version-history":[{"count":1,"href":"https:\/\/magistrae.com\/es\/wp-json\/wp\/v2\/posts\/11345\/revisions"}],"predecessor-version":[{"id":11352,"href":"https:\/\/magistrae.com\/es\/wp-json\/wp\/v2\/posts\/11345\/revisions\/11352"}],"wp:attachment":[{"href":"https:\/\/magistrae.com\/es\/wp-json\/wp\/v2\/media?parent=11345"}],"wp:term":[{"taxonomy":"category","embeddable":true,"href":"https:\/\/magistrae.com\/es\/wp-json\/wp\/v2\/categories?post=11345"},{"taxonomy":"post_tag","embeddable":true,"href":"https:\/\/magistrae.com\/es\/wp-json\/wp\/v2\/tags?post=11345"}],"curies":[{"name":"wp","href":"https:\/\/api.w.org\/{rel}","templated":true}]}}