{"id":11325,"date":"2026-04-02T02:16:00","date_gmt":"2026-04-02T02:16:00","guid":{"rendered":"https:\/\/magistrae.com\/dd754977-d9b0-4d1b-a834-2d4c6850a719\/"},"modified":"2026-04-02T02:16:33","modified_gmt":"2026-04-02T02:16:33","slug":"dd754977-d9b0-4d1b-a834-2d4c6850a719","status":"publish","type":"post","link":"https:\/\/magistrae.com\/es\/dd754977-d9b0-4d1b-a834-2d4c6850a719\/","title":{"rendered":"Coordenador de Log\u00edstica e Material: Perfil, Responsabilidades e Vantagens"},"content":{"rendered":"<\/p>\n<\/p>\n<div style=\"background: #ffffff; border-radius: 12px; box-shadow: 0 10px 30px rgba(0, 0, 0, 0.1); width: 100%; max-width: 340px; padding: 25px; transition: transform 0.3s ease-in-out; overflow: visible; display: flex; flex-direction: column; position: relative; border: 1px solid #28a745; margin-top: 70px; margin-bottom: 50px; margin-left: auto; margin-right: auto;\">\n<div style=\"position: absolute; top: -35px; right: 15px; color: #28a745; padding: 5px 10px; border-radius: 6px; font-size: 14px; font-weight: bold; display: flex; align-items: center; z-index: 10;\">Recomendado para si<\/div>\n<div data-namespace-header=\"\" style=\"\">\n<h3 data-namespace-title=\"\" style=\"color: #333; font-size: 20px; font-weight: bold; text-align: left; margin-right: 50px; min-height: 50px; margin-top: 0px;\">Coordenador de Log\u00edstica e Material<\/h3>\n<\/p><\/div>\n<p data-namespace-prompt=\"\" style=\"font-size: 16px; color: #666; margin-bottom: 20px; line-height: 1.5; flex-grow: 1; text-align: left; margin-top: 0px;\">Coordenador de Log\u00edstica e Material. Procura-se profissional com forte experi\u00eancia em coordena\u00e7\u00e3o log\u00edstica, dom\u00ednio avan\u00e7ado de inform\u00e1tica, ingl\u00eas fluente e nacionalidade angolana preferencial.<\/p>\n<p>    <a data-namespace-url=\"\" href=\"https:\/\/magistrae.com\/es\/redirect\/?https:\/\/careers.theventure.city\/companies\/jobartis\/jobs\/63354138-coordenador-de-logistica-e-material?utm_campaign=google_jobs_apply&#038;utm_source=google_jobs_apply&#038;utm_medium=organic\" style=\"width: 100%; display: inline-block; color: white; text-decoration: none; border-radius: 6px; font-size: 16px; font-weight: bold; text-align: center; transition: transform 0.3s ease, background 0.3s ease; margin-top: auto;\" data-namespace-id=\"5c0d2565-3ba9-4280-a382-ad2a691e2285\"><br \/>\n        <button style=\"width: 100%; height: 55px; background: #e9e9ed; border: 1px solid black; color: black;\">Candidatar-se \u00e0 vaga<\/button><br \/>\n    <\/a><br \/>\n    <small style=\"margin-top: 10px; color: #777; font-size: 12px; text-align: center; display: block;\">Ser\u00e1 redirigido a otro sitio<\/small>\n<\/div>\n<p>Esta vaga para Coordenador de Log\u00edstica e Material \u00e9 excelente para profissionais experientes interessados em crescimento profissional e estabilidade. Apesar de o sal\u00e1rio n\u00e3o ser especificado, a oferta garante remunera\u00e7\u00e3o de acordo com a responsabilidade do cargo, al\u00e9m de integra\u00e7\u00e3o num grupo s\u00f3lido e din\u00e2mico. O tipo de contrato ser\u00e1 definido posteriormente, permitindo certo grau de flexibilidade laboral entre as partes.<\/p>\n<h2>Responsabilidades di\u00e1rias e rotinas<\/h2>\n<p>O Coordenador de Log\u00edstica e Material ser\u00e1 respons\u00e1vel pela gest\u00e3o eficaz das opera\u00e7\u00f5es log\u00edsticas e pelo controlo de materiais.<\/p>\n<p>Coordenar equipas, supervisionar invent\u00e1rios, garantir o fluxo de materiais e a efici\u00eancia no fornecimento ser\u00e3o fundamentais neste papel.<\/p>\n<p>Usar ferramentas inform\u00e1ticas como Word, Excel e Outlook, em n\u00edvel avan\u00e7ado, faz parte essencial das tarefas di\u00e1rias.<\/p>\n<p>A flu\u00eancia em ingl\u00eas \u00e9 indispens\u00e1vel, visto que poder\u00e1 ser necess\u00e1rio comunicar com entidades e parceiros estrangeiros.<\/p>\n<p>O profissional tamb\u00e9m participar\u00e1 em relat\u00f3rios, avalia\u00e7\u00f5es de desempenho e dever\u00e1 propor melhorias nos processos internos.<\/p>\n<h2>Vantagens deste cargo<\/h2>\n<p>Oportunidade de evolu\u00e7\u00e3o profissional numa empresa reconhecida e financeiramente est\u00e1vel.<\/p>\n<p>Remunera\u00e7\u00e3o compat\u00edvel com fun\u00e7\u00e3o e experi\u00eancia, valorizando o conhecimento j\u00e1 adquirido pelo colaborador.<\/p>\n<h2>Desvantagens a considerar<\/h2>\n<p>Exige pelo menos 7 anos de experi\u00eancia comprovada, podendo limitar candidaturas de quem est\u00e1 a iniciar carreira.<\/p>\n<p>Os requisitos de dom\u00ednio avan\u00e7ado de ferramentas inform\u00e1ticas e flu\u00eancia em ingl\u00eas representam um desafio, especialmente para quem n\u00e3o domina ambas as \u00e1reas.<\/p>\n<h2>Veredicto final<\/h2>\n<p>O cargo de Coordenador de Log\u00edstica e Material \u00e9 ideal para profissionais experientes, altamente organizados e com perfil inovador. Com potencial de crescimento, \u00e9 uma excelente escolha se cumprir os requisitos principais.<\/p>\n<div style=\"background: #ffffff; border-radius: 12px; box-shadow: 0 10px 30px rgba(0, 0, 0, 0.1); width: 100%; max-width: 340px; padding: 25px; transition: transform 0.3s ease-in-out; overflow: visible; display: flex; flex-direction: column; position: relative; border: 1px solid #28a745; margin-top: 70px; margin-bottom: 50px; margin-left: auto; margin-right: auto;\">\n<div style=\"position: absolute; top: -35px; right: 15px; color: #28a745; padding: 5px 10px; border-radius: 6px; font-size: 14px; font-weight: bold; display: flex; align-items: center; z-index: 10;\">Recomendado para si<\/div>\n<div data-namespace-header=\"\" style=\"\">\n<h3 data-namespace-title=\"\" style=\"color: #333; font-size: 20px; font-weight: bold; text-align: left; margin-right: 50px; min-height: 50px; margin-top: 0px;\">Coordenador de Log\u00edstica e Material<\/h3>\n<\/p><\/div>\n<p data-namespace-prompt=\"\" style=\"font-size: 16px; color: #666; margin-bottom: 20px; line-height: 1.5; flex-grow: 1; text-align: left; margin-top: 0px;\">Coordenador de Log\u00edstica e Material. Procura-se profissional com forte experi\u00eancia em coordena\u00e7\u00e3o log\u00edstica, dom\u00ednio avan\u00e7ado de inform\u00e1tica, ingl\u00eas fluente e nacionalidade angolana preferencial.<\/p>\n<p>    <a data-namespace-url=\"\" href=\"https:\/\/magistrae.com\/es\/redirect\/?https:\/\/careers.theventure.city\/companies\/jobartis\/jobs\/63354138-coordenador-de-logistica-e-material?utm_campaign=google_jobs_apply&#038;utm_source=google_jobs_apply&#038;utm_medium=organic\" style=\"width: 100%; display: inline-block; color: white; text-decoration: none; border-radius: 6px; font-size: 16px; font-weight: bold; text-align: center; transition: transform 0.3s ease, background 0.3s ease; margin-top: auto;\" data-namespace-id=\"5c0d2565-3ba9-4280-a382-ad2a691e2285\"><br \/>\n        <button style=\"width: 100%; height: 55px; background: #e9e9ed; border: 1px solid black; color: black;\">Candidatar-se \u00e0 vaga<\/button><br \/>\n    <\/a><br \/>\n    <small style=\"margin-top: 10px; color: #777; font-size: 12px; text-align: center; display: block;\">Ser\u00e1 redirigido a otro sitio<\/small>\n<\/div>","protected":false},"excerpt":{"rendered":"<p>Oportunidade para Coordenador de Log\u00edstica e Material! Saiba mais sobre os requisitos, responsabilidades, vantagens e desafios deste cargo e avalie se se encaixa no seu perfil profissional.<\/p>","protected":false},"author":3,"featured_media":0,"comment_status":"open","ping_status":"open","sticky":false,"template":"","format":"standard","meta":{"_uag_custom_page_level_css":"","site-sidebar-layout":"default","site-content-layout":"","ast-site-content-layout":"","site-content-style":"default","site-sidebar-style":"default","ast-global-header-display":"","ast-banner-title-visibility":"","ast-main-header-display":"","ast-hfb-above-header-display":"","ast-hfb-below-header-display":"","ast-hfb-mobile-header-display":"","site-post-title":"","ast-breadcrumbs-content":"","ast-featured-img":"","footer-sml-layout":"","theme-transparent-header-meta":"","adv-header-id-meta":"","stick-header-meta":"","header-above-stick-meta":"","header-main-stick-meta":"","header-below-stick-meta":"","astra-migrate-meta-layouts":"default","ast-page-background-enabled":"default","ast-page-background-meta":{"desktop":{"background-color":"var(--ast-global-color-4)","background-image":"","background-repeat":"repeat","background-position":"center center","background-size":"auto","background-attachment":"scroll","background-type":"","background-media":"","overlay-type":"","overlay-color":"","overlay-opacity":"","overlay-gradient":""},"tablet":{"background-color":"","background-image":"","background-repeat":"repeat","background-position":"center center","background-size":"auto","background-attachment":"scroll","background-type":"","background-media":"","overlay-type":"","overlay-color":"","overlay-opacity":"","overlay-gradient":""},"mobile":{"background-color":"","background-image":"","background-repeat":"repeat","background-position":"center center","background-size":"auto","background-attachment":"scroll","background-type":"","background-media":"","overlay-type":"","overlay-color":"","overlay-opacity":"","overlay-gradient":""}},"ast-content-background-meta":{"desktop":{"background-color":"var(--ast-global-color-5)","background-image":"","background-repeat":"repeat","background-position":"center center","background-size":"auto","background-attachment":"scroll","background-type":"","background-media":"","overlay-type":"","overlay-color":"","overlay-opacity":"","overlay-gradient":""},"tablet":{"background-color":"var(--ast-global-color-5)","background-image":"","background-repeat":"repeat","background-position":"center center","background-size":"auto","background-attachment":"scroll","background-type":"","background-media":"","overlay-type":"","overlay-color":"","overlay-opacity":"","overlay-gradient":""},"mobile":{"background-color":"var(--ast-global-color-5)","background-image":"","background-repeat":"repeat","background-position":"center center","background-size":"auto","background-attachment":"scroll","background-type":"","background-media":"","overlay-type":"","overlay-color":"","overlay-opacity":"","overlay-gradient":""}},"footnotes":""},"categories":[14],"tags":[],"yoast_head":"<!-- This site is optimized with the Yoast SEO plugin v23.3 - https:\/\/yoast.com\/wordpress\/plugins\/seo\/ -->\n<title>Coordenador de Log\u00edstica e Material: Perfil, Responsabilidades e Vantagens - Magistrae<\/title>\n<meta name=\"robots\" content=\"index, follow, max-snippet:-1, max-image-preview:large, max-video-preview:-1\" \/>\n<link rel=\"canonical\" href=\"https:\/\/magistrae.com\/es\/dd754977-d9b0-4d1b-a834-2d4c6850a719\/\" \/>\n<meta property=\"og:locale\" content=\"es_ES\" \/>\n<meta property=\"og:type\" content=\"article\" \/>\n<meta property=\"og:title\" content=\"Coordenador de Log\u00edstica e Material: Perfil, Responsabilidades e Vantagens - Magistrae\" \/>\n<meta property=\"og:description\" content=\"Oportunidade para Coordenador de Log\u00edstica e Material! Saiba mais sobre os requisitos, responsabilidades, vantagens e desafios deste cargo e avalie se se encaixa no seu perfil profissional.\" \/>\n<meta property=\"og:url\" content=\"https:\/\/magistrae.com\/es\/dd754977-d9b0-4d1b-a834-2d4c6850a719\/\" \/>\n<meta property=\"og:site_name\" content=\"Magistrae\" \/>\n<meta property=\"article:published_time\" content=\"2026-04-02T02:16:00+00:00\" \/>\n<meta property=\"article:modified_time\" content=\"2026-04-02T02:16:33+00:00\" \/>\n<meta name=\"author\" content=\"Bruno Gianni\" \/>\n<meta name=\"twitter:card\" content=\"summary_large_image\" \/>\n<meta name=\"twitter:label1\" content=\"Written by\" \/>\n\t<meta name=\"twitter:data1\" content=\"Bruno Gianni\" \/>\n\t<meta name=\"twitter:label2\" content=\"Est. reading time\" \/>\n\t<meta name=\"twitter:data2\" content=\"2 minutos\" \/>\n<script type=\"application\/ld+json\" class=\"yoast-schema-graph\">{\"@context\":\"https:\/\/schema.org\",\"@graph\":[{\"@type\":\"Article\",\"@id\":\"https:\/\/magistrae.com\/dd754977-d9b0-4d1b-a834-2d4c6850a719\/#article\",\"isPartOf\":{\"@id\":\"https:\/\/magistrae.com\/dd754977-d9b0-4d1b-a834-2d4c6850a719\/\"},\"author\":{\"name\":\"Bruno Gianni\",\"@id\":\"https:\/\/magistrae.com\/#\/schema\/person\/d52888235fd6563bd07d97185d6a61e4\"},\"headline\":\"Coordenador de Log\u00edstica e Material: Perfil, Responsabilidades e Vantagens\",\"datePublished\":\"2026-04-02T02:16:00+00:00\",\"dateModified\":\"2026-04-02T02:16:33+00:00\",\"mainEntityOfPage\":{\"@id\":\"https:\/\/magistrae.com\/dd754977-d9b0-4d1b-a834-2d4c6850a719\/\"},\"wordCount\":396,\"commentCount\":0,\"publisher\":{\"@id\":\"https:\/\/magistrae.com\/#organization\"},\"articleSection\":[\"Hidden\"],\"inLanguage\":\"es\",\"potentialAction\":[{\"@type\":\"CommentAction\",\"name\":\"Comment\",\"target\":[\"https:\/\/magistrae.com\/dd754977-d9b0-4d1b-a834-2d4c6850a719\/#respond\"]}]},{\"@type\":\"WebPage\",\"@id\":\"https:\/\/magistrae.com\/dd754977-d9b0-4d1b-a834-2d4c6850a719\/\",\"url\":\"https:\/\/magistrae.com\/dd754977-d9b0-4d1b-a834-2d4c6850a719\/\",\"name\":\"Coordenador de Log\u00edstica e Material: Perfil, Responsabilidades e Vantagens - Magistrae\",\"isPartOf\":{\"@id\":\"https:\/\/magistrae.com\/#website\"},\"datePublished\":\"2026-04-02T02:16:00+00:00\",\"dateModified\":\"2026-04-02T02:16:33+00:00\",\"breadcrumb\":{\"@id\":\"https:\/\/magistrae.com\/dd754977-d9b0-4d1b-a834-2d4c6850a719\/#breadcrumb\"},\"inLanguage\":\"es\",\"potentialAction\":[{\"@type\":\"ReadAction\",\"target\":[\"https:\/\/magistrae.com\/dd754977-d9b0-4d1b-a834-2d4c6850a719\/\"]}]},{\"@type\":\"BreadcrumbList\",\"@id\":\"https:\/\/magistrae.com\/dd754977-d9b0-4d1b-a834-2d4c6850a719\/#breadcrumb\",\"itemListElement\":[{\"@type\":\"ListItem\",\"position\":1,\"name\":\"Home\",\"item\":\"https:\/\/magistrae.com\/\"},{\"@type\":\"ListItem\",\"position\":2,\"name\":\"Coordenador de Log\u00edstica e Material: Perfil, Responsabilidades e Vantagens\"}]},{\"@type\":\"WebSite\",\"@id\":\"https:\/\/magistrae.com\/#website\",\"url\":\"https:\/\/magistrae.com\/\",\"name\":\"Magistrae\",\"description\":\"\",\"publisher\":{\"@id\":\"https:\/\/magistrae.com\/#organization\"},\"potentialAction\":[{\"@type\":\"SearchAction\",\"target\":{\"@type\":\"EntryPoint\",\"urlTemplate\":\"https:\/\/magistrae.com\/?s={search_term_string}\"},\"query-input\":\"required name=search_term_string\"}],\"inLanguage\":\"es\"},{\"@type\":\"Organization\",\"@id\":\"https:\/\/magistrae.com\/#organization\",\"name\":\"Magistrae\",\"url\":\"https:\/\/magistrae.com\/\",\"logo\":{\"@type\":\"ImageObject\",\"inLanguage\":\"es\",\"@id\":\"https:\/\/magistrae.com\/#\/schema\/logo\/image\/\",\"url\":\"https:\/\/magistrae.com\/wp-content\/uploads\/sites\/413\/2026\/03\/9_Magistrae.jpg\",\"contentUrl\":\"https:\/\/magistrae.com\/wp-content\/uploads\/sites\/413\/2026\/03\/9_Magistrae.jpg\",\"width\":2000,\"height\":2000,\"caption\":\"Magistrae\"},\"image\":{\"@id\":\"https:\/\/magistrae.com\/#\/schema\/logo\/image\/\"}},{\"@type\":\"Person\",\"@id\":\"https:\/\/magistrae.com\/#\/schema\/person\/d52888235fd6563bd07d97185d6a61e4\",\"name\":\"Bruno Gianni\",\"image\":{\"@type\":\"ImageObject\",\"inLanguage\":\"es\",\"@id\":\"https:\/\/magistrae.com\/#\/schema\/person\/image\/\",\"url\":\"https:\/\/secure.gravatar.com\/avatar\/0f5d42d7bf77874643c1478932860e3f?s=96&d=mm&r=g\",\"contentUrl\":\"https:\/\/secure.gravatar.com\/avatar\/0f5d42d7bf77874643c1478932860e3f?s=96&d=mm&r=g\",\"caption\":\"Bruno Gianni\"},\"description\":\"Bruno writes the way he lives, with curiosity, care, and respect for people. He likes to observe, listen, and try to understand what is happening on the other side before putting any words on the page.For him, writing is not about impressing, but about getting closer. It is about turning thoughts into something simple, clear, and real. Every text is an ongoing conversation, created with care and honesty, with the sincere intention of touching someone, somewhere along the way.\",\"url\":\"https:\/\/magistrae.com\/es\/author\/bcgianni\/\"}]}<\/script>\n<!-- \/ Yoast SEO plugin. -->","yoast_head_json":{"title":"Coordenador de Log\u00edstica e Material: Perfil, Responsabilidades e Vantagens - Magistrae","robots":{"index":"index","follow":"follow","max-snippet":"max-snippet:-1","max-image-preview":"max-image-preview:large","max-video-preview":"max-video-preview:-1"},"canonical":"https:\/\/magistrae.com\/es\/dd754977-d9b0-4d1b-a834-2d4c6850a719\/","og_locale":"es_ES","og_type":"article","og_title":"Coordenador de Log\u00edstica e Material: Perfil, Responsabilidades e Vantagens - Magistrae","og_description":"Oportunidade para Coordenador de Log\u00edstica e Material! Saiba mais sobre os requisitos, responsabilidades, vantagens e desafios deste cargo e avalie se se encaixa no seu perfil profissional.","og_url":"https:\/\/magistrae.com\/es\/dd754977-d9b0-4d1b-a834-2d4c6850a719\/","og_site_name":"Magistrae","article_published_time":"2026-04-02T02:16:00+00:00","article_modified_time":"2026-04-02T02:16:33+00:00","author":"Bruno Gianni","twitter_card":"summary_large_image","twitter_misc":{"Written by":"Bruno Gianni","Est. reading time":"2 minutos"},"schema":{"@context":"https:\/\/schema.org","@graph":[{"@type":"Article","@id":"https:\/\/magistrae.com\/dd754977-d9b0-4d1b-a834-2d4c6850a719\/#article","isPartOf":{"@id":"https:\/\/magistrae.com\/dd754977-d9b0-4d1b-a834-2d4c6850a719\/"},"author":{"name":"Bruno Gianni","@id":"https:\/\/magistrae.com\/#\/schema\/person\/d52888235fd6563bd07d97185d6a61e4"},"headline":"Coordenador de Log\u00edstica e Material: Perfil, Responsabilidades e Vantagens","datePublished":"2026-04-02T02:16:00+00:00","dateModified":"2026-04-02T02:16:33+00:00","mainEntityOfPage":{"@id":"https:\/\/magistrae.com\/dd754977-d9b0-4d1b-a834-2d4c6850a719\/"},"wordCount":396,"commentCount":0,"publisher":{"@id":"https:\/\/magistrae.com\/#organization"},"articleSection":["Hidden"],"inLanguage":"es","potentialAction":[{"@type":"CommentAction","name":"Comment","target":["https:\/\/magistrae.com\/dd754977-d9b0-4d1b-a834-2d4c6850a719\/#respond"]}]},{"@type":"WebPage","@id":"https:\/\/magistrae.com\/dd754977-d9b0-4d1b-a834-2d4c6850a719\/","url":"https:\/\/magistrae.com\/dd754977-d9b0-4d1b-a834-2d4c6850a719\/","name":"Coordenador de Log\u00edstica e Material: Perfil, Responsabilidades e Vantagens - Magistrae","isPartOf":{"@id":"https:\/\/magistrae.com\/#website"},"datePublished":"2026-04-02T02:16:00+00:00","dateModified":"2026-04-02T02:16:33+00:00","breadcrumb":{"@id":"https:\/\/magistrae.com\/dd754977-d9b0-4d1b-a834-2d4c6850a719\/#breadcrumb"},"inLanguage":"es","potentialAction":[{"@type":"ReadAction","target":["https:\/\/magistrae.com\/dd754977-d9b0-4d1b-a834-2d4c6850a719\/"]}]},{"@type":"BreadcrumbList","@id":"https:\/\/magistrae.com\/dd754977-d9b0-4d1b-a834-2d4c6850a719\/#breadcrumb","itemListElement":[{"@type":"ListItem","position":1,"name":"Home","item":"https:\/\/magistrae.com\/"},{"@type":"ListItem","position":2,"name":"Coordenador de Log\u00edstica e Material: Perfil, Responsabilidades e Vantagens"}]},{"@type":"WebSite","@id":"https:\/\/magistrae.com\/#website","url":"https:\/\/magistrae.com\/","name":"Magistrae","description":"","publisher":{"@id":"https:\/\/magistrae.com\/#organization"},"potentialAction":[{"@type":"SearchAction","target":{"@type":"EntryPoint","urlTemplate":"https:\/\/magistrae.com\/?s={search_term_string}"},"query-input":"required name=search_term_string"}],"inLanguage":"es"},{"@type":"Organization","@id":"https:\/\/magistrae.com\/#organization","name":"Magistrae","url":"https:\/\/magistrae.com\/","logo":{"@type":"ImageObject","inLanguage":"es","@id":"https:\/\/magistrae.com\/#\/schema\/logo\/image\/","url":"https:\/\/magistrae.com\/wp-content\/uploads\/sites\/413\/2026\/03\/9_Magistrae.jpg","contentUrl":"https:\/\/magistrae.com\/wp-content\/uploads\/sites\/413\/2026\/03\/9_Magistrae.jpg","width":2000,"height":2000,"caption":"Magistrae"},"image":{"@id":"https:\/\/magistrae.com\/#\/schema\/logo\/image\/"}},{"@type":"Person","@id":"https:\/\/magistrae.com\/#\/schema\/person\/d52888235fd6563bd07d97185d6a61e4","name":"Bruno Gianni","image":{"@type":"ImageObject","inLanguage":"es","@id":"https:\/\/magistrae.com\/#\/schema\/person\/image\/","url":"https:\/\/secure.gravatar.com\/avatar\/0f5d42d7bf77874643c1478932860e3f?s=96&d=mm&r=g","contentUrl":"https:\/\/secure.gravatar.com\/avatar\/0f5d42d7bf77874643c1478932860e3f?s=96&d=mm&r=g","caption":"Bruno Gianni"},"description":"Bruno writes the way he lives, with curiosity, care, and respect for people. He likes to observe, listen, and try to understand what is happening on the other side before putting any words on the page.For him, writing is not about impressing, but about getting closer. It is about turning thoughts into something simple, clear, and real. Every text is an ongoing conversation, created with care and honesty, with the sincere intention of touching someone, somewhere along the way.","url":"https:\/\/magistrae.com\/es\/author\/bcgianni\/"}]}},"uagb_featured_image_src":{"full":false,"thumbnail":false,"medium":false,"medium_large":false,"large":false,"1536x1536":false,"2048x2048":false,"trp-custom-language-flag":false},"uagb_author_info":{"display_name":"Bruno Gianni","author_link":"https:\/\/magistrae.com\/es\/author\/bcgianni\/"},"uagb_comment_info":0,"uagb_excerpt":"Oportunidade para Coordenador de Log\u00edstica e Material! Saiba mais sobre os requisitos, responsabilidades, vantagens e desafios deste cargo e avalie se se encaixa no seu perfil profissional.","_links":{"self":[{"href":"https:\/\/magistrae.com\/es\/wp-json\/wp\/v2\/posts\/11325"}],"collection":[{"href":"https:\/\/magistrae.com\/es\/wp-json\/wp\/v2\/posts"}],"about":[{"href":"https:\/\/magistrae.com\/es\/wp-json\/wp\/v2\/types\/post"}],"author":[{"embeddable":true,"href":"https:\/\/magistrae.com\/es\/wp-json\/wp\/v2\/users\/3"}],"replies":[{"embeddable":true,"href":"https:\/\/magistrae.com\/es\/wp-json\/wp\/v2\/comments?post=11325"}],"version-history":[{"count":1,"href":"https:\/\/magistrae.com\/es\/wp-json\/wp\/v2\/posts\/11325\/revisions"}],"predecessor-version":[{"id":11332,"href":"https:\/\/magistrae.com\/es\/wp-json\/wp\/v2\/posts\/11325\/revisions\/11332"}],"wp:attachment":[{"href":"https:\/\/magistrae.com\/es\/wp-json\/wp\/v2\/media?parent=11325"}],"wp:term":[{"taxonomy":"category","embeddable":true,"href":"https:\/\/magistrae.com\/es\/wp-json\/wp\/v2\/categories?post=11325"},{"taxonomy":"post_tag","embeddable":true,"href":"https:\/\/magistrae.com\/es\/wp-json\/wp\/v2\/tags?post=11325"}],"curies":[{"name":"wp","href":"https:\/\/api.w.org\/{rel}","templated":true}]}}