{"id":11321,"date":"2026-04-02T02:16:00","date_gmt":"2026-04-02T02:16:00","guid":{"rendered":"https:\/\/magistrae.com\/6c5e2806-3994-4ca7-b4ed-a6acbe0311d5\/"},"modified":"2026-04-02T02:16:32","modified_gmt":"2026-04-02T02:16:32","slug":"6c5e2806-3994-4ca7-b4ed-a6acbe0311d5","status":"publish","type":"post","link":"https:\/\/magistrae.com\/es\/6c5e2806-3994-4ca7-b4ed-a6acbe0311d5\/","title":{"rendered":"Director Adjunto de Log\u00edstica: destaque para crescimento e impacto"},"content":{"rendered":"<\/p>\n<\/p>\n<div style=\"background: #ffffff; border-radius: 12px; box-shadow: 0 10px 30px rgba(0, 0, 0, 0.1); width: 100%; max-width: 340px; padding: 25px; transition: transform 0.3s ease-in-out; overflow: visible; display: flex; flex-direction: column; position: relative; border: 1px solid #28a745; margin-top: 70px; margin-bottom: 50px; margin-left: auto; margin-right: auto;\">\n<div style=\"position: absolute; top: -35px; right: 15px; color: #28a745; padding: 5px 10px; border-radius: 6px; font-size: 14px; font-weight: bold; display: flex; align-items: center; z-index: 10;\">Recomendado para si<\/div>\n<div data-namespace-header=\"\" style=\"\">\n<h3 data-namespace-title=\"\" style=\"color: #333; font-size: 20px; font-weight: bold; text-align: left; margin-right: 50px; min-height: 50px; margin-top: 0px;\">Director Adjunto de Log\u00edstica<\/h3>\n<\/p><\/div>\n<p data-namespace-prompt=\"\" style=\"font-size: 16px; color: #666; margin-bottom: 20px; line-height: 1.5; flex-grow: 1; text-align: left; margin-top: 0px;\">Procura oportunidade numa fun\u00e7\u00e3o de lideran\u00e7a? Necessita experi\u00eancia comprovada, dom\u00ednio em log\u00edstica, gest\u00e3o de equipas e MS Office. Cres\u00e7a numa empresa s\u00f3lida com bons benef\u00edcios.<\/p>\n<p>    <a data-namespace-url=\"\" href=\"https:\/\/magistrae.com\/es\/redirect\/?https:\/\/jobs.keptpeople.com\/jobs\/director-adjunto-de-logistica-luanda?utm_campaign=google_jobs_apply&#038;utm_source=google_jobs_apply&#038;utm_medium=organic\" style=\"width: 100%; display: inline-block; color: white; text-decoration: none; border-radius: 6px; font-size: 16px; font-weight: bold; text-align: center; transition: transform 0.3s ease, background 0.3s ease; margin-top: auto;\" data-namespace-id=\"5c0d2565-3ba9-4280-a382-ad2a691e2285\"><br \/>\n        <button style=\"width: 100%; height: 55px; background: #e9e9ed; border: 1px solid black; color: black;\">Candidate-se ao emprego<\/button><br \/>\n    <\/a><br \/>\n    <small style=\"margin-top: 10px; color: #777; font-size: 12px; text-align: center; display: block;\">Ser\u00e1 reencaminhado para outro website<\/small>\n<\/div>\n<p>Uma das melhores oportunidades para quem pretende avan\u00e7ar na \u00e1rea de log\u00edstica est\u00e1 aberta para profissionais experientes. O posto de Director Adjunto de Log\u00edstica destaca-se pelo potencial de crescimento e posi\u00e7\u00e3o de lideran\u00e7a estrat\u00e9gica num grupo prestigiado. Trata-se de um cargo de pleno envolvimento presencial e hor\u00e1rio integral, ideal para quem deseja consolidar carreira em ambiente desafiante e inovador.<\/p>\n<p>O perfil procurado exige licenciatura em log\u00edstica, gest\u00e3o ou \u00e1reas afins. \u00c9 fundamental evidenciar experi\u00eancia de 8 a 10 anos em fun\u00e7\u00f5es similares, dom\u00ednio de software log\u00edstico, compet\u00eancias avan\u00e7adas em Microsoft Office, capacidade de lideran\u00e7a de equipas, assim como dom\u00ednio do ingl\u00eas e portugu\u00eas. Adicionalmente, experi\u00eancia comprovada em cadeia de supply chain, higiene, seguran\u00e7a alimentar e processos de importa\u00e7\u00e3o \u00e9 vista como grande diferencial.<\/p>\n<h2>Responsabilidades do Dia-a-Dia<\/h2>\n<p>Neste cargo, ter\u00e1 como miss\u00e3o planear, coordenar e optimizar opera\u00e7\u00f5es log\u00edsticas, desde recep\u00e7\u00e3o e armazenamento at\u00e9 distribui\u00e7\u00e3o de mercadorias alimentares.<\/p>\n<p>Ser\u00e1 vital monitorar custos log\u00edsticos e introduzir pr\u00e1ticas inovadoras que visem rentabilidade e redu\u00e7\u00e3o de desperd\u00edcio de alimentos durante todo o fluxo log\u00edstico.<\/p>\n<p>A coordena\u00e7\u00e3o de opera\u00e7\u00f5es de transporte e supervis\u00e3o dos armaz\u00e9ns, garantindo conformidade com normas de seguran\u00e7a alimentar, s\u00e3o actividades di\u00e1rias centrais.<\/p>\n<p>Tamb\u00e9m \u00e9 esperado participar da elabora\u00e7\u00e3o de or\u00e7amentos, planos de actividade e colaborar na implementa\u00e7\u00e3o de tecnologias modernas na cadeia de fornecimento.<\/p>\n<p>Por fim, inclui-se o controlo de stocks e apoio a processos de importa\u00e7\u00e3o, promovendo excel\u00eancia operacional e sustentabilidade.<\/p>\n<h2>Pontos Fortes da Vaga<\/h2>\n<p>Uma das grandes vantagens \u00e9 ingressar num grupo empresarial de refer\u00eancia, que oferece s\u00f3lidas perspectivas de carreira e desenvolvimento profissional constante.<\/p>\n<p>Adicionalmente, a forte aposta em inova\u00e7\u00e3o e sustentabilidade distingue esta oportunidade, permitindo crescimento e contacto directo com pr\u00e1ticas internacionais modernas.<\/p>\n<h2>Pontos Menos Positivos<\/h2>\n<p>A press\u00e3o inerente \u00e0 gest\u00e3o de toda a opera\u00e7\u00e3o log\u00edstica pode representar um desafio importante para quem n\u00e3o esteja habituado a ambientes din\u00e2micos.<\/p>\n<p>Outra poss\u00edvel limita\u00e7\u00e3o pode ser a exig\u00eancia de experi\u00eancia extensa tanto na lideran\u00e7a de equipas como em fun\u00e7\u00f5es similares, restringindo o acesso para perfis mais juniores.<\/p>\n<h2>Veredicto Final<\/h2>\n<p>Em resumo, trata-se de uma posi\u00e7\u00e3o de grande responsabilidade, mas que pode proporcionar uma traject\u00f3ria ascendente para profissionais s\u00e9nior da \u00e1rea da log\u00edstica.<\/p>\n<p>Para quem possui experi\u00eancia, motiva\u00e7\u00e3o e esp\u00edrito de lideran\u00e7a, este desafio pode ser exactamente o que precisa para impulsionar a sua carreira.<\/p>\n<div style=\"background: #ffffff; border-radius: 12px; box-shadow: 0 10px 30px rgba(0, 0, 0, 0.1); width: 100%; max-width: 340px; padding: 25px; transition: transform 0.3s ease-in-out; overflow: visible; display: flex; flex-direction: column; position: relative; border: 1px solid #28a745; margin-top: 70px; margin-bottom: 50px; margin-left: auto; margin-right: auto;\">\n<div style=\"position: absolute; top: -35px; right: 15px; color: #28a745; padding: 5px 10px; border-radius: 6px; font-size: 14px; font-weight: bold; display: flex; align-items: center; z-index: 10;\">Recomendado para si<\/div>\n<div data-namespace-header=\"\" style=\"\">\n<h3 data-namespace-title=\"\" style=\"color: #333; font-size: 20px; font-weight: bold; text-align: left; margin-right: 50px; min-height: 50px; margin-top: 0px;\">Director Adjunto de Log\u00edstica<\/h3>\n<\/p><\/div>\n<p data-namespace-prompt=\"\" style=\"font-size: 16px; color: #666; margin-bottom: 20px; line-height: 1.5; flex-grow: 1; text-align: left; margin-top: 0px;\">Procura oportunidade numa fun\u00e7\u00e3o de lideran\u00e7a? Necessita experi\u00eancia comprovada, dom\u00ednio em log\u00edstica, gest\u00e3o de equipas e MS Office. Cres\u00e7a numa empresa s\u00f3lida com bons benef\u00edcios.<\/p>\n<p>    <a data-namespace-url=\"\" href=\"https:\/\/magistrae.com\/es\/redirect\/?https:\/\/jobs.keptpeople.com\/jobs\/director-adjunto-de-logistica-luanda?utm_campaign=google_jobs_apply&#038;utm_source=google_jobs_apply&#038;utm_medium=organic\" style=\"width: 100%; display: inline-block; color: white; text-decoration: none; border-radius: 6px; font-size: 16px; font-weight: bold; text-align: center; transition: transform 0.3s ease, background 0.3s ease; margin-top: auto;\" data-namespace-id=\"5c0d2565-3ba9-4280-a382-ad2a691e2285\"><br \/>\n        <button style=\"width: 100%; height: 55px; background: #e9e9ed; border: 1px solid black; color: black;\">Candidate-se ao emprego<\/button><br \/>\n    <\/a><br \/>\n    <small style=\"margin-top: 10px; color: #777; font-size: 12px; text-align: center; display: block;\">Ser\u00e1 reencaminhado para outro website<\/small>\n<\/div>","protected":false},"excerpt":{"rendered":"<p>Vaga de Director Adjunto de Log\u00edstica para profissionais ambiciosos, com experi\u00eancia em lideran\u00e7a e inova\u00e7\u00e3o. Cres\u00e7a numa grande empresa com oportunidade de impactar processos log\u00edsticos.<\/p>","protected":false},"author":3,"featured_media":0,"comment_status":"open","ping_status":"open","sticky":false,"template":"","format":"standard","meta":{"_uag_custom_page_level_css":"","site-sidebar-layout":"default","site-content-layout":"","ast-site-content-layout":"","site-content-style":"default","site-sidebar-style":"default","ast-global-header-display":"","ast-banner-title-visibility":"","ast-main-header-display":"","ast-hfb-above-header-display":"","ast-hfb-below-header-display":"","ast-hfb-mobile-header-display":"","site-post-title":"","ast-breadcrumbs-content":"","ast-featured-img":"","footer-sml-layout":"","theme-transparent-header-meta":"","adv-header-id-meta":"","stick-header-meta":"","header-above-stick-meta":"","header-main-stick-meta":"","header-below-stick-meta":"","astra-migrate-meta-layouts":"default","ast-page-background-enabled":"default","ast-page-background-meta":{"desktop":{"background-color":"var(--ast-global-color-4)","background-image":"","background-repeat":"repeat","background-position":"center center","background-size":"auto","background-attachment":"scroll","background-type":"","background-media":"","overlay-type":"","overlay-color":"","overlay-opacity":"","overlay-gradient":""},"tablet":{"background-color":"","background-image":"","background-repeat":"repeat","background-position":"center center","background-size":"auto","background-attachment":"scroll","background-type":"","background-media":"","overlay-type":"","overlay-color":"","overlay-opacity":"","overlay-gradient":""},"mobile":{"background-color":"","background-image":"","background-repeat":"repeat","background-position":"center center","background-size":"auto","background-attachment":"scroll","background-type":"","background-media":"","overlay-type":"","overlay-color":"","overlay-opacity":"","overlay-gradient":""}},"ast-content-background-meta":{"desktop":{"background-color":"var(--ast-global-color-5)","background-image":"","background-repeat":"repeat","background-position":"center center","background-size":"auto","background-attachment":"scroll","background-type":"","background-media":"","overlay-type":"","overlay-color":"","overlay-opacity":"","overlay-gradient":""},"tablet":{"background-color":"var(--ast-global-color-5)","background-image":"","background-repeat":"repeat","background-position":"center center","background-size":"auto","background-attachment":"scroll","background-type":"","background-media":"","overlay-type":"","overlay-color":"","overlay-opacity":"","overlay-gradient":""},"mobile":{"background-color":"var(--ast-global-color-5)","background-image":"","background-repeat":"repeat","background-position":"center center","background-size":"auto","background-attachment":"scroll","background-type":"","background-media":"","overlay-type":"","overlay-color":"","overlay-opacity":"","overlay-gradient":""}},"footnotes":""},"categories":[14],"tags":[],"yoast_head":"<!-- This site is optimized with the Yoast SEO plugin v23.3 - https:\/\/yoast.com\/wordpress\/plugins\/seo\/ -->\n<title>Director Adjunto de Log\u00edstica: destaque para crescimento e impacto - Magistrae<\/title>\n<meta name=\"robots\" content=\"index, follow, max-snippet:-1, max-image-preview:large, max-video-preview:-1\" \/>\n<link rel=\"canonical\" href=\"https:\/\/magistrae.com\/es\/6c5e2806-3994-4ca7-b4ed-a6acbe0311d5\/\" \/>\n<meta property=\"og:locale\" content=\"es_ES\" \/>\n<meta property=\"og:type\" content=\"article\" \/>\n<meta property=\"og:title\" content=\"Director Adjunto de Log\u00edstica: destaque para crescimento e impacto - Magistrae\" \/>\n<meta property=\"og:description\" content=\"Vaga de Director Adjunto de Log\u00edstica para profissionais ambiciosos, com experi\u00eancia em lideran\u00e7a e inova\u00e7\u00e3o. Cres\u00e7a numa grande empresa com oportunidade de impactar processos log\u00edsticos.\" \/>\n<meta property=\"og:url\" content=\"https:\/\/magistrae.com\/es\/6c5e2806-3994-4ca7-b4ed-a6acbe0311d5\/\" \/>\n<meta property=\"og:site_name\" content=\"Magistrae\" \/>\n<meta property=\"article:published_time\" content=\"2026-04-02T02:16:00+00:00\" \/>\n<meta property=\"article:modified_time\" content=\"2026-04-02T02:16:32+00:00\" \/>\n<meta name=\"author\" content=\"Bruno Gianni\" \/>\n<meta name=\"twitter:card\" content=\"summary_large_image\" \/>\n<meta name=\"twitter:label1\" content=\"Written by\" \/>\n\t<meta name=\"twitter:data1\" content=\"Bruno Gianni\" \/>\n\t<meta name=\"twitter:label2\" content=\"Est. reading time\" \/>\n\t<meta name=\"twitter:data2\" content=\"3 minutos\" \/>\n<script type=\"application\/ld+json\" class=\"yoast-schema-graph\">{\"@context\":\"https:\/\/schema.org\",\"@graph\":[{\"@type\":\"Article\",\"@id\":\"https:\/\/magistrae.com\/6c5e2806-3994-4ca7-b4ed-a6acbe0311d5\/#article\",\"isPartOf\":{\"@id\":\"https:\/\/magistrae.com\/6c5e2806-3994-4ca7-b4ed-a6acbe0311d5\/\"},\"author\":{\"name\":\"Bruno Gianni\",\"@id\":\"https:\/\/magistrae.com\/#\/schema\/person\/d52888235fd6563bd07d97185d6a61e4\"},\"headline\":\"Director Adjunto de Log\u00edstica: destaque para crescimento e impacto\",\"datePublished\":\"2026-04-02T02:16:00+00:00\",\"dateModified\":\"2026-04-02T02:16:32+00:00\",\"mainEntityOfPage\":{\"@id\":\"https:\/\/magistrae.com\/6c5e2806-3994-4ca7-b4ed-a6acbe0311d5\/\"},\"wordCount\":546,\"commentCount\":0,\"publisher\":{\"@id\":\"https:\/\/magistrae.com\/#organization\"},\"articleSection\":[\"Hidden\"],\"inLanguage\":\"es\",\"potentialAction\":[{\"@type\":\"CommentAction\",\"name\":\"Comment\",\"target\":[\"https:\/\/magistrae.com\/6c5e2806-3994-4ca7-b4ed-a6acbe0311d5\/#respond\"]}]},{\"@type\":\"WebPage\",\"@id\":\"https:\/\/magistrae.com\/6c5e2806-3994-4ca7-b4ed-a6acbe0311d5\/\",\"url\":\"https:\/\/magistrae.com\/6c5e2806-3994-4ca7-b4ed-a6acbe0311d5\/\",\"name\":\"Director Adjunto de Log\u00edstica: destaque para crescimento e impacto - Magistrae\",\"isPartOf\":{\"@id\":\"https:\/\/magistrae.com\/#website\"},\"datePublished\":\"2026-04-02T02:16:00+00:00\",\"dateModified\":\"2026-04-02T02:16:32+00:00\",\"breadcrumb\":{\"@id\":\"https:\/\/magistrae.com\/6c5e2806-3994-4ca7-b4ed-a6acbe0311d5\/#breadcrumb\"},\"inLanguage\":\"es\",\"potentialAction\":[{\"@type\":\"ReadAction\",\"target\":[\"https:\/\/magistrae.com\/6c5e2806-3994-4ca7-b4ed-a6acbe0311d5\/\"]}]},{\"@type\":\"BreadcrumbList\",\"@id\":\"https:\/\/magistrae.com\/6c5e2806-3994-4ca7-b4ed-a6acbe0311d5\/#breadcrumb\",\"itemListElement\":[{\"@type\":\"ListItem\",\"position\":1,\"name\":\"Home\",\"item\":\"https:\/\/magistrae.com\/\"},{\"@type\":\"ListItem\",\"position\":2,\"name\":\"Director Adjunto de Log\u00edstica: destaque para crescimento e impacto\"}]},{\"@type\":\"WebSite\",\"@id\":\"https:\/\/magistrae.com\/#website\",\"url\":\"https:\/\/magistrae.com\/\",\"name\":\"Magistrae\",\"description\":\"\",\"publisher\":{\"@id\":\"https:\/\/magistrae.com\/#organization\"},\"potentialAction\":[{\"@type\":\"SearchAction\",\"target\":{\"@type\":\"EntryPoint\",\"urlTemplate\":\"https:\/\/magistrae.com\/?s={search_term_string}\"},\"query-input\":\"required name=search_term_string\"}],\"inLanguage\":\"es\"},{\"@type\":\"Organization\",\"@id\":\"https:\/\/magistrae.com\/#organization\",\"name\":\"Magistrae\",\"url\":\"https:\/\/magistrae.com\/\",\"logo\":{\"@type\":\"ImageObject\",\"inLanguage\":\"es\",\"@id\":\"https:\/\/magistrae.com\/#\/schema\/logo\/image\/\",\"url\":\"https:\/\/magistrae.com\/wp-content\/uploads\/sites\/413\/2026\/03\/9_Magistrae.jpg\",\"contentUrl\":\"https:\/\/magistrae.com\/wp-content\/uploads\/sites\/413\/2026\/03\/9_Magistrae.jpg\",\"width\":2000,\"height\":2000,\"caption\":\"Magistrae\"},\"image\":{\"@id\":\"https:\/\/magistrae.com\/#\/schema\/logo\/image\/\"}},{\"@type\":\"Person\",\"@id\":\"https:\/\/magistrae.com\/#\/schema\/person\/d52888235fd6563bd07d97185d6a61e4\",\"name\":\"Bruno Gianni\",\"image\":{\"@type\":\"ImageObject\",\"inLanguage\":\"es\",\"@id\":\"https:\/\/magistrae.com\/#\/schema\/person\/image\/\",\"url\":\"https:\/\/secure.gravatar.com\/avatar\/0f5d42d7bf77874643c1478932860e3f?s=96&d=mm&r=g\",\"contentUrl\":\"https:\/\/secure.gravatar.com\/avatar\/0f5d42d7bf77874643c1478932860e3f?s=96&d=mm&r=g\",\"caption\":\"Bruno Gianni\"},\"description\":\"Bruno writes the way he lives, with curiosity, care, and respect for people. He likes to observe, listen, and try to understand what is happening on the other side before putting any words on the page.For him, writing is not about impressing, but about getting closer. It is about turning thoughts into something simple, clear, and real. Every text is an ongoing conversation, created with care and honesty, with the sincere intention of touching someone, somewhere along the way.\",\"url\":\"https:\/\/magistrae.com\/es\/author\/bcgianni\/\"}]}<\/script>\n<!-- \/ Yoast SEO plugin. -->","yoast_head_json":{"title":"Director Adjunto de Log\u00edstica: destaque para crescimento e impacto - Magistrae","robots":{"index":"index","follow":"follow","max-snippet":"max-snippet:-1","max-image-preview":"max-image-preview:large","max-video-preview":"max-video-preview:-1"},"canonical":"https:\/\/magistrae.com\/es\/6c5e2806-3994-4ca7-b4ed-a6acbe0311d5\/","og_locale":"es_ES","og_type":"article","og_title":"Director Adjunto de Log\u00edstica: destaque para crescimento e impacto - Magistrae","og_description":"Vaga de Director Adjunto de Log\u00edstica para profissionais ambiciosos, com experi\u00eancia em lideran\u00e7a e inova\u00e7\u00e3o. Cres\u00e7a numa grande empresa com oportunidade de impactar processos log\u00edsticos.","og_url":"https:\/\/magistrae.com\/es\/6c5e2806-3994-4ca7-b4ed-a6acbe0311d5\/","og_site_name":"Magistrae","article_published_time":"2026-04-02T02:16:00+00:00","article_modified_time":"2026-04-02T02:16:32+00:00","author":"Bruno Gianni","twitter_card":"summary_large_image","twitter_misc":{"Written by":"Bruno Gianni","Est. reading time":"3 minutos"},"schema":{"@context":"https:\/\/schema.org","@graph":[{"@type":"Article","@id":"https:\/\/magistrae.com\/6c5e2806-3994-4ca7-b4ed-a6acbe0311d5\/#article","isPartOf":{"@id":"https:\/\/magistrae.com\/6c5e2806-3994-4ca7-b4ed-a6acbe0311d5\/"},"author":{"name":"Bruno Gianni","@id":"https:\/\/magistrae.com\/#\/schema\/person\/d52888235fd6563bd07d97185d6a61e4"},"headline":"Director Adjunto de Log\u00edstica: destaque para crescimento e impacto","datePublished":"2026-04-02T02:16:00+00:00","dateModified":"2026-04-02T02:16:32+00:00","mainEntityOfPage":{"@id":"https:\/\/magistrae.com\/6c5e2806-3994-4ca7-b4ed-a6acbe0311d5\/"},"wordCount":546,"commentCount":0,"publisher":{"@id":"https:\/\/magistrae.com\/#organization"},"articleSection":["Hidden"],"inLanguage":"es","potentialAction":[{"@type":"CommentAction","name":"Comment","target":["https:\/\/magistrae.com\/6c5e2806-3994-4ca7-b4ed-a6acbe0311d5\/#respond"]}]},{"@type":"WebPage","@id":"https:\/\/magistrae.com\/6c5e2806-3994-4ca7-b4ed-a6acbe0311d5\/","url":"https:\/\/magistrae.com\/6c5e2806-3994-4ca7-b4ed-a6acbe0311d5\/","name":"Director Adjunto de Log\u00edstica: destaque para crescimento e impacto - Magistrae","isPartOf":{"@id":"https:\/\/magistrae.com\/#website"},"datePublished":"2026-04-02T02:16:00+00:00","dateModified":"2026-04-02T02:16:32+00:00","breadcrumb":{"@id":"https:\/\/magistrae.com\/6c5e2806-3994-4ca7-b4ed-a6acbe0311d5\/#breadcrumb"},"inLanguage":"es","potentialAction":[{"@type":"ReadAction","target":["https:\/\/magistrae.com\/6c5e2806-3994-4ca7-b4ed-a6acbe0311d5\/"]}]},{"@type":"BreadcrumbList","@id":"https:\/\/magistrae.com\/6c5e2806-3994-4ca7-b4ed-a6acbe0311d5\/#breadcrumb","itemListElement":[{"@type":"ListItem","position":1,"name":"Home","item":"https:\/\/magistrae.com\/"},{"@type":"ListItem","position":2,"name":"Director Adjunto de Log\u00edstica: destaque para crescimento e impacto"}]},{"@type":"WebSite","@id":"https:\/\/magistrae.com\/#website","url":"https:\/\/magistrae.com\/","name":"Magistrae","description":"","publisher":{"@id":"https:\/\/magistrae.com\/#organization"},"potentialAction":[{"@type":"SearchAction","target":{"@type":"EntryPoint","urlTemplate":"https:\/\/magistrae.com\/?s={search_term_string}"},"query-input":"required name=search_term_string"}],"inLanguage":"es"},{"@type":"Organization","@id":"https:\/\/magistrae.com\/#organization","name":"Magistrae","url":"https:\/\/magistrae.com\/","logo":{"@type":"ImageObject","inLanguage":"es","@id":"https:\/\/magistrae.com\/#\/schema\/logo\/image\/","url":"https:\/\/magistrae.com\/wp-content\/uploads\/sites\/413\/2026\/03\/9_Magistrae.jpg","contentUrl":"https:\/\/magistrae.com\/wp-content\/uploads\/sites\/413\/2026\/03\/9_Magistrae.jpg","width":2000,"height":2000,"caption":"Magistrae"},"image":{"@id":"https:\/\/magistrae.com\/#\/schema\/logo\/image\/"}},{"@type":"Person","@id":"https:\/\/magistrae.com\/#\/schema\/person\/d52888235fd6563bd07d97185d6a61e4","name":"Bruno Gianni","image":{"@type":"ImageObject","inLanguage":"es","@id":"https:\/\/magistrae.com\/#\/schema\/person\/image\/","url":"https:\/\/secure.gravatar.com\/avatar\/0f5d42d7bf77874643c1478932860e3f?s=96&d=mm&r=g","contentUrl":"https:\/\/secure.gravatar.com\/avatar\/0f5d42d7bf77874643c1478932860e3f?s=96&d=mm&r=g","caption":"Bruno Gianni"},"description":"Bruno writes the way he lives, with curiosity, care, and respect for people. He likes to observe, listen, and try to understand what is happening on the other side before putting any words on the page.For him, writing is not about impressing, but about getting closer. It is about turning thoughts into something simple, clear, and real. Every text is an ongoing conversation, created with care and honesty, with the sincere intention of touching someone, somewhere along the way.","url":"https:\/\/magistrae.com\/es\/author\/bcgianni\/"}]}},"uagb_featured_image_src":{"full":false,"thumbnail":false,"medium":false,"medium_large":false,"large":false,"1536x1536":false,"2048x2048":false,"trp-custom-language-flag":false},"uagb_author_info":{"display_name":"Bruno Gianni","author_link":"https:\/\/magistrae.com\/es\/author\/bcgianni\/"},"uagb_comment_info":0,"uagb_excerpt":"Vaga de Director Adjunto de Log\u00edstica para profissionais ambiciosos, com experi\u00eancia em lideran\u00e7a e inova\u00e7\u00e3o. Cres\u00e7a numa grande empresa com oportunidade de impactar processos log\u00edsticos.","_links":{"self":[{"href":"https:\/\/magistrae.com\/es\/wp-json\/wp\/v2\/posts\/11321"}],"collection":[{"href":"https:\/\/magistrae.com\/es\/wp-json\/wp\/v2\/posts"}],"about":[{"href":"https:\/\/magistrae.com\/es\/wp-json\/wp\/v2\/types\/post"}],"author":[{"embeddable":true,"href":"https:\/\/magistrae.com\/es\/wp-json\/wp\/v2\/users\/3"}],"replies":[{"embeddable":true,"href":"https:\/\/magistrae.com\/es\/wp-json\/wp\/v2\/comments?post=11321"}],"version-history":[{"count":1,"href":"https:\/\/magistrae.com\/es\/wp-json\/wp\/v2\/posts\/11321\/revisions"}],"predecessor-version":[{"id":11331,"href":"https:\/\/magistrae.com\/es\/wp-json\/wp\/v2\/posts\/11321\/revisions\/11331"}],"wp:attachment":[{"href":"https:\/\/magistrae.com\/es\/wp-json\/wp\/v2\/media?parent=11321"}],"wp:term":[{"taxonomy":"category","embeddable":true,"href":"https:\/\/magistrae.com\/es\/wp-json\/wp\/v2\/categories?post=11321"},{"taxonomy":"post_tag","embeddable":true,"href":"https:\/\/magistrae.com\/es\/wp-json\/wp\/v2\/tags?post=11321"}],"curies":[{"name":"wp","href":"https:\/\/api.w.org\/{rel}","templated":true}]}}