{"id":11319,"date":"2026-04-02T02:16:00","date_gmt":"2026-04-02T02:16:00","guid":{"rendered":"https:\/\/magistrae.com\/8ee36bb2-d73e-44a7-b235-70996d04b967\/"},"modified":"2026-04-02T02:16:09","modified_gmt":"2026-04-02T02:16:09","slug":"8ee36bb2-d73e-44a7-b235-70996d04b967","status":"publish","type":"post","link":"https:\/\/magistrae.com\/es\/8ee36bb2-d73e-44a7-b235-70996d04b967\/","title":{"rendered":"Respons\u00e1vel de Log\u00edstica e Estaleiro: Lideran\u00e7a, Equipa &#038; Organiza\u00e7\u00e3o"},"content":{"rendered":"<\/p>\n<\/p>\n<div style=\"background: #ffffff; border-radius: 12px; box-shadow: 0 10px 30px rgba(0, 0, 0, 0.1); width: 100%; max-width: 340px; padding: 25px; transition: transform 0.3s ease-in-out; overflow: visible; display: flex; flex-direction: column; position: relative; border: 1px solid #28a745; margin-top: 70px; margin-bottom: 50px; margin-left: auto; margin-right: auto;\">\n<div style=\"position: absolute; top: -35px; right: 15px; color: #28a745; padding: 5px 10px; border-radius: 6px; font-size: 14px; font-weight: bold; display: flex; align-items: center; z-index: 10;\">Recomendado para si<\/div>\n<div data-namespace-header=\"\" style=\"\">\n<h3 data-namespace-title=\"\" style=\"color: #333; font-size: 20px; font-weight: bold; text-align: left; margin-right: 50px; min-height: 50px; margin-top: 0px;\">Respons\u00e1vel de Log\u00edstica e Estaleiro<\/h3>\n<\/p><\/div>\n<p data-namespace-prompt=\"\" style=\"font-size: 16px; color: #666; margin-bottom: 20px; line-height: 1.5; flex-grow: 1; text-align: left; margin-top: 0px;\">Coordena\u00e7\u00e3o de equipa, gest\u00e3o de armaz\u00e9m e equipamentos, supervis\u00e3o de abastecimentos essenciais e contacto com autoridades. Lideran\u00e7a com valoriza\u00e7\u00e3o de experi\u00eancia log\u00edstica.<\/p>\n<p>    <a data-namespace-url=\"\" href=\"https:\/\/magistrae.com\/es\/redirect\/?https:\/\/jobs.keptpeople.com\/jobs\/responsavel-de-logistica-e-estaleiro-viana-angola-322721d2-88c0-4f91-a8d5-6010b86126ee?utm_campaign=google_jobs_apply&#038;utm_source=google_jobs_apply&#038;utm_medium=organic\" style=\"width: 100%; display: inline-block; color: white; text-decoration: none; border-radius: 6px; font-size: 16px; font-weight: bold; text-align: center; transition: transform 0.3s ease, background 0.3s ease; margin-top: auto;\" data-namespace-id=\"5c0d2565-3ba9-4280-a382-ad2a691e2285\"><br \/>\n        <button style=\"width: 100%; height: 55px; background: #e9e9ed; border: 1px solid black; color: black;\">Candidatar-se \u00e0 vaga<\/button><br \/>\n    <\/a><br \/>\n    <small style=\"margin-top: 10px; color: #777; font-size: 12px; text-align: center; display: block;\">Ser\u00e1 redirecionado para outro website<\/small>\n<\/div>\n<h2>Fun\u00e7\u00f5es e Responsabilidades Di\u00e1rias<\/h2>\n<p>O cargo exige organiza\u00e7\u00e3o e controlo constante de materiais e equipamentos, assegurando o bom funcionamento do estaleiro e dos armaz\u00e9ns.<\/p>\n<p>Liderar uma equipa com cerca de 15 colaboradores, promovendo o cumprimento de objetivos e a seguran\u00e7a nas opera\u00e7\u00f5es \u00e9 priorit\u00e1rio.<\/p>\n<p>Supervisionar o abastecimento de consum\u00edveis essenciais e garantir a intera\u00e7\u00e3o fluida com autoridades locais \u00e9 fundamental neste papel.<\/p>\n<p>Gerir a entrada e sa\u00edda de materiais, assim como o correto armazenamento, ajuda a prevenir perdas e danos ao patrim\u00f3nio da empresa.<\/p>\n<p>Auxiliar na manuten\u00e7\u00e3o das m\u00e1quinas e apoiar na \u00e1rea de procurement nacional e internacional completa o dia-a-dia deste desafio.<\/p>\n<h2>Pontos Fortes da Oportunidade<\/h2>\n<p>Ter\u00e1 oportunidade de liderar uma equipa, aumentando as suas compet\u00eancias de lideran\u00e7a em ambiente din\u00e2mico do setor da constru\u00e7\u00e3o.<\/p>\n<p>Este posto valoriza autonomia e iniciativa, possibilitando crescimento pessoal e otimiza\u00e7\u00e3o de processos internos na log\u00edstica e armaz\u00e9m.<\/p>\n<h2>Desafios a Considerar<\/h2>\n<p>\u00c9 esperado um n\u00edvel elevado de responsabilidade no controlo de materiais e efici\u00eancia de equipa, exigindo dedica\u00e7\u00e3o e disciplina di\u00e1ria.<\/p>\n<p>Pode ser desafiante equilibrar as exig\u00eancias log\u00edsticas com a burocracia ligada a contactos frequentes com diferentes autoridades locais.<\/p>\n<h2>Veredito Final<\/h2>\n<p>Esta fun\u00e7\u00e3o \u00e9 indicada para profissionais organizados, com iniciativa, capacidade de liderar equipas e experi\u00eancia comprovada em log\u00edstica.<\/p>\n<p>Se tem perfil de lideran\u00e7a, procura evolu\u00e7\u00e3o no setor e gosta de tarefas variadas, esta \u00e9 uma oportunidade s\u00f3lida a considerar.<\/p>\n<div style=\"background: #ffffff; border-radius: 12px; box-shadow: 0 10px 30px rgba(0, 0, 0, 0.1); width: 100%; max-width: 340px; padding: 25px; transition: transform 0.3s ease-in-out; overflow: visible; display: flex; flex-direction: column; position: relative; border: 1px solid #28a745; margin-top: 70px; margin-bottom: 50px; margin-left: auto; margin-right: auto;\">\n<div style=\"position: absolute; top: -35px; right: 15px; color: #28a745; padding: 5px 10px; border-radius: 6px; font-size: 14px; font-weight: bold; display: flex; align-items: center; z-index: 10;\">Recomendado para si<\/div>\n<div data-namespace-header=\"\" style=\"\">\n<h3 data-namespace-title=\"\" style=\"color: #333; font-size: 20px; font-weight: bold; text-align: left; margin-right: 50px; min-height: 50px; margin-top: 0px;\">Respons\u00e1vel de Log\u00edstica e Estaleiro<\/h3>\n<\/p><\/div>\n<p data-namespace-prompt=\"\" style=\"font-size: 16px; color: #666; margin-bottom: 20px; line-height: 1.5; flex-grow: 1; text-align: left; margin-top: 0px;\">Coordena\u00e7\u00e3o de equipa, gest\u00e3o de armaz\u00e9m e equipamentos, supervis\u00e3o de abastecimentos essenciais e contacto com autoridades. Lideran\u00e7a com valoriza\u00e7\u00e3o de experi\u00eancia log\u00edstica.<\/p>\n<p>    <a data-namespace-url=\"\" href=\"https:\/\/magistrae.com\/es\/redirect\/?https:\/\/jobs.keptpeople.com\/jobs\/responsavel-de-logistica-e-estaleiro-viana-angola-322721d2-88c0-4f91-a8d5-6010b86126ee?utm_campaign=google_jobs_apply&#038;utm_source=google_jobs_apply&#038;utm_medium=organic\" style=\"width: 100%; display: inline-block; color: white; text-decoration: none; border-radius: 6px; font-size: 16px; font-weight: bold; text-align: center; transition: transform 0.3s ease, background 0.3s ease; margin-top: auto;\" data-namespace-id=\"5c0d2565-3ba9-4280-a382-ad2a691e2285\"><br \/>\n        <button style=\"width: 100%; height: 55px; background: #e9e9ed; border: 1px solid black; color: black;\">Candidatar-se \u00e0 vaga<\/button><br \/>\n    <\/a><br \/>\n    <small style=\"margin-top: 10px; color: #777; font-size: 12px; text-align: center; display: block;\">Ser\u00e1 redirecionado para outro website<\/small>\n<\/div>","protected":false},"excerpt":{"rendered":"<p>Descubra os detalhes da vaga Respons\u00e1vel de Log\u00edstica e Estaleiro: perfil de lideran\u00e7a, gest\u00e3o de equipa, pontos fortes e desafios nesta an\u00e1lise imparcial para quem deseja candidatar-se<\/p>","protected":false},"author":3,"featured_media":0,"comment_status":"open","ping_status":"open","sticky":false,"template":"","format":"standard","meta":{"_uag_custom_page_level_css":"","site-sidebar-layout":"default","site-content-layout":"","ast-site-content-layout":"","site-content-style":"default","site-sidebar-style":"default","ast-global-header-display":"","ast-banner-title-visibility":"","ast-main-header-display":"","ast-hfb-above-header-display":"","ast-hfb-below-header-display":"","ast-hfb-mobile-header-display":"","site-post-title":"","ast-breadcrumbs-content":"","ast-featured-img":"","footer-sml-layout":"","theme-transparent-header-meta":"","adv-header-id-meta":"","stick-header-meta":"","header-above-stick-meta":"","header-main-stick-meta":"","header-below-stick-meta":"","astra-migrate-meta-layouts":"default","ast-page-background-enabled":"default","ast-page-background-meta":{"desktop":{"background-color":"var(--ast-global-color-4)","background-image":"","background-repeat":"repeat","background-position":"center center","background-size":"auto","background-attachment":"scroll","background-type":"","background-media":"","overlay-type":"","overlay-color":"","overlay-opacity":"","overlay-gradient":""},"tablet":{"background-color":"","background-image":"","background-repeat":"repeat","background-position":"center center","background-size":"auto","background-attachment":"scroll","background-type":"","background-media":"","overlay-type":"","overlay-color":"","overlay-opacity":"","overlay-gradient":""},"mobile":{"background-color":"","background-image":"","background-repeat":"repeat","background-position":"center center","background-size":"auto","background-attachment":"scroll","background-type":"","background-media":"","overlay-type":"","overlay-color":"","overlay-opacity":"","overlay-gradient":""}},"ast-content-background-meta":{"desktop":{"background-color":"var(--ast-global-color-5)","background-image":"","background-repeat":"repeat","background-position":"center center","background-size":"auto","background-attachment":"scroll","background-type":"","background-media":"","overlay-type":"","overlay-color":"","overlay-opacity":"","overlay-gradient":""},"tablet":{"background-color":"var(--ast-global-color-5)","background-image":"","background-repeat":"repeat","background-position":"center center","background-size":"auto","background-attachment":"scroll","background-type":"","background-media":"","overlay-type":"","overlay-color":"","overlay-opacity":"","overlay-gradient":""},"mobile":{"background-color":"var(--ast-global-color-5)","background-image":"","background-repeat":"repeat","background-position":"center center","background-size":"auto","background-attachment":"scroll","background-type":"","background-media":"","overlay-type":"","overlay-color":"","overlay-opacity":"","overlay-gradient":""}},"footnotes":""},"categories":[14],"tags":[],"yoast_head":"<!-- This site is optimized with the Yoast SEO plugin v23.3 - https:\/\/yoast.com\/wordpress\/plugins\/seo\/ -->\n<title>Respons\u00e1vel de Log\u00edstica e Estaleiro: Lideran\u00e7a, Equipa &amp; Organiza\u00e7\u00e3o - Magistrae<\/title>\n<meta name=\"robots\" content=\"index, follow, max-snippet:-1, max-image-preview:large, max-video-preview:-1\" \/>\n<link rel=\"canonical\" href=\"https:\/\/magistrae.com\/es\/8ee36bb2-d73e-44a7-b235-70996d04b967\/\" \/>\n<meta property=\"og:locale\" content=\"es_ES\" \/>\n<meta property=\"og:type\" content=\"article\" \/>\n<meta property=\"og:title\" content=\"Respons\u00e1vel de Log\u00edstica e Estaleiro: Lideran\u00e7a, Equipa &amp; Organiza\u00e7\u00e3o - Magistrae\" \/>\n<meta property=\"og:description\" content=\"Descubra os detalhes da vaga Respons\u00e1vel de Log\u00edstica e Estaleiro: perfil de lideran\u00e7a, gest\u00e3o de equipa, pontos fortes e desafios nesta an\u00e1lise imparcial para quem deseja candidatar-se\" \/>\n<meta property=\"og:url\" content=\"https:\/\/magistrae.com\/es\/8ee36bb2-d73e-44a7-b235-70996d04b967\/\" \/>\n<meta property=\"og:site_name\" content=\"Magistrae\" \/>\n<meta property=\"article:published_time\" content=\"2026-04-02T02:16:00+00:00\" \/>\n<meta property=\"article:modified_time\" content=\"2026-04-02T02:16:09+00:00\" \/>\n<meta name=\"author\" content=\"Bruno Gianni\" \/>\n<meta name=\"twitter:card\" content=\"summary_large_image\" \/>\n<meta name=\"twitter:label1\" content=\"Written by\" \/>\n\t<meta name=\"twitter:data1\" content=\"Bruno Gianni\" \/>\n\t<meta name=\"twitter:label2\" content=\"Est. reading time\" \/>\n\t<meta name=\"twitter:data2\" content=\"2 minutos\" \/>\n<script type=\"application\/ld+json\" class=\"yoast-schema-graph\">{\"@context\":\"https:\/\/schema.org\",\"@graph\":[{\"@type\":\"Article\",\"@id\":\"https:\/\/magistrae.com\/8ee36bb2-d73e-44a7-b235-70996d04b967\/#article\",\"isPartOf\":{\"@id\":\"https:\/\/magistrae.com\/8ee36bb2-d73e-44a7-b235-70996d04b967\/\"},\"author\":{\"name\":\"Bruno Gianni\",\"@id\":\"https:\/\/magistrae.com\/#\/schema\/person\/d52888235fd6563bd07d97185d6a61e4\"},\"headline\":\"Respons\u00e1vel de Log\u00edstica e Estaleiro: Lideran\u00e7a, Equipa &#038; Organiza\u00e7\u00e3o\",\"datePublished\":\"2026-04-02T02:16:00+00:00\",\"dateModified\":\"2026-04-02T02:16:09+00:00\",\"mainEntityOfPage\":{\"@id\":\"https:\/\/magistrae.com\/8ee36bb2-d73e-44a7-b235-70996d04b967\/\"},\"wordCount\":358,\"commentCount\":0,\"publisher\":{\"@id\":\"https:\/\/magistrae.com\/#organization\"},\"articleSection\":[\"Hidden\"],\"inLanguage\":\"es\",\"potentialAction\":[{\"@type\":\"CommentAction\",\"name\":\"Comment\",\"target\":[\"https:\/\/magistrae.com\/8ee36bb2-d73e-44a7-b235-70996d04b967\/#respond\"]}]},{\"@type\":\"WebPage\",\"@id\":\"https:\/\/magistrae.com\/8ee36bb2-d73e-44a7-b235-70996d04b967\/\",\"url\":\"https:\/\/magistrae.com\/8ee36bb2-d73e-44a7-b235-70996d04b967\/\",\"name\":\"Respons\u00e1vel de Log\u00edstica e Estaleiro: Lideran\u00e7a, Equipa & Organiza\u00e7\u00e3o - Magistrae\",\"isPartOf\":{\"@id\":\"https:\/\/magistrae.com\/#website\"},\"datePublished\":\"2026-04-02T02:16:00+00:00\",\"dateModified\":\"2026-04-02T02:16:09+00:00\",\"breadcrumb\":{\"@id\":\"https:\/\/magistrae.com\/8ee36bb2-d73e-44a7-b235-70996d04b967\/#breadcrumb\"},\"inLanguage\":\"es\",\"potentialAction\":[{\"@type\":\"ReadAction\",\"target\":[\"https:\/\/magistrae.com\/8ee36bb2-d73e-44a7-b235-70996d04b967\/\"]}]},{\"@type\":\"BreadcrumbList\",\"@id\":\"https:\/\/magistrae.com\/8ee36bb2-d73e-44a7-b235-70996d04b967\/#breadcrumb\",\"itemListElement\":[{\"@type\":\"ListItem\",\"position\":1,\"name\":\"Home\",\"item\":\"https:\/\/magistrae.com\/\"},{\"@type\":\"ListItem\",\"position\":2,\"name\":\"Respons\u00e1vel de Log\u00edstica e Estaleiro: Lideran\u00e7a, Equipa &#038; Organiza\u00e7\u00e3o\"}]},{\"@type\":\"WebSite\",\"@id\":\"https:\/\/magistrae.com\/#website\",\"url\":\"https:\/\/magistrae.com\/\",\"name\":\"Magistrae\",\"description\":\"\",\"publisher\":{\"@id\":\"https:\/\/magistrae.com\/#organization\"},\"potentialAction\":[{\"@type\":\"SearchAction\",\"target\":{\"@type\":\"EntryPoint\",\"urlTemplate\":\"https:\/\/magistrae.com\/?s={search_term_string}\"},\"query-input\":\"required name=search_term_string\"}],\"inLanguage\":\"es\"},{\"@type\":\"Organization\",\"@id\":\"https:\/\/magistrae.com\/#organization\",\"name\":\"Magistrae\",\"url\":\"https:\/\/magistrae.com\/\",\"logo\":{\"@type\":\"ImageObject\",\"inLanguage\":\"es\",\"@id\":\"https:\/\/magistrae.com\/#\/schema\/logo\/image\/\",\"url\":\"https:\/\/magistrae.com\/wp-content\/uploads\/sites\/413\/2026\/03\/9_Magistrae.jpg\",\"contentUrl\":\"https:\/\/magistrae.com\/wp-content\/uploads\/sites\/413\/2026\/03\/9_Magistrae.jpg\",\"width\":2000,\"height\":2000,\"caption\":\"Magistrae\"},\"image\":{\"@id\":\"https:\/\/magistrae.com\/#\/schema\/logo\/image\/\"}},{\"@type\":\"Person\",\"@id\":\"https:\/\/magistrae.com\/#\/schema\/person\/d52888235fd6563bd07d97185d6a61e4\",\"name\":\"Bruno Gianni\",\"image\":{\"@type\":\"ImageObject\",\"inLanguage\":\"es\",\"@id\":\"https:\/\/magistrae.com\/#\/schema\/person\/image\/\",\"url\":\"https:\/\/secure.gravatar.com\/avatar\/0f5d42d7bf77874643c1478932860e3f?s=96&d=mm&r=g\",\"contentUrl\":\"https:\/\/secure.gravatar.com\/avatar\/0f5d42d7bf77874643c1478932860e3f?s=96&d=mm&r=g\",\"caption\":\"Bruno Gianni\"},\"description\":\"Bruno writes the way he lives, with curiosity, care, and respect for people. He likes to observe, listen, and try to understand what is happening on the other side before putting any words on the page.For him, writing is not about impressing, but about getting closer. It is about turning thoughts into something simple, clear, and real. Every text is an ongoing conversation, created with care and honesty, with the sincere intention of touching someone, somewhere along the way.\",\"url\":\"https:\/\/magistrae.com\/es\/author\/bcgianni\/\"}]}<\/script>\n<!-- \/ Yoast SEO plugin. -->","yoast_head_json":{"title":"Respons\u00e1vel de Log\u00edstica e Estaleiro: Lideran\u00e7a, Equipa & Organiza\u00e7\u00e3o - Magistrae","robots":{"index":"index","follow":"follow","max-snippet":"max-snippet:-1","max-image-preview":"max-image-preview:large","max-video-preview":"max-video-preview:-1"},"canonical":"https:\/\/magistrae.com\/es\/8ee36bb2-d73e-44a7-b235-70996d04b967\/","og_locale":"es_ES","og_type":"article","og_title":"Respons\u00e1vel de Log\u00edstica e Estaleiro: Lideran\u00e7a, Equipa & Organiza\u00e7\u00e3o - Magistrae","og_description":"Descubra os detalhes da vaga Respons\u00e1vel de Log\u00edstica e Estaleiro: perfil de lideran\u00e7a, gest\u00e3o de equipa, pontos fortes e desafios nesta an\u00e1lise imparcial para quem deseja candidatar-se","og_url":"https:\/\/magistrae.com\/es\/8ee36bb2-d73e-44a7-b235-70996d04b967\/","og_site_name":"Magistrae","article_published_time":"2026-04-02T02:16:00+00:00","article_modified_time":"2026-04-02T02:16:09+00:00","author":"Bruno Gianni","twitter_card":"summary_large_image","twitter_misc":{"Written by":"Bruno Gianni","Est. reading time":"2 minutos"},"schema":{"@context":"https:\/\/schema.org","@graph":[{"@type":"Article","@id":"https:\/\/magistrae.com\/8ee36bb2-d73e-44a7-b235-70996d04b967\/#article","isPartOf":{"@id":"https:\/\/magistrae.com\/8ee36bb2-d73e-44a7-b235-70996d04b967\/"},"author":{"name":"Bruno Gianni","@id":"https:\/\/magistrae.com\/#\/schema\/person\/d52888235fd6563bd07d97185d6a61e4"},"headline":"Respons\u00e1vel de Log\u00edstica e Estaleiro: Lideran\u00e7a, Equipa &#038; Organiza\u00e7\u00e3o","datePublished":"2026-04-02T02:16:00+00:00","dateModified":"2026-04-02T02:16:09+00:00","mainEntityOfPage":{"@id":"https:\/\/magistrae.com\/8ee36bb2-d73e-44a7-b235-70996d04b967\/"},"wordCount":358,"commentCount":0,"publisher":{"@id":"https:\/\/magistrae.com\/#organization"},"articleSection":["Hidden"],"inLanguage":"es","potentialAction":[{"@type":"CommentAction","name":"Comment","target":["https:\/\/magistrae.com\/8ee36bb2-d73e-44a7-b235-70996d04b967\/#respond"]}]},{"@type":"WebPage","@id":"https:\/\/magistrae.com\/8ee36bb2-d73e-44a7-b235-70996d04b967\/","url":"https:\/\/magistrae.com\/8ee36bb2-d73e-44a7-b235-70996d04b967\/","name":"Respons\u00e1vel de Log\u00edstica e Estaleiro: Lideran\u00e7a, Equipa & Organiza\u00e7\u00e3o - Magistrae","isPartOf":{"@id":"https:\/\/magistrae.com\/#website"},"datePublished":"2026-04-02T02:16:00+00:00","dateModified":"2026-04-02T02:16:09+00:00","breadcrumb":{"@id":"https:\/\/magistrae.com\/8ee36bb2-d73e-44a7-b235-70996d04b967\/#breadcrumb"},"inLanguage":"es","potentialAction":[{"@type":"ReadAction","target":["https:\/\/magistrae.com\/8ee36bb2-d73e-44a7-b235-70996d04b967\/"]}]},{"@type":"BreadcrumbList","@id":"https:\/\/magistrae.com\/8ee36bb2-d73e-44a7-b235-70996d04b967\/#breadcrumb","itemListElement":[{"@type":"ListItem","position":1,"name":"Home","item":"https:\/\/magistrae.com\/"},{"@type":"ListItem","position":2,"name":"Respons\u00e1vel de Log\u00edstica e Estaleiro: Lideran\u00e7a, Equipa &#038; Organiza\u00e7\u00e3o"}]},{"@type":"WebSite","@id":"https:\/\/magistrae.com\/#website","url":"https:\/\/magistrae.com\/","name":"Magistrae","description":"","publisher":{"@id":"https:\/\/magistrae.com\/#organization"},"potentialAction":[{"@type":"SearchAction","target":{"@type":"EntryPoint","urlTemplate":"https:\/\/magistrae.com\/?s={search_term_string}"},"query-input":"required name=search_term_string"}],"inLanguage":"es"},{"@type":"Organization","@id":"https:\/\/magistrae.com\/#organization","name":"Magistrae","url":"https:\/\/magistrae.com\/","logo":{"@type":"ImageObject","inLanguage":"es","@id":"https:\/\/magistrae.com\/#\/schema\/logo\/image\/","url":"https:\/\/magistrae.com\/wp-content\/uploads\/sites\/413\/2026\/03\/9_Magistrae.jpg","contentUrl":"https:\/\/magistrae.com\/wp-content\/uploads\/sites\/413\/2026\/03\/9_Magistrae.jpg","width":2000,"height":2000,"caption":"Magistrae"},"image":{"@id":"https:\/\/magistrae.com\/#\/schema\/logo\/image\/"}},{"@type":"Person","@id":"https:\/\/magistrae.com\/#\/schema\/person\/d52888235fd6563bd07d97185d6a61e4","name":"Bruno Gianni","image":{"@type":"ImageObject","inLanguage":"es","@id":"https:\/\/magistrae.com\/#\/schema\/person\/image\/","url":"https:\/\/secure.gravatar.com\/avatar\/0f5d42d7bf77874643c1478932860e3f?s=96&d=mm&r=g","contentUrl":"https:\/\/secure.gravatar.com\/avatar\/0f5d42d7bf77874643c1478932860e3f?s=96&d=mm&r=g","caption":"Bruno Gianni"},"description":"Bruno writes the way he lives, with curiosity, care, and respect for people. He likes to observe, listen, and try to understand what is happening on the other side before putting any words on the page.For him, writing is not about impressing, but about getting closer. It is about turning thoughts into something simple, clear, and real. Every text is an ongoing conversation, created with care and honesty, with the sincere intention of touching someone, somewhere along the way.","url":"https:\/\/magistrae.com\/es\/author\/bcgianni\/"}]}},"uagb_featured_image_src":{"full":false,"thumbnail":false,"medium":false,"medium_large":false,"large":false,"1536x1536":false,"2048x2048":false,"trp-custom-language-flag":false},"uagb_author_info":{"display_name":"Bruno Gianni","author_link":"https:\/\/magistrae.com\/es\/author\/bcgianni\/"},"uagb_comment_info":0,"uagb_excerpt":"Descubra os detalhes da vaga Respons\u00e1vel de Log\u00edstica e Estaleiro: perfil de lideran\u00e7a, gest\u00e3o de equipa, pontos fortes e desafios nesta an\u00e1lise imparcial para quem deseja candidatar-se","_links":{"self":[{"href":"https:\/\/magistrae.com\/es\/wp-json\/wp\/v2\/posts\/11319"}],"collection":[{"href":"https:\/\/magistrae.com\/es\/wp-json\/wp\/v2\/posts"}],"about":[{"href":"https:\/\/magistrae.com\/es\/wp-json\/wp\/v2\/types\/post"}],"author":[{"embeddable":true,"href":"https:\/\/magistrae.com\/es\/wp-json\/wp\/v2\/users\/3"}],"replies":[{"embeddable":true,"href":"https:\/\/magistrae.com\/es\/wp-json\/wp\/v2\/comments?post=11319"}],"version-history":[{"count":1,"href":"https:\/\/magistrae.com\/es\/wp-json\/wp\/v2\/posts\/11319\/revisions"}],"predecessor-version":[{"id":11329,"href":"https:\/\/magistrae.com\/es\/wp-json\/wp\/v2\/posts\/11319\/revisions\/11329"}],"wp:attachment":[{"href":"https:\/\/magistrae.com\/es\/wp-json\/wp\/v2\/media?parent=11319"}],"wp:term":[{"taxonomy":"category","embeddable":true,"href":"https:\/\/magistrae.com\/es\/wp-json\/wp\/v2\/categories?post=11319"},{"taxonomy":"post_tag","embeddable":true,"href":"https:\/\/magistrae.com\/es\/wp-json\/wp\/v2\/tags?post=11319"}],"curies":[{"name":"wp","href":"https:\/\/api.w.org\/{rel}","templated":true}]}}